{"id":2983,"date":"2021-10-01T20:49:27","date_gmt":"2021-10-02T01:49:27","guid":{"rendered":"https:\/\/www.bbmnoticias.com\/labravaradiofm\/?p=2983"},"modified":"2021-10-01T20:49:28","modified_gmt":"2021-10-02T01:49:28","slug":"el-congreso-local-determino-que-elestacionamiento-en-las-plazas-comerciales-debe-ser-gratuito","status":"publish","type":"post","link":"https:\/\/www.bbmnoticias.com\/labravaradiofm\/2021\/10\/01\/el-congreso-local-determino-que-elestacionamiento-en-las-plazas-comerciales-debe-ser-gratuito\/","title":{"rendered":"El Congreso local determin\u00f3 que  elestacionamiento en las plazas comerciales debe ser gratuito"},"content":{"rendered":"<div style=\"margin-top: 0px; margin-bottom: 0px;\" class=\"sharethis-inline-share-buttons\" ><\/div>\n<p>En una reforma vanguardista con amplio beneficio a los compradores, el Congreso local decret\u00f3 que en el estado de Oaxaca <strong>el servicio de los estacionamientos ubicados en los centros comerciales, plazas, supermercados y tiendas de autoservicio, o cualquier otra instituci\u00f3n f\u00edsica o moral, deber\u00e1n ser gratuitos para sus clientes.<\/strong><\/p>\n\n\n\n<p>Mediante <strong>reformas y adiciones a los art\u00edculos 4, 24 Bis de la Ley de Movilidad para el estado de Oaxaca, se proh\u00edbe en cualquier modalidad el cobro de tarifas o cuotas por el resguardo de veh\u00edculos dentro de estos sitios.<\/strong><\/p>\n\n\n\n<p>La nueva redacci\u00f3n especifica que, trat\u00e1ndose de los estacionamientos ubicados en las empresas identificadas como centros comerciales en Oaxaca, plazas, supermercados y tiendas de autoservicio, o cualquier otra instituci\u00f3n f\u00edsica o moral, son considerados como privados y <strong>su servicio debe ser gratuito.<\/strong><\/p>\n\n\n\n<h2 class=\"wp-block-heading\">Si se compra en plazas, se est\u00e1 pagando el estacionamiento<\/h2>\n\n\n\n<p>Para efectos de esta ley, el Congreso local indic\u00f3 que se entiende como estacionamiento privado a aquel espacio f\u00edsico para satisfacer las necesidades de los individuos, instituciones y empresas, de sus clientes y visitantes, para el resguardo de veh\u00edculos, siempre que el servicio sea gratuito.<\/p>\n\n\n\n<ul class=\"wp-block-list\"><li>Con la modificaci\u00f3n <strong>se pone fin a los abusos de cobros excesivos por el uso de estacionamiento de centros comerciales<\/strong>, toda vez que <strong>cuando una persona realiza una compra en estos sitios, ya est\u00e1 pagando por el servicio.<\/strong><\/li><\/ul>\n\n\n\n<p>La reforma fue impulsada por las congresistas Elisa Zepeda Lagunas e In\u00e9s Leal Pel\u00e1ez, integrantes del Grupo Parlamentario de Morena; dictaminada por la Comisi\u00f3n Permanente de Movilidad, Comunicaciones y Transportes, y avalada por la C\u00e1mara de Diputadas y Diputados locales.<\/p>\n","protected":false},"excerpt":{"rendered":"<p>En una reforma vanguardista con amplio beneficio a los compradores, el Congreso local decret\u00f3 que en el estado de Oaxaca el servicio de los estacionamientos ubicados en los centros comerciales, plazas, supermercados y tiendas de autoservicio, o cualquier otra instituci\u00f3n f\u00edsica o moral, deber\u00e1n ser gratuitos para sus clientes. Mediante reformas y adiciones a los [&hellip;]<\/p>\n","protected":false},"author":4,"featured_media":2984,"comment_status":"closed","ping_status":"closed","sticky":false,"template":"","format":"standard","meta":{"footnotes":""},"categories":[2],"tags":[],"class_list":{"0":"post-2983","1":"post","2":"type-post","3":"status-publish","4":"format-standard","5":"has-post-thumbnail","7":"category-oaxaca"},"yoast_head":"<!-- This site is optimized with the Yoast SEO plugin v27.4 - https:\/\/yoast.com\/product\/yoast-seo-wordpress\/ -->\n<title>El Congreso local determin\u00f3 que elestacionamiento en las plazas comerciales debe ser gratuito - LA BRAVA RADIO<\/title>\n<meta name=\"robots\" content=\"index, follow, max-snippet:-1, max-image-preview:large, max-video-preview:-1\" \/>\n<link rel=\"canonical\" href=\"https:\/\/www.bbmnoticias.com\/labravaradiofm\/2021\/10\/01\/el-congreso-local-determino-que-elestacionamiento-en-las-plazas-comerciales-debe-ser-gratuito\/\" \/>\n<meta property=\"og:locale\" content=\"es_MX\" \/>\n<meta property=\"og:type\" content=\"article\" \/>\n<meta property=\"og:title\" content=\"El Congreso local determin\u00f3 que elestacionamiento en las plazas comerciales debe ser gratuito - LA BRAVA RADIO\" \/>\n<meta property=\"og:description\" content=\"En una reforma vanguardista con amplio beneficio a los compradores, el Congreso local decret\u00f3 que en el estado de Oaxaca el servicio de los estacionamientos ubicados en los centros comerciales, plazas, supermercados y tiendas de autoservicio, o cualquier otra instituci\u00f3n f\u00edsica o moral, deber\u00e1n ser gratuitos para sus clientes. Mediante reformas y adiciones a los [&hellip;]\" \/>\n<meta property=\"og:url\" content=\"https:\/\/www.bbmnoticias.com\/labravaradiofm\/2021\/10\/01\/el-congreso-local-determino-que-elestacionamiento-en-las-plazas-comerciales-debe-ser-gratuito\/\" \/>\n<meta property=\"og:site_name\" content=\"LA BRAVA RADIO\" \/>\n<meta property=\"article:published_time\" content=\"2021-10-02T01:49:27+00:00\" \/>\n<meta property=\"article:modified_time\" content=\"2021-10-02T01:49:28+00:00\" \/>\n<meta property=\"og:image\" content=\"https:\/\/www.bbmnoticias.com\/labravaradiofm\/wp-content\/uploads\/sites\/5\/2021\/10\/local01102021-43.jpg\" \/>\n\t<meta property=\"og:image:width\" content=\"1200\" \/>\n\t<meta property=\"og:image:height\" content=\"675\" \/>\n\t<meta property=\"og:image:type\" content=\"image\/jpeg\" \/>\n<meta name=\"author\" content=\"Agencias\" \/>\n<meta name=\"twitter:card\" content=\"summary_large_image\" \/>\n<meta name=\"twitter:label1\" content=\"Escrito por\" \/>\n\t<meta name=\"twitter:data1\" content=\"Agencias\" \/>\n\t<meta name=\"twitter:label2\" content=\"Tiempo de lectura\" \/>\n\t<meta name=\"twitter:data2\" content=\"2 minutos\" \/>\n<script type=\"application\/ld+json\" class=\"yoast-schema-graph\">{\"@context\":\"https:\\\/\\\/schema.org\",\"@graph\":[{\"@type\":\"Article\",\"@id\":\"https:\\\/\\\/www.bbmnoticias.com\\\/labravaradiofm\\\/2021\\\/10\\\/01\\\/el-congreso-local-determino-que-elestacionamiento-en-las-plazas-comerciales-debe-ser-gratuito\\\/#article\",\"isPartOf\":{\"@id\":\"https:\\\/\\\/www.bbmnoticias.com\\\/labravaradiofm\\\/2021\\\/10\\\/01\\\/el-congreso-local-determino-que-elestacionamiento-en-las-plazas-comerciales-debe-ser-gratuito\\\/\"},\"author\":{\"name\":\"Agencias\",\"@id\":\"https:\\\/\\\/www.bbmnoticias.com\\\/labravaradiofm\\\/#\\\/schema\\\/person\\\/000bdaf0a8fb5bff0d537c4d0778e33f\"},\"headline\":\"El Congreso local determin\u00f3 que elestacionamiento en las plazas comerciales debe ser gratuito\",\"datePublished\":\"2021-10-02T01:49:27+00:00\",\"dateModified\":\"2021-10-02T01:49:28+00:00\",\"mainEntityOfPage\":{\"@id\":\"https:\\\/\\\/www.bbmnoticias.com\\\/labravaradiofm\\\/2021\\\/10\\\/01\\\/el-congreso-local-determino-que-elestacionamiento-en-las-plazas-comerciales-debe-ser-gratuito\\\/\"},\"wordCount\":292,\"image\":{\"@id\":\"https:\\\/\\\/www.bbmnoticias.com\\\/labravaradiofm\\\/2021\\\/10\\\/01\\\/el-congreso-local-determino-que-elestacionamiento-en-las-plazas-comerciales-debe-ser-gratuito\\\/#primaryimage\"},\"thumbnailUrl\":\"https:\\\/\\\/www.bbmnoticias.com\\\/labravaradiofm\\\/wp-content\\\/uploads\\\/sites\\\/5\\\/2021\\\/10\\\/local01102021-43.jpg\",\"articleSection\":[\"LOCAL\"],\"inLanguage\":\"es\"},{\"@type\":\"WebPage\",\"@id\":\"https:\\\/\\\/www.bbmnoticias.com\\\/labravaradiofm\\\/2021\\\/10\\\/01\\\/el-congreso-local-determino-que-elestacionamiento-en-las-plazas-comerciales-debe-ser-gratuito\\\/\",\"url\":\"https:\\\/\\\/www.bbmnoticias.com\\\/labravaradiofm\\\/2021\\\/10\\\/01\\\/el-congreso-local-determino-que-elestacionamiento-en-las-plazas-comerciales-debe-ser-gratuito\\\/\",\"name\":\"El Congreso local determin\u00f3 que elestacionamiento en las plazas comerciales debe ser gratuito - LA BRAVA RADIO\",\"isPartOf\":{\"@id\":\"https:\\\/\\\/www.bbmnoticias.com\\\/labravaradiofm\\\/#website\"},\"primaryImageOfPage\":{\"@id\":\"https:\\\/\\\/www.bbmnoticias.com\\\/labravaradiofm\\\/2021\\\/10\\\/01\\\/el-congreso-local-determino-que-elestacionamiento-en-las-plazas-comerciales-debe-ser-gratuito\\\/#primaryimage\"},\"image\":{\"@id\":\"https:\\\/\\\/www.bbmnoticias.com\\\/labravaradiofm\\\/2021\\\/10\\\/01\\\/el-congreso-local-determino-que-elestacionamiento-en-las-plazas-comerciales-debe-ser-gratuito\\\/#primaryimage\"},\"thumbnailUrl\":\"https:\\\/\\\/www.bbmnoticias.com\\\/labravaradiofm\\\/wp-content\\\/uploads\\\/sites\\\/5\\\/2021\\\/10\\\/local01102021-43.jpg\",\"datePublished\":\"2021-10-02T01:49:27+00:00\",\"dateModified\":\"2021-10-02T01:49:28+00:00\",\"author\":{\"@id\":\"https:\\\/\\\/www.bbmnoticias.com\\\/labravaradiofm\\\/#\\\/schema\\\/person\\\/000bdaf0a8fb5bff0d537c4d0778e33f\"},\"breadcrumb\":{\"@id\":\"https:\\\/\\\/www.bbmnoticias.com\\\/labravaradiofm\\\/2021\\\/10\\\/01\\\/el-congreso-local-determino-que-elestacionamiento-en-las-plazas-comerciales-debe-ser-gratuito\\\/#breadcrumb\"},\"inLanguage\":\"es\",\"potentialAction\":[{\"@type\":\"ReadAction\",\"target\":[\"https:\\\/\\\/www.bbmnoticias.com\\\/labravaradiofm\\\/2021\\\/10\\\/01\\\/el-congreso-local-determino-que-elestacionamiento-en-las-plazas-comerciales-debe-ser-gratuito\\\/\"]}]},{\"@type\":\"ImageObject\",\"inLanguage\":\"es\",\"@id\":\"https:\\\/\\\/www.bbmnoticias.com\\\/labravaradiofm\\\/2021\\\/10\\\/01\\\/el-congreso-local-determino-que-elestacionamiento-en-las-plazas-comerciales-debe-ser-gratuito\\\/#primaryimage\",\"url\":\"https:\\\/\\\/www.bbmnoticias.com\\\/labravaradiofm\\\/wp-content\\\/uploads\\\/sites\\\/5\\\/2021\\\/10\\\/local01102021-43.jpg\",\"contentUrl\":\"https:\\\/\\\/www.bbmnoticias.com\\\/labravaradiofm\\\/wp-content\\\/uploads\\\/sites\\\/5\\\/2021\\\/10\\\/local01102021-43.jpg\",\"width\":1200,\"height\":675},{\"@type\":\"BreadcrumbList\",\"@id\":\"https:\\\/\\\/www.bbmnoticias.com\\\/labravaradiofm\\\/2021\\\/10\\\/01\\\/el-congreso-local-determino-que-elestacionamiento-en-las-plazas-comerciales-debe-ser-gratuito\\\/#breadcrumb\",\"itemListElement\":[{\"@type\":\"ListItem\",\"position\":1,\"name\":\"Inicio\",\"item\":\"https:\\\/\\\/www.bbmnoticias.com\\\/labravaradiofm\\\/\"},{\"@type\":\"ListItem\",\"position\":2,\"name\":\"El Congreso local determin\u00f3 que elestacionamiento en las plazas comerciales debe ser gratuito\"}]},{\"@type\":\"WebSite\",\"@id\":\"https:\\\/\\\/www.bbmnoticias.com\\\/labravaradiofm\\\/#website\",\"url\":\"https:\\\/\\\/www.bbmnoticias.com\\\/labravaradiofm\\\/\",\"name\":\"LA BRAVA RADIO\",\"description\":\"Empresa productora de medios, Radiodifusi\u00f3n, Noticias, tendencias y todo lo que necesitas saber de la pol\u00edtica mexicana e internacional; entretenimiento, espect\u00e1culos, salud y mucho m\u00e1s.\",\"potentialAction\":[{\"@type\":\"SearchAction\",\"target\":{\"@type\":\"EntryPoint\",\"urlTemplate\":\"https:\\\/\\\/www.bbmnoticias.com\\\/labravaradiofm\\\/?s={search_term_string}\"},\"query-input\":{\"@type\":\"PropertyValueSpecification\",\"valueRequired\":true,\"valueName\":\"search_term_string\"}}],\"inLanguage\":\"es\"},{\"@type\":\"Person\",\"@id\":\"https:\\\/\\\/www.bbmnoticias.com\\\/labravaradiofm\\\/#\\\/schema\\\/person\\\/000bdaf0a8fb5bff0d537c4d0778e33f\",\"name\":\"Agencias\",\"image\":{\"@type\":\"ImageObject\",\"inLanguage\":\"es\",\"@id\":\"https:\\\/\\\/secure.gravatar.com\\\/avatar\\\/739e0b61adf9e398b425c36718c8752286da0e8cd90f20ce9a86678abc26aa0d?s=96&d=mm&r=g\",\"url\":\"https:\\\/\\\/secure.gravatar.com\\\/avatar\\\/739e0b61adf9e398b425c36718c8752286da0e8cd90f20ce9a86678abc26aa0d?s=96&d=mm&r=g\",\"contentUrl\":\"https:\\\/\\\/secure.gravatar.com\\\/avatar\\\/739e0b61adf9e398b425c36718c8752286da0e8cd90f20ce9a86678abc26aa0d?s=96&d=mm&r=g\",\"caption\":\"Agencias\"},\"url\":\"https:\\\/\\\/www.bbmnoticias.com\\\/labravaradiofm\\\/author\\\/agencias\\\/\"}]}<\/script>\n<!-- \/ Yoast SEO plugin. -->","yoast_head_json":{"title":"El Congreso local determin\u00f3 que elestacionamiento en las plazas comerciales debe ser gratuito - LA BRAVA RADIO","robots":{"index":"index","follow":"follow","max-snippet":"max-snippet:-1","max-image-preview":"max-image-preview:large","max-video-preview":"max-video-preview:-1"},"canonical":"https:\/\/www.bbmnoticias.com\/labravaradiofm\/2021\/10\/01\/el-congreso-local-determino-que-elestacionamiento-en-las-plazas-comerciales-debe-ser-gratuito\/","og_locale":"es_MX","og_type":"article","og_title":"El Congreso local determin\u00f3 que elestacionamiento en las plazas comerciales debe ser gratuito - LA BRAVA RADIO","og_description":"En una reforma vanguardista con amplio beneficio a los compradores, el Congreso local decret\u00f3 que en el estado de Oaxaca el servicio de los estacionamientos ubicados en los centros comerciales, plazas, supermercados y tiendas de autoservicio, o cualquier otra instituci\u00f3n f\u00edsica o moral, deber\u00e1n ser gratuitos para sus clientes. Mediante reformas y adiciones a los [&hellip;]","og_url":"https:\/\/www.bbmnoticias.com\/labravaradiofm\/2021\/10\/01\/el-congreso-local-determino-que-elestacionamiento-en-las-plazas-comerciales-debe-ser-gratuito\/","og_site_name":"LA BRAVA RADIO","article_published_time":"2021-10-02T01:49:27+00:00","article_modified_time":"2021-10-02T01:49:28+00:00","og_image":[{"width":1200,"height":675,"url":"https:\/\/www.bbmnoticias.com\/labravaradiofm\/wp-content\/uploads\/sites\/5\/2021\/10\/local01102021-43.jpg","type":"image\/jpeg"}],"author":"Agencias","twitter_card":"summary_large_image","twitter_misc":{"Escrito por":"Agencias","Tiempo de lectura":"2 minutos"},"schema":{"@context":"https:\/\/schema.org","@graph":[{"@type":"Article","@id":"https:\/\/www.bbmnoticias.com\/labravaradiofm\/2021\/10\/01\/el-congreso-local-determino-que-elestacionamiento-en-las-plazas-comerciales-debe-ser-gratuito\/#article","isPartOf":{"@id":"https:\/\/www.bbmnoticias.com\/labravaradiofm\/2021\/10\/01\/el-congreso-local-determino-que-elestacionamiento-en-las-plazas-comerciales-debe-ser-gratuito\/"},"author":{"name":"Agencias","@id":"https:\/\/www.bbmnoticias.com\/labravaradiofm\/#\/schema\/person\/000bdaf0a8fb5bff0d537c4d0778e33f"},"headline":"El Congreso local determin\u00f3 que elestacionamiento en las plazas comerciales debe ser gratuito","datePublished":"2021-10-02T01:49:27+00:00","dateModified":"2021-10-02T01:49:28+00:00","mainEntityOfPage":{"@id":"https:\/\/www.bbmnoticias.com\/labravaradiofm\/2021\/10\/01\/el-congreso-local-determino-que-elestacionamiento-en-las-plazas-comerciales-debe-ser-gratuito\/"},"wordCount":292,"image":{"@id":"https:\/\/www.bbmnoticias.com\/labravaradiofm\/2021\/10\/01\/el-congreso-local-determino-que-elestacionamiento-en-las-plazas-comerciales-debe-ser-gratuito\/#primaryimage"},"thumbnailUrl":"https:\/\/www.bbmnoticias.com\/labravaradiofm\/wp-content\/uploads\/sites\/5\/2021\/10\/local01102021-43.jpg","articleSection":["LOCAL"],"inLanguage":"es"},{"@type":"WebPage","@id":"https:\/\/www.bbmnoticias.com\/labravaradiofm\/2021\/10\/01\/el-congreso-local-determino-que-elestacionamiento-en-las-plazas-comerciales-debe-ser-gratuito\/","url":"https:\/\/www.bbmnoticias.com\/labravaradiofm\/2021\/10\/01\/el-congreso-local-determino-que-elestacionamiento-en-las-plazas-comerciales-debe-ser-gratuito\/","name":"El Congreso local determin\u00f3 que elestacionamiento en las plazas comerciales debe ser gratuito - LA BRAVA RADIO","isPartOf":{"@id":"https:\/\/www.bbmnoticias.com\/labravaradiofm\/#website"},"primaryImageOfPage":{"@id":"https:\/\/www.bbmnoticias.com\/labravaradiofm\/2021\/10\/01\/el-congreso-local-determino-que-elestacionamiento-en-las-plazas-comerciales-debe-ser-gratuito\/#primaryimage"},"image":{"@id":"https:\/\/www.bbmnoticias.com\/labravaradiofm\/2021\/10\/01\/el-congreso-local-determino-que-elestacionamiento-en-las-plazas-comerciales-debe-ser-gratuito\/#primaryimage"},"thumbnailUrl":"https:\/\/www.bbmnoticias.com\/labravaradiofm\/wp-content\/uploads\/sites\/5\/2021\/10\/local01102021-43.jpg","datePublished":"2021-10-02T01:49:27+00:00","dateModified":"2021-10-02T01:49:28+00:00","author":{"@id":"https:\/\/www.bbmnoticias.com\/labravaradiofm\/#\/schema\/person\/000bdaf0a8fb5bff0d537c4d0778e33f"},"breadcrumb":{"@id":"https:\/\/www.bbmnoticias.com\/labravaradiofm\/2021\/10\/01\/el-congreso-local-determino-que-elestacionamiento-en-las-plazas-comerciales-debe-ser-gratuito\/#breadcrumb"},"inLanguage":"es","potentialAction":[{"@type":"ReadAction","target":["https:\/\/www.bbmnoticias.com\/labravaradiofm\/2021\/10\/01\/el-congreso-local-determino-que-elestacionamiento-en-las-plazas-comerciales-debe-ser-gratuito\/"]}]},{"@type":"ImageObject","inLanguage":"es","@id":"https:\/\/www.bbmnoticias.com\/labravaradiofm\/2021\/10\/01\/el-congreso-local-determino-que-elestacionamiento-en-las-plazas-comerciales-debe-ser-gratuito\/#primaryimage","url":"https:\/\/www.bbmnoticias.com\/labravaradiofm\/wp-content\/uploads\/sites\/5\/2021\/10\/local01102021-43.jpg","contentUrl":"https:\/\/www.bbmnoticias.com\/labravaradiofm\/wp-content\/uploads\/sites\/5\/2021\/10\/local01102021-43.jpg","width":1200,"height":675},{"@type":"BreadcrumbList","@id":"https:\/\/www.bbmnoticias.com\/labravaradiofm\/2021\/10\/01\/el-congreso-local-determino-que-elestacionamiento-en-las-plazas-comerciales-debe-ser-gratuito\/#breadcrumb","itemListElement":[{"@type":"ListItem","position":1,"name":"Inicio","item":"https:\/\/www.bbmnoticias.com\/labravaradiofm\/"},{"@type":"ListItem","position":2,"name":"El Congreso local determin\u00f3 que elestacionamiento en las plazas comerciales debe ser gratuito"}]},{"@type":"WebSite","@id":"https:\/\/www.bbmnoticias.com\/labravaradiofm\/#website","url":"https:\/\/www.bbmnoticias.com\/labravaradiofm\/","name":"LA BRAVA RADIO","description":"Empresa productora de medios, Radiodifusi\u00f3n, Noticias, tendencias y todo lo que necesitas saber de la pol\u00edtica mexicana e internacional; entretenimiento, espect\u00e1culos, salud y mucho m\u00e1s.","potentialAction":[{"@type":"SearchAction","target":{"@type":"EntryPoint","urlTemplate":"https:\/\/www.bbmnoticias.com\/labravaradiofm\/?s={search_term_string}"},"query-input":{"@type":"PropertyValueSpecification","valueRequired":true,"valueName":"search_term_string"}}],"inLanguage":"es"},{"@type":"Person","@id":"https:\/\/www.bbmnoticias.com\/labravaradiofm\/#\/schema\/person\/000bdaf0a8fb5bff0d537c4d0778e33f","name":"Agencias","image":{"@type":"ImageObject","inLanguage":"es","@id":"https:\/\/secure.gravatar.com\/avatar\/739e0b61adf9e398b425c36718c8752286da0e8cd90f20ce9a86678abc26aa0d?s=96&d=mm&r=g","url":"https:\/\/secure.gravatar.com\/avatar\/739e0b61adf9e398b425c36718c8752286da0e8cd90f20ce9a86678abc26aa0d?s=96&d=mm&r=g","contentUrl":"https:\/\/secure.gravatar.com\/avatar\/739e0b61adf9e398b425c36718c8752286da0e8cd90f20ce9a86678abc26aa0d?s=96&d=mm&r=g","caption":"Agencias"},"url":"https:\/\/www.bbmnoticias.com\/labravaradiofm\/author\/agencias\/"}]}},"_links":{"self":[{"href":"https:\/\/www.bbmnoticias.com\/labravaradiofm\/wp-json\/wp\/v2\/posts\/2983","targetHints":{"allow":["GET"]}}],"collection":[{"href":"https:\/\/www.bbmnoticias.com\/labravaradiofm\/wp-json\/wp\/v2\/posts"}],"about":[{"href":"https:\/\/www.bbmnoticias.com\/labravaradiofm\/wp-json\/wp\/v2\/types\/post"}],"author":[{"embeddable":true,"href":"https:\/\/www.bbmnoticias.com\/labravaradiofm\/wp-json\/wp\/v2\/users\/4"}],"replies":[{"embeddable":true,"href":"https:\/\/www.bbmnoticias.com\/labravaradiofm\/wp-json\/wp\/v2\/comments?post=2983"}],"version-history":[{"count":0,"href":"https:\/\/www.bbmnoticias.com\/labravaradiofm\/wp-json\/wp\/v2\/posts\/2983\/revisions"}],"wp:featuredmedia":[{"embeddable":true,"href":"https:\/\/www.bbmnoticias.com\/labravaradiofm\/wp-json\/wp\/v2\/media\/2984"}],"wp:attachment":[{"href":"https:\/\/www.bbmnoticias.com\/labravaradiofm\/wp-json\/wp\/v2\/media?parent=2983"}],"wp:term":[{"taxonomy":"category","embeddable":true,"href":"https:\/\/www.bbmnoticias.com\/labravaradiofm\/wp-json\/wp\/v2\/categories?post=2983"},{"taxonomy":"post_tag","embeddable":true,"href":"https:\/\/www.bbmnoticias.com\/labravaradiofm\/wp-json\/wp\/v2\/tags?post=2983"}],"curies":[{"name":"wp","href":"https:\/\/api.w.org\/{rel}","templated":true}]}}