{"id":2980,"date":"2021-10-01T20:43:33","date_gmt":"2021-10-02T01:43:33","guid":{"rendered":"https:\/\/www.bbmnoticias.com\/labravaradiofm\/?p=2980"},"modified":"2021-10-01T20:43:35","modified_gmt":"2021-10-02T01:43:35","slug":"el-mundo-esta-mas-cerca-del-comienzo-que-del-final-de-la-pandemia-cientifico-de-eu","status":"publish","type":"post","link":"https:\/\/www.bbmnoticias.com\/labravaradiofm\/2021\/10\/01\/el-mundo-esta-mas-cerca-del-comienzo-que-del-final-de-la-pandemia-cientifico-de-eu\/","title":{"rendered":"\u201cEl mundo est\u00e1 m\u00e1s cerca del comienzo que del final de la pandemia\u201d: cient\u00edfico de EU"},"content":{"rendered":"<div style=\"margin-top: 0px; margin-bottom: 0px;\" class=\"sharethis-inline-share-buttons\" ><\/div>\n<p>A casi 19 meses de haberse declarado el inicio de la<strong> pandemia de coronavirus<\/strong> y, con un saldo de 4.55 millones de muertos, la gente ruega por el regreso a la normalidad.<\/p>\n\n\n\n<p>Sin embargo, eso est\u00e1 muy lejos de ocurrir, afirma el doctor <strong>Larry Brilliant<\/strong>, un reconocido epidemi\u00f3logo de Estados Unidos.<\/p>\n\n\n\n<p>Brilliant, quien fue parte delequipo de cient\u00edficos de la OMS que erradic\u00f3 la viruela adjudic\u00f3 la situaci\u00f3n a un factor principal:<\/p>\n\n\n\n<ul class=\"wp-block-list\"><li>La <strong>falta de vacunas<\/strong> en gran parte del mundo<\/li><\/ul>\n\n\n\n<h2 class=\"wp-block-heading\">\u201cEstamos m\u00e1s cerca del comienzo que del final de la pandemia\u201d por el \u201csurgimiento de otros linajes\u201d<\/h2>\n\n\n\n<p>En entrevista para la cadena de noticias CNBC, <strong>Larry Brilliant <\/strong>afirm\u00f3 que la pandemia de coronavirus apenas <strong>est\u00e1 en pa\u00f1ales<\/strong>:<\/p>\n\n\n\n<blockquote class=\"wp-block-quote is-layout-flow wp-block-quote-is-layout-flow\"><p>\u201cCreo que estamos m\u00e1s cerca del comienzo que del final de la pandemia, y eso no se debe a que la variante Delta que estamos viendo en este momento va a durar tanto, sino al surgimiento de otros linajes\u201dLarry Brilliant, epidemi\u00f3logo<\/p><\/blockquote>\n\n\n\n<p>Eln ese sentido, el cient\u00edfico se\u00f1al\u00f3 que todav\u00eda <strong>no hay suficientes personas vacunadas<\/strong> contra el Covid-19 en todo el mundo, lo que supone que la pandemia seguir\u00e1 alarg\u00e1ndose:<\/p>\n\n\n\n<figure class=\"wp-block-pullquote\"><blockquote><p>\u201cS\u00f3lo el 15% de las personas en el mundo han sido inmunizadas y algunos pa\u00edses ni siquiera han vacunado al cinco por ciento de sus habitantes\u201dLarry Brilliant, epidemi\u00f3logo<\/p><\/blockquote><\/figure>\n\n\n\n<h2 class=\"wp-block-heading\">Cient\u00edfico de EU advierte sobre el surgimiento de m\u00e1s variantes del coronavirus<\/h2>\n\n\n\n<p>Brilliant destac\u00f3 el caso de la <strong>variante Delta<\/strong>, que ya es la predominante en varios pa\u00edses debido a que es altamente contagiosa.<\/p>\n\n\n\n<figure class=\"wp-block-pullquote\"><blockquote><p>\u201cLa buena noticia es que las vacunas est\u00e1n retrasando el da\u00f1o que causa\u201dLarry Brilliant, epidemi\u00f3logo<\/p><\/blockquote><\/figure>\n\n\n\n<p>Sin embargo, el famoso epidemi\u00f3logo de Estados Unidos advirti\u00f3 que a la variante Delta le sigue el surgimiento de muchas otras, que pueden ser <strong>m\u00e1s peligrosas<\/strong>:<\/p>\n\n\n\n<figure class=\"wp-block-pullquote\"><blockquote><p>\u201cEsta es la variante Delta y no se agotan las letras griegas, por lo que puede haber m\u00e1s por venir. Esta puede ser r\u00e1pida y se est\u00e1 extendiendo r\u00e1pidamente, pero la siguiente puede tener una caracter\u00edstica diferente\u201dLarry Brilliant, epidemi\u00f3logo<\/p><\/blockquote><\/figure>\n","protected":false},"excerpt":{"rendered":"<p>A casi 19 meses de haberse declarado el inicio de la pandemia de coronavirus y, con un saldo de 4.55 millones de muertos, la gente ruega por el regreso a la normalidad. Sin embargo, eso est\u00e1 muy lejos de ocurrir, afirma el doctor Larry Brilliant, un reconocido epidemi\u00f3logo de Estados Unidos. Brilliant, quien fue parte [&hellip;]<\/p>\n","protected":false},"author":12,"featured_media":2981,"comment_status":"closed","ping_status":"closed","sticky":false,"template":"","format":"standard","meta":{"footnotes":""},"categories":[1],"tags":[],"class_list":{"0":"post-2980","1":"post","2":"type-post","3":"status-publish","4":"format-standard","5":"has-post-thumbnail","7":"category-sin-categoria"},"yoast_head":"<!-- This site is optimized with the Yoast SEO plugin v27.4 - https:\/\/yoast.com\/product\/yoast-seo-wordpress\/ -->\n<title>\u201cEl mundo est\u00e1 m\u00e1s cerca del comienzo que del final de la pandemia\u201d: cient\u00edfico de EU - LA BRAVA RADIO<\/title>\n<meta name=\"robots\" content=\"index, follow, max-snippet:-1, max-image-preview:large, max-video-preview:-1\" \/>\n<link rel=\"canonical\" href=\"https:\/\/www.bbmnoticias.com\/labravaradiofm\/2021\/10\/01\/el-mundo-esta-mas-cerca-del-comienzo-que-del-final-de-la-pandemia-cientifico-de-eu\/\" \/>\n<meta property=\"og:locale\" content=\"es_MX\" \/>\n<meta property=\"og:type\" content=\"article\" \/>\n<meta property=\"og:title\" content=\"\u201cEl mundo est\u00e1 m\u00e1s cerca del comienzo que del final de la pandemia\u201d: cient\u00edfico de EU - LA BRAVA RADIO\" \/>\n<meta property=\"og:description\" content=\"A casi 19 meses de haberse declarado el inicio de la pandemia de coronavirus y, con un saldo de 4.55 millones de muertos, la gente ruega por el regreso a la normalidad. Sin embargo, eso est\u00e1 muy lejos de ocurrir, afirma el doctor Larry Brilliant, un reconocido epidemi\u00f3logo de Estados Unidos. Brilliant, quien fue parte [&hellip;]\" \/>\n<meta property=\"og:url\" content=\"https:\/\/www.bbmnoticias.com\/labravaradiofm\/2021\/10\/01\/el-mundo-esta-mas-cerca-del-comienzo-que-del-final-de-la-pandemia-cientifico-de-eu\/\" \/>\n<meta property=\"og:site_name\" content=\"LA BRAVA RADIO\" \/>\n<meta property=\"article:published_time\" content=\"2021-10-02T01:43:33+00:00\" \/>\n<meta property=\"article:modified_time\" content=\"2021-10-02T01:43:35+00:00\" \/>\n<meta property=\"og:image\" content=\"https:\/\/www.bbmnoticias.com\/labravaradiofm\/wp-content\/uploads\/sites\/5\/2021\/10\/internacional01102021-40.jpeg\" \/>\n\t<meta property=\"og:image:width\" content=\"640\" \/>\n\t<meta property=\"og:image:height\" content=\"360\" \/>\n\t<meta property=\"og:image:type\" content=\"image\/jpeg\" \/>\n<meta name=\"author\" content=\"SDPnoticias\" \/>\n<meta name=\"twitter:card\" content=\"summary_large_image\" \/>\n<meta name=\"twitter:label1\" content=\"Escrito por\" \/>\n\t<meta name=\"twitter:data1\" content=\"SDPnoticias\" \/>\n\t<meta name=\"twitter:label2\" content=\"Tiempo de lectura\" \/>\n\t<meta name=\"twitter:data2\" content=\"2 minutos\" \/>\n<script type=\"application\/ld+json\" class=\"yoast-schema-graph\">{\"@context\":\"https:\\\/\\\/schema.org\",\"@graph\":[{\"@type\":\"Article\",\"@id\":\"https:\\\/\\\/www.bbmnoticias.com\\\/labravaradiofm\\\/2021\\\/10\\\/01\\\/el-mundo-esta-mas-cerca-del-comienzo-que-del-final-de-la-pandemia-cientifico-de-eu\\\/#article\",\"isPartOf\":{\"@id\":\"https:\\\/\\\/www.bbmnoticias.com\\\/labravaradiofm\\\/2021\\\/10\\\/01\\\/el-mundo-esta-mas-cerca-del-comienzo-que-del-final-de-la-pandemia-cientifico-de-eu\\\/\"},\"author\":{\"name\":\"SDPnoticias\",\"@id\":\"https:\\\/\\\/www.bbmnoticias.com\\\/labravaradiofm\\\/#\\\/schema\\\/person\\\/baf240d77a345f5fbc3dc146f9161af9\"},\"headline\":\"\u201cEl mundo est\u00e1 m\u00e1s cerca del comienzo que del final de la pandemia\u201d: cient\u00edfico de EU\",\"datePublished\":\"2021-10-02T01:43:33+00:00\",\"dateModified\":\"2021-10-02T01:43:35+00:00\",\"mainEntityOfPage\":{\"@id\":\"https:\\\/\\\/www.bbmnoticias.com\\\/labravaradiofm\\\/2021\\\/10\\\/01\\\/el-mundo-esta-mas-cerca-del-comienzo-que-del-final-de-la-pandemia-cientifico-de-eu\\\/\"},\"wordCount\":375,\"image\":{\"@id\":\"https:\\\/\\\/www.bbmnoticias.com\\\/labravaradiofm\\\/2021\\\/10\\\/01\\\/el-mundo-esta-mas-cerca-del-comienzo-que-del-final-de-la-pandemia-cientifico-de-eu\\\/#primaryimage\"},\"thumbnailUrl\":\"https:\\\/\\\/www.bbmnoticias.com\\\/labravaradiofm\\\/wp-content\\\/uploads\\\/sites\\\/5\\\/2021\\\/10\\\/internacional01102021-40.jpeg\",\"inLanguage\":\"es\"},{\"@type\":\"WebPage\",\"@id\":\"https:\\\/\\\/www.bbmnoticias.com\\\/labravaradiofm\\\/2021\\\/10\\\/01\\\/el-mundo-esta-mas-cerca-del-comienzo-que-del-final-de-la-pandemia-cientifico-de-eu\\\/\",\"url\":\"https:\\\/\\\/www.bbmnoticias.com\\\/labravaradiofm\\\/2021\\\/10\\\/01\\\/el-mundo-esta-mas-cerca-del-comienzo-que-del-final-de-la-pandemia-cientifico-de-eu\\\/\",\"name\":\"\u201cEl mundo est\u00e1 m\u00e1s cerca del comienzo que del final de la pandemia\u201d: cient\u00edfico de EU - LA BRAVA RADIO\",\"isPartOf\":{\"@id\":\"https:\\\/\\\/www.bbmnoticias.com\\\/labravaradiofm\\\/#website\"},\"primaryImageOfPage\":{\"@id\":\"https:\\\/\\\/www.bbmnoticias.com\\\/labravaradiofm\\\/2021\\\/10\\\/01\\\/el-mundo-esta-mas-cerca-del-comienzo-que-del-final-de-la-pandemia-cientifico-de-eu\\\/#primaryimage\"},\"image\":{\"@id\":\"https:\\\/\\\/www.bbmnoticias.com\\\/labravaradiofm\\\/2021\\\/10\\\/01\\\/el-mundo-esta-mas-cerca-del-comienzo-que-del-final-de-la-pandemia-cientifico-de-eu\\\/#primaryimage\"},\"thumbnailUrl\":\"https:\\\/\\\/www.bbmnoticias.com\\\/labravaradiofm\\\/wp-content\\\/uploads\\\/sites\\\/5\\\/2021\\\/10\\\/internacional01102021-40.jpeg\",\"datePublished\":\"2021-10-02T01:43:33+00:00\",\"dateModified\":\"2021-10-02T01:43:35+00:00\",\"author\":{\"@id\":\"https:\\\/\\\/www.bbmnoticias.com\\\/labravaradiofm\\\/#\\\/schema\\\/person\\\/baf240d77a345f5fbc3dc146f9161af9\"},\"breadcrumb\":{\"@id\":\"https:\\\/\\\/www.bbmnoticias.com\\\/labravaradiofm\\\/2021\\\/10\\\/01\\\/el-mundo-esta-mas-cerca-del-comienzo-que-del-final-de-la-pandemia-cientifico-de-eu\\\/#breadcrumb\"},\"inLanguage\":\"es\",\"potentialAction\":[{\"@type\":\"ReadAction\",\"target\":[\"https:\\\/\\\/www.bbmnoticias.com\\\/labravaradiofm\\\/2021\\\/10\\\/01\\\/el-mundo-esta-mas-cerca-del-comienzo-que-del-final-de-la-pandemia-cientifico-de-eu\\\/\"]}]},{\"@type\":\"ImageObject\",\"inLanguage\":\"es\",\"@id\":\"https:\\\/\\\/www.bbmnoticias.com\\\/labravaradiofm\\\/2021\\\/10\\\/01\\\/el-mundo-esta-mas-cerca-del-comienzo-que-del-final-de-la-pandemia-cientifico-de-eu\\\/#primaryimage\",\"url\":\"https:\\\/\\\/www.bbmnoticias.com\\\/labravaradiofm\\\/wp-content\\\/uploads\\\/sites\\\/5\\\/2021\\\/10\\\/internacional01102021-40.jpeg\",\"contentUrl\":\"https:\\\/\\\/www.bbmnoticias.com\\\/labravaradiofm\\\/wp-content\\\/uploads\\\/sites\\\/5\\\/2021\\\/10\\\/internacional01102021-40.jpeg\",\"width\":640,\"height\":360},{\"@type\":\"BreadcrumbList\",\"@id\":\"https:\\\/\\\/www.bbmnoticias.com\\\/labravaradiofm\\\/2021\\\/10\\\/01\\\/el-mundo-esta-mas-cerca-del-comienzo-que-del-final-de-la-pandemia-cientifico-de-eu\\\/#breadcrumb\",\"itemListElement\":[{\"@type\":\"ListItem\",\"position\":1,\"name\":\"Inicio\",\"item\":\"https:\\\/\\\/www.bbmnoticias.com\\\/labravaradiofm\\\/\"},{\"@type\":\"ListItem\",\"position\":2,\"name\":\"\u201cEl mundo est\u00e1 m\u00e1s cerca del comienzo que del final de la pandemia\u201d: cient\u00edfico de EU\"}]},{\"@type\":\"WebSite\",\"@id\":\"https:\\\/\\\/www.bbmnoticias.com\\\/labravaradiofm\\\/#website\",\"url\":\"https:\\\/\\\/www.bbmnoticias.com\\\/labravaradiofm\\\/\",\"name\":\"LA BRAVA RADIO\",\"description\":\"Empresa productora de medios, Radiodifusi\u00f3n, Noticias, tendencias y todo lo que necesitas saber de la pol\u00edtica mexicana e internacional; entretenimiento, espect\u00e1culos, salud y mucho m\u00e1s.\",\"potentialAction\":[{\"@type\":\"SearchAction\",\"target\":{\"@type\":\"EntryPoint\",\"urlTemplate\":\"https:\\\/\\\/www.bbmnoticias.com\\\/labravaradiofm\\\/?s={search_term_string}\"},\"query-input\":{\"@type\":\"PropertyValueSpecification\",\"valueRequired\":true,\"valueName\":\"search_term_string\"}}],\"inLanguage\":\"es\"},{\"@type\":\"Person\",\"@id\":\"https:\\\/\\\/www.bbmnoticias.com\\\/labravaradiofm\\\/#\\\/schema\\\/person\\\/baf240d77a345f5fbc3dc146f9161af9\",\"name\":\"SDPnoticias\",\"image\":{\"@type\":\"ImageObject\",\"inLanguage\":\"es\",\"@id\":\"https:\\\/\\\/secure.gravatar.com\\\/avatar\\\/015ede9175a06d999d8b2b09e108b48c9e008e4ee44a647956086b51bbce326c?s=96&d=mm&r=g\",\"url\":\"https:\\\/\\\/secure.gravatar.com\\\/avatar\\\/015ede9175a06d999d8b2b09e108b48c9e008e4ee44a647956086b51bbce326c?s=96&d=mm&r=g\",\"contentUrl\":\"https:\\\/\\\/secure.gravatar.com\\\/avatar\\\/015ede9175a06d999d8b2b09e108b48c9e008e4ee44a647956086b51bbce326c?s=96&d=mm&r=g\",\"caption\":\"SDPnoticias\"},\"url\":\"https:\\\/\\\/www.bbmnoticias.com\\\/labravaradiofm\\\/author\\\/sdpnoticias\\\/\"}]}<\/script>\n<!-- \/ Yoast SEO plugin. -->","yoast_head_json":{"title":"\u201cEl mundo est\u00e1 m\u00e1s cerca del comienzo que del final de la pandemia\u201d: cient\u00edfico de EU - LA BRAVA RADIO","robots":{"index":"index","follow":"follow","max-snippet":"max-snippet:-1","max-image-preview":"max-image-preview:large","max-video-preview":"max-video-preview:-1"},"canonical":"https:\/\/www.bbmnoticias.com\/labravaradiofm\/2021\/10\/01\/el-mundo-esta-mas-cerca-del-comienzo-que-del-final-de-la-pandemia-cientifico-de-eu\/","og_locale":"es_MX","og_type":"article","og_title":"\u201cEl mundo est\u00e1 m\u00e1s cerca del comienzo que del final de la pandemia\u201d: cient\u00edfico de EU - LA BRAVA RADIO","og_description":"A casi 19 meses de haberse declarado el inicio de la pandemia de coronavirus y, con un saldo de 4.55 millones de muertos, la gente ruega por el regreso a la normalidad. Sin embargo, eso est\u00e1 muy lejos de ocurrir, afirma el doctor Larry Brilliant, un reconocido epidemi\u00f3logo de Estados Unidos. Brilliant, quien fue parte [&hellip;]","og_url":"https:\/\/www.bbmnoticias.com\/labravaradiofm\/2021\/10\/01\/el-mundo-esta-mas-cerca-del-comienzo-que-del-final-de-la-pandemia-cientifico-de-eu\/","og_site_name":"LA BRAVA RADIO","article_published_time":"2021-10-02T01:43:33+00:00","article_modified_time":"2021-10-02T01:43:35+00:00","og_image":[{"width":640,"height":360,"url":"https:\/\/www.bbmnoticias.com\/labravaradiofm\/wp-content\/uploads\/sites\/5\/2021\/10\/internacional01102021-40.jpeg","type":"image\/jpeg"}],"author":"SDPnoticias","twitter_card":"summary_large_image","twitter_misc":{"Escrito por":"SDPnoticias","Tiempo de lectura":"2 minutos"},"schema":{"@context":"https:\/\/schema.org","@graph":[{"@type":"Article","@id":"https:\/\/www.bbmnoticias.com\/labravaradiofm\/2021\/10\/01\/el-mundo-esta-mas-cerca-del-comienzo-que-del-final-de-la-pandemia-cientifico-de-eu\/#article","isPartOf":{"@id":"https:\/\/www.bbmnoticias.com\/labravaradiofm\/2021\/10\/01\/el-mundo-esta-mas-cerca-del-comienzo-que-del-final-de-la-pandemia-cientifico-de-eu\/"},"author":{"name":"SDPnoticias","@id":"https:\/\/www.bbmnoticias.com\/labravaradiofm\/#\/schema\/person\/baf240d77a345f5fbc3dc146f9161af9"},"headline":"\u201cEl mundo est\u00e1 m\u00e1s cerca del comienzo que del final de la pandemia\u201d: cient\u00edfico de EU","datePublished":"2021-10-02T01:43:33+00:00","dateModified":"2021-10-02T01:43:35+00:00","mainEntityOfPage":{"@id":"https:\/\/www.bbmnoticias.com\/labravaradiofm\/2021\/10\/01\/el-mundo-esta-mas-cerca-del-comienzo-que-del-final-de-la-pandemia-cientifico-de-eu\/"},"wordCount":375,"image":{"@id":"https:\/\/www.bbmnoticias.com\/labravaradiofm\/2021\/10\/01\/el-mundo-esta-mas-cerca-del-comienzo-que-del-final-de-la-pandemia-cientifico-de-eu\/#primaryimage"},"thumbnailUrl":"https:\/\/www.bbmnoticias.com\/labravaradiofm\/wp-content\/uploads\/sites\/5\/2021\/10\/internacional01102021-40.jpeg","inLanguage":"es"},{"@type":"WebPage","@id":"https:\/\/www.bbmnoticias.com\/labravaradiofm\/2021\/10\/01\/el-mundo-esta-mas-cerca-del-comienzo-que-del-final-de-la-pandemia-cientifico-de-eu\/","url":"https:\/\/www.bbmnoticias.com\/labravaradiofm\/2021\/10\/01\/el-mundo-esta-mas-cerca-del-comienzo-que-del-final-de-la-pandemia-cientifico-de-eu\/","name":"\u201cEl mundo est\u00e1 m\u00e1s cerca del comienzo que del final de la pandemia\u201d: cient\u00edfico de EU - LA BRAVA RADIO","isPartOf":{"@id":"https:\/\/www.bbmnoticias.com\/labravaradiofm\/#website"},"primaryImageOfPage":{"@id":"https:\/\/www.bbmnoticias.com\/labravaradiofm\/2021\/10\/01\/el-mundo-esta-mas-cerca-del-comienzo-que-del-final-de-la-pandemia-cientifico-de-eu\/#primaryimage"},"image":{"@id":"https:\/\/www.bbmnoticias.com\/labravaradiofm\/2021\/10\/01\/el-mundo-esta-mas-cerca-del-comienzo-que-del-final-de-la-pandemia-cientifico-de-eu\/#primaryimage"},"thumbnailUrl":"https:\/\/www.bbmnoticias.com\/labravaradiofm\/wp-content\/uploads\/sites\/5\/2021\/10\/internacional01102021-40.jpeg","datePublished":"2021-10-02T01:43:33+00:00","dateModified":"2021-10-02T01:43:35+00:00","author":{"@id":"https:\/\/www.bbmnoticias.com\/labravaradiofm\/#\/schema\/person\/baf240d77a345f5fbc3dc146f9161af9"},"breadcrumb":{"@id":"https:\/\/www.bbmnoticias.com\/labravaradiofm\/2021\/10\/01\/el-mundo-esta-mas-cerca-del-comienzo-que-del-final-de-la-pandemia-cientifico-de-eu\/#breadcrumb"},"inLanguage":"es","potentialAction":[{"@type":"ReadAction","target":["https:\/\/www.bbmnoticias.com\/labravaradiofm\/2021\/10\/01\/el-mundo-esta-mas-cerca-del-comienzo-que-del-final-de-la-pandemia-cientifico-de-eu\/"]}]},{"@type":"ImageObject","inLanguage":"es","@id":"https:\/\/www.bbmnoticias.com\/labravaradiofm\/2021\/10\/01\/el-mundo-esta-mas-cerca-del-comienzo-que-del-final-de-la-pandemia-cientifico-de-eu\/#primaryimage","url":"https:\/\/www.bbmnoticias.com\/labravaradiofm\/wp-content\/uploads\/sites\/5\/2021\/10\/internacional01102021-40.jpeg","contentUrl":"https:\/\/www.bbmnoticias.com\/labravaradiofm\/wp-content\/uploads\/sites\/5\/2021\/10\/internacional01102021-40.jpeg","width":640,"height":360},{"@type":"BreadcrumbList","@id":"https:\/\/www.bbmnoticias.com\/labravaradiofm\/2021\/10\/01\/el-mundo-esta-mas-cerca-del-comienzo-que-del-final-de-la-pandemia-cientifico-de-eu\/#breadcrumb","itemListElement":[{"@type":"ListItem","position":1,"name":"Inicio","item":"https:\/\/www.bbmnoticias.com\/labravaradiofm\/"},{"@type":"ListItem","position":2,"name":"\u201cEl mundo est\u00e1 m\u00e1s cerca del comienzo que del final de la pandemia\u201d: cient\u00edfico de EU"}]},{"@type":"WebSite","@id":"https:\/\/www.bbmnoticias.com\/labravaradiofm\/#website","url":"https:\/\/www.bbmnoticias.com\/labravaradiofm\/","name":"LA BRAVA RADIO","description":"Empresa productora de medios, Radiodifusi\u00f3n, Noticias, tendencias y todo lo que necesitas saber de la pol\u00edtica mexicana e internacional; entretenimiento, espect\u00e1culos, salud y mucho m\u00e1s.","potentialAction":[{"@type":"SearchAction","target":{"@type":"EntryPoint","urlTemplate":"https:\/\/www.bbmnoticias.com\/labravaradiofm\/?s={search_term_string}"},"query-input":{"@type":"PropertyValueSpecification","valueRequired":true,"valueName":"search_term_string"}}],"inLanguage":"es"},{"@type":"Person","@id":"https:\/\/www.bbmnoticias.com\/labravaradiofm\/#\/schema\/person\/baf240d77a345f5fbc3dc146f9161af9","name":"SDPnoticias","image":{"@type":"ImageObject","inLanguage":"es","@id":"https:\/\/secure.gravatar.com\/avatar\/015ede9175a06d999d8b2b09e108b48c9e008e4ee44a647956086b51bbce326c?s=96&d=mm&r=g","url":"https:\/\/secure.gravatar.com\/avatar\/015ede9175a06d999d8b2b09e108b48c9e008e4ee44a647956086b51bbce326c?s=96&d=mm&r=g","contentUrl":"https:\/\/secure.gravatar.com\/avatar\/015ede9175a06d999d8b2b09e108b48c9e008e4ee44a647956086b51bbce326c?s=96&d=mm&r=g","caption":"SDPnoticias"},"url":"https:\/\/www.bbmnoticias.com\/labravaradiofm\/author\/sdpnoticias\/"}]}},"_links":{"self":[{"href":"https:\/\/www.bbmnoticias.com\/labravaradiofm\/wp-json\/wp\/v2\/posts\/2980","targetHints":{"allow":["GET"]}}],"collection":[{"href":"https:\/\/www.bbmnoticias.com\/labravaradiofm\/wp-json\/wp\/v2\/posts"}],"about":[{"href":"https:\/\/www.bbmnoticias.com\/labravaradiofm\/wp-json\/wp\/v2\/types\/post"}],"author":[{"embeddable":true,"href":"https:\/\/www.bbmnoticias.com\/labravaradiofm\/wp-json\/wp\/v2\/users\/12"}],"replies":[{"embeddable":true,"href":"https:\/\/www.bbmnoticias.com\/labravaradiofm\/wp-json\/wp\/v2\/comments?post=2980"}],"version-history":[{"count":0,"href":"https:\/\/www.bbmnoticias.com\/labravaradiofm\/wp-json\/wp\/v2\/posts\/2980\/revisions"}],"wp:featuredmedia":[{"embeddable":true,"href":"https:\/\/www.bbmnoticias.com\/labravaradiofm\/wp-json\/wp\/v2\/media\/2981"}],"wp:attachment":[{"href":"https:\/\/www.bbmnoticias.com\/labravaradiofm\/wp-json\/wp\/v2\/media?parent=2980"}],"wp:term":[{"taxonomy":"category","embeddable":true,"href":"https:\/\/www.bbmnoticias.com\/labravaradiofm\/wp-json\/wp\/v2\/categories?post=2980"},{"taxonomy":"post_tag","embeddable":true,"href":"https:\/\/www.bbmnoticias.com\/labravaradiofm\/wp-json\/wp\/v2\/tags?post=2980"}],"curies":[{"name":"wp","href":"https:\/\/api.w.org\/{rel}","templated":true}]}}