{"id":2974,"date":"2021-10-01T20:04:17","date_gmt":"2021-10-02T01:04:17","guid":{"rendered":"https:\/\/www.bbmnoticias.com\/labravaradiofm\/?p=2974"},"modified":"2021-10-01T20:19:27","modified_gmt":"2021-10-02T01:19:27","slug":"semaforo-covid-19-en-mexico-del-4-al-17-de-octubre-9-estados-en-verde","status":"publish","type":"post","link":"https:\/\/www.bbmnoticias.com\/labravaradiofm\/2021\/10\/01\/semaforo-covid-19-en-mexico-del-4-al-17-de-octubre-9-estados-en-verde\/","title":{"rendered":"Oaxaca pasar\u00e1 a sem\u00e1foro verde"},"content":{"rendered":"<div style=\"margin-top: 0px; margin-bottom: 0px;\" class=\"sharethis-inline-share-buttons\" ><\/div>\n<p>M\u00e9xico. &#8211; La Secretar\u00eda de Salud (SSa) present\u00f3 la actualizaci\u00f3n del <strong>Sem\u00e1foro Covid-19<\/strong> para las 32 entidades de M\u00e9xico, que estar\u00e1 <strong>vigente<\/strong> a partir del lunes <strong>4 de octubre<\/strong>.<\/p>\n\n\n\n<p>En la actualizaci\u00f3n del <strong>Sem\u00e1foro Covid-19<\/strong>, se muestra un importante avance en varios estados, ya que aument\u00f3 el n\u00famero de entidades que se ubicar\u00e1n en el nivel de riesgo menor, es decir el color <strong>verde<\/strong>.<\/p>\n\n\n\n<p>Lo anterior debido a que en el mecanismo se indica que del <strong>4 al 17 de octubre<\/strong>, ser\u00e1n un total de <strong>9 los estados en verde<\/strong>.<\/p>\n\n\n\n<p>De la misma forma, como ha ocurrido en las quincenas previas, no hay ning\u00fan territorio en sem\u00e1foro rojo, mientras que son <strong>22 los que estar\u00e1n en amarillo<\/strong>.<\/p>\n\n\n\n<p>Debido a lo anterior, los estados que se colocar\u00e1 a partir del siguiente lunes en el <strong>sem\u00e1foro naranja<\/strong>, ser\u00e1 solo uno, lo cual representa tambi\u00e9n una importante disminuci\u00f3n.<\/p>\n\n\n\n<h2 class=\"wp-block-heading\">Estados que se ubicar\u00e1n en el sem\u00e1foro naranja<\/h2>\n\n\n\n<p>De acuerdo con la actualizaci\u00f3n del <strong>sem\u00e1foro Covid-19<\/strong> notificada este 1 de octubre, la cantidad de estados que estar\u00e1n en el nivel de riesgo alto, se redujo completamente.<\/p>\n\n\n\n<p>Mientras en la quincena que est\u00e1 por concluir el pr\u00f3ximo domingo eran 4 las entidades en el <strong>sem\u00e1foro naranja<\/strong>, en la siguiente ser\u00e1 solo uno, trat\u00e1ndose de <strong>Baja California<\/strong>.<\/p>\n\n\n\n<h2 class=\"wp-block-heading\">\u00bfQu\u00e9 estados ser\u00e1n los que se coloquen en sem\u00e1foro amarillo?<\/h2>\n\n\n\n<p>En el caso de las entidades que permanecer\u00e1n del <strong>4 de octubre<\/strong> y hasta el 17 del mismo mes en el <strong>sem\u00e1foro amarillo<\/strong>, se indica que tambi\u00e9n se registr\u00f3 una disminuci\u00f3n.<\/p>\n\n\n\n<p>En el periodo que est\u00e1 a\u00fan vigente, fueron un total de 24 los territorios que se ubicar\u00e1n en el nivel de riesgo de transmisi\u00f3n Covid-19 medio, mientras que en el siguiente ser\u00e1n 22, siendo los siguientes:<\/p>\n\n\n\n<ul class=\"wp-block-list\"><li>Aguascalientes<\/li><li>Campeche<\/li><li>Ciudad de M\u00e9xico (CDMX)<\/li><li>Coahuila<\/li><li>Colima<\/li><li>Estado de M\u00e9xico (Edomex)<\/li><li>Guanajuato<\/li><li>Hidalgo<\/li><li>Jalisco<\/li><li>Michoac\u00e1n<\/li><li>Morelos<\/li><li>Nayarit<\/li><li>Nuevo Le\u00f3n<\/li><li>Puebla<\/li><li>Quer\u00e9taro<\/li><li>San Luis Potos\u00ed<\/li><li>Sonora<\/li><li>Tabasco<\/li><li>Tamaulipas<\/li><li>Tlaxcala<\/li><li>Veracruz<\/li><li>Yucat\u00e1n<\/li><\/ul>\n\n\n\n<h2 class=\"wp-block-heading\">\u00bfCu\u00e1les son las entidades que estar\u00e1n en sem\u00e1foro verde?<\/h2>\n\n\n\n<p>En cuanto al sem\u00e1foro verde, este nivel de riesgo fue el \u00fanico que present\u00f3 un aumento en la actualizaci\u00f3n presentada por la SSa.<\/p>\n\n\n\n<p>Al respecto, se indica que ser\u00e1n un total de 9 los estados que se ubicar\u00e1n en el nivel de riesgo m\u00ednimo, mientras que en la quincena por terminar eran 4.<\/p>\n\n\n\n<p>Sobre los territorios que estar\u00e1n en dicho nivel durante los siguientes 15 d\u00edas, se indica que son los siguientes:<\/p>\n\n\n\n<ul class=\"wp-block-list\"><li>Bajas California Sur<\/li><li>Chiapas<\/li><li>Chihuahua<\/li><li>Durango<\/li><li>Guerrero<\/li><li>Oaxaca<\/li><li>Quintana Roo<\/li><li>Sinaloa<\/li><li>Zacatecas<\/li><\/ul>\n","protected":false},"excerpt":{"rendered":"<p>M\u00e9xico. &#8211; La Secretar\u00eda de Salud (SSa) present\u00f3 la actualizaci\u00f3n del Sem\u00e1foro Covid-19 para las 32 entidades de M\u00e9xico, que estar\u00e1 vigente a partir del lunes 4 de octubre. En la actualizaci\u00f3n del Sem\u00e1foro Covid-19, se muestra un importante avance en varios estados, ya que aument\u00f3 el n\u00famero de entidades que se ubicar\u00e1n en el [&hellip;]<\/p>\n","protected":false},"author":12,"featured_media":2975,"comment_status":"closed","ping_status":"closed","sticky":false,"template":"","format":"standard","meta":{"footnotes":""},"categories":[1],"tags":[],"class_list":{"0":"post-2974","1":"post","2":"type-post","3":"status-publish","4":"format-standard","5":"has-post-thumbnail","7":"category-sin-categoria"},"yoast_head":"<!-- This site is optimized with the Yoast SEO plugin v27.4 - https:\/\/yoast.com\/product\/yoast-seo-wordpress\/ -->\n<title>Oaxaca pasar\u00e1 a sem\u00e1foro verde - LA BRAVA RADIO<\/title>\n<meta name=\"robots\" content=\"index, follow, max-snippet:-1, max-image-preview:large, max-video-preview:-1\" \/>\n<link rel=\"canonical\" href=\"https:\/\/www.bbmnoticias.com\/labravaradiofm\/2021\/10\/01\/semaforo-covid-19-en-mexico-del-4-al-17-de-octubre-9-estados-en-verde\/\" \/>\n<meta property=\"og:locale\" content=\"es_MX\" \/>\n<meta property=\"og:type\" content=\"article\" \/>\n<meta property=\"og:title\" content=\"Oaxaca pasar\u00e1 a sem\u00e1foro verde - LA BRAVA RADIO\" \/>\n<meta property=\"og:description\" content=\"M\u00e9xico. &#8211; La Secretar\u00eda de Salud (SSa) present\u00f3 la actualizaci\u00f3n del Sem\u00e1foro Covid-19 para las 32 entidades de M\u00e9xico, que estar\u00e1 vigente a partir del lunes 4 de octubre. En la actualizaci\u00f3n del Sem\u00e1foro Covid-19, se muestra un importante avance en varios estados, ya que aument\u00f3 el n\u00famero de entidades que se ubicar\u00e1n en el [&hellip;]\" \/>\n<meta property=\"og:url\" content=\"https:\/\/www.bbmnoticias.com\/labravaradiofm\/2021\/10\/01\/semaforo-covid-19-en-mexico-del-4-al-17-de-octubre-9-estados-en-verde\/\" \/>\n<meta property=\"og:site_name\" content=\"LA BRAVA RADIO\" \/>\n<meta property=\"article:published_time\" content=\"2021-10-02T01:04:17+00:00\" \/>\n<meta property=\"article:modified_time\" content=\"2021-10-02T01:19:27+00:00\" \/>\n<meta property=\"og:image\" content=\"https:\/\/www.bbmnoticias.com\/labravaradiofm\/wp-content\/uploads\/sites\/5\/2021\/10\/nacional01102021-43.webp\" \/>\n\t<meta property=\"og:image:width\" content=\"640\" \/>\n\t<meta property=\"og:image:height\" content=\"360\" \/>\n\t<meta property=\"og:image:type\" content=\"image\/webp\" \/>\n<meta name=\"author\" content=\"SDPnoticias\" \/>\n<meta name=\"twitter:card\" content=\"summary_large_image\" \/>\n<meta name=\"twitter:label1\" content=\"Escrito por\" \/>\n\t<meta name=\"twitter:data1\" content=\"SDPnoticias\" \/>\n\t<meta name=\"twitter:label2\" content=\"Tiempo de lectura\" \/>\n\t<meta name=\"twitter:data2\" content=\"2 minutos\" \/>\n<script type=\"application\/ld+json\" class=\"yoast-schema-graph\">{\"@context\":\"https:\\\/\\\/schema.org\",\"@graph\":[{\"@type\":\"Article\",\"@id\":\"https:\\\/\\\/www.bbmnoticias.com\\\/labravaradiofm\\\/2021\\\/10\\\/01\\\/semaforo-covid-19-en-mexico-del-4-al-17-de-octubre-9-estados-en-verde\\\/#article\",\"isPartOf\":{\"@id\":\"https:\\\/\\\/www.bbmnoticias.com\\\/labravaradiofm\\\/2021\\\/10\\\/01\\\/semaforo-covid-19-en-mexico-del-4-al-17-de-octubre-9-estados-en-verde\\\/\"},\"author\":{\"name\":\"SDPnoticias\",\"@id\":\"https:\\\/\\\/www.bbmnoticias.com\\\/labravaradiofm\\\/#\\\/schema\\\/person\\\/baf240d77a345f5fbc3dc146f9161af9\"},\"headline\":\"Oaxaca pasar\u00e1 a sem\u00e1foro verde\",\"datePublished\":\"2021-10-02T01:04:17+00:00\",\"dateModified\":\"2021-10-02T01:19:27+00:00\",\"mainEntityOfPage\":{\"@id\":\"https:\\\/\\\/www.bbmnoticias.com\\\/labravaradiofm\\\/2021\\\/10\\\/01\\\/semaforo-covid-19-en-mexico-del-4-al-17-de-octubre-9-estados-en-verde\\\/\"},\"wordCount\":452,\"image\":{\"@id\":\"https:\\\/\\\/www.bbmnoticias.com\\\/labravaradiofm\\\/2021\\\/10\\\/01\\\/semaforo-covid-19-en-mexico-del-4-al-17-de-octubre-9-estados-en-verde\\\/#primaryimage\"},\"thumbnailUrl\":\"https:\\\/\\\/www.bbmnoticias.com\\\/labravaradiofm\\\/wp-content\\\/uploads\\\/sites\\\/5\\\/2021\\\/10\\\/nacional01102021-43.webp\",\"inLanguage\":\"es\"},{\"@type\":\"WebPage\",\"@id\":\"https:\\\/\\\/www.bbmnoticias.com\\\/labravaradiofm\\\/2021\\\/10\\\/01\\\/semaforo-covid-19-en-mexico-del-4-al-17-de-octubre-9-estados-en-verde\\\/\",\"url\":\"https:\\\/\\\/www.bbmnoticias.com\\\/labravaradiofm\\\/2021\\\/10\\\/01\\\/semaforo-covid-19-en-mexico-del-4-al-17-de-octubre-9-estados-en-verde\\\/\",\"name\":\"Oaxaca pasar\u00e1 a sem\u00e1foro verde - LA BRAVA RADIO\",\"isPartOf\":{\"@id\":\"https:\\\/\\\/www.bbmnoticias.com\\\/labravaradiofm\\\/#website\"},\"primaryImageOfPage\":{\"@id\":\"https:\\\/\\\/www.bbmnoticias.com\\\/labravaradiofm\\\/2021\\\/10\\\/01\\\/semaforo-covid-19-en-mexico-del-4-al-17-de-octubre-9-estados-en-verde\\\/#primaryimage\"},\"image\":{\"@id\":\"https:\\\/\\\/www.bbmnoticias.com\\\/labravaradiofm\\\/2021\\\/10\\\/01\\\/semaforo-covid-19-en-mexico-del-4-al-17-de-octubre-9-estados-en-verde\\\/#primaryimage\"},\"thumbnailUrl\":\"https:\\\/\\\/www.bbmnoticias.com\\\/labravaradiofm\\\/wp-content\\\/uploads\\\/sites\\\/5\\\/2021\\\/10\\\/nacional01102021-43.webp\",\"datePublished\":\"2021-10-02T01:04:17+00:00\",\"dateModified\":\"2021-10-02T01:19:27+00:00\",\"author\":{\"@id\":\"https:\\\/\\\/www.bbmnoticias.com\\\/labravaradiofm\\\/#\\\/schema\\\/person\\\/baf240d77a345f5fbc3dc146f9161af9\"},\"breadcrumb\":{\"@id\":\"https:\\\/\\\/www.bbmnoticias.com\\\/labravaradiofm\\\/2021\\\/10\\\/01\\\/semaforo-covid-19-en-mexico-del-4-al-17-de-octubre-9-estados-en-verde\\\/#breadcrumb\"},\"inLanguage\":\"es\",\"potentialAction\":[{\"@type\":\"ReadAction\",\"target\":[\"https:\\\/\\\/www.bbmnoticias.com\\\/labravaradiofm\\\/2021\\\/10\\\/01\\\/semaforo-covid-19-en-mexico-del-4-al-17-de-octubre-9-estados-en-verde\\\/\"]}]},{\"@type\":\"ImageObject\",\"inLanguage\":\"es\",\"@id\":\"https:\\\/\\\/www.bbmnoticias.com\\\/labravaradiofm\\\/2021\\\/10\\\/01\\\/semaforo-covid-19-en-mexico-del-4-al-17-de-octubre-9-estados-en-verde\\\/#primaryimage\",\"url\":\"https:\\\/\\\/www.bbmnoticias.com\\\/labravaradiofm\\\/wp-content\\\/uploads\\\/sites\\\/5\\\/2021\\\/10\\\/nacional01102021-43.webp\",\"contentUrl\":\"https:\\\/\\\/www.bbmnoticias.com\\\/labravaradiofm\\\/wp-content\\\/uploads\\\/sites\\\/5\\\/2021\\\/10\\\/nacional01102021-43.webp\",\"width\":640,\"height\":360},{\"@type\":\"BreadcrumbList\",\"@id\":\"https:\\\/\\\/www.bbmnoticias.com\\\/labravaradiofm\\\/2021\\\/10\\\/01\\\/semaforo-covid-19-en-mexico-del-4-al-17-de-octubre-9-estados-en-verde\\\/#breadcrumb\",\"itemListElement\":[{\"@type\":\"ListItem\",\"position\":1,\"name\":\"Inicio\",\"item\":\"https:\\\/\\\/www.bbmnoticias.com\\\/labravaradiofm\\\/\"},{\"@type\":\"ListItem\",\"position\":2,\"name\":\"Oaxaca pasar\u00e1 a sem\u00e1foro verde\"}]},{\"@type\":\"WebSite\",\"@id\":\"https:\\\/\\\/www.bbmnoticias.com\\\/labravaradiofm\\\/#website\",\"url\":\"https:\\\/\\\/www.bbmnoticias.com\\\/labravaradiofm\\\/\",\"name\":\"LA BRAVA RADIO\",\"description\":\"Empresa productora de medios, Radiodifusi\u00f3n, Noticias, tendencias y todo lo que necesitas saber de la pol\u00edtica mexicana e internacional; entretenimiento, espect\u00e1culos, salud y mucho m\u00e1s.\",\"potentialAction\":[{\"@type\":\"SearchAction\",\"target\":{\"@type\":\"EntryPoint\",\"urlTemplate\":\"https:\\\/\\\/www.bbmnoticias.com\\\/labravaradiofm\\\/?s={search_term_string}\"},\"query-input\":{\"@type\":\"PropertyValueSpecification\",\"valueRequired\":true,\"valueName\":\"search_term_string\"}}],\"inLanguage\":\"es\"},{\"@type\":\"Person\",\"@id\":\"https:\\\/\\\/www.bbmnoticias.com\\\/labravaradiofm\\\/#\\\/schema\\\/person\\\/baf240d77a345f5fbc3dc146f9161af9\",\"name\":\"SDPnoticias\",\"image\":{\"@type\":\"ImageObject\",\"inLanguage\":\"es\",\"@id\":\"https:\\\/\\\/secure.gravatar.com\\\/avatar\\\/015ede9175a06d999d8b2b09e108b48c9e008e4ee44a647956086b51bbce326c?s=96&d=mm&r=g\",\"url\":\"https:\\\/\\\/secure.gravatar.com\\\/avatar\\\/015ede9175a06d999d8b2b09e108b48c9e008e4ee44a647956086b51bbce326c?s=96&d=mm&r=g\",\"contentUrl\":\"https:\\\/\\\/secure.gravatar.com\\\/avatar\\\/015ede9175a06d999d8b2b09e108b48c9e008e4ee44a647956086b51bbce326c?s=96&d=mm&r=g\",\"caption\":\"SDPnoticias\"},\"url\":\"https:\\\/\\\/www.bbmnoticias.com\\\/labravaradiofm\\\/author\\\/sdpnoticias\\\/\"}]}<\/script>\n<!-- \/ Yoast SEO plugin. -->","yoast_head_json":{"title":"Oaxaca pasar\u00e1 a sem\u00e1foro verde - LA BRAVA RADIO","robots":{"index":"index","follow":"follow","max-snippet":"max-snippet:-1","max-image-preview":"max-image-preview:large","max-video-preview":"max-video-preview:-1"},"canonical":"https:\/\/www.bbmnoticias.com\/labravaradiofm\/2021\/10\/01\/semaforo-covid-19-en-mexico-del-4-al-17-de-octubre-9-estados-en-verde\/","og_locale":"es_MX","og_type":"article","og_title":"Oaxaca pasar\u00e1 a sem\u00e1foro verde - LA BRAVA RADIO","og_description":"M\u00e9xico. &#8211; La Secretar\u00eda de Salud (SSa) present\u00f3 la actualizaci\u00f3n del Sem\u00e1foro Covid-19 para las 32 entidades de M\u00e9xico, que estar\u00e1 vigente a partir del lunes 4 de octubre. En la actualizaci\u00f3n del Sem\u00e1foro Covid-19, se muestra un importante avance en varios estados, ya que aument\u00f3 el n\u00famero de entidades que se ubicar\u00e1n en el [&hellip;]","og_url":"https:\/\/www.bbmnoticias.com\/labravaradiofm\/2021\/10\/01\/semaforo-covid-19-en-mexico-del-4-al-17-de-octubre-9-estados-en-verde\/","og_site_name":"LA BRAVA RADIO","article_published_time":"2021-10-02T01:04:17+00:00","article_modified_time":"2021-10-02T01:19:27+00:00","og_image":[{"width":640,"height":360,"url":"https:\/\/www.bbmnoticias.com\/labravaradiofm\/wp-content\/uploads\/sites\/5\/2021\/10\/nacional01102021-43.webp","type":"image\/webp"}],"author":"SDPnoticias","twitter_card":"summary_large_image","twitter_misc":{"Escrito por":"SDPnoticias","Tiempo de lectura":"2 minutos"},"schema":{"@context":"https:\/\/schema.org","@graph":[{"@type":"Article","@id":"https:\/\/www.bbmnoticias.com\/labravaradiofm\/2021\/10\/01\/semaforo-covid-19-en-mexico-del-4-al-17-de-octubre-9-estados-en-verde\/#article","isPartOf":{"@id":"https:\/\/www.bbmnoticias.com\/labravaradiofm\/2021\/10\/01\/semaforo-covid-19-en-mexico-del-4-al-17-de-octubre-9-estados-en-verde\/"},"author":{"name":"SDPnoticias","@id":"https:\/\/www.bbmnoticias.com\/labravaradiofm\/#\/schema\/person\/baf240d77a345f5fbc3dc146f9161af9"},"headline":"Oaxaca pasar\u00e1 a sem\u00e1foro verde","datePublished":"2021-10-02T01:04:17+00:00","dateModified":"2021-10-02T01:19:27+00:00","mainEntityOfPage":{"@id":"https:\/\/www.bbmnoticias.com\/labravaradiofm\/2021\/10\/01\/semaforo-covid-19-en-mexico-del-4-al-17-de-octubre-9-estados-en-verde\/"},"wordCount":452,"image":{"@id":"https:\/\/www.bbmnoticias.com\/labravaradiofm\/2021\/10\/01\/semaforo-covid-19-en-mexico-del-4-al-17-de-octubre-9-estados-en-verde\/#primaryimage"},"thumbnailUrl":"https:\/\/www.bbmnoticias.com\/labravaradiofm\/wp-content\/uploads\/sites\/5\/2021\/10\/nacional01102021-43.webp","inLanguage":"es"},{"@type":"WebPage","@id":"https:\/\/www.bbmnoticias.com\/labravaradiofm\/2021\/10\/01\/semaforo-covid-19-en-mexico-del-4-al-17-de-octubre-9-estados-en-verde\/","url":"https:\/\/www.bbmnoticias.com\/labravaradiofm\/2021\/10\/01\/semaforo-covid-19-en-mexico-del-4-al-17-de-octubre-9-estados-en-verde\/","name":"Oaxaca pasar\u00e1 a sem\u00e1foro verde - LA BRAVA RADIO","isPartOf":{"@id":"https:\/\/www.bbmnoticias.com\/labravaradiofm\/#website"},"primaryImageOfPage":{"@id":"https:\/\/www.bbmnoticias.com\/labravaradiofm\/2021\/10\/01\/semaforo-covid-19-en-mexico-del-4-al-17-de-octubre-9-estados-en-verde\/#primaryimage"},"image":{"@id":"https:\/\/www.bbmnoticias.com\/labravaradiofm\/2021\/10\/01\/semaforo-covid-19-en-mexico-del-4-al-17-de-octubre-9-estados-en-verde\/#primaryimage"},"thumbnailUrl":"https:\/\/www.bbmnoticias.com\/labravaradiofm\/wp-content\/uploads\/sites\/5\/2021\/10\/nacional01102021-43.webp","datePublished":"2021-10-02T01:04:17+00:00","dateModified":"2021-10-02T01:19:27+00:00","author":{"@id":"https:\/\/www.bbmnoticias.com\/labravaradiofm\/#\/schema\/person\/baf240d77a345f5fbc3dc146f9161af9"},"breadcrumb":{"@id":"https:\/\/www.bbmnoticias.com\/labravaradiofm\/2021\/10\/01\/semaforo-covid-19-en-mexico-del-4-al-17-de-octubre-9-estados-en-verde\/#breadcrumb"},"inLanguage":"es","potentialAction":[{"@type":"ReadAction","target":["https:\/\/www.bbmnoticias.com\/labravaradiofm\/2021\/10\/01\/semaforo-covid-19-en-mexico-del-4-al-17-de-octubre-9-estados-en-verde\/"]}]},{"@type":"ImageObject","inLanguage":"es","@id":"https:\/\/www.bbmnoticias.com\/labravaradiofm\/2021\/10\/01\/semaforo-covid-19-en-mexico-del-4-al-17-de-octubre-9-estados-en-verde\/#primaryimage","url":"https:\/\/www.bbmnoticias.com\/labravaradiofm\/wp-content\/uploads\/sites\/5\/2021\/10\/nacional01102021-43.webp","contentUrl":"https:\/\/www.bbmnoticias.com\/labravaradiofm\/wp-content\/uploads\/sites\/5\/2021\/10\/nacional01102021-43.webp","width":640,"height":360},{"@type":"BreadcrumbList","@id":"https:\/\/www.bbmnoticias.com\/labravaradiofm\/2021\/10\/01\/semaforo-covid-19-en-mexico-del-4-al-17-de-octubre-9-estados-en-verde\/#breadcrumb","itemListElement":[{"@type":"ListItem","position":1,"name":"Inicio","item":"https:\/\/www.bbmnoticias.com\/labravaradiofm\/"},{"@type":"ListItem","position":2,"name":"Oaxaca pasar\u00e1 a sem\u00e1foro verde"}]},{"@type":"WebSite","@id":"https:\/\/www.bbmnoticias.com\/labravaradiofm\/#website","url":"https:\/\/www.bbmnoticias.com\/labravaradiofm\/","name":"LA BRAVA RADIO","description":"Empresa productora de medios, Radiodifusi\u00f3n, Noticias, tendencias y todo lo que necesitas saber de la pol\u00edtica mexicana e internacional; entretenimiento, espect\u00e1culos, salud y mucho m\u00e1s.","potentialAction":[{"@type":"SearchAction","target":{"@type":"EntryPoint","urlTemplate":"https:\/\/www.bbmnoticias.com\/labravaradiofm\/?s={search_term_string}"},"query-input":{"@type":"PropertyValueSpecification","valueRequired":true,"valueName":"search_term_string"}}],"inLanguage":"es"},{"@type":"Person","@id":"https:\/\/www.bbmnoticias.com\/labravaradiofm\/#\/schema\/person\/baf240d77a345f5fbc3dc146f9161af9","name":"SDPnoticias","image":{"@type":"ImageObject","inLanguage":"es","@id":"https:\/\/secure.gravatar.com\/avatar\/015ede9175a06d999d8b2b09e108b48c9e008e4ee44a647956086b51bbce326c?s=96&d=mm&r=g","url":"https:\/\/secure.gravatar.com\/avatar\/015ede9175a06d999d8b2b09e108b48c9e008e4ee44a647956086b51bbce326c?s=96&d=mm&r=g","contentUrl":"https:\/\/secure.gravatar.com\/avatar\/015ede9175a06d999d8b2b09e108b48c9e008e4ee44a647956086b51bbce326c?s=96&d=mm&r=g","caption":"SDPnoticias"},"url":"https:\/\/www.bbmnoticias.com\/labravaradiofm\/author\/sdpnoticias\/"}]}},"_links":{"self":[{"href":"https:\/\/www.bbmnoticias.com\/labravaradiofm\/wp-json\/wp\/v2\/posts\/2974","targetHints":{"allow":["GET"]}}],"collection":[{"href":"https:\/\/www.bbmnoticias.com\/labravaradiofm\/wp-json\/wp\/v2\/posts"}],"about":[{"href":"https:\/\/www.bbmnoticias.com\/labravaradiofm\/wp-json\/wp\/v2\/types\/post"}],"author":[{"embeddable":true,"href":"https:\/\/www.bbmnoticias.com\/labravaradiofm\/wp-json\/wp\/v2\/users\/12"}],"replies":[{"embeddable":true,"href":"https:\/\/www.bbmnoticias.com\/labravaradiofm\/wp-json\/wp\/v2\/comments?post=2974"}],"version-history":[{"count":0,"href":"https:\/\/www.bbmnoticias.com\/labravaradiofm\/wp-json\/wp\/v2\/posts\/2974\/revisions"}],"wp:featuredmedia":[{"embeddable":true,"href":"https:\/\/www.bbmnoticias.com\/labravaradiofm\/wp-json\/wp\/v2\/media\/2975"}],"wp:attachment":[{"href":"https:\/\/www.bbmnoticias.com\/labravaradiofm\/wp-json\/wp\/v2\/media?parent=2974"}],"wp:term":[{"taxonomy":"category","embeddable":true,"href":"https:\/\/www.bbmnoticias.com\/labravaradiofm\/wp-json\/wp\/v2\/categories?post=2974"},{"taxonomy":"post_tag","embeddable":true,"href":"https:\/\/www.bbmnoticias.com\/labravaradiofm\/wp-json\/wp\/v2\/tags?post=2974"}],"curies":[{"name":"wp","href":"https:\/\/api.w.org\/{rel}","templated":true}]}}