{"id":2969,"date":"2021-10-01T20:01:34","date_gmt":"2021-10-02T01:01:34","guid":{"rendered":"https:\/\/www.bbmnoticias.com\/labravaradiofm\/?p=2969"},"modified":"2021-10-01T20:01:35","modified_gmt":"2021-10-02T01:01:35","slug":"ayotzinapa-revelan-conversacion-entre-de-2014-entre-guerreros-unidos-y-policias-de-iguala","status":"publish","type":"post","link":"https:\/\/www.bbmnoticias.com\/labravaradiofm\/2021\/10\/01\/ayotzinapa-revelan-conversacion-entre-de-2014-entre-guerreros-unidos-y-policias-de-iguala\/","title":{"rendered":"Ayotzinapa: revelan conversaci\u00f3n entre de 2014 entre Guerreros Unidos y polic\u00edas de Iguala"},"content":{"rendered":"<div style=\"margin-top: 0px; margin-bottom: 0px;\" class=\"sharethis-inline-share-buttons\" ><\/div>\n<p>M\u00e9xico. &#8211; La Secretar\u00eda de Gobernaci\u00f3n <strong>(Segob) <\/strong>dio a conocer <strong>conversaciones <\/strong>entre<strong> \u201cGuerreros Unidos\u201d<\/strong> y polic\u00edas de <strong>Iguala<\/strong>, del caso de los 43 estudiantes <strong>normalistas de Ayotzinapa.<\/strong><\/p>\n\n\n\n<p>La Comisi\u00f3n de la Verdad y Acceso a la Justicia en el <strong>Caso Ayotzinapa<\/strong>, de la Segob, hizo p\u00fablicas conversaciones que le entreg\u00f3 la Secretar\u00eda de la Defensa Nacional (Sedena).<\/p>\n\n\n\n<p>Se trata de conversaciones que ocurrieron el 26 de septiembre de 2014, la noche que desaparecieron los 43 estudiantes normalistas de <strong>Ayotzinapa.<\/strong><\/p>\n\n\n\n<h2 class=\"wp-block-heading\">\u00bfQu\u00e9 dicen las conversaciones del caso Ayotzinapa?<\/h2>\n\n\n\n<p>La primera conversaci\u00f3n se realiz\u00f3 el <strong>26 de septiembre de 2014 <\/strong>en Iguala, Guerrero, la noche que desaparecieron los <strong>43 normalistas de Ayotzinapa<\/strong>, en la cual intervienen:<\/p>\n\n\n\n<ul class=\"wp-block-list\"><li>Francisco Salgado Valladares, comandante de la polic\u00eda municipal de Iguala<\/li><li>Gente de confianza de Felipe Flores V\u00e1zquez, director de Seguridad P\u00fablica de Iguala<\/li><li>Gilberto \u201cEl Gil\u201d, jefe regional de \u201cGuerrero Unidos\u201d<\/li><\/ul>\n\n\n\n<p>En la conversaci\u00f3n, \u201cIgnacio\u201d, quien ser\u00eda parte de las autoridades de<strong> Iguala<\/strong>, le informa a \u201cEl Gil\u201d que tiene a varios <strong>normalistas de Ayotzinapa<\/strong> detenidos.<\/p>\n\n\n\n<p>\u201cSeg\u00fan son ayotzinapos pero andan encapuchados y armados. Ya tenemos varios detenidos\u201d, dice Ignacio.<\/p>\n\n\n\n<p>Mientras, \u201cEl Gil\u201d le responde \u201cS\u00ed entr\u00e9game a todos los detenidos\u201d.<\/p>\n\n\n\n<p>La conversaci\u00f3n revela que autoridades de Iguala habr\u00edan entregado a normalistas detenidos de Ayotzinapa a \u201cEl Gil\u201d, l\u00edder de Guerreros Unidos.<\/p>\n\n\n\n<p><\/p>\n\n\n\n<figure class=\"wp-block-image size-full\"><img loading=\"lazy\" decoding=\"async\" width=\"640\" height=\"790\" src=\"https:\/\/www.bbmnoticias.com\/labravaradiofm\/wp-content\/uploads\/sites\/5\/2021\/10\/nacional01102021-40.jpg\" alt=\"\" class=\"wp-image-2970\" srcset=\"https:\/\/www.bbmnoticias.com\/labravaradiofm\/wp-content\/uploads\/sites\/5\/2021\/10\/nacional01102021-40.jpg 640w, https:\/\/www.bbmnoticias.com\/labravaradiofm\/wp-content\/uploads\/sites\/5\/2021\/10\/nacional01102021-40-243x300.jpg 243w, https:\/\/www.bbmnoticias.com\/labravaradiofm\/wp-content\/uploads\/sites\/5\/2021\/10\/nacional01102021-40-340x420.jpg 340w\" sizes=\"auto, (max-width: 640px) 100vw, 640px\" \/><\/figure>\n\n\n\n<p>La segunda conversaci\u00f3n est\u00e1 fechada el 4 octubre de 2014 y es entreAlejandro, alias \u201cel cholo\u201d y Ram\u00f3n, quien ser\u00eda polic\u00eda del municipio de Tepecoacuilco.<\/p>\n\n\n\n<p>En la conversaci\u00f3n \u201cel cholo\u201d menciona que encontraron una fosa clandestina en Pueblo Viejo y ser\u00eda de \u201cEl Gil\u201d, l\u00edder de Guerreros Unidos.<\/p>\n\n\n\n<p><\/p>\n\n\n\n<figure class=\"wp-block-image size-full\"><img loading=\"lazy\" decoding=\"async\" width=\"640\" height=\"804\" src=\"https:\/\/www.bbmnoticias.com\/labravaradiofm\/wp-content\/uploads\/sites\/5\/2021\/10\/nacional01102021-41.jpg\" alt=\"\" class=\"wp-image-2971\" srcset=\"https:\/\/www.bbmnoticias.com\/labravaradiofm\/wp-content\/uploads\/sites\/5\/2021\/10\/nacional01102021-41.jpg 640w, https:\/\/www.bbmnoticias.com\/labravaradiofm\/wp-content\/uploads\/sites\/5\/2021\/10\/nacional01102021-41-239x300.jpg 239w, https:\/\/www.bbmnoticias.com\/labravaradiofm\/wp-content\/uploads\/sites\/5\/2021\/10\/nacional01102021-41-334x420.jpg 334w\" sizes=\"auto, (max-width: 640px) 100vw, 640px\" \/><\/figure>\n\n\n\n<h2 class=\"wp-block-heading\">Sedena entreg\u00f3 18 mil documentos relacionados con Ayotzinapa<\/h2>\n\n\n\n<p>En la ma\u00f1anera del 30 de septiembre, el presidente <strong>AMLO<\/strong> orden\u00f3 a Alejandro Encinas, subsecretario de Derechos Humanos, transparentar la informaci\u00f3n del Ej\u00e9rcito acerca del caso <strong>Ayotzinapa.<\/strong><\/p>\n\n\n\n<p>Por su parte, Alejandro Encinas asegur\u00f3 que al menos <strong>40 militares del Ej\u00e9rcito <\/strong>fueron llamados al declarar, as\u00ed como hay un capit\u00e1n detenido.<\/p>\n\n\n\n<p>Y asegur\u00f3 que la Sedena les entreg\u00f3 al menos 18 mil documentos que est\u00e1n siendo revisados por el Grupo Interdisciplinario de Expertas y Expertos Independientes (GIEI).<\/p>\n\n\n\n<p>A 7 a\u00f1os del caso, los familiares de los 43 normalistas de Ayotzinapa exigen investigar el papel del Ej\u00e9rcito en la desaparici\u00f3n.<\/p>\n","protected":false},"excerpt":{"rendered":"<p>M\u00e9xico. &#8211; La Secretar\u00eda de Gobernaci\u00f3n (Segob) dio a conocer conversaciones entre \u201cGuerreros Unidos\u201d y polic\u00edas de Iguala, del caso de los 43 estudiantes normalistas de Ayotzinapa. La Comisi\u00f3n de la Verdad y Acceso a la Justicia en el Caso Ayotzinapa, de la Segob, hizo p\u00fablicas conversaciones que le entreg\u00f3 la Secretar\u00eda de la Defensa [&hellip;]<\/p>\n","protected":false},"author":12,"featured_media":2972,"comment_status":"closed","ping_status":"closed","sticky":false,"template":"","format":"standard","meta":{"footnotes":""},"categories":[19],"tags":[],"class_list":{"0":"post-2969","1":"post","2":"type-post","3":"status-publish","4":"format-standard","5":"has-post-thumbnail","7":"category-nacional"},"yoast_head":"<!-- This site is optimized with the Yoast SEO plugin v27.4 - https:\/\/yoast.com\/product\/yoast-seo-wordpress\/ -->\n<title>Ayotzinapa: revelan conversaci\u00f3n entre de 2014 entre Guerreros Unidos y polic\u00edas de Iguala - LA BRAVA RADIO<\/title>\n<meta name=\"robots\" content=\"index, follow, max-snippet:-1, max-image-preview:large, max-video-preview:-1\" \/>\n<link rel=\"canonical\" href=\"https:\/\/www.bbmnoticias.com\/labravaradiofm\/2021\/10\/01\/ayotzinapa-revelan-conversacion-entre-de-2014-entre-guerreros-unidos-y-policias-de-iguala\/\" \/>\n<meta property=\"og:locale\" content=\"es_MX\" \/>\n<meta property=\"og:type\" content=\"article\" \/>\n<meta property=\"og:title\" content=\"Ayotzinapa: revelan conversaci\u00f3n entre de 2014 entre Guerreros Unidos y polic\u00edas de Iguala - LA BRAVA RADIO\" \/>\n<meta property=\"og:description\" content=\"M\u00e9xico. &#8211; La Secretar\u00eda de Gobernaci\u00f3n (Segob) dio a conocer conversaciones entre \u201cGuerreros Unidos\u201d y polic\u00edas de Iguala, del caso de los 43 estudiantes normalistas de Ayotzinapa. La Comisi\u00f3n de la Verdad y Acceso a la Justicia en el Caso Ayotzinapa, de la Segob, hizo p\u00fablicas conversaciones que le entreg\u00f3 la Secretar\u00eda de la Defensa [&hellip;]\" \/>\n<meta property=\"og:url\" content=\"https:\/\/www.bbmnoticias.com\/labravaradiofm\/2021\/10\/01\/ayotzinapa-revelan-conversacion-entre-de-2014-entre-guerreros-unidos-y-policias-de-iguala\/\" \/>\n<meta property=\"og:site_name\" content=\"LA BRAVA RADIO\" \/>\n<meta property=\"article:published_time\" content=\"2021-10-02T01:01:34+00:00\" \/>\n<meta property=\"article:modified_time\" content=\"2021-10-02T01:01:35+00:00\" \/>\n<meta property=\"og:image\" content=\"https:\/\/www.bbmnoticias.com\/labravaradiofm\/wp-content\/uploads\/sites\/5\/2021\/10\/nacional01102021-42.jpeg\" \/>\n\t<meta property=\"og:image:width\" content=\"640\" \/>\n\t<meta property=\"og:image:height\" content=\"360\" \/>\n\t<meta property=\"og:image:type\" content=\"image\/jpeg\" \/>\n<meta name=\"author\" content=\"SDPnoticias\" \/>\n<meta name=\"twitter:card\" content=\"summary_large_image\" \/>\n<meta name=\"twitter:label1\" content=\"Escrito por\" \/>\n\t<meta name=\"twitter:data1\" content=\"SDPnoticias\" \/>\n\t<meta name=\"twitter:label2\" content=\"Tiempo de lectura\" \/>\n\t<meta name=\"twitter:data2\" content=\"3 minutos\" \/>\n<script type=\"application\/ld+json\" class=\"yoast-schema-graph\">{\"@context\":\"https:\\\/\\\/schema.org\",\"@graph\":[{\"@type\":\"Article\",\"@id\":\"https:\\\/\\\/www.bbmnoticias.com\\\/labravaradiofm\\\/2021\\\/10\\\/01\\\/ayotzinapa-revelan-conversacion-entre-de-2014-entre-guerreros-unidos-y-policias-de-iguala\\\/#article\",\"isPartOf\":{\"@id\":\"https:\\\/\\\/www.bbmnoticias.com\\\/labravaradiofm\\\/2021\\\/10\\\/01\\\/ayotzinapa-revelan-conversacion-entre-de-2014-entre-guerreros-unidos-y-policias-de-iguala\\\/\"},\"author\":{\"name\":\"SDPnoticias\",\"@id\":\"https:\\\/\\\/www.bbmnoticias.com\\\/labravaradiofm\\\/#\\\/schema\\\/person\\\/baf240d77a345f5fbc3dc146f9161af9\"},\"headline\":\"Ayotzinapa: revelan conversaci\u00f3n entre de 2014 entre Guerreros Unidos y polic\u00edas de Iguala\",\"datePublished\":\"2021-10-02T01:01:34+00:00\",\"dateModified\":\"2021-10-02T01:01:35+00:00\",\"mainEntityOfPage\":{\"@id\":\"https:\\\/\\\/www.bbmnoticias.com\\\/labravaradiofm\\\/2021\\\/10\\\/01\\\/ayotzinapa-revelan-conversacion-entre-de-2014-entre-guerreros-unidos-y-policias-de-iguala\\\/\"},\"wordCount\":402,\"image\":{\"@id\":\"https:\\\/\\\/www.bbmnoticias.com\\\/labravaradiofm\\\/2021\\\/10\\\/01\\\/ayotzinapa-revelan-conversacion-entre-de-2014-entre-guerreros-unidos-y-policias-de-iguala\\\/#primaryimage\"},\"thumbnailUrl\":\"https:\\\/\\\/www.bbmnoticias.com\\\/labravaradiofm\\\/wp-content\\\/uploads\\\/sites\\\/5\\\/2021\\\/10\\\/nacional01102021-42.jpeg\",\"articleSection\":[\"NACIONAL\"],\"inLanguage\":\"es\"},{\"@type\":\"WebPage\",\"@id\":\"https:\\\/\\\/www.bbmnoticias.com\\\/labravaradiofm\\\/2021\\\/10\\\/01\\\/ayotzinapa-revelan-conversacion-entre-de-2014-entre-guerreros-unidos-y-policias-de-iguala\\\/\",\"url\":\"https:\\\/\\\/www.bbmnoticias.com\\\/labravaradiofm\\\/2021\\\/10\\\/01\\\/ayotzinapa-revelan-conversacion-entre-de-2014-entre-guerreros-unidos-y-policias-de-iguala\\\/\",\"name\":\"Ayotzinapa: revelan conversaci\u00f3n entre de 2014 entre Guerreros Unidos y polic\u00edas de Iguala - LA BRAVA RADIO\",\"isPartOf\":{\"@id\":\"https:\\\/\\\/www.bbmnoticias.com\\\/labravaradiofm\\\/#website\"},\"primaryImageOfPage\":{\"@id\":\"https:\\\/\\\/www.bbmnoticias.com\\\/labravaradiofm\\\/2021\\\/10\\\/01\\\/ayotzinapa-revelan-conversacion-entre-de-2014-entre-guerreros-unidos-y-policias-de-iguala\\\/#primaryimage\"},\"image\":{\"@id\":\"https:\\\/\\\/www.bbmnoticias.com\\\/labravaradiofm\\\/2021\\\/10\\\/01\\\/ayotzinapa-revelan-conversacion-entre-de-2014-entre-guerreros-unidos-y-policias-de-iguala\\\/#primaryimage\"},\"thumbnailUrl\":\"https:\\\/\\\/www.bbmnoticias.com\\\/labravaradiofm\\\/wp-content\\\/uploads\\\/sites\\\/5\\\/2021\\\/10\\\/nacional01102021-42.jpeg\",\"datePublished\":\"2021-10-02T01:01:34+00:00\",\"dateModified\":\"2021-10-02T01:01:35+00:00\",\"author\":{\"@id\":\"https:\\\/\\\/www.bbmnoticias.com\\\/labravaradiofm\\\/#\\\/schema\\\/person\\\/baf240d77a345f5fbc3dc146f9161af9\"},\"breadcrumb\":{\"@id\":\"https:\\\/\\\/www.bbmnoticias.com\\\/labravaradiofm\\\/2021\\\/10\\\/01\\\/ayotzinapa-revelan-conversacion-entre-de-2014-entre-guerreros-unidos-y-policias-de-iguala\\\/#breadcrumb\"},\"inLanguage\":\"es\",\"potentialAction\":[{\"@type\":\"ReadAction\",\"target\":[\"https:\\\/\\\/www.bbmnoticias.com\\\/labravaradiofm\\\/2021\\\/10\\\/01\\\/ayotzinapa-revelan-conversacion-entre-de-2014-entre-guerreros-unidos-y-policias-de-iguala\\\/\"]}]},{\"@type\":\"ImageObject\",\"inLanguage\":\"es\",\"@id\":\"https:\\\/\\\/www.bbmnoticias.com\\\/labravaradiofm\\\/2021\\\/10\\\/01\\\/ayotzinapa-revelan-conversacion-entre-de-2014-entre-guerreros-unidos-y-policias-de-iguala\\\/#primaryimage\",\"url\":\"https:\\\/\\\/www.bbmnoticias.com\\\/labravaradiofm\\\/wp-content\\\/uploads\\\/sites\\\/5\\\/2021\\\/10\\\/nacional01102021-42.jpeg\",\"contentUrl\":\"https:\\\/\\\/www.bbmnoticias.com\\\/labravaradiofm\\\/wp-content\\\/uploads\\\/sites\\\/5\\\/2021\\\/10\\\/nacional01102021-42.jpeg\",\"width\":640,\"height\":360},{\"@type\":\"BreadcrumbList\",\"@id\":\"https:\\\/\\\/www.bbmnoticias.com\\\/labravaradiofm\\\/2021\\\/10\\\/01\\\/ayotzinapa-revelan-conversacion-entre-de-2014-entre-guerreros-unidos-y-policias-de-iguala\\\/#breadcrumb\",\"itemListElement\":[{\"@type\":\"ListItem\",\"position\":1,\"name\":\"Inicio\",\"item\":\"https:\\\/\\\/www.bbmnoticias.com\\\/labravaradiofm\\\/\"},{\"@type\":\"ListItem\",\"position\":2,\"name\":\"Ayotzinapa: revelan conversaci\u00f3n entre de 2014 entre Guerreros Unidos y polic\u00edas de Iguala\"}]},{\"@type\":\"WebSite\",\"@id\":\"https:\\\/\\\/www.bbmnoticias.com\\\/labravaradiofm\\\/#website\",\"url\":\"https:\\\/\\\/www.bbmnoticias.com\\\/labravaradiofm\\\/\",\"name\":\"LA BRAVA RADIO\",\"description\":\"Empresa productora de medios, Radiodifusi\u00f3n, Noticias, tendencias y todo lo que necesitas saber de la pol\u00edtica mexicana e internacional; entretenimiento, espect\u00e1culos, salud y mucho m\u00e1s.\",\"potentialAction\":[{\"@type\":\"SearchAction\",\"target\":{\"@type\":\"EntryPoint\",\"urlTemplate\":\"https:\\\/\\\/www.bbmnoticias.com\\\/labravaradiofm\\\/?s={search_term_string}\"},\"query-input\":{\"@type\":\"PropertyValueSpecification\",\"valueRequired\":true,\"valueName\":\"search_term_string\"}}],\"inLanguage\":\"es\"},{\"@type\":\"Person\",\"@id\":\"https:\\\/\\\/www.bbmnoticias.com\\\/labravaradiofm\\\/#\\\/schema\\\/person\\\/baf240d77a345f5fbc3dc146f9161af9\",\"name\":\"SDPnoticias\",\"image\":{\"@type\":\"ImageObject\",\"inLanguage\":\"es\",\"@id\":\"https:\\\/\\\/secure.gravatar.com\\\/avatar\\\/015ede9175a06d999d8b2b09e108b48c9e008e4ee44a647956086b51bbce326c?s=96&d=mm&r=g\",\"url\":\"https:\\\/\\\/secure.gravatar.com\\\/avatar\\\/015ede9175a06d999d8b2b09e108b48c9e008e4ee44a647956086b51bbce326c?s=96&d=mm&r=g\",\"contentUrl\":\"https:\\\/\\\/secure.gravatar.com\\\/avatar\\\/015ede9175a06d999d8b2b09e108b48c9e008e4ee44a647956086b51bbce326c?s=96&d=mm&r=g\",\"caption\":\"SDPnoticias\"},\"url\":\"https:\\\/\\\/www.bbmnoticias.com\\\/labravaradiofm\\\/author\\\/sdpnoticias\\\/\"}]}<\/script>\n<!-- \/ Yoast SEO plugin. -->","yoast_head_json":{"title":"Ayotzinapa: revelan conversaci\u00f3n entre de 2014 entre Guerreros Unidos y polic\u00edas de Iguala - LA BRAVA RADIO","robots":{"index":"index","follow":"follow","max-snippet":"max-snippet:-1","max-image-preview":"max-image-preview:large","max-video-preview":"max-video-preview:-1"},"canonical":"https:\/\/www.bbmnoticias.com\/labravaradiofm\/2021\/10\/01\/ayotzinapa-revelan-conversacion-entre-de-2014-entre-guerreros-unidos-y-policias-de-iguala\/","og_locale":"es_MX","og_type":"article","og_title":"Ayotzinapa: revelan conversaci\u00f3n entre de 2014 entre Guerreros Unidos y polic\u00edas de Iguala - LA BRAVA RADIO","og_description":"M\u00e9xico. &#8211; La Secretar\u00eda de Gobernaci\u00f3n (Segob) dio a conocer conversaciones entre \u201cGuerreros Unidos\u201d y polic\u00edas de Iguala, del caso de los 43 estudiantes normalistas de Ayotzinapa. La Comisi\u00f3n de la Verdad y Acceso a la Justicia en el Caso Ayotzinapa, de la Segob, hizo p\u00fablicas conversaciones que le entreg\u00f3 la Secretar\u00eda de la Defensa [&hellip;]","og_url":"https:\/\/www.bbmnoticias.com\/labravaradiofm\/2021\/10\/01\/ayotzinapa-revelan-conversacion-entre-de-2014-entre-guerreros-unidos-y-policias-de-iguala\/","og_site_name":"LA BRAVA RADIO","article_published_time":"2021-10-02T01:01:34+00:00","article_modified_time":"2021-10-02T01:01:35+00:00","og_image":[{"width":640,"height":360,"url":"https:\/\/www.bbmnoticias.com\/labravaradiofm\/wp-content\/uploads\/sites\/5\/2021\/10\/nacional01102021-42.jpeg","type":"image\/jpeg"}],"author":"SDPnoticias","twitter_card":"summary_large_image","twitter_misc":{"Escrito por":"SDPnoticias","Tiempo de lectura":"3 minutos"},"schema":{"@context":"https:\/\/schema.org","@graph":[{"@type":"Article","@id":"https:\/\/www.bbmnoticias.com\/labravaradiofm\/2021\/10\/01\/ayotzinapa-revelan-conversacion-entre-de-2014-entre-guerreros-unidos-y-policias-de-iguala\/#article","isPartOf":{"@id":"https:\/\/www.bbmnoticias.com\/labravaradiofm\/2021\/10\/01\/ayotzinapa-revelan-conversacion-entre-de-2014-entre-guerreros-unidos-y-policias-de-iguala\/"},"author":{"name":"SDPnoticias","@id":"https:\/\/www.bbmnoticias.com\/labravaradiofm\/#\/schema\/person\/baf240d77a345f5fbc3dc146f9161af9"},"headline":"Ayotzinapa: revelan conversaci\u00f3n entre de 2014 entre Guerreros Unidos y polic\u00edas de Iguala","datePublished":"2021-10-02T01:01:34+00:00","dateModified":"2021-10-02T01:01:35+00:00","mainEntityOfPage":{"@id":"https:\/\/www.bbmnoticias.com\/labravaradiofm\/2021\/10\/01\/ayotzinapa-revelan-conversacion-entre-de-2014-entre-guerreros-unidos-y-policias-de-iguala\/"},"wordCount":402,"image":{"@id":"https:\/\/www.bbmnoticias.com\/labravaradiofm\/2021\/10\/01\/ayotzinapa-revelan-conversacion-entre-de-2014-entre-guerreros-unidos-y-policias-de-iguala\/#primaryimage"},"thumbnailUrl":"https:\/\/www.bbmnoticias.com\/labravaradiofm\/wp-content\/uploads\/sites\/5\/2021\/10\/nacional01102021-42.jpeg","articleSection":["NACIONAL"],"inLanguage":"es"},{"@type":"WebPage","@id":"https:\/\/www.bbmnoticias.com\/labravaradiofm\/2021\/10\/01\/ayotzinapa-revelan-conversacion-entre-de-2014-entre-guerreros-unidos-y-policias-de-iguala\/","url":"https:\/\/www.bbmnoticias.com\/labravaradiofm\/2021\/10\/01\/ayotzinapa-revelan-conversacion-entre-de-2014-entre-guerreros-unidos-y-policias-de-iguala\/","name":"Ayotzinapa: revelan conversaci\u00f3n entre de 2014 entre Guerreros Unidos y polic\u00edas de Iguala - LA BRAVA RADIO","isPartOf":{"@id":"https:\/\/www.bbmnoticias.com\/labravaradiofm\/#website"},"primaryImageOfPage":{"@id":"https:\/\/www.bbmnoticias.com\/labravaradiofm\/2021\/10\/01\/ayotzinapa-revelan-conversacion-entre-de-2014-entre-guerreros-unidos-y-policias-de-iguala\/#primaryimage"},"image":{"@id":"https:\/\/www.bbmnoticias.com\/labravaradiofm\/2021\/10\/01\/ayotzinapa-revelan-conversacion-entre-de-2014-entre-guerreros-unidos-y-policias-de-iguala\/#primaryimage"},"thumbnailUrl":"https:\/\/www.bbmnoticias.com\/labravaradiofm\/wp-content\/uploads\/sites\/5\/2021\/10\/nacional01102021-42.jpeg","datePublished":"2021-10-02T01:01:34+00:00","dateModified":"2021-10-02T01:01:35+00:00","author":{"@id":"https:\/\/www.bbmnoticias.com\/labravaradiofm\/#\/schema\/person\/baf240d77a345f5fbc3dc146f9161af9"},"breadcrumb":{"@id":"https:\/\/www.bbmnoticias.com\/labravaradiofm\/2021\/10\/01\/ayotzinapa-revelan-conversacion-entre-de-2014-entre-guerreros-unidos-y-policias-de-iguala\/#breadcrumb"},"inLanguage":"es","potentialAction":[{"@type":"ReadAction","target":["https:\/\/www.bbmnoticias.com\/labravaradiofm\/2021\/10\/01\/ayotzinapa-revelan-conversacion-entre-de-2014-entre-guerreros-unidos-y-policias-de-iguala\/"]}]},{"@type":"ImageObject","inLanguage":"es","@id":"https:\/\/www.bbmnoticias.com\/labravaradiofm\/2021\/10\/01\/ayotzinapa-revelan-conversacion-entre-de-2014-entre-guerreros-unidos-y-policias-de-iguala\/#primaryimage","url":"https:\/\/www.bbmnoticias.com\/labravaradiofm\/wp-content\/uploads\/sites\/5\/2021\/10\/nacional01102021-42.jpeg","contentUrl":"https:\/\/www.bbmnoticias.com\/labravaradiofm\/wp-content\/uploads\/sites\/5\/2021\/10\/nacional01102021-42.jpeg","width":640,"height":360},{"@type":"BreadcrumbList","@id":"https:\/\/www.bbmnoticias.com\/labravaradiofm\/2021\/10\/01\/ayotzinapa-revelan-conversacion-entre-de-2014-entre-guerreros-unidos-y-policias-de-iguala\/#breadcrumb","itemListElement":[{"@type":"ListItem","position":1,"name":"Inicio","item":"https:\/\/www.bbmnoticias.com\/labravaradiofm\/"},{"@type":"ListItem","position":2,"name":"Ayotzinapa: revelan conversaci\u00f3n entre de 2014 entre Guerreros Unidos y polic\u00edas de Iguala"}]},{"@type":"WebSite","@id":"https:\/\/www.bbmnoticias.com\/labravaradiofm\/#website","url":"https:\/\/www.bbmnoticias.com\/labravaradiofm\/","name":"LA BRAVA RADIO","description":"Empresa productora de medios, Radiodifusi\u00f3n, Noticias, tendencias y todo lo que necesitas saber de la pol\u00edtica mexicana e internacional; entretenimiento, espect\u00e1culos, salud y mucho m\u00e1s.","potentialAction":[{"@type":"SearchAction","target":{"@type":"EntryPoint","urlTemplate":"https:\/\/www.bbmnoticias.com\/labravaradiofm\/?s={search_term_string}"},"query-input":{"@type":"PropertyValueSpecification","valueRequired":true,"valueName":"search_term_string"}}],"inLanguage":"es"},{"@type":"Person","@id":"https:\/\/www.bbmnoticias.com\/labravaradiofm\/#\/schema\/person\/baf240d77a345f5fbc3dc146f9161af9","name":"SDPnoticias","image":{"@type":"ImageObject","inLanguage":"es","@id":"https:\/\/secure.gravatar.com\/avatar\/015ede9175a06d999d8b2b09e108b48c9e008e4ee44a647956086b51bbce326c?s=96&d=mm&r=g","url":"https:\/\/secure.gravatar.com\/avatar\/015ede9175a06d999d8b2b09e108b48c9e008e4ee44a647956086b51bbce326c?s=96&d=mm&r=g","contentUrl":"https:\/\/secure.gravatar.com\/avatar\/015ede9175a06d999d8b2b09e108b48c9e008e4ee44a647956086b51bbce326c?s=96&d=mm&r=g","caption":"SDPnoticias"},"url":"https:\/\/www.bbmnoticias.com\/labravaradiofm\/author\/sdpnoticias\/"}]}},"_links":{"self":[{"href":"https:\/\/www.bbmnoticias.com\/labravaradiofm\/wp-json\/wp\/v2\/posts\/2969","targetHints":{"allow":["GET"]}}],"collection":[{"href":"https:\/\/www.bbmnoticias.com\/labravaradiofm\/wp-json\/wp\/v2\/posts"}],"about":[{"href":"https:\/\/www.bbmnoticias.com\/labravaradiofm\/wp-json\/wp\/v2\/types\/post"}],"author":[{"embeddable":true,"href":"https:\/\/www.bbmnoticias.com\/labravaradiofm\/wp-json\/wp\/v2\/users\/12"}],"replies":[{"embeddable":true,"href":"https:\/\/www.bbmnoticias.com\/labravaradiofm\/wp-json\/wp\/v2\/comments?post=2969"}],"version-history":[{"count":0,"href":"https:\/\/www.bbmnoticias.com\/labravaradiofm\/wp-json\/wp\/v2\/posts\/2969\/revisions"}],"wp:featuredmedia":[{"embeddable":true,"href":"https:\/\/www.bbmnoticias.com\/labravaradiofm\/wp-json\/wp\/v2\/media\/2972"}],"wp:attachment":[{"href":"https:\/\/www.bbmnoticias.com\/labravaradiofm\/wp-json\/wp\/v2\/media?parent=2969"}],"wp:term":[{"taxonomy":"category","embeddable":true,"href":"https:\/\/www.bbmnoticias.com\/labravaradiofm\/wp-json\/wp\/v2\/categories?post=2969"},{"taxonomy":"post_tag","embeddable":true,"href":"https:\/\/www.bbmnoticias.com\/labravaradiofm\/wp-json\/wp\/v2\/tags?post=2969"}],"curies":[{"name":"wp","href":"https:\/\/api.w.org\/{rel}","templated":true}]}}