{"id":29535,"date":"2023-07-13T08:55:09","date_gmt":"2023-07-13T14:55:09","guid":{"rendered":"https:\/\/www.bbmnoticias.com\/labravaradiofm\/?p=29535"},"modified":"2023-07-13T08:55:10","modified_gmt":"2023-07-13T14:55:10","slug":"convoca-salomon-jara-a-la-unidad-de-los-pueblos-para-lograr-la-transformacion-con-el-proyecto-interoceanico","status":"publish","type":"post","link":"https:\/\/www.bbmnoticias.com\/labravaradiofm\/2023\/07\/13\/convoca-salomon-jara-a-la-unidad-de-los-pueblos-para-lograr-la-transformacion-con-el-proyecto-interoceanico\/","title":{"rendered":"Convoca Salom\u00f3n Jara a la unidad de los pueblos para lograr la transformaci\u00f3n con el Proyecto Interoce\u00e1nico"},"content":{"rendered":"<div style=\"margin-top: 0px; margin-bottom: 0px;\" class=\"sharethis-inline-share-buttons\" ><\/div>\n<p><strong>Santa Mar\u00eda Petapa, Oax. 13 de julio de 2023.<\/strong> En el marco de su gira de trabajo por esta regi\u00f3n del Istmo de Tehuantepec, el Gobernador Salom\u00f3n Jara Cruz convoc\u00f3 desde este municipio a la unidad de los pueblos para avanzar en el desarrollo que con el apoyo del Gobierno de M\u00e9xico se impulsa para Oaxaca.<\/p>\n\n\n\n<p>Junto a la Presidenta Honoraria del Sistema DIF Oaxaca Irma Bola\u00f1os Quijano, el Mandatario Estatal se\u00f1al\u00f3 que con el apoyo del Presidente de M\u00e9xico se trabaja en el Proyecto Interoce\u00e1nico destinado a detonar el desarrollo de esta regi\u00f3n y del sureste del pa\u00eds, con obras como el Tren Trans\u00edstmico que se prev\u00e9 inaugurar en diciembre de este a\u00f1o y que convertir\u00e1 a la entidad en un centro log\u00edstico, permitiendo el traslado de mercanc\u00eda proveniente de As\u00eda y Europa a Estados Unidos, desde el Puerto de Salina Cruz a Coatzacoalcos, Veracruz.<\/p>\n\n\n\n<p>&#8220;Debemos estar preparados porque vamos a tener una econom\u00eda pujante&#8221;, dijo al tiempo de convocar a los municipios de esta regi\u00f3n a la unidad para avanzar en las metas trazadas que tambi\u00e9n incluye la conclusi\u00f3n de la carretera que conectar\u00e1 a esta regi\u00f3n con la ciudad de Oaxaca, acortando el tiempo de traslado.<\/p>\n\n\n\n<p>&#8220;Tengan la confianza de que no les vamos a fallar, ahora tenemos un gobierno del pueblo y para el pueblo, sin lujos, sencillo, humilde, trabajador, cercano a los pueblos y comunidades, que atiende siempre las necesidades&#8221;, asegur\u00f3.<\/p>\n\n\n\n<p><strong>Estamos aqu\u00ed para trabajar con las comunidades<\/strong><\/p>\n\n\n\n<p>En su arribo a esta comunidad donde fue recibido por el presidente municipal Oliver L\u00f3pez Garc\u00eda, el Gobernador Salom\u00f3n Jara anunci\u00f3 una inversi\u00f3n de 28 millones 500 mil pesos como parte de la estrategia Trabajo que Transforma tu Municipio, de los cuales, un mill\u00f3n 450 mil pesos ser\u00e1n destinados a trav\u00e9s de Vivienda Bienestar para acciones de piso firmes.<\/p>\n\n\n\n<p>Tambi\u00e9n, por medio del Sistema DIF Estatal se destinar\u00e1n 3 millones 25 mil 522 pesos en sus diversos programas alimentarios que beneficiar\u00e1n a habitantes de 15 localidades, as\u00ed como en la entrega de una ambulancia.<\/p>\n\n\n\n<p>De igual forma, se entregar\u00e1 un mill\u00f3n 647 mil 500 pesos a trav\u00e9s del Instituto Oaxaque\u00f1o Constructor de Infraestructura Educativa de Oaxaca (Iocied) para atender cuatro centros educativos: un Telebachillerato, dos Telesecundarias y una Escuela Primaria, los cuales recibir\u00e1n equipamiento y se fortalecer\u00e1 su infraestructura. Tambi\u00e9n se sumar\u00e1 una cantidad de 324 mil pesos que otorgar\u00e1 el Instituto Estatal de Educaci\u00f3n P\u00fablica de Oaxaca (IEEPO) para el equipamiento de instituciones educativas.<\/p>\n\n\n\n<p>Por medio de los Servicios de Salud (SSO) se dispersar\u00e1n 449 mil 743 pesos, de los cuales 330 mil 750 se destinar\u00e1n para el abasto de medicamentos y 118 mil 993 en brigadas y casas de salud.<\/p>\n\n\n\n<p>Asimismo, a trav\u00e9s de la Secretar\u00eda de Fomento Agroalimentario y Desarrollo Rural (Sefader) se destinar\u00e1n 172 mil 677 pesos para la campa\u00f1a zoosanitaria encaminada a erradicar la brucelosis y tuberculosis en el ganado, y 377 mil 420 pesos para garantizar la autosuficiencia alimentaria con la producci\u00f3n de ma\u00edz, frijol y hortalizas.<\/p>\n\n\n\n<p>A trav\u00e9s de Caminos Bienestar se emplear\u00e1n 20 millones de pesos para la pavimentaci\u00f3n del camino del entronque de la carretera Coatzacoalcos, Veracruz a la agencia de Divis\u00eda.<\/p>\n\n\n\n<p><strong>Fortalece la seguridad con entrega de patrulla<\/strong><\/p>\n\n\n\n<p>En este acto, el Mandatario Estatal entreg\u00f3 una patrulla para el fortalecimiento a la seguridad de esta localidad y a trav\u00e9s del Secretariado Ejecutivo del Sistema Estatal de Seguridad P\u00fablica (SESESP) anunci\u00f3 que se otorgar\u00e1 un est\u00edmulo fiscal por 56 mil 730 pesos para la certificaci\u00f3n de polic\u00edas.<\/p>\n","protected":false},"excerpt":{"rendered":"<p>Santa Mar\u00eda Petapa, Oax. 13 de julio de 2023. En el marco de su gira de trabajo por esta regi\u00f3n del Istmo de Tehuantepec, el Gobernador Salom\u00f3n Jara Cruz convoc\u00f3 desde este municipio a la unidad de los pueblos para avanzar en el desarrollo que con el apoyo del Gobierno de M\u00e9xico se impulsa para [&hellip;]<\/p>\n","protected":false},"author":2,"featured_media":29536,"comment_status":"closed","ping_status":"closed","sticky":false,"template":"","format":"standard","meta":{"footnotes":""},"categories":[2],"tags":[],"class_list":{"0":"post-29535","1":"post","2":"type-post","3":"status-publish","4":"format-standard","5":"has-post-thumbnail","7":"category-oaxaca"},"yoast_head":"<!-- This site is optimized with the Yoast SEO plugin v27.4 - https:\/\/yoast.com\/product\/yoast-seo-wordpress\/ -->\n<title>Convoca Salom\u00f3n Jara a la unidad de los pueblos para lograr la transformaci\u00f3n con el Proyecto Interoce\u00e1nico - LA BRAVA RADIO<\/title>\n<meta name=\"robots\" content=\"index, follow, max-snippet:-1, max-image-preview:large, max-video-preview:-1\" \/>\n<link rel=\"canonical\" href=\"https:\/\/www.bbmnoticias.com\/labravaradiofm\/2023\/07\/13\/convoca-salomon-jara-a-la-unidad-de-los-pueblos-para-lograr-la-transformacion-con-el-proyecto-interoceanico\/\" \/>\n<meta property=\"og:locale\" content=\"es_MX\" \/>\n<meta property=\"og:type\" content=\"article\" \/>\n<meta property=\"og:title\" content=\"Convoca Salom\u00f3n Jara a la unidad de los pueblos para lograr la transformaci\u00f3n con el Proyecto Interoce\u00e1nico - LA BRAVA RADIO\" \/>\n<meta property=\"og:description\" content=\"Santa Mar\u00eda Petapa, Oax. 13 de julio de 2023. En el marco de su gira de trabajo por esta regi\u00f3n del Istmo de Tehuantepec, el Gobernador Salom\u00f3n Jara Cruz convoc\u00f3 desde este municipio a la unidad de los pueblos para avanzar en el desarrollo que con el apoyo del Gobierno de M\u00e9xico se impulsa para [&hellip;]\" \/>\n<meta property=\"og:url\" content=\"https:\/\/www.bbmnoticias.com\/labravaradiofm\/2023\/07\/13\/convoca-salomon-jara-a-la-unidad-de-los-pueblos-para-lograr-la-transformacion-con-el-proyecto-interoceanico\/\" \/>\n<meta property=\"og:site_name\" content=\"LA BRAVA RADIO\" \/>\n<meta property=\"article:published_time\" content=\"2023-07-13T14:55:09+00:00\" \/>\n<meta property=\"article:modified_time\" content=\"2023-07-13T14:55:10+00:00\" \/>\n<meta property=\"og:image\" content=\"https:\/\/www.bbmnoticias.com\/labravaradiofm\/wp-content\/uploads\/sites\/5\/2023\/07\/sjc_interoceanico.jpg\" \/>\n\t<meta property=\"og:image:width\" content=\"800\" \/>\n\t<meta property=\"og:image:height\" content=\"533\" \/>\n\t<meta property=\"og:image:type\" content=\"image\/jpeg\" \/>\n<meta name=\"author\" content=\"Staff\" \/>\n<meta name=\"twitter:card\" content=\"summary_large_image\" \/>\n<meta name=\"twitter:label1\" content=\"Escrito por\" \/>\n\t<meta name=\"twitter:data1\" content=\"Staff\" \/>\n<script type=\"application\/ld+json\" class=\"yoast-schema-graph\">{\"@context\":\"https:\\\/\\\/schema.org\",\"@graph\":[{\"@type\":\"Article\",\"@id\":\"https:\\\/\\\/www.bbmnoticias.com\\\/labravaradiofm\\\/2023\\\/07\\\/13\\\/convoca-salomon-jara-a-la-unidad-de-los-pueblos-para-lograr-la-transformacion-con-el-proyecto-interoceanico\\\/#article\",\"isPartOf\":{\"@id\":\"https:\\\/\\\/www.bbmnoticias.com\\\/labravaradiofm\\\/2023\\\/07\\\/13\\\/convoca-salomon-jara-a-la-unidad-de-los-pueblos-para-lograr-la-transformacion-con-el-proyecto-interoceanico\\\/\"},\"author\":{\"name\":\"Staff\",\"@id\":\"https:\\\/\\\/www.bbmnoticias.com\\\/labravaradiofm\\\/#\\\/schema\\\/person\\\/34b139c617a70ea5bef5678bffe4dd7b\"},\"headline\":\"Convoca Salom\u00f3n Jara a la unidad de los pueblos para lograr la transformaci\u00f3n con el Proyecto Interoce\u00e1nico\",\"datePublished\":\"2023-07-13T14:55:09+00:00\",\"dateModified\":\"2023-07-13T14:55:10+00:00\",\"mainEntityOfPage\":{\"@id\":\"https:\\\/\\\/www.bbmnoticias.com\\\/labravaradiofm\\\/2023\\\/07\\\/13\\\/convoca-salomon-jara-a-la-unidad-de-los-pueblos-para-lograr-la-transformacion-con-el-proyecto-interoceanico\\\/\"},\"wordCount\":628,\"image\":{\"@id\":\"https:\\\/\\\/www.bbmnoticias.com\\\/labravaradiofm\\\/2023\\\/07\\\/13\\\/convoca-salomon-jara-a-la-unidad-de-los-pueblos-para-lograr-la-transformacion-con-el-proyecto-interoceanico\\\/#primaryimage\"},\"thumbnailUrl\":\"https:\\\/\\\/www.bbmnoticias.com\\\/labravaradiofm\\\/wp-content\\\/uploads\\\/sites\\\/5\\\/2023\\\/07\\\/sjc_interoceanico.jpg\",\"articleSection\":[\"LOCAL\"],\"inLanguage\":\"es\"},{\"@type\":\"WebPage\",\"@id\":\"https:\\\/\\\/www.bbmnoticias.com\\\/labravaradiofm\\\/2023\\\/07\\\/13\\\/convoca-salomon-jara-a-la-unidad-de-los-pueblos-para-lograr-la-transformacion-con-el-proyecto-interoceanico\\\/\",\"url\":\"https:\\\/\\\/www.bbmnoticias.com\\\/labravaradiofm\\\/2023\\\/07\\\/13\\\/convoca-salomon-jara-a-la-unidad-de-los-pueblos-para-lograr-la-transformacion-con-el-proyecto-interoceanico\\\/\",\"name\":\"Convoca Salom\u00f3n Jara a la unidad de los pueblos para lograr la transformaci\u00f3n con el Proyecto Interoce\u00e1nico - LA BRAVA RADIO\",\"isPartOf\":{\"@id\":\"https:\\\/\\\/www.bbmnoticias.com\\\/labravaradiofm\\\/#website\"},\"primaryImageOfPage\":{\"@id\":\"https:\\\/\\\/www.bbmnoticias.com\\\/labravaradiofm\\\/2023\\\/07\\\/13\\\/convoca-salomon-jara-a-la-unidad-de-los-pueblos-para-lograr-la-transformacion-con-el-proyecto-interoceanico\\\/#primaryimage\"},\"image\":{\"@id\":\"https:\\\/\\\/www.bbmnoticias.com\\\/labravaradiofm\\\/2023\\\/07\\\/13\\\/convoca-salomon-jara-a-la-unidad-de-los-pueblos-para-lograr-la-transformacion-con-el-proyecto-interoceanico\\\/#primaryimage\"},\"thumbnailUrl\":\"https:\\\/\\\/www.bbmnoticias.com\\\/labravaradiofm\\\/wp-content\\\/uploads\\\/sites\\\/5\\\/2023\\\/07\\\/sjc_interoceanico.jpg\",\"datePublished\":\"2023-07-13T14:55:09+00:00\",\"dateModified\":\"2023-07-13T14:55:10+00:00\",\"author\":{\"@id\":\"https:\\\/\\\/www.bbmnoticias.com\\\/labravaradiofm\\\/#\\\/schema\\\/person\\\/34b139c617a70ea5bef5678bffe4dd7b\"},\"breadcrumb\":{\"@id\":\"https:\\\/\\\/www.bbmnoticias.com\\\/labravaradiofm\\\/2023\\\/07\\\/13\\\/convoca-salomon-jara-a-la-unidad-de-los-pueblos-para-lograr-la-transformacion-con-el-proyecto-interoceanico\\\/#breadcrumb\"},\"inLanguage\":\"es\",\"potentialAction\":[{\"@type\":\"ReadAction\",\"target\":[\"https:\\\/\\\/www.bbmnoticias.com\\\/labravaradiofm\\\/2023\\\/07\\\/13\\\/convoca-salomon-jara-a-la-unidad-de-los-pueblos-para-lograr-la-transformacion-con-el-proyecto-interoceanico\\\/\"]}]},{\"@type\":\"ImageObject\",\"inLanguage\":\"es\",\"@id\":\"https:\\\/\\\/www.bbmnoticias.com\\\/labravaradiofm\\\/2023\\\/07\\\/13\\\/convoca-salomon-jara-a-la-unidad-de-los-pueblos-para-lograr-la-transformacion-con-el-proyecto-interoceanico\\\/#primaryimage\",\"url\":\"https:\\\/\\\/www.bbmnoticias.com\\\/labravaradiofm\\\/wp-content\\\/uploads\\\/sites\\\/5\\\/2023\\\/07\\\/sjc_interoceanico.jpg\",\"contentUrl\":\"https:\\\/\\\/www.bbmnoticias.com\\\/labravaradiofm\\\/wp-content\\\/uploads\\\/sites\\\/5\\\/2023\\\/07\\\/sjc_interoceanico.jpg\",\"width\":800,\"height\":533},{\"@type\":\"BreadcrumbList\",\"@id\":\"https:\\\/\\\/www.bbmnoticias.com\\\/labravaradiofm\\\/2023\\\/07\\\/13\\\/convoca-salomon-jara-a-la-unidad-de-los-pueblos-para-lograr-la-transformacion-con-el-proyecto-interoceanico\\\/#breadcrumb\",\"itemListElement\":[{\"@type\":\"ListItem\",\"position\":1,\"name\":\"Inicio\",\"item\":\"https:\\\/\\\/www.bbmnoticias.com\\\/labravaradiofm\\\/\"},{\"@type\":\"ListItem\",\"position\":2,\"name\":\"Convoca Salom\u00f3n Jara a la unidad de los pueblos para lograr la transformaci\u00f3n con el Proyecto Interoce\u00e1nico\"}]},{\"@type\":\"WebSite\",\"@id\":\"https:\\\/\\\/www.bbmnoticias.com\\\/labravaradiofm\\\/#website\",\"url\":\"https:\\\/\\\/www.bbmnoticias.com\\\/labravaradiofm\\\/\",\"name\":\"LA BRAVA RADIO\",\"description\":\"Empresa productora de medios, Radiodifusi\u00f3n, Noticias, tendencias y todo lo que necesitas saber de la pol\u00edtica mexicana e internacional; entretenimiento, espect\u00e1culos, salud y mucho m\u00e1s.\",\"potentialAction\":[{\"@type\":\"SearchAction\",\"target\":{\"@type\":\"EntryPoint\",\"urlTemplate\":\"https:\\\/\\\/www.bbmnoticias.com\\\/labravaradiofm\\\/?s={search_term_string}\"},\"query-input\":{\"@type\":\"PropertyValueSpecification\",\"valueRequired\":true,\"valueName\":\"search_term_string\"}}],\"inLanguage\":\"es\"},{\"@type\":\"Person\",\"@id\":\"https:\\\/\\\/www.bbmnoticias.com\\\/labravaradiofm\\\/#\\\/schema\\\/person\\\/34b139c617a70ea5bef5678bffe4dd7b\",\"name\":\"Staff\",\"image\":{\"@type\":\"ImageObject\",\"inLanguage\":\"es\",\"@id\":\"https:\\\/\\\/secure.gravatar.com\\\/avatar\\\/fdd21ad66fd8b98c407f9dee5b5e588cfe7f0d8579ec20fa6527cd59bab7f0f0?s=96&d=mm&r=g\",\"url\":\"https:\\\/\\\/secure.gravatar.com\\\/avatar\\\/fdd21ad66fd8b98c407f9dee5b5e588cfe7f0d8579ec20fa6527cd59bab7f0f0?s=96&d=mm&r=g\",\"contentUrl\":\"https:\\\/\\\/secure.gravatar.com\\\/avatar\\\/fdd21ad66fd8b98c407f9dee5b5e588cfe7f0d8579ec20fa6527cd59bab7f0f0?s=96&d=mm&r=g\",\"caption\":\"Staff\"},\"url\":\"https:\\\/\\\/www.bbmnoticias.com\\\/labravaradiofm\\\/author\\\/redaccion\\\/\"}]}<\/script>\n<!-- \/ Yoast SEO plugin. -->","yoast_head_json":{"title":"Convoca Salom\u00f3n Jara a la unidad de los pueblos para lograr la transformaci\u00f3n con el Proyecto Interoce\u00e1nico - LA BRAVA RADIO","robots":{"index":"index","follow":"follow","max-snippet":"max-snippet:-1","max-image-preview":"max-image-preview:large","max-video-preview":"max-video-preview:-1"},"canonical":"https:\/\/www.bbmnoticias.com\/labravaradiofm\/2023\/07\/13\/convoca-salomon-jara-a-la-unidad-de-los-pueblos-para-lograr-la-transformacion-con-el-proyecto-interoceanico\/","og_locale":"es_MX","og_type":"article","og_title":"Convoca Salom\u00f3n Jara a la unidad de los pueblos para lograr la transformaci\u00f3n con el Proyecto Interoce\u00e1nico - LA BRAVA RADIO","og_description":"Santa Mar\u00eda Petapa, Oax. 13 de julio de 2023. En el marco de su gira de trabajo por esta regi\u00f3n del Istmo de Tehuantepec, el Gobernador Salom\u00f3n Jara Cruz convoc\u00f3 desde este municipio a la unidad de los pueblos para avanzar en el desarrollo que con el apoyo del Gobierno de M\u00e9xico se impulsa para [&hellip;]","og_url":"https:\/\/www.bbmnoticias.com\/labravaradiofm\/2023\/07\/13\/convoca-salomon-jara-a-la-unidad-de-los-pueblos-para-lograr-la-transformacion-con-el-proyecto-interoceanico\/","og_site_name":"LA BRAVA RADIO","article_published_time":"2023-07-13T14:55:09+00:00","article_modified_time":"2023-07-13T14:55:10+00:00","og_image":[{"width":800,"height":533,"url":"https:\/\/www.bbmnoticias.com\/labravaradiofm\/wp-content\/uploads\/sites\/5\/2023\/07\/sjc_interoceanico.jpg","type":"image\/jpeg"}],"author":"Staff","twitter_card":"summary_large_image","twitter_misc":{"Escrito por":"Staff"},"schema":{"@context":"https:\/\/schema.org","@graph":[{"@type":"Article","@id":"https:\/\/www.bbmnoticias.com\/labravaradiofm\/2023\/07\/13\/convoca-salomon-jara-a-la-unidad-de-los-pueblos-para-lograr-la-transformacion-con-el-proyecto-interoceanico\/#article","isPartOf":{"@id":"https:\/\/www.bbmnoticias.com\/labravaradiofm\/2023\/07\/13\/convoca-salomon-jara-a-la-unidad-de-los-pueblos-para-lograr-la-transformacion-con-el-proyecto-interoceanico\/"},"author":{"name":"Staff","@id":"https:\/\/www.bbmnoticias.com\/labravaradiofm\/#\/schema\/person\/34b139c617a70ea5bef5678bffe4dd7b"},"headline":"Convoca Salom\u00f3n Jara a la unidad de los pueblos para lograr la transformaci\u00f3n con el Proyecto Interoce\u00e1nico","datePublished":"2023-07-13T14:55:09+00:00","dateModified":"2023-07-13T14:55:10+00:00","mainEntityOfPage":{"@id":"https:\/\/www.bbmnoticias.com\/labravaradiofm\/2023\/07\/13\/convoca-salomon-jara-a-la-unidad-de-los-pueblos-para-lograr-la-transformacion-con-el-proyecto-interoceanico\/"},"wordCount":628,"image":{"@id":"https:\/\/www.bbmnoticias.com\/labravaradiofm\/2023\/07\/13\/convoca-salomon-jara-a-la-unidad-de-los-pueblos-para-lograr-la-transformacion-con-el-proyecto-interoceanico\/#primaryimage"},"thumbnailUrl":"https:\/\/www.bbmnoticias.com\/labravaradiofm\/wp-content\/uploads\/sites\/5\/2023\/07\/sjc_interoceanico.jpg","articleSection":["LOCAL"],"inLanguage":"es"},{"@type":"WebPage","@id":"https:\/\/www.bbmnoticias.com\/labravaradiofm\/2023\/07\/13\/convoca-salomon-jara-a-la-unidad-de-los-pueblos-para-lograr-la-transformacion-con-el-proyecto-interoceanico\/","url":"https:\/\/www.bbmnoticias.com\/labravaradiofm\/2023\/07\/13\/convoca-salomon-jara-a-la-unidad-de-los-pueblos-para-lograr-la-transformacion-con-el-proyecto-interoceanico\/","name":"Convoca Salom\u00f3n Jara a la unidad de los pueblos para lograr la transformaci\u00f3n con el Proyecto Interoce\u00e1nico - LA BRAVA RADIO","isPartOf":{"@id":"https:\/\/www.bbmnoticias.com\/labravaradiofm\/#website"},"primaryImageOfPage":{"@id":"https:\/\/www.bbmnoticias.com\/labravaradiofm\/2023\/07\/13\/convoca-salomon-jara-a-la-unidad-de-los-pueblos-para-lograr-la-transformacion-con-el-proyecto-interoceanico\/#primaryimage"},"image":{"@id":"https:\/\/www.bbmnoticias.com\/labravaradiofm\/2023\/07\/13\/convoca-salomon-jara-a-la-unidad-de-los-pueblos-para-lograr-la-transformacion-con-el-proyecto-interoceanico\/#primaryimage"},"thumbnailUrl":"https:\/\/www.bbmnoticias.com\/labravaradiofm\/wp-content\/uploads\/sites\/5\/2023\/07\/sjc_interoceanico.jpg","datePublished":"2023-07-13T14:55:09+00:00","dateModified":"2023-07-13T14:55:10+00:00","author":{"@id":"https:\/\/www.bbmnoticias.com\/labravaradiofm\/#\/schema\/person\/34b139c617a70ea5bef5678bffe4dd7b"},"breadcrumb":{"@id":"https:\/\/www.bbmnoticias.com\/labravaradiofm\/2023\/07\/13\/convoca-salomon-jara-a-la-unidad-de-los-pueblos-para-lograr-la-transformacion-con-el-proyecto-interoceanico\/#breadcrumb"},"inLanguage":"es","potentialAction":[{"@type":"ReadAction","target":["https:\/\/www.bbmnoticias.com\/labravaradiofm\/2023\/07\/13\/convoca-salomon-jara-a-la-unidad-de-los-pueblos-para-lograr-la-transformacion-con-el-proyecto-interoceanico\/"]}]},{"@type":"ImageObject","inLanguage":"es","@id":"https:\/\/www.bbmnoticias.com\/labravaradiofm\/2023\/07\/13\/convoca-salomon-jara-a-la-unidad-de-los-pueblos-para-lograr-la-transformacion-con-el-proyecto-interoceanico\/#primaryimage","url":"https:\/\/www.bbmnoticias.com\/labravaradiofm\/wp-content\/uploads\/sites\/5\/2023\/07\/sjc_interoceanico.jpg","contentUrl":"https:\/\/www.bbmnoticias.com\/labravaradiofm\/wp-content\/uploads\/sites\/5\/2023\/07\/sjc_interoceanico.jpg","width":800,"height":533},{"@type":"BreadcrumbList","@id":"https:\/\/www.bbmnoticias.com\/labravaradiofm\/2023\/07\/13\/convoca-salomon-jara-a-la-unidad-de-los-pueblos-para-lograr-la-transformacion-con-el-proyecto-interoceanico\/#breadcrumb","itemListElement":[{"@type":"ListItem","position":1,"name":"Inicio","item":"https:\/\/www.bbmnoticias.com\/labravaradiofm\/"},{"@type":"ListItem","position":2,"name":"Convoca Salom\u00f3n Jara a la unidad de los pueblos para lograr la transformaci\u00f3n con el Proyecto Interoce\u00e1nico"}]},{"@type":"WebSite","@id":"https:\/\/www.bbmnoticias.com\/labravaradiofm\/#website","url":"https:\/\/www.bbmnoticias.com\/labravaradiofm\/","name":"LA BRAVA RADIO","description":"Empresa productora de medios, Radiodifusi\u00f3n, Noticias, tendencias y todo lo que necesitas saber de la pol\u00edtica mexicana e internacional; entretenimiento, espect\u00e1culos, salud y mucho m\u00e1s.","potentialAction":[{"@type":"SearchAction","target":{"@type":"EntryPoint","urlTemplate":"https:\/\/www.bbmnoticias.com\/labravaradiofm\/?s={search_term_string}"},"query-input":{"@type":"PropertyValueSpecification","valueRequired":true,"valueName":"search_term_string"}}],"inLanguage":"es"},{"@type":"Person","@id":"https:\/\/www.bbmnoticias.com\/labravaradiofm\/#\/schema\/person\/34b139c617a70ea5bef5678bffe4dd7b","name":"Staff","image":{"@type":"ImageObject","inLanguage":"es","@id":"https:\/\/secure.gravatar.com\/avatar\/fdd21ad66fd8b98c407f9dee5b5e588cfe7f0d8579ec20fa6527cd59bab7f0f0?s=96&d=mm&r=g","url":"https:\/\/secure.gravatar.com\/avatar\/fdd21ad66fd8b98c407f9dee5b5e588cfe7f0d8579ec20fa6527cd59bab7f0f0?s=96&d=mm&r=g","contentUrl":"https:\/\/secure.gravatar.com\/avatar\/fdd21ad66fd8b98c407f9dee5b5e588cfe7f0d8579ec20fa6527cd59bab7f0f0?s=96&d=mm&r=g","caption":"Staff"},"url":"https:\/\/www.bbmnoticias.com\/labravaradiofm\/author\/redaccion\/"}]}},"_links":{"self":[{"href":"https:\/\/www.bbmnoticias.com\/labravaradiofm\/wp-json\/wp\/v2\/posts\/29535","targetHints":{"allow":["GET"]}}],"collection":[{"href":"https:\/\/www.bbmnoticias.com\/labravaradiofm\/wp-json\/wp\/v2\/posts"}],"about":[{"href":"https:\/\/www.bbmnoticias.com\/labravaradiofm\/wp-json\/wp\/v2\/types\/post"}],"author":[{"embeddable":true,"href":"https:\/\/www.bbmnoticias.com\/labravaradiofm\/wp-json\/wp\/v2\/users\/2"}],"replies":[{"embeddable":true,"href":"https:\/\/www.bbmnoticias.com\/labravaradiofm\/wp-json\/wp\/v2\/comments?post=29535"}],"version-history":[{"count":0,"href":"https:\/\/www.bbmnoticias.com\/labravaradiofm\/wp-json\/wp\/v2\/posts\/29535\/revisions"}],"wp:featuredmedia":[{"embeddable":true,"href":"https:\/\/www.bbmnoticias.com\/labravaradiofm\/wp-json\/wp\/v2\/media\/29536"}],"wp:attachment":[{"href":"https:\/\/www.bbmnoticias.com\/labravaradiofm\/wp-json\/wp\/v2\/media?parent=29535"}],"wp:term":[{"taxonomy":"category","embeddable":true,"href":"https:\/\/www.bbmnoticias.com\/labravaradiofm\/wp-json\/wp\/v2\/categories?post=29535"},{"taxonomy":"post_tag","embeddable":true,"href":"https:\/\/www.bbmnoticias.com\/labravaradiofm\/wp-json\/wp\/v2\/tags?post=29535"}],"curies":[{"name":"wp","href":"https:\/\/api.w.org\/{rel}","templated":true}]}}