{"id":29525,"date":"2023-07-13T08:11:44","date_gmt":"2023-07-13T14:11:44","guid":{"rendered":"https:\/\/www.bbmnoticias.com\/labravaradiofm\/?p=29525"},"modified":"2023-07-13T08:11:45","modified_gmt":"2023-07-13T14:11:45","slug":"los-abogados-equilibrio-y-enlace-entre-autoridades-y-sociedad","status":"publish","type":"post","link":"https:\/\/www.bbmnoticias.com\/labravaradiofm\/2023\/07\/13\/los-abogados-equilibrio-y-enlace-entre-autoridades-y-sociedad\/","title":{"rendered":"Los abogados, equilibrio y enlace entre autoridades y sociedad"},"content":{"rendered":"<div style=\"margin-top: 0px; margin-bottom: 0px;\" class=\"sharethis-inline-share-buttons\" ><\/div>\n<p>Oaxaca, Oax.- \u201cLa Barra Oaxaque\u00f1a de Abogados y Pasantes de Derecho Independientes, siempre ser\u00e1 el equilibrio sano y eficaz que debe de existir entre las autoridades federales, estatales y municipales que imparten, procuran y administran justicia y la sociedad en la que nos desenvolvemos\u201d, as\u00ed lo expres\u00f3 su presidente estatal, el Lic. Sa\u00fal Alberto \u00c1ngel Villarreal en una emotiva ceremonia para conmemorar el D\u00eda del Abogado.<\/p>\n\n\n\n<p>El auditorio \u201cRicardo Flores Mag\u00f3n\u201d de la Facultad de Derecho y Ciencias Sociales de la UABJO, fue sede de este evento en el que fue entregada la Medalla al M\u00e9rito \u201cLic. Benito Ju\u00e1rez Garc\u00eda\u201d a la Notaria P\u00fablica de Oaxaca, Guadalupe D\u00edaz Carranza, presidenta del Colegio Nacional del Notariado Mexicano, as\u00ed como la Presea \u201cHuaxyacac\u201d a la senadora de la Rep\u00fablica Olga Mar\u00eda del Carmen S\u00e1nchez Cordero D\u00e1vila.<\/p>\n\n\n\n<p>En un nutrido evento, como cada 12 de julio la Barra Oaxaque\u00f1a de Abogados otorg\u00f3 tambi\u00e9n la Presea Post Mortem \u201cMictl\u00e1n\u201d a la familia del Lic. Alejandro Acevedo Z\u00e1rate, as\u00ed como ocho reconocimientos al M\u00e9rito Jur\u00eddico y ocho reconocimientos al M\u00e9rito Ciudadano.<\/p>\n\n\n\n<p>El presidente estatal de esta agrupaci\u00f3n, el Lic. Sa\u00fal Alberto \u00c1ngel Villarreal, emiti\u00f3 un mensaje para felicitar a todos los profesionales del Derecho, doctores, maestros, licenciados y pasantes que se desempe\u00f1an como postulantes o catedr\u00e1ticos, algunos en la funci\u00f3n p\u00fablica federal, estatal y municipal.<\/p>\n\n\n\n<p>Agradeci\u00f3 la presencia de las y los invitados especiales, as\u00ed como de los abogados y abogadas de las 38 Delegaciones Distritales y Municipales integradas en las 8 regiones del estado de la Barra Oaxaque\u00f1a de Abogados, la m\u00e1s grande de Oaxaca y del sureste de la Rep\u00fablica Mexicana.<\/p>\n\n\n\n<p>El abogado refrend\u00f3 que el Consejo Directivo Estatal Periodo 2023 \u2013 2026 seguir\u00e1 realizando acciones sociales, pol\u00edticas y jur\u00eddicas en beneficio de las y los oaxaque\u00f1os.<\/p>\n\n\n\n<p>\u201cPodemos decir p\u00fablicamente a nuestro Presidente Fundador Honor\u00edfico, el Lic. J. Salud Francisco \u00c1ngel Maldonado en el lugar a donde se fue de viaje, a la sociedad mexicana y oaxaque\u00f1a, a los abogados y abogadas, a los Barristas que integran esta honorable<\/p>\n\n\n\n<p>agrupaci\u00f3n, que cumpliremos con cabalidad los fines y objetos legales de la cual fue creada, haciendo posible el lema: el abogado con la sociedad hacia la justicia\u201d.<\/p>\n\n\n\n<p>En ese sentido recalc\u00f3 que las y los integrantes de la Barra Oaxaque\u00f1a de Abogados son profesionales capacitados, unidos hoy m\u00e1s que nunca por la solidaridad y lealtad demostrada desde su fundaci\u00f3n en el a\u00f1o 1988, consolid\u00e1ndose como una agrupaci\u00f3n responsable y comprometida con la sociedad a lo largo de 35 a\u00f1os.<\/p>\n\n\n\n<p>En su participaci\u00f3n el Mtro. Othoniel Melchor Pe\u00f1a Montor, Coordinador Estatal de Estudios Legislativos y Constitucionales, indic\u00f3 que los profesionales del Derecho se encuentran d\u00eda a d\u00eda ante una serie de desaf\u00edos para alegar la protecci\u00f3n de los Derechos y el respeto de la Ley.<\/p>\n\n\n\n<p>\u201cDe esta manera, es transcendente la contribuci\u00f3n que hace la Barra Oaxaque\u00f1a de Abogados como una asociaci\u00f3n de profesionales que, en 35 a\u00f1os de existencia, se ha impuesto como la asociaci\u00f3n m\u00e1s grande y representativa en Oaxaca, pues a trav\u00e9s de su representaci\u00f3n en las ocho regiones del Estado, por medio de 38 delegaciones, y la concentraci\u00f3n de m\u00e1s de 5 mil 800 miembros, tiene la misi\u00f3n de proporcionar a la sociedad abogadas y abogados capacitados para proveer la defensa de sus derechos y garant\u00edas\u201d, concluy\u00f3.<\/p>\n\n\n\n<p>PRESEA POST MORTEM \u201cMICTL\u00c1N\u201d<\/p>\n\n\n\n<p>Como parte de la ceremonia para recordar y honrar a los profesionales del Derecho que han fallecido, se entreg\u00f3 la Presea Post Mortem \u201cMictl\u00e1n\u201d a la familia del Lic. en Dcho. Alejandro Acevedo Z\u00e1rate.<\/p>\n\n\n\n<p>Para ello, se realiz\u00f3 la proyecci\u00f3n de su semblanza de vida en la que se destac\u00f3 su trayectoria en medios de comunicaci\u00f3n y como Profesional del Derecho, Jurista en el Litigio y en la Funci\u00f3n P\u00fablica de la Administraci\u00f3n de Justicia Estatal (TSJEO), que llev\u00f3 a cabo en beneficio de la sociedad oaxaque\u00f1a.<\/p>\n\n\n\n<p>En este solemne acto, la se\u00f1ora Clara Z\u00e1rate P\u00e9rez recibi\u00f3 a nombre del licenciado Alejandro Acevedo Z\u00e1rate la distinci\u00f3n, agradeciendo el gesto amable para con su hijo, quien entreg\u00f3 su vida a la abogac\u00eda.<\/p>\n\n\n\n<p>La Presea Post Mortem \u201cMictl\u00e1n\u201d fue entregada por la Licenciada Patricia Eugenia Lira V\u00e1squez, viuda de Mart\u00ednez Bustillos, coordinadora del Comit\u00e9 del Eventos Luctuosos, en compa\u00f1\u00eda de las dem\u00e1s damas que integran este comit\u00e9.<\/p>\n\n\n\n<p>PRESEA HUAXYACAC y MEDALLA \u201cBENITO JU\u00c1REZ\u201d<\/p>\n\n\n\n<p>La Barra de Abogados entreg\u00f3 adem\u00e1s la \u201cPresea Huaxyacac\u201d a la Senadora de la Rep\u00fablica Olga Mar\u00eda del Carmen S\u00e1nchez Cordero D\u00e1vila, por su destacada trayectoria como Profesional del Derecho, Jurista en la Docencia, Funci\u00f3n P\u00fablica en el \u00e1mbito del Notariado, en la Administraci\u00f3n de Justicia Federal, en la Pol\u00edtica, en la Legislaci\u00f3n.<\/p>\n\n\n\n<p>Asimismo, condecor\u00f3 con la Medalla al M\u00e9rito \u201cLic. Benito Ju\u00e1rez Garc\u00eda\u201d 2023 a la Notaria P\u00fablica Licda. en Dcho. Guadalupe D\u00edaz Carranza, por su destacada trayectoria<\/p>\n\n\n\n<p>como Profesionista del Derecho, en el \u00e1mbito de la Funci\u00f3n Notarial, que lleva a cabo en beneficio de la sociedad mexicana y oaxaque\u00f1a.<\/p>\n\n\n\n<p>El evento fue amenizado por la Banda de M\u00fasica de Seguridad P\u00fablica del Estado, cuyos integrantes interpretaron con maestr\u00eda diversas melod\u00edas para deleitar a las y los asistentes.<\/p>\n\n\n\n<p>RECONOCIMIENTOS AL M\u00c9RITO JUR\u00cdDICO<\/p>\n\n\n\n<p>Los juristas galardonados son: Adolfo Demetrio G\u00f3mez Hern\u00e1ndez, acad\u00e9mico y abogado de la Universidad Aut\u00f3noma \u201cBenito Ju\u00e1rez\u201d de Oaxaca (UABJO); Fernando Adolfo Garrido Parada, acad\u00e9mico y litigante; Maricruz P\u00e9rez P\u00e9rez, jueza del Juzgado Especializado en Materia Familiar de Huajuapan de Le\u00f3n.<\/p>\n\n\n\n<p>Asimismo, Roberto L\u00f3pez S\u00e1nchez, acad\u00e9mico y secretario T\u00e9cnico del Tribunal Superior de Justicia del Estado de Oaxaca; Juan Carlos Barrios \u00c1vila, secretario Proyectista del Primer Tribunal Colegiado del D\u00e9cimo Tercer Circuito; Lucero Calixto Rodr\u00edguez, secretaria Proyectista de la Sala del Tribunal Superior de Justicia del Estado de Oaxaca.<\/p>\n\n\n\n<p>Tambi\u00e9n, Aurora Primavera Cruz Garc\u00eda, directora de Gen\u00e9tica Forense del Tribunal Superior de Justicia en el Estado de Oaxaca; y Brenda Montesinos Solano, secretaria de Estudio y Cuenta Suprema Corte de Justicia de la Naci\u00f3n.<\/p>\n\n\n\n<p>RECONOCIMIENTOS AL M\u00c9RITO CIUDADANO<\/p>\n\n\n\n<p>El reconocimiento al M\u00e9rito Ciudadano fue entregado a Pastor Mat\u00edas Arrazola, periodista, conductor y director de Noticieros en el Heraldo Radio de Oaxaca.<\/p>\n\n\n\n<p>Tambi\u00e9n, al General de Divisi\u00f3n Retirado, Diplomado del Estado Mayor Esa\u00fa Rodr\u00edguez Cuellar; a la deportista y luchadora ol\u00edmpica Obed Areli P\u00e9rez Sol\u00eds; a la empresaria oaxaque\u00f1a Adela Ernestina Santos \u00c1ngeles.<\/p>\n\n\n\n<p>Asimismo, al chef y empresario restaurantero oaxaque\u00f1o Alejandro Ruiz Olmedo; al Licenciado en Artes Salvador Reyes Medina; al altruista y deportista oaxaque\u00f1o Honorio Alc\u00e1ntara N\u00fa\u00f1ez; y al comisionado Presidente de la Comisi\u00f3n Iberoamericana de Derechos Humanos, Teniente Manuel Guzm\u00e1n Garc\u00eda.<\/p>\n","protected":false},"excerpt":{"rendered":"<p>Oaxaca, Oax.- \u201cLa Barra Oaxaque\u00f1a de Abogados y Pasantes de Derecho Independientes, siempre ser\u00e1 el equilibrio sano y eficaz que debe de existir entre las autoridades federales, estatales y municipales que imparten, procuran y administran justicia y la sociedad en la que nos desenvolvemos\u201d, as\u00ed lo expres\u00f3 su presidente estatal, el Lic. Sa\u00fal Alberto \u00c1ngel [&hellip;]<\/p>\n","protected":false},"author":2,"featured_media":29526,"comment_status":"closed","ping_status":"closed","sticky":false,"template":"","format":"standard","meta":{"footnotes":""},"categories":[2],"tags":[],"class_list":{"0":"post-29525","1":"post","2":"type-post","3":"status-publish","4":"format-standard","5":"has-post-thumbnail","7":"category-oaxaca"},"yoast_head":"<!-- This site is optimized with the Yoast SEO plugin v27.4 - https:\/\/yoast.com\/product\/yoast-seo-wordpress\/ -->\n<title>Los abogados, equilibrio y enlace entre autoridades y sociedad - LA BRAVA RADIO<\/title>\n<meta name=\"robots\" content=\"index, follow, max-snippet:-1, max-image-preview:large, max-video-preview:-1\" \/>\n<link rel=\"canonical\" href=\"https:\/\/www.bbmnoticias.com\/labravaradiofm\/2023\/07\/13\/los-abogados-equilibrio-y-enlace-entre-autoridades-y-sociedad\/\" \/>\n<meta property=\"og:locale\" content=\"es_MX\" \/>\n<meta property=\"og:type\" content=\"article\" \/>\n<meta property=\"og:title\" content=\"Los abogados, equilibrio y enlace entre autoridades y sociedad - LA BRAVA RADIO\" \/>\n<meta property=\"og:description\" content=\"Oaxaca, Oax.- \u201cLa Barra Oaxaque\u00f1a de Abogados y Pasantes de Derecho Independientes, siempre ser\u00e1 el equilibrio sano y eficaz que debe de existir entre las autoridades federales, estatales y municipales que imparten, procuran y administran justicia y la sociedad en la que nos desenvolvemos\u201d, as\u00ed lo expres\u00f3 su presidente estatal, el Lic. Sa\u00fal Alberto \u00c1ngel [&hellip;]\" \/>\n<meta property=\"og:url\" content=\"https:\/\/www.bbmnoticias.com\/labravaradiofm\/2023\/07\/13\/los-abogados-equilibrio-y-enlace-entre-autoridades-y-sociedad\/\" \/>\n<meta property=\"og:site_name\" content=\"LA BRAVA RADIO\" \/>\n<meta property=\"article:published_time\" content=\"2023-07-13T14:11:44+00:00\" \/>\n<meta property=\"article:modified_time\" content=\"2023-07-13T14:11:45+00:00\" \/>\n<meta property=\"og:image\" content=\"https:\/\/www.bbmnoticias.com\/labravaradiofm\/wp-content\/uploads\/sites\/5\/2023\/07\/dia_abogado.jpg\" \/>\n\t<meta property=\"og:image:width\" content=\"567\" \/>\n\t<meta property=\"og:image:height\" content=\"372\" \/>\n\t<meta property=\"og:image:type\" content=\"image\/jpeg\" \/>\n<meta name=\"author\" content=\"Staff\" \/>\n<meta name=\"twitter:card\" content=\"summary_large_image\" \/>\n<meta name=\"twitter:label1\" content=\"Escrito por\" \/>\n\t<meta name=\"twitter:data1\" content=\"Staff\" \/>\n<script type=\"application\/ld+json\" class=\"yoast-schema-graph\">{\"@context\":\"https:\\\/\\\/schema.org\",\"@graph\":[{\"@type\":\"Article\",\"@id\":\"https:\\\/\\\/www.bbmnoticias.com\\\/labravaradiofm\\\/2023\\\/07\\\/13\\\/los-abogados-equilibrio-y-enlace-entre-autoridades-y-sociedad\\\/#article\",\"isPartOf\":{\"@id\":\"https:\\\/\\\/www.bbmnoticias.com\\\/labravaradiofm\\\/2023\\\/07\\\/13\\\/los-abogados-equilibrio-y-enlace-entre-autoridades-y-sociedad\\\/\"},\"author\":{\"name\":\"Staff\",\"@id\":\"https:\\\/\\\/www.bbmnoticias.com\\\/labravaradiofm\\\/#\\\/schema\\\/person\\\/34b139c617a70ea5bef5678bffe4dd7b\"},\"headline\":\"Los abogados, equilibrio y enlace entre autoridades y sociedad\",\"datePublished\":\"2023-07-13T14:11:44+00:00\",\"dateModified\":\"2023-07-13T14:11:45+00:00\",\"mainEntityOfPage\":{\"@id\":\"https:\\\/\\\/www.bbmnoticias.com\\\/labravaradiofm\\\/2023\\\/07\\\/13\\\/los-abogados-equilibrio-y-enlace-entre-autoridades-y-sociedad\\\/\"},\"wordCount\":1205,\"image\":{\"@id\":\"https:\\\/\\\/www.bbmnoticias.com\\\/labravaradiofm\\\/2023\\\/07\\\/13\\\/los-abogados-equilibrio-y-enlace-entre-autoridades-y-sociedad\\\/#primaryimage\"},\"thumbnailUrl\":\"https:\\\/\\\/www.bbmnoticias.com\\\/labravaradiofm\\\/wp-content\\\/uploads\\\/sites\\\/5\\\/2023\\\/07\\\/dia_abogado.jpg\",\"articleSection\":[\"LOCAL\"],\"inLanguage\":\"es\"},{\"@type\":\"WebPage\",\"@id\":\"https:\\\/\\\/www.bbmnoticias.com\\\/labravaradiofm\\\/2023\\\/07\\\/13\\\/los-abogados-equilibrio-y-enlace-entre-autoridades-y-sociedad\\\/\",\"url\":\"https:\\\/\\\/www.bbmnoticias.com\\\/labravaradiofm\\\/2023\\\/07\\\/13\\\/los-abogados-equilibrio-y-enlace-entre-autoridades-y-sociedad\\\/\",\"name\":\"Los abogados, equilibrio y enlace entre autoridades y sociedad - LA BRAVA RADIO\",\"isPartOf\":{\"@id\":\"https:\\\/\\\/www.bbmnoticias.com\\\/labravaradiofm\\\/#website\"},\"primaryImageOfPage\":{\"@id\":\"https:\\\/\\\/www.bbmnoticias.com\\\/labravaradiofm\\\/2023\\\/07\\\/13\\\/los-abogados-equilibrio-y-enlace-entre-autoridades-y-sociedad\\\/#primaryimage\"},\"image\":{\"@id\":\"https:\\\/\\\/www.bbmnoticias.com\\\/labravaradiofm\\\/2023\\\/07\\\/13\\\/los-abogados-equilibrio-y-enlace-entre-autoridades-y-sociedad\\\/#primaryimage\"},\"thumbnailUrl\":\"https:\\\/\\\/www.bbmnoticias.com\\\/labravaradiofm\\\/wp-content\\\/uploads\\\/sites\\\/5\\\/2023\\\/07\\\/dia_abogado.jpg\",\"datePublished\":\"2023-07-13T14:11:44+00:00\",\"dateModified\":\"2023-07-13T14:11:45+00:00\",\"author\":{\"@id\":\"https:\\\/\\\/www.bbmnoticias.com\\\/labravaradiofm\\\/#\\\/schema\\\/person\\\/34b139c617a70ea5bef5678bffe4dd7b\"},\"breadcrumb\":{\"@id\":\"https:\\\/\\\/www.bbmnoticias.com\\\/labravaradiofm\\\/2023\\\/07\\\/13\\\/los-abogados-equilibrio-y-enlace-entre-autoridades-y-sociedad\\\/#breadcrumb\"},\"inLanguage\":\"es\",\"potentialAction\":[{\"@type\":\"ReadAction\",\"target\":[\"https:\\\/\\\/www.bbmnoticias.com\\\/labravaradiofm\\\/2023\\\/07\\\/13\\\/los-abogados-equilibrio-y-enlace-entre-autoridades-y-sociedad\\\/\"]}]},{\"@type\":\"ImageObject\",\"inLanguage\":\"es\",\"@id\":\"https:\\\/\\\/www.bbmnoticias.com\\\/labravaradiofm\\\/2023\\\/07\\\/13\\\/los-abogados-equilibrio-y-enlace-entre-autoridades-y-sociedad\\\/#primaryimage\",\"url\":\"https:\\\/\\\/www.bbmnoticias.com\\\/labravaradiofm\\\/wp-content\\\/uploads\\\/sites\\\/5\\\/2023\\\/07\\\/dia_abogado.jpg\",\"contentUrl\":\"https:\\\/\\\/www.bbmnoticias.com\\\/labravaradiofm\\\/wp-content\\\/uploads\\\/sites\\\/5\\\/2023\\\/07\\\/dia_abogado.jpg\",\"width\":567,\"height\":372},{\"@type\":\"BreadcrumbList\",\"@id\":\"https:\\\/\\\/www.bbmnoticias.com\\\/labravaradiofm\\\/2023\\\/07\\\/13\\\/los-abogados-equilibrio-y-enlace-entre-autoridades-y-sociedad\\\/#breadcrumb\",\"itemListElement\":[{\"@type\":\"ListItem\",\"position\":1,\"name\":\"Inicio\",\"item\":\"https:\\\/\\\/www.bbmnoticias.com\\\/labravaradiofm\\\/\"},{\"@type\":\"ListItem\",\"position\":2,\"name\":\"Los abogados, equilibrio y enlace entre autoridades y sociedad\"}]},{\"@type\":\"WebSite\",\"@id\":\"https:\\\/\\\/www.bbmnoticias.com\\\/labravaradiofm\\\/#website\",\"url\":\"https:\\\/\\\/www.bbmnoticias.com\\\/labravaradiofm\\\/\",\"name\":\"LA BRAVA RADIO\",\"description\":\"Empresa productora de medios, Radiodifusi\u00f3n, Noticias, tendencias y todo lo que necesitas saber de la pol\u00edtica mexicana e internacional; entretenimiento, espect\u00e1culos, salud y mucho m\u00e1s.\",\"potentialAction\":[{\"@type\":\"SearchAction\",\"target\":{\"@type\":\"EntryPoint\",\"urlTemplate\":\"https:\\\/\\\/www.bbmnoticias.com\\\/labravaradiofm\\\/?s={search_term_string}\"},\"query-input\":{\"@type\":\"PropertyValueSpecification\",\"valueRequired\":true,\"valueName\":\"search_term_string\"}}],\"inLanguage\":\"es\"},{\"@type\":\"Person\",\"@id\":\"https:\\\/\\\/www.bbmnoticias.com\\\/labravaradiofm\\\/#\\\/schema\\\/person\\\/34b139c617a70ea5bef5678bffe4dd7b\",\"name\":\"Staff\",\"image\":{\"@type\":\"ImageObject\",\"inLanguage\":\"es\",\"@id\":\"https:\\\/\\\/secure.gravatar.com\\\/avatar\\\/fdd21ad66fd8b98c407f9dee5b5e588cfe7f0d8579ec20fa6527cd59bab7f0f0?s=96&d=mm&r=g\",\"url\":\"https:\\\/\\\/secure.gravatar.com\\\/avatar\\\/fdd21ad66fd8b98c407f9dee5b5e588cfe7f0d8579ec20fa6527cd59bab7f0f0?s=96&d=mm&r=g\",\"contentUrl\":\"https:\\\/\\\/secure.gravatar.com\\\/avatar\\\/fdd21ad66fd8b98c407f9dee5b5e588cfe7f0d8579ec20fa6527cd59bab7f0f0?s=96&d=mm&r=g\",\"caption\":\"Staff\"},\"url\":\"https:\\\/\\\/www.bbmnoticias.com\\\/labravaradiofm\\\/author\\\/redaccion\\\/\"}]}<\/script>\n<!-- \/ Yoast SEO plugin. -->","yoast_head_json":{"title":"Los abogados, equilibrio y enlace entre autoridades y sociedad - LA BRAVA RADIO","robots":{"index":"index","follow":"follow","max-snippet":"max-snippet:-1","max-image-preview":"max-image-preview:large","max-video-preview":"max-video-preview:-1"},"canonical":"https:\/\/www.bbmnoticias.com\/labravaradiofm\/2023\/07\/13\/los-abogados-equilibrio-y-enlace-entre-autoridades-y-sociedad\/","og_locale":"es_MX","og_type":"article","og_title":"Los abogados, equilibrio y enlace entre autoridades y sociedad - LA BRAVA RADIO","og_description":"Oaxaca, Oax.- \u201cLa Barra Oaxaque\u00f1a de Abogados y Pasantes de Derecho Independientes, siempre ser\u00e1 el equilibrio sano y eficaz que debe de existir entre las autoridades federales, estatales y municipales que imparten, procuran y administran justicia y la sociedad en la que nos desenvolvemos\u201d, as\u00ed lo expres\u00f3 su presidente estatal, el Lic. Sa\u00fal Alberto \u00c1ngel [&hellip;]","og_url":"https:\/\/www.bbmnoticias.com\/labravaradiofm\/2023\/07\/13\/los-abogados-equilibrio-y-enlace-entre-autoridades-y-sociedad\/","og_site_name":"LA BRAVA RADIO","article_published_time":"2023-07-13T14:11:44+00:00","article_modified_time":"2023-07-13T14:11:45+00:00","og_image":[{"width":567,"height":372,"url":"https:\/\/www.bbmnoticias.com\/labravaradiofm\/wp-content\/uploads\/sites\/5\/2023\/07\/dia_abogado.jpg","type":"image\/jpeg"}],"author":"Staff","twitter_card":"summary_large_image","twitter_misc":{"Escrito por":"Staff"},"schema":{"@context":"https:\/\/schema.org","@graph":[{"@type":"Article","@id":"https:\/\/www.bbmnoticias.com\/labravaradiofm\/2023\/07\/13\/los-abogados-equilibrio-y-enlace-entre-autoridades-y-sociedad\/#article","isPartOf":{"@id":"https:\/\/www.bbmnoticias.com\/labravaradiofm\/2023\/07\/13\/los-abogados-equilibrio-y-enlace-entre-autoridades-y-sociedad\/"},"author":{"name":"Staff","@id":"https:\/\/www.bbmnoticias.com\/labravaradiofm\/#\/schema\/person\/34b139c617a70ea5bef5678bffe4dd7b"},"headline":"Los abogados, equilibrio y enlace entre autoridades y sociedad","datePublished":"2023-07-13T14:11:44+00:00","dateModified":"2023-07-13T14:11:45+00:00","mainEntityOfPage":{"@id":"https:\/\/www.bbmnoticias.com\/labravaradiofm\/2023\/07\/13\/los-abogados-equilibrio-y-enlace-entre-autoridades-y-sociedad\/"},"wordCount":1205,"image":{"@id":"https:\/\/www.bbmnoticias.com\/labravaradiofm\/2023\/07\/13\/los-abogados-equilibrio-y-enlace-entre-autoridades-y-sociedad\/#primaryimage"},"thumbnailUrl":"https:\/\/www.bbmnoticias.com\/labravaradiofm\/wp-content\/uploads\/sites\/5\/2023\/07\/dia_abogado.jpg","articleSection":["LOCAL"],"inLanguage":"es"},{"@type":"WebPage","@id":"https:\/\/www.bbmnoticias.com\/labravaradiofm\/2023\/07\/13\/los-abogados-equilibrio-y-enlace-entre-autoridades-y-sociedad\/","url":"https:\/\/www.bbmnoticias.com\/labravaradiofm\/2023\/07\/13\/los-abogados-equilibrio-y-enlace-entre-autoridades-y-sociedad\/","name":"Los abogados, equilibrio y enlace entre autoridades y sociedad - LA BRAVA RADIO","isPartOf":{"@id":"https:\/\/www.bbmnoticias.com\/labravaradiofm\/#website"},"primaryImageOfPage":{"@id":"https:\/\/www.bbmnoticias.com\/labravaradiofm\/2023\/07\/13\/los-abogados-equilibrio-y-enlace-entre-autoridades-y-sociedad\/#primaryimage"},"image":{"@id":"https:\/\/www.bbmnoticias.com\/labravaradiofm\/2023\/07\/13\/los-abogados-equilibrio-y-enlace-entre-autoridades-y-sociedad\/#primaryimage"},"thumbnailUrl":"https:\/\/www.bbmnoticias.com\/labravaradiofm\/wp-content\/uploads\/sites\/5\/2023\/07\/dia_abogado.jpg","datePublished":"2023-07-13T14:11:44+00:00","dateModified":"2023-07-13T14:11:45+00:00","author":{"@id":"https:\/\/www.bbmnoticias.com\/labravaradiofm\/#\/schema\/person\/34b139c617a70ea5bef5678bffe4dd7b"},"breadcrumb":{"@id":"https:\/\/www.bbmnoticias.com\/labravaradiofm\/2023\/07\/13\/los-abogados-equilibrio-y-enlace-entre-autoridades-y-sociedad\/#breadcrumb"},"inLanguage":"es","potentialAction":[{"@type":"ReadAction","target":["https:\/\/www.bbmnoticias.com\/labravaradiofm\/2023\/07\/13\/los-abogados-equilibrio-y-enlace-entre-autoridades-y-sociedad\/"]}]},{"@type":"ImageObject","inLanguage":"es","@id":"https:\/\/www.bbmnoticias.com\/labravaradiofm\/2023\/07\/13\/los-abogados-equilibrio-y-enlace-entre-autoridades-y-sociedad\/#primaryimage","url":"https:\/\/www.bbmnoticias.com\/labravaradiofm\/wp-content\/uploads\/sites\/5\/2023\/07\/dia_abogado.jpg","contentUrl":"https:\/\/www.bbmnoticias.com\/labravaradiofm\/wp-content\/uploads\/sites\/5\/2023\/07\/dia_abogado.jpg","width":567,"height":372},{"@type":"BreadcrumbList","@id":"https:\/\/www.bbmnoticias.com\/labravaradiofm\/2023\/07\/13\/los-abogados-equilibrio-y-enlace-entre-autoridades-y-sociedad\/#breadcrumb","itemListElement":[{"@type":"ListItem","position":1,"name":"Inicio","item":"https:\/\/www.bbmnoticias.com\/labravaradiofm\/"},{"@type":"ListItem","position":2,"name":"Los abogados, equilibrio y enlace entre autoridades y sociedad"}]},{"@type":"WebSite","@id":"https:\/\/www.bbmnoticias.com\/labravaradiofm\/#website","url":"https:\/\/www.bbmnoticias.com\/labravaradiofm\/","name":"LA BRAVA RADIO","description":"Empresa productora de medios, Radiodifusi\u00f3n, Noticias, tendencias y todo lo que necesitas saber de la pol\u00edtica mexicana e internacional; entretenimiento, espect\u00e1culos, salud y mucho m\u00e1s.","potentialAction":[{"@type":"SearchAction","target":{"@type":"EntryPoint","urlTemplate":"https:\/\/www.bbmnoticias.com\/labravaradiofm\/?s={search_term_string}"},"query-input":{"@type":"PropertyValueSpecification","valueRequired":true,"valueName":"search_term_string"}}],"inLanguage":"es"},{"@type":"Person","@id":"https:\/\/www.bbmnoticias.com\/labravaradiofm\/#\/schema\/person\/34b139c617a70ea5bef5678bffe4dd7b","name":"Staff","image":{"@type":"ImageObject","inLanguage":"es","@id":"https:\/\/secure.gravatar.com\/avatar\/fdd21ad66fd8b98c407f9dee5b5e588cfe7f0d8579ec20fa6527cd59bab7f0f0?s=96&d=mm&r=g","url":"https:\/\/secure.gravatar.com\/avatar\/fdd21ad66fd8b98c407f9dee5b5e588cfe7f0d8579ec20fa6527cd59bab7f0f0?s=96&d=mm&r=g","contentUrl":"https:\/\/secure.gravatar.com\/avatar\/fdd21ad66fd8b98c407f9dee5b5e588cfe7f0d8579ec20fa6527cd59bab7f0f0?s=96&d=mm&r=g","caption":"Staff"},"url":"https:\/\/www.bbmnoticias.com\/labravaradiofm\/author\/redaccion\/"}]}},"_links":{"self":[{"href":"https:\/\/www.bbmnoticias.com\/labravaradiofm\/wp-json\/wp\/v2\/posts\/29525","targetHints":{"allow":["GET"]}}],"collection":[{"href":"https:\/\/www.bbmnoticias.com\/labravaradiofm\/wp-json\/wp\/v2\/posts"}],"about":[{"href":"https:\/\/www.bbmnoticias.com\/labravaradiofm\/wp-json\/wp\/v2\/types\/post"}],"author":[{"embeddable":true,"href":"https:\/\/www.bbmnoticias.com\/labravaradiofm\/wp-json\/wp\/v2\/users\/2"}],"replies":[{"embeddable":true,"href":"https:\/\/www.bbmnoticias.com\/labravaradiofm\/wp-json\/wp\/v2\/comments?post=29525"}],"version-history":[{"count":0,"href":"https:\/\/www.bbmnoticias.com\/labravaradiofm\/wp-json\/wp\/v2\/posts\/29525\/revisions"}],"wp:featuredmedia":[{"embeddable":true,"href":"https:\/\/www.bbmnoticias.com\/labravaradiofm\/wp-json\/wp\/v2\/media\/29526"}],"wp:attachment":[{"href":"https:\/\/www.bbmnoticias.com\/labravaradiofm\/wp-json\/wp\/v2\/media?parent=29525"}],"wp:term":[{"taxonomy":"category","embeddable":true,"href":"https:\/\/www.bbmnoticias.com\/labravaradiofm\/wp-json\/wp\/v2\/categories?post=29525"},{"taxonomy":"post_tag","embeddable":true,"href":"https:\/\/www.bbmnoticias.com\/labravaradiofm\/wp-json\/wp\/v2\/tags?post=29525"}],"curies":[{"name":"wp","href":"https:\/\/api.w.org\/{rel}","templated":true}]}}