{"id":2952,"date":"2021-10-01T13:53:45","date_gmt":"2021-10-01T18:53:45","guid":{"rendered":"https:\/\/www.bbmnoticias.com\/labravaradiofm\/?p=2952"},"modified":"2021-10-01T13:54:13","modified_gmt":"2021-10-01T18:54:13","slug":"vinculan-a-proceso-a-2-exjefes-policiacos-por-caso-nochixtlan","status":"publish","type":"post","link":"https:\/\/www.bbmnoticias.com\/labravaradiofm\/2021\/10\/01\/vinculan-a-proceso-a-2-exjefes-policiacos-por-caso-nochixtlan\/","title":{"rendered":"Vinculan a proceso a 2 exjefes policiacos por caso Nochixtl\u00e1n"},"content":{"rendered":"<div style=\"margin-top: 0px; margin-bottom: 0px;\" class=\"sharethis-inline-share-buttons\" ><\/div>\n<p>CIUDAD DE M\u00c9XICO.- &nbsp;Los dos exmandos policiacos detenidos el pasado 26 de septiembre, relacionados con los hechos ocurridos en Asunci\u00f3n Nochixtl\u00e1n, Oaxaca el 19 de junio de 2016, fueron vinculados a proceso.<\/p>\n\n\n\n<p>La Fiscal\u00eda General de la Rep\u00fablica (FGR), a trav\u00e9s de la Fiscal\u00eda Especializada de Control Regional (FECOR), obtuvo la vinculaci\u00f3n a proceso en contra de Juan P y Carlos G, por su probable responsabilidad en los delitos de homicidio y lesiones calificadas, en el operativo de liberaci\u00f3n en las carreteras en Asunci\u00f3n Nochixtl\u00e1n, Oaxaca, en donde personas perdieron la vida y otras m\u00e1s resultaron lesionadas.<\/p>\n\n\n\n<p>La investigaci\u00f3n, coordinada por agentes del Ministerio P\u00fablico Federal (MPF), peritos, polic\u00edas y analistas de informaci\u00f3n, obtuvieron el estudio bal\u00edstico de centenares de armas de fuego, de entrevistas a elementos policiacos, y de dict\u00e1menes periciales, entre otros cientos de diligencias.<\/p>\n\n\n\n<p>Por tales hechos, en audiencia inicial, el Juez de Control adscrito al Centro Federal de Justicia del estado de Oaxaca, vincul\u00f3 a proceso al exdirector de la Divisi\u00f3n de Fuerzas Estatales de Oaxaca Juan Peralta Alavez, presuntamente responsable de haber ordenado que al operativo desplegado en Asunci\u00f3n Nochixtl\u00e1n, Oaxaca el 19 de junio de 2016 al que acudieran polic\u00edas&nbsp; armados.<\/p>\n\n\n\n<p>Mientras que el exdirector del Noveno agrupamiento de la Coordinaci\u00f3n de Alerta y Reacci\u00f3n Inmediata, Carlos Guerrero Romero se le imputan omisiones durante el operativo, al no girar instrucciones adecuadas, pues la negligencia del entonces mando policial y Peralta Alavez produjeron el homicidio de seis personas y lesiones a otras 28.<\/p>\n\n\n\n<p><\/p>\n\n\n\n<p><\/p>\n","protected":false},"excerpt":{"rendered":"<p>CIUDAD DE M\u00c9XICO.- &nbsp;Los dos exmandos policiacos detenidos el pasado 26 de septiembre, relacionados con los hechos ocurridos en Asunci\u00f3n Nochixtl\u00e1n, Oaxaca el 19 de junio de 2016, fueron vinculados a proceso. La Fiscal\u00eda General de la Rep\u00fablica (FGR), a trav\u00e9s de la Fiscal\u00eda Especializada de Control Regional (FECOR), obtuvo la vinculaci\u00f3n a proceso en [&hellip;]<\/p>\n","protected":false},"author":5,"featured_media":2953,"comment_status":"closed","ping_status":"closed","sticky":false,"template":"","format":"standard","meta":{"footnotes":""},"categories":[1],"tags":[],"class_list":{"0":"post-2952","1":"post","2":"type-post","3":"status-publish","4":"format-standard","5":"has-post-thumbnail","7":"category-sin-categoria"},"yoast_head":"<!-- This site is optimized with the Yoast SEO plugin v27.4 - https:\/\/yoast.com\/product\/yoast-seo-wordpress\/ -->\n<title>Vinculan a proceso a 2 exjefes policiacos por caso Nochixtl\u00e1n - LA BRAVA RADIO<\/title>\n<meta name=\"robots\" content=\"index, follow, max-snippet:-1, max-image-preview:large, max-video-preview:-1\" \/>\n<link rel=\"canonical\" href=\"https:\/\/www.bbmnoticias.com\/labravaradiofm\/2021\/10\/01\/vinculan-a-proceso-a-2-exjefes-policiacos-por-caso-nochixtlan\/\" \/>\n<meta property=\"og:locale\" content=\"es_MX\" \/>\n<meta property=\"og:type\" content=\"article\" \/>\n<meta property=\"og:title\" content=\"Vinculan a proceso a 2 exjefes policiacos por caso Nochixtl\u00e1n - LA BRAVA RADIO\" \/>\n<meta property=\"og:description\" content=\"CIUDAD DE M\u00c9XICO.- &nbsp;Los dos exmandos policiacos detenidos el pasado 26 de septiembre, relacionados con los hechos ocurridos en Asunci\u00f3n Nochixtl\u00e1n, Oaxaca el 19 de junio de 2016, fueron vinculados a proceso. La Fiscal\u00eda General de la Rep\u00fablica (FGR), a trav\u00e9s de la Fiscal\u00eda Especializada de Control Regional (FECOR), obtuvo la vinculaci\u00f3n a proceso en [&hellip;]\" \/>\n<meta property=\"og:url\" content=\"https:\/\/www.bbmnoticias.com\/labravaradiofm\/2021\/10\/01\/vinculan-a-proceso-a-2-exjefes-policiacos-por-caso-nochixtlan\/\" \/>\n<meta property=\"og:site_name\" content=\"LA BRAVA RADIO\" \/>\n<meta property=\"article:published_time\" content=\"2021-10-01T18:53:45+00:00\" \/>\n<meta property=\"article:modified_time\" content=\"2021-10-01T18:54:13+00:00\" \/>\n<meta property=\"og:image\" content=\"https:\/\/www.bbmnoticias.com\/labravaradiofm\/wp-content\/uploads\/sites\/5\/2021\/10\/local01102021-24.jpg\" \/>\n\t<meta property=\"og:image:width\" content=\"950\" \/>\n\t<meta property=\"og:image:height\" content=\"623\" \/>\n\t<meta property=\"og:image:type\" content=\"image\/jpeg\" \/>\n<meta name=\"author\" content=\"Quadratin\" \/>\n<meta name=\"twitter:card\" content=\"summary_large_image\" \/>\n<meta name=\"twitter:label1\" content=\"Escrito por\" \/>\n\t<meta name=\"twitter:data1\" content=\"Quadratin\" \/>\n\t<meta name=\"twitter:label2\" content=\"Tiempo de lectura\" \/>\n\t<meta name=\"twitter:data2\" content=\"2 minutos\" \/>\n<script type=\"application\/ld+json\" class=\"yoast-schema-graph\">{\"@context\":\"https:\\\/\\\/schema.org\",\"@graph\":[{\"@type\":\"Article\",\"@id\":\"https:\\\/\\\/www.bbmnoticias.com\\\/labravaradiofm\\\/2021\\\/10\\\/01\\\/vinculan-a-proceso-a-2-exjefes-policiacos-por-caso-nochixtlan\\\/#article\",\"isPartOf\":{\"@id\":\"https:\\\/\\\/www.bbmnoticias.com\\\/labravaradiofm\\\/2021\\\/10\\\/01\\\/vinculan-a-proceso-a-2-exjefes-policiacos-por-caso-nochixtlan\\\/\"},\"author\":{\"name\":\"Quadratin\",\"@id\":\"https:\\\/\\\/www.bbmnoticias.com\\\/labravaradiofm\\\/#\\\/schema\\\/person\\\/c316b6f6c03640cce5d9482ba5a8e5c2\"},\"headline\":\"Vinculan a proceso a 2 exjefes policiacos por caso Nochixtl\u00e1n\",\"datePublished\":\"2021-10-01T18:53:45+00:00\",\"dateModified\":\"2021-10-01T18:54:13+00:00\",\"mainEntityOfPage\":{\"@id\":\"https:\\\/\\\/www.bbmnoticias.com\\\/labravaradiofm\\\/2021\\\/10\\\/01\\\/vinculan-a-proceso-a-2-exjefes-policiacos-por-caso-nochixtlan\\\/\"},\"wordCount\":279,\"image\":{\"@id\":\"https:\\\/\\\/www.bbmnoticias.com\\\/labravaradiofm\\\/2021\\\/10\\\/01\\\/vinculan-a-proceso-a-2-exjefes-policiacos-por-caso-nochixtlan\\\/#primaryimage\"},\"thumbnailUrl\":\"https:\\\/\\\/www.bbmnoticias.com\\\/labravaradiofm\\\/wp-content\\\/uploads\\\/sites\\\/5\\\/2021\\\/10\\\/local01102021-24.jpg\",\"inLanguage\":\"es\"},{\"@type\":\"WebPage\",\"@id\":\"https:\\\/\\\/www.bbmnoticias.com\\\/labravaradiofm\\\/2021\\\/10\\\/01\\\/vinculan-a-proceso-a-2-exjefes-policiacos-por-caso-nochixtlan\\\/\",\"url\":\"https:\\\/\\\/www.bbmnoticias.com\\\/labravaradiofm\\\/2021\\\/10\\\/01\\\/vinculan-a-proceso-a-2-exjefes-policiacos-por-caso-nochixtlan\\\/\",\"name\":\"Vinculan a proceso a 2 exjefes policiacos por caso Nochixtl\u00e1n - LA BRAVA RADIO\",\"isPartOf\":{\"@id\":\"https:\\\/\\\/www.bbmnoticias.com\\\/labravaradiofm\\\/#website\"},\"primaryImageOfPage\":{\"@id\":\"https:\\\/\\\/www.bbmnoticias.com\\\/labravaradiofm\\\/2021\\\/10\\\/01\\\/vinculan-a-proceso-a-2-exjefes-policiacos-por-caso-nochixtlan\\\/#primaryimage\"},\"image\":{\"@id\":\"https:\\\/\\\/www.bbmnoticias.com\\\/labravaradiofm\\\/2021\\\/10\\\/01\\\/vinculan-a-proceso-a-2-exjefes-policiacos-por-caso-nochixtlan\\\/#primaryimage\"},\"thumbnailUrl\":\"https:\\\/\\\/www.bbmnoticias.com\\\/labravaradiofm\\\/wp-content\\\/uploads\\\/sites\\\/5\\\/2021\\\/10\\\/local01102021-24.jpg\",\"datePublished\":\"2021-10-01T18:53:45+00:00\",\"dateModified\":\"2021-10-01T18:54:13+00:00\",\"author\":{\"@id\":\"https:\\\/\\\/www.bbmnoticias.com\\\/labravaradiofm\\\/#\\\/schema\\\/person\\\/c316b6f6c03640cce5d9482ba5a8e5c2\"},\"breadcrumb\":{\"@id\":\"https:\\\/\\\/www.bbmnoticias.com\\\/labravaradiofm\\\/2021\\\/10\\\/01\\\/vinculan-a-proceso-a-2-exjefes-policiacos-por-caso-nochixtlan\\\/#breadcrumb\"},\"inLanguage\":\"es\",\"potentialAction\":[{\"@type\":\"ReadAction\",\"target\":[\"https:\\\/\\\/www.bbmnoticias.com\\\/labravaradiofm\\\/2021\\\/10\\\/01\\\/vinculan-a-proceso-a-2-exjefes-policiacos-por-caso-nochixtlan\\\/\"]}]},{\"@type\":\"ImageObject\",\"inLanguage\":\"es\",\"@id\":\"https:\\\/\\\/www.bbmnoticias.com\\\/labravaradiofm\\\/2021\\\/10\\\/01\\\/vinculan-a-proceso-a-2-exjefes-policiacos-por-caso-nochixtlan\\\/#primaryimage\",\"url\":\"https:\\\/\\\/www.bbmnoticias.com\\\/labravaradiofm\\\/wp-content\\\/uploads\\\/sites\\\/5\\\/2021\\\/10\\\/local01102021-24.jpg\",\"contentUrl\":\"https:\\\/\\\/www.bbmnoticias.com\\\/labravaradiofm\\\/wp-content\\\/uploads\\\/sites\\\/5\\\/2021\\\/10\\\/local01102021-24.jpg\",\"width\":950,\"height\":623},{\"@type\":\"BreadcrumbList\",\"@id\":\"https:\\\/\\\/www.bbmnoticias.com\\\/labravaradiofm\\\/2021\\\/10\\\/01\\\/vinculan-a-proceso-a-2-exjefes-policiacos-por-caso-nochixtlan\\\/#breadcrumb\",\"itemListElement\":[{\"@type\":\"ListItem\",\"position\":1,\"name\":\"Inicio\",\"item\":\"https:\\\/\\\/www.bbmnoticias.com\\\/labravaradiofm\\\/\"},{\"@type\":\"ListItem\",\"position\":2,\"name\":\"Vinculan a proceso a 2 exjefes policiacos por caso Nochixtl\u00e1n\"}]},{\"@type\":\"WebSite\",\"@id\":\"https:\\\/\\\/www.bbmnoticias.com\\\/labravaradiofm\\\/#website\",\"url\":\"https:\\\/\\\/www.bbmnoticias.com\\\/labravaradiofm\\\/\",\"name\":\"LA BRAVA RADIO\",\"description\":\"Empresa productora de medios, Radiodifusi\u00f3n, Noticias, tendencias y todo lo que necesitas saber de la pol\u00edtica mexicana e internacional; entretenimiento, espect\u00e1culos, salud y mucho m\u00e1s.\",\"potentialAction\":[{\"@type\":\"SearchAction\",\"target\":{\"@type\":\"EntryPoint\",\"urlTemplate\":\"https:\\\/\\\/www.bbmnoticias.com\\\/labravaradiofm\\\/?s={search_term_string}\"},\"query-input\":{\"@type\":\"PropertyValueSpecification\",\"valueRequired\":true,\"valueName\":\"search_term_string\"}}],\"inLanguage\":\"es\"},{\"@type\":\"Person\",\"@id\":\"https:\\\/\\\/www.bbmnoticias.com\\\/labravaradiofm\\\/#\\\/schema\\\/person\\\/c316b6f6c03640cce5d9482ba5a8e5c2\",\"name\":\"Quadratin\",\"image\":{\"@type\":\"ImageObject\",\"inLanguage\":\"es\",\"@id\":\"https:\\\/\\\/secure.gravatar.com\\\/avatar\\\/34008d7d72488432d6a74f81e839efc9f754b118786ca32cf39d9d5508a68f63?s=96&d=mm&r=g\",\"url\":\"https:\\\/\\\/secure.gravatar.com\\\/avatar\\\/34008d7d72488432d6a74f81e839efc9f754b118786ca32cf39d9d5508a68f63?s=96&d=mm&r=g\",\"contentUrl\":\"https:\\\/\\\/secure.gravatar.com\\\/avatar\\\/34008d7d72488432d6a74f81e839efc9f754b118786ca32cf39d9d5508a68f63?s=96&d=mm&r=g\",\"caption\":\"Quadratin\"},\"url\":\"https:\\\/\\\/www.bbmnoticias.com\\\/labravaradiofm\\\/author\\\/quadratin\\\/\"}]}<\/script>\n<!-- \/ Yoast SEO plugin. -->","yoast_head_json":{"title":"Vinculan a proceso a 2 exjefes policiacos por caso Nochixtl\u00e1n - LA BRAVA RADIO","robots":{"index":"index","follow":"follow","max-snippet":"max-snippet:-1","max-image-preview":"max-image-preview:large","max-video-preview":"max-video-preview:-1"},"canonical":"https:\/\/www.bbmnoticias.com\/labravaradiofm\/2021\/10\/01\/vinculan-a-proceso-a-2-exjefes-policiacos-por-caso-nochixtlan\/","og_locale":"es_MX","og_type":"article","og_title":"Vinculan a proceso a 2 exjefes policiacos por caso Nochixtl\u00e1n - LA BRAVA RADIO","og_description":"CIUDAD DE M\u00c9XICO.- &nbsp;Los dos exmandos policiacos detenidos el pasado 26 de septiembre, relacionados con los hechos ocurridos en Asunci\u00f3n Nochixtl\u00e1n, Oaxaca el 19 de junio de 2016, fueron vinculados a proceso. La Fiscal\u00eda General de la Rep\u00fablica (FGR), a trav\u00e9s de la Fiscal\u00eda Especializada de Control Regional (FECOR), obtuvo la vinculaci\u00f3n a proceso en [&hellip;]","og_url":"https:\/\/www.bbmnoticias.com\/labravaradiofm\/2021\/10\/01\/vinculan-a-proceso-a-2-exjefes-policiacos-por-caso-nochixtlan\/","og_site_name":"LA BRAVA RADIO","article_published_time":"2021-10-01T18:53:45+00:00","article_modified_time":"2021-10-01T18:54:13+00:00","og_image":[{"width":950,"height":623,"url":"https:\/\/www.bbmnoticias.com\/labravaradiofm\/wp-content\/uploads\/sites\/5\/2021\/10\/local01102021-24.jpg","type":"image\/jpeg"}],"author":"Quadratin","twitter_card":"summary_large_image","twitter_misc":{"Escrito por":"Quadratin","Tiempo de lectura":"2 minutos"},"schema":{"@context":"https:\/\/schema.org","@graph":[{"@type":"Article","@id":"https:\/\/www.bbmnoticias.com\/labravaradiofm\/2021\/10\/01\/vinculan-a-proceso-a-2-exjefes-policiacos-por-caso-nochixtlan\/#article","isPartOf":{"@id":"https:\/\/www.bbmnoticias.com\/labravaradiofm\/2021\/10\/01\/vinculan-a-proceso-a-2-exjefes-policiacos-por-caso-nochixtlan\/"},"author":{"name":"Quadratin","@id":"https:\/\/www.bbmnoticias.com\/labravaradiofm\/#\/schema\/person\/c316b6f6c03640cce5d9482ba5a8e5c2"},"headline":"Vinculan a proceso a 2 exjefes policiacos por caso Nochixtl\u00e1n","datePublished":"2021-10-01T18:53:45+00:00","dateModified":"2021-10-01T18:54:13+00:00","mainEntityOfPage":{"@id":"https:\/\/www.bbmnoticias.com\/labravaradiofm\/2021\/10\/01\/vinculan-a-proceso-a-2-exjefes-policiacos-por-caso-nochixtlan\/"},"wordCount":279,"image":{"@id":"https:\/\/www.bbmnoticias.com\/labravaradiofm\/2021\/10\/01\/vinculan-a-proceso-a-2-exjefes-policiacos-por-caso-nochixtlan\/#primaryimage"},"thumbnailUrl":"https:\/\/www.bbmnoticias.com\/labravaradiofm\/wp-content\/uploads\/sites\/5\/2021\/10\/local01102021-24.jpg","inLanguage":"es"},{"@type":"WebPage","@id":"https:\/\/www.bbmnoticias.com\/labravaradiofm\/2021\/10\/01\/vinculan-a-proceso-a-2-exjefes-policiacos-por-caso-nochixtlan\/","url":"https:\/\/www.bbmnoticias.com\/labravaradiofm\/2021\/10\/01\/vinculan-a-proceso-a-2-exjefes-policiacos-por-caso-nochixtlan\/","name":"Vinculan a proceso a 2 exjefes policiacos por caso Nochixtl\u00e1n - LA BRAVA RADIO","isPartOf":{"@id":"https:\/\/www.bbmnoticias.com\/labravaradiofm\/#website"},"primaryImageOfPage":{"@id":"https:\/\/www.bbmnoticias.com\/labravaradiofm\/2021\/10\/01\/vinculan-a-proceso-a-2-exjefes-policiacos-por-caso-nochixtlan\/#primaryimage"},"image":{"@id":"https:\/\/www.bbmnoticias.com\/labravaradiofm\/2021\/10\/01\/vinculan-a-proceso-a-2-exjefes-policiacos-por-caso-nochixtlan\/#primaryimage"},"thumbnailUrl":"https:\/\/www.bbmnoticias.com\/labravaradiofm\/wp-content\/uploads\/sites\/5\/2021\/10\/local01102021-24.jpg","datePublished":"2021-10-01T18:53:45+00:00","dateModified":"2021-10-01T18:54:13+00:00","author":{"@id":"https:\/\/www.bbmnoticias.com\/labravaradiofm\/#\/schema\/person\/c316b6f6c03640cce5d9482ba5a8e5c2"},"breadcrumb":{"@id":"https:\/\/www.bbmnoticias.com\/labravaradiofm\/2021\/10\/01\/vinculan-a-proceso-a-2-exjefes-policiacos-por-caso-nochixtlan\/#breadcrumb"},"inLanguage":"es","potentialAction":[{"@type":"ReadAction","target":["https:\/\/www.bbmnoticias.com\/labravaradiofm\/2021\/10\/01\/vinculan-a-proceso-a-2-exjefes-policiacos-por-caso-nochixtlan\/"]}]},{"@type":"ImageObject","inLanguage":"es","@id":"https:\/\/www.bbmnoticias.com\/labravaradiofm\/2021\/10\/01\/vinculan-a-proceso-a-2-exjefes-policiacos-por-caso-nochixtlan\/#primaryimage","url":"https:\/\/www.bbmnoticias.com\/labravaradiofm\/wp-content\/uploads\/sites\/5\/2021\/10\/local01102021-24.jpg","contentUrl":"https:\/\/www.bbmnoticias.com\/labravaradiofm\/wp-content\/uploads\/sites\/5\/2021\/10\/local01102021-24.jpg","width":950,"height":623},{"@type":"BreadcrumbList","@id":"https:\/\/www.bbmnoticias.com\/labravaradiofm\/2021\/10\/01\/vinculan-a-proceso-a-2-exjefes-policiacos-por-caso-nochixtlan\/#breadcrumb","itemListElement":[{"@type":"ListItem","position":1,"name":"Inicio","item":"https:\/\/www.bbmnoticias.com\/labravaradiofm\/"},{"@type":"ListItem","position":2,"name":"Vinculan a proceso a 2 exjefes policiacos por caso Nochixtl\u00e1n"}]},{"@type":"WebSite","@id":"https:\/\/www.bbmnoticias.com\/labravaradiofm\/#website","url":"https:\/\/www.bbmnoticias.com\/labravaradiofm\/","name":"LA BRAVA RADIO","description":"Empresa productora de medios, Radiodifusi\u00f3n, Noticias, tendencias y todo lo que necesitas saber de la pol\u00edtica mexicana e internacional; entretenimiento, espect\u00e1culos, salud y mucho m\u00e1s.","potentialAction":[{"@type":"SearchAction","target":{"@type":"EntryPoint","urlTemplate":"https:\/\/www.bbmnoticias.com\/labravaradiofm\/?s={search_term_string}"},"query-input":{"@type":"PropertyValueSpecification","valueRequired":true,"valueName":"search_term_string"}}],"inLanguage":"es"},{"@type":"Person","@id":"https:\/\/www.bbmnoticias.com\/labravaradiofm\/#\/schema\/person\/c316b6f6c03640cce5d9482ba5a8e5c2","name":"Quadratin","image":{"@type":"ImageObject","inLanguage":"es","@id":"https:\/\/secure.gravatar.com\/avatar\/34008d7d72488432d6a74f81e839efc9f754b118786ca32cf39d9d5508a68f63?s=96&d=mm&r=g","url":"https:\/\/secure.gravatar.com\/avatar\/34008d7d72488432d6a74f81e839efc9f754b118786ca32cf39d9d5508a68f63?s=96&d=mm&r=g","contentUrl":"https:\/\/secure.gravatar.com\/avatar\/34008d7d72488432d6a74f81e839efc9f754b118786ca32cf39d9d5508a68f63?s=96&d=mm&r=g","caption":"Quadratin"},"url":"https:\/\/www.bbmnoticias.com\/labravaradiofm\/author\/quadratin\/"}]}},"_links":{"self":[{"href":"https:\/\/www.bbmnoticias.com\/labravaradiofm\/wp-json\/wp\/v2\/posts\/2952","targetHints":{"allow":["GET"]}}],"collection":[{"href":"https:\/\/www.bbmnoticias.com\/labravaradiofm\/wp-json\/wp\/v2\/posts"}],"about":[{"href":"https:\/\/www.bbmnoticias.com\/labravaradiofm\/wp-json\/wp\/v2\/types\/post"}],"author":[{"embeddable":true,"href":"https:\/\/www.bbmnoticias.com\/labravaradiofm\/wp-json\/wp\/v2\/users\/5"}],"replies":[{"embeddable":true,"href":"https:\/\/www.bbmnoticias.com\/labravaradiofm\/wp-json\/wp\/v2\/comments?post=2952"}],"version-history":[{"count":0,"href":"https:\/\/www.bbmnoticias.com\/labravaradiofm\/wp-json\/wp\/v2\/posts\/2952\/revisions"}],"wp:featuredmedia":[{"embeddable":true,"href":"https:\/\/www.bbmnoticias.com\/labravaradiofm\/wp-json\/wp\/v2\/media\/2953"}],"wp:attachment":[{"href":"https:\/\/www.bbmnoticias.com\/labravaradiofm\/wp-json\/wp\/v2\/media?parent=2952"}],"wp:term":[{"taxonomy":"category","embeddable":true,"href":"https:\/\/www.bbmnoticias.com\/labravaradiofm\/wp-json\/wp\/v2\/categories?post=2952"},{"taxonomy":"post_tag","embeddable":true,"href":"https:\/\/www.bbmnoticias.com\/labravaradiofm\/wp-json\/wp\/v2\/tags?post=2952"}],"curies":[{"name":"wp","href":"https:\/\/api.w.org\/{rel}","templated":true}]}}