{"id":29515,"date":"2023-07-12T18:47:28","date_gmt":"2023-07-13T00:47:28","guid":{"rendered":"https:\/\/www.bbmnoticias.com\/labravaradiofm\/?p=29515"},"modified":"2023-07-12T18:47:29","modified_gmt":"2023-07-13T00:47:29","slug":"este-es-un-gobierno-para-servir-no-para-servirse-salomon-jara","status":"publish","type":"post","link":"https:\/\/www.bbmnoticias.com\/labravaradiofm\/2023\/07\/12\/este-es-un-gobierno-para-servir-no-para-servirse-salomon-jara\/","title":{"rendered":"Este es un gobierno para servir, no para servirse: Salom\u00f3n Jara"},"content":{"rendered":"<div style=\"margin-top: 0px; margin-bottom: 0px;\" class=\"sharethis-inline-share-buttons\" ><\/div>\n<ul class=\"wp-block-list\">\n<li><em>Destina m\u00e1s de 9.5 millones de pesos en diversas obras de educaci\u00f3n, salud, infraestructura y desarrollo social<\/em><\/li>\n<\/ul>\n\n\n\n<p><strong>Barrio de la Soledad, Oax. 12 de julio de 2023.<\/strong> Este es un gobierno para servir, no para servirse, afirm\u00f3 el Gobernador Salom\u00f3n Jara Cruz luego de arribar a este municipio junto a la Presidenta Honoraria del Sistema DIF Oaxaca, Irma Bola\u00f1os Quijano, donde como parte de la estrategia Trabajo que Transforma tu Municipio anunci\u00f3 una inversi\u00f3n de 9 millones 552 mil pesos a trav\u00e9s de diversas acciones.<\/p>\n\n\n\n<p>El Mandatario Estatal se\u00f1al\u00f3 que esta estrategia implementa un nuevo modelo de atenci\u00f3n a las autoridades, los pueblos y comunidades. &#8220;Creemos que el gobierno debe ser cercano al pueblo y atento a las necesidades de educaci\u00f3n, salud, obras de infraestructura, seguridad, porque esa es su responsabilidad&#8221;.<\/p>\n\n\n\n<p>Destac\u00f3 que bajo esta visi\u00f3n, desde el inicio de su administraci\u00f3n se trabaja desde el territorio y no de escritorio para conocer las necesidades, brindarles apoyo y resarcir la deuda que se tiene con los pueblos que durante muchos a\u00f1os fueron abandonados por gobiernos pasados.<\/p>\n\n\n\n<p>Expres\u00f3 que con la entrega de apoyos que se destinan a trav\u00e9s de esta estrategia Trabajo que Transforma tu Municipio, se busca atender las necesidades prioritarias de 470 municipios. &#8220;Trabajaremos para salir adelante y evitar ocupar los \u00faltimos lugares en desarrollo en las encuestas que realizan el Consejo Nacional de Evaluaci\u00f3n de la Pol\u00edtica de Desarrollo Social&nbsp;(Coneval) y el Instituto Nacional de Estad\u00edstica y Geograf\u00eda (Inegi)&#8221;.<\/p>\n\n\n\n<p>Asimismo, Jara Cruz expres\u00f3 que en su gobierno se acabaron los privilegios, la impunidad y las malas pr\u00e1cticas que ejerc\u00edan los gobiernos anteriores y que llevaron a su administraci\u00f3n a heredar una deuda de 29 mil millones de pesos, recursos que, dijo, bien habr\u00edan valido la pena si se hubieran invertido en obras p\u00fablicas que detonaran el desarrollo de las comunidades.<\/p>\n\n\n\n<p>De esta manera, el Mandatario expres\u00f3 que los recursos anunciados en este municipio de El Barrio de la Soledad, se verificar\u00e1 que realmente sean empleados en beneficio de la poblaci\u00f3n.<\/p>\n\n\n\n<p><strong>Anuncia obras de infraestructura social en beneficio de habitantes de esta comunidad<\/strong><\/p>\n\n\n\n<p>Ante el presidente municipal de El Barrio de la Soledad, Roque Ruiz Toscano y habitantes, se anunci\u00f3 que en fortalecimiento a la infraestructura educativa a trav\u00e9s del Instituto Oaxaque\u00f1o Constructor de Infraestructura Educativa (Iocied) se destinar\u00e1n 870 mil 741 pesos para el equipamiento con 17 computadoras del taller de computaci\u00f3n del Cecyteo plantel 6, as\u00ed como la construcci\u00f3n de un aula en el Preescolar Guillermo \u00c1lvarez Garc\u00eda de la localidad de Lagunas.<\/p>\n\n\n\n<p>De igual manera, a trav\u00e9s de los Servicios de Salud de Oaxaca (SSO) se destinar\u00e1n 2 millones 241 mil 691 pesos, de los cuales dos millones 20 mil 704 pesos ser\u00e1n en medicamentos, y 220 mil 987 pesos en brigadas y casas de salud.<\/p>\n\n\n\n<p>La Secretar\u00eda de Fomento Agroalimentario y Desarrollo Rural (Sefader) destinar\u00e1 108 mil 635 pesos para la campa\u00f1a zoosanitaria encaminada a hacerle frente a la brucelosis y tuberculosis en el ganado.<\/p>\n\n\n\n<p>A trav\u00e9s del Secretariado Ejecutivo del Sistema Estatal de Seguridad P\u00fablica (SESESP) se destinar\u00e1n 730 mil pesos para la certificaci\u00f3n de 10 polic\u00edas de este municipio.<\/p>\n\n\n\n<p>El Sistema para el Desarrollo Integral de la Familia (DIF) Oaxaca tambi\u00e9n destinar\u00e1 5 millones 810 mil 400 pesos para beneficiar a mil 538 personas a trav\u00e9s de los programas de Alimentaci\u00f3n Escolar y de Atenci\u00f3n Alimentaria a Grupos Prioritarios.<\/p>\n\n\n\n<p>De igual manera, a trav\u00e9s de Caminos Bienestar, el Gobernador Salom\u00f3n Jara Cruz se comprometi\u00f3 a atender los proyectos de pavimentaci\u00f3n de los caminos Barrio de la Soledad-La Ciruela y Las Cruces-Chigola.<\/p>\n","protected":false},"excerpt":{"rendered":"<p>Barrio de la Soledad, Oax. 12 de julio de 2023. Este es un gobierno para servir, no para servirse, afirm\u00f3 el Gobernador Salom\u00f3n Jara Cruz luego de arribar a este municipio junto a la Presidenta Honoraria del Sistema DIF Oaxaca, Irma Bola\u00f1os Quijano, donde como parte de la estrategia Trabajo que Transforma tu Municipio anunci\u00f3 [&hellip;]<\/p>\n","protected":false},"author":2,"featured_media":29516,"comment_status":"closed","ping_status":"closed","sticky":false,"template":"","format":"standard","meta":{"footnotes":""},"categories":[2],"tags":[],"class_list":{"0":"post-29515","1":"post","2":"type-post","3":"status-publish","4":"format-standard","5":"has-post-thumbnail","7":"category-oaxaca"},"yoast_head":"<!-- This site is optimized with the Yoast SEO plugin v27.4 - https:\/\/yoast.com\/product\/yoast-seo-wordpress\/ -->\n<title>Este es un gobierno para servir, no para servirse: Salom\u00f3n Jara - LA BRAVA RADIO<\/title>\n<meta name=\"robots\" content=\"index, follow, max-snippet:-1, max-image-preview:large, max-video-preview:-1\" \/>\n<link rel=\"canonical\" href=\"https:\/\/www.bbmnoticias.com\/labravaradiofm\/2023\/07\/12\/este-es-un-gobierno-para-servir-no-para-servirse-salomon-jara\/\" \/>\n<meta property=\"og:locale\" content=\"es_MX\" \/>\n<meta property=\"og:type\" content=\"article\" \/>\n<meta property=\"og:title\" content=\"Este es un gobierno para servir, no para servirse: Salom\u00f3n Jara - LA BRAVA RADIO\" \/>\n<meta property=\"og:description\" content=\"Barrio de la Soledad, Oax. 12 de julio de 2023. Este es un gobierno para servir, no para servirse, afirm\u00f3 el Gobernador Salom\u00f3n Jara Cruz luego de arribar a este municipio junto a la Presidenta Honoraria del Sistema DIF Oaxaca, Irma Bola\u00f1os Quijano, donde como parte de la estrategia Trabajo que Transforma tu Municipio anunci\u00f3 [&hellip;]\" \/>\n<meta property=\"og:url\" content=\"https:\/\/www.bbmnoticias.com\/labravaradiofm\/2023\/07\/12\/este-es-un-gobierno-para-servir-no-para-servirse-salomon-jara\/\" \/>\n<meta property=\"og:site_name\" content=\"LA BRAVA RADIO\" \/>\n<meta property=\"article:published_time\" content=\"2023-07-13T00:47:28+00:00\" \/>\n<meta property=\"article:modified_time\" content=\"2023-07-13T00:47:29+00:00\" \/>\n<meta property=\"og:image\" content=\"https:\/\/www.bbmnoticias.com\/labravaradiofm\/wp-content\/uploads\/sites\/5\/2023\/07\/sjc_gobierno.jpeg\" \/>\n\t<meta property=\"og:image:width\" content=\"1500\" \/>\n\t<meta property=\"og:image:height\" content=\"1000\" \/>\n\t<meta property=\"og:image:type\" content=\"image\/jpeg\" \/>\n<meta name=\"author\" content=\"Staff\" \/>\n<meta name=\"twitter:card\" content=\"summary_large_image\" \/>\n<meta name=\"twitter:label1\" content=\"Escrito por\" \/>\n\t<meta name=\"twitter:data1\" content=\"Staff\" \/>\n\t<meta name=\"twitter:label2\" content=\"Tiempo de lectura\" \/>\n\t<meta name=\"twitter:data2\" content=\"3 minutos\" \/>\n<script type=\"application\/ld+json\" class=\"yoast-schema-graph\">{\"@context\":\"https:\\\/\\\/schema.org\",\"@graph\":[{\"@type\":\"Article\",\"@id\":\"https:\\\/\\\/www.bbmnoticias.com\\\/labravaradiofm\\\/2023\\\/07\\\/12\\\/este-es-un-gobierno-para-servir-no-para-servirse-salomon-jara\\\/#article\",\"isPartOf\":{\"@id\":\"https:\\\/\\\/www.bbmnoticias.com\\\/labravaradiofm\\\/2023\\\/07\\\/12\\\/este-es-un-gobierno-para-servir-no-para-servirse-salomon-jara\\\/\"},\"author\":{\"name\":\"Staff\",\"@id\":\"https:\\\/\\\/www.bbmnoticias.com\\\/labravaradiofm\\\/#\\\/schema\\\/person\\\/34b139c617a70ea5bef5678bffe4dd7b\"},\"headline\":\"Este es un gobierno para servir, no para servirse: Salom\u00f3n Jara\",\"datePublished\":\"2023-07-13T00:47:28+00:00\",\"dateModified\":\"2023-07-13T00:47:29+00:00\",\"mainEntityOfPage\":{\"@id\":\"https:\\\/\\\/www.bbmnoticias.com\\\/labravaradiofm\\\/2023\\\/07\\\/12\\\/este-es-un-gobierno-para-servir-no-para-servirse-salomon-jara\\\/\"},\"wordCount\":623,\"image\":{\"@id\":\"https:\\\/\\\/www.bbmnoticias.com\\\/labravaradiofm\\\/2023\\\/07\\\/12\\\/este-es-un-gobierno-para-servir-no-para-servirse-salomon-jara\\\/#primaryimage\"},\"thumbnailUrl\":\"https:\\\/\\\/www.bbmnoticias.com\\\/labravaradiofm\\\/wp-content\\\/uploads\\\/sites\\\/5\\\/2023\\\/07\\\/sjc_gobierno.jpeg\",\"articleSection\":[\"LOCAL\"],\"inLanguage\":\"es\"},{\"@type\":\"WebPage\",\"@id\":\"https:\\\/\\\/www.bbmnoticias.com\\\/labravaradiofm\\\/2023\\\/07\\\/12\\\/este-es-un-gobierno-para-servir-no-para-servirse-salomon-jara\\\/\",\"url\":\"https:\\\/\\\/www.bbmnoticias.com\\\/labravaradiofm\\\/2023\\\/07\\\/12\\\/este-es-un-gobierno-para-servir-no-para-servirse-salomon-jara\\\/\",\"name\":\"Este es un gobierno para servir, no para servirse: Salom\u00f3n Jara - LA BRAVA RADIO\",\"isPartOf\":{\"@id\":\"https:\\\/\\\/www.bbmnoticias.com\\\/labravaradiofm\\\/#website\"},\"primaryImageOfPage\":{\"@id\":\"https:\\\/\\\/www.bbmnoticias.com\\\/labravaradiofm\\\/2023\\\/07\\\/12\\\/este-es-un-gobierno-para-servir-no-para-servirse-salomon-jara\\\/#primaryimage\"},\"image\":{\"@id\":\"https:\\\/\\\/www.bbmnoticias.com\\\/labravaradiofm\\\/2023\\\/07\\\/12\\\/este-es-un-gobierno-para-servir-no-para-servirse-salomon-jara\\\/#primaryimage\"},\"thumbnailUrl\":\"https:\\\/\\\/www.bbmnoticias.com\\\/labravaradiofm\\\/wp-content\\\/uploads\\\/sites\\\/5\\\/2023\\\/07\\\/sjc_gobierno.jpeg\",\"datePublished\":\"2023-07-13T00:47:28+00:00\",\"dateModified\":\"2023-07-13T00:47:29+00:00\",\"author\":{\"@id\":\"https:\\\/\\\/www.bbmnoticias.com\\\/labravaradiofm\\\/#\\\/schema\\\/person\\\/34b139c617a70ea5bef5678bffe4dd7b\"},\"breadcrumb\":{\"@id\":\"https:\\\/\\\/www.bbmnoticias.com\\\/labravaradiofm\\\/2023\\\/07\\\/12\\\/este-es-un-gobierno-para-servir-no-para-servirse-salomon-jara\\\/#breadcrumb\"},\"inLanguage\":\"es\",\"potentialAction\":[{\"@type\":\"ReadAction\",\"target\":[\"https:\\\/\\\/www.bbmnoticias.com\\\/labravaradiofm\\\/2023\\\/07\\\/12\\\/este-es-un-gobierno-para-servir-no-para-servirse-salomon-jara\\\/\"]}]},{\"@type\":\"ImageObject\",\"inLanguage\":\"es\",\"@id\":\"https:\\\/\\\/www.bbmnoticias.com\\\/labravaradiofm\\\/2023\\\/07\\\/12\\\/este-es-un-gobierno-para-servir-no-para-servirse-salomon-jara\\\/#primaryimage\",\"url\":\"https:\\\/\\\/www.bbmnoticias.com\\\/labravaradiofm\\\/wp-content\\\/uploads\\\/sites\\\/5\\\/2023\\\/07\\\/sjc_gobierno.jpeg\",\"contentUrl\":\"https:\\\/\\\/www.bbmnoticias.com\\\/labravaradiofm\\\/wp-content\\\/uploads\\\/sites\\\/5\\\/2023\\\/07\\\/sjc_gobierno.jpeg\",\"width\":1500,\"height\":1000},{\"@type\":\"BreadcrumbList\",\"@id\":\"https:\\\/\\\/www.bbmnoticias.com\\\/labravaradiofm\\\/2023\\\/07\\\/12\\\/este-es-un-gobierno-para-servir-no-para-servirse-salomon-jara\\\/#breadcrumb\",\"itemListElement\":[{\"@type\":\"ListItem\",\"position\":1,\"name\":\"Inicio\",\"item\":\"https:\\\/\\\/www.bbmnoticias.com\\\/labravaradiofm\\\/\"},{\"@type\":\"ListItem\",\"position\":2,\"name\":\"Este es un gobierno para servir, no para servirse: Salom\u00f3n Jara\"}]},{\"@type\":\"WebSite\",\"@id\":\"https:\\\/\\\/www.bbmnoticias.com\\\/labravaradiofm\\\/#website\",\"url\":\"https:\\\/\\\/www.bbmnoticias.com\\\/labravaradiofm\\\/\",\"name\":\"LA BRAVA RADIO\",\"description\":\"Empresa productora de medios, Radiodifusi\u00f3n, Noticias, tendencias y todo lo que necesitas saber de la pol\u00edtica mexicana e internacional; entretenimiento, espect\u00e1culos, salud y mucho m\u00e1s.\",\"potentialAction\":[{\"@type\":\"SearchAction\",\"target\":{\"@type\":\"EntryPoint\",\"urlTemplate\":\"https:\\\/\\\/www.bbmnoticias.com\\\/labravaradiofm\\\/?s={search_term_string}\"},\"query-input\":{\"@type\":\"PropertyValueSpecification\",\"valueRequired\":true,\"valueName\":\"search_term_string\"}}],\"inLanguage\":\"es\"},{\"@type\":\"Person\",\"@id\":\"https:\\\/\\\/www.bbmnoticias.com\\\/labravaradiofm\\\/#\\\/schema\\\/person\\\/34b139c617a70ea5bef5678bffe4dd7b\",\"name\":\"Staff\",\"image\":{\"@type\":\"ImageObject\",\"inLanguage\":\"es\",\"@id\":\"https:\\\/\\\/secure.gravatar.com\\\/avatar\\\/fdd21ad66fd8b98c407f9dee5b5e588cfe7f0d8579ec20fa6527cd59bab7f0f0?s=96&d=mm&r=g\",\"url\":\"https:\\\/\\\/secure.gravatar.com\\\/avatar\\\/fdd21ad66fd8b98c407f9dee5b5e588cfe7f0d8579ec20fa6527cd59bab7f0f0?s=96&d=mm&r=g\",\"contentUrl\":\"https:\\\/\\\/secure.gravatar.com\\\/avatar\\\/fdd21ad66fd8b98c407f9dee5b5e588cfe7f0d8579ec20fa6527cd59bab7f0f0?s=96&d=mm&r=g\",\"caption\":\"Staff\"},\"url\":\"https:\\\/\\\/www.bbmnoticias.com\\\/labravaradiofm\\\/author\\\/redaccion\\\/\"}]}<\/script>\n<!-- \/ Yoast SEO plugin. -->","yoast_head_json":{"title":"Este es un gobierno para servir, no para servirse: Salom\u00f3n Jara - LA BRAVA RADIO","robots":{"index":"index","follow":"follow","max-snippet":"max-snippet:-1","max-image-preview":"max-image-preview:large","max-video-preview":"max-video-preview:-1"},"canonical":"https:\/\/www.bbmnoticias.com\/labravaradiofm\/2023\/07\/12\/este-es-un-gobierno-para-servir-no-para-servirse-salomon-jara\/","og_locale":"es_MX","og_type":"article","og_title":"Este es un gobierno para servir, no para servirse: Salom\u00f3n Jara - LA BRAVA RADIO","og_description":"Barrio de la Soledad, Oax. 12 de julio de 2023. Este es un gobierno para servir, no para servirse, afirm\u00f3 el Gobernador Salom\u00f3n Jara Cruz luego de arribar a este municipio junto a la Presidenta Honoraria del Sistema DIF Oaxaca, Irma Bola\u00f1os Quijano, donde como parte de la estrategia Trabajo que Transforma tu Municipio anunci\u00f3 [&hellip;]","og_url":"https:\/\/www.bbmnoticias.com\/labravaradiofm\/2023\/07\/12\/este-es-un-gobierno-para-servir-no-para-servirse-salomon-jara\/","og_site_name":"LA BRAVA RADIO","article_published_time":"2023-07-13T00:47:28+00:00","article_modified_time":"2023-07-13T00:47:29+00:00","og_image":[{"width":1500,"height":1000,"url":"https:\/\/www.bbmnoticias.com\/labravaradiofm\/wp-content\/uploads\/sites\/5\/2023\/07\/sjc_gobierno.jpeg","type":"image\/jpeg"}],"author":"Staff","twitter_card":"summary_large_image","twitter_misc":{"Escrito por":"Staff","Tiempo de lectura":"3 minutos"},"schema":{"@context":"https:\/\/schema.org","@graph":[{"@type":"Article","@id":"https:\/\/www.bbmnoticias.com\/labravaradiofm\/2023\/07\/12\/este-es-un-gobierno-para-servir-no-para-servirse-salomon-jara\/#article","isPartOf":{"@id":"https:\/\/www.bbmnoticias.com\/labravaradiofm\/2023\/07\/12\/este-es-un-gobierno-para-servir-no-para-servirse-salomon-jara\/"},"author":{"name":"Staff","@id":"https:\/\/www.bbmnoticias.com\/labravaradiofm\/#\/schema\/person\/34b139c617a70ea5bef5678bffe4dd7b"},"headline":"Este es un gobierno para servir, no para servirse: Salom\u00f3n Jara","datePublished":"2023-07-13T00:47:28+00:00","dateModified":"2023-07-13T00:47:29+00:00","mainEntityOfPage":{"@id":"https:\/\/www.bbmnoticias.com\/labravaradiofm\/2023\/07\/12\/este-es-un-gobierno-para-servir-no-para-servirse-salomon-jara\/"},"wordCount":623,"image":{"@id":"https:\/\/www.bbmnoticias.com\/labravaradiofm\/2023\/07\/12\/este-es-un-gobierno-para-servir-no-para-servirse-salomon-jara\/#primaryimage"},"thumbnailUrl":"https:\/\/www.bbmnoticias.com\/labravaradiofm\/wp-content\/uploads\/sites\/5\/2023\/07\/sjc_gobierno.jpeg","articleSection":["LOCAL"],"inLanguage":"es"},{"@type":"WebPage","@id":"https:\/\/www.bbmnoticias.com\/labravaradiofm\/2023\/07\/12\/este-es-un-gobierno-para-servir-no-para-servirse-salomon-jara\/","url":"https:\/\/www.bbmnoticias.com\/labravaradiofm\/2023\/07\/12\/este-es-un-gobierno-para-servir-no-para-servirse-salomon-jara\/","name":"Este es un gobierno para servir, no para servirse: Salom\u00f3n Jara - LA BRAVA RADIO","isPartOf":{"@id":"https:\/\/www.bbmnoticias.com\/labravaradiofm\/#website"},"primaryImageOfPage":{"@id":"https:\/\/www.bbmnoticias.com\/labravaradiofm\/2023\/07\/12\/este-es-un-gobierno-para-servir-no-para-servirse-salomon-jara\/#primaryimage"},"image":{"@id":"https:\/\/www.bbmnoticias.com\/labravaradiofm\/2023\/07\/12\/este-es-un-gobierno-para-servir-no-para-servirse-salomon-jara\/#primaryimage"},"thumbnailUrl":"https:\/\/www.bbmnoticias.com\/labravaradiofm\/wp-content\/uploads\/sites\/5\/2023\/07\/sjc_gobierno.jpeg","datePublished":"2023-07-13T00:47:28+00:00","dateModified":"2023-07-13T00:47:29+00:00","author":{"@id":"https:\/\/www.bbmnoticias.com\/labravaradiofm\/#\/schema\/person\/34b139c617a70ea5bef5678bffe4dd7b"},"breadcrumb":{"@id":"https:\/\/www.bbmnoticias.com\/labravaradiofm\/2023\/07\/12\/este-es-un-gobierno-para-servir-no-para-servirse-salomon-jara\/#breadcrumb"},"inLanguage":"es","potentialAction":[{"@type":"ReadAction","target":["https:\/\/www.bbmnoticias.com\/labravaradiofm\/2023\/07\/12\/este-es-un-gobierno-para-servir-no-para-servirse-salomon-jara\/"]}]},{"@type":"ImageObject","inLanguage":"es","@id":"https:\/\/www.bbmnoticias.com\/labravaradiofm\/2023\/07\/12\/este-es-un-gobierno-para-servir-no-para-servirse-salomon-jara\/#primaryimage","url":"https:\/\/www.bbmnoticias.com\/labravaradiofm\/wp-content\/uploads\/sites\/5\/2023\/07\/sjc_gobierno.jpeg","contentUrl":"https:\/\/www.bbmnoticias.com\/labravaradiofm\/wp-content\/uploads\/sites\/5\/2023\/07\/sjc_gobierno.jpeg","width":1500,"height":1000},{"@type":"BreadcrumbList","@id":"https:\/\/www.bbmnoticias.com\/labravaradiofm\/2023\/07\/12\/este-es-un-gobierno-para-servir-no-para-servirse-salomon-jara\/#breadcrumb","itemListElement":[{"@type":"ListItem","position":1,"name":"Inicio","item":"https:\/\/www.bbmnoticias.com\/labravaradiofm\/"},{"@type":"ListItem","position":2,"name":"Este es un gobierno para servir, no para servirse: Salom\u00f3n Jara"}]},{"@type":"WebSite","@id":"https:\/\/www.bbmnoticias.com\/labravaradiofm\/#website","url":"https:\/\/www.bbmnoticias.com\/labravaradiofm\/","name":"LA BRAVA RADIO","description":"Empresa productora de medios, Radiodifusi\u00f3n, Noticias, tendencias y todo lo que necesitas saber de la pol\u00edtica mexicana e internacional; entretenimiento, espect\u00e1culos, salud y mucho m\u00e1s.","potentialAction":[{"@type":"SearchAction","target":{"@type":"EntryPoint","urlTemplate":"https:\/\/www.bbmnoticias.com\/labravaradiofm\/?s={search_term_string}"},"query-input":{"@type":"PropertyValueSpecification","valueRequired":true,"valueName":"search_term_string"}}],"inLanguage":"es"},{"@type":"Person","@id":"https:\/\/www.bbmnoticias.com\/labravaradiofm\/#\/schema\/person\/34b139c617a70ea5bef5678bffe4dd7b","name":"Staff","image":{"@type":"ImageObject","inLanguage":"es","@id":"https:\/\/secure.gravatar.com\/avatar\/fdd21ad66fd8b98c407f9dee5b5e588cfe7f0d8579ec20fa6527cd59bab7f0f0?s=96&d=mm&r=g","url":"https:\/\/secure.gravatar.com\/avatar\/fdd21ad66fd8b98c407f9dee5b5e588cfe7f0d8579ec20fa6527cd59bab7f0f0?s=96&d=mm&r=g","contentUrl":"https:\/\/secure.gravatar.com\/avatar\/fdd21ad66fd8b98c407f9dee5b5e588cfe7f0d8579ec20fa6527cd59bab7f0f0?s=96&d=mm&r=g","caption":"Staff"},"url":"https:\/\/www.bbmnoticias.com\/labravaradiofm\/author\/redaccion\/"}]}},"_links":{"self":[{"href":"https:\/\/www.bbmnoticias.com\/labravaradiofm\/wp-json\/wp\/v2\/posts\/29515","targetHints":{"allow":["GET"]}}],"collection":[{"href":"https:\/\/www.bbmnoticias.com\/labravaradiofm\/wp-json\/wp\/v2\/posts"}],"about":[{"href":"https:\/\/www.bbmnoticias.com\/labravaradiofm\/wp-json\/wp\/v2\/types\/post"}],"author":[{"embeddable":true,"href":"https:\/\/www.bbmnoticias.com\/labravaradiofm\/wp-json\/wp\/v2\/users\/2"}],"replies":[{"embeddable":true,"href":"https:\/\/www.bbmnoticias.com\/labravaradiofm\/wp-json\/wp\/v2\/comments?post=29515"}],"version-history":[{"count":0,"href":"https:\/\/www.bbmnoticias.com\/labravaradiofm\/wp-json\/wp\/v2\/posts\/29515\/revisions"}],"wp:featuredmedia":[{"embeddable":true,"href":"https:\/\/www.bbmnoticias.com\/labravaradiofm\/wp-json\/wp\/v2\/media\/29516"}],"wp:attachment":[{"href":"https:\/\/www.bbmnoticias.com\/labravaradiofm\/wp-json\/wp\/v2\/media?parent=29515"}],"wp:term":[{"taxonomy":"category","embeddable":true,"href":"https:\/\/www.bbmnoticias.com\/labravaradiofm\/wp-json\/wp\/v2\/categories?post=29515"},{"taxonomy":"post_tag","embeddable":true,"href":"https:\/\/www.bbmnoticias.com\/labravaradiofm\/wp-json\/wp\/v2\/tags?post=29515"}],"curies":[{"name":"wp","href":"https:\/\/api.w.org\/{rel}","templated":true}]}}