{"id":29512,"date":"2023-07-12T18:42:17","date_gmt":"2023-07-13T00:42:17","guid":{"rendered":"https:\/\/www.bbmnoticias.com\/labravaradiofm\/?p=29512"},"modified":"2023-07-12T18:42:18","modified_gmt":"2023-07-13T00:42:18","slug":"mantiene-proteccion-civil-monitoreo-en-las-regiones-ante-temporada-de-lluvias","status":"publish","type":"post","link":"https:\/\/www.bbmnoticias.com\/labravaradiofm\/2023\/07\/12\/mantiene-proteccion-civil-monitoreo-en-las-regiones-ante-temporada-de-lluvias\/","title":{"rendered":"Mantiene Protecci\u00f3n Civil monitoreo en las regiones ante temporada de lluvias"},"content":{"rendered":"<div style=\"margin-top: 0px; margin-bottom: 0px;\" class=\"sharethis-inline-share-buttons\" ><\/div>\n<ul class=\"wp-block-list\">\n<li><em>Cortes al servicio el\u00e9ctrico y ca\u00edda de postes son algunas afectaciones<\/em><\/li>\n<\/ul>\n\n\n\n<p><strong>Oaxaca de Ju\u00e1rez, Oax., 12 de julio de 2023.-<\/strong> La Coordinaci\u00f3n Estatal de Protecci\u00f3n Civil y Gesti\u00f3n de Riesgos (CEPCyGR) informa que ante la temporada de lluvias, se mantiene un monitoreo constante en las regiones que han presentado lluvias de intensidad variable en las \u00faltimas horas en territorio oaxaque\u00f1o.<\/p>\n\n\n\n<p>En la regi\u00f3n del Istmo, durante la noche del martes 11 de julio y la madrugada de este mi\u00e9rcoles, se registraron precipitaciones intensas, vientos y actividad el\u00e9ctrica en los municipios de Ciudad Ixtepec, Santa Mar\u00eda Xadani, Santa Mar\u00eda Jalapa del Marqu\u00e9s y San Pedro Comitancillo; en este \u00faltimo, se report\u00f3 un corte en el servicio el\u00e9ctrico, por lo que se dio aviso a la Comisi\u00f3n Federal de Electricidad (CFE) para su intervenci\u00f3n. &nbsp;<\/p>\n\n\n\n<p>De acuerdo con el monitoreo realizado por la Delegaci\u00f3n Regional de la Cuenca, se presentaron tormentas locales y rachas de vientos fuertes en San Juan Bautista Tuxtepec, donde tambi\u00e9n se present\u00f3 la ca\u00edda de postes, cortes de energ\u00eda el\u00e9ctrica y desprendimiento, hasta el momento de tres viviendas.<\/p>\n\n\n\n<p>En tanto, en San Felipe Jalapa de D\u00edaz, Acatl\u00e1n de P\u00e9rez Figueroa y Santa Mar\u00eda Ixcatl\u00e1n, se reportaron cortes de energ\u00eda el\u00e9ctrica debido a las lluvias, mismos que ya est\u00e1n siendo atendidos por personal de la CFE.<\/p>\n\n\n\n<p>Mientras tanto, en la regi\u00f3n de la Sierra de Flores Mag\u00f3n, se presentaron lluvias moderadas a intensas con actividad el\u00e9ctrica y viento ligero a moderado, sin afectaciones considerables.<\/p>\n\n\n\n<p>Finalmente, en el Distrito de Putla, las fuertes lluvias que se presentaron el pasado 11 de julio provocaron cortes en el servicio el\u00e9ctrico en Santa Mar\u00eda Ipalapa y Santa Mar\u00eda Zacatepec, mismos que fueron reportados.<\/p>\n\n\n\n<p>En esta temporada de lluvias, la CEPCyGR mantendr\u00e1 informada a la poblaci\u00f3n y exhorta a seguir las indicaciones emitidas trav\u00e9s de las redes sociales oficiales y recomendaciones de las autoridades municipales.<\/p>\n","protected":false},"excerpt":{"rendered":"<p>Oaxaca de Ju\u00e1rez, Oax., 12 de julio de 2023.- La Coordinaci\u00f3n Estatal de Protecci\u00f3n Civil y Gesti\u00f3n de Riesgos (CEPCyGR) informa que ante la temporada de lluvias, se mantiene un monitoreo constante en las regiones que han presentado lluvias de intensidad variable en las \u00faltimas horas en territorio oaxaque\u00f1o. En la regi\u00f3n del Istmo, durante [&hellip;]<\/p>\n","protected":false},"author":2,"featured_media":29513,"comment_status":"closed","ping_status":"closed","sticky":false,"template":"","format":"standard","meta":{"footnotes":""},"categories":[2],"tags":[],"class_list":{"0":"post-29512","1":"post","2":"type-post","3":"status-publish","4":"format-standard","5":"has-post-thumbnail","7":"category-oaxaca"},"yoast_head":"<!-- This site is optimized with the Yoast SEO plugin v27.4 - https:\/\/yoast.com\/product\/yoast-seo-wordpress\/ -->\n<title>Mantiene Protecci\u00f3n Civil monitoreo en las regiones ante temporada de lluvias - LA BRAVA RADIO<\/title>\n<meta name=\"robots\" content=\"index, follow, max-snippet:-1, max-image-preview:large, max-video-preview:-1\" \/>\n<link rel=\"canonical\" href=\"https:\/\/www.bbmnoticias.com\/labravaradiofm\/2023\/07\/12\/mantiene-proteccion-civil-monitoreo-en-las-regiones-ante-temporada-de-lluvias\/\" \/>\n<meta property=\"og:locale\" content=\"es_MX\" \/>\n<meta property=\"og:type\" content=\"article\" \/>\n<meta property=\"og:title\" content=\"Mantiene Protecci\u00f3n Civil monitoreo en las regiones ante temporada de lluvias - LA BRAVA RADIO\" \/>\n<meta property=\"og:description\" content=\"Oaxaca de Ju\u00e1rez, Oax., 12 de julio de 2023.- La Coordinaci\u00f3n Estatal de Protecci\u00f3n Civil y Gesti\u00f3n de Riesgos (CEPCyGR) informa que ante la temporada de lluvias, se mantiene un monitoreo constante en las regiones que han presentado lluvias de intensidad variable en las \u00faltimas horas en territorio oaxaque\u00f1o. En la regi\u00f3n del Istmo, durante [&hellip;]\" \/>\n<meta property=\"og:url\" content=\"https:\/\/www.bbmnoticias.com\/labravaradiofm\/2023\/07\/12\/mantiene-proteccion-civil-monitoreo-en-las-regiones-ante-temporada-de-lluvias\/\" \/>\n<meta property=\"og:site_name\" content=\"LA BRAVA RADIO\" \/>\n<meta property=\"article:published_time\" content=\"2023-07-13T00:42:17+00:00\" \/>\n<meta property=\"article:modified_time\" content=\"2023-07-13T00:42:18+00:00\" \/>\n<meta property=\"og:image\" content=\"https:\/\/www.bbmnoticias.com\/labravaradiofm\/wp-content\/uploads\/sites\/5\/2023\/07\/monitoreo_lluvias.jpeg\" \/>\n\t<meta property=\"og:image:width\" content=\"1280\" \/>\n\t<meta property=\"og:image:height\" content=\"960\" \/>\n\t<meta property=\"og:image:type\" content=\"image\/jpeg\" \/>\n<meta name=\"author\" content=\"Staff\" \/>\n<meta name=\"twitter:card\" content=\"summary_large_image\" \/>\n<meta name=\"twitter:label1\" content=\"Escrito por\" \/>\n\t<meta name=\"twitter:data1\" content=\"Staff\" \/>\n\t<meta name=\"twitter:label2\" content=\"Tiempo de lectura\" \/>\n\t<meta name=\"twitter:data2\" content=\"2 minutos\" \/>\n<script type=\"application\/ld+json\" class=\"yoast-schema-graph\">{\"@context\":\"https:\\\/\\\/schema.org\",\"@graph\":[{\"@type\":\"Article\",\"@id\":\"https:\\\/\\\/www.bbmnoticias.com\\\/labravaradiofm\\\/2023\\\/07\\\/12\\\/mantiene-proteccion-civil-monitoreo-en-las-regiones-ante-temporada-de-lluvias\\\/#article\",\"isPartOf\":{\"@id\":\"https:\\\/\\\/www.bbmnoticias.com\\\/labravaradiofm\\\/2023\\\/07\\\/12\\\/mantiene-proteccion-civil-monitoreo-en-las-regiones-ante-temporada-de-lluvias\\\/\"},\"author\":{\"name\":\"Staff\",\"@id\":\"https:\\\/\\\/www.bbmnoticias.com\\\/labravaradiofm\\\/#\\\/schema\\\/person\\\/34b139c617a70ea5bef5678bffe4dd7b\"},\"headline\":\"Mantiene Protecci\u00f3n Civil monitoreo en las regiones ante temporada de lluvias\",\"datePublished\":\"2023-07-13T00:42:17+00:00\",\"dateModified\":\"2023-07-13T00:42:18+00:00\",\"mainEntityOfPage\":{\"@id\":\"https:\\\/\\\/www.bbmnoticias.com\\\/labravaradiofm\\\/2023\\\/07\\\/12\\\/mantiene-proteccion-civil-monitoreo-en-las-regiones-ante-temporada-de-lluvias\\\/\"},\"wordCount\":357,\"image\":{\"@id\":\"https:\\\/\\\/www.bbmnoticias.com\\\/labravaradiofm\\\/2023\\\/07\\\/12\\\/mantiene-proteccion-civil-monitoreo-en-las-regiones-ante-temporada-de-lluvias\\\/#primaryimage\"},\"thumbnailUrl\":\"https:\\\/\\\/www.bbmnoticias.com\\\/labravaradiofm\\\/wp-content\\\/uploads\\\/sites\\\/5\\\/2023\\\/07\\\/monitoreo_lluvias.jpeg\",\"articleSection\":[\"LOCAL\"],\"inLanguage\":\"es\"},{\"@type\":\"WebPage\",\"@id\":\"https:\\\/\\\/www.bbmnoticias.com\\\/labravaradiofm\\\/2023\\\/07\\\/12\\\/mantiene-proteccion-civil-monitoreo-en-las-regiones-ante-temporada-de-lluvias\\\/\",\"url\":\"https:\\\/\\\/www.bbmnoticias.com\\\/labravaradiofm\\\/2023\\\/07\\\/12\\\/mantiene-proteccion-civil-monitoreo-en-las-regiones-ante-temporada-de-lluvias\\\/\",\"name\":\"Mantiene Protecci\u00f3n Civil monitoreo en las regiones ante temporada de lluvias - LA BRAVA RADIO\",\"isPartOf\":{\"@id\":\"https:\\\/\\\/www.bbmnoticias.com\\\/labravaradiofm\\\/#website\"},\"primaryImageOfPage\":{\"@id\":\"https:\\\/\\\/www.bbmnoticias.com\\\/labravaradiofm\\\/2023\\\/07\\\/12\\\/mantiene-proteccion-civil-monitoreo-en-las-regiones-ante-temporada-de-lluvias\\\/#primaryimage\"},\"image\":{\"@id\":\"https:\\\/\\\/www.bbmnoticias.com\\\/labravaradiofm\\\/2023\\\/07\\\/12\\\/mantiene-proteccion-civil-monitoreo-en-las-regiones-ante-temporada-de-lluvias\\\/#primaryimage\"},\"thumbnailUrl\":\"https:\\\/\\\/www.bbmnoticias.com\\\/labravaradiofm\\\/wp-content\\\/uploads\\\/sites\\\/5\\\/2023\\\/07\\\/monitoreo_lluvias.jpeg\",\"datePublished\":\"2023-07-13T00:42:17+00:00\",\"dateModified\":\"2023-07-13T00:42:18+00:00\",\"author\":{\"@id\":\"https:\\\/\\\/www.bbmnoticias.com\\\/labravaradiofm\\\/#\\\/schema\\\/person\\\/34b139c617a70ea5bef5678bffe4dd7b\"},\"breadcrumb\":{\"@id\":\"https:\\\/\\\/www.bbmnoticias.com\\\/labravaradiofm\\\/2023\\\/07\\\/12\\\/mantiene-proteccion-civil-monitoreo-en-las-regiones-ante-temporada-de-lluvias\\\/#breadcrumb\"},\"inLanguage\":\"es\",\"potentialAction\":[{\"@type\":\"ReadAction\",\"target\":[\"https:\\\/\\\/www.bbmnoticias.com\\\/labravaradiofm\\\/2023\\\/07\\\/12\\\/mantiene-proteccion-civil-monitoreo-en-las-regiones-ante-temporada-de-lluvias\\\/\"]}]},{\"@type\":\"ImageObject\",\"inLanguage\":\"es\",\"@id\":\"https:\\\/\\\/www.bbmnoticias.com\\\/labravaradiofm\\\/2023\\\/07\\\/12\\\/mantiene-proteccion-civil-monitoreo-en-las-regiones-ante-temporada-de-lluvias\\\/#primaryimage\",\"url\":\"https:\\\/\\\/www.bbmnoticias.com\\\/labravaradiofm\\\/wp-content\\\/uploads\\\/sites\\\/5\\\/2023\\\/07\\\/monitoreo_lluvias.jpeg\",\"contentUrl\":\"https:\\\/\\\/www.bbmnoticias.com\\\/labravaradiofm\\\/wp-content\\\/uploads\\\/sites\\\/5\\\/2023\\\/07\\\/monitoreo_lluvias.jpeg\",\"width\":1280,\"height\":960},{\"@type\":\"BreadcrumbList\",\"@id\":\"https:\\\/\\\/www.bbmnoticias.com\\\/labravaradiofm\\\/2023\\\/07\\\/12\\\/mantiene-proteccion-civil-monitoreo-en-las-regiones-ante-temporada-de-lluvias\\\/#breadcrumb\",\"itemListElement\":[{\"@type\":\"ListItem\",\"position\":1,\"name\":\"Inicio\",\"item\":\"https:\\\/\\\/www.bbmnoticias.com\\\/labravaradiofm\\\/\"},{\"@type\":\"ListItem\",\"position\":2,\"name\":\"Mantiene Protecci\u00f3n Civil monitoreo en las regiones ante temporada de lluvias\"}]},{\"@type\":\"WebSite\",\"@id\":\"https:\\\/\\\/www.bbmnoticias.com\\\/labravaradiofm\\\/#website\",\"url\":\"https:\\\/\\\/www.bbmnoticias.com\\\/labravaradiofm\\\/\",\"name\":\"LA BRAVA RADIO\",\"description\":\"Empresa productora de medios, Radiodifusi\u00f3n, Noticias, tendencias y todo lo que necesitas saber de la pol\u00edtica mexicana e internacional; entretenimiento, espect\u00e1culos, salud y mucho m\u00e1s.\",\"potentialAction\":[{\"@type\":\"SearchAction\",\"target\":{\"@type\":\"EntryPoint\",\"urlTemplate\":\"https:\\\/\\\/www.bbmnoticias.com\\\/labravaradiofm\\\/?s={search_term_string}\"},\"query-input\":{\"@type\":\"PropertyValueSpecification\",\"valueRequired\":true,\"valueName\":\"search_term_string\"}}],\"inLanguage\":\"es\"},{\"@type\":\"Person\",\"@id\":\"https:\\\/\\\/www.bbmnoticias.com\\\/labravaradiofm\\\/#\\\/schema\\\/person\\\/34b139c617a70ea5bef5678bffe4dd7b\",\"name\":\"Staff\",\"image\":{\"@type\":\"ImageObject\",\"inLanguage\":\"es\",\"@id\":\"https:\\\/\\\/secure.gravatar.com\\\/avatar\\\/fdd21ad66fd8b98c407f9dee5b5e588cfe7f0d8579ec20fa6527cd59bab7f0f0?s=96&d=mm&r=g\",\"url\":\"https:\\\/\\\/secure.gravatar.com\\\/avatar\\\/fdd21ad66fd8b98c407f9dee5b5e588cfe7f0d8579ec20fa6527cd59bab7f0f0?s=96&d=mm&r=g\",\"contentUrl\":\"https:\\\/\\\/secure.gravatar.com\\\/avatar\\\/fdd21ad66fd8b98c407f9dee5b5e588cfe7f0d8579ec20fa6527cd59bab7f0f0?s=96&d=mm&r=g\",\"caption\":\"Staff\"},\"url\":\"https:\\\/\\\/www.bbmnoticias.com\\\/labravaradiofm\\\/author\\\/redaccion\\\/\"}]}<\/script>\n<!-- \/ Yoast SEO plugin. -->","yoast_head_json":{"title":"Mantiene Protecci\u00f3n Civil monitoreo en las regiones ante temporada de lluvias - LA BRAVA RADIO","robots":{"index":"index","follow":"follow","max-snippet":"max-snippet:-1","max-image-preview":"max-image-preview:large","max-video-preview":"max-video-preview:-1"},"canonical":"https:\/\/www.bbmnoticias.com\/labravaradiofm\/2023\/07\/12\/mantiene-proteccion-civil-monitoreo-en-las-regiones-ante-temporada-de-lluvias\/","og_locale":"es_MX","og_type":"article","og_title":"Mantiene Protecci\u00f3n Civil monitoreo en las regiones ante temporada de lluvias - LA BRAVA RADIO","og_description":"Oaxaca de Ju\u00e1rez, Oax., 12 de julio de 2023.- La Coordinaci\u00f3n Estatal de Protecci\u00f3n Civil y Gesti\u00f3n de Riesgos (CEPCyGR) informa que ante la temporada de lluvias, se mantiene un monitoreo constante en las regiones que han presentado lluvias de intensidad variable en las \u00faltimas horas en territorio oaxaque\u00f1o. En la regi\u00f3n del Istmo, durante [&hellip;]","og_url":"https:\/\/www.bbmnoticias.com\/labravaradiofm\/2023\/07\/12\/mantiene-proteccion-civil-monitoreo-en-las-regiones-ante-temporada-de-lluvias\/","og_site_name":"LA BRAVA RADIO","article_published_time":"2023-07-13T00:42:17+00:00","article_modified_time":"2023-07-13T00:42:18+00:00","og_image":[{"width":1280,"height":960,"url":"https:\/\/www.bbmnoticias.com\/labravaradiofm\/wp-content\/uploads\/sites\/5\/2023\/07\/monitoreo_lluvias.jpeg","type":"image\/jpeg"}],"author":"Staff","twitter_card":"summary_large_image","twitter_misc":{"Escrito por":"Staff","Tiempo de lectura":"2 minutos"},"schema":{"@context":"https:\/\/schema.org","@graph":[{"@type":"Article","@id":"https:\/\/www.bbmnoticias.com\/labravaradiofm\/2023\/07\/12\/mantiene-proteccion-civil-monitoreo-en-las-regiones-ante-temporada-de-lluvias\/#article","isPartOf":{"@id":"https:\/\/www.bbmnoticias.com\/labravaradiofm\/2023\/07\/12\/mantiene-proteccion-civil-monitoreo-en-las-regiones-ante-temporada-de-lluvias\/"},"author":{"name":"Staff","@id":"https:\/\/www.bbmnoticias.com\/labravaradiofm\/#\/schema\/person\/34b139c617a70ea5bef5678bffe4dd7b"},"headline":"Mantiene Protecci\u00f3n Civil monitoreo en las regiones ante temporada de lluvias","datePublished":"2023-07-13T00:42:17+00:00","dateModified":"2023-07-13T00:42:18+00:00","mainEntityOfPage":{"@id":"https:\/\/www.bbmnoticias.com\/labravaradiofm\/2023\/07\/12\/mantiene-proteccion-civil-monitoreo-en-las-regiones-ante-temporada-de-lluvias\/"},"wordCount":357,"image":{"@id":"https:\/\/www.bbmnoticias.com\/labravaradiofm\/2023\/07\/12\/mantiene-proteccion-civil-monitoreo-en-las-regiones-ante-temporada-de-lluvias\/#primaryimage"},"thumbnailUrl":"https:\/\/www.bbmnoticias.com\/labravaradiofm\/wp-content\/uploads\/sites\/5\/2023\/07\/monitoreo_lluvias.jpeg","articleSection":["LOCAL"],"inLanguage":"es"},{"@type":"WebPage","@id":"https:\/\/www.bbmnoticias.com\/labravaradiofm\/2023\/07\/12\/mantiene-proteccion-civil-monitoreo-en-las-regiones-ante-temporada-de-lluvias\/","url":"https:\/\/www.bbmnoticias.com\/labravaradiofm\/2023\/07\/12\/mantiene-proteccion-civil-monitoreo-en-las-regiones-ante-temporada-de-lluvias\/","name":"Mantiene Protecci\u00f3n Civil monitoreo en las regiones ante temporada de lluvias - LA BRAVA RADIO","isPartOf":{"@id":"https:\/\/www.bbmnoticias.com\/labravaradiofm\/#website"},"primaryImageOfPage":{"@id":"https:\/\/www.bbmnoticias.com\/labravaradiofm\/2023\/07\/12\/mantiene-proteccion-civil-monitoreo-en-las-regiones-ante-temporada-de-lluvias\/#primaryimage"},"image":{"@id":"https:\/\/www.bbmnoticias.com\/labravaradiofm\/2023\/07\/12\/mantiene-proteccion-civil-monitoreo-en-las-regiones-ante-temporada-de-lluvias\/#primaryimage"},"thumbnailUrl":"https:\/\/www.bbmnoticias.com\/labravaradiofm\/wp-content\/uploads\/sites\/5\/2023\/07\/monitoreo_lluvias.jpeg","datePublished":"2023-07-13T00:42:17+00:00","dateModified":"2023-07-13T00:42:18+00:00","author":{"@id":"https:\/\/www.bbmnoticias.com\/labravaradiofm\/#\/schema\/person\/34b139c617a70ea5bef5678bffe4dd7b"},"breadcrumb":{"@id":"https:\/\/www.bbmnoticias.com\/labravaradiofm\/2023\/07\/12\/mantiene-proteccion-civil-monitoreo-en-las-regiones-ante-temporada-de-lluvias\/#breadcrumb"},"inLanguage":"es","potentialAction":[{"@type":"ReadAction","target":["https:\/\/www.bbmnoticias.com\/labravaradiofm\/2023\/07\/12\/mantiene-proteccion-civil-monitoreo-en-las-regiones-ante-temporada-de-lluvias\/"]}]},{"@type":"ImageObject","inLanguage":"es","@id":"https:\/\/www.bbmnoticias.com\/labravaradiofm\/2023\/07\/12\/mantiene-proteccion-civil-monitoreo-en-las-regiones-ante-temporada-de-lluvias\/#primaryimage","url":"https:\/\/www.bbmnoticias.com\/labravaradiofm\/wp-content\/uploads\/sites\/5\/2023\/07\/monitoreo_lluvias.jpeg","contentUrl":"https:\/\/www.bbmnoticias.com\/labravaradiofm\/wp-content\/uploads\/sites\/5\/2023\/07\/monitoreo_lluvias.jpeg","width":1280,"height":960},{"@type":"BreadcrumbList","@id":"https:\/\/www.bbmnoticias.com\/labravaradiofm\/2023\/07\/12\/mantiene-proteccion-civil-monitoreo-en-las-regiones-ante-temporada-de-lluvias\/#breadcrumb","itemListElement":[{"@type":"ListItem","position":1,"name":"Inicio","item":"https:\/\/www.bbmnoticias.com\/labravaradiofm\/"},{"@type":"ListItem","position":2,"name":"Mantiene Protecci\u00f3n Civil monitoreo en las regiones ante temporada de lluvias"}]},{"@type":"WebSite","@id":"https:\/\/www.bbmnoticias.com\/labravaradiofm\/#website","url":"https:\/\/www.bbmnoticias.com\/labravaradiofm\/","name":"LA BRAVA RADIO","description":"Empresa productora de medios, Radiodifusi\u00f3n, Noticias, tendencias y todo lo que necesitas saber de la pol\u00edtica mexicana e internacional; entretenimiento, espect\u00e1culos, salud y mucho m\u00e1s.","potentialAction":[{"@type":"SearchAction","target":{"@type":"EntryPoint","urlTemplate":"https:\/\/www.bbmnoticias.com\/labravaradiofm\/?s={search_term_string}"},"query-input":{"@type":"PropertyValueSpecification","valueRequired":true,"valueName":"search_term_string"}}],"inLanguage":"es"},{"@type":"Person","@id":"https:\/\/www.bbmnoticias.com\/labravaradiofm\/#\/schema\/person\/34b139c617a70ea5bef5678bffe4dd7b","name":"Staff","image":{"@type":"ImageObject","inLanguage":"es","@id":"https:\/\/secure.gravatar.com\/avatar\/fdd21ad66fd8b98c407f9dee5b5e588cfe7f0d8579ec20fa6527cd59bab7f0f0?s=96&d=mm&r=g","url":"https:\/\/secure.gravatar.com\/avatar\/fdd21ad66fd8b98c407f9dee5b5e588cfe7f0d8579ec20fa6527cd59bab7f0f0?s=96&d=mm&r=g","contentUrl":"https:\/\/secure.gravatar.com\/avatar\/fdd21ad66fd8b98c407f9dee5b5e588cfe7f0d8579ec20fa6527cd59bab7f0f0?s=96&d=mm&r=g","caption":"Staff"},"url":"https:\/\/www.bbmnoticias.com\/labravaradiofm\/author\/redaccion\/"}]}},"_links":{"self":[{"href":"https:\/\/www.bbmnoticias.com\/labravaradiofm\/wp-json\/wp\/v2\/posts\/29512","targetHints":{"allow":["GET"]}}],"collection":[{"href":"https:\/\/www.bbmnoticias.com\/labravaradiofm\/wp-json\/wp\/v2\/posts"}],"about":[{"href":"https:\/\/www.bbmnoticias.com\/labravaradiofm\/wp-json\/wp\/v2\/types\/post"}],"author":[{"embeddable":true,"href":"https:\/\/www.bbmnoticias.com\/labravaradiofm\/wp-json\/wp\/v2\/users\/2"}],"replies":[{"embeddable":true,"href":"https:\/\/www.bbmnoticias.com\/labravaradiofm\/wp-json\/wp\/v2\/comments?post=29512"}],"version-history":[{"count":0,"href":"https:\/\/www.bbmnoticias.com\/labravaradiofm\/wp-json\/wp\/v2\/posts\/29512\/revisions"}],"wp:featuredmedia":[{"embeddable":true,"href":"https:\/\/www.bbmnoticias.com\/labravaradiofm\/wp-json\/wp\/v2\/media\/29513"}],"wp:attachment":[{"href":"https:\/\/www.bbmnoticias.com\/labravaradiofm\/wp-json\/wp\/v2\/media?parent=29512"}],"wp:term":[{"taxonomy":"category","embeddable":true,"href":"https:\/\/www.bbmnoticias.com\/labravaradiofm\/wp-json\/wp\/v2\/categories?post=29512"},{"taxonomy":"post_tag","embeddable":true,"href":"https:\/\/www.bbmnoticias.com\/labravaradiofm\/wp-json\/wp\/v2\/tags?post=29512"}],"curies":[{"name":"wp","href":"https:\/\/api.w.org\/{rel}","templated":true}]}}