{"id":28886,"date":"2023-06-26T18:09:56","date_gmt":"2023-06-27T00:09:56","guid":{"rendered":"https:\/\/www.bbmnoticias.com\/labravaradiofm\/?p=28886"},"modified":"2023-06-26T18:09:57","modified_gmt":"2023-06-27T00:09:57","slug":"sesiona-consejo-ciudadano-para-la-biodiversidad-de-oaxaca","status":"publish","type":"post","link":"https:\/\/www.bbmnoticias.com\/labravaradiofm\/2023\/06\/26\/sesiona-consejo-ciudadano-para-la-biodiversidad-de-oaxaca\/","title":{"rendered":"Sesiona Consejo Ciudadano para la Biodiversidad de Oaxaca"},"content":{"rendered":"<div style=\"margin-top: 0px; margin-bottom: 0px;\" class=\"sharethis-inline-share-buttons\" ><\/div>\n<ul class=\"wp-block-list\">\n<li><em>Este organismo es <\/em><em>una iniciativa ciudadana acompa\u00f1ada desde el Gobierno del Estado para incidir en la conservaci\u00f3n y uso sustentable de la biodiversidad<\/em><\/li>\n<\/ul>\n\n\n\n<p><strong>Tlalixtac de Cabrera, Oax.-<\/strong> La Secretar\u00eda de Medio Ambiente, Biodiversidad, Energ\u00edas y Sostenibilidad coordin\u00f3 la segunda sesi\u00f3n del Consejo Ciudadano para la Biodiversidad de Oaxaca (Cocibio) para elaborar su programa de trabajo 2023-2024.<\/p>\n\n\n\n<p>Este organismo es una iniciativa ciudadana acompa\u00f1ada desde el Gobierno del Estado con el objetivo de incidir en la conservaci\u00f3n y uso sustentable de la biodiversidad<\/p>\n\n\n\n<p>Su objetivo, desarrollar acciones planteadas en la Estrategia para la Conservaci\u00f3n y el Uso Sustentable de la Biodiversidad del Estado de Oaxaca (ECUSBEO), al ser impulsadas por sus consejeros ciudadanos especializados en diversas actividades productivas asociadas en la preservaci\u00f3n de los recursos naturales del estado.<\/p>\n\n\n\n<p>Dentro de los atributos de este cuerpo colegiado, se encuentran el proponer acciones y medidas que incidan en las pol\u00edticas p\u00fablicas ambientales, as\u00ed como analizar y atender cuestiones directas del impacto del cambio clim\u00e1tico y factores de presi\u00f3n sobre la biodiversidad de Oaxaca.<\/p>\n\n\n\n<p>Durante la sesi\u00f3n realizada en la Secretar\u00eda de Medio Ambiente, se actualiz\u00f3 el reglamento interno, ampliando la pluralidad a 16 sectores, en los que se destacan la incursi\u00f3n de las mujeres, del sector agavero-mezcalero, de las juventudes y de los pueblos afromexicanos, reconociendo con esto el legado milenario de las comunidades y la participaci\u00f3n sustantiva de las oaxaque\u00f1as.&nbsp;&nbsp;&nbsp;<\/p>\n\n\n\n<p>Actualmente, el Consejo cuenta con representantes de los sectores: forestal maderable y no maderable, agr\u00edcola, pecuario, caf\u00e9, pesca sustentable, organizaciones de la sociedad civil y acad\u00e9mico, as\u00ed como dos grupos de trabajo operativo, felinos y aves silvestres, integrado por diversos especialistas del sector p\u00fablico, social y privado.<\/p>\n\n\n\n<p>Durante la sesi\u00f3n se inform\u00f3 que el plan de trabajo bianual 2023-2024 se considera armonizar las actividades del Cocibio con el Marco Mundial Kunming-Montreal de la Diversidad Biol\u00f3gica, la Estrategia Nacional sobre Biodiversidad de M\u00e9xico (ENBioMex) y la ECUSBEO para generar alianzas estrat\u00e9gicas con diversos actores, tanto estatales como de representaci\u00f3n nacional.<\/p>\n\n\n\n<p>El consejero presidente de Cocibio y profesor investigador del Instituto Tecnol\u00f3gico del Valle de Oaxaca (ITVO) Marco Antonio V\u00e1squez D\u00e1vila explic\u00f3 que el Consejo surge con el objetivo de detonar espacios de participaci\u00f3n social que contribuyan a la conservaci\u00f3n y uso sustentable de la biodiversidad, en el que la Comisi\u00f3n Nacional para el Conocimiento y Uso de la Biodiversidad (Conabio) ha sido clave como aliado federal junto al Gobierno del Estado para delinear en rumbo a seguir.<\/p>\n\n\n\n<p>\u201cLa naturaleza y sociedad en Oaxaca han coevolucionado en una larga historia, dando como resultado una biodiversidad, diversidad cultural y agro-biodiversidad sorprendentes, en donde, la base fundamental de conservaci\u00f3n de la riqueza natural debe surgir desde la participaci\u00f3n social\u201d, explic\u00f3 V\u00e1squez D\u00e1vila.<\/p>\n","protected":false},"excerpt":{"rendered":"<p>Tlalixtac de Cabrera, Oax.- La Secretar\u00eda de Medio Ambiente, Biodiversidad, Energ\u00edas y Sostenibilidad coordin\u00f3 la segunda sesi\u00f3n del Consejo Ciudadano para la Biodiversidad de Oaxaca (Cocibio) para elaborar su programa de trabajo 2023-2024. Este organismo es una iniciativa ciudadana acompa\u00f1ada desde el Gobierno del Estado con el objetivo de incidir en la conservaci\u00f3n y uso [&hellip;]<\/p>\n","protected":false},"author":2,"featured_media":28887,"comment_status":"closed","ping_status":"closed","sticky":false,"template":"","format":"standard","meta":{"footnotes":""},"categories":[2],"tags":[],"class_list":{"0":"post-28886","1":"post","2":"type-post","3":"status-publish","4":"format-standard","5":"has-post-thumbnail","7":"category-oaxaca"},"yoast_head":"<!-- This site is optimized with the Yoast SEO plugin v27.4 - https:\/\/yoast.com\/product\/yoast-seo-wordpress\/ -->\n<title>Sesiona Consejo Ciudadano para la Biodiversidad de Oaxaca - LA BRAVA RADIO<\/title>\n<meta name=\"robots\" content=\"index, follow, max-snippet:-1, max-image-preview:large, max-video-preview:-1\" \/>\n<link rel=\"canonical\" href=\"https:\/\/www.bbmnoticias.com\/labravaradiofm\/2023\/06\/26\/sesiona-consejo-ciudadano-para-la-biodiversidad-de-oaxaca\/\" \/>\n<meta property=\"og:locale\" content=\"es_MX\" \/>\n<meta property=\"og:type\" content=\"article\" \/>\n<meta property=\"og:title\" content=\"Sesiona Consejo Ciudadano para la Biodiversidad de Oaxaca - LA BRAVA RADIO\" \/>\n<meta property=\"og:description\" content=\"Tlalixtac de Cabrera, Oax.- La Secretar\u00eda de Medio Ambiente, Biodiversidad, Energ\u00edas y Sostenibilidad coordin\u00f3 la segunda sesi\u00f3n del Consejo Ciudadano para la Biodiversidad de Oaxaca (Cocibio) para elaborar su programa de trabajo 2023-2024. Este organismo es una iniciativa ciudadana acompa\u00f1ada desde el Gobierno del Estado con el objetivo de incidir en la conservaci\u00f3n y uso [&hellip;]\" \/>\n<meta property=\"og:url\" content=\"https:\/\/www.bbmnoticias.com\/labravaradiofm\/2023\/06\/26\/sesiona-consejo-ciudadano-para-la-biodiversidad-de-oaxaca\/\" \/>\n<meta property=\"og:site_name\" content=\"LA BRAVA RADIO\" \/>\n<meta property=\"article:published_time\" content=\"2023-06-27T00:09:56+00:00\" \/>\n<meta property=\"article:modified_time\" content=\"2023-06-27T00:09:57+00:00\" \/>\n<meta property=\"og:image\" content=\"https:\/\/www.bbmnoticias.com\/labravaradiofm\/wp-content\/uploads\/sites\/5\/2023\/06\/l26062023-5.jpg\" \/>\n\t<meta property=\"og:image:width\" content=\"400\" \/>\n\t<meta property=\"og:image:height\" content=\"400\" \/>\n\t<meta property=\"og:image:type\" content=\"image\/jpeg\" \/>\n<meta name=\"author\" content=\"Staff\" \/>\n<meta name=\"twitter:card\" content=\"summary_large_image\" \/>\n<meta name=\"twitter:label1\" content=\"Escrito por\" \/>\n\t<meta name=\"twitter:data1\" content=\"Staff\" \/>\n\t<meta name=\"twitter:label2\" content=\"Tiempo de lectura\" \/>\n\t<meta name=\"twitter:data2\" content=\"3 minutos\" \/>\n<script type=\"application\/ld+json\" class=\"yoast-schema-graph\">{\"@context\":\"https:\\\/\\\/schema.org\",\"@graph\":[{\"@type\":\"Article\",\"@id\":\"https:\\\/\\\/www.bbmnoticias.com\\\/labravaradiofm\\\/2023\\\/06\\\/26\\\/sesiona-consejo-ciudadano-para-la-biodiversidad-de-oaxaca\\\/#article\",\"isPartOf\":{\"@id\":\"https:\\\/\\\/www.bbmnoticias.com\\\/labravaradiofm\\\/2023\\\/06\\\/26\\\/sesiona-consejo-ciudadano-para-la-biodiversidad-de-oaxaca\\\/\"},\"author\":{\"name\":\"Staff\",\"@id\":\"https:\\\/\\\/www.bbmnoticias.com\\\/labravaradiofm\\\/#\\\/schema\\\/person\\\/34b139c617a70ea5bef5678bffe4dd7b\"},\"headline\":\"Sesiona Consejo Ciudadano para la Biodiversidad de Oaxaca\",\"datePublished\":\"2023-06-27T00:09:56+00:00\",\"dateModified\":\"2023-06-27T00:09:57+00:00\",\"mainEntityOfPage\":{\"@id\":\"https:\\\/\\\/www.bbmnoticias.com\\\/labravaradiofm\\\/2023\\\/06\\\/26\\\/sesiona-consejo-ciudadano-para-la-biodiversidad-de-oaxaca\\\/\"},\"wordCount\":493,\"image\":{\"@id\":\"https:\\\/\\\/www.bbmnoticias.com\\\/labravaradiofm\\\/2023\\\/06\\\/26\\\/sesiona-consejo-ciudadano-para-la-biodiversidad-de-oaxaca\\\/#primaryimage\"},\"thumbnailUrl\":\"https:\\\/\\\/www.bbmnoticias.com\\\/labravaradiofm\\\/wp-content\\\/uploads\\\/sites\\\/5\\\/2023\\\/06\\\/l26062023-5.jpg\",\"articleSection\":[\"LOCAL\"],\"inLanguage\":\"es\"},{\"@type\":\"WebPage\",\"@id\":\"https:\\\/\\\/www.bbmnoticias.com\\\/labravaradiofm\\\/2023\\\/06\\\/26\\\/sesiona-consejo-ciudadano-para-la-biodiversidad-de-oaxaca\\\/\",\"url\":\"https:\\\/\\\/www.bbmnoticias.com\\\/labravaradiofm\\\/2023\\\/06\\\/26\\\/sesiona-consejo-ciudadano-para-la-biodiversidad-de-oaxaca\\\/\",\"name\":\"Sesiona Consejo Ciudadano para la Biodiversidad de Oaxaca - LA BRAVA RADIO\",\"isPartOf\":{\"@id\":\"https:\\\/\\\/www.bbmnoticias.com\\\/labravaradiofm\\\/#website\"},\"primaryImageOfPage\":{\"@id\":\"https:\\\/\\\/www.bbmnoticias.com\\\/labravaradiofm\\\/2023\\\/06\\\/26\\\/sesiona-consejo-ciudadano-para-la-biodiversidad-de-oaxaca\\\/#primaryimage\"},\"image\":{\"@id\":\"https:\\\/\\\/www.bbmnoticias.com\\\/labravaradiofm\\\/2023\\\/06\\\/26\\\/sesiona-consejo-ciudadano-para-la-biodiversidad-de-oaxaca\\\/#primaryimage\"},\"thumbnailUrl\":\"https:\\\/\\\/www.bbmnoticias.com\\\/labravaradiofm\\\/wp-content\\\/uploads\\\/sites\\\/5\\\/2023\\\/06\\\/l26062023-5.jpg\",\"datePublished\":\"2023-06-27T00:09:56+00:00\",\"dateModified\":\"2023-06-27T00:09:57+00:00\",\"author\":{\"@id\":\"https:\\\/\\\/www.bbmnoticias.com\\\/labravaradiofm\\\/#\\\/schema\\\/person\\\/34b139c617a70ea5bef5678bffe4dd7b\"},\"breadcrumb\":{\"@id\":\"https:\\\/\\\/www.bbmnoticias.com\\\/labravaradiofm\\\/2023\\\/06\\\/26\\\/sesiona-consejo-ciudadano-para-la-biodiversidad-de-oaxaca\\\/#breadcrumb\"},\"inLanguage\":\"es\",\"potentialAction\":[{\"@type\":\"ReadAction\",\"target\":[\"https:\\\/\\\/www.bbmnoticias.com\\\/labravaradiofm\\\/2023\\\/06\\\/26\\\/sesiona-consejo-ciudadano-para-la-biodiversidad-de-oaxaca\\\/\"]}]},{\"@type\":\"ImageObject\",\"inLanguage\":\"es\",\"@id\":\"https:\\\/\\\/www.bbmnoticias.com\\\/labravaradiofm\\\/2023\\\/06\\\/26\\\/sesiona-consejo-ciudadano-para-la-biodiversidad-de-oaxaca\\\/#primaryimage\",\"url\":\"https:\\\/\\\/www.bbmnoticias.com\\\/labravaradiofm\\\/wp-content\\\/uploads\\\/sites\\\/5\\\/2023\\\/06\\\/l26062023-5.jpg\",\"contentUrl\":\"https:\\\/\\\/www.bbmnoticias.com\\\/labravaradiofm\\\/wp-content\\\/uploads\\\/sites\\\/5\\\/2023\\\/06\\\/l26062023-5.jpg\",\"width\":400,\"height\":400},{\"@type\":\"BreadcrumbList\",\"@id\":\"https:\\\/\\\/www.bbmnoticias.com\\\/labravaradiofm\\\/2023\\\/06\\\/26\\\/sesiona-consejo-ciudadano-para-la-biodiversidad-de-oaxaca\\\/#breadcrumb\",\"itemListElement\":[{\"@type\":\"ListItem\",\"position\":1,\"name\":\"Inicio\",\"item\":\"https:\\\/\\\/www.bbmnoticias.com\\\/labravaradiofm\\\/\"},{\"@type\":\"ListItem\",\"position\":2,\"name\":\"Sesiona Consejo Ciudadano para la Biodiversidad de Oaxaca\"}]},{\"@type\":\"WebSite\",\"@id\":\"https:\\\/\\\/www.bbmnoticias.com\\\/labravaradiofm\\\/#website\",\"url\":\"https:\\\/\\\/www.bbmnoticias.com\\\/labravaradiofm\\\/\",\"name\":\"LA BRAVA RADIO\",\"description\":\"Empresa productora de medios, Radiodifusi\u00f3n, Noticias, tendencias y todo lo que necesitas saber de la pol\u00edtica mexicana e internacional; entretenimiento, espect\u00e1culos, salud y mucho m\u00e1s.\",\"potentialAction\":[{\"@type\":\"SearchAction\",\"target\":{\"@type\":\"EntryPoint\",\"urlTemplate\":\"https:\\\/\\\/www.bbmnoticias.com\\\/labravaradiofm\\\/?s={search_term_string}\"},\"query-input\":{\"@type\":\"PropertyValueSpecification\",\"valueRequired\":true,\"valueName\":\"search_term_string\"}}],\"inLanguage\":\"es\"},{\"@type\":\"Person\",\"@id\":\"https:\\\/\\\/www.bbmnoticias.com\\\/labravaradiofm\\\/#\\\/schema\\\/person\\\/34b139c617a70ea5bef5678bffe4dd7b\",\"name\":\"Staff\",\"image\":{\"@type\":\"ImageObject\",\"inLanguage\":\"es\",\"@id\":\"https:\\\/\\\/secure.gravatar.com\\\/avatar\\\/fdd21ad66fd8b98c407f9dee5b5e588cfe7f0d8579ec20fa6527cd59bab7f0f0?s=96&d=mm&r=g\",\"url\":\"https:\\\/\\\/secure.gravatar.com\\\/avatar\\\/fdd21ad66fd8b98c407f9dee5b5e588cfe7f0d8579ec20fa6527cd59bab7f0f0?s=96&d=mm&r=g\",\"contentUrl\":\"https:\\\/\\\/secure.gravatar.com\\\/avatar\\\/fdd21ad66fd8b98c407f9dee5b5e588cfe7f0d8579ec20fa6527cd59bab7f0f0?s=96&d=mm&r=g\",\"caption\":\"Staff\"},\"url\":\"https:\\\/\\\/www.bbmnoticias.com\\\/labravaradiofm\\\/author\\\/redaccion\\\/\"}]}<\/script>\n<!-- \/ Yoast SEO plugin. -->","yoast_head_json":{"title":"Sesiona Consejo Ciudadano para la Biodiversidad de Oaxaca - LA BRAVA RADIO","robots":{"index":"index","follow":"follow","max-snippet":"max-snippet:-1","max-image-preview":"max-image-preview:large","max-video-preview":"max-video-preview:-1"},"canonical":"https:\/\/www.bbmnoticias.com\/labravaradiofm\/2023\/06\/26\/sesiona-consejo-ciudadano-para-la-biodiversidad-de-oaxaca\/","og_locale":"es_MX","og_type":"article","og_title":"Sesiona Consejo Ciudadano para la Biodiversidad de Oaxaca - LA BRAVA RADIO","og_description":"Tlalixtac de Cabrera, Oax.- La Secretar\u00eda de Medio Ambiente, Biodiversidad, Energ\u00edas y Sostenibilidad coordin\u00f3 la segunda sesi\u00f3n del Consejo Ciudadano para la Biodiversidad de Oaxaca (Cocibio) para elaborar su programa de trabajo 2023-2024. Este organismo es una iniciativa ciudadana acompa\u00f1ada desde el Gobierno del Estado con el objetivo de incidir en la conservaci\u00f3n y uso [&hellip;]","og_url":"https:\/\/www.bbmnoticias.com\/labravaradiofm\/2023\/06\/26\/sesiona-consejo-ciudadano-para-la-biodiversidad-de-oaxaca\/","og_site_name":"LA BRAVA RADIO","article_published_time":"2023-06-27T00:09:56+00:00","article_modified_time":"2023-06-27T00:09:57+00:00","og_image":[{"width":400,"height":400,"url":"https:\/\/www.bbmnoticias.com\/labravaradiofm\/wp-content\/uploads\/sites\/5\/2023\/06\/l26062023-5.jpg","type":"image\/jpeg"}],"author":"Staff","twitter_card":"summary_large_image","twitter_misc":{"Escrito por":"Staff","Tiempo de lectura":"3 minutos"},"schema":{"@context":"https:\/\/schema.org","@graph":[{"@type":"Article","@id":"https:\/\/www.bbmnoticias.com\/labravaradiofm\/2023\/06\/26\/sesiona-consejo-ciudadano-para-la-biodiversidad-de-oaxaca\/#article","isPartOf":{"@id":"https:\/\/www.bbmnoticias.com\/labravaradiofm\/2023\/06\/26\/sesiona-consejo-ciudadano-para-la-biodiversidad-de-oaxaca\/"},"author":{"name":"Staff","@id":"https:\/\/www.bbmnoticias.com\/labravaradiofm\/#\/schema\/person\/34b139c617a70ea5bef5678bffe4dd7b"},"headline":"Sesiona Consejo Ciudadano para la Biodiversidad de Oaxaca","datePublished":"2023-06-27T00:09:56+00:00","dateModified":"2023-06-27T00:09:57+00:00","mainEntityOfPage":{"@id":"https:\/\/www.bbmnoticias.com\/labravaradiofm\/2023\/06\/26\/sesiona-consejo-ciudadano-para-la-biodiversidad-de-oaxaca\/"},"wordCount":493,"image":{"@id":"https:\/\/www.bbmnoticias.com\/labravaradiofm\/2023\/06\/26\/sesiona-consejo-ciudadano-para-la-biodiversidad-de-oaxaca\/#primaryimage"},"thumbnailUrl":"https:\/\/www.bbmnoticias.com\/labravaradiofm\/wp-content\/uploads\/sites\/5\/2023\/06\/l26062023-5.jpg","articleSection":["LOCAL"],"inLanguage":"es"},{"@type":"WebPage","@id":"https:\/\/www.bbmnoticias.com\/labravaradiofm\/2023\/06\/26\/sesiona-consejo-ciudadano-para-la-biodiversidad-de-oaxaca\/","url":"https:\/\/www.bbmnoticias.com\/labravaradiofm\/2023\/06\/26\/sesiona-consejo-ciudadano-para-la-biodiversidad-de-oaxaca\/","name":"Sesiona Consejo Ciudadano para la Biodiversidad de Oaxaca - LA BRAVA RADIO","isPartOf":{"@id":"https:\/\/www.bbmnoticias.com\/labravaradiofm\/#website"},"primaryImageOfPage":{"@id":"https:\/\/www.bbmnoticias.com\/labravaradiofm\/2023\/06\/26\/sesiona-consejo-ciudadano-para-la-biodiversidad-de-oaxaca\/#primaryimage"},"image":{"@id":"https:\/\/www.bbmnoticias.com\/labravaradiofm\/2023\/06\/26\/sesiona-consejo-ciudadano-para-la-biodiversidad-de-oaxaca\/#primaryimage"},"thumbnailUrl":"https:\/\/www.bbmnoticias.com\/labravaradiofm\/wp-content\/uploads\/sites\/5\/2023\/06\/l26062023-5.jpg","datePublished":"2023-06-27T00:09:56+00:00","dateModified":"2023-06-27T00:09:57+00:00","author":{"@id":"https:\/\/www.bbmnoticias.com\/labravaradiofm\/#\/schema\/person\/34b139c617a70ea5bef5678bffe4dd7b"},"breadcrumb":{"@id":"https:\/\/www.bbmnoticias.com\/labravaradiofm\/2023\/06\/26\/sesiona-consejo-ciudadano-para-la-biodiversidad-de-oaxaca\/#breadcrumb"},"inLanguage":"es","potentialAction":[{"@type":"ReadAction","target":["https:\/\/www.bbmnoticias.com\/labravaradiofm\/2023\/06\/26\/sesiona-consejo-ciudadano-para-la-biodiversidad-de-oaxaca\/"]}]},{"@type":"ImageObject","inLanguage":"es","@id":"https:\/\/www.bbmnoticias.com\/labravaradiofm\/2023\/06\/26\/sesiona-consejo-ciudadano-para-la-biodiversidad-de-oaxaca\/#primaryimage","url":"https:\/\/www.bbmnoticias.com\/labravaradiofm\/wp-content\/uploads\/sites\/5\/2023\/06\/l26062023-5.jpg","contentUrl":"https:\/\/www.bbmnoticias.com\/labravaradiofm\/wp-content\/uploads\/sites\/5\/2023\/06\/l26062023-5.jpg","width":400,"height":400},{"@type":"BreadcrumbList","@id":"https:\/\/www.bbmnoticias.com\/labravaradiofm\/2023\/06\/26\/sesiona-consejo-ciudadano-para-la-biodiversidad-de-oaxaca\/#breadcrumb","itemListElement":[{"@type":"ListItem","position":1,"name":"Inicio","item":"https:\/\/www.bbmnoticias.com\/labravaradiofm\/"},{"@type":"ListItem","position":2,"name":"Sesiona Consejo Ciudadano para la Biodiversidad de Oaxaca"}]},{"@type":"WebSite","@id":"https:\/\/www.bbmnoticias.com\/labravaradiofm\/#website","url":"https:\/\/www.bbmnoticias.com\/labravaradiofm\/","name":"LA BRAVA RADIO","description":"Empresa productora de medios, Radiodifusi\u00f3n, Noticias, tendencias y todo lo que necesitas saber de la pol\u00edtica mexicana e internacional; entretenimiento, espect\u00e1culos, salud y mucho m\u00e1s.","potentialAction":[{"@type":"SearchAction","target":{"@type":"EntryPoint","urlTemplate":"https:\/\/www.bbmnoticias.com\/labravaradiofm\/?s={search_term_string}"},"query-input":{"@type":"PropertyValueSpecification","valueRequired":true,"valueName":"search_term_string"}}],"inLanguage":"es"},{"@type":"Person","@id":"https:\/\/www.bbmnoticias.com\/labravaradiofm\/#\/schema\/person\/34b139c617a70ea5bef5678bffe4dd7b","name":"Staff","image":{"@type":"ImageObject","inLanguage":"es","@id":"https:\/\/secure.gravatar.com\/avatar\/fdd21ad66fd8b98c407f9dee5b5e588cfe7f0d8579ec20fa6527cd59bab7f0f0?s=96&d=mm&r=g","url":"https:\/\/secure.gravatar.com\/avatar\/fdd21ad66fd8b98c407f9dee5b5e588cfe7f0d8579ec20fa6527cd59bab7f0f0?s=96&d=mm&r=g","contentUrl":"https:\/\/secure.gravatar.com\/avatar\/fdd21ad66fd8b98c407f9dee5b5e588cfe7f0d8579ec20fa6527cd59bab7f0f0?s=96&d=mm&r=g","caption":"Staff"},"url":"https:\/\/www.bbmnoticias.com\/labravaradiofm\/author\/redaccion\/"}]}},"_links":{"self":[{"href":"https:\/\/www.bbmnoticias.com\/labravaradiofm\/wp-json\/wp\/v2\/posts\/28886","targetHints":{"allow":["GET"]}}],"collection":[{"href":"https:\/\/www.bbmnoticias.com\/labravaradiofm\/wp-json\/wp\/v2\/posts"}],"about":[{"href":"https:\/\/www.bbmnoticias.com\/labravaradiofm\/wp-json\/wp\/v2\/types\/post"}],"author":[{"embeddable":true,"href":"https:\/\/www.bbmnoticias.com\/labravaradiofm\/wp-json\/wp\/v2\/users\/2"}],"replies":[{"embeddable":true,"href":"https:\/\/www.bbmnoticias.com\/labravaradiofm\/wp-json\/wp\/v2\/comments?post=28886"}],"version-history":[{"count":0,"href":"https:\/\/www.bbmnoticias.com\/labravaradiofm\/wp-json\/wp\/v2\/posts\/28886\/revisions"}],"wp:featuredmedia":[{"embeddable":true,"href":"https:\/\/www.bbmnoticias.com\/labravaradiofm\/wp-json\/wp\/v2\/media\/28887"}],"wp:attachment":[{"href":"https:\/\/www.bbmnoticias.com\/labravaradiofm\/wp-json\/wp\/v2\/media?parent=28886"}],"wp:term":[{"taxonomy":"category","embeddable":true,"href":"https:\/\/www.bbmnoticias.com\/labravaradiofm\/wp-json\/wp\/v2\/categories?post=28886"},{"taxonomy":"post_tag","embeddable":true,"href":"https:\/\/www.bbmnoticias.com\/labravaradiofm\/wp-json\/wp\/v2\/tags?post=28886"}],"curies":[{"name":"wp","href":"https:\/\/api.w.org\/{rel}","templated":true}]}}