{"id":28869,"date":"2023-06-26T13:59:45","date_gmt":"2023-06-26T19:59:45","guid":{"rendered":"https:\/\/www.bbmnoticias.com\/labravaradiofm\/?p=28869"},"modified":"2023-06-26T13:59:46","modified_gmt":"2023-06-26T19:59:46","slug":"presenta-semovi-nuevas-placas-vehiculares-que-reflejan-la-diversidad-etnica-de-oaxaca","status":"publish","type":"post","link":"https:\/\/www.bbmnoticias.com\/labravaradiofm\/2023\/06\/26\/presenta-semovi-nuevas-placas-vehiculares-que-reflejan-la-diversidad-etnica-de-oaxaca\/","title":{"rendered":"Presenta Semovi nuevas placas vehiculares que reflejan la diversidad \u00e9tnica de Oaxaca"},"content":{"rendered":"<div style=\"margin-top: 0px; margin-bottom: 0px;\" class=\"sharethis-inline-share-buttons\" ><\/div>\n<ul class=\"wp-block-list\">\n<li><em>Las l\u00e1minas para circulaci\u00f3n emitidas por la administraci\u00f3n anterior seguir\u00e1n vigentes, por lo que no se contempla un canje de placas<\/em><\/li>\n<\/ul>\n\n\n\n<p><strong>San Antonio de la Cal, Oax. 26 de junio de 2023.- <\/strong>La secretaria de Movilidad Claudina de Gyves Mendoza present\u00f3 las nuevas placas para circulaci\u00f3n vehicular, las cuales cuentan con el dise\u00f1o correspondiente a la administraci\u00f3n del Gobernador Salom\u00f3n Jara Cruz.<\/p>\n\n\n\n<p>La funcionaria inform\u00f3 que a partir de este 26 de junio en los 44 m\u00f3dulos de atenci\u00f3n de la Semovi se entregar\u00e1n las l\u00e1minas que reflejan la diversidad \u00e9tnica del estado de Oaxaca; un s\u00edmbolo del orgullo por nuestras ra\u00edces. &nbsp;<\/p>\n\n\n\n<p>De Gyves Mendoza dio a conocer que en cumplimiento al <em>Acuerdo por el que se establece la emisi\u00f3n de Placas de Circulaci\u00f3n con el dise\u00f1o e Imagen Institucional del Gobierno actual para Veh\u00edculos registrados a partir del d\u00eda 26 de junio de 2023 en el estado de Oaxaca<\/em>; durante el fin de semana pasado se distribuyeron en todo el estado, 70 mil 647 l\u00e1minas que estar\u00e1n a disposici\u00f3n de las personas contribuyentes que buscan dar legalidad y seguridad a sus unidades de todas las modalidades.<\/p>\n\n\n\n<p>La titular de la Semovi se\u00f1al\u00f3 que las nuevas calcoman\u00edas de identificaci\u00f3n y placas met\u00e1licas cumplen con lo establecido en la Norma Oficial Mexicana (NOM) 001-SCT como son: imagotipo del Gobierno del Estado, letras para indicar la ubicaci\u00f3n, c\u00f3digo \u00f3ptico de seguridad, caracteres alfanum\u00e9ricos en color negro o verde seg\u00fan el servicio, tipo de placa, Escudo Nacional y Escudo del Estado de Oaxaca.<\/p>\n\n\n\n<p>Asimismo, explic\u00f3 que las placas de circulaci\u00f3n que se emitieron por la administraci\u00f3n anterior seguir\u00e1n vigentes, por lo que, para certeza de la ciudadan\u00eda, no se tiene contemplado un canje de placas.<\/p>\n\n\n\n<p>En ese contexto, de Gyves Mendoza anunci\u00f3 que a partir del 15 de julio los 44 m\u00f3dulos de atenci\u00f3n contar\u00e1n con equipos completamente renovados para la emisi\u00f3n de licencias, lo que incrementar\u00e1 el n\u00famero de unidades de atenci\u00f3n; al tiempo que tambi\u00e9n se trabaja en la renovaci\u00f3n del equipo de emplacamiento y en su oportunidad se dar\u00e1 a conocer su puesta en marcha.&nbsp;<\/p>\n\n\n\n<p>Estos procesos, dijo, permitir\u00e1n elevar la atenci\u00f3n que se brinda a las personas usuarias, pero tambi\u00e9n mejorar las condiciones de trabajo a quienes desde la Semovi brindan estos servicios, puntualiz\u00f3.<\/p>\n","protected":false},"excerpt":{"rendered":"<p>San Antonio de la Cal, Oax. 26 de junio de 2023.- La secretaria de Movilidad Claudina de Gyves Mendoza present\u00f3 las nuevas placas para circulaci\u00f3n vehicular, las cuales cuentan con el dise\u00f1o correspondiente a la administraci\u00f3n del Gobernador Salom\u00f3n Jara Cruz. La funcionaria inform\u00f3 que a partir de este 26 de junio en los 44 [&hellip;]<\/p>\n","protected":false},"author":2,"featured_media":28870,"comment_status":"closed","ping_status":"closed","sticky":false,"template":"","format":"standard","meta":{"footnotes":""},"categories":[2],"tags":[],"class_list":{"0":"post-28869","1":"post","2":"type-post","3":"status-publish","4":"format-standard","5":"has-post-thumbnail","7":"category-oaxaca"},"yoast_head":"<!-- This site is optimized with the Yoast SEO plugin v27.4 - https:\/\/yoast.com\/product\/yoast-seo-wordpress\/ -->\n<title>Presenta Semovi nuevas placas vehiculares que reflejan la diversidad \u00e9tnica de Oaxaca - LA BRAVA RADIO<\/title>\n<meta name=\"robots\" content=\"index, follow, max-snippet:-1, max-image-preview:large, max-video-preview:-1\" \/>\n<link rel=\"canonical\" href=\"https:\/\/www.bbmnoticias.com\/labravaradiofm\/2023\/06\/26\/presenta-semovi-nuevas-placas-vehiculares-que-reflejan-la-diversidad-etnica-de-oaxaca\/\" \/>\n<meta property=\"og:locale\" content=\"es_MX\" \/>\n<meta property=\"og:type\" content=\"article\" \/>\n<meta property=\"og:title\" content=\"Presenta Semovi nuevas placas vehiculares que reflejan la diversidad \u00e9tnica de Oaxaca - LA BRAVA RADIO\" \/>\n<meta property=\"og:description\" content=\"San Antonio de la Cal, Oax. 26 de junio de 2023.- La secretaria de Movilidad Claudina de Gyves Mendoza present\u00f3 las nuevas placas para circulaci\u00f3n vehicular, las cuales cuentan con el dise\u00f1o correspondiente a la administraci\u00f3n del Gobernador Salom\u00f3n Jara Cruz. La funcionaria inform\u00f3 que a partir de este 26 de junio en los 44 [&hellip;]\" \/>\n<meta property=\"og:url\" content=\"https:\/\/www.bbmnoticias.com\/labravaradiofm\/2023\/06\/26\/presenta-semovi-nuevas-placas-vehiculares-que-reflejan-la-diversidad-etnica-de-oaxaca\/\" \/>\n<meta property=\"og:site_name\" content=\"LA BRAVA RADIO\" \/>\n<meta property=\"article:published_time\" content=\"2023-06-26T19:59:45+00:00\" \/>\n<meta property=\"article:modified_time\" content=\"2023-06-26T19:59:46+00:00\" \/>\n<meta property=\"og:image\" content=\"https:\/\/www.bbmnoticias.com\/labravaradiofm\/wp-content\/uploads\/sites\/5\/2023\/06\/placas_oaxaca.jpg\" \/>\n\t<meta property=\"og:image:width\" content=\"800\" \/>\n\t<meta property=\"og:image:height\" content=\"450\" \/>\n\t<meta property=\"og:image:type\" content=\"image\/jpeg\" \/>\n<meta name=\"author\" content=\"Staff\" \/>\n<meta name=\"twitter:card\" content=\"summary_large_image\" \/>\n<meta name=\"twitter:label1\" content=\"Escrito por\" \/>\n\t<meta name=\"twitter:data1\" content=\"Staff\" \/>\n\t<meta name=\"twitter:label2\" content=\"Tiempo de lectura\" \/>\n\t<meta name=\"twitter:data2\" content=\"2 minutos\" \/>\n<script type=\"application\/ld+json\" class=\"yoast-schema-graph\">{\"@context\":\"https:\\\/\\\/schema.org\",\"@graph\":[{\"@type\":\"Article\",\"@id\":\"https:\\\/\\\/www.bbmnoticias.com\\\/labravaradiofm\\\/2023\\\/06\\\/26\\\/presenta-semovi-nuevas-placas-vehiculares-que-reflejan-la-diversidad-etnica-de-oaxaca\\\/#article\",\"isPartOf\":{\"@id\":\"https:\\\/\\\/www.bbmnoticias.com\\\/labravaradiofm\\\/2023\\\/06\\\/26\\\/presenta-semovi-nuevas-placas-vehiculares-que-reflejan-la-diversidad-etnica-de-oaxaca\\\/\"},\"author\":{\"name\":\"Staff\",\"@id\":\"https:\\\/\\\/www.bbmnoticias.com\\\/labravaradiofm\\\/#\\\/schema\\\/person\\\/34b139c617a70ea5bef5678bffe4dd7b\"},\"headline\":\"Presenta Semovi nuevas placas vehiculares que reflejan la diversidad \u00e9tnica de Oaxaca\",\"datePublished\":\"2023-06-26T19:59:45+00:00\",\"dateModified\":\"2023-06-26T19:59:46+00:00\",\"mainEntityOfPage\":{\"@id\":\"https:\\\/\\\/www.bbmnoticias.com\\\/labravaradiofm\\\/2023\\\/06\\\/26\\\/presenta-semovi-nuevas-placas-vehiculares-que-reflejan-la-diversidad-etnica-de-oaxaca\\\/\"},\"wordCount\":425,\"image\":{\"@id\":\"https:\\\/\\\/www.bbmnoticias.com\\\/labravaradiofm\\\/2023\\\/06\\\/26\\\/presenta-semovi-nuevas-placas-vehiculares-que-reflejan-la-diversidad-etnica-de-oaxaca\\\/#primaryimage\"},\"thumbnailUrl\":\"https:\\\/\\\/www.bbmnoticias.com\\\/labravaradiofm\\\/wp-content\\\/uploads\\\/sites\\\/5\\\/2023\\\/06\\\/placas_oaxaca.jpg\",\"articleSection\":[\"LOCAL\"],\"inLanguage\":\"es\"},{\"@type\":\"WebPage\",\"@id\":\"https:\\\/\\\/www.bbmnoticias.com\\\/labravaradiofm\\\/2023\\\/06\\\/26\\\/presenta-semovi-nuevas-placas-vehiculares-que-reflejan-la-diversidad-etnica-de-oaxaca\\\/\",\"url\":\"https:\\\/\\\/www.bbmnoticias.com\\\/labravaradiofm\\\/2023\\\/06\\\/26\\\/presenta-semovi-nuevas-placas-vehiculares-que-reflejan-la-diversidad-etnica-de-oaxaca\\\/\",\"name\":\"Presenta Semovi nuevas placas vehiculares que reflejan la diversidad \u00e9tnica de Oaxaca - LA BRAVA RADIO\",\"isPartOf\":{\"@id\":\"https:\\\/\\\/www.bbmnoticias.com\\\/labravaradiofm\\\/#website\"},\"primaryImageOfPage\":{\"@id\":\"https:\\\/\\\/www.bbmnoticias.com\\\/labravaradiofm\\\/2023\\\/06\\\/26\\\/presenta-semovi-nuevas-placas-vehiculares-que-reflejan-la-diversidad-etnica-de-oaxaca\\\/#primaryimage\"},\"image\":{\"@id\":\"https:\\\/\\\/www.bbmnoticias.com\\\/labravaradiofm\\\/2023\\\/06\\\/26\\\/presenta-semovi-nuevas-placas-vehiculares-que-reflejan-la-diversidad-etnica-de-oaxaca\\\/#primaryimage\"},\"thumbnailUrl\":\"https:\\\/\\\/www.bbmnoticias.com\\\/labravaradiofm\\\/wp-content\\\/uploads\\\/sites\\\/5\\\/2023\\\/06\\\/placas_oaxaca.jpg\",\"datePublished\":\"2023-06-26T19:59:45+00:00\",\"dateModified\":\"2023-06-26T19:59:46+00:00\",\"author\":{\"@id\":\"https:\\\/\\\/www.bbmnoticias.com\\\/labravaradiofm\\\/#\\\/schema\\\/person\\\/34b139c617a70ea5bef5678bffe4dd7b\"},\"breadcrumb\":{\"@id\":\"https:\\\/\\\/www.bbmnoticias.com\\\/labravaradiofm\\\/2023\\\/06\\\/26\\\/presenta-semovi-nuevas-placas-vehiculares-que-reflejan-la-diversidad-etnica-de-oaxaca\\\/#breadcrumb\"},\"inLanguage\":\"es\",\"potentialAction\":[{\"@type\":\"ReadAction\",\"target\":[\"https:\\\/\\\/www.bbmnoticias.com\\\/labravaradiofm\\\/2023\\\/06\\\/26\\\/presenta-semovi-nuevas-placas-vehiculares-que-reflejan-la-diversidad-etnica-de-oaxaca\\\/\"]}]},{\"@type\":\"ImageObject\",\"inLanguage\":\"es\",\"@id\":\"https:\\\/\\\/www.bbmnoticias.com\\\/labravaradiofm\\\/2023\\\/06\\\/26\\\/presenta-semovi-nuevas-placas-vehiculares-que-reflejan-la-diversidad-etnica-de-oaxaca\\\/#primaryimage\",\"url\":\"https:\\\/\\\/www.bbmnoticias.com\\\/labravaradiofm\\\/wp-content\\\/uploads\\\/sites\\\/5\\\/2023\\\/06\\\/placas_oaxaca.jpg\",\"contentUrl\":\"https:\\\/\\\/www.bbmnoticias.com\\\/labravaradiofm\\\/wp-content\\\/uploads\\\/sites\\\/5\\\/2023\\\/06\\\/placas_oaxaca.jpg\",\"width\":800,\"height\":450},{\"@type\":\"BreadcrumbList\",\"@id\":\"https:\\\/\\\/www.bbmnoticias.com\\\/labravaradiofm\\\/2023\\\/06\\\/26\\\/presenta-semovi-nuevas-placas-vehiculares-que-reflejan-la-diversidad-etnica-de-oaxaca\\\/#breadcrumb\",\"itemListElement\":[{\"@type\":\"ListItem\",\"position\":1,\"name\":\"Inicio\",\"item\":\"https:\\\/\\\/www.bbmnoticias.com\\\/labravaradiofm\\\/\"},{\"@type\":\"ListItem\",\"position\":2,\"name\":\"Presenta Semovi nuevas placas vehiculares que reflejan la diversidad \u00e9tnica de Oaxaca\"}]},{\"@type\":\"WebSite\",\"@id\":\"https:\\\/\\\/www.bbmnoticias.com\\\/labravaradiofm\\\/#website\",\"url\":\"https:\\\/\\\/www.bbmnoticias.com\\\/labravaradiofm\\\/\",\"name\":\"LA BRAVA RADIO\",\"description\":\"Empresa productora de medios, Radiodifusi\u00f3n, Noticias, tendencias y todo lo que necesitas saber de la pol\u00edtica mexicana e internacional; entretenimiento, espect\u00e1culos, salud y mucho m\u00e1s.\",\"potentialAction\":[{\"@type\":\"SearchAction\",\"target\":{\"@type\":\"EntryPoint\",\"urlTemplate\":\"https:\\\/\\\/www.bbmnoticias.com\\\/labravaradiofm\\\/?s={search_term_string}\"},\"query-input\":{\"@type\":\"PropertyValueSpecification\",\"valueRequired\":true,\"valueName\":\"search_term_string\"}}],\"inLanguage\":\"es\"},{\"@type\":\"Person\",\"@id\":\"https:\\\/\\\/www.bbmnoticias.com\\\/labravaradiofm\\\/#\\\/schema\\\/person\\\/34b139c617a70ea5bef5678bffe4dd7b\",\"name\":\"Staff\",\"image\":{\"@type\":\"ImageObject\",\"inLanguage\":\"es\",\"@id\":\"https:\\\/\\\/secure.gravatar.com\\\/avatar\\\/fdd21ad66fd8b98c407f9dee5b5e588cfe7f0d8579ec20fa6527cd59bab7f0f0?s=96&d=mm&r=g\",\"url\":\"https:\\\/\\\/secure.gravatar.com\\\/avatar\\\/fdd21ad66fd8b98c407f9dee5b5e588cfe7f0d8579ec20fa6527cd59bab7f0f0?s=96&d=mm&r=g\",\"contentUrl\":\"https:\\\/\\\/secure.gravatar.com\\\/avatar\\\/fdd21ad66fd8b98c407f9dee5b5e588cfe7f0d8579ec20fa6527cd59bab7f0f0?s=96&d=mm&r=g\",\"caption\":\"Staff\"},\"url\":\"https:\\\/\\\/www.bbmnoticias.com\\\/labravaradiofm\\\/author\\\/redaccion\\\/\"}]}<\/script>\n<!-- \/ Yoast SEO plugin. -->","yoast_head_json":{"title":"Presenta Semovi nuevas placas vehiculares que reflejan la diversidad \u00e9tnica de Oaxaca - LA BRAVA RADIO","robots":{"index":"index","follow":"follow","max-snippet":"max-snippet:-1","max-image-preview":"max-image-preview:large","max-video-preview":"max-video-preview:-1"},"canonical":"https:\/\/www.bbmnoticias.com\/labravaradiofm\/2023\/06\/26\/presenta-semovi-nuevas-placas-vehiculares-que-reflejan-la-diversidad-etnica-de-oaxaca\/","og_locale":"es_MX","og_type":"article","og_title":"Presenta Semovi nuevas placas vehiculares que reflejan la diversidad \u00e9tnica de Oaxaca - LA BRAVA RADIO","og_description":"San Antonio de la Cal, Oax. 26 de junio de 2023.- La secretaria de Movilidad Claudina de Gyves Mendoza present\u00f3 las nuevas placas para circulaci\u00f3n vehicular, las cuales cuentan con el dise\u00f1o correspondiente a la administraci\u00f3n del Gobernador Salom\u00f3n Jara Cruz. La funcionaria inform\u00f3 que a partir de este 26 de junio en los 44 [&hellip;]","og_url":"https:\/\/www.bbmnoticias.com\/labravaradiofm\/2023\/06\/26\/presenta-semovi-nuevas-placas-vehiculares-que-reflejan-la-diversidad-etnica-de-oaxaca\/","og_site_name":"LA BRAVA RADIO","article_published_time":"2023-06-26T19:59:45+00:00","article_modified_time":"2023-06-26T19:59:46+00:00","og_image":[{"width":800,"height":450,"url":"https:\/\/www.bbmnoticias.com\/labravaradiofm\/wp-content\/uploads\/sites\/5\/2023\/06\/placas_oaxaca.jpg","type":"image\/jpeg"}],"author":"Staff","twitter_card":"summary_large_image","twitter_misc":{"Escrito por":"Staff","Tiempo de lectura":"2 minutos"},"schema":{"@context":"https:\/\/schema.org","@graph":[{"@type":"Article","@id":"https:\/\/www.bbmnoticias.com\/labravaradiofm\/2023\/06\/26\/presenta-semovi-nuevas-placas-vehiculares-que-reflejan-la-diversidad-etnica-de-oaxaca\/#article","isPartOf":{"@id":"https:\/\/www.bbmnoticias.com\/labravaradiofm\/2023\/06\/26\/presenta-semovi-nuevas-placas-vehiculares-que-reflejan-la-diversidad-etnica-de-oaxaca\/"},"author":{"name":"Staff","@id":"https:\/\/www.bbmnoticias.com\/labravaradiofm\/#\/schema\/person\/34b139c617a70ea5bef5678bffe4dd7b"},"headline":"Presenta Semovi nuevas placas vehiculares que reflejan la diversidad \u00e9tnica de Oaxaca","datePublished":"2023-06-26T19:59:45+00:00","dateModified":"2023-06-26T19:59:46+00:00","mainEntityOfPage":{"@id":"https:\/\/www.bbmnoticias.com\/labravaradiofm\/2023\/06\/26\/presenta-semovi-nuevas-placas-vehiculares-que-reflejan-la-diversidad-etnica-de-oaxaca\/"},"wordCount":425,"image":{"@id":"https:\/\/www.bbmnoticias.com\/labravaradiofm\/2023\/06\/26\/presenta-semovi-nuevas-placas-vehiculares-que-reflejan-la-diversidad-etnica-de-oaxaca\/#primaryimage"},"thumbnailUrl":"https:\/\/www.bbmnoticias.com\/labravaradiofm\/wp-content\/uploads\/sites\/5\/2023\/06\/placas_oaxaca.jpg","articleSection":["LOCAL"],"inLanguage":"es"},{"@type":"WebPage","@id":"https:\/\/www.bbmnoticias.com\/labravaradiofm\/2023\/06\/26\/presenta-semovi-nuevas-placas-vehiculares-que-reflejan-la-diversidad-etnica-de-oaxaca\/","url":"https:\/\/www.bbmnoticias.com\/labravaradiofm\/2023\/06\/26\/presenta-semovi-nuevas-placas-vehiculares-que-reflejan-la-diversidad-etnica-de-oaxaca\/","name":"Presenta Semovi nuevas placas vehiculares que reflejan la diversidad \u00e9tnica de Oaxaca - LA BRAVA RADIO","isPartOf":{"@id":"https:\/\/www.bbmnoticias.com\/labravaradiofm\/#website"},"primaryImageOfPage":{"@id":"https:\/\/www.bbmnoticias.com\/labravaradiofm\/2023\/06\/26\/presenta-semovi-nuevas-placas-vehiculares-que-reflejan-la-diversidad-etnica-de-oaxaca\/#primaryimage"},"image":{"@id":"https:\/\/www.bbmnoticias.com\/labravaradiofm\/2023\/06\/26\/presenta-semovi-nuevas-placas-vehiculares-que-reflejan-la-diversidad-etnica-de-oaxaca\/#primaryimage"},"thumbnailUrl":"https:\/\/www.bbmnoticias.com\/labravaradiofm\/wp-content\/uploads\/sites\/5\/2023\/06\/placas_oaxaca.jpg","datePublished":"2023-06-26T19:59:45+00:00","dateModified":"2023-06-26T19:59:46+00:00","author":{"@id":"https:\/\/www.bbmnoticias.com\/labravaradiofm\/#\/schema\/person\/34b139c617a70ea5bef5678bffe4dd7b"},"breadcrumb":{"@id":"https:\/\/www.bbmnoticias.com\/labravaradiofm\/2023\/06\/26\/presenta-semovi-nuevas-placas-vehiculares-que-reflejan-la-diversidad-etnica-de-oaxaca\/#breadcrumb"},"inLanguage":"es","potentialAction":[{"@type":"ReadAction","target":["https:\/\/www.bbmnoticias.com\/labravaradiofm\/2023\/06\/26\/presenta-semovi-nuevas-placas-vehiculares-que-reflejan-la-diversidad-etnica-de-oaxaca\/"]}]},{"@type":"ImageObject","inLanguage":"es","@id":"https:\/\/www.bbmnoticias.com\/labravaradiofm\/2023\/06\/26\/presenta-semovi-nuevas-placas-vehiculares-que-reflejan-la-diversidad-etnica-de-oaxaca\/#primaryimage","url":"https:\/\/www.bbmnoticias.com\/labravaradiofm\/wp-content\/uploads\/sites\/5\/2023\/06\/placas_oaxaca.jpg","contentUrl":"https:\/\/www.bbmnoticias.com\/labravaradiofm\/wp-content\/uploads\/sites\/5\/2023\/06\/placas_oaxaca.jpg","width":800,"height":450},{"@type":"BreadcrumbList","@id":"https:\/\/www.bbmnoticias.com\/labravaradiofm\/2023\/06\/26\/presenta-semovi-nuevas-placas-vehiculares-que-reflejan-la-diversidad-etnica-de-oaxaca\/#breadcrumb","itemListElement":[{"@type":"ListItem","position":1,"name":"Inicio","item":"https:\/\/www.bbmnoticias.com\/labravaradiofm\/"},{"@type":"ListItem","position":2,"name":"Presenta Semovi nuevas placas vehiculares que reflejan la diversidad \u00e9tnica de Oaxaca"}]},{"@type":"WebSite","@id":"https:\/\/www.bbmnoticias.com\/labravaradiofm\/#website","url":"https:\/\/www.bbmnoticias.com\/labravaradiofm\/","name":"LA BRAVA RADIO","description":"Empresa productora de medios, Radiodifusi\u00f3n, Noticias, tendencias y todo lo que necesitas saber de la pol\u00edtica mexicana e internacional; entretenimiento, espect\u00e1culos, salud y mucho m\u00e1s.","potentialAction":[{"@type":"SearchAction","target":{"@type":"EntryPoint","urlTemplate":"https:\/\/www.bbmnoticias.com\/labravaradiofm\/?s={search_term_string}"},"query-input":{"@type":"PropertyValueSpecification","valueRequired":true,"valueName":"search_term_string"}}],"inLanguage":"es"},{"@type":"Person","@id":"https:\/\/www.bbmnoticias.com\/labravaradiofm\/#\/schema\/person\/34b139c617a70ea5bef5678bffe4dd7b","name":"Staff","image":{"@type":"ImageObject","inLanguage":"es","@id":"https:\/\/secure.gravatar.com\/avatar\/fdd21ad66fd8b98c407f9dee5b5e588cfe7f0d8579ec20fa6527cd59bab7f0f0?s=96&d=mm&r=g","url":"https:\/\/secure.gravatar.com\/avatar\/fdd21ad66fd8b98c407f9dee5b5e588cfe7f0d8579ec20fa6527cd59bab7f0f0?s=96&d=mm&r=g","contentUrl":"https:\/\/secure.gravatar.com\/avatar\/fdd21ad66fd8b98c407f9dee5b5e588cfe7f0d8579ec20fa6527cd59bab7f0f0?s=96&d=mm&r=g","caption":"Staff"},"url":"https:\/\/www.bbmnoticias.com\/labravaradiofm\/author\/redaccion\/"}]}},"_links":{"self":[{"href":"https:\/\/www.bbmnoticias.com\/labravaradiofm\/wp-json\/wp\/v2\/posts\/28869","targetHints":{"allow":["GET"]}}],"collection":[{"href":"https:\/\/www.bbmnoticias.com\/labravaradiofm\/wp-json\/wp\/v2\/posts"}],"about":[{"href":"https:\/\/www.bbmnoticias.com\/labravaradiofm\/wp-json\/wp\/v2\/types\/post"}],"author":[{"embeddable":true,"href":"https:\/\/www.bbmnoticias.com\/labravaradiofm\/wp-json\/wp\/v2\/users\/2"}],"replies":[{"embeddable":true,"href":"https:\/\/www.bbmnoticias.com\/labravaradiofm\/wp-json\/wp\/v2\/comments?post=28869"}],"version-history":[{"count":0,"href":"https:\/\/www.bbmnoticias.com\/labravaradiofm\/wp-json\/wp\/v2\/posts\/28869\/revisions"}],"wp:featuredmedia":[{"embeddable":true,"href":"https:\/\/www.bbmnoticias.com\/labravaradiofm\/wp-json\/wp\/v2\/media\/28870"}],"wp:attachment":[{"href":"https:\/\/www.bbmnoticias.com\/labravaradiofm\/wp-json\/wp\/v2\/media?parent=28869"}],"wp:term":[{"taxonomy":"category","embeddable":true,"href":"https:\/\/www.bbmnoticias.com\/labravaradiofm\/wp-json\/wp\/v2\/categories?post=28869"},{"taxonomy":"post_tag","embeddable":true,"href":"https:\/\/www.bbmnoticias.com\/labravaradiofm\/wp-json\/wp\/v2\/tags?post=28869"}],"curies":[{"name":"wp","href":"https:\/\/api.w.org\/{rel}","templated":true}]}}