{"id":28856,"date":"2023-06-26T12:32:39","date_gmt":"2023-06-26T18:32:39","guid":{"rendered":"https:\/\/www.bbmnoticias.com\/labravaradiofm\/?p=28856"},"modified":"2023-06-26T12:32:40","modified_gmt":"2023-06-26T18:32:40","slug":"25-minutos-de-horror-asi-fue-la-matanza-de-46-reclusas-en-honduras","status":"publish","type":"post","link":"https:\/\/www.bbmnoticias.com\/labravaradiofm\/2023\/06\/26\/25-minutos-de-horror-asi-fue-la-matanza-de-46-reclusas-en-honduras\/","title":{"rendered":"25 minutos de horror: as\u00ed fue la matanza de 46 reclusas en Honduras"},"content":{"rendered":"<div style=\"margin-top: 0px; margin-bottom: 0px;\" class=\"sharethis-inline-share-buttons\" ><\/div>\n<p>Desde el lunes 19 de junio ya se sab\u00eda que la situaci\u00f3n en laPenitenciaria Nacional Femenina de Adaptaci\u00f3n Social (PNFAS)de Honduras<a href=\"https:\/\/elcomercio.pe\/noticias\/honduras\/\"> <\/a>estaba a punto de estallar. Ese d\u00eda, las reclusas se enteraron de que al d\u00eda siguiente habr\u00eda una requisa. Perder\u00edan privilegios como televisores, microondas y la administraci\u00f3n de puntos de venta. Lo que pas\u00f3 el martes 20 fue un horroroso<strong> ataque con armas de fuego e incendio que termin\u00f3 con la vida de 46 internas.<\/strong><\/p>\n\n\n\n<p>El penal est\u00e1 ubicado en T\u00e1mara, 25 km al norte de Tegucigalpa, la capital de Honduras. Alberga a pandilleras de la <strong>Mara Salvatrucha (MS13)<\/strong> y<strong> Barrio 18<\/strong>, grupos criminales que son enemigos.<\/p>\n\n\n\n<p>De acuerdo con el diario El Heraldo de Honduras, Delma Ord\u00f3\u00f1ez, presidenta de la Asociaci\u00f3n de Familiares de Privados de Libertad,manifest\u00f3 el martes que hubo incomodidad entre las reclusas porque el lunes la comisi\u00f3n interventora les hab\u00eda informado que <strong>\u201ciba a negar que siguieran teniendo televisores, equipos el\u00e9ctricos, microondas y que las personas que ten\u00edan sus negocios deb\u00edan cerrarlos\u201d.<\/strong><\/p>\n\n\n\n<p>&#8220;Esto les molest\u00f3 a ellas y fue la forma en que se expresaron. Realmente no creo que esa era la forma\u201d, a\u00f1adi\u00f3.<\/p>\n\n\n\n<p>Una cronolog\u00eda de los hechos elaborada por el diario local La Prensa permite reconstruir lo que sucedi\u00f3 el martes desde muy temprano. Poco despu\u00e9s de las 8 de la ma\u00f1ana, las reclusas <strong>integrantes de la pandilla<\/strong> <strong>Barrio 18<\/strong> <strong>rompieron los candados del hogar 6<\/strong>, donde estaban internadas.<\/p>\n\n\n\n<figure class=\"wp-block-embed is-type-rich is-provider-twitter wp-block-embed-twitter\"><div class=\"wp-block-embed__wrapper\">\n<blockquote class=\"twitter-tweet\" data-width=\"550\" data-dnt=\"true\"><p lang=\"es\" dir=\"ltr\">Tras un mot\u00edn en una c\u00e1rcel de Honduras, al menos 46 mujeres murieron.  <br><br>Algunas fueron calcinadas, otras recibieron disparos o pu\u00f1aladas.  <br><br>El gobierno debe garantizar la seguridad de todas las personas detenidas. <a href=\"https:\/\/t.co\/GG0El7Xz0N\">pic.twitter.com\/GG0El7Xz0N<\/a><\/p>&mdash; Human Rights Watch (@hrw_espanol) <a href=\"https:\/\/twitter.com\/hrw_espanol\/status\/1673126575154290688?ref_src=twsrc%5Etfw\">June 26, 2023<\/a><\/blockquote><script async src=\"https:\/\/platform.twitter.com\/widgets.js\" charset=\"utf-8\"><\/script>\n<\/div><\/figure>\n\n\n\n<p><strong>Armadas con pistolas autom\u00e1ticas y un fusil<\/strong>, avanzaron hacia el hogar 1, lugar de reclusi\u00f3n de las integrantes de la Mara Salvatrucha.<\/p>\n\n\n\n<p>A las 8:05 de la ma\u00f1ana, las criminales de Barrio 18 <strong>empezaron a disparar a mansalva contra sus enemigas, <\/strong>que estaban detr\u00e1s de los barrotes. Muchas intentaron escapar a otros ambientes en busca de refugio, pero no pudieron hacerlo porque su pabell\u00f3n estaba cerrado.<\/p>\n\n\n\n<p>Al mismo tiempo, las atacantes tambi\u00e9n dispararon contra quienes estaban en el hogar 2. Diez minutos despu\u00e9s cesaron los disparos. Pero no termin\u00f3 el horror.<\/p>\n\n\n\n<p><em>La Prensa<\/em> explic\u00f3 que en el hogar 1 unas 60 reclusas compart\u00edan el espacio. Cuando llegaron las pandilleras de <strong>Barrio 18<\/strong> ese lugar segu\u00eda bajo llave. \u201cLas mujeres no pudieron salir, gritaban pidiendo auxilio, otras que no pertenec\u00edan a pandillas corrieron para esoncerse debajo de sus camas, pero fueron asesinadas\u201d, indic\u00f3 el medio.<\/p>\n\n\n\n<p>Las atacantes llevaron colchones hasta la casa 1 y les prendieron fuego. Muchos de los cuerpos de las v\u00edctimas terminaron carbonizados. El incendio fue sofocado por los bomberos a las 8:30 de la ma\u00f1ana. Reci\u00e9n despu\u00e9s de ese momento se pudo empezar a conocer la magnitud de la masacre.<\/p>\n\n\n\n<p>En la tarde, luego de que un primer balance confirmara la muerte de 41 reclusas, la presidenta de Honduras, Xiomara Castro, dijo estar \u201cconmocionada\u201d por el \u201cmonstruoso asesinato de mujeres (&#8230;) planificado por maras\u201d y anunci\u00f3 medidas \u201cdr\u00e1sticas\u201d. Tras esa reacci\u00f3n, lo primero que hizo fue <strong>destituir al ministro de Seguridad,<\/strong> <strong>Ram\u00f3n Sabill\u00f3n<\/strong>, y reemplazarlo por el director de la Polic\u00eda Nacional,Gustavo S\u00e1nchez.<\/p>\n\n\n\n<p>Elvia Argentina Valle, comisionadadel Comit\u00e9 Nacional de Prevenci\u00f3n contra la Torutura y otros tratos Crueles Inhumanos o Degradantes (Conaprev), habl\u00f3 con la prensa local y confirm\u00f3 que en el ataque tambi\u00e9n <strong>se us\u00f3 un arma de grueso calibre.<\/strong><\/p>\n\n\n\n<p>\u201cSe habl\u00f3 de que fueron diferentes armas las que se utilizaron y que fue de diferentes formas que se mataron a las privadas de libertad, sin embargo, desconocemos la cantidad de armas que se utilizaron pero <strong>s\u00ed se us\u00f3 un fusil AR-15<\/strong>\u2033, manifest\u00f3.<\/p>\n\n\n\n<p>Agreg\u00f3 que la permisividad de las autoridades facilita que se cometan este tipo de masacres en las c\u00e1rceles. \u201cLo sucedido en PNFAS es para que las autoridades investiguen profundamente qu\u00e9 es lo que sucedi\u00f3, porque debemos saber que si hay armas dentro de los centros penales es porque hay autoridades permisivas\u201d.<\/p>\n\n\n\n<p>Tras la masacre, las autoridades hicieron una requisa en el <strong>penal<\/strong> y encontraron un arsenal de armas entre las que se incluye <strong>una mini uzi, varias pistolas y un fusil de asalto.<\/strong><\/p>\n\n\n\n<p>El Gobierno de<strong>Xiomara Castro<\/strong> lleva adelante un plan para controlar las 26 prisiones del pa\u00eds, que albergan a unos 20 mil internos. Ese plan incluye un \u201cdesarme real a trav\u00e9s de registros manuales y electr\u00f3nicos permanentes\u201d y \u201cel bloqueo total de la se\u00f1al telef\u00f3nica\u201d<strong> para evitar que los reos sigan delinquiendo desde las c\u00e1rceles<\/strong>, detall\u00f3 la agencia AFP.<\/p>\n\n\n\n<p>Castro nombr\u00f3 como interventora de las c\u00e1rceles a la viceministra de Seguridad, <strong>Julissa Villanueva<\/strong>, despu\u00e9s de que varios enfrentamientos registrados en cuatro c\u00e1rceles dejaran un muerto y siete heridos. <strong>Villanueva <\/strong>dijo que la matanza en la c\u00e1rcel de mujeres \u201ces <strong>un ataque contra el gobierno<\/strong>\u201d por \u201clas acciones emprendidas\u201d contra la delincuencia.<\/p>\n\n\n\n<p>AFP record\u00f3 que en diciembre pasado,<strong> Xiomara Castro<\/strong> declar\u00f3 un estado de excepci\u00f3n en el pa\u00eds para enfrentar a las pandillas, una medida similar a las impuestas por el gobierno de <strong>Nayib Bukele<\/strong> en El Salvador hace m\u00e1s de un a\u00f1o.<\/p>\n","protected":false},"excerpt":{"rendered":"<p>Desde el lunes 19 de junio ya se sab\u00eda que la situaci\u00f3n en laPenitenciaria Nacional Femenina de Adaptaci\u00f3n Social (PNFAS)de Honduras estaba a punto de estallar. Ese d\u00eda, las reclusas se enteraron de que al d\u00eda siguiente habr\u00eda una requisa. Perder\u00edan privilegios como televisores, microondas y la administraci\u00f3n de puntos de venta. Lo que pas\u00f3 [&hellip;]<\/p>\n","protected":false},"author":2,"featured_media":28858,"comment_status":"closed","ping_status":"closed","sticky":false,"template":"","format":"standard","meta":{"footnotes":""},"categories":[948],"tags":[],"class_list":{"0":"post-28856","1":"post","2":"type-post","3":"status-publish","4":"format-standard","5":"has-post-thumbnail","7":"category-internacional"},"yoast_head":"<!-- This site is optimized with the Yoast SEO plugin v27.4 - https:\/\/yoast.com\/product\/yoast-seo-wordpress\/ -->\n<title>25 minutos de horror: as\u00ed fue la matanza de 46 reclusas en Honduras - LA BRAVA RADIO<\/title>\n<meta name=\"robots\" content=\"index, follow, max-snippet:-1, max-image-preview:large, max-video-preview:-1\" \/>\n<link rel=\"canonical\" href=\"https:\/\/www.bbmnoticias.com\/labravaradiofm\/2023\/06\/26\/25-minutos-de-horror-asi-fue-la-matanza-de-46-reclusas-en-honduras\/\" \/>\n<meta property=\"og:locale\" content=\"es_MX\" \/>\n<meta property=\"og:type\" content=\"article\" \/>\n<meta property=\"og:title\" content=\"25 minutos de horror: as\u00ed fue la matanza de 46 reclusas en Honduras - LA BRAVA RADIO\" \/>\n<meta property=\"og:description\" content=\"Desde el lunes 19 de junio ya se sab\u00eda que la situaci\u00f3n en laPenitenciaria Nacional Femenina de Adaptaci\u00f3n Social (PNFAS)de Honduras estaba a punto de estallar. Ese d\u00eda, las reclusas se enteraron de que al d\u00eda siguiente habr\u00eda una requisa. Perder\u00edan privilegios como televisores, microondas y la administraci\u00f3n de puntos de venta. Lo que pas\u00f3 [&hellip;]\" \/>\n<meta property=\"og:url\" content=\"https:\/\/www.bbmnoticias.com\/labravaradiofm\/2023\/06\/26\/25-minutos-de-horror-asi-fue-la-matanza-de-46-reclusas-en-honduras\/\" \/>\n<meta property=\"og:site_name\" content=\"LA BRAVA RADIO\" \/>\n<meta property=\"article:published_time\" content=\"2023-06-26T18:32:39+00:00\" \/>\n<meta property=\"article:modified_time\" content=\"2023-06-26T18:32:40+00:00\" \/>\n<meta property=\"og:image\" content=\"https:\/\/www.bbmnoticias.com\/labravaradiofm\/wp-content\/uploads\/sites\/5\/2023\/06\/muertes_guatemala.jpg\" \/>\n\t<meta property=\"og:image:width\" content=\"800\" \/>\n\t<meta property=\"og:image:height\" content=\"484\" \/>\n\t<meta property=\"og:image:type\" content=\"image\/jpeg\" \/>\n<meta name=\"author\" content=\"Staff\" \/>\n<meta name=\"twitter:card\" content=\"summary_large_image\" \/>\n<meta name=\"twitter:label1\" content=\"Escrito por\" \/>\n\t<meta name=\"twitter:data1\" content=\"Staff\" \/>\n\t<meta name=\"twitter:label2\" content=\"Tiempo de lectura\" \/>\n\t<meta name=\"twitter:data2\" content=\"4 minutos\" \/>\n<script type=\"application\/ld+json\" class=\"yoast-schema-graph\">{\"@context\":\"https:\\\/\\\/schema.org\",\"@graph\":[{\"@type\":\"Article\",\"@id\":\"https:\\\/\\\/www.bbmnoticias.com\\\/labravaradiofm\\\/2023\\\/06\\\/26\\\/25-minutos-de-horror-asi-fue-la-matanza-de-46-reclusas-en-honduras\\\/#article\",\"isPartOf\":{\"@id\":\"https:\\\/\\\/www.bbmnoticias.com\\\/labravaradiofm\\\/2023\\\/06\\\/26\\\/25-minutos-de-horror-asi-fue-la-matanza-de-46-reclusas-en-honduras\\\/\"},\"author\":{\"name\":\"Staff\",\"@id\":\"https:\\\/\\\/www.bbmnoticias.com\\\/labravaradiofm\\\/#\\\/schema\\\/person\\\/34b139c617a70ea5bef5678bffe4dd7b\"},\"headline\":\"25 minutos de horror: as\u00ed fue la matanza de 46 reclusas en Honduras\",\"datePublished\":\"2023-06-26T18:32:39+00:00\",\"dateModified\":\"2023-06-26T18:32:40+00:00\",\"mainEntityOfPage\":{\"@id\":\"https:\\\/\\\/www.bbmnoticias.com\\\/labravaradiofm\\\/2023\\\/06\\\/26\\\/25-minutos-de-horror-asi-fue-la-matanza-de-46-reclusas-en-honduras\\\/\"},\"wordCount\":863,\"image\":{\"@id\":\"https:\\\/\\\/www.bbmnoticias.com\\\/labravaradiofm\\\/2023\\\/06\\\/26\\\/25-minutos-de-horror-asi-fue-la-matanza-de-46-reclusas-en-honduras\\\/#primaryimage\"},\"thumbnailUrl\":\"https:\\\/\\\/www.bbmnoticias.com\\\/labravaradiofm\\\/wp-content\\\/uploads\\\/sites\\\/5\\\/2023\\\/06\\\/muertes_guatemala.jpg\",\"articleSection\":[\"INTERNACIONAL\"],\"inLanguage\":\"es\"},{\"@type\":\"WebPage\",\"@id\":\"https:\\\/\\\/www.bbmnoticias.com\\\/labravaradiofm\\\/2023\\\/06\\\/26\\\/25-minutos-de-horror-asi-fue-la-matanza-de-46-reclusas-en-honduras\\\/\",\"url\":\"https:\\\/\\\/www.bbmnoticias.com\\\/labravaradiofm\\\/2023\\\/06\\\/26\\\/25-minutos-de-horror-asi-fue-la-matanza-de-46-reclusas-en-honduras\\\/\",\"name\":\"25 minutos de horror: as\u00ed fue la matanza de 46 reclusas en Honduras - LA BRAVA RADIO\",\"isPartOf\":{\"@id\":\"https:\\\/\\\/www.bbmnoticias.com\\\/labravaradiofm\\\/#website\"},\"primaryImageOfPage\":{\"@id\":\"https:\\\/\\\/www.bbmnoticias.com\\\/labravaradiofm\\\/2023\\\/06\\\/26\\\/25-minutos-de-horror-asi-fue-la-matanza-de-46-reclusas-en-honduras\\\/#primaryimage\"},\"image\":{\"@id\":\"https:\\\/\\\/www.bbmnoticias.com\\\/labravaradiofm\\\/2023\\\/06\\\/26\\\/25-minutos-de-horror-asi-fue-la-matanza-de-46-reclusas-en-honduras\\\/#primaryimage\"},\"thumbnailUrl\":\"https:\\\/\\\/www.bbmnoticias.com\\\/labravaradiofm\\\/wp-content\\\/uploads\\\/sites\\\/5\\\/2023\\\/06\\\/muertes_guatemala.jpg\",\"datePublished\":\"2023-06-26T18:32:39+00:00\",\"dateModified\":\"2023-06-26T18:32:40+00:00\",\"author\":{\"@id\":\"https:\\\/\\\/www.bbmnoticias.com\\\/labravaradiofm\\\/#\\\/schema\\\/person\\\/34b139c617a70ea5bef5678bffe4dd7b\"},\"breadcrumb\":{\"@id\":\"https:\\\/\\\/www.bbmnoticias.com\\\/labravaradiofm\\\/2023\\\/06\\\/26\\\/25-minutos-de-horror-asi-fue-la-matanza-de-46-reclusas-en-honduras\\\/#breadcrumb\"},\"inLanguage\":\"es\",\"potentialAction\":[{\"@type\":\"ReadAction\",\"target\":[\"https:\\\/\\\/www.bbmnoticias.com\\\/labravaradiofm\\\/2023\\\/06\\\/26\\\/25-minutos-de-horror-asi-fue-la-matanza-de-46-reclusas-en-honduras\\\/\"]}]},{\"@type\":\"ImageObject\",\"inLanguage\":\"es\",\"@id\":\"https:\\\/\\\/www.bbmnoticias.com\\\/labravaradiofm\\\/2023\\\/06\\\/26\\\/25-minutos-de-horror-asi-fue-la-matanza-de-46-reclusas-en-honduras\\\/#primaryimage\",\"url\":\"https:\\\/\\\/www.bbmnoticias.com\\\/labravaradiofm\\\/wp-content\\\/uploads\\\/sites\\\/5\\\/2023\\\/06\\\/muertes_guatemala.jpg\",\"contentUrl\":\"https:\\\/\\\/www.bbmnoticias.com\\\/labravaradiofm\\\/wp-content\\\/uploads\\\/sites\\\/5\\\/2023\\\/06\\\/muertes_guatemala.jpg\",\"width\":800,\"height\":484},{\"@type\":\"BreadcrumbList\",\"@id\":\"https:\\\/\\\/www.bbmnoticias.com\\\/labravaradiofm\\\/2023\\\/06\\\/26\\\/25-minutos-de-horror-asi-fue-la-matanza-de-46-reclusas-en-honduras\\\/#breadcrumb\",\"itemListElement\":[{\"@type\":\"ListItem\",\"position\":1,\"name\":\"Inicio\",\"item\":\"https:\\\/\\\/www.bbmnoticias.com\\\/labravaradiofm\\\/\"},{\"@type\":\"ListItem\",\"position\":2,\"name\":\"25 minutos de horror: as\u00ed fue la matanza de 46 reclusas en Honduras\"}]},{\"@type\":\"WebSite\",\"@id\":\"https:\\\/\\\/www.bbmnoticias.com\\\/labravaradiofm\\\/#website\",\"url\":\"https:\\\/\\\/www.bbmnoticias.com\\\/labravaradiofm\\\/\",\"name\":\"LA BRAVA RADIO\",\"description\":\"Empresa productora de medios, Radiodifusi\u00f3n, Noticias, tendencias y todo lo que necesitas saber de la pol\u00edtica mexicana e internacional; entretenimiento, espect\u00e1culos, salud y mucho m\u00e1s.\",\"potentialAction\":[{\"@type\":\"SearchAction\",\"target\":{\"@type\":\"EntryPoint\",\"urlTemplate\":\"https:\\\/\\\/www.bbmnoticias.com\\\/labravaradiofm\\\/?s={search_term_string}\"},\"query-input\":{\"@type\":\"PropertyValueSpecification\",\"valueRequired\":true,\"valueName\":\"search_term_string\"}}],\"inLanguage\":\"es\"},{\"@type\":\"Person\",\"@id\":\"https:\\\/\\\/www.bbmnoticias.com\\\/labravaradiofm\\\/#\\\/schema\\\/person\\\/34b139c617a70ea5bef5678bffe4dd7b\",\"name\":\"Staff\",\"image\":{\"@type\":\"ImageObject\",\"inLanguage\":\"es\",\"@id\":\"https:\\\/\\\/secure.gravatar.com\\\/avatar\\\/fdd21ad66fd8b98c407f9dee5b5e588cfe7f0d8579ec20fa6527cd59bab7f0f0?s=96&d=mm&r=g\",\"url\":\"https:\\\/\\\/secure.gravatar.com\\\/avatar\\\/fdd21ad66fd8b98c407f9dee5b5e588cfe7f0d8579ec20fa6527cd59bab7f0f0?s=96&d=mm&r=g\",\"contentUrl\":\"https:\\\/\\\/secure.gravatar.com\\\/avatar\\\/fdd21ad66fd8b98c407f9dee5b5e588cfe7f0d8579ec20fa6527cd59bab7f0f0?s=96&d=mm&r=g\",\"caption\":\"Staff\"},\"url\":\"https:\\\/\\\/www.bbmnoticias.com\\\/labravaradiofm\\\/author\\\/redaccion\\\/\"}]}<\/script>\n<!-- \/ Yoast SEO plugin. -->","yoast_head_json":{"title":"25 minutos de horror: as\u00ed fue la matanza de 46 reclusas en Honduras - LA BRAVA RADIO","robots":{"index":"index","follow":"follow","max-snippet":"max-snippet:-1","max-image-preview":"max-image-preview:large","max-video-preview":"max-video-preview:-1"},"canonical":"https:\/\/www.bbmnoticias.com\/labravaradiofm\/2023\/06\/26\/25-minutos-de-horror-asi-fue-la-matanza-de-46-reclusas-en-honduras\/","og_locale":"es_MX","og_type":"article","og_title":"25 minutos de horror: as\u00ed fue la matanza de 46 reclusas en Honduras - LA BRAVA RADIO","og_description":"Desde el lunes 19 de junio ya se sab\u00eda que la situaci\u00f3n en laPenitenciaria Nacional Femenina de Adaptaci\u00f3n Social (PNFAS)de Honduras estaba a punto de estallar. Ese d\u00eda, las reclusas se enteraron de que al d\u00eda siguiente habr\u00eda una requisa. Perder\u00edan privilegios como televisores, microondas y la administraci\u00f3n de puntos de venta. Lo que pas\u00f3 [&hellip;]","og_url":"https:\/\/www.bbmnoticias.com\/labravaradiofm\/2023\/06\/26\/25-minutos-de-horror-asi-fue-la-matanza-de-46-reclusas-en-honduras\/","og_site_name":"LA BRAVA RADIO","article_published_time":"2023-06-26T18:32:39+00:00","article_modified_time":"2023-06-26T18:32:40+00:00","og_image":[{"width":800,"height":484,"url":"https:\/\/www.bbmnoticias.com\/labravaradiofm\/wp-content\/uploads\/sites\/5\/2023\/06\/muertes_guatemala.jpg","type":"image\/jpeg"}],"author":"Staff","twitter_card":"summary_large_image","twitter_misc":{"Escrito por":"Staff","Tiempo de lectura":"4 minutos"},"schema":{"@context":"https:\/\/schema.org","@graph":[{"@type":"Article","@id":"https:\/\/www.bbmnoticias.com\/labravaradiofm\/2023\/06\/26\/25-minutos-de-horror-asi-fue-la-matanza-de-46-reclusas-en-honduras\/#article","isPartOf":{"@id":"https:\/\/www.bbmnoticias.com\/labravaradiofm\/2023\/06\/26\/25-minutos-de-horror-asi-fue-la-matanza-de-46-reclusas-en-honduras\/"},"author":{"name":"Staff","@id":"https:\/\/www.bbmnoticias.com\/labravaradiofm\/#\/schema\/person\/34b139c617a70ea5bef5678bffe4dd7b"},"headline":"25 minutos de horror: as\u00ed fue la matanza de 46 reclusas en Honduras","datePublished":"2023-06-26T18:32:39+00:00","dateModified":"2023-06-26T18:32:40+00:00","mainEntityOfPage":{"@id":"https:\/\/www.bbmnoticias.com\/labravaradiofm\/2023\/06\/26\/25-minutos-de-horror-asi-fue-la-matanza-de-46-reclusas-en-honduras\/"},"wordCount":863,"image":{"@id":"https:\/\/www.bbmnoticias.com\/labravaradiofm\/2023\/06\/26\/25-minutos-de-horror-asi-fue-la-matanza-de-46-reclusas-en-honduras\/#primaryimage"},"thumbnailUrl":"https:\/\/www.bbmnoticias.com\/labravaradiofm\/wp-content\/uploads\/sites\/5\/2023\/06\/muertes_guatemala.jpg","articleSection":["INTERNACIONAL"],"inLanguage":"es"},{"@type":"WebPage","@id":"https:\/\/www.bbmnoticias.com\/labravaradiofm\/2023\/06\/26\/25-minutos-de-horror-asi-fue-la-matanza-de-46-reclusas-en-honduras\/","url":"https:\/\/www.bbmnoticias.com\/labravaradiofm\/2023\/06\/26\/25-minutos-de-horror-asi-fue-la-matanza-de-46-reclusas-en-honduras\/","name":"25 minutos de horror: as\u00ed fue la matanza de 46 reclusas en Honduras - LA BRAVA RADIO","isPartOf":{"@id":"https:\/\/www.bbmnoticias.com\/labravaradiofm\/#website"},"primaryImageOfPage":{"@id":"https:\/\/www.bbmnoticias.com\/labravaradiofm\/2023\/06\/26\/25-minutos-de-horror-asi-fue-la-matanza-de-46-reclusas-en-honduras\/#primaryimage"},"image":{"@id":"https:\/\/www.bbmnoticias.com\/labravaradiofm\/2023\/06\/26\/25-minutos-de-horror-asi-fue-la-matanza-de-46-reclusas-en-honduras\/#primaryimage"},"thumbnailUrl":"https:\/\/www.bbmnoticias.com\/labravaradiofm\/wp-content\/uploads\/sites\/5\/2023\/06\/muertes_guatemala.jpg","datePublished":"2023-06-26T18:32:39+00:00","dateModified":"2023-06-26T18:32:40+00:00","author":{"@id":"https:\/\/www.bbmnoticias.com\/labravaradiofm\/#\/schema\/person\/34b139c617a70ea5bef5678bffe4dd7b"},"breadcrumb":{"@id":"https:\/\/www.bbmnoticias.com\/labravaradiofm\/2023\/06\/26\/25-minutos-de-horror-asi-fue-la-matanza-de-46-reclusas-en-honduras\/#breadcrumb"},"inLanguage":"es","potentialAction":[{"@type":"ReadAction","target":["https:\/\/www.bbmnoticias.com\/labravaradiofm\/2023\/06\/26\/25-minutos-de-horror-asi-fue-la-matanza-de-46-reclusas-en-honduras\/"]}]},{"@type":"ImageObject","inLanguage":"es","@id":"https:\/\/www.bbmnoticias.com\/labravaradiofm\/2023\/06\/26\/25-minutos-de-horror-asi-fue-la-matanza-de-46-reclusas-en-honduras\/#primaryimage","url":"https:\/\/www.bbmnoticias.com\/labravaradiofm\/wp-content\/uploads\/sites\/5\/2023\/06\/muertes_guatemala.jpg","contentUrl":"https:\/\/www.bbmnoticias.com\/labravaradiofm\/wp-content\/uploads\/sites\/5\/2023\/06\/muertes_guatemala.jpg","width":800,"height":484},{"@type":"BreadcrumbList","@id":"https:\/\/www.bbmnoticias.com\/labravaradiofm\/2023\/06\/26\/25-minutos-de-horror-asi-fue-la-matanza-de-46-reclusas-en-honduras\/#breadcrumb","itemListElement":[{"@type":"ListItem","position":1,"name":"Inicio","item":"https:\/\/www.bbmnoticias.com\/labravaradiofm\/"},{"@type":"ListItem","position":2,"name":"25 minutos de horror: as\u00ed fue la matanza de 46 reclusas en Honduras"}]},{"@type":"WebSite","@id":"https:\/\/www.bbmnoticias.com\/labravaradiofm\/#website","url":"https:\/\/www.bbmnoticias.com\/labravaradiofm\/","name":"LA BRAVA RADIO","description":"Empresa productora de medios, Radiodifusi\u00f3n, Noticias, tendencias y todo lo que necesitas saber de la pol\u00edtica mexicana e internacional; entretenimiento, espect\u00e1culos, salud y mucho m\u00e1s.","potentialAction":[{"@type":"SearchAction","target":{"@type":"EntryPoint","urlTemplate":"https:\/\/www.bbmnoticias.com\/labravaradiofm\/?s={search_term_string}"},"query-input":{"@type":"PropertyValueSpecification","valueRequired":true,"valueName":"search_term_string"}}],"inLanguage":"es"},{"@type":"Person","@id":"https:\/\/www.bbmnoticias.com\/labravaradiofm\/#\/schema\/person\/34b139c617a70ea5bef5678bffe4dd7b","name":"Staff","image":{"@type":"ImageObject","inLanguage":"es","@id":"https:\/\/secure.gravatar.com\/avatar\/fdd21ad66fd8b98c407f9dee5b5e588cfe7f0d8579ec20fa6527cd59bab7f0f0?s=96&d=mm&r=g","url":"https:\/\/secure.gravatar.com\/avatar\/fdd21ad66fd8b98c407f9dee5b5e588cfe7f0d8579ec20fa6527cd59bab7f0f0?s=96&d=mm&r=g","contentUrl":"https:\/\/secure.gravatar.com\/avatar\/fdd21ad66fd8b98c407f9dee5b5e588cfe7f0d8579ec20fa6527cd59bab7f0f0?s=96&d=mm&r=g","caption":"Staff"},"url":"https:\/\/www.bbmnoticias.com\/labravaradiofm\/author\/redaccion\/"}]}},"_links":{"self":[{"href":"https:\/\/www.bbmnoticias.com\/labravaradiofm\/wp-json\/wp\/v2\/posts\/28856","targetHints":{"allow":["GET"]}}],"collection":[{"href":"https:\/\/www.bbmnoticias.com\/labravaradiofm\/wp-json\/wp\/v2\/posts"}],"about":[{"href":"https:\/\/www.bbmnoticias.com\/labravaradiofm\/wp-json\/wp\/v2\/types\/post"}],"author":[{"embeddable":true,"href":"https:\/\/www.bbmnoticias.com\/labravaradiofm\/wp-json\/wp\/v2\/users\/2"}],"replies":[{"embeddable":true,"href":"https:\/\/www.bbmnoticias.com\/labravaradiofm\/wp-json\/wp\/v2\/comments?post=28856"}],"version-history":[{"count":0,"href":"https:\/\/www.bbmnoticias.com\/labravaradiofm\/wp-json\/wp\/v2\/posts\/28856\/revisions"}],"wp:featuredmedia":[{"embeddable":true,"href":"https:\/\/www.bbmnoticias.com\/labravaradiofm\/wp-json\/wp\/v2\/media\/28858"}],"wp:attachment":[{"href":"https:\/\/www.bbmnoticias.com\/labravaradiofm\/wp-json\/wp\/v2\/media?parent=28856"}],"wp:term":[{"taxonomy":"category","embeddable":true,"href":"https:\/\/www.bbmnoticias.com\/labravaradiofm\/wp-json\/wp\/v2\/categories?post=28856"},{"taxonomy":"post_tag","embeddable":true,"href":"https:\/\/www.bbmnoticias.com\/labravaradiofm\/wp-json\/wp\/v2\/tags?post=28856"}],"curies":[{"name":"wp","href":"https:\/\/api.w.org\/{rel}","templated":true}]}}