{"id":28850,"date":"2023-06-26T09:15:57","date_gmt":"2023-06-26T15:15:57","guid":{"rendered":"https:\/\/www.bbmnoticias.com\/labravaradiofm\/?p=28850"},"modified":"2023-06-26T09:15:58","modified_gmt":"2023-06-26T15:15:58","slug":"ciclon-adrian-en-mexico-estados-afectados-lluvias-y-cuanto-durara","status":"publish","type":"post","link":"https:\/\/www.bbmnoticias.com\/labravaradiofm\/2023\/06\/26\/ciclon-adrian-en-mexico-estados-afectados-lluvias-y-cuanto-durara\/","title":{"rendered":"Cicl\u00f3n Adri\u00e1n en M\u00e9xico: estados afectados, lluvias y cu\u00e1nto durar\u00e1"},"content":{"rendered":"<div style=\"margin-top: 0px; margin-bottom: 0px;\" class=\"sharethis-inline-share-buttons\" ><\/div>\n<p>Las<strong> lluvias y tormentas<\/strong> volver\u00e1n al territorio mexicano tras varias semanas de <strong>intenso calor<\/strong>; de acuerdo con el Servicio Meteorol\u00f3gico Nacional (<strong>SMN<\/strong>) el <strong>cicl\u00f3n Adri\u00e1n ser\u00e1 el primer fen\u00f3meno que entre al pa\u00eds<\/strong> y provoqu\u00e9 precipitaciones en m\u00faltiples estados oeste y noroeste, asimismo, se espera que se desarrolle en el <strong>Oc\u00e9ano Pac\u00edfico<\/strong>.<\/p>\n\n\n\n<h3 class=\"wp-block-heading\"><strong>\u00bfCu\u00e1ndo llegar\u00e1 a M\u00e9xico el cicl\u00f3n Adri\u00e1n?<\/strong><\/h3>\n\n\n\n<p>El m\u00e1s reciente pron\u00f3stico de las <strong>autoridades meteorol\u00f3gicas<\/strong> se\u00f1ala que hay un <strong>20% de probabilidad <\/strong>para que en las pr\u00f3ximas 48 horas se forme un cicl\u00f3n, sin embargo, se estima que su formaci\u00f3n s\u00ed se haga y llegue dentro de los<strong> pr\u00f3ximos siete d\u00edas<\/strong>. Su formaci\u00f3n estar\u00eda entrando al pa\u00eds por el sur y afectar\u00e1 primero a las costas de Oaxaca y Chiapas, despu\u00e9s se estar\u00eda desplazando por Guerrero y en direcci\u00f3n al oeste-noreste del pa\u00eds.<\/p>\n\n\n\n<p><strong>\u00a1Importante!<\/strong> Hasta el momento no se ha confirmado la fecha exacta en que llegar\u00e1 y hasta entonces persistir\u00e1 la ola de calor.<\/p>\n\n\n\n<figure class=\"wp-block-embed is-type-rich is-provider-twitter wp-block-embed-twitter\"><div class=\"wp-block-embed__wrapper\">\n<blockquote class=\"twitter-tweet\" data-width=\"550\" data-dnt=\"true\"><p lang=\"es\" dir=\"ltr\">Contin\u00faa la vigilancia de la zona de <a href=\"https:\/\/twitter.com\/hashtag\/BajaPresi%C3%B3n?src=hash&amp;ref_src=twsrc%5Etfw\">#BajaPresi\u00f3n<\/a> al sur de las costas de <a href=\"https:\/\/twitter.com\/hashtag\/Guerrero?src=hash&amp;ref_src=twsrc%5Etfw\">#Guerrero<\/a>. Disminuye a 20% de probabilidad de desarrollo cicl\u00f3nico en 48 horas.   Adem\u00e1s, se prev\u00e9 la formaci\u00f3n de otra zona de baja presi\u00f3n al sur de las costas de <a href=\"https:\/\/twitter.com\/hashtag\/Oaxaca?src=hash&amp;ref_src=twsrc%5Etfw\">#Oaxaca<\/a> y <a href=\"https:\/\/twitter.com\/hashtag\/Chiapas?src=hash&amp;ref_src=twsrc%5Etfw\">#Chiapas<\/a> en los siguientes 7\u2026 <a href=\"https:\/\/t.co\/AoB9fe339b\">pic.twitter.com\/AoB9fe339b<\/a><\/p>&mdash; CONAGUA Clima (@conagua_clima) <a href=\"https:\/\/twitter.com\/conagua_clima\/status\/1672942230875820033?ref_src=twsrc%5Etfw\">June 25, 2023<\/a><\/blockquote><script async src=\"https:\/\/platform.twitter.com\/widgets.js\" charset=\"utf-8\"><\/script>\n<\/div><\/figure>\n\n\n\n<h3 class=\"wp-block-heading\"><strong>Estados afectados por la llegada del cicl\u00f3n Adri\u00e1n<\/strong><\/h3>\n\n\n\n<ul class=\"wp-block-list\">\n<li><strong>Lluvias muy fuertes:<\/strong> Chiapas, Oxaca y Guerrero.<\/li>\n\n\n\n<li><strong>Chubascos: <\/strong>Chihuahua, Coahuila, Durango, Jalisco, Michoac\u00e1n y Veracruz.<\/li>\n\n\n\n<li><strong>Lluvias aisladas:<\/strong> Campeche, Colima, Estado de M\u00e9xico, Quintana Roo y Tabasco.<\/li>\n<\/ul>\n\n\n\n<h3 class=\"wp-block-heading\"><strong>\u00bfCu\u00e1ntos ciclones se esperan en M\u00e9xico?<\/strong><\/h3>\n\n\n\n<p>A inicios del 2023, las autoridades meteorol\u00f3gicas dieron una conferencia de prensa en la que explicaron las previsiones que ten\u00edan respecto a <strong>ciclones, huracanes y lluvias<\/strong> a desarrollarse en M\u00e9xico y confirmaron que habr\u00e1 <strong>dos depresiones tropicales<\/strong>,<strong> 10 tormentas tropicales<\/strong>, <strong>seis huracanes fuertes de categor\u00eda 1 y 2,<\/strong> as\u00ed como <strong>tres huracanes<\/strong> intensos de categor\u00eda 3, 4 y 5. Asimismo, revelaron los nombres de cada fen\u00f3meno meteorol\u00f3gico:<\/p>\n\n\n\n<ul class=\"wp-block-list\">\n<li><strong>Adrian<\/strong><\/li>\n\n\n\n<li>Max<\/li>\n\n\n\n<li>Beatriz<\/li>\n\n\n\n<li>Norma<\/li>\n\n\n\n<li>Calvin<\/li>\n\n\n\n<li>Otis<\/li>\n\n\n\n<li>Dora<\/li>\n\n\n\n<li>Pilar<\/li>\n\n\n\n<li>Eugene<\/li>\n\n\n\n<li>Ramon<\/li>\n\n\n\n<li>Fernanda<\/li>\n\n\n\n<li>Selma<\/li>\n\n\n\n<li>Greg<\/li>\n\n\n\n<li>Todd<\/li>\n\n\n\n<li>Hilary<\/li>\n\n\n\n<li>Veronica<\/li>\n\n\n\n<li>Irwin<\/li>\n\n\n\n<li>Wiley<\/li>\n\n\n\n<li>Jova<\/li>\n\n\n\n<li>Xina<\/li>\n\n\n\n<li>Kenneth<\/li>\n\n\n\n<li>York<\/li>\n\n\n\n<li>Lidia<\/li>\n\n\n\n<li>Zelda<\/li>\n<\/ul>\n","protected":false},"excerpt":{"rendered":"<p>Las lluvias y tormentas volver\u00e1n al territorio mexicano tras varias semanas de intenso calor; de acuerdo con el Servicio Meteorol\u00f3gico Nacional (SMN) el cicl\u00f3n Adri\u00e1n ser\u00e1 el primer fen\u00f3meno que entre al pa\u00eds y provoqu\u00e9 precipitaciones en m\u00faltiples estados oeste y noroeste, asimismo, se espera que se desarrolle en el Oc\u00e9ano Pac\u00edfico. \u00bfCu\u00e1ndo llegar\u00e1 a [&hellip;]<\/p>\n","protected":false},"author":4,"featured_media":28851,"comment_status":"closed","ping_status":"closed","sticky":false,"template":"","format":"standard","meta":{"footnotes":""},"categories":[19],"tags":[],"class_list":{"0":"post-28850","1":"post","2":"type-post","3":"status-publish","4":"format-standard","5":"has-post-thumbnail","7":"category-nacional"},"yoast_head":"<!-- This site is optimized with the Yoast SEO plugin v27.4 - https:\/\/yoast.com\/product\/yoast-seo-wordpress\/ -->\n<title>Cicl\u00f3n Adri\u00e1n en M\u00e9xico: estados afectados, lluvias y cu\u00e1nto durar\u00e1 - LA BRAVA RADIO<\/title>\n<meta name=\"robots\" content=\"index, follow, max-snippet:-1, max-image-preview:large, max-video-preview:-1\" \/>\n<link rel=\"canonical\" href=\"https:\/\/www.bbmnoticias.com\/labravaradiofm\/2023\/06\/26\/ciclon-adrian-en-mexico-estados-afectados-lluvias-y-cuanto-durara\/\" \/>\n<meta property=\"og:locale\" content=\"es_MX\" \/>\n<meta property=\"og:type\" content=\"article\" \/>\n<meta property=\"og:title\" content=\"Cicl\u00f3n Adri\u00e1n en M\u00e9xico: estados afectados, lluvias y cu\u00e1nto durar\u00e1 - LA BRAVA RADIO\" \/>\n<meta property=\"og:description\" content=\"Las lluvias y tormentas volver\u00e1n al territorio mexicano tras varias semanas de intenso calor; de acuerdo con el Servicio Meteorol\u00f3gico Nacional (SMN) el cicl\u00f3n Adri\u00e1n ser\u00e1 el primer fen\u00f3meno que entre al pa\u00eds y provoqu\u00e9 precipitaciones en m\u00faltiples estados oeste y noroeste, asimismo, se espera que se desarrolle en el Oc\u00e9ano Pac\u00edfico. \u00bfCu\u00e1ndo llegar\u00e1 a [&hellip;]\" \/>\n<meta property=\"og:url\" content=\"https:\/\/www.bbmnoticias.com\/labravaradiofm\/2023\/06\/26\/ciclon-adrian-en-mexico-estados-afectados-lluvias-y-cuanto-durara\/\" \/>\n<meta property=\"og:site_name\" content=\"LA BRAVA RADIO\" \/>\n<meta property=\"article:published_time\" content=\"2023-06-26T15:15:57+00:00\" \/>\n<meta property=\"article:modified_time\" content=\"2023-06-26T15:15:58+00:00\" \/>\n<meta property=\"og:image\" content=\"https:\/\/www.bbmnoticias.com\/labravaradiofm\/wp-content\/uploads\/sites\/5\/2023\/06\/huracan_oax.jpg\" \/>\n\t<meta property=\"og:image:width\" content=\"768\" \/>\n\t<meta property=\"og:image:height\" content=\"432\" \/>\n\t<meta property=\"og:image:type\" content=\"image\/jpeg\" \/>\n<meta name=\"author\" content=\"Agencias\" \/>\n<meta name=\"twitter:card\" content=\"summary_large_image\" \/>\n<meta name=\"twitter:label1\" content=\"Escrito por\" \/>\n\t<meta name=\"twitter:data1\" content=\"Agencias\" \/>\n\t<meta name=\"twitter:label2\" content=\"Tiempo de lectura\" \/>\n\t<meta name=\"twitter:data2\" content=\"2 minutos\" \/>\n<script type=\"application\/ld+json\" class=\"yoast-schema-graph\">{\"@context\":\"https:\\\/\\\/schema.org\",\"@graph\":[{\"@type\":\"Article\",\"@id\":\"https:\\\/\\\/www.bbmnoticias.com\\\/labravaradiofm\\\/2023\\\/06\\\/26\\\/ciclon-adrian-en-mexico-estados-afectados-lluvias-y-cuanto-durara\\\/#article\",\"isPartOf\":{\"@id\":\"https:\\\/\\\/www.bbmnoticias.com\\\/labravaradiofm\\\/2023\\\/06\\\/26\\\/ciclon-adrian-en-mexico-estados-afectados-lluvias-y-cuanto-durara\\\/\"},\"author\":{\"name\":\"Agencias\",\"@id\":\"https:\\\/\\\/www.bbmnoticias.com\\\/labravaradiofm\\\/#\\\/schema\\\/person\\\/857a3daf5c8142f29919023f377fbfad\"},\"headline\":\"Cicl\u00f3n Adri\u00e1n en M\u00e9xico: estados afectados, lluvias y cu\u00e1nto durar\u00e1\",\"datePublished\":\"2023-06-26T15:15:57+00:00\",\"dateModified\":\"2023-06-26T15:15:58+00:00\",\"mainEntityOfPage\":{\"@id\":\"https:\\\/\\\/www.bbmnoticias.com\\\/labravaradiofm\\\/2023\\\/06\\\/26\\\/ciclon-adrian-en-mexico-estados-afectados-lluvias-y-cuanto-durara\\\/\"},\"wordCount\":341,\"image\":{\"@id\":\"https:\\\/\\\/www.bbmnoticias.com\\\/labravaradiofm\\\/2023\\\/06\\\/26\\\/ciclon-adrian-en-mexico-estados-afectados-lluvias-y-cuanto-durara\\\/#primaryimage\"},\"thumbnailUrl\":\"https:\\\/\\\/www.bbmnoticias.com\\\/labravaradiofm\\\/wp-content\\\/uploads\\\/sites\\\/5\\\/2023\\\/06\\\/huracan_oax.jpg\",\"articleSection\":[\"NACIONAL\"],\"inLanguage\":\"es\"},{\"@type\":\"WebPage\",\"@id\":\"https:\\\/\\\/www.bbmnoticias.com\\\/labravaradiofm\\\/2023\\\/06\\\/26\\\/ciclon-adrian-en-mexico-estados-afectados-lluvias-y-cuanto-durara\\\/\",\"url\":\"https:\\\/\\\/www.bbmnoticias.com\\\/labravaradiofm\\\/2023\\\/06\\\/26\\\/ciclon-adrian-en-mexico-estados-afectados-lluvias-y-cuanto-durara\\\/\",\"name\":\"Cicl\u00f3n Adri\u00e1n en M\u00e9xico: estados afectados, lluvias y cu\u00e1nto durar\u00e1 - LA BRAVA RADIO\",\"isPartOf\":{\"@id\":\"https:\\\/\\\/www.bbmnoticias.com\\\/labravaradiofm\\\/#website\"},\"primaryImageOfPage\":{\"@id\":\"https:\\\/\\\/www.bbmnoticias.com\\\/labravaradiofm\\\/2023\\\/06\\\/26\\\/ciclon-adrian-en-mexico-estados-afectados-lluvias-y-cuanto-durara\\\/#primaryimage\"},\"image\":{\"@id\":\"https:\\\/\\\/www.bbmnoticias.com\\\/labravaradiofm\\\/2023\\\/06\\\/26\\\/ciclon-adrian-en-mexico-estados-afectados-lluvias-y-cuanto-durara\\\/#primaryimage\"},\"thumbnailUrl\":\"https:\\\/\\\/www.bbmnoticias.com\\\/labravaradiofm\\\/wp-content\\\/uploads\\\/sites\\\/5\\\/2023\\\/06\\\/huracan_oax.jpg\",\"datePublished\":\"2023-06-26T15:15:57+00:00\",\"dateModified\":\"2023-06-26T15:15:58+00:00\",\"author\":{\"@id\":\"https:\\\/\\\/www.bbmnoticias.com\\\/labravaradiofm\\\/#\\\/schema\\\/person\\\/857a3daf5c8142f29919023f377fbfad\"},\"breadcrumb\":{\"@id\":\"https:\\\/\\\/www.bbmnoticias.com\\\/labravaradiofm\\\/2023\\\/06\\\/26\\\/ciclon-adrian-en-mexico-estados-afectados-lluvias-y-cuanto-durara\\\/#breadcrumb\"},\"inLanguage\":\"es\",\"potentialAction\":[{\"@type\":\"ReadAction\",\"target\":[\"https:\\\/\\\/www.bbmnoticias.com\\\/labravaradiofm\\\/2023\\\/06\\\/26\\\/ciclon-adrian-en-mexico-estados-afectados-lluvias-y-cuanto-durara\\\/\"]}]},{\"@type\":\"ImageObject\",\"inLanguage\":\"es\",\"@id\":\"https:\\\/\\\/www.bbmnoticias.com\\\/labravaradiofm\\\/2023\\\/06\\\/26\\\/ciclon-adrian-en-mexico-estados-afectados-lluvias-y-cuanto-durara\\\/#primaryimage\",\"url\":\"https:\\\/\\\/www.bbmnoticias.com\\\/labravaradiofm\\\/wp-content\\\/uploads\\\/sites\\\/5\\\/2023\\\/06\\\/huracan_oax.jpg\",\"contentUrl\":\"https:\\\/\\\/www.bbmnoticias.com\\\/labravaradiofm\\\/wp-content\\\/uploads\\\/sites\\\/5\\\/2023\\\/06\\\/huracan_oax.jpg\",\"width\":768,\"height\":432},{\"@type\":\"BreadcrumbList\",\"@id\":\"https:\\\/\\\/www.bbmnoticias.com\\\/labravaradiofm\\\/2023\\\/06\\\/26\\\/ciclon-adrian-en-mexico-estados-afectados-lluvias-y-cuanto-durara\\\/#breadcrumb\",\"itemListElement\":[{\"@type\":\"ListItem\",\"position\":1,\"name\":\"Inicio\",\"item\":\"https:\\\/\\\/www.bbmnoticias.com\\\/labravaradiofm\\\/\"},{\"@type\":\"ListItem\",\"position\":2,\"name\":\"Cicl\u00f3n Adri\u00e1n en M\u00e9xico: estados afectados, lluvias y cu\u00e1nto durar\u00e1\"}]},{\"@type\":\"WebSite\",\"@id\":\"https:\\\/\\\/www.bbmnoticias.com\\\/labravaradiofm\\\/#website\",\"url\":\"https:\\\/\\\/www.bbmnoticias.com\\\/labravaradiofm\\\/\",\"name\":\"LA BRAVA RADIO\",\"description\":\"Empresa productora de medios, Radiodifusi\u00f3n, Noticias, tendencias y todo lo que necesitas saber de la pol\u00edtica mexicana e internacional; entretenimiento, espect\u00e1culos, salud y mucho m\u00e1s.\",\"potentialAction\":[{\"@type\":\"SearchAction\",\"target\":{\"@type\":\"EntryPoint\",\"urlTemplate\":\"https:\\\/\\\/www.bbmnoticias.com\\\/labravaradiofm\\\/?s={search_term_string}\"},\"query-input\":{\"@type\":\"PropertyValueSpecification\",\"valueRequired\":true,\"valueName\":\"search_term_string\"}}],\"inLanguage\":\"es\"},{\"@type\":\"Person\",\"@id\":\"https:\\\/\\\/www.bbmnoticias.com\\\/labravaradiofm\\\/#\\\/schema\\\/person\\\/857a3daf5c8142f29919023f377fbfad\",\"name\":\"Agencias\",\"image\":{\"@type\":\"ImageObject\",\"inLanguage\":\"es\",\"@id\":\"https:\\\/\\\/secure.gravatar.com\\\/avatar\\\/739e0b61adf9e398b425c36718c8752286da0e8cd90f20ce9a86678abc26aa0d?s=96&d=mm&r=g\",\"url\":\"https:\\\/\\\/secure.gravatar.com\\\/avatar\\\/739e0b61adf9e398b425c36718c8752286da0e8cd90f20ce9a86678abc26aa0d?s=96&d=mm&r=g\",\"contentUrl\":\"https:\\\/\\\/secure.gravatar.com\\\/avatar\\\/739e0b61adf9e398b425c36718c8752286da0e8cd90f20ce9a86678abc26aa0d?s=96&d=mm&r=g\",\"caption\":\"Agencias\"},\"url\":\"https:\\\/\\\/www.bbmnoticias.com\\\/labravaradiofm\\\/author\\\/agencias\\\/\"}]}<\/script>\n<!-- \/ Yoast SEO plugin. -->","yoast_head_json":{"title":"Cicl\u00f3n Adri\u00e1n en M\u00e9xico: estados afectados, lluvias y cu\u00e1nto durar\u00e1 - LA BRAVA RADIO","robots":{"index":"index","follow":"follow","max-snippet":"max-snippet:-1","max-image-preview":"max-image-preview:large","max-video-preview":"max-video-preview:-1"},"canonical":"https:\/\/www.bbmnoticias.com\/labravaradiofm\/2023\/06\/26\/ciclon-adrian-en-mexico-estados-afectados-lluvias-y-cuanto-durara\/","og_locale":"es_MX","og_type":"article","og_title":"Cicl\u00f3n Adri\u00e1n en M\u00e9xico: estados afectados, lluvias y cu\u00e1nto durar\u00e1 - LA BRAVA RADIO","og_description":"Las lluvias y tormentas volver\u00e1n al territorio mexicano tras varias semanas de intenso calor; de acuerdo con el Servicio Meteorol\u00f3gico Nacional (SMN) el cicl\u00f3n Adri\u00e1n ser\u00e1 el primer fen\u00f3meno que entre al pa\u00eds y provoqu\u00e9 precipitaciones en m\u00faltiples estados oeste y noroeste, asimismo, se espera que se desarrolle en el Oc\u00e9ano Pac\u00edfico. \u00bfCu\u00e1ndo llegar\u00e1 a [&hellip;]","og_url":"https:\/\/www.bbmnoticias.com\/labravaradiofm\/2023\/06\/26\/ciclon-adrian-en-mexico-estados-afectados-lluvias-y-cuanto-durara\/","og_site_name":"LA BRAVA RADIO","article_published_time":"2023-06-26T15:15:57+00:00","article_modified_time":"2023-06-26T15:15:58+00:00","og_image":[{"width":768,"height":432,"url":"https:\/\/www.bbmnoticias.com\/labravaradiofm\/wp-content\/uploads\/sites\/5\/2023\/06\/huracan_oax.jpg","type":"image\/jpeg"}],"author":"Agencias","twitter_card":"summary_large_image","twitter_misc":{"Escrito por":"Agencias","Tiempo de lectura":"2 minutos"},"schema":{"@context":"https:\/\/schema.org","@graph":[{"@type":"Article","@id":"https:\/\/www.bbmnoticias.com\/labravaradiofm\/2023\/06\/26\/ciclon-adrian-en-mexico-estados-afectados-lluvias-y-cuanto-durara\/#article","isPartOf":{"@id":"https:\/\/www.bbmnoticias.com\/labravaradiofm\/2023\/06\/26\/ciclon-adrian-en-mexico-estados-afectados-lluvias-y-cuanto-durara\/"},"author":{"name":"Agencias","@id":"https:\/\/www.bbmnoticias.com\/labravaradiofm\/#\/schema\/person\/857a3daf5c8142f29919023f377fbfad"},"headline":"Cicl\u00f3n Adri\u00e1n en M\u00e9xico: estados afectados, lluvias y cu\u00e1nto durar\u00e1","datePublished":"2023-06-26T15:15:57+00:00","dateModified":"2023-06-26T15:15:58+00:00","mainEntityOfPage":{"@id":"https:\/\/www.bbmnoticias.com\/labravaradiofm\/2023\/06\/26\/ciclon-adrian-en-mexico-estados-afectados-lluvias-y-cuanto-durara\/"},"wordCount":341,"image":{"@id":"https:\/\/www.bbmnoticias.com\/labravaradiofm\/2023\/06\/26\/ciclon-adrian-en-mexico-estados-afectados-lluvias-y-cuanto-durara\/#primaryimage"},"thumbnailUrl":"https:\/\/www.bbmnoticias.com\/labravaradiofm\/wp-content\/uploads\/sites\/5\/2023\/06\/huracan_oax.jpg","articleSection":["NACIONAL"],"inLanguage":"es"},{"@type":"WebPage","@id":"https:\/\/www.bbmnoticias.com\/labravaradiofm\/2023\/06\/26\/ciclon-adrian-en-mexico-estados-afectados-lluvias-y-cuanto-durara\/","url":"https:\/\/www.bbmnoticias.com\/labravaradiofm\/2023\/06\/26\/ciclon-adrian-en-mexico-estados-afectados-lluvias-y-cuanto-durara\/","name":"Cicl\u00f3n Adri\u00e1n en M\u00e9xico: estados afectados, lluvias y cu\u00e1nto durar\u00e1 - LA BRAVA RADIO","isPartOf":{"@id":"https:\/\/www.bbmnoticias.com\/labravaradiofm\/#website"},"primaryImageOfPage":{"@id":"https:\/\/www.bbmnoticias.com\/labravaradiofm\/2023\/06\/26\/ciclon-adrian-en-mexico-estados-afectados-lluvias-y-cuanto-durara\/#primaryimage"},"image":{"@id":"https:\/\/www.bbmnoticias.com\/labravaradiofm\/2023\/06\/26\/ciclon-adrian-en-mexico-estados-afectados-lluvias-y-cuanto-durara\/#primaryimage"},"thumbnailUrl":"https:\/\/www.bbmnoticias.com\/labravaradiofm\/wp-content\/uploads\/sites\/5\/2023\/06\/huracan_oax.jpg","datePublished":"2023-06-26T15:15:57+00:00","dateModified":"2023-06-26T15:15:58+00:00","author":{"@id":"https:\/\/www.bbmnoticias.com\/labravaradiofm\/#\/schema\/person\/857a3daf5c8142f29919023f377fbfad"},"breadcrumb":{"@id":"https:\/\/www.bbmnoticias.com\/labravaradiofm\/2023\/06\/26\/ciclon-adrian-en-mexico-estados-afectados-lluvias-y-cuanto-durara\/#breadcrumb"},"inLanguage":"es","potentialAction":[{"@type":"ReadAction","target":["https:\/\/www.bbmnoticias.com\/labravaradiofm\/2023\/06\/26\/ciclon-adrian-en-mexico-estados-afectados-lluvias-y-cuanto-durara\/"]}]},{"@type":"ImageObject","inLanguage":"es","@id":"https:\/\/www.bbmnoticias.com\/labravaradiofm\/2023\/06\/26\/ciclon-adrian-en-mexico-estados-afectados-lluvias-y-cuanto-durara\/#primaryimage","url":"https:\/\/www.bbmnoticias.com\/labravaradiofm\/wp-content\/uploads\/sites\/5\/2023\/06\/huracan_oax.jpg","contentUrl":"https:\/\/www.bbmnoticias.com\/labravaradiofm\/wp-content\/uploads\/sites\/5\/2023\/06\/huracan_oax.jpg","width":768,"height":432},{"@type":"BreadcrumbList","@id":"https:\/\/www.bbmnoticias.com\/labravaradiofm\/2023\/06\/26\/ciclon-adrian-en-mexico-estados-afectados-lluvias-y-cuanto-durara\/#breadcrumb","itemListElement":[{"@type":"ListItem","position":1,"name":"Inicio","item":"https:\/\/www.bbmnoticias.com\/labravaradiofm\/"},{"@type":"ListItem","position":2,"name":"Cicl\u00f3n Adri\u00e1n en M\u00e9xico: estados afectados, lluvias y cu\u00e1nto durar\u00e1"}]},{"@type":"WebSite","@id":"https:\/\/www.bbmnoticias.com\/labravaradiofm\/#website","url":"https:\/\/www.bbmnoticias.com\/labravaradiofm\/","name":"LA BRAVA RADIO","description":"Empresa productora de medios, Radiodifusi\u00f3n, Noticias, tendencias y todo lo que necesitas saber de la pol\u00edtica mexicana e internacional; entretenimiento, espect\u00e1culos, salud y mucho m\u00e1s.","potentialAction":[{"@type":"SearchAction","target":{"@type":"EntryPoint","urlTemplate":"https:\/\/www.bbmnoticias.com\/labravaradiofm\/?s={search_term_string}"},"query-input":{"@type":"PropertyValueSpecification","valueRequired":true,"valueName":"search_term_string"}}],"inLanguage":"es"},{"@type":"Person","@id":"https:\/\/www.bbmnoticias.com\/labravaradiofm\/#\/schema\/person\/857a3daf5c8142f29919023f377fbfad","name":"Agencias","image":{"@type":"ImageObject","inLanguage":"es","@id":"https:\/\/secure.gravatar.com\/avatar\/739e0b61adf9e398b425c36718c8752286da0e8cd90f20ce9a86678abc26aa0d?s=96&d=mm&r=g","url":"https:\/\/secure.gravatar.com\/avatar\/739e0b61adf9e398b425c36718c8752286da0e8cd90f20ce9a86678abc26aa0d?s=96&d=mm&r=g","contentUrl":"https:\/\/secure.gravatar.com\/avatar\/739e0b61adf9e398b425c36718c8752286da0e8cd90f20ce9a86678abc26aa0d?s=96&d=mm&r=g","caption":"Agencias"},"url":"https:\/\/www.bbmnoticias.com\/labravaradiofm\/author\/agencias\/"}]}},"_links":{"self":[{"href":"https:\/\/www.bbmnoticias.com\/labravaradiofm\/wp-json\/wp\/v2\/posts\/28850","targetHints":{"allow":["GET"]}}],"collection":[{"href":"https:\/\/www.bbmnoticias.com\/labravaradiofm\/wp-json\/wp\/v2\/posts"}],"about":[{"href":"https:\/\/www.bbmnoticias.com\/labravaradiofm\/wp-json\/wp\/v2\/types\/post"}],"author":[{"embeddable":true,"href":"https:\/\/www.bbmnoticias.com\/labravaradiofm\/wp-json\/wp\/v2\/users\/4"}],"replies":[{"embeddable":true,"href":"https:\/\/www.bbmnoticias.com\/labravaradiofm\/wp-json\/wp\/v2\/comments?post=28850"}],"version-history":[{"count":0,"href":"https:\/\/www.bbmnoticias.com\/labravaradiofm\/wp-json\/wp\/v2\/posts\/28850\/revisions"}],"wp:featuredmedia":[{"embeddable":true,"href":"https:\/\/www.bbmnoticias.com\/labravaradiofm\/wp-json\/wp\/v2\/media\/28851"}],"wp:attachment":[{"href":"https:\/\/www.bbmnoticias.com\/labravaradiofm\/wp-json\/wp\/v2\/media?parent=28850"}],"wp:term":[{"taxonomy":"category","embeddable":true,"href":"https:\/\/www.bbmnoticias.com\/labravaradiofm\/wp-json\/wp\/v2\/categories?post=28850"},{"taxonomy":"post_tag","embeddable":true,"href":"https:\/\/www.bbmnoticias.com\/labravaradiofm\/wp-json\/wp\/v2\/tags?post=28850"}],"curies":[{"name":"wp","href":"https:\/\/api.w.org\/{rel}","templated":true}]}}