{"id":28846,"date":"2023-06-26T08:43:18","date_gmt":"2023-06-26T14:43:18","guid":{"rendered":"https:\/\/www.bbmnoticias.com\/labravaradiofm\/?p=28846"},"modified":"2023-06-26T08:43:19","modified_gmt":"2023-06-26T14:43:19","slug":"realizaran-feria-del-empleo-turistica-oaxaca-2023-ofertan-400-empleos-por-las-fiestas-de-la-guelaguetza","status":"publish","type":"post","link":"https:\/\/www.bbmnoticias.com\/labravaradiofm\/2023\/06\/26\/realizaran-feria-del-empleo-turistica-oaxaca-2023-ofertan-400-empleos-por-las-fiestas-de-la-guelaguetza\/","title":{"rendered":"Realizar\u00e1n Feria del Empleo Tur\u00edstica Oaxaca 2023; ofertan 400 empleos por las fiestas de la Guelaguetza"},"content":{"rendered":"<div style=\"margin-top: 0px; margin-bottom: 0px;\" class=\"sharethis-inline-share-buttons\" ><\/div>\n<ul class=\"wp-block-list\">\n<li><em>En la Feria que se instalar\u00e1 en el Andador Tur\u00edstico de la ciudad de Oaxaca, 50 empresas participar\u00e1n para ofertar puestos de trabajo<\/em><\/li>\n<\/ul>\n\n\n\n<p><strong>Oaxaca de Ju\u00e1rez, Oax<\/strong>.- Oaxaca se posiciona como un importante destino tur\u00edstico, y por la celebraci\u00f3n de Julio, mes de la Guelaguetza se generar\u00e1n diversos empleos. Para fomentar la contrataci\u00f3n de personal y contribuir al crecimiento y el desarrollo econ\u00f3mico del sector turismo se realizar\u00e1 la Feria del Empleo Tur\u00edstica Oaxaca 2023.<\/p>\n\n\n\n<p>El Coordinador del Servicio Nacional de Empleo Oaxaca (SNEO) Genaro Esa\u00fa Hern\u00e1ndez Jim\u00e9nez inform\u00f3 que este mi\u00e9rcoles 28 de junio de 9:00 a 16:00 horas se llevar\u00e1 a cabo esta feria en la que se ofertar\u00e1n 400 empleos.<\/p>\n\n\n\n<p>La Feria del Empleo Tur\u00edstica Oaxaca 2023 se realizar\u00e1 en el Andador Tur\u00edstico del Centro Hist\u00f3rico de la ciudad de Oaxaca de Ju\u00e1rez, entre las avenidas Independencia y Morelos, en la que participar\u00e1n 50 empresas y se espera atender a 550 solicitantes.<\/p>\n\n\n\n<p>Explic\u00f3 que el objetivo del Servicio Nacional de Empleo Oaxaca es apoyar a la poblaci\u00f3n para encontrar opciones de empleabilidad de acuerdo a su perfil laboral, trabajando en coordinaci\u00f3n con el sector privado, implementando diversas estrategias, entre ellas las ferias de empleo.<\/p>\n\n\n\n<p>Destac\u00f3 que con los ejes estrat\u00e9gicos del gobierno que encabeza Salom\u00f3n Jara Cruz se busca construir las bases para el desarrollo integral y sustentable de las ocho regiones de Oaxaca y desarrollar las vocaciones productivas de cada una de ellas, integr\u00e1ndolas en una estrategia general de crecimiento econ\u00f3mico.<\/p>\n\n\n\n<p>Dijo que las Ferias del empleo buscan conectar a las empresas que requieren personal capacitado y a las personas que buscan puestos de trabajo para mejorar los ingresos de sus familias para generar una mayor derrama econ\u00f3mica fortaleciendo el mercado tur\u00edstico.<\/p>\n","protected":false},"excerpt":{"rendered":"<p>Oaxaca de Ju\u00e1rez, Oax.- Oaxaca se posiciona como un importante destino tur\u00edstico, y por la celebraci\u00f3n de Julio, mes de la Guelaguetza se generar\u00e1n diversos empleos. Para fomentar la contrataci\u00f3n de personal y contribuir al crecimiento y el desarrollo econ\u00f3mico del sector turismo se realizar\u00e1 la Feria del Empleo Tur\u00edstica Oaxaca 2023. El Coordinador del [&hellip;]<\/p>\n","protected":false},"author":2,"featured_media":28847,"comment_status":"closed","ping_status":"closed","sticky":false,"template":"","format":"standard","meta":{"footnotes":""},"categories":[2],"tags":[],"class_list":{"0":"post-28846","1":"post","2":"type-post","3":"status-publish","4":"format-standard","5":"has-post-thumbnail","7":"category-oaxaca"},"yoast_head":"<!-- This site is optimized with the Yoast SEO plugin v27.4 - https:\/\/yoast.com\/product\/yoast-seo-wordpress\/ -->\n<title>Realizar\u00e1n Feria del Empleo Tur\u00edstica Oaxaca 2023; ofertan 400 empleos por las fiestas de la Guelaguetza - LA BRAVA RADIO<\/title>\n<meta name=\"robots\" content=\"index, follow, max-snippet:-1, max-image-preview:large, max-video-preview:-1\" \/>\n<link rel=\"canonical\" href=\"https:\/\/www.bbmnoticias.com\/labravaradiofm\/2023\/06\/26\/realizaran-feria-del-empleo-turistica-oaxaca-2023-ofertan-400-empleos-por-las-fiestas-de-la-guelaguetza\/\" \/>\n<meta property=\"og:locale\" content=\"es_MX\" \/>\n<meta property=\"og:type\" content=\"article\" \/>\n<meta property=\"og:title\" content=\"Realizar\u00e1n Feria del Empleo Tur\u00edstica Oaxaca 2023; ofertan 400 empleos por las fiestas de la Guelaguetza - LA BRAVA RADIO\" \/>\n<meta property=\"og:description\" content=\"Oaxaca de Ju\u00e1rez, Oax.- Oaxaca se posiciona como un importante destino tur\u00edstico, y por la celebraci\u00f3n de Julio, mes de la Guelaguetza se generar\u00e1n diversos empleos. Para fomentar la contrataci\u00f3n de personal y contribuir al crecimiento y el desarrollo econ\u00f3mico del sector turismo se realizar\u00e1 la Feria del Empleo Tur\u00edstica Oaxaca 2023. El Coordinador del [&hellip;]\" \/>\n<meta property=\"og:url\" content=\"https:\/\/www.bbmnoticias.com\/labravaradiofm\/2023\/06\/26\/realizaran-feria-del-empleo-turistica-oaxaca-2023-ofertan-400-empleos-por-las-fiestas-de-la-guelaguetza\/\" \/>\n<meta property=\"og:site_name\" content=\"LA BRAVA RADIO\" \/>\n<meta property=\"article:published_time\" content=\"2023-06-26T14:43:18+00:00\" \/>\n<meta property=\"article:modified_time\" content=\"2023-06-26T14:43:19+00:00\" \/>\n<meta property=\"og:image\" content=\"https:\/\/www.bbmnoticias.com\/labravaradiofm\/wp-content\/uploads\/sites\/5\/2023\/06\/feria_empleo.jpg\" \/>\n\t<meta property=\"og:image:width\" content=\"800\" \/>\n\t<meta property=\"og:image:height\" content=\"492\" \/>\n\t<meta property=\"og:image:type\" content=\"image\/jpeg\" \/>\n<meta name=\"author\" content=\"Staff\" \/>\n<meta name=\"twitter:card\" content=\"summary_large_image\" \/>\n<meta name=\"twitter:label1\" content=\"Escrito por\" \/>\n\t<meta name=\"twitter:data1\" content=\"Staff\" \/>\n\t<meta name=\"twitter:label2\" content=\"Tiempo de lectura\" \/>\n\t<meta name=\"twitter:data2\" content=\"2 minutos\" \/>\n<script type=\"application\/ld+json\" class=\"yoast-schema-graph\">{\"@context\":\"https:\\\/\\\/schema.org\",\"@graph\":[{\"@type\":\"Article\",\"@id\":\"https:\\\/\\\/www.bbmnoticias.com\\\/labravaradiofm\\\/2023\\\/06\\\/26\\\/realizaran-feria-del-empleo-turistica-oaxaca-2023-ofertan-400-empleos-por-las-fiestas-de-la-guelaguetza\\\/#article\",\"isPartOf\":{\"@id\":\"https:\\\/\\\/www.bbmnoticias.com\\\/labravaradiofm\\\/2023\\\/06\\\/26\\\/realizaran-feria-del-empleo-turistica-oaxaca-2023-ofertan-400-empleos-por-las-fiestas-de-la-guelaguetza\\\/\"},\"author\":{\"name\":\"Staff\",\"@id\":\"https:\\\/\\\/www.bbmnoticias.com\\\/labravaradiofm\\\/#\\\/schema\\\/person\\\/34b139c617a70ea5bef5678bffe4dd7b\"},\"headline\":\"Realizar\u00e1n Feria del Empleo Tur\u00edstica Oaxaca 2023; ofertan 400 empleos por las fiestas de la Guelaguetza\",\"datePublished\":\"2023-06-26T14:43:18+00:00\",\"dateModified\":\"2023-06-26T14:43:19+00:00\",\"mainEntityOfPage\":{\"@id\":\"https:\\\/\\\/www.bbmnoticias.com\\\/labravaradiofm\\\/2023\\\/06\\\/26\\\/realizaran-feria-del-empleo-turistica-oaxaca-2023-ofertan-400-empleos-por-las-fiestas-de-la-guelaguetza\\\/\"},\"wordCount\":320,\"image\":{\"@id\":\"https:\\\/\\\/www.bbmnoticias.com\\\/labravaradiofm\\\/2023\\\/06\\\/26\\\/realizaran-feria-del-empleo-turistica-oaxaca-2023-ofertan-400-empleos-por-las-fiestas-de-la-guelaguetza\\\/#primaryimage\"},\"thumbnailUrl\":\"https:\\\/\\\/www.bbmnoticias.com\\\/labravaradiofm\\\/wp-content\\\/uploads\\\/sites\\\/5\\\/2023\\\/06\\\/feria_empleo.jpg\",\"articleSection\":[\"LOCAL\"],\"inLanguage\":\"es\"},{\"@type\":\"WebPage\",\"@id\":\"https:\\\/\\\/www.bbmnoticias.com\\\/labravaradiofm\\\/2023\\\/06\\\/26\\\/realizaran-feria-del-empleo-turistica-oaxaca-2023-ofertan-400-empleos-por-las-fiestas-de-la-guelaguetza\\\/\",\"url\":\"https:\\\/\\\/www.bbmnoticias.com\\\/labravaradiofm\\\/2023\\\/06\\\/26\\\/realizaran-feria-del-empleo-turistica-oaxaca-2023-ofertan-400-empleos-por-las-fiestas-de-la-guelaguetza\\\/\",\"name\":\"Realizar\u00e1n Feria del Empleo Tur\u00edstica Oaxaca 2023; ofertan 400 empleos por las fiestas de la Guelaguetza - LA BRAVA RADIO\",\"isPartOf\":{\"@id\":\"https:\\\/\\\/www.bbmnoticias.com\\\/labravaradiofm\\\/#website\"},\"primaryImageOfPage\":{\"@id\":\"https:\\\/\\\/www.bbmnoticias.com\\\/labravaradiofm\\\/2023\\\/06\\\/26\\\/realizaran-feria-del-empleo-turistica-oaxaca-2023-ofertan-400-empleos-por-las-fiestas-de-la-guelaguetza\\\/#primaryimage\"},\"image\":{\"@id\":\"https:\\\/\\\/www.bbmnoticias.com\\\/labravaradiofm\\\/2023\\\/06\\\/26\\\/realizaran-feria-del-empleo-turistica-oaxaca-2023-ofertan-400-empleos-por-las-fiestas-de-la-guelaguetza\\\/#primaryimage\"},\"thumbnailUrl\":\"https:\\\/\\\/www.bbmnoticias.com\\\/labravaradiofm\\\/wp-content\\\/uploads\\\/sites\\\/5\\\/2023\\\/06\\\/feria_empleo.jpg\",\"datePublished\":\"2023-06-26T14:43:18+00:00\",\"dateModified\":\"2023-06-26T14:43:19+00:00\",\"author\":{\"@id\":\"https:\\\/\\\/www.bbmnoticias.com\\\/labravaradiofm\\\/#\\\/schema\\\/person\\\/34b139c617a70ea5bef5678bffe4dd7b\"},\"breadcrumb\":{\"@id\":\"https:\\\/\\\/www.bbmnoticias.com\\\/labravaradiofm\\\/2023\\\/06\\\/26\\\/realizaran-feria-del-empleo-turistica-oaxaca-2023-ofertan-400-empleos-por-las-fiestas-de-la-guelaguetza\\\/#breadcrumb\"},\"inLanguage\":\"es\",\"potentialAction\":[{\"@type\":\"ReadAction\",\"target\":[\"https:\\\/\\\/www.bbmnoticias.com\\\/labravaradiofm\\\/2023\\\/06\\\/26\\\/realizaran-feria-del-empleo-turistica-oaxaca-2023-ofertan-400-empleos-por-las-fiestas-de-la-guelaguetza\\\/\"]}]},{\"@type\":\"ImageObject\",\"inLanguage\":\"es\",\"@id\":\"https:\\\/\\\/www.bbmnoticias.com\\\/labravaradiofm\\\/2023\\\/06\\\/26\\\/realizaran-feria-del-empleo-turistica-oaxaca-2023-ofertan-400-empleos-por-las-fiestas-de-la-guelaguetza\\\/#primaryimage\",\"url\":\"https:\\\/\\\/www.bbmnoticias.com\\\/labravaradiofm\\\/wp-content\\\/uploads\\\/sites\\\/5\\\/2023\\\/06\\\/feria_empleo.jpg\",\"contentUrl\":\"https:\\\/\\\/www.bbmnoticias.com\\\/labravaradiofm\\\/wp-content\\\/uploads\\\/sites\\\/5\\\/2023\\\/06\\\/feria_empleo.jpg\",\"width\":800,\"height\":492},{\"@type\":\"BreadcrumbList\",\"@id\":\"https:\\\/\\\/www.bbmnoticias.com\\\/labravaradiofm\\\/2023\\\/06\\\/26\\\/realizaran-feria-del-empleo-turistica-oaxaca-2023-ofertan-400-empleos-por-las-fiestas-de-la-guelaguetza\\\/#breadcrumb\",\"itemListElement\":[{\"@type\":\"ListItem\",\"position\":1,\"name\":\"Inicio\",\"item\":\"https:\\\/\\\/www.bbmnoticias.com\\\/labravaradiofm\\\/\"},{\"@type\":\"ListItem\",\"position\":2,\"name\":\"Realizar\u00e1n Feria del Empleo Tur\u00edstica Oaxaca 2023; ofertan 400 empleos por las fiestas de la Guelaguetza\"}]},{\"@type\":\"WebSite\",\"@id\":\"https:\\\/\\\/www.bbmnoticias.com\\\/labravaradiofm\\\/#website\",\"url\":\"https:\\\/\\\/www.bbmnoticias.com\\\/labravaradiofm\\\/\",\"name\":\"LA BRAVA RADIO\",\"description\":\"Empresa productora de medios, Radiodifusi\u00f3n, Noticias, tendencias y todo lo que necesitas saber de la pol\u00edtica mexicana e internacional; entretenimiento, espect\u00e1culos, salud y mucho m\u00e1s.\",\"potentialAction\":[{\"@type\":\"SearchAction\",\"target\":{\"@type\":\"EntryPoint\",\"urlTemplate\":\"https:\\\/\\\/www.bbmnoticias.com\\\/labravaradiofm\\\/?s={search_term_string}\"},\"query-input\":{\"@type\":\"PropertyValueSpecification\",\"valueRequired\":true,\"valueName\":\"search_term_string\"}}],\"inLanguage\":\"es\"},{\"@type\":\"Person\",\"@id\":\"https:\\\/\\\/www.bbmnoticias.com\\\/labravaradiofm\\\/#\\\/schema\\\/person\\\/34b139c617a70ea5bef5678bffe4dd7b\",\"name\":\"Staff\",\"image\":{\"@type\":\"ImageObject\",\"inLanguage\":\"es\",\"@id\":\"https:\\\/\\\/secure.gravatar.com\\\/avatar\\\/fdd21ad66fd8b98c407f9dee5b5e588cfe7f0d8579ec20fa6527cd59bab7f0f0?s=96&d=mm&r=g\",\"url\":\"https:\\\/\\\/secure.gravatar.com\\\/avatar\\\/fdd21ad66fd8b98c407f9dee5b5e588cfe7f0d8579ec20fa6527cd59bab7f0f0?s=96&d=mm&r=g\",\"contentUrl\":\"https:\\\/\\\/secure.gravatar.com\\\/avatar\\\/fdd21ad66fd8b98c407f9dee5b5e588cfe7f0d8579ec20fa6527cd59bab7f0f0?s=96&d=mm&r=g\",\"caption\":\"Staff\"},\"url\":\"https:\\\/\\\/www.bbmnoticias.com\\\/labravaradiofm\\\/author\\\/redaccion\\\/\"}]}<\/script>\n<!-- \/ Yoast SEO plugin. -->","yoast_head_json":{"title":"Realizar\u00e1n Feria del Empleo Tur\u00edstica Oaxaca 2023; ofertan 400 empleos por las fiestas de la Guelaguetza - LA BRAVA RADIO","robots":{"index":"index","follow":"follow","max-snippet":"max-snippet:-1","max-image-preview":"max-image-preview:large","max-video-preview":"max-video-preview:-1"},"canonical":"https:\/\/www.bbmnoticias.com\/labravaradiofm\/2023\/06\/26\/realizaran-feria-del-empleo-turistica-oaxaca-2023-ofertan-400-empleos-por-las-fiestas-de-la-guelaguetza\/","og_locale":"es_MX","og_type":"article","og_title":"Realizar\u00e1n Feria del Empleo Tur\u00edstica Oaxaca 2023; ofertan 400 empleos por las fiestas de la Guelaguetza - LA BRAVA RADIO","og_description":"Oaxaca de Ju\u00e1rez, Oax.- Oaxaca se posiciona como un importante destino tur\u00edstico, y por la celebraci\u00f3n de Julio, mes de la Guelaguetza se generar\u00e1n diversos empleos. Para fomentar la contrataci\u00f3n de personal y contribuir al crecimiento y el desarrollo econ\u00f3mico del sector turismo se realizar\u00e1 la Feria del Empleo Tur\u00edstica Oaxaca 2023. El Coordinador del [&hellip;]","og_url":"https:\/\/www.bbmnoticias.com\/labravaradiofm\/2023\/06\/26\/realizaran-feria-del-empleo-turistica-oaxaca-2023-ofertan-400-empleos-por-las-fiestas-de-la-guelaguetza\/","og_site_name":"LA BRAVA RADIO","article_published_time":"2023-06-26T14:43:18+00:00","article_modified_time":"2023-06-26T14:43:19+00:00","og_image":[{"width":800,"height":492,"url":"https:\/\/www.bbmnoticias.com\/labravaradiofm\/wp-content\/uploads\/sites\/5\/2023\/06\/feria_empleo.jpg","type":"image\/jpeg"}],"author":"Staff","twitter_card":"summary_large_image","twitter_misc":{"Escrito por":"Staff","Tiempo de lectura":"2 minutos"},"schema":{"@context":"https:\/\/schema.org","@graph":[{"@type":"Article","@id":"https:\/\/www.bbmnoticias.com\/labravaradiofm\/2023\/06\/26\/realizaran-feria-del-empleo-turistica-oaxaca-2023-ofertan-400-empleos-por-las-fiestas-de-la-guelaguetza\/#article","isPartOf":{"@id":"https:\/\/www.bbmnoticias.com\/labravaradiofm\/2023\/06\/26\/realizaran-feria-del-empleo-turistica-oaxaca-2023-ofertan-400-empleos-por-las-fiestas-de-la-guelaguetza\/"},"author":{"name":"Staff","@id":"https:\/\/www.bbmnoticias.com\/labravaradiofm\/#\/schema\/person\/34b139c617a70ea5bef5678bffe4dd7b"},"headline":"Realizar\u00e1n Feria del Empleo Tur\u00edstica Oaxaca 2023; ofertan 400 empleos por las fiestas de la Guelaguetza","datePublished":"2023-06-26T14:43:18+00:00","dateModified":"2023-06-26T14:43:19+00:00","mainEntityOfPage":{"@id":"https:\/\/www.bbmnoticias.com\/labravaradiofm\/2023\/06\/26\/realizaran-feria-del-empleo-turistica-oaxaca-2023-ofertan-400-empleos-por-las-fiestas-de-la-guelaguetza\/"},"wordCount":320,"image":{"@id":"https:\/\/www.bbmnoticias.com\/labravaradiofm\/2023\/06\/26\/realizaran-feria-del-empleo-turistica-oaxaca-2023-ofertan-400-empleos-por-las-fiestas-de-la-guelaguetza\/#primaryimage"},"thumbnailUrl":"https:\/\/www.bbmnoticias.com\/labravaradiofm\/wp-content\/uploads\/sites\/5\/2023\/06\/feria_empleo.jpg","articleSection":["LOCAL"],"inLanguage":"es"},{"@type":"WebPage","@id":"https:\/\/www.bbmnoticias.com\/labravaradiofm\/2023\/06\/26\/realizaran-feria-del-empleo-turistica-oaxaca-2023-ofertan-400-empleos-por-las-fiestas-de-la-guelaguetza\/","url":"https:\/\/www.bbmnoticias.com\/labravaradiofm\/2023\/06\/26\/realizaran-feria-del-empleo-turistica-oaxaca-2023-ofertan-400-empleos-por-las-fiestas-de-la-guelaguetza\/","name":"Realizar\u00e1n Feria del Empleo Tur\u00edstica Oaxaca 2023; ofertan 400 empleos por las fiestas de la Guelaguetza - LA BRAVA RADIO","isPartOf":{"@id":"https:\/\/www.bbmnoticias.com\/labravaradiofm\/#website"},"primaryImageOfPage":{"@id":"https:\/\/www.bbmnoticias.com\/labravaradiofm\/2023\/06\/26\/realizaran-feria-del-empleo-turistica-oaxaca-2023-ofertan-400-empleos-por-las-fiestas-de-la-guelaguetza\/#primaryimage"},"image":{"@id":"https:\/\/www.bbmnoticias.com\/labravaradiofm\/2023\/06\/26\/realizaran-feria-del-empleo-turistica-oaxaca-2023-ofertan-400-empleos-por-las-fiestas-de-la-guelaguetza\/#primaryimage"},"thumbnailUrl":"https:\/\/www.bbmnoticias.com\/labravaradiofm\/wp-content\/uploads\/sites\/5\/2023\/06\/feria_empleo.jpg","datePublished":"2023-06-26T14:43:18+00:00","dateModified":"2023-06-26T14:43:19+00:00","author":{"@id":"https:\/\/www.bbmnoticias.com\/labravaradiofm\/#\/schema\/person\/34b139c617a70ea5bef5678bffe4dd7b"},"breadcrumb":{"@id":"https:\/\/www.bbmnoticias.com\/labravaradiofm\/2023\/06\/26\/realizaran-feria-del-empleo-turistica-oaxaca-2023-ofertan-400-empleos-por-las-fiestas-de-la-guelaguetza\/#breadcrumb"},"inLanguage":"es","potentialAction":[{"@type":"ReadAction","target":["https:\/\/www.bbmnoticias.com\/labravaradiofm\/2023\/06\/26\/realizaran-feria-del-empleo-turistica-oaxaca-2023-ofertan-400-empleos-por-las-fiestas-de-la-guelaguetza\/"]}]},{"@type":"ImageObject","inLanguage":"es","@id":"https:\/\/www.bbmnoticias.com\/labravaradiofm\/2023\/06\/26\/realizaran-feria-del-empleo-turistica-oaxaca-2023-ofertan-400-empleos-por-las-fiestas-de-la-guelaguetza\/#primaryimage","url":"https:\/\/www.bbmnoticias.com\/labravaradiofm\/wp-content\/uploads\/sites\/5\/2023\/06\/feria_empleo.jpg","contentUrl":"https:\/\/www.bbmnoticias.com\/labravaradiofm\/wp-content\/uploads\/sites\/5\/2023\/06\/feria_empleo.jpg","width":800,"height":492},{"@type":"BreadcrumbList","@id":"https:\/\/www.bbmnoticias.com\/labravaradiofm\/2023\/06\/26\/realizaran-feria-del-empleo-turistica-oaxaca-2023-ofertan-400-empleos-por-las-fiestas-de-la-guelaguetza\/#breadcrumb","itemListElement":[{"@type":"ListItem","position":1,"name":"Inicio","item":"https:\/\/www.bbmnoticias.com\/labravaradiofm\/"},{"@type":"ListItem","position":2,"name":"Realizar\u00e1n Feria del Empleo Tur\u00edstica Oaxaca 2023; ofertan 400 empleos por las fiestas de la Guelaguetza"}]},{"@type":"WebSite","@id":"https:\/\/www.bbmnoticias.com\/labravaradiofm\/#website","url":"https:\/\/www.bbmnoticias.com\/labravaradiofm\/","name":"LA BRAVA RADIO","description":"Empresa productora de medios, Radiodifusi\u00f3n, Noticias, tendencias y todo lo que necesitas saber de la pol\u00edtica mexicana e internacional; entretenimiento, espect\u00e1culos, salud y mucho m\u00e1s.","potentialAction":[{"@type":"SearchAction","target":{"@type":"EntryPoint","urlTemplate":"https:\/\/www.bbmnoticias.com\/labravaradiofm\/?s={search_term_string}"},"query-input":{"@type":"PropertyValueSpecification","valueRequired":true,"valueName":"search_term_string"}}],"inLanguage":"es"},{"@type":"Person","@id":"https:\/\/www.bbmnoticias.com\/labravaradiofm\/#\/schema\/person\/34b139c617a70ea5bef5678bffe4dd7b","name":"Staff","image":{"@type":"ImageObject","inLanguage":"es","@id":"https:\/\/secure.gravatar.com\/avatar\/fdd21ad66fd8b98c407f9dee5b5e588cfe7f0d8579ec20fa6527cd59bab7f0f0?s=96&d=mm&r=g","url":"https:\/\/secure.gravatar.com\/avatar\/fdd21ad66fd8b98c407f9dee5b5e588cfe7f0d8579ec20fa6527cd59bab7f0f0?s=96&d=mm&r=g","contentUrl":"https:\/\/secure.gravatar.com\/avatar\/fdd21ad66fd8b98c407f9dee5b5e588cfe7f0d8579ec20fa6527cd59bab7f0f0?s=96&d=mm&r=g","caption":"Staff"},"url":"https:\/\/www.bbmnoticias.com\/labravaradiofm\/author\/redaccion\/"}]}},"_links":{"self":[{"href":"https:\/\/www.bbmnoticias.com\/labravaradiofm\/wp-json\/wp\/v2\/posts\/28846","targetHints":{"allow":["GET"]}}],"collection":[{"href":"https:\/\/www.bbmnoticias.com\/labravaradiofm\/wp-json\/wp\/v2\/posts"}],"about":[{"href":"https:\/\/www.bbmnoticias.com\/labravaradiofm\/wp-json\/wp\/v2\/types\/post"}],"author":[{"embeddable":true,"href":"https:\/\/www.bbmnoticias.com\/labravaradiofm\/wp-json\/wp\/v2\/users\/2"}],"replies":[{"embeddable":true,"href":"https:\/\/www.bbmnoticias.com\/labravaradiofm\/wp-json\/wp\/v2\/comments?post=28846"}],"version-history":[{"count":0,"href":"https:\/\/www.bbmnoticias.com\/labravaradiofm\/wp-json\/wp\/v2\/posts\/28846\/revisions"}],"wp:featuredmedia":[{"embeddable":true,"href":"https:\/\/www.bbmnoticias.com\/labravaradiofm\/wp-json\/wp\/v2\/media\/28847"}],"wp:attachment":[{"href":"https:\/\/www.bbmnoticias.com\/labravaradiofm\/wp-json\/wp\/v2\/media?parent=28846"}],"wp:term":[{"taxonomy":"category","embeddable":true,"href":"https:\/\/www.bbmnoticias.com\/labravaradiofm\/wp-json\/wp\/v2\/categories?post=28846"},{"taxonomy":"post_tag","embeddable":true,"href":"https:\/\/www.bbmnoticias.com\/labravaradiofm\/wp-json\/wp\/v2\/tags?post=28846"}],"curies":[{"name":"wp","href":"https:\/\/api.w.org\/{rel}","templated":true}]}}