{"id":28378,"date":"2023-06-13T19:40:33","date_gmt":"2023-06-14T01:40:33","guid":{"rendered":"https:\/\/www.bbmnoticias.com\/labravaradiofm\/?p=28378"},"modified":"2023-06-13T19:40:34","modified_gmt":"2023-06-14T01:40:34","slug":"detencion-de-exfuncionarios-de-la-sinfra-resultado-del-combate-a-la-corrupcion-vasquez-sagrero","status":"publish","type":"post","link":"https:\/\/www.bbmnoticias.com\/labravaradiofm\/2023\/06\/13\/detencion-de-exfuncionarios-de-la-sinfra-resultado-del-combate-a-la-corrupcion-vasquez-sagrero\/","title":{"rendered":"Detenci\u00f3n de exfuncionarios de la Sinfra resultado del combate a la corrupci\u00f3n: V\u00e1squez Sagrero"},"content":{"rendered":"<div style=\"margin-top: 0px; margin-bottom: 0px;\" class=\"sharethis-inline-share-buttons\" ><\/div>\n<p><strong>Oaxaca de Ju\u00e1rez, Oax<\/strong>.- El consejero Jur\u00eddico y Asistente Legal del Gobierno de Oaxaca Geovany V\u00e1squez Sagrero confirm\u00f3 la detenci\u00f3n del exsubsecretario de Obras de la Secretar\u00eda de Infraestructuras y Comunicaciones (Sinfra), M. M. C. y de A.C.C.A, quien fue Jefe de Infraestructura Urbana y Residente de Obra, quienes contaban con \u00f3rdenes de aprehensi\u00f3n en su contra.<\/p>\n\n\n\n<p>El servidor p\u00fablico inform\u00f3 que los hoy detenidos son acusados como probables responsables del delito de uso il\u00edcito de atribuciones y facultades cometido en perjuicio de la Sinfra.<\/p>\n\n\n\n<p>\u201cHemos sido informados por la Fiscal\u00eda Anticorrupci\u00f3n y por la Fiscal\u00eda General del Estado de Oaxaca (FGEO) de la detenci\u00f3n de dos exfuncionarios\u201d, afirm\u00f3 V\u00e1squez Sagrego, al se\u00f1alar que esta acci\u00f3n deriva luego de que dentro de los procedimientos de revisi\u00f3n realizados en la Sinfra se detectaron algunos il\u00edcitos cometidos por los exservidores p\u00fablicos, por lo que se hizo del conocimiento de la Fiscal\u00eda Anticorrupci\u00f3n, se integraron las carpetas de investigaci\u00f3n correspondientes y se aportaron los elementos de prueba.<\/p>\n\n\n\n<p>De esta manera, destac\u00f3 que la aprehensi\u00f3n es una acci\u00f3n concreta de la administraci\u00f3n del Gobernador Salom\u00f3n Jara Cruz y no es una carpeta de investigaci\u00f3n iniciada con anterioridad, sino parte de las revisiones de lo que se recibi\u00f3.<\/p>\n\n\n\n<p>Dijo que tras la revisi\u00f3n de procedimientos en la Sinfra se encontraron algunos hechos que podr\u00edan constituir el delito de uso il\u00edcito de atribuciones y facultades, por lo que se dio vista al Ministerio P\u00fablico con los elementos de prueba, los cuales una vez analizados se consider\u00f3 la existencia de acciones delictuosas y se pusieron a disposici\u00f3n de un juez quien concedi\u00f3 la orden de aprehensi\u00f3n a la que hoy se dio cumplimiento.<\/p>\n\n\n\n<p>V\u00e1squez Sagrero afirm\u00f3 que el Gobernador Salom\u00f3n Jara Cruz dio la indicaci\u00f3n de combatir de manera frontal la corrupci\u00f3n y con la captura del exsubsecretario de Obras y de quien fuera Jefe de Infraestructura Urbana y Residente de Obra ambos de la Sinfra, se da cumplimiento a dicha instrucci\u00f3n, primero por parte de las \u00e1reas jur\u00eddicas y en un trabajo conjunto con la Secretar\u00eda de Honestidad, Transparencia y Funci\u00f3n P\u00fablica, y la Consejer\u00eda Jur\u00eddica y Asistencia Legal del Gobierno de Oaxaca.<\/p>\n\n\n\n<p>Todo ello con el fin de esclarecer este tipo de acciones, cumpliendo la palabra empe\u00f1ada y rindiendo cuentas al pueblo de Oaxaca, finaliz\u00f3 el Consejero Jur\u00eddico y Asistente Legal del Gobierno del Estado.<\/p>\n","protected":false},"excerpt":{"rendered":"<p>Oaxaca de Ju\u00e1rez, Oax.- El consejero Jur\u00eddico y Asistente Legal del Gobierno de Oaxaca Geovany V\u00e1squez Sagrero confirm\u00f3 la detenci\u00f3n del exsubsecretario de Obras de la Secretar\u00eda de Infraestructuras y Comunicaciones (Sinfra), M. M. C. y de A.C.C.A, quien fue Jefe de Infraestructura Urbana y Residente de Obra, quienes contaban con \u00f3rdenes de aprehensi\u00f3n en [&hellip;]<\/p>\n","protected":false},"author":2,"featured_media":28379,"comment_status":"closed","ping_status":"closed","sticky":false,"template":"","format":"standard","meta":{"footnotes":""},"categories":[2],"tags":[],"class_list":{"0":"post-28378","1":"post","2":"type-post","3":"status-publish","4":"format-standard","5":"has-post-thumbnail","7":"category-oaxaca"},"yoast_head":"<!-- This site is optimized with the Yoast SEO plugin v27.4 - https:\/\/yoast.com\/product\/yoast-seo-wordpress\/ -->\n<title>Detenci\u00f3n de exfuncionarios de la Sinfra resultado del combate a la corrupci\u00f3n: V\u00e1squez Sagrero - LA BRAVA RADIO<\/title>\n<meta name=\"robots\" content=\"index, follow, max-snippet:-1, max-image-preview:large, max-video-preview:-1\" \/>\n<link rel=\"canonical\" href=\"https:\/\/www.bbmnoticias.com\/labravaradiofm\/2023\/06\/13\/detencion-de-exfuncionarios-de-la-sinfra-resultado-del-combate-a-la-corrupcion-vasquez-sagrero\/\" \/>\n<meta property=\"og:locale\" content=\"es_MX\" \/>\n<meta property=\"og:type\" content=\"article\" \/>\n<meta property=\"og:title\" content=\"Detenci\u00f3n de exfuncionarios de la Sinfra resultado del combate a la corrupci\u00f3n: V\u00e1squez Sagrero - LA BRAVA RADIO\" \/>\n<meta property=\"og:description\" content=\"Oaxaca de Ju\u00e1rez, Oax.- El consejero Jur\u00eddico y Asistente Legal del Gobierno de Oaxaca Geovany V\u00e1squez Sagrero confirm\u00f3 la detenci\u00f3n del exsubsecretario de Obras de la Secretar\u00eda de Infraestructuras y Comunicaciones (Sinfra), M. M. C. y de A.C.C.A, quien fue Jefe de Infraestructura Urbana y Residente de Obra, quienes contaban con \u00f3rdenes de aprehensi\u00f3n en [&hellip;]\" \/>\n<meta property=\"og:url\" content=\"https:\/\/www.bbmnoticias.com\/labravaradiofm\/2023\/06\/13\/detencion-de-exfuncionarios-de-la-sinfra-resultado-del-combate-a-la-corrupcion-vasquez-sagrero\/\" \/>\n<meta property=\"og:site_name\" content=\"LA BRAVA RADIO\" \/>\n<meta property=\"article:published_time\" content=\"2023-06-14T01:40:33+00:00\" \/>\n<meta property=\"article:modified_time\" content=\"2023-06-14T01:40:34+00:00\" \/>\n<meta property=\"og:image\" content=\"https:\/\/www.bbmnoticias.com\/labravaradiofm\/wp-content\/uploads\/sites\/5\/2023\/06\/vasquez_sagrero.jpg\" \/>\n\t<meta property=\"og:image:width\" content=\"1407\" \/>\n\t<meta property=\"og:image:height\" content=\"817\" \/>\n\t<meta property=\"og:image:type\" content=\"image\/jpeg\" \/>\n<meta name=\"author\" content=\"Staff\" \/>\n<meta name=\"twitter:card\" content=\"summary_large_image\" \/>\n<meta name=\"twitter:label1\" content=\"Escrito por\" \/>\n\t<meta name=\"twitter:data1\" content=\"Staff\" \/>\n\t<meta name=\"twitter:label2\" content=\"Tiempo de lectura\" \/>\n\t<meta name=\"twitter:data2\" content=\"2 minutos\" \/>\n<script type=\"application\/ld+json\" class=\"yoast-schema-graph\">{\"@context\":\"https:\\\/\\\/schema.org\",\"@graph\":[{\"@type\":\"Article\",\"@id\":\"https:\\\/\\\/www.bbmnoticias.com\\\/labravaradiofm\\\/2023\\\/06\\\/13\\\/detencion-de-exfuncionarios-de-la-sinfra-resultado-del-combate-a-la-corrupcion-vasquez-sagrero\\\/#article\",\"isPartOf\":{\"@id\":\"https:\\\/\\\/www.bbmnoticias.com\\\/labravaradiofm\\\/2023\\\/06\\\/13\\\/detencion-de-exfuncionarios-de-la-sinfra-resultado-del-combate-a-la-corrupcion-vasquez-sagrero\\\/\"},\"author\":{\"name\":\"Staff\",\"@id\":\"https:\\\/\\\/www.bbmnoticias.com\\\/labravaradiofm\\\/#\\\/schema\\\/person\\\/34b139c617a70ea5bef5678bffe4dd7b\"},\"headline\":\"Detenci\u00f3n de exfuncionarios de la Sinfra resultado del combate a la corrupci\u00f3n: V\u00e1squez Sagrero\",\"datePublished\":\"2023-06-14T01:40:33+00:00\",\"dateModified\":\"2023-06-14T01:40:34+00:00\",\"mainEntityOfPage\":{\"@id\":\"https:\\\/\\\/www.bbmnoticias.com\\\/labravaradiofm\\\/2023\\\/06\\\/13\\\/detencion-de-exfuncionarios-de-la-sinfra-resultado-del-combate-a-la-corrupcion-vasquez-sagrero\\\/\"},\"wordCount\":456,\"image\":{\"@id\":\"https:\\\/\\\/www.bbmnoticias.com\\\/labravaradiofm\\\/2023\\\/06\\\/13\\\/detencion-de-exfuncionarios-de-la-sinfra-resultado-del-combate-a-la-corrupcion-vasquez-sagrero\\\/#primaryimage\"},\"thumbnailUrl\":\"https:\\\/\\\/www.bbmnoticias.com\\\/labravaradiofm\\\/wp-content\\\/uploads\\\/sites\\\/5\\\/2023\\\/06\\\/vasquez_sagrero.jpg\",\"articleSection\":[\"LOCAL\"],\"inLanguage\":\"es\"},{\"@type\":\"WebPage\",\"@id\":\"https:\\\/\\\/www.bbmnoticias.com\\\/labravaradiofm\\\/2023\\\/06\\\/13\\\/detencion-de-exfuncionarios-de-la-sinfra-resultado-del-combate-a-la-corrupcion-vasquez-sagrero\\\/\",\"url\":\"https:\\\/\\\/www.bbmnoticias.com\\\/labravaradiofm\\\/2023\\\/06\\\/13\\\/detencion-de-exfuncionarios-de-la-sinfra-resultado-del-combate-a-la-corrupcion-vasquez-sagrero\\\/\",\"name\":\"Detenci\u00f3n de exfuncionarios de la Sinfra resultado del combate a la corrupci\u00f3n: V\u00e1squez Sagrero - LA BRAVA RADIO\",\"isPartOf\":{\"@id\":\"https:\\\/\\\/www.bbmnoticias.com\\\/labravaradiofm\\\/#website\"},\"primaryImageOfPage\":{\"@id\":\"https:\\\/\\\/www.bbmnoticias.com\\\/labravaradiofm\\\/2023\\\/06\\\/13\\\/detencion-de-exfuncionarios-de-la-sinfra-resultado-del-combate-a-la-corrupcion-vasquez-sagrero\\\/#primaryimage\"},\"image\":{\"@id\":\"https:\\\/\\\/www.bbmnoticias.com\\\/labravaradiofm\\\/2023\\\/06\\\/13\\\/detencion-de-exfuncionarios-de-la-sinfra-resultado-del-combate-a-la-corrupcion-vasquez-sagrero\\\/#primaryimage\"},\"thumbnailUrl\":\"https:\\\/\\\/www.bbmnoticias.com\\\/labravaradiofm\\\/wp-content\\\/uploads\\\/sites\\\/5\\\/2023\\\/06\\\/vasquez_sagrero.jpg\",\"datePublished\":\"2023-06-14T01:40:33+00:00\",\"dateModified\":\"2023-06-14T01:40:34+00:00\",\"author\":{\"@id\":\"https:\\\/\\\/www.bbmnoticias.com\\\/labravaradiofm\\\/#\\\/schema\\\/person\\\/34b139c617a70ea5bef5678bffe4dd7b\"},\"breadcrumb\":{\"@id\":\"https:\\\/\\\/www.bbmnoticias.com\\\/labravaradiofm\\\/2023\\\/06\\\/13\\\/detencion-de-exfuncionarios-de-la-sinfra-resultado-del-combate-a-la-corrupcion-vasquez-sagrero\\\/#breadcrumb\"},\"inLanguage\":\"es\",\"potentialAction\":[{\"@type\":\"ReadAction\",\"target\":[\"https:\\\/\\\/www.bbmnoticias.com\\\/labravaradiofm\\\/2023\\\/06\\\/13\\\/detencion-de-exfuncionarios-de-la-sinfra-resultado-del-combate-a-la-corrupcion-vasquez-sagrero\\\/\"]}]},{\"@type\":\"ImageObject\",\"inLanguage\":\"es\",\"@id\":\"https:\\\/\\\/www.bbmnoticias.com\\\/labravaradiofm\\\/2023\\\/06\\\/13\\\/detencion-de-exfuncionarios-de-la-sinfra-resultado-del-combate-a-la-corrupcion-vasquez-sagrero\\\/#primaryimage\",\"url\":\"https:\\\/\\\/www.bbmnoticias.com\\\/labravaradiofm\\\/wp-content\\\/uploads\\\/sites\\\/5\\\/2023\\\/06\\\/vasquez_sagrero.jpg\",\"contentUrl\":\"https:\\\/\\\/www.bbmnoticias.com\\\/labravaradiofm\\\/wp-content\\\/uploads\\\/sites\\\/5\\\/2023\\\/06\\\/vasquez_sagrero.jpg\",\"width\":1407,\"height\":817},{\"@type\":\"BreadcrumbList\",\"@id\":\"https:\\\/\\\/www.bbmnoticias.com\\\/labravaradiofm\\\/2023\\\/06\\\/13\\\/detencion-de-exfuncionarios-de-la-sinfra-resultado-del-combate-a-la-corrupcion-vasquez-sagrero\\\/#breadcrumb\",\"itemListElement\":[{\"@type\":\"ListItem\",\"position\":1,\"name\":\"Inicio\",\"item\":\"https:\\\/\\\/www.bbmnoticias.com\\\/labravaradiofm\\\/\"},{\"@type\":\"ListItem\",\"position\":2,\"name\":\"Detenci\u00f3n de exfuncionarios de la Sinfra resultado del combate a la corrupci\u00f3n: V\u00e1squez Sagrero\"}]},{\"@type\":\"WebSite\",\"@id\":\"https:\\\/\\\/www.bbmnoticias.com\\\/labravaradiofm\\\/#website\",\"url\":\"https:\\\/\\\/www.bbmnoticias.com\\\/labravaradiofm\\\/\",\"name\":\"LA BRAVA RADIO\",\"description\":\"Empresa productora de medios, Radiodifusi\u00f3n, Noticias, tendencias y todo lo que necesitas saber de la pol\u00edtica mexicana e internacional; entretenimiento, espect\u00e1culos, salud y mucho m\u00e1s.\",\"potentialAction\":[{\"@type\":\"SearchAction\",\"target\":{\"@type\":\"EntryPoint\",\"urlTemplate\":\"https:\\\/\\\/www.bbmnoticias.com\\\/labravaradiofm\\\/?s={search_term_string}\"},\"query-input\":{\"@type\":\"PropertyValueSpecification\",\"valueRequired\":true,\"valueName\":\"search_term_string\"}}],\"inLanguage\":\"es\"},{\"@type\":\"Person\",\"@id\":\"https:\\\/\\\/www.bbmnoticias.com\\\/labravaradiofm\\\/#\\\/schema\\\/person\\\/34b139c617a70ea5bef5678bffe4dd7b\",\"name\":\"Staff\",\"image\":{\"@type\":\"ImageObject\",\"inLanguage\":\"es\",\"@id\":\"https:\\\/\\\/secure.gravatar.com\\\/avatar\\\/fdd21ad66fd8b98c407f9dee5b5e588cfe7f0d8579ec20fa6527cd59bab7f0f0?s=96&d=mm&r=g\",\"url\":\"https:\\\/\\\/secure.gravatar.com\\\/avatar\\\/fdd21ad66fd8b98c407f9dee5b5e588cfe7f0d8579ec20fa6527cd59bab7f0f0?s=96&d=mm&r=g\",\"contentUrl\":\"https:\\\/\\\/secure.gravatar.com\\\/avatar\\\/fdd21ad66fd8b98c407f9dee5b5e588cfe7f0d8579ec20fa6527cd59bab7f0f0?s=96&d=mm&r=g\",\"caption\":\"Staff\"},\"url\":\"https:\\\/\\\/www.bbmnoticias.com\\\/labravaradiofm\\\/author\\\/redaccion\\\/\"}]}<\/script>\n<!-- \/ Yoast SEO plugin. -->","yoast_head_json":{"title":"Detenci\u00f3n de exfuncionarios de la Sinfra resultado del combate a la corrupci\u00f3n: V\u00e1squez Sagrero - LA BRAVA RADIO","robots":{"index":"index","follow":"follow","max-snippet":"max-snippet:-1","max-image-preview":"max-image-preview:large","max-video-preview":"max-video-preview:-1"},"canonical":"https:\/\/www.bbmnoticias.com\/labravaradiofm\/2023\/06\/13\/detencion-de-exfuncionarios-de-la-sinfra-resultado-del-combate-a-la-corrupcion-vasquez-sagrero\/","og_locale":"es_MX","og_type":"article","og_title":"Detenci\u00f3n de exfuncionarios de la Sinfra resultado del combate a la corrupci\u00f3n: V\u00e1squez Sagrero - LA BRAVA RADIO","og_description":"Oaxaca de Ju\u00e1rez, Oax.- El consejero Jur\u00eddico y Asistente Legal del Gobierno de Oaxaca Geovany V\u00e1squez Sagrero confirm\u00f3 la detenci\u00f3n del exsubsecretario de Obras de la Secretar\u00eda de Infraestructuras y Comunicaciones (Sinfra), M. M. C. y de A.C.C.A, quien fue Jefe de Infraestructura Urbana y Residente de Obra, quienes contaban con \u00f3rdenes de aprehensi\u00f3n en [&hellip;]","og_url":"https:\/\/www.bbmnoticias.com\/labravaradiofm\/2023\/06\/13\/detencion-de-exfuncionarios-de-la-sinfra-resultado-del-combate-a-la-corrupcion-vasquez-sagrero\/","og_site_name":"LA BRAVA RADIO","article_published_time":"2023-06-14T01:40:33+00:00","article_modified_time":"2023-06-14T01:40:34+00:00","og_image":[{"width":1407,"height":817,"url":"https:\/\/www.bbmnoticias.com\/labravaradiofm\/wp-content\/uploads\/sites\/5\/2023\/06\/vasquez_sagrero.jpg","type":"image\/jpeg"}],"author":"Staff","twitter_card":"summary_large_image","twitter_misc":{"Escrito por":"Staff","Tiempo de lectura":"2 minutos"},"schema":{"@context":"https:\/\/schema.org","@graph":[{"@type":"Article","@id":"https:\/\/www.bbmnoticias.com\/labravaradiofm\/2023\/06\/13\/detencion-de-exfuncionarios-de-la-sinfra-resultado-del-combate-a-la-corrupcion-vasquez-sagrero\/#article","isPartOf":{"@id":"https:\/\/www.bbmnoticias.com\/labravaradiofm\/2023\/06\/13\/detencion-de-exfuncionarios-de-la-sinfra-resultado-del-combate-a-la-corrupcion-vasquez-sagrero\/"},"author":{"name":"Staff","@id":"https:\/\/www.bbmnoticias.com\/labravaradiofm\/#\/schema\/person\/34b139c617a70ea5bef5678bffe4dd7b"},"headline":"Detenci\u00f3n de exfuncionarios de la Sinfra resultado del combate a la corrupci\u00f3n: V\u00e1squez Sagrero","datePublished":"2023-06-14T01:40:33+00:00","dateModified":"2023-06-14T01:40:34+00:00","mainEntityOfPage":{"@id":"https:\/\/www.bbmnoticias.com\/labravaradiofm\/2023\/06\/13\/detencion-de-exfuncionarios-de-la-sinfra-resultado-del-combate-a-la-corrupcion-vasquez-sagrero\/"},"wordCount":456,"image":{"@id":"https:\/\/www.bbmnoticias.com\/labravaradiofm\/2023\/06\/13\/detencion-de-exfuncionarios-de-la-sinfra-resultado-del-combate-a-la-corrupcion-vasquez-sagrero\/#primaryimage"},"thumbnailUrl":"https:\/\/www.bbmnoticias.com\/labravaradiofm\/wp-content\/uploads\/sites\/5\/2023\/06\/vasquez_sagrero.jpg","articleSection":["LOCAL"],"inLanguage":"es"},{"@type":"WebPage","@id":"https:\/\/www.bbmnoticias.com\/labravaradiofm\/2023\/06\/13\/detencion-de-exfuncionarios-de-la-sinfra-resultado-del-combate-a-la-corrupcion-vasquez-sagrero\/","url":"https:\/\/www.bbmnoticias.com\/labravaradiofm\/2023\/06\/13\/detencion-de-exfuncionarios-de-la-sinfra-resultado-del-combate-a-la-corrupcion-vasquez-sagrero\/","name":"Detenci\u00f3n de exfuncionarios de la Sinfra resultado del combate a la corrupci\u00f3n: V\u00e1squez Sagrero - LA BRAVA RADIO","isPartOf":{"@id":"https:\/\/www.bbmnoticias.com\/labravaradiofm\/#website"},"primaryImageOfPage":{"@id":"https:\/\/www.bbmnoticias.com\/labravaradiofm\/2023\/06\/13\/detencion-de-exfuncionarios-de-la-sinfra-resultado-del-combate-a-la-corrupcion-vasquez-sagrero\/#primaryimage"},"image":{"@id":"https:\/\/www.bbmnoticias.com\/labravaradiofm\/2023\/06\/13\/detencion-de-exfuncionarios-de-la-sinfra-resultado-del-combate-a-la-corrupcion-vasquez-sagrero\/#primaryimage"},"thumbnailUrl":"https:\/\/www.bbmnoticias.com\/labravaradiofm\/wp-content\/uploads\/sites\/5\/2023\/06\/vasquez_sagrero.jpg","datePublished":"2023-06-14T01:40:33+00:00","dateModified":"2023-06-14T01:40:34+00:00","author":{"@id":"https:\/\/www.bbmnoticias.com\/labravaradiofm\/#\/schema\/person\/34b139c617a70ea5bef5678bffe4dd7b"},"breadcrumb":{"@id":"https:\/\/www.bbmnoticias.com\/labravaradiofm\/2023\/06\/13\/detencion-de-exfuncionarios-de-la-sinfra-resultado-del-combate-a-la-corrupcion-vasquez-sagrero\/#breadcrumb"},"inLanguage":"es","potentialAction":[{"@type":"ReadAction","target":["https:\/\/www.bbmnoticias.com\/labravaradiofm\/2023\/06\/13\/detencion-de-exfuncionarios-de-la-sinfra-resultado-del-combate-a-la-corrupcion-vasquez-sagrero\/"]}]},{"@type":"ImageObject","inLanguage":"es","@id":"https:\/\/www.bbmnoticias.com\/labravaradiofm\/2023\/06\/13\/detencion-de-exfuncionarios-de-la-sinfra-resultado-del-combate-a-la-corrupcion-vasquez-sagrero\/#primaryimage","url":"https:\/\/www.bbmnoticias.com\/labravaradiofm\/wp-content\/uploads\/sites\/5\/2023\/06\/vasquez_sagrero.jpg","contentUrl":"https:\/\/www.bbmnoticias.com\/labravaradiofm\/wp-content\/uploads\/sites\/5\/2023\/06\/vasquez_sagrero.jpg","width":1407,"height":817},{"@type":"BreadcrumbList","@id":"https:\/\/www.bbmnoticias.com\/labravaradiofm\/2023\/06\/13\/detencion-de-exfuncionarios-de-la-sinfra-resultado-del-combate-a-la-corrupcion-vasquez-sagrero\/#breadcrumb","itemListElement":[{"@type":"ListItem","position":1,"name":"Inicio","item":"https:\/\/www.bbmnoticias.com\/labravaradiofm\/"},{"@type":"ListItem","position":2,"name":"Detenci\u00f3n de exfuncionarios de la Sinfra resultado del combate a la corrupci\u00f3n: V\u00e1squez Sagrero"}]},{"@type":"WebSite","@id":"https:\/\/www.bbmnoticias.com\/labravaradiofm\/#website","url":"https:\/\/www.bbmnoticias.com\/labravaradiofm\/","name":"LA BRAVA RADIO","description":"Empresa productora de medios, Radiodifusi\u00f3n, Noticias, tendencias y todo lo que necesitas saber de la pol\u00edtica mexicana e internacional; entretenimiento, espect\u00e1culos, salud y mucho m\u00e1s.","potentialAction":[{"@type":"SearchAction","target":{"@type":"EntryPoint","urlTemplate":"https:\/\/www.bbmnoticias.com\/labravaradiofm\/?s={search_term_string}"},"query-input":{"@type":"PropertyValueSpecification","valueRequired":true,"valueName":"search_term_string"}}],"inLanguage":"es"},{"@type":"Person","@id":"https:\/\/www.bbmnoticias.com\/labravaradiofm\/#\/schema\/person\/34b139c617a70ea5bef5678bffe4dd7b","name":"Staff","image":{"@type":"ImageObject","inLanguage":"es","@id":"https:\/\/secure.gravatar.com\/avatar\/fdd21ad66fd8b98c407f9dee5b5e588cfe7f0d8579ec20fa6527cd59bab7f0f0?s=96&d=mm&r=g","url":"https:\/\/secure.gravatar.com\/avatar\/fdd21ad66fd8b98c407f9dee5b5e588cfe7f0d8579ec20fa6527cd59bab7f0f0?s=96&d=mm&r=g","contentUrl":"https:\/\/secure.gravatar.com\/avatar\/fdd21ad66fd8b98c407f9dee5b5e588cfe7f0d8579ec20fa6527cd59bab7f0f0?s=96&d=mm&r=g","caption":"Staff"},"url":"https:\/\/www.bbmnoticias.com\/labravaradiofm\/author\/redaccion\/"}]}},"_links":{"self":[{"href":"https:\/\/www.bbmnoticias.com\/labravaradiofm\/wp-json\/wp\/v2\/posts\/28378","targetHints":{"allow":["GET"]}}],"collection":[{"href":"https:\/\/www.bbmnoticias.com\/labravaradiofm\/wp-json\/wp\/v2\/posts"}],"about":[{"href":"https:\/\/www.bbmnoticias.com\/labravaradiofm\/wp-json\/wp\/v2\/types\/post"}],"author":[{"embeddable":true,"href":"https:\/\/www.bbmnoticias.com\/labravaradiofm\/wp-json\/wp\/v2\/users\/2"}],"replies":[{"embeddable":true,"href":"https:\/\/www.bbmnoticias.com\/labravaradiofm\/wp-json\/wp\/v2\/comments?post=28378"}],"version-history":[{"count":0,"href":"https:\/\/www.bbmnoticias.com\/labravaradiofm\/wp-json\/wp\/v2\/posts\/28378\/revisions"}],"wp:featuredmedia":[{"embeddable":true,"href":"https:\/\/www.bbmnoticias.com\/labravaradiofm\/wp-json\/wp\/v2\/media\/28379"}],"wp:attachment":[{"href":"https:\/\/www.bbmnoticias.com\/labravaradiofm\/wp-json\/wp\/v2\/media?parent=28378"}],"wp:term":[{"taxonomy":"category","embeddable":true,"href":"https:\/\/www.bbmnoticias.com\/labravaradiofm\/wp-json\/wp\/v2\/categories?post=28378"},{"taxonomy":"post_tag","embeddable":true,"href":"https:\/\/www.bbmnoticias.com\/labravaradiofm\/wp-json\/wp\/v2\/tags?post=28378"}],"curies":[{"name":"wp","href":"https:\/\/api.w.org\/{rel}","templated":true}]}}