{"id":28375,"date":"2023-06-13T16:54:43","date_gmt":"2023-06-13T22:54:43","guid":{"rendered":"https:\/\/www.bbmnoticias.com\/labravaradiofm\/?p=28375"},"modified":"2023-06-13T16:54:51","modified_gmt":"2023-06-13T22:54:51","slug":"en-seis-meses-de-gobierno-se-refuerza-a-instituciones-de-seguridad-y-justicia","status":"publish","type":"post","link":"https:\/\/www.bbmnoticias.com\/labravaradiofm\/2023\/06\/13\/en-seis-meses-de-gobierno-se-refuerza-a-instituciones-de-seguridad-y-justicia\/","title":{"rendered":"En seis meses de Gobierno, se refuerza a instituciones de seguridad y justicia"},"content":{"rendered":"<div style=\"margin-top: 0px; margin-bottom: 0px;\" class=\"sharethis-inline-share-buttons\" ><\/div>\n<p><strong>Oaxaca de Ju\u00e1rez, Oax. 13 de junio de 2023.- <\/strong>En un hecho sin precedentes en materia de seguridad,el Gobierno del Estado a trav\u00e9s del Secretariado Ejecutivo del Sistema Estatal de Seguridad P\u00fablica (SESESP) entreg\u00f3 &nbsp;212 patrullas nuevas y equipadas a la Secretar\u00eda de Seguridad y Protecci\u00f3n Ciudadana (SSPC) y a la Fiscal\u00eda General del Estado de Oaxaca (FGEO), acci\u00f3n que ning\u00fan otro gobierno logr\u00f3 otorgar en tan poco tiempo.<\/p>\n\n\n\n<p>Esta gesti\u00f3n se conforma de veh\u00edculos sed\u00e1n, motocicletas doble prop\u00f3sito habilitadas como patrullas, camionetas Durango y RAM 4&#215;4 destinadas a la implementaci\u00f3n de operativos, as\u00ed como unidades tipo Van habilitadas para el traslado de personas privadas de la libertad.<\/p>\n\n\n\n<p>En el acto de entrega encabezado por el Gobernador Salom\u00f3n Jara Cruz, la titular del SESESP Karina Bar\u00f3n Ortiz reconoci\u00f3 que con estas acciones se recupera la confianza de la ciudadan\u00eda en las corporaciones de seguridad y se dignifica la labor de los cuerpos policiacos.<\/p>\n\n\n\n<p>Se\u00f1al\u00f3 que a esta acci\u00f3n se suma el impulso de la Certificaci\u00f3n Policial en las ocho regiones del estado a trav\u00e9s de est\u00edmulos fiscales en el costo de las evaluaciones de control y confianza para mil 101 aspirantes de 128 municipios que se han sumado a esta iniciativa en aras de contar con elementos que generen confianza.<\/p>\n\n\n\n<p>En este sentido, dijo que el aspecto humanista de este gobierno constituye la base de la atenci\u00f3n a los Derechos Humanos en el desarrollo de la labor policial mediante el fortalecimiento de las capacidades de quienes integran las corporaciones y la inversi\u00f3n adecuada en equipamiento.<\/p>\n\n\n\n<p>Asimismo, la seguridad p\u00fablica se fortalece a trav\u00e9s de tecnolog\u00eda para la atenci\u00f3n a emergencias e investigaci\u00f3n de delitos con la modernizaci\u00f3n del C4 que se constituir\u00e1 en el nuevo Centro de Control, Comando, Comunicaci\u00f3n, Coordinaci\u00f3n e Inteligencia (C5) que beneficiar\u00e1 a todo el estado.<\/p>\n\n\n\n<p>En este acto tambi\u00e9n estuvieron presentes el secretario de Gobierno Jes\u00fas Romero L\u00f3pez, el titular de la SSPC Iv\u00e1n Garc\u00eda \u00c1lvarez, el fiscal general del Estado Jos\u00e9 Bernardo Rodr\u00edguez Alamilla y el presidente de la Junta de Coordinaci\u00f3n Pol\u00edtica del Congreso del Estado Luis Alfonso Silva Romo, entre otras personas.<\/p>\n","protected":false},"excerpt":{"rendered":"<p>Oaxaca de Ju\u00e1rez, Oax. 13 de junio de 2023.- En un hecho sin precedentes en materia de seguridad,el Gobierno del Estado a trav\u00e9s del Secretariado Ejecutivo del Sistema Estatal de Seguridad P\u00fablica (SESESP) entreg\u00f3 &nbsp;212 patrullas nuevas y equipadas a la Secretar\u00eda de Seguridad y Protecci\u00f3n Ciudadana (SSPC) y a la Fiscal\u00eda General del Estado [&hellip;]<\/p>\n","protected":false},"author":2,"featured_media":28376,"comment_status":"closed","ping_status":"closed","sticky":false,"template":"","format":"standard","meta":{"footnotes":""},"categories":[2],"tags":[],"class_list":{"0":"post-28375","1":"post","2":"type-post","3":"status-publish","4":"format-standard","5":"has-post-thumbnail","7":"category-oaxaca"},"yoast_head":"<!-- This site is optimized with the Yoast SEO plugin v27.4 - https:\/\/yoast.com\/product\/yoast-seo-wordpress\/ -->\n<title>En seis meses de Gobierno, se refuerza a instituciones de seguridad y justicia - LA BRAVA RADIO<\/title>\n<meta name=\"robots\" content=\"index, follow, max-snippet:-1, max-image-preview:large, max-video-preview:-1\" \/>\n<link rel=\"canonical\" href=\"https:\/\/www.bbmnoticias.com\/labravaradiofm\/2023\/06\/13\/en-seis-meses-de-gobierno-se-refuerza-a-instituciones-de-seguridad-y-justicia\/\" \/>\n<meta property=\"og:locale\" content=\"es_MX\" \/>\n<meta property=\"og:type\" content=\"article\" \/>\n<meta property=\"og:title\" content=\"En seis meses de Gobierno, se refuerza a instituciones de seguridad y justicia - LA BRAVA RADIO\" \/>\n<meta property=\"og:description\" content=\"Oaxaca de Ju\u00e1rez, Oax. 13 de junio de 2023.- En un hecho sin precedentes en materia de seguridad,el Gobierno del Estado a trav\u00e9s del Secretariado Ejecutivo del Sistema Estatal de Seguridad P\u00fablica (SESESP) entreg\u00f3 &nbsp;212 patrullas nuevas y equipadas a la Secretar\u00eda de Seguridad y Protecci\u00f3n Ciudadana (SSPC) y a la Fiscal\u00eda General del Estado [&hellip;]\" \/>\n<meta property=\"og:url\" content=\"https:\/\/www.bbmnoticias.com\/labravaradiofm\/2023\/06\/13\/en-seis-meses-de-gobierno-se-refuerza-a-instituciones-de-seguridad-y-justicia\/\" \/>\n<meta property=\"og:site_name\" content=\"LA BRAVA RADIO\" \/>\n<meta property=\"article:published_time\" content=\"2023-06-13T22:54:43+00:00\" \/>\n<meta property=\"article:modified_time\" content=\"2023-06-13T22:54:51+00:00\" \/>\n<meta property=\"og:image\" content=\"https:\/\/www.bbmnoticias.com\/labravaradiofm\/wp-content\/uploads\/sites\/5\/2023\/06\/sjc_gobierno_seguridad.jpeg\" \/>\n\t<meta property=\"og:image:width\" content=\"1600\" \/>\n\t<meta property=\"og:image:height\" content=\"1066\" \/>\n\t<meta property=\"og:image:type\" content=\"image\/jpeg\" \/>\n<meta name=\"author\" content=\"Staff\" \/>\n<meta name=\"twitter:card\" content=\"summary_large_image\" \/>\n<meta name=\"twitter:label1\" content=\"Escrito por\" \/>\n\t<meta name=\"twitter:data1\" content=\"Staff\" \/>\n\t<meta name=\"twitter:label2\" content=\"Tiempo de lectura\" \/>\n\t<meta name=\"twitter:data2\" content=\"2 minutos\" \/>\n<script type=\"application\/ld+json\" class=\"yoast-schema-graph\">{\"@context\":\"https:\\\/\\\/schema.org\",\"@graph\":[{\"@type\":\"Article\",\"@id\":\"https:\\\/\\\/www.bbmnoticias.com\\\/labravaradiofm\\\/2023\\\/06\\\/13\\\/en-seis-meses-de-gobierno-se-refuerza-a-instituciones-de-seguridad-y-justicia\\\/#article\",\"isPartOf\":{\"@id\":\"https:\\\/\\\/www.bbmnoticias.com\\\/labravaradiofm\\\/2023\\\/06\\\/13\\\/en-seis-meses-de-gobierno-se-refuerza-a-instituciones-de-seguridad-y-justicia\\\/\"},\"author\":{\"name\":\"Staff\",\"@id\":\"https:\\\/\\\/www.bbmnoticias.com\\\/labravaradiofm\\\/#\\\/schema\\\/person\\\/34b139c617a70ea5bef5678bffe4dd7b\"},\"headline\":\"En seis meses de Gobierno, se refuerza a instituciones de seguridad y justicia\",\"datePublished\":\"2023-06-13T22:54:43+00:00\",\"dateModified\":\"2023-06-13T22:54:51+00:00\",\"mainEntityOfPage\":{\"@id\":\"https:\\\/\\\/www.bbmnoticias.com\\\/labravaradiofm\\\/2023\\\/06\\\/13\\\/en-seis-meses-de-gobierno-se-refuerza-a-instituciones-de-seguridad-y-justicia\\\/\"},\"wordCount\":400,\"image\":{\"@id\":\"https:\\\/\\\/www.bbmnoticias.com\\\/labravaradiofm\\\/2023\\\/06\\\/13\\\/en-seis-meses-de-gobierno-se-refuerza-a-instituciones-de-seguridad-y-justicia\\\/#primaryimage\"},\"thumbnailUrl\":\"https:\\\/\\\/www.bbmnoticias.com\\\/labravaradiofm\\\/wp-content\\\/uploads\\\/sites\\\/5\\\/2023\\\/06\\\/sjc_gobierno_seguridad.jpeg\",\"articleSection\":[\"LOCAL\"],\"inLanguage\":\"es\"},{\"@type\":\"WebPage\",\"@id\":\"https:\\\/\\\/www.bbmnoticias.com\\\/labravaradiofm\\\/2023\\\/06\\\/13\\\/en-seis-meses-de-gobierno-se-refuerza-a-instituciones-de-seguridad-y-justicia\\\/\",\"url\":\"https:\\\/\\\/www.bbmnoticias.com\\\/labravaradiofm\\\/2023\\\/06\\\/13\\\/en-seis-meses-de-gobierno-se-refuerza-a-instituciones-de-seguridad-y-justicia\\\/\",\"name\":\"En seis meses de Gobierno, se refuerza a instituciones de seguridad y justicia - LA BRAVA RADIO\",\"isPartOf\":{\"@id\":\"https:\\\/\\\/www.bbmnoticias.com\\\/labravaradiofm\\\/#website\"},\"primaryImageOfPage\":{\"@id\":\"https:\\\/\\\/www.bbmnoticias.com\\\/labravaradiofm\\\/2023\\\/06\\\/13\\\/en-seis-meses-de-gobierno-se-refuerza-a-instituciones-de-seguridad-y-justicia\\\/#primaryimage\"},\"image\":{\"@id\":\"https:\\\/\\\/www.bbmnoticias.com\\\/labravaradiofm\\\/2023\\\/06\\\/13\\\/en-seis-meses-de-gobierno-se-refuerza-a-instituciones-de-seguridad-y-justicia\\\/#primaryimage\"},\"thumbnailUrl\":\"https:\\\/\\\/www.bbmnoticias.com\\\/labravaradiofm\\\/wp-content\\\/uploads\\\/sites\\\/5\\\/2023\\\/06\\\/sjc_gobierno_seguridad.jpeg\",\"datePublished\":\"2023-06-13T22:54:43+00:00\",\"dateModified\":\"2023-06-13T22:54:51+00:00\",\"author\":{\"@id\":\"https:\\\/\\\/www.bbmnoticias.com\\\/labravaradiofm\\\/#\\\/schema\\\/person\\\/34b139c617a70ea5bef5678bffe4dd7b\"},\"breadcrumb\":{\"@id\":\"https:\\\/\\\/www.bbmnoticias.com\\\/labravaradiofm\\\/2023\\\/06\\\/13\\\/en-seis-meses-de-gobierno-se-refuerza-a-instituciones-de-seguridad-y-justicia\\\/#breadcrumb\"},\"inLanguage\":\"es\",\"potentialAction\":[{\"@type\":\"ReadAction\",\"target\":[\"https:\\\/\\\/www.bbmnoticias.com\\\/labravaradiofm\\\/2023\\\/06\\\/13\\\/en-seis-meses-de-gobierno-se-refuerza-a-instituciones-de-seguridad-y-justicia\\\/\"]}]},{\"@type\":\"ImageObject\",\"inLanguage\":\"es\",\"@id\":\"https:\\\/\\\/www.bbmnoticias.com\\\/labravaradiofm\\\/2023\\\/06\\\/13\\\/en-seis-meses-de-gobierno-se-refuerza-a-instituciones-de-seguridad-y-justicia\\\/#primaryimage\",\"url\":\"https:\\\/\\\/www.bbmnoticias.com\\\/labravaradiofm\\\/wp-content\\\/uploads\\\/sites\\\/5\\\/2023\\\/06\\\/sjc_gobierno_seguridad.jpeg\",\"contentUrl\":\"https:\\\/\\\/www.bbmnoticias.com\\\/labravaradiofm\\\/wp-content\\\/uploads\\\/sites\\\/5\\\/2023\\\/06\\\/sjc_gobierno_seguridad.jpeg\",\"width\":1600,\"height\":1066},{\"@type\":\"BreadcrumbList\",\"@id\":\"https:\\\/\\\/www.bbmnoticias.com\\\/labravaradiofm\\\/2023\\\/06\\\/13\\\/en-seis-meses-de-gobierno-se-refuerza-a-instituciones-de-seguridad-y-justicia\\\/#breadcrumb\",\"itemListElement\":[{\"@type\":\"ListItem\",\"position\":1,\"name\":\"Inicio\",\"item\":\"https:\\\/\\\/www.bbmnoticias.com\\\/labravaradiofm\\\/\"},{\"@type\":\"ListItem\",\"position\":2,\"name\":\"En seis meses de Gobierno, se refuerza a instituciones de seguridad y justicia\"}]},{\"@type\":\"WebSite\",\"@id\":\"https:\\\/\\\/www.bbmnoticias.com\\\/labravaradiofm\\\/#website\",\"url\":\"https:\\\/\\\/www.bbmnoticias.com\\\/labravaradiofm\\\/\",\"name\":\"LA BRAVA RADIO\",\"description\":\"Empresa productora de medios, Radiodifusi\u00f3n, Noticias, tendencias y todo lo que necesitas saber de la pol\u00edtica mexicana e internacional; entretenimiento, espect\u00e1culos, salud y mucho m\u00e1s.\",\"potentialAction\":[{\"@type\":\"SearchAction\",\"target\":{\"@type\":\"EntryPoint\",\"urlTemplate\":\"https:\\\/\\\/www.bbmnoticias.com\\\/labravaradiofm\\\/?s={search_term_string}\"},\"query-input\":{\"@type\":\"PropertyValueSpecification\",\"valueRequired\":true,\"valueName\":\"search_term_string\"}}],\"inLanguage\":\"es\"},{\"@type\":\"Person\",\"@id\":\"https:\\\/\\\/www.bbmnoticias.com\\\/labravaradiofm\\\/#\\\/schema\\\/person\\\/34b139c617a70ea5bef5678bffe4dd7b\",\"name\":\"Staff\",\"image\":{\"@type\":\"ImageObject\",\"inLanguage\":\"es\",\"@id\":\"https:\\\/\\\/secure.gravatar.com\\\/avatar\\\/fdd21ad66fd8b98c407f9dee5b5e588cfe7f0d8579ec20fa6527cd59bab7f0f0?s=96&d=mm&r=g\",\"url\":\"https:\\\/\\\/secure.gravatar.com\\\/avatar\\\/fdd21ad66fd8b98c407f9dee5b5e588cfe7f0d8579ec20fa6527cd59bab7f0f0?s=96&d=mm&r=g\",\"contentUrl\":\"https:\\\/\\\/secure.gravatar.com\\\/avatar\\\/fdd21ad66fd8b98c407f9dee5b5e588cfe7f0d8579ec20fa6527cd59bab7f0f0?s=96&d=mm&r=g\",\"caption\":\"Staff\"},\"url\":\"https:\\\/\\\/www.bbmnoticias.com\\\/labravaradiofm\\\/author\\\/redaccion\\\/\"}]}<\/script>\n<!-- \/ Yoast SEO plugin. -->","yoast_head_json":{"title":"En seis meses de Gobierno, se refuerza a instituciones de seguridad y justicia - LA BRAVA RADIO","robots":{"index":"index","follow":"follow","max-snippet":"max-snippet:-1","max-image-preview":"max-image-preview:large","max-video-preview":"max-video-preview:-1"},"canonical":"https:\/\/www.bbmnoticias.com\/labravaradiofm\/2023\/06\/13\/en-seis-meses-de-gobierno-se-refuerza-a-instituciones-de-seguridad-y-justicia\/","og_locale":"es_MX","og_type":"article","og_title":"En seis meses de Gobierno, se refuerza a instituciones de seguridad y justicia - LA BRAVA RADIO","og_description":"Oaxaca de Ju\u00e1rez, Oax. 13 de junio de 2023.- En un hecho sin precedentes en materia de seguridad,el Gobierno del Estado a trav\u00e9s del Secretariado Ejecutivo del Sistema Estatal de Seguridad P\u00fablica (SESESP) entreg\u00f3 &nbsp;212 patrullas nuevas y equipadas a la Secretar\u00eda de Seguridad y Protecci\u00f3n Ciudadana (SSPC) y a la Fiscal\u00eda General del Estado [&hellip;]","og_url":"https:\/\/www.bbmnoticias.com\/labravaradiofm\/2023\/06\/13\/en-seis-meses-de-gobierno-se-refuerza-a-instituciones-de-seguridad-y-justicia\/","og_site_name":"LA BRAVA RADIO","article_published_time":"2023-06-13T22:54:43+00:00","article_modified_time":"2023-06-13T22:54:51+00:00","og_image":[{"width":1600,"height":1066,"url":"https:\/\/www.bbmnoticias.com\/labravaradiofm\/wp-content\/uploads\/sites\/5\/2023\/06\/sjc_gobierno_seguridad.jpeg","type":"image\/jpeg"}],"author":"Staff","twitter_card":"summary_large_image","twitter_misc":{"Escrito por":"Staff","Tiempo de lectura":"2 minutos"},"schema":{"@context":"https:\/\/schema.org","@graph":[{"@type":"Article","@id":"https:\/\/www.bbmnoticias.com\/labravaradiofm\/2023\/06\/13\/en-seis-meses-de-gobierno-se-refuerza-a-instituciones-de-seguridad-y-justicia\/#article","isPartOf":{"@id":"https:\/\/www.bbmnoticias.com\/labravaradiofm\/2023\/06\/13\/en-seis-meses-de-gobierno-se-refuerza-a-instituciones-de-seguridad-y-justicia\/"},"author":{"name":"Staff","@id":"https:\/\/www.bbmnoticias.com\/labravaradiofm\/#\/schema\/person\/34b139c617a70ea5bef5678bffe4dd7b"},"headline":"En seis meses de Gobierno, se refuerza a instituciones de seguridad y justicia","datePublished":"2023-06-13T22:54:43+00:00","dateModified":"2023-06-13T22:54:51+00:00","mainEntityOfPage":{"@id":"https:\/\/www.bbmnoticias.com\/labravaradiofm\/2023\/06\/13\/en-seis-meses-de-gobierno-se-refuerza-a-instituciones-de-seguridad-y-justicia\/"},"wordCount":400,"image":{"@id":"https:\/\/www.bbmnoticias.com\/labravaradiofm\/2023\/06\/13\/en-seis-meses-de-gobierno-se-refuerza-a-instituciones-de-seguridad-y-justicia\/#primaryimage"},"thumbnailUrl":"https:\/\/www.bbmnoticias.com\/labravaradiofm\/wp-content\/uploads\/sites\/5\/2023\/06\/sjc_gobierno_seguridad.jpeg","articleSection":["LOCAL"],"inLanguage":"es"},{"@type":"WebPage","@id":"https:\/\/www.bbmnoticias.com\/labravaradiofm\/2023\/06\/13\/en-seis-meses-de-gobierno-se-refuerza-a-instituciones-de-seguridad-y-justicia\/","url":"https:\/\/www.bbmnoticias.com\/labravaradiofm\/2023\/06\/13\/en-seis-meses-de-gobierno-se-refuerza-a-instituciones-de-seguridad-y-justicia\/","name":"En seis meses de Gobierno, se refuerza a instituciones de seguridad y justicia - LA BRAVA RADIO","isPartOf":{"@id":"https:\/\/www.bbmnoticias.com\/labravaradiofm\/#website"},"primaryImageOfPage":{"@id":"https:\/\/www.bbmnoticias.com\/labravaradiofm\/2023\/06\/13\/en-seis-meses-de-gobierno-se-refuerza-a-instituciones-de-seguridad-y-justicia\/#primaryimage"},"image":{"@id":"https:\/\/www.bbmnoticias.com\/labravaradiofm\/2023\/06\/13\/en-seis-meses-de-gobierno-se-refuerza-a-instituciones-de-seguridad-y-justicia\/#primaryimage"},"thumbnailUrl":"https:\/\/www.bbmnoticias.com\/labravaradiofm\/wp-content\/uploads\/sites\/5\/2023\/06\/sjc_gobierno_seguridad.jpeg","datePublished":"2023-06-13T22:54:43+00:00","dateModified":"2023-06-13T22:54:51+00:00","author":{"@id":"https:\/\/www.bbmnoticias.com\/labravaradiofm\/#\/schema\/person\/34b139c617a70ea5bef5678bffe4dd7b"},"breadcrumb":{"@id":"https:\/\/www.bbmnoticias.com\/labravaradiofm\/2023\/06\/13\/en-seis-meses-de-gobierno-se-refuerza-a-instituciones-de-seguridad-y-justicia\/#breadcrumb"},"inLanguage":"es","potentialAction":[{"@type":"ReadAction","target":["https:\/\/www.bbmnoticias.com\/labravaradiofm\/2023\/06\/13\/en-seis-meses-de-gobierno-se-refuerza-a-instituciones-de-seguridad-y-justicia\/"]}]},{"@type":"ImageObject","inLanguage":"es","@id":"https:\/\/www.bbmnoticias.com\/labravaradiofm\/2023\/06\/13\/en-seis-meses-de-gobierno-se-refuerza-a-instituciones-de-seguridad-y-justicia\/#primaryimage","url":"https:\/\/www.bbmnoticias.com\/labravaradiofm\/wp-content\/uploads\/sites\/5\/2023\/06\/sjc_gobierno_seguridad.jpeg","contentUrl":"https:\/\/www.bbmnoticias.com\/labravaradiofm\/wp-content\/uploads\/sites\/5\/2023\/06\/sjc_gobierno_seguridad.jpeg","width":1600,"height":1066},{"@type":"BreadcrumbList","@id":"https:\/\/www.bbmnoticias.com\/labravaradiofm\/2023\/06\/13\/en-seis-meses-de-gobierno-se-refuerza-a-instituciones-de-seguridad-y-justicia\/#breadcrumb","itemListElement":[{"@type":"ListItem","position":1,"name":"Inicio","item":"https:\/\/www.bbmnoticias.com\/labravaradiofm\/"},{"@type":"ListItem","position":2,"name":"En seis meses de Gobierno, se refuerza a instituciones de seguridad y justicia"}]},{"@type":"WebSite","@id":"https:\/\/www.bbmnoticias.com\/labravaradiofm\/#website","url":"https:\/\/www.bbmnoticias.com\/labravaradiofm\/","name":"LA BRAVA RADIO","description":"Empresa productora de medios, Radiodifusi\u00f3n, Noticias, tendencias y todo lo que necesitas saber de la pol\u00edtica mexicana e internacional; entretenimiento, espect\u00e1culos, salud y mucho m\u00e1s.","potentialAction":[{"@type":"SearchAction","target":{"@type":"EntryPoint","urlTemplate":"https:\/\/www.bbmnoticias.com\/labravaradiofm\/?s={search_term_string}"},"query-input":{"@type":"PropertyValueSpecification","valueRequired":true,"valueName":"search_term_string"}}],"inLanguage":"es"},{"@type":"Person","@id":"https:\/\/www.bbmnoticias.com\/labravaradiofm\/#\/schema\/person\/34b139c617a70ea5bef5678bffe4dd7b","name":"Staff","image":{"@type":"ImageObject","inLanguage":"es","@id":"https:\/\/secure.gravatar.com\/avatar\/fdd21ad66fd8b98c407f9dee5b5e588cfe7f0d8579ec20fa6527cd59bab7f0f0?s=96&d=mm&r=g","url":"https:\/\/secure.gravatar.com\/avatar\/fdd21ad66fd8b98c407f9dee5b5e588cfe7f0d8579ec20fa6527cd59bab7f0f0?s=96&d=mm&r=g","contentUrl":"https:\/\/secure.gravatar.com\/avatar\/fdd21ad66fd8b98c407f9dee5b5e588cfe7f0d8579ec20fa6527cd59bab7f0f0?s=96&d=mm&r=g","caption":"Staff"},"url":"https:\/\/www.bbmnoticias.com\/labravaradiofm\/author\/redaccion\/"}]}},"_links":{"self":[{"href":"https:\/\/www.bbmnoticias.com\/labravaradiofm\/wp-json\/wp\/v2\/posts\/28375","targetHints":{"allow":["GET"]}}],"collection":[{"href":"https:\/\/www.bbmnoticias.com\/labravaradiofm\/wp-json\/wp\/v2\/posts"}],"about":[{"href":"https:\/\/www.bbmnoticias.com\/labravaradiofm\/wp-json\/wp\/v2\/types\/post"}],"author":[{"embeddable":true,"href":"https:\/\/www.bbmnoticias.com\/labravaradiofm\/wp-json\/wp\/v2\/users\/2"}],"replies":[{"embeddable":true,"href":"https:\/\/www.bbmnoticias.com\/labravaradiofm\/wp-json\/wp\/v2\/comments?post=28375"}],"version-history":[{"count":0,"href":"https:\/\/www.bbmnoticias.com\/labravaradiofm\/wp-json\/wp\/v2\/posts\/28375\/revisions"}],"wp:featuredmedia":[{"embeddable":true,"href":"https:\/\/www.bbmnoticias.com\/labravaradiofm\/wp-json\/wp\/v2\/media\/28376"}],"wp:attachment":[{"href":"https:\/\/www.bbmnoticias.com\/labravaradiofm\/wp-json\/wp\/v2\/media?parent=28375"}],"wp:term":[{"taxonomy":"category","embeddable":true,"href":"https:\/\/www.bbmnoticias.com\/labravaradiofm\/wp-json\/wp\/v2\/categories?post=28375"},{"taxonomy":"post_tag","embeddable":true,"href":"https:\/\/www.bbmnoticias.com\/labravaradiofm\/wp-json\/wp\/v2\/tags?post=28375"}],"curies":[{"name":"wp","href":"https:\/\/api.w.org\/{rel}","templated":true}]}}