{"id":28372,"date":"2023-06-13T16:52:59","date_gmt":"2023-06-13T22:52:59","guid":{"rendered":"https:\/\/www.bbmnoticias.com\/labravaradiofm\/?p=28372"},"modified":"2023-06-13T16:53:00","modified_gmt":"2023-06-13T22:53:00","slug":"lanzan-convocatoria-para-seleccionar-imagen-oficial-de-la-marca-de-certificacion-hecho-en-oaxaca","status":"publish","type":"post","link":"https:\/\/www.bbmnoticias.com\/labravaradiofm\/2023\/06\/13\/lanzan-convocatoria-para-seleccionar-imagen-oficial-de-la-marca-de-certificacion-hecho-en-oaxaca\/","title":{"rendered":"Lanzan convocatoria para seleccionar imagen oficial de la marca de certificaci\u00f3n Hecho en Oaxaca"},"content":{"rendered":"<div style=\"margin-top: 0px; margin-bottom: 0px;\" class=\"sharethis-inline-share-buttons\" ><\/div>\n<ul class=\"wp-block-list\">\n<li><em>Con este distintivo se busca certificar, evitar el plagio y brindar valor agregado a productos de las micros, peque\u00f1as y medianas empresas oaxaque\u00f1as<\/em><\/li>\n\n\n\n<li><em>La convocatoria cerrar\u00e1 el 19 de junio de 2023 a las 16:00 horas<\/em><\/li>\n<\/ul>\n\n\n\n<p><strong>Oaxaca de Ju\u00e1rez, Oax.-<\/strong> El Gobierno del Estado a trav\u00e9s de la Secretar\u00eda de Desarrollo Econ\u00f3mico (Sedeco) convoca a personas mayores de 18 a\u00f1os al concurso estatal para seleccionar la imagen oficial de la marca de certificaci\u00f3n \u201cHecho en Oaxaca\u201d.<\/p>\n\n\n\n<p>Con este distintivo se busca certificar, evitar el plagio y brindar valor agregado a productos de las micros, peque\u00f1as y medianas empresas oaxaque\u00f1as que tengan una distinci\u00f3n de origen y la calidad.<\/p>\n\n\n\n<p>Podr\u00e1n participar personas mayores de 18 a\u00f1os de edad nacidas en el estado de Oaxaca. Solo ser\u00e1n aceptados trabajos originales e in\u00e9ditos cuyos dise\u00f1os deber\u00e1n presentarse de manera individual, no haber sido exhibidos o presentados con anterioridad o se encuentren comprometidos en otros concursos.<\/p>\n\n\n\n<p>Se aceptar\u00e1 \u00fanicamente una propuesta por participante, la cual deber\u00e1 presentarse en vectores o formato PNG en alta resoluci\u00f3n con el tema central vinculado a las palabras clave: Oaxaca, identidad cultural, calidad, autenticidad, agroindustria.<\/p>\n\n\n\n<p>Las personas participantes, adem\u00e1s del dise\u00f1o, deber\u00e1n presentar la propuesta de manual de uso de marca. La convocatoria cerrar\u00e1 el 19 de junio de 2023 a las 16:00 horas.<\/p>\n\n\n\n<p>El registro podr\u00e1 realizarse en dos modalidades: presencial, con la recepci\u00f3n de propuestas y requisitos que podr\u00e1 realizar en la Direcci\u00f3n de Desarrollo de Cl\u00fasteres de la Sedeco, ubicada en Ciudad Administrativa Benem\u00e9rito de las Am\u00e9ricas, Carretera Internacional Oaxaca-Istmo Km. 11.5, Edificio 6 Macedonio Alcal\u00e1, Nivel 1, Tlalixtac de Cabrera, en horario de 9:00 a 16:00 horas. En digital: se recibir\u00e1n propuestas y dem\u00e1s requisitos de manera electr\u00f3nica en el enlace de registro <a href=\"https:\/\/bit.ly\/40IaHuo\" target=\"_blank\" rel=\"noreferrer noopener\">https:\/\/bit.ly\/40IaHuo<\/a><\/p>\n\n\n\n<p>En ambos casos deber\u00e1n presentar los siguientes documentos: formato de solicitud de participaci\u00f3n debidamente requisitado, el cual pueden descargar en https:bit.ly\/3KaSDC1, copia de identificaci\u00f3n oficial vigente con fotograf\u00eda, copia de la CURP y copia de acta de nacimiento.<\/p>\n\n\n\n<p>El jurado calificador estar\u00e1 integrado por personas expertas en registro de marcas, representantes del sector empresarial y de la Sedeco.<\/p>\n\n\n\n<p>La evaluaci\u00f3n de las propuestas participantes se realizar\u00e1 en dos fases: evaluaci\u00f3n de cumplimiento de requisitos y de originalidad del dise\u00f1o por el Jurado Calificador que elegir\u00e1 a los cinco mejores trabajos.<\/p>\n\n\n\n<p>Los cinco dise\u00f1os ser\u00e1n sometidos a votaci\u00f3n a trav\u00e9s de las redes sociales de la Secretar\u00eda de Desarrollo Econ\u00f3mico. La imagen que obtenga mayor votaci\u00f3n ser\u00e1 la que se elija como marca de certificaci\u00f3n oficial \u201cHecho en Oaxaca\u201d.<\/p>\n\n\n\n<p>La persona ganadora obtendr\u00e1 los siguientes beneficios: reconocimiento por escrito de la Sedeco, participaci\u00f3n en la ceremonia de presentaci\u00f3n de la marca, entrevista en medios de comunicaci\u00f3n para dar a conocer la imagen ganadora de la marca de certificaci\u00f3n \u201cHecho en Oaxaca\u201d y un premio econ\u00f3mico de 18 mil pesos.<\/p>\n\n\n\n<p>Para mayores informes acudir a la Direcci\u00f3n de Desarrollo Cl\u00fasteres ubicada en Carretera Internacional Oaxaca-Istmo km. 11.5, Ciudad Administrativa Benem\u00e9rito de las Am\u00e9ricas, Edificio 5, nivel 1 o a los tel\u00e9fonos 951 501 5000 ext. 12387, 12403 y 12392.<\/p>\n","protected":false},"excerpt":{"rendered":"<p>Oaxaca de Ju\u00e1rez, Oax.- El Gobierno del Estado a trav\u00e9s de la Secretar\u00eda de Desarrollo Econ\u00f3mico (Sedeco) convoca a personas mayores de 18 a\u00f1os al concurso estatal para seleccionar la imagen oficial de la marca de certificaci\u00f3n \u201cHecho en Oaxaca\u201d. Con este distintivo se busca certificar, evitar el plagio y brindar valor agregado a productos [&hellip;]<\/p>\n","protected":false},"author":2,"featured_media":28373,"comment_status":"closed","ping_status":"closed","sticky":false,"template":"","format":"standard","meta":{"footnotes":""},"categories":[2],"tags":[],"class_list":{"0":"post-28372","1":"post","2":"type-post","3":"status-publish","4":"format-standard","5":"has-post-thumbnail","7":"category-oaxaca"},"yoast_head":"<!-- This site is optimized with the Yoast SEO plugin v27.4 - https:\/\/yoast.com\/product\/yoast-seo-wordpress\/ -->\n<title>Lanzan convocatoria para seleccionar imagen oficial de la marca de certificaci\u00f3n Hecho en Oaxaca - LA BRAVA RADIO<\/title>\n<meta name=\"robots\" content=\"index, follow, max-snippet:-1, max-image-preview:large, max-video-preview:-1\" \/>\n<link rel=\"canonical\" href=\"https:\/\/www.bbmnoticias.com\/labravaradiofm\/2023\/06\/13\/lanzan-convocatoria-para-seleccionar-imagen-oficial-de-la-marca-de-certificacion-hecho-en-oaxaca\/\" \/>\n<meta property=\"og:locale\" content=\"es_MX\" \/>\n<meta property=\"og:type\" content=\"article\" \/>\n<meta property=\"og:title\" content=\"Lanzan convocatoria para seleccionar imagen oficial de la marca de certificaci\u00f3n Hecho en Oaxaca - LA BRAVA RADIO\" \/>\n<meta property=\"og:description\" content=\"Oaxaca de Ju\u00e1rez, Oax.- El Gobierno del Estado a trav\u00e9s de la Secretar\u00eda de Desarrollo Econ\u00f3mico (Sedeco) convoca a personas mayores de 18 a\u00f1os al concurso estatal para seleccionar la imagen oficial de la marca de certificaci\u00f3n \u201cHecho en Oaxaca\u201d. Con este distintivo se busca certificar, evitar el plagio y brindar valor agregado a productos [&hellip;]\" \/>\n<meta property=\"og:url\" content=\"https:\/\/www.bbmnoticias.com\/labravaradiofm\/2023\/06\/13\/lanzan-convocatoria-para-seleccionar-imagen-oficial-de-la-marca-de-certificacion-hecho-en-oaxaca\/\" \/>\n<meta property=\"og:site_name\" content=\"LA BRAVA RADIO\" \/>\n<meta property=\"article:published_time\" content=\"2023-06-13T22:52:59+00:00\" \/>\n<meta property=\"article:modified_time\" content=\"2023-06-13T22:53:00+00:00\" \/>\n<meta property=\"og:image\" content=\"https:\/\/www.bbmnoticias.com\/labravaradiofm\/wp-content\/uploads\/sites\/5\/2023\/06\/hecho_oaxaca.jpg\" \/>\n\t<meta property=\"og:image:width\" content=\"800\" \/>\n\t<meta property=\"og:image:height\" content=\"1000\" \/>\n\t<meta property=\"og:image:type\" content=\"image\/jpeg\" \/>\n<meta name=\"author\" content=\"Staff\" \/>\n<meta name=\"twitter:card\" content=\"summary_large_image\" \/>\n<meta name=\"twitter:label1\" content=\"Escrito por\" \/>\n\t<meta name=\"twitter:data1\" content=\"Staff\" \/>\n\t<meta name=\"twitter:label2\" content=\"Tiempo de lectura\" \/>\n\t<meta name=\"twitter:data2\" content=\"3 minutos\" \/>\n<script type=\"application\/ld+json\" class=\"yoast-schema-graph\">{\"@context\":\"https:\\\/\\\/schema.org\",\"@graph\":[{\"@type\":\"Article\",\"@id\":\"https:\\\/\\\/www.bbmnoticias.com\\\/labravaradiofm\\\/2023\\\/06\\\/13\\\/lanzan-convocatoria-para-seleccionar-imagen-oficial-de-la-marca-de-certificacion-hecho-en-oaxaca\\\/#article\",\"isPartOf\":{\"@id\":\"https:\\\/\\\/www.bbmnoticias.com\\\/labravaradiofm\\\/2023\\\/06\\\/13\\\/lanzan-convocatoria-para-seleccionar-imagen-oficial-de-la-marca-de-certificacion-hecho-en-oaxaca\\\/\"},\"author\":{\"name\":\"Staff\",\"@id\":\"https:\\\/\\\/www.bbmnoticias.com\\\/labravaradiofm\\\/#\\\/schema\\\/person\\\/34b139c617a70ea5bef5678bffe4dd7b\"},\"headline\":\"Lanzan convocatoria para seleccionar imagen oficial de la marca de certificaci\u00f3n Hecho en Oaxaca\",\"datePublished\":\"2023-06-13T22:52:59+00:00\",\"dateModified\":\"2023-06-13T22:53:00+00:00\",\"mainEntityOfPage\":{\"@id\":\"https:\\\/\\\/www.bbmnoticias.com\\\/labravaradiofm\\\/2023\\\/06\\\/13\\\/lanzan-convocatoria-para-seleccionar-imagen-oficial-de-la-marca-de-certificacion-hecho-en-oaxaca\\\/\"},\"wordCount\":559,\"image\":{\"@id\":\"https:\\\/\\\/www.bbmnoticias.com\\\/labravaradiofm\\\/2023\\\/06\\\/13\\\/lanzan-convocatoria-para-seleccionar-imagen-oficial-de-la-marca-de-certificacion-hecho-en-oaxaca\\\/#primaryimage\"},\"thumbnailUrl\":\"https:\\\/\\\/www.bbmnoticias.com\\\/labravaradiofm\\\/wp-content\\\/uploads\\\/sites\\\/5\\\/2023\\\/06\\\/hecho_oaxaca.jpg\",\"articleSection\":[\"LOCAL\"],\"inLanguage\":\"es\"},{\"@type\":\"WebPage\",\"@id\":\"https:\\\/\\\/www.bbmnoticias.com\\\/labravaradiofm\\\/2023\\\/06\\\/13\\\/lanzan-convocatoria-para-seleccionar-imagen-oficial-de-la-marca-de-certificacion-hecho-en-oaxaca\\\/\",\"url\":\"https:\\\/\\\/www.bbmnoticias.com\\\/labravaradiofm\\\/2023\\\/06\\\/13\\\/lanzan-convocatoria-para-seleccionar-imagen-oficial-de-la-marca-de-certificacion-hecho-en-oaxaca\\\/\",\"name\":\"Lanzan convocatoria para seleccionar imagen oficial de la marca de certificaci\u00f3n Hecho en Oaxaca - LA BRAVA RADIO\",\"isPartOf\":{\"@id\":\"https:\\\/\\\/www.bbmnoticias.com\\\/labravaradiofm\\\/#website\"},\"primaryImageOfPage\":{\"@id\":\"https:\\\/\\\/www.bbmnoticias.com\\\/labravaradiofm\\\/2023\\\/06\\\/13\\\/lanzan-convocatoria-para-seleccionar-imagen-oficial-de-la-marca-de-certificacion-hecho-en-oaxaca\\\/#primaryimage\"},\"image\":{\"@id\":\"https:\\\/\\\/www.bbmnoticias.com\\\/labravaradiofm\\\/2023\\\/06\\\/13\\\/lanzan-convocatoria-para-seleccionar-imagen-oficial-de-la-marca-de-certificacion-hecho-en-oaxaca\\\/#primaryimage\"},\"thumbnailUrl\":\"https:\\\/\\\/www.bbmnoticias.com\\\/labravaradiofm\\\/wp-content\\\/uploads\\\/sites\\\/5\\\/2023\\\/06\\\/hecho_oaxaca.jpg\",\"datePublished\":\"2023-06-13T22:52:59+00:00\",\"dateModified\":\"2023-06-13T22:53:00+00:00\",\"author\":{\"@id\":\"https:\\\/\\\/www.bbmnoticias.com\\\/labravaradiofm\\\/#\\\/schema\\\/person\\\/34b139c617a70ea5bef5678bffe4dd7b\"},\"breadcrumb\":{\"@id\":\"https:\\\/\\\/www.bbmnoticias.com\\\/labravaradiofm\\\/2023\\\/06\\\/13\\\/lanzan-convocatoria-para-seleccionar-imagen-oficial-de-la-marca-de-certificacion-hecho-en-oaxaca\\\/#breadcrumb\"},\"inLanguage\":\"es\",\"potentialAction\":[{\"@type\":\"ReadAction\",\"target\":[\"https:\\\/\\\/www.bbmnoticias.com\\\/labravaradiofm\\\/2023\\\/06\\\/13\\\/lanzan-convocatoria-para-seleccionar-imagen-oficial-de-la-marca-de-certificacion-hecho-en-oaxaca\\\/\"]}]},{\"@type\":\"ImageObject\",\"inLanguage\":\"es\",\"@id\":\"https:\\\/\\\/www.bbmnoticias.com\\\/labravaradiofm\\\/2023\\\/06\\\/13\\\/lanzan-convocatoria-para-seleccionar-imagen-oficial-de-la-marca-de-certificacion-hecho-en-oaxaca\\\/#primaryimage\",\"url\":\"https:\\\/\\\/www.bbmnoticias.com\\\/labravaradiofm\\\/wp-content\\\/uploads\\\/sites\\\/5\\\/2023\\\/06\\\/hecho_oaxaca.jpg\",\"contentUrl\":\"https:\\\/\\\/www.bbmnoticias.com\\\/labravaradiofm\\\/wp-content\\\/uploads\\\/sites\\\/5\\\/2023\\\/06\\\/hecho_oaxaca.jpg\",\"width\":800,\"height\":1000},{\"@type\":\"BreadcrumbList\",\"@id\":\"https:\\\/\\\/www.bbmnoticias.com\\\/labravaradiofm\\\/2023\\\/06\\\/13\\\/lanzan-convocatoria-para-seleccionar-imagen-oficial-de-la-marca-de-certificacion-hecho-en-oaxaca\\\/#breadcrumb\",\"itemListElement\":[{\"@type\":\"ListItem\",\"position\":1,\"name\":\"Inicio\",\"item\":\"https:\\\/\\\/www.bbmnoticias.com\\\/labravaradiofm\\\/\"},{\"@type\":\"ListItem\",\"position\":2,\"name\":\"Lanzan convocatoria para seleccionar imagen oficial de la marca de certificaci\u00f3n Hecho en Oaxaca\"}]},{\"@type\":\"WebSite\",\"@id\":\"https:\\\/\\\/www.bbmnoticias.com\\\/labravaradiofm\\\/#website\",\"url\":\"https:\\\/\\\/www.bbmnoticias.com\\\/labravaradiofm\\\/\",\"name\":\"LA BRAVA RADIO\",\"description\":\"Empresa productora de medios, Radiodifusi\u00f3n, Noticias, tendencias y todo lo que necesitas saber de la pol\u00edtica mexicana e internacional; entretenimiento, espect\u00e1culos, salud y mucho m\u00e1s.\",\"potentialAction\":[{\"@type\":\"SearchAction\",\"target\":{\"@type\":\"EntryPoint\",\"urlTemplate\":\"https:\\\/\\\/www.bbmnoticias.com\\\/labravaradiofm\\\/?s={search_term_string}\"},\"query-input\":{\"@type\":\"PropertyValueSpecification\",\"valueRequired\":true,\"valueName\":\"search_term_string\"}}],\"inLanguage\":\"es\"},{\"@type\":\"Person\",\"@id\":\"https:\\\/\\\/www.bbmnoticias.com\\\/labravaradiofm\\\/#\\\/schema\\\/person\\\/34b139c617a70ea5bef5678bffe4dd7b\",\"name\":\"Staff\",\"image\":{\"@type\":\"ImageObject\",\"inLanguage\":\"es\",\"@id\":\"https:\\\/\\\/secure.gravatar.com\\\/avatar\\\/fdd21ad66fd8b98c407f9dee5b5e588cfe7f0d8579ec20fa6527cd59bab7f0f0?s=96&d=mm&r=g\",\"url\":\"https:\\\/\\\/secure.gravatar.com\\\/avatar\\\/fdd21ad66fd8b98c407f9dee5b5e588cfe7f0d8579ec20fa6527cd59bab7f0f0?s=96&d=mm&r=g\",\"contentUrl\":\"https:\\\/\\\/secure.gravatar.com\\\/avatar\\\/fdd21ad66fd8b98c407f9dee5b5e588cfe7f0d8579ec20fa6527cd59bab7f0f0?s=96&d=mm&r=g\",\"caption\":\"Staff\"},\"url\":\"https:\\\/\\\/www.bbmnoticias.com\\\/labravaradiofm\\\/author\\\/redaccion\\\/\"}]}<\/script>\n<!-- \/ Yoast SEO plugin. -->","yoast_head_json":{"title":"Lanzan convocatoria para seleccionar imagen oficial de la marca de certificaci\u00f3n Hecho en Oaxaca - LA BRAVA RADIO","robots":{"index":"index","follow":"follow","max-snippet":"max-snippet:-1","max-image-preview":"max-image-preview:large","max-video-preview":"max-video-preview:-1"},"canonical":"https:\/\/www.bbmnoticias.com\/labravaradiofm\/2023\/06\/13\/lanzan-convocatoria-para-seleccionar-imagen-oficial-de-la-marca-de-certificacion-hecho-en-oaxaca\/","og_locale":"es_MX","og_type":"article","og_title":"Lanzan convocatoria para seleccionar imagen oficial de la marca de certificaci\u00f3n Hecho en Oaxaca - LA BRAVA RADIO","og_description":"Oaxaca de Ju\u00e1rez, Oax.- El Gobierno del Estado a trav\u00e9s de la Secretar\u00eda de Desarrollo Econ\u00f3mico (Sedeco) convoca a personas mayores de 18 a\u00f1os al concurso estatal para seleccionar la imagen oficial de la marca de certificaci\u00f3n \u201cHecho en Oaxaca\u201d. Con este distintivo se busca certificar, evitar el plagio y brindar valor agregado a productos [&hellip;]","og_url":"https:\/\/www.bbmnoticias.com\/labravaradiofm\/2023\/06\/13\/lanzan-convocatoria-para-seleccionar-imagen-oficial-de-la-marca-de-certificacion-hecho-en-oaxaca\/","og_site_name":"LA BRAVA RADIO","article_published_time":"2023-06-13T22:52:59+00:00","article_modified_time":"2023-06-13T22:53:00+00:00","og_image":[{"width":800,"height":1000,"url":"https:\/\/www.bbmnoticias.com\/labravaradiofm\/wp-content\/uploads\/sites\/5\/2023\/06\/hecho_oaxaca.jpg","type":"image\/jpeg"}],"author":"Staff","twitter_card":"summary_large_image","twitter_misc":{"Escrito por":"Staff","Tiempo de lectura":"3 minutos"},"schema":{"@context":"https:\/\/schema.org","@graph":[{"@type":"Article","@id":"https:\/\/www.bbmnoticias.com\/labravaradiofm\/2023\/06\/13\/lanzan-convocatoria-para-seleccionar-imagen-oficial-de-la-marca-de-certificacion-hecho-en-oaxaca\/#article","isPartOf":{"@id":"https:\/\/www.bbmnoticias.com\/labravaradiofm\/2023\/06\/13\/lanzan-convocatoria-para-seleccionar-imagen-oficial-de-la-marca-de-certificacion-hecho-en-oaxaca\/"},"author":{"name":"Staff","@id":"https:\/\/www.bbmnoticias.com\/labravaradiofm\/#\/schema\/person\/34b139c617a70ea5bef5678bffe4dd7b"},"headline":"Lanzan convocatoria para seleccionar imagen oficial de la marca de certificaci\u00f3n Hecho en Oaxaca","datePublished":"2023-06-13T22:52:59+00:00","dateModified":"2023-06-13T22:53:00+00:00","mainEntityOfPage":{"@id":"https:\/\/www.bbmnoticias.com\/labravaradiofm\/2023\/06\/13\/lanzan-convocatoria-para-seleccionar-imagen-oficial-de-la-marca-de-certificacion-hecho-en-oaxaca\/"},"wordCount":559,"image":{"@id":"https:\/\/www.bbmnoticias.com\/labravaradiofm\/2023\/06\/13\/lanzan-convocatoria-para-seleccionar-imagen-oficial-de-la-marca-de-certificacion-hecho-en-oaxaca\/#primaryimage"},"thumbnailUrl":"https:\/\/www.bbmnoticias.com\/labravaradiofm\/wp-content\/uploads\/sites\/5\/2023\/06\/hecho_oaxaca.jpg","articleSection":["LOCAL"],"inLanguage":"es"},{"@type":"WebPage","@id":"https:\/\/www.bbmnoticias.com\/labravaradiofm\/2023\/06\/13\/lanzan-convocatoria-para-seleccionar-imagen-oficial-de-la-marca-de-certificacion-hecho-en-oaxaca\/","url":"https:\/\/www.bbmnoticias.com\/labravaradiofm\/2023\/06\/13\/lanzan-convocatoria-para-seleccionar-imagen-oficial-de-la-marca-de-certificacion-hecho-en-oaxaca\/","name":"Lanzan convocatoria para seleccionar imagen oficial de la marca de certificaci\u00f3n Hecho en Oaxaca - LA BRAVA RADIO","isPartOf":{"@id":"https:\/\/www.bbmnoticias.com\/labravaradiofm\/#website"},"primaryImageOfPage":{"@id":"https:\/\/www.bbmnoticias.com\/labravaradiofm\/2023\/06\/13\/lanzan-convocatoria-para-seleccionar-imagen-oficial-de-la-marca-de-certificacion-hecho-en-oaxaca\/#primaryimage"},"image":{"@id":"https:\/\/www.bbmnoticias.com\/labravaradiofm\/2023\/06\/13\/lanzan-convocatoria-para-seleccionar-imagen-oficial-de-la-marca-de-certificacion-hecho-en-oaxaca\/#primaryimage"},"thumbnailUrl":"https:\/\/www.bbmnoticias.com\/labravaradiofm\/wp-content\/uploads\/sites\/5\/2023\/06\/hecho_oaxaca.jpg","datePublished":"2023-06-13T22:52:59+00:00","dateModified":"2023-06-13T22:53:00+00:00","author":{"@id":"https:\/\/www.bbmnoticias.com\/labravaradiofm\/#\/schema\/person\/34b139c617a70ea5bef5678bffe4dd7b"},"breadcrumb":{"@id":"https:\/\/www.bbmnoticias.com\/labravaradiofm\/2023\/06\/13\/lanzan-convocatoria-para-seleccionar-imagen-oficial-de-la-marca-de-certificacion-hecho-en-oaxaca\/#breadcrumb"},"inLanguage":"es","potentialAction":[{"@type":"ReadAction","target":["https:\/\/www.bbmnoticias.com\/labravaradiofm\/2023\/06\/13\/lanzan-convocatoria-para-seleccionar-imagen-oficial-de-la-marca-de-certificacion-hecho-en-oaxaca\/"]}]},{"@type":"ImageObject","inLanguage":"es","@id":"https:\/\/www.bbmnoticias.com\/labravaradiofm\/2023\/06\/13\/lanzan-convocatoria-para-seleccionar-imagen-oficial-de-la-marca-de-certificacion-hecho-en-oaxaca\/#primaryimage","url":"https:\/\/www.bbmnoticias.com\/labravaradiofm\/wp-content\/uploads\/sites\/5\/2023\/06\/hecho_oaxaca.jpg","contentUrl":"https:\/\/www.bbmnoticias.com\/labravaradiofm\/wp-content\/uploads\/sites\/5\/2023\/06\/hecho_oaxaca.jpg","width":800,"height":1000},{"@type":"BreadcrumbList","@id":"https:\/\/www.bbmnoticias.com\/labravaradiofm\/2023\/06\/13\/lanzan-convocatoria-para-seleccionar-imagen-oficial-de-la-marca-de-certificacion-hecho-en-oaxaca\/#breadcrumb","itemListElement":[{"@type":"ListItem","position":1,"name":"Inicio","item":"https:\/\/www.bbmnoticias.com\/labravaradiofm\/"},{"@type":"ListItem","position":2,"name":"Lanzan convocatoria para seleccionar imagen oficial de la marca de certificaci\u00f3n Hecho en Oaxaca"}]},{"@type":"WebSite","@id":"https:\/\/www.bbmnoticias.com\/labravaradiofm\/#website","url":"https:\/\/www.bbmnoticias.com\/labravaradiofm\/","name":"LA BRAVA RADIO","description":"Empresa productora de medios, Radiodifusi\u00f3n, Noticias, tendencias y todo lo que necesitas saber de la pol\u00edtica mexicana e internacional; entretenimiento, espect\u00e1culos, salud y mucho m\u00e1s.","potentialAction":[{"@type":"SearchAction","target":{"@type":"EntryPoint","urlTemplate":"https:\/\/www.bbmnoticias.com\/labravaradiofm\/?s={search_term_string}"},"query-input":{"@type":"PropertyValueSpecification","valueRequired":true,"valueName":"search_term_string"}}],"inLanguage":"es"},{"@type":"Person","@id":"https:\/\/www.bbmnoticias.com\/labravaradiofm\/#\/schema\/person\/34b139c617a70ea5bef5678bffe4dd7b","name":"Staff","image":{"@type":"ImageObject","inLanguage":"es","@id":"https:\/\/secure.gravatar.com\/avatar\/fdd21ad66fd8b98c407f9dee5b5e588cfe7f0d8579ec20fa6527cd59bab7f0f0?s=96&d=mm&r=g","url":"https:\/\/secure.gravatar.com\/avatar\/fdd21ad66fd8b98c407f9dee5b5e588cfe7f0d8579ec20fa6527cd59bab7f0f0?s=96&d=mm&r=g","contentUrl":"https:\/\/secure.gravatar.com\/avatar\/fdd21ad66fd8b98c407f9dee5b5e588cfe7f0d8579ec20fa6527cd59bab7f0f0?s=96&d=mm&r=g","caption":"Staff"},"url":"https:\/\/www.bbmnoticias.com\/labravaradiofm\/author\/redaccion\/"}]}},"_links":{"self":[{"href":"https:\/\/www.bbmnoticias.com\/labravaradiofm\/wp-json\/wp\/v2\/posts\/28372","targetHints":{"allow":["GET"]}}],"collection":[{"href":"https:\/\/www.bbmnoticias.com\/labravaradiofm\/wp-json\/wp\/v2\/posts"}],"about":[{"href":"https:\/\/www.bbmnoticias.com\/labravaradiofm\/wp-json\/wp\/v2\/types\/post"}],"author":[{"embeddable":true,"href":"https:\/\/www.bbmnoticias.com\/labravaradiofm\/wp-json\/wp\/v2\/users\/2"}],"replies":[{"embeddable":true,"href":"https:\/\/www.bbmnoticias.com\/labravaradiofm\/wp-json\/wp\/v2\/comments?post=28372"}],"version-history":[{"count":0,"href":"https:\/\/www.bbmnoticias.com\/labravaradiofm\/wp-json\/wp\/v2\/posts\/28372\/revisions"}],"wp:featuredmedia":[{"embeddable":true,"href":"https:\/\/www.bbmnoticias.com\/labravaradiofm\/wp-json\/wp\/v2\/media\/28373"}],"wp:attachment":[{"href":"https:\/\/www.bbmnoticias.com\/labravaradiofm\/wp-json\/wp\/v2\/media?parent=28372"}],"wp:term":[{"taxonomy":"category","embeddable":true,"href":"https:\/\/www.bbmnoticias.com\/labravaradiofm\/wp-json\/wp\/v2\/categories?post=28372"},{"taxonomy":"post_tag","embeddable":true,"href":"https:\/\/www.bbmnoticias.com\/labravaradiofm\/wp-json\/wp\/v2\/tags?post=28372"}],"curies":[{"name":"wp","href":"https:\/\/api.w.org\/{rel}","templated":true}]}}