{"id":28366,"date":"2023-06-13T16:46:33","date_gmt":"2023-06-13T22:46:33","guid":{"rendered":"https:\/\/www.bbmnoticias.com\/labravaradiofm\/?p=28366"},"modified":"2023-06-13T16:46:35","modified_gmt":"2023-06-13T22:46:35","slug":"calidez-y-trato-digno-distingue-al-servicio-del-centro-de-acogida-temporal-para-personas-en-transito","status":"publish","type":"post","link":"https:\/\/www.bbmnoticias.com\/labravaradiofm\/2023\/06\/13\/calidez-y-trato-digno-distingue-al-servicio-del-centro-de-acogida-temporal-para-personas-en-transito\/","title":{"rendered":"Calidez y trato digno distingue al servicio del Centro de Acogida Temporal para Personas en Tr\u00e1nsito"},"content":{"rendered":"<div style=\"margin-top: 0px; margin-bottom: 0px;\" class=\"sharethis-inline-share-buttons\" ><\/div>\n<p><strong>Oaxaca de Ju\u00e1rez, Oax<\/strong>.- Un ambiente de bienestar y calma, como el que se vive en casa, es el que se percibe al ingresar al Centro de Acogida Temporal para Personas en Tr\u00e1nsito dependiente del Sistema para el Desarrollo Integral de la Familia (DIF) Oaxaca, donde diariamente convergen familias de diversas nacionalidades integradas por ni\u00f1as, ni\u00f1os y en otros casos adolescentes, quienes son arropados por todo el personal de este espacio destinado para la ayuda humanitaria.<\/p>\n\n\n\n<p>La atenci\u00f3n es integral y de respeto desde el momento en que ingresan las familias que por diversas razones se ven obligadas a salir de su pa\u00eds. En este lugar, personal de Trabajo Social acredita la familiaridad directa o consangu\u00ednea y son el enlace con el Instituto Nacional de Migraci\u00f3n (INM) para que reciban el acompa\u00f1amiento legal de su consulado o bien, para que les expidan el documento o la tarjeta de Visitante por Razones Humanitarias.<\/p>\n\n\n\n<p>Las personas adultas que viajan solas no pueden ingresar a este espacio, debido a que el principal requisito es que sean grupos de familias integradas por personas en desarrollo; en tanto, una persona menor de 18 a\u00f1os de edad que viaja sola, puede permanecer en el Centro hasta que se reintegre a su pa\u00eds de origen.<\/p>\n\n\n\n<p>Lo anterior, en cumplimiento de la presente administraci\u00f3n estatal de abonar con el compromiso de anteponer el Inter\u00e9s Superior de la Ni\u00f1ez y Adolescencia.<\/p>\n\n\n\n<p><strong>Se dispone de espacios dignos para su estad\u00eda<\/strong><\/p>\n\n\n\n<p>Despu\u00e9s de la entrevista que se realiza por protocolo, cada uno de los integrantes del grupo es sanitizado y se le realiza la prueba r\u00e1pida de Covid-19, cuyo resultado se obtiene en 15 minutos para proceder a la revisi\u00f3n de sus pertenencias. Posteriormente se les brinda la informaci\u00f3n sobre los servicios a los que pueden acceder de manera gratuita y las responsabilidades que debe cumplir durante su estancia, as\u00ed como las reglas de este espacio.&nbsp;<\/p>\n\n\n\n<p>De inmediato, se les suministran los productos de aseo personal y se les asigna un espacio digno por familia, el cual est\u00e1 limpio y se les pide que en esas mismas condiciones lo entreguen a su retiro.<\/p>\n\n\n\n<p>El ba\u00f1o y la degustaci\u00f3n de los alimentos es otra de las atenciones a las que las personas acceden en este lugar, en el que se busca que descansen y recuperen las energ\u00edas por los d\u00edas y horas recorridos a pie.<\/p>\n\n\n\n<p><strong>Atenci\u00f3n m\u00e9dica y de esparcimiento<\/strong><\/p>\n\n\n\n<p>La atenci\u00f3n m\u00e9dica, de enfermer\u00eda y psicol\u00f3gica siempre est\u00e1 disponible para quien lo requiera. En tanto, se les ofrecen talleres de costura, bordado y pintura, acceden a juegos de mesa, activaciones f\u00edsicas y a los espacios abiertos para la pr\u00e1ctica deportiva; tambi\u00e9n se proyectan pel\u00edculas y se reproduce m\u00fasica en los horarios establecidos.<\/p>\n\n\n\n<p>En este Centro de Acogida Temporal para Personas en Tr\u00e1nsito no importa la hora de ingreso, ni el n\u00famero de personas, siempre se cuentan con los alimentos y las colaciones para todas y todos. Es importante destacar que este espacio es de puertas abiertas y las personas son libres de elegir quedarse o retirarse.<\/p>\n\n\n\n<p>Este espacio registra al d\u00eda el ingreso de hasta 50 personas, en su mayor\u00eda originarias de Honduras, El Salvador, Venezuela, Guatemala, China, Afganist\u00e1n y la India.<\/p>\n\n\n\n<p>Sin distingo, todas las personas reciben el cari\u00f1o y calidez del personal de este Centro de Acogida quienes se diferencian por su trato humanitario, pues todas y todos tienen la vocaci\u00f3n de servicio. En unidad, conforman un extraordinario equipo que suma sus voluntades para lograr que nadie se quede atr\u00e1s y nadie se quede fuera.<\/p>\n\n\n\n<p>La afirmaci\u00f3n de lo comentado se formaliza con los abrazos y despedidas cargadas de buenos deseos que contin\u00faa con los mensajes de saludos compartidos despu\u00e9s de su retiro del Centro de Acogida Temporal para Personas en Tr\u00e1nsito, localizado en las calles 14 y 22 oriente sin n\u00famero, colonia Paraje Las Salinas del municipio San Raymundo Jalpan.<\/p>\n","protected":false},"excerpt":{"rendered":"<p>Oaxaca de Ju\u00e1rez, Oax.- Un ambiente de bienestar y calma, como el que se vive en casa, es el que se percibe al ingresar al Centro de Acogida Temporal para Personas en Tr\u00e1nsito dependiente del Sistema para el Desarrollo Integral de la Familia (DIF) Oaxaca, donde diariamente convergen familias de diversas nacionalidades integradas por ni\u00f1as, [&hellip;]<\/p>\n","protected":false},"author":2,"featured_media":28367,"comment_status":"closed","ping_status":"closed","sticky":false,"template":"","format":"standard","meta":{"footnotes":""},"categories":[2],"tags":[],"class_list":{"0":"post-28366","1":"post","2":"type-post","3":"status-publish","4":"format-standard","5":"has-post-thumbnail","7":"category-oaxaca"},"yoast_head":"<!-- This site is optimized with the Yoast SEO plugin v27.4 - https:\/\/yoast.com\/product\/yoast-seo-wordpress\/ -->\n<title>Calidez y trato digno distingue al servicio del Centro de Acogida Temporal para Personas en Tr\u00e1nsito - LA BRAVA RADIO<\/title>\n<meta name=\"robots\" content=\"index, follow, max-snippet:-1, max-image-preview:large, max-video-preview:-1\" \/>\n<link rel=\"canonical\" href=\"https:\/\/www.bbmnoticias.com\/labravaradiofm\/2023\/06\/13\/calidez-y-trato-digno-distingue-al-servicio-del-centro-de-acogida-temporal-para-personas-en-transito\/\" \/>\n<meta property=\"og:locale\" content=\"es_MX\" \/>\n<meta property=\"og:type\" content=\"article\" \/>\n<meta property=\"og:title\" content=\"Calidez y trato digno distingue al servicio del Centro de Acogida Temporal para Personas en Tr\u00e1nsito - LA BRAVA RADIO\" \/>\n<meta property=\"og:description\" content=\"Oaxaca de Ju\u00e1rez, Oax.- Un ambiente de bienestar y calma, como el que se vive en casa, es el que se percibe al ingresar al Centro de Acogida Temporal para Personas en Tr\u00e1nsito dependiente del Sistema para el Desarrollo Integral de la Familia (DIF) Oaxaca, donde diariamente convergen familias de diversas nacionalidades integradas por ni\u00f1as, [&hellip;]\" \/>\n<meta property=\"og:url\" content=\"https:\/\/www.bbmnoticias.com\/labravaradiofm\/2023\/06\/13\/calidez-y-trato-digno-distingue-al-servicio-del-centro-de-acogida-temporal-para-personas-en-transito\/\" \/>\n<meta property=\"og:site_name\" content=\"LA BRAVA RADIO\" \/>\n<meta property=\"article:published_time\" content=\"2023-06-13T22:46:33+00:00\" \/>\n<meta property=\"article:modified_time\" content=\"2023-06-13T22:46:35+00:00\" \/>\n<meta property=\"og:image\" content=\"https:\/\/www.bbmnoticias.com\/labravaradiofm\/wp-content\/uploads\/sites\/5\/2023\/06\/dif_migrantes.jpg\" \/>\n\t<meta property=\"og:image:width\" content=\"1280\" \/>\n\t<meta property=\"og:image:height\" content=\"760\" \/>\n\t<meta property=\"og:image:type\" content=\"image\/jpeg\" \/>\n<meta name=\"author\" content=\"Staff\" \/>\n<meta name=\"twitter:card\" content=\"summary_large_image\" \/>\n<meta name=\"twitter:label1\" content=\"Escrito por\" \/>\n\t<meta name=\"twitter:data1\" content=\"Staff\" \/>\n\t<meta name=\"twitter:label2\" content=\"Tiempo de lectura\" \/>\n\t<meta name=\"twitter:data2\" content=\"3 minutos\" \/>\n<script type=\"application\/ld+json\" class=\"yoast-schema-graph\">{\"@context\":\"https:\\\/\\\/schema.org\",\"@graph\":[{\"@type\":\"Article\",\"@id\":\"https:\\\/\\\/www.bbmnoticias.com\\\/labravaradiofm\\\/2023\\\/06\\\/13\\\/calidez-y-trato-digno-distingue-al-servicio-del-centro-de-acogida-temporal-para-personas-en-transito\\\/#article\",\"isPartOf\":{\"@id\":\"https:\\\/\\\/www.bbmnoticias.com\\\/labravaradiofm\\\/2023\\\/06\\\/13\\\/calidez-y-trato-digno-distingue-al-servicio-del-centro-de-acogida-temporal-para-personas-en-transito\\\/\"},\"author\":{\"name\":\"Staff\",\"@id\":\"https:\\\/\\\/www.bbmnoticias.com\\\/labravaradiofm\\\/#\\\/schema\\\/person\\\/34b139c617a70ea5bef5678bffe4dd7b\"},\"headline\":\"Calidez y trato digno distingue al servicio del Centro de Acogida Temporal para Personas en Tr\u00e1nsito\",\"datePublished\":\"2023-06-13T22:46:33+00:00\",\"dateModified\":\"2023-06-13T22:46:35+00:00\",\"mainEntityOfPage\":{\"@id\":\"https:\\\/\\\/www.bbmnoticias.com\\\/labravaradiofm\\\/2023\\\/06\\\/13\\\/calidez-y-trato-digno-distingue-al-servicio-del-centro-de-acogida-temporal-para-personas-en-transito\\\/\"},\"wordCount\":703,\"image\":{\"@id\":\"https:\\\/\\\/www.bbmnoticias.com\\\/labravaradiofm\\\/2023\\\/06\\\/13\\\/calidez-y-trato-digno-distingue-al-servicio-del-centro-de-acogida-temporal-para-personas-en-transito\\\/#primaryimage\"},\"thumbnailUrl\":\"https:\\\/\\\/www.bbmnoticias.com\\\/labravaradiofm\\\/wp-content\\\/uploads\\\/sites\\\/5\\\/2023\\\/06\\\/dif_migrantes.jpg\",\"articleSection\":[\"LOCAL\"],\"inLanguage\":\"es\"},{\"@type\":\"WebPage\",\"@id\":\"https:\\\/\\\/www.bbmnoticias.com\\\/labravaradiofm\\\/2023\\\/06\\\/13\\\/calidez-y-trato-digno-distingue-al-servicio-del-centro-de-acogida-temporal-para-personas-en-transito\\\/\",\"url\":\"https:\\\/\\\/www.bbmnoticias.com\\\/labravaradiofm\\\/2023\\\/06\\\/13\\\/calidez-y-trato-digno-distingue-al-servicio-del-centro-de-acogida-temporal-para-personas-en-transito\\\/\",\"name\":\"Calidez y trato digno distingue al servicio del Centro de Acogida Temporal para Personas en Tr\u00e1nsito - LA BRAVA RADIO\",\"isPartOf\":{\"@id\":\"https:\\\/\\\/www.bbmnoticias.com\\\/labravaradiofm\\\/#website\"},\"primaryImageOfPage\":{\"@id\":\"https:\\\/\\\/www.bbmnoticias.com\\\/labravaradiofm\\\/2023\\\/06\\\/13\\\/calidez-y-trato-digno-distingue-al-servicio-del-centro-de-acogida-temporal-para-personas-en-transito\\\/#primaryimage\"},\"image\":{\"@id\":\"https:\\\/\\\/www.bbmnoticias.com\\\/labravaradiofm\\\/2023\\\/06\\\/13\\\/calidez-y-trato-digno-distingue-al-servicio-del-centro-de-acogida-temporal-para-personas-en-transito\\\/#primaryimage\"},\"thumbnailUrl\":\"https:\\\/\\\/www.bbmnoticias.com\\\/labravaradiofm\\\/wp-content\\\/uploads\\\/sites\\\/5\\\/2023\\\/06\\\/dif_migrantes.jpg\",\"datePublished\":\"2023-06-13T22:46:33+00:00\",\"dateModified\":\"2023-06-13T22:46:35+00:00\",\"author\":{\"@id\":\"https:\\\/\\\/www.bbmnoticias.com\\\/labravaradiofm\\\/#\\\/schema\\\/person\\\/34b139c617a70ea5bef5678bffe4dd7b\"},\"breadcrumb\":{\"@id\":\"https:\\\/\\\/www.bbmnoticias.com\\\/labravaradiofm\\\/2023\\\/06\\\/13\\\/calidez-y-trato-digno-distingue-al-servicio-del-centro-de-acogida-temporal-para-personas-en-transito\\\/#breadcrumb\"},\"inLanguage\":\"es\",\"potentialAction\":[{\"@type\":\"ReadAction\",\"target\":[\"https:\\\/\\\/www.bbmnoticias.com\\\/labravaradiofm\\\/2023\\\/06\\\/13\\\/calidez-y-trato-digno-distingue-al-servicio-del-centro-de-acogida-temporal-para-personas-en-transito\\\/\"]}]},{\"@type\":\"ImageObject\",\"inLanguage\":\"es\",\"@id\":\"https:\\\/\\\/www.bbmnoticias.com\\\/labravaradiofm\\\/2023\\\/06\\\/13\\\/calidez-y-trato-digno-distingue-al-servicio-del-centro-de-acogida-temporal-para-personas-en-transito\\\/#primaryimage\",\"url\":\"https:\\\/\\\/www.bbmnoticias.com\\\/labravaradiofm\\\/wp-content\\\/uploads\\\/sites\\\/5\\\/2023\\\/06\\\/dif_migrantes.jpg\",\"contentUrl\":\"https:\\\/\\\/www.bbmnoticias.com\\\/labravaradiofm\\\/wp-content\\\/uploads\\\/sites\\\/5\\\/2023\\\/06\\\/dif_migrantes.jpg\",\"width\":1280,\"height\":760},{\"@type\":\"BreadcrumbList\",\"@id\":\"https:\\\/\\\/www.bbmnoticias.com\\\/labravaradiofm\\\/2023\\\/06\\\/13\\\/calidez-y-trato-digno-distingue-al-servicio-del-centro-de-acogida-temporal-para-personas-en-transito\\\/#breadcrumb\",\"itemListElement\":[{\"@type\":\"ListItem\",\"position\":1,\"name\":\"Inicio\",\"item\":\"https:\\\/\\\/www.bbmnoticias.com\\\/labravaradiofm\\\/\"},{\"@type\":\"ListItem\",\"position\":2,\"name\":\"Calidez y trato digno distingue al servicio del Centro de Acogida Temporal para Personas en Tr\u00e1nsito\"}]},{\"@type\":\"WebSite\",\"@id\":\"https:\\\/\\\/www.bbmnoticias.com\\\/labravaradiofm\\\/#website\",\"url\":\"https:\\\/\\\/www.bbmnoticias.com\\\/labravaradiofm\\\/\",\"name\":\"LA BRAVA RADIO\",\"description\":\"Empresa productora de medios, Radiodifusi\u00f3n, Noticias, tendencias y todo lo que necesitas saber de la pol\u00edtica mexicana e internacional; entretenimiento, espect\u00e1culos, salud y mucho m\u00e1s.\",\"potentialAction\":[{\"@type\":\"SearchAction\",\"target\":{\"@type\":\"EntryPoint\",\"urlTemplate\":\"https:\\\/\\\/www.bbmnoticias.com\\\/labravaradiofm\\\/?s={search_term_string}\"},\"query-input\":{\"@type\":\"PropertyValueSpecification\",\"valueRequired\":true,\"valueName\":\"search_term_string\"}}],\"inLanguage\":\"es\"},{\"@type\":\"Person\",\"@id\":\"https:\\\/\\\/www.bbmnoticias.com\\\/labravaradiofm\\\/#\\\/schema\\\/person\\\/34b139c617a70ea5bef5678bffe4dd7b\",\"name\":\"Staff\",\"image\":{\"@type\":\"ImageObject\",\"inLanguage\":\"es\",\"@id\":\"https:\\\/\\\/secure.gravatar.com\\\/avatar\\\/fdd21ad66fd8b98c407f9dee5b5e588cfe7f0d8579ec20fa6527cd59bab7f0f0?s=96&d=mm&r=g\",\"url\":\"https:\\\/\\\/secure.gravatar.com\\\/avatar\\\/fdd21ad66fd8b98c407f9dee5b5e588cfe7f0d8579ec20fa6527cd59bab7f0f0?s=96&d=mm&r=g\",\"contentUrl\":\"https:\\\/\\\/secure.gravatar.com\\\/avatar\\\/fdd21ad66fd8b98c407f9dee5b5e588cfe7f0d8579ec20fa6527cd59bab7f0f0?s=96&d=mm&r=g\",\"caption\":\"Staff\"},\"url\":\"https:\\\/\\\/www.bbmnoticias.com\\\/labravaradiofm\\\/author\\\/redaccion\\\/\"}]}<\/script>\n<!-- \/ Yoast SEO plugin. -->","yoast_head_json":{"title":"Calidez y trato digno distingue al servicio del Centro de Acogida Temporal para Personas en Tr\u00e1nsito - LA BRAVA RADIO","robots":{"index":"index","follow":"follow","max-snippet":"max-snippet:-1","max-image-preview":"max-image-preview:large","max-video-preview":"max-video-preview:-1"},"canonical":"https:\/\/www.bbmnoticias.com\/labravaradiofm\/2023\/06\/13\/calidez-y-trato-digno-distingue-al-servicio-del-centro-de-acogida-temporal-para-personas-en-transito\/","og_locale":"es_MX","og_type":"article","og_title":"Calidez y trato digno distingue al servicio del Centro de Acogida Temporal para Personas en Tr\u00e1nsito - LA BRAVA RADIO","og_description":"Oaxaca de Ju\u00e1rez, Oax.- Un ambiente de bienestar y calma, como el que se vive en casa, es el que se percibe al ingresar al Centro de Acogida Temporal para Personas en Tr\u00e1nsito dependiente del Sistema para el Desarrollo Integral de la Familia (DIF) Oaxaca, donde diariamente convergen familias de diversas nacionalidades integradas por ni\u00f1as, [&hellip;]","og_url":"https:\/\/www.bbmnoticias.com\/labravaradiofm\/2023\/06\/13\/calidez-y-trato-digno-distingue-al-servicio-del-centro-de-acogida-temporal-para-personas-en-transito\/","og_site_name":"LA BRAVA RADIO","article_published_time":"2023-06-13T22:46:33+00:00","article_modified_time":"2023-06-13T22:46:35+00:00","og_image":[{"width":1280,"height":760,"url":"https:\/\/www.bbmnoticias.com\/labravaradiofm\/wp-content\/uploads\/sites\/5\/2023\/06\/dif_migrantes.jpg","type":"image\/jpeg"}],"author":"Staff","twitter_card":"summary_large_image","twitter_misc":{"Escrito por":"Staff","Tiempo de lectura":"3 minutos"},"schema":{"@context":"https:\/\/schema.org","@graph":[{"@type":"Article","@id":"https:\/\/www.bbmnoticias.com\/labravaradiofm\/2023\/06\/13\/calidez-y-trato-digno-distingue-al-servicio-del-centro-de-acogida-temporal-para-personas-en-transito\/#article","isPartOf":{"@id":"https:\/\/www.bbmnoticias.com\/labravaradiofm\/2023\/06\/13\/calidez-y-trato-digno-distingue-al-servicio-del-centro-de-acogida-temporal-para-personas-en-transito\/"},"author":{"name":"Staff","@id":"https:\/\/www.bbmnoticias.com\/labravaradiofm\/#\/schema\/person\/34b139c617a70ea5bef5678bffe4dd7b"},"headline":"Calidez y trato digno distingue al servicio del Centro de Acogida Temporal para Personas en Tr\u00e1nsito","datePublished":"2023-06-13T22:46:33+00:00","dateModified":"2023-06-13T22:46:35+00:00","mainEntityOfPage":{"@id":"https:\/\/www.bbmnoticias.com\/labravaradiofm\/2023\/06\/13\/calidez-y-trato-digno-distingue-al-servicio-del-centro-de-acogida-temporal-para-personas-en-transito\/"},"wordCount":703,"image":{"@id":"https:\/\/www.bbmnoticias.com\/labravaradiofm\/2023\/06\/13\/calidez-y-trato-digno-distingue-al-servicio-del-centro-de-acogida-temporal-para-personas-en-transito\/#primaryimage"},"thumbnailUrl":"https:\/\/www.bbmnoticias.com\/labravaradiofm\/wp-content\/uploads\/sites\/5\/2023\/06\/dif_migrantes.jpg","articleSection":["LOCAL"],"inLanguage":"es"},{"@type":"WebPage","@id":"https:\/\/www.bbmnoticias.com\/labravaradiofm\/2023\/06\/13\/calidez-y-trato-digno-distingue-al-servicio-del-centro-de-acogida-temporal-para-personas-en-transito\/","url":"https:\/\/www.bbmnoticias.com\/labravaradiofm\/2023\/06\/13\/calidez-y-trato-digno-distingue-al-servicio-del-centro-de-acogida-temporal-para-personas-en-transito\/","name":"Calidez y trato digno distingue al servicio del Centro de Acogida Temporal para Personas en Tr\u00e1nsito - LA BRAVA RADIO","isPartOf":{"@id":"https:\/\/www.bbmnoticias.com\/labravaradiofm\/#website"},"primaryImageOfPage":{"@id":"https:\/\/www.bbmnoticias.com\/labravaradiofm\/2023\/06\/13\/calidez-y-trato-digno-distingue-al-servicio-del-centro-de-acogida-temporal-para-personas-en-transito\/#primaryimage"},"image":{"@id":"https:\/\/www.bbmnoticias.com\/labravaradiofm\/2023\/06\/13\/calidez-y-trato-digno-distingue-al-servicio-del-centro-de-acogida-temporal-para-personas-en-transito\/#primaryimage"},"thumbnailUrl":"https:\/\/www.bbmnoticias.com\/labravaradiofm\/wp-content\/uploads\/sites\/5\/2023\/06\/dif_migrantes.jpg","datePublished":"2023-06-13T22:46:33+00:00","dateModified":"2023-06-13T22:46:35+00:00","author":{"@id":"https:\/\/www.bbmnoticias.com\/labravaradiofm\/#\/schema\/person\/34b139c617a70ea5bef5678bffe4dd7b"},"breadcrumb":{"@id":"https:\/\/www.bbmnoticias.com\/labravaradiofm\/2023\/06\/13\/calidez-y-trato-digno-distingue-al-servicio-del-centro-de-acogida-temporal-para-personas-en-transito\/#breadcrumb"},"inLanguage":"es","potentialAction":[{"@type":"ReadAction","target":["https:\/\/www.bbmnoticias.com\/labravaradiofm\/2023\/06\/13\/calidez-y-trato-digno-distingue-al-servicio-del-centro-de-acogida-temporal-para-personas-en-transito\/"]}]},{"@type":"ImageObject","inLanguage":"es","@id":"https:\/\/www.bbmnoticias.com\/labravaradiofm\/2023\/06\/13\/calidez-y-trato-digno-distingue-al-servicio-del-centro-de-acogida-temporal-para-personas-en-transito\/#primaryimage","url":"https:\/\/www.bbmnoticias.com\/labravaradiofm\/wp-content\/uploads\/sites\/5\/2023\/06\/dif_migrantes.jpg","contentUrl":"https:\/\/www.bbmnoticias.com\/labravaradiofm\/wp-content\/uploads\/sites\/5\/2023\/06\/dif_migrantes.jpg","width":1280,"height":760},{"@type":"BreadcrumbList","@id":"https:\/\/www.bbmnoticias.com\/labravaradiofm\/2023\/06\/13\/calidez-y-trato-digno-distingue-al-servicio-del-centro-de-acogida-temporal-para-personas-en-transito\/#breadcrumb","itemListElement":[{"@type":"ListItem","position":1,"name":"Inicio","item":"https:\/\/www.bbmnoticias.com\/labravaradiofm\/"},{"@type":"ListItem","position":2,"name":"Calidez y trato digno distingue al servicio del Centro de Acogida Temporal para Personas en Tr\u00e1nsito"}]},{"@type":"WebSite","@id":"https:\/\/www.bbmnoticias.com\/labravaradiofm\/#website","url":"https:\/\/www.bbmnoticias.com\/labravaradiofm\/","name":"LA BRAVA RADIO","description":"Empresa productora de medios, Radiodifusi\u00f3n, Noticias, tendencias y todo lo que necesitas saber de la pol\u00edtica mexicana e internacional; entretenimiento, espect\u00e1culos, salud y mucho m\u00e1s.","potentialAction":[{"@type":"SearchAction","target":{"@type":"EntryPoint","urlTemplate":"https:\/\/www.bbmnoticias.com\/labravaradiofm\/?s={search_term_string}"},"query-input":{"@type":"PropertyValueSpecification","valueRequired":true,"valueName":"search_term_string"}}],"inLanguage":"es"},{"@type":"Person","@id":"https:\/\/www.bbmnoticias.com\/labravaradiofm\/#\/schema\/person\/34b139c617a70ea5bef5678bffe4dd7b","name":"Staff","image":{"@type":"ImageObject","inLanguage":"es","@id":"https:\/\/secure.gravatar.com\/avatar\/fdd21ad66fd8b98c407f9dee5b5e588cfe7f0d8579ec20fa6527cd59bab7f0f0?s=96&d=mm&r=g","url":"https:\/\/secure.gravatar.com\/avatar\/fdd21ad66fd8b98c407f9dee5b5e588cfe7f0d8579ec20fa6527cd59bab7f0f0?s=96&d=mm&r=g","contentUrl":"https:\/\/secure.gravatar.com\/avatar\/fdd21ad66fd8b98c407f9dee5b5e588cfe7f0d8579ec20fa6527cd59bab7f0f0?s=96&d=mm&r=g","caption":"Staff"},"url":"https:\/\/www.bbmnoticias.com\/labravaradiofm\/author\/redaccion\/"}]}},"_links":{"self":[{"href":"https:\/\/www.bbmnoticias.com\/labravaradiofm\/wp-json\/wp\/v2\/posts\/28366","targetHints":{"allow":["GET"]}}],"collection":[{"href":"https:\/\/www.bbmnoticias.com\/labravaradiofm\/wp-json\/wp\/v2\/posts"}],"about":[{"href":"https:\/\/www.bbmnoticias.com\/labravaradiofm\/wp-json\/wp\/v2\/types\/post"}],"author":[{"embeddable":true,"href":"https:\/\/www.bbmnoticias.com\/labravaradiofm\/wp-json\/wp\/v2\/users\/2"}],"replies":[{"embeddable":true,"href":"https:\/\/www.bbmnoticias.com\/labravaradiofm\/wp-json\/wp\/v2\/comments?post=28366"}],"version-history":[{"count":0,"href":"https:\/\/www.bbmnoticias.com\/labravaradiofm\/wp-json\/wp\/v2\/posts\/28366\/revisions"}],"wp:featuredmedia":[{"embeddable":true,"href":"https:\/\/www.bbmnoticias.com\/labravaradiofm\/wp-json\/wp\/v2\/media\/28367"}],"wp:attachment":[{"href":"https:\/\/www.bbmnoticias.com\/labravaradiofm\/wp-json\/wp\/v2\/media?parent=28366"}],"wp:term":[{"taxonomy":"category","embeddable":true,"href":"https:\/\/www.bbmnoticias.com\/labravaradiofm\/wp-json\/wp\/v2\/categories?post=28366"},{"taxonomy":"post_tag","embeddable":true,"href":"https:\/\/www.bbmnoticias.com\/labravaradiofm\/wp-json\/wp\/v2\/tags?post=28366"}],"curies":[{"name":"wp","href":"https:\/\/api.w.org\/{rel}","templated":true}]}}