{"id":28357,"date":"2023-06-13T13:25:56","date_gmt":"2023-06-13T19:25:56","guid":{"rendered":"https:\/\/www.bbmnoticias.com\/labravaradiofm\/?p=28357"},"modified":"2023-06-13T13:25:58","modified_gmt":"2023-06-13T19:25:58","slug":"familia-de-salina-cruz-pide-ayuda-lluvia-la-deja-sin-techo-en-su-vivienda","status":"publish","type":"post","link":"https:\/\/www.bbmnoticias.com\/labravaradiofm\/2023\/06\/13\/familia-de-salina-cruz-pide-ayuda-lluvia-la-deja-sin-techo-en-su-vivienda\/","title":{"rendered":"Familia de Salina Cruz pide ayuda; lluvia la deja sin techo en su vivienda"},"content":{"rendered":"<div style=\"margin-top: 0px; margin-bottom: 0px;\" class=\"sharethis-inline-share-buttons\" ><\/div>\n<p>Salina Cruz, Oaxaca. Una familia ubicada en la parte alta del cerro de Salina Cruz, se qued\u00f3 sin techado luego de la tormenta registrada la madrugada de este martes en la regi\u00f3n del Istmo.<\/p>\n\n\n\n<p>A trav\u00e9s de redes sociales la se\u00f1ora Rosal\u00eda Flores, dio cuenta de la manera en que se vio afectada por los fuertes vientos y lluvia.<\/p>\n\n\n\n<p>La vivienda de esta se\u00f1ora ubicada en la colonia Juquilita, perdi\u00f3 el techado de l\u00e1mina y los tubulares que la sosten\u00eda, los cuales fueron desprendidos por las rachas de viento.<\/p>\n\n\n\n<p>Muebles, electrodom\u00e9sticos, cama, ropa y dem\u00e1s pertenencias terminaron completamente mojadas por la lluvia, perdiendo todo su patrimonio.<\/p>\n\n\n\n<p>La tormenta trajo fuertes vientos y una intensa lluvia e inici\u00f3 cerca de las 2 de la ma\u00f1ana.<br>Varias colonias de diversas zonas se vieron afectadas con el corte de energ\u00eda el\u00e9ctrica.<\/p>\n\n\n\n<p>Este martes por la ma\u00f1ana, el Presidente Municipal Daniel M\u00e9ndez Sosa, instruy\u00f3 al personal de servicios generales de retirar la tierra en las calles y de hacer la limpieza de las mismas.<\/p>\n\n\n\n<p>Adem\u00e1s, a trav\u00e9s de protecci\u00f3n civil mantienen un monitoreo en las colonias del municipio para evaluar m\u00e1s da\u00f1os.<\/p>\n","protected":false},"excerpt":{"rendered":"<p>Salina Cruz, Oaxaca. Una familia ubicada en la parte alta del cerro de Salina Cruz, se qued\u00f3 sin techado luego de la tormenta registrada la madrugada de este martes en la regi\u00f3n del Istmo. A trav\u00e9s de redes sociales la se\u00f1ora Rosal\u00eda Flores, dio cuenta de la manera en que se vio afectada por los [&hellip;]<\/p>\n","protected":false},"author":3,"featured_media":28358,"comment_status":"closed","ping_status":"closed","sticky":false,"template":"","format":"standard","meta":{"footnotes":""},"categories":[2],"tags":[],"class_list":{"0":"post-28357","1":"post","2":"type-post","3":"status-publish","4":"format-standard","5":"has-post-thumbnail","7":"category-oaxaca"},"yoast_head":"<!-- This site is optimized with the Yoast SEO plugin v27.4 - https:\/\/yoast.com\/product\/yoast-seo-wordpress\/ -->\n<title>Familia de Salina Cruz pide ayuda; lluvia la deja sin techo en su vivienda - LA BRAVA RADIO<\/title>\n<meta name=\"robots\" content=\"index, follow, max-snippet:-1, max-image-preview:large, max-video-preview:-1\" \/>\n<link rel=\"canonical\" href=\"https:\/\/www.bbmnoticias.com\/labravaradiofm\/2023\/06\/13\/familia-de-salina-cruz-pide-ayuda-lluvia-la-deja-sin-techo-en-su-vivienda\/\" \/>\n<meta property=\"og:locale\" content=\"es_MX\" \/>\n<meta property=\"og:type\" content=\"article\" \/>\n<meta property=\"og:title\" content=\"Familia de Salina Cruz pide ayuda; lluvia la deja sin techo en su vivienda - LA BRAVA RADIO\" \/>\n<meta property=\"og:description\" content=\"Salina Cruz, Oaxaca. Una familia ubicada en la parte alta del cerro de Salina Cruz, se qued\u00f3 sin techado luego de la tormenta registrada la madrugada de este martes en la regi\u00f3n del Istmo. A trav\u00e9s de redes sociales la se\u00f1ora Rosal\u00eda Flores, dio cuenta de la manera en que se vio afectada por los [&hellip;]\" \/>\n<meta property=\"og:url\" content=\"https:\/\/www.bbmnoticias.com\/labravaradiofm\/2023\/06\/13\/familia-de-salina-cruz-pide-ayuda-lluvia-la-deja-sin-techo-en-su-vivienda\/\" \/>\n<meta property=\"og:site_name\" content=\"LA BRAVA RADIO\" \/>\n<meta property=\"article:author\" content=\"https:\/\/www.facebook.com\/EdwinMeneses30\" \/>\n<meta property=\"article:published_time\" content=\"2023-06-13T19:25:56+00:00\" \/>\n<meta property=\"article:modified_time\" content=\"2023-06-13T19:25:58+00:00\" \/>\n<meta property=\"og:image\" content=\"https:\/\/www.bbmnoticias.com\/labravaradiofm\/wp-content\/uploads\/sites\/5\/2023\/06\/lluvias_oaxaca.jpg\" \/>\n\t<meta property=\"og:image:width\" content=\"800\" \/>\n\t<meta property=\"og:image:height\" content=\"470\" \/>\n\t<meta property=\"og:image:type\" content=\"image\/jpeg\" \/>\n<meta name=\"author\" content=\"Edwin MENESES\" \/>\n<meta name=\"twitter:card\" content=\"summary_large_image\" \/>\n<meta name=\"twitter:creator\" content=\"@https:\/\/twitter.com\/edwin_meneses81\" \/>\n<meta name=\"twitter:label1\" content=\"Escrito por\" \/>\n\t<meta name=\"twitter:data1\" content=\"Edwin MENESES\" \/>\n\t<meta name=\"twitter:label2\" content=\"Tiempo de lectura\" \/>\n\t<meta name=\"twitter:data2\" content=\"1 minuto\" \/>\n<script type=\"application\/ld+json\" class=\"yoast-schema-graph\">{\"@context\":\"https:\\\/\\\/schema.org\",\"@graph\":[{\"@type\":\"Article\",\"@id\":\"https:\\\/\\\/www.bbmnoticias.com\\\/labravaradiofm\\\/2023\\\/06\\\/13\\\/familia-de-salina-cruz-pide-ayuda-lluvia-la-deja-sin-techo-en-su-vivienda\\\/#article\",\"isPartOf\":{\"@id\":\"https:\\\/\\\/www.bbmnoticias.com\\\/labravaradiofm\\\/2023\\\/06\\\/13\\\/familia-de-salina-cruz-pide-ayuda-lluvia-la-deja-sin-techo-en-su-vivienda\\\/\"},\"author\":{\"name\":\"Edwin MENESES\",\"@id\":\"https:\\\/\\\/www.bbmnoticias.com\\\/labravaradiofm\\\/#\\\/schema\\\/person\\\/ac8532773d4f65dd24a852ecaf4c3ed0\"},\"headline\":\"Familia de Salina Cruz pide ayuda; lluvia la deja sin techo en su vivienda\",\"datePublished\":\"2023-06-13T19:25:56+00:00\",\"dateModified\":\"2023-06-13T19:25:58+00:00\",\"mainEntityOfPage\":{\"@id\":\"https:\\\/\\\/www.bbmnoticias.com\\\/labravaradiofm\\\/2023\\\/06\\\/13\\\/familia-de-salina-cruz-pide-ayuda-lluvia-la-deja-sin-techo-en-su-vivienda\\\/\"},\"wordCount\":220,\"image\":{\"@id\":\"https:\\\/\\\/www.bbmnoticias.com\\\/labravaradiofm\\\/2023\\\/06\\\/13\\\/familia-de-salina-cruz-pide-ayuda-lluvia-la-deja-sin-techo-en-su-vivienda\\\/#primaryimage\"},\"thumbnailUrl\":\"https:\\\/\\\/www.bbmnoticias.com\\\/labravaradiofm\\\/wp-content\\\/uploads\\\/sites\\\/5\\\/2023\\\/06\\\/lluvias_oaxaca.jpg\",\"articleSection\":[\"LOCAL\"],\"inLanguage\":\"es\"},{\"@type\":\"WebPage\",\"@id\":\"https:\\\/\\\/www.bbmnoticias.com\\\/labravaradiofm\\\/2023\\\/06\\\/13\\\/familia-de-salina-cruz-pide-ayuda-lluvia-la-deja-sin-techo-en-su-vivienda\\\/\",\"url\":\"https:\\\/\\\/www.bbmnoticias.com\\\/labravaradiofm\\\/2023\\\/06\\\/13\\\/familia-de-salina-cruz-pide-ayuda-lluvia-la-deja-sin-techo-en-su-vivienda\\\/\",\"name\":\"Familia de Salina Cruz pide ayuda; lluvia la deja sin techo en su vivienda - LA BRAVA RADIO\",\"isPartOf\":{\"@id\":\"https:\\\/\\\/www.bbmnoticias.com\\\/labravaradiofm\\\/#website\"},\"primaryImageOfPage\":{\"@id\":\"https:\\\/\\\/www.bbmnoticias.com\\\/labravaradiofm\\\/2023\\\/06\\\/13\\\/familia-de-salina-cruz-pide-ayuda-lluvia-la-deja-sin-techo-en-su-vivienda\\\/#primaryimage\"},\"image\":{\"@id\":\"https:\\\/\\\/www.bbmnoticias.com\\\/labravaradiofm\\\/2023\\\/06\\\/13\\\/familia-de-salina-cruz-pide-ayuda-lluvia-la-deja-sin-techo-en-su-vivienda\\\/#primaryimage\"},\"thumbnailUrl\":\"https:\\\/\\\/www.bbmnoticias.com\\\/labravaradiofm\\\/wp-content\\\/uploads\\\/sites\\\/5\\\/2023\\\/06\\\/lluvias_oaxaca.jpg\",\"datePublished\":\"2023-06-13T19:25:56+00:00\",\"dateModified\":\"2023-06-13T19:25:58+00:00\",\"author\":{\"@id\":\"https:\\\/\\\/www.bbmnoticias.com\\\/labravaradiofm\\\/#\\\/schema\\\/person\\\/ac8532773d4f65dd24a852ecaf4c3ed0\"},\"breadcrumb\":{\"@id\":\"https:\\\/\\\/www.bbmnoticias.com\\\/labravaradiofm\\\/2023\\\/06\\\/13\\\/familia-de-salina-cruz-pide-ayuda-lluvia-la-deja-sin-techo-en-su-vivienda\\\/#breadcrumb\"},\"inLanguage\":\"es\",\"potentialAction\":[{\"@type\":\"ReadAction\",\"target\":[\"https:\\\/\\\/www.bbmnoticias.com\\\/labravaradiofm\\\/2023\\\/06\\\/13\\\/familia-de-salina-cruz-pide-ayuda-lluvia-la-deja-sin-techo-en-su-vivienda\\\/\"]}]},{\"@type\":\"ImageObject\",\"inLanguage\":\"es\",\"@id\":\"https:\\\/\\\/www.bbmnoticias.com\\\/labravaradiofm\\\/2023\\\/06\\\/13\\\/familia-de-salina-cruz-pide-ayuda-lluvia-la-deja-sin-techo-en-su-vivienda\\\/#primaryimage\",\"url\":\"https:\\\/\\\/www.bbmnoticias.com\\\/labravaradiofm\\\/wp-content\\\/uploads\\\/sites\\\/5\\\/2023\\\/06\\\/lluvias_oaxaca.jpg\",\"contentUrl\":\"https:\\\/\\\/www.bbmnoticias.com\\\/labravaradiofm\\\/wp-content\\\/uploads\\\/sites\\\/5\\\/2023\\\/06\\\/lluvias_oaxaca.jpg\",\"width\":800,\"height\":470},{\"@type\":\"BreadcrumbList\",\"@id\":\"https:\\\/\\\/www.bbmnoticias.com\\\/labravaradiofm\\\/2023\\\/06\\\/13\\\/familia-de-salina-cruz-pide-ayuda-lluvia-la-deja-sin-techo-en-su-vivienda\\\/#breadcrumb\",\"itemListElement\":[{\"@type\":\"ListItem\",\"position\":1,\"name\":\"Inicio\",\"item\":\"https:\\\/\\\/www.bbmnoticias.com\\\/labravaradiofm\\\/\"},{\"@type\":\"ListItem\",\"position\":2,\"name\":\"Familia de Salina Cruz pide ayuda; lluvia la deja sin techo en su vivienda\"}]},{\"@type\":\"WebSite\",\"@id\":\"https:\\\/\\\/www.bbmnoticias.com\\\/labravaradiofm\\\/#website\",\"url\":\"https:\\\/\\\/www.bbmnoticias.com\\\/labravaradiofm\\\/\",\"name\":\"LA BRAVA RADIO\",\"description\":\"Empresa productora de medios, Radiodifusi\u00f3n, Noticias, tendencias y todo lo que necesitas saber de la pol\u00edtica mexicana e internacional; entretenimiento, espect\u00e1culos, salud y mucho m\u00e1s.\",\"potentialAction\":[{\"@type\":\"SearchAction\",\"target\":{\"@type\":\"EntryPoint\",\"urlTemplate\":\"https:\\\/\\\/www.bbmnoticias.com\\\/labravaradiofm\\\/?s={search_term_string}\"},\"query-input\":{\"@type\":\"PropertyValueSpecification\",\"valueRequired\":true,\"valueName\":\"search_term_string\"}}],\"inLanguage\":\"es\"},{\"@type\":\"Person\",\"@id\":\"https:\\\/\\\/www.bbmnoticias.com\\\/labravaradiofm\\\/#\\\/schema\\\/person\\\/ac8532773d4f65dd24a852ecaf4c3ed0\",\"name\":\"Edwin MENESES\",\"image\":{\"@type\":\"ImageObject\",\"inLanguage\":\"es\",\"@id\":\"https:\\\/\\\/secure.gravatar.com\\\/avatar\\\/202a15439445248653d719ff745fa195bcc0553404b070fe317543754f253c4f?s=96&d=mm&r=g\",\"url\":\"https:\\\/\\\/secure.gravatar.com\\\/avatar\\\/202a15439445248653d719ff745fa195bcc0553404b070fe317543754f253c4f?s=96&d=mm&r=g\",\"contentUrl\":\"https:\\\/\\\/secure.gravatar.com\\\/avatar\\\/202a15439445248653d719ff745fa195bcc0553404b070fe317543754f253c4f?s=96&d=mm&r=g\",\"caption\":\"Edwin MENESES\"},\"sameAs\":[\"https:\\\/\\\/www.bbmnoticias.com\",\"https:\\\/\\\/www.facebook.com\\\/EdwinMeneses30\",\"https:\\\/\\\/x.com\\\/https:\\\/\\\/twitter.com\\\/edwin_meneses81\"],\"url\":\"https:\\\/\\\/www.bbmnoticias.com\\\/labravaradiofm\\\/author\\\/edwin\\\/\"}]}<\/script>\n<!-- \/ Yoast SEO plugin. -->","yoast_head_json":{"title":"Familia de Salina Cruz pide ayuda; lluvia la deja sin techo en su vivienda - LA BRAVA RADIO","robots":{"index":"index","follow":"follow","max-snippet":"max-snippet:-1","max-image-preview":"max-image-preview:large","max-video-preview":"max-video-preview:-1"},"canonical":"https:\/\/www.bbmnoticias.com\/labravaradiofm\/2023\/06\/13\/familia-de-salina-cruz-pide-ayuda-lluvia-la-deja-sin-techo-en-su-vivienda\/","og_locale":"es_MX","og_type":"article","og_title":"Familia de Salina Cruz pide ayuda; lluvia la deja sin techo en su vivienda - LA BRAVA RADIO","og_description":"Salina Cruz, Oaxaca. Una familia ubicada en la parte alta del cerro de Salina Cruz, se qued\u00f3 sin techado luego de la tormenta registrada la madrugada de este martes en la regi\u00f3n del Istmo. A trav\u00e9s de redes sociales la se\u00f1ora Rosal\u00eda Flores, dio cuenta de la manera en que se vio afectada por los [&hellip;]","og_url":"https:\/\/www.bbmnoticias.com\/labravaradiofm\/2023\/06\/13\/familia-de-salina-cruz-pide-ayuda-lluvia-la-deja-sin-techo-en-su-vivienda\/","og_site_name":"LA BRAVA RADIO","article_author":"https:\/\/www.facebook.com\/EdwinMeneses30","article_published_time":"2023-06-13T19:25:56+00:00","article_modified_time":"2023-06-13T19:25:58+00:00","og_image":[{"width":800,"height":470,"url":"https:\/\/www.bbmnoticias.com\/labravaradiofm\/wp-content\/uploads\/sites\/5\/2023\/06\/lluvias_oaxaca.jpg","type":"image\/jpeg"}],"author":"Edwin MENESES","twitter_card":"summary_large_image","twitter_creator":"@https:\/\/twitter.com\/edwin_meneses81","twitter_misc":{"Escrito por":"Edwin MENESES","Tiempo de lectura":"1 minuto"},"schema":{"@context":"https:\/\/schema.org","@graph":[{"@type":"Article","@id":"https:\/\/www.bbmnoticias.com\/labravaradiofm\/2023\/06\/13\/familia-de-salina-cruz-pide-ayuda-lluvia-la-deja-sin-techo-en-su-vivienda\/#article","isPartOf":{"@id":"https:\/\/www.bbmnoticias.com\/labravaradiofm\/2023\/06\/13\/familia-de-salina-cruz-pide-ayuda-lluvia-la-deja-sin-techo-en-su-vivienda\/"},"author":{"name":"Edwin MENESES","@id":"https:\/\/www.bbmnoticias.com\/labravaradiofm\/#\/schema\/person\/ac8532773d4f65dd24a852ecaf4c3ed0"},"headline":"Familia de Salina Cruz pide ayuda; lluvia la deja sin techo en su vivienda","datePublished":"2023-06-13T19:25:56+00:00","dateModified":"2023-06-13T19:25:58+00:00","mainEntityOfPage":{"@id":"https:\/\/www.bbmnoticias.com\/labravaradiofm\/2023\/06\/13\/familia-de-salina-cruz-pide-ayuda-lluvia-la-deja-sin-techo-en-su-vivienda\/"},"wordCount":220,"image":{"@id":"https:\/\/www.bbmnoticias.com\/labravaradiofm\/2023\/06\/13\/familia-de-salina-cruz-pide-ayuda-lluvia-la-deja-sin-techo-en-su-vivienda\/#primaryimage"},"thumbnailUrl":"https:\/\/www.bbmnoticias.com\/labravaradiofm\/wp-content\/uploads\/sites\/5\/2023\/06\/lluvias_oaxaca.jpg","articleSection":["LOCAL"],"inLanguage":"es"},{"@type":"WebPage","@id":"https:\/\/www.bbmnoticias.com\/labravaradiofm\/2023\/06\/13\/familia-de-salina-cruz-pide-ayuda-lluvia-la-deja-sin-techo-en-su-vivienda\/","url":"https:\/\/www.bbmnoticias.com\/labravaradiofm\/2023\/06\/13\/familia-de-salina-cruz-pide-ayuda-lluvia-la-deja-sin-techo-en-su-vivienda\/","name":"Familia de Salina Cruz pide ayuda; lluvia la deja sin techo en su vivienda - LA BRAVA RADIO","isPartOf":{"@id":"https:\/\/www.bbmnoticias.com\/labravaradiofm\/#website"},"primaryImageOfPage":{"@id":"https:\/\/www.bbmnoticias.com\/labravaradiofm\/2023\/06\/13\/familia-de-salina-cruz-pide-ayuda-lluvia-la-deja-sin-techo-en-su-vivienda\/#primaryimage"},"image":{"@id":"https:\/\/www.bbmnoticias.com\/labravaradiofm\/2023\/06\/13\/familia-de-salina-cruz-pide-ayuda-lluvia-la-deja-sin-techo-en-su-vivienda\/#primaryimage"},"thumbnailUrl":"https:\/\/www.bbmnoticias.com\/labravaradiofm\/wp-content\/uploads\/sites\/5\/2023\/06\/lluvias_oaxaca.jpg","datePublished":"2023-06-13T19:25:56+00:00","dateModified":"2023-06-13T19:25:58+00:00","author":{"@id":"https:\/\/www.bbmnoticias.com\/labravaradiofm\/#\/schema\/person\/ac8532773d4f65dd24a852ecaf4c3ed0"},"breadcrumb":{"@id":"https:\/\/www.bbmnoticias.com\/labravaradiofm\/2023\/06\/13\/familia-de-salina-cruz-pide-ayuda-lluvia-la-deja-sin-techo-en-su-vivienda\/#breadcrumb"},"inLanguage":"es","potentialAction":[{"@type":"ReadAction","target":["https:\/\/www.bbmnoticias.com\/labravaradiofm\/2023\/06\/13\/familia-de-salina-cruz-pide-ayuda-lluvia-la-deja-sin-techo-en-su-vivienda\/"]}]},{"@type":"ImageObject","inLanguage":"es","@id":"https:\/\/www.bbmnoticias.com\/labravaradiofm\/2023\/06\/13\/familia-de-salina-cruz-pide-ayuda-lluvia-la-deja-sin-techo-en-su-vivienda\/#primaryimage","url":"https:\/\/www.bbmnoticias.com\/labravaradiofm\/wp-content\/uploads\/sites\/5\/2023\/06\/lluvias_oaxaca.jpg","contentUrl":"https:\/\/www.bbmnoticias.com\/labravaradiofm\/wp-content\/uploads\/sites\/5\/2023\/06\/lluvias_oaxaca.jpg","width":800,"height":470},{"@type":"BreadcrumbList","@id":"https:\/\/www.bbmnoticias.com\/labravaradiofm\/2023\/06\/13\/familia-de-salina-cruz-pide-ayuda-lluvia-la-deja-sin-techo-en-su-vivienda\/#breadcrumb","itemListElement":[{"@type":"ListItem","position":1,"name":"Inicio","item":"https:\/\/www.bbmnoticias.com\/labravaradiofm\/"},{"@type":"ListItem","position":2,"name":"Familia de Salina Cruz pide ayuda; lluvia la deja sin techo en su vivienda"}]},{"@type":"WebSite","@id":"https:\/\/www.bbmnoticias.com\/labravaradiofm\/#website","url":"https:\/\/www.bbmnoticias.com\/labravaradiofm\/","name":"LA BRAVA RADIO","description":"Empresa productora de medios, Radiodifusi\u00f3n, Noticias, tendencias y todo lo que necesitas saber de la pol\u00edtica mexicana e internacional; entretenimiento, espect\u00e1culos, salud y mucho m\u00e1s.","potentialAction":[{"@type":"SearchAction","target":{"@type":"EntryPoint","urlTemplate":"https:\/\/www.bbmnoticias.com\/labravaradiofm\/?s={search_term_string}"},"query-input":{"@type":"PropertyValueSpecification","valueRequired":true,"valueName":"search_term_string"}}],"inLanguage":"es"},{"@type":"Person","@id":"https:\/\/www.bbmnoticias.com\/labravaradiofm\/#\/schema\/person\/ac8532773d4f65dd24a852ecaf4c3ed0","name":"Edwin MENESES","image":{"@type":"ImageObject","inLanguage":"es","@id":"https:\/\/secure.gravatar.com\/avatar\/202a15439445248653d719ff745fa195bcc0553404b070fe317543754f253c4f?s=96&d=mm&r=g","url":"https:\/\/secure.gravatar.com\/avatar\/202a15439445248653d719ff745fa195bcc0553404b070fe317543754f253c4f?s=96&d=mm&r=g","contentUrl":"https:\/\/secure.gravatar.com\/avatar\/202a15439445248653d719ff745fa195bcc0553404b070fe317543754f253c4f?s=96&d=mm&r=g","caption":"Edwin MENESES"},"sameAs":["https:\/\/www.bbmnoticias.com","https:\/\/www.facebook.com\/EdwinMeneses30","https:\/\/x.com\/https:\/\/twitter.com\/edwin_meneses81"],"url":"https:\/\/www.bbmnoticias.com\/labravaradiofm\/author\/edwin\/"}]}},"_links":{"self":[{"href":"https:\/\/www.bbmnoticias.com\/labravaradiofm\/wp-json\/wp\/v2\/posts\/28357","targetHints":{"allow":["GET"]}}],"collection":[{"href":"https:\/\/www.bbmnoticias.com\/labravaradiofm\/wp-json\/wp\/v2\/posts"}],"about":[{"href":"https:\/\/www.bbmnoticias.com\/labravaradiofm\/wp-json\/wp\/v2\/types\/post"}],"author":[{"embeddable":true,"href":"https:\/\/www.bbmnoticias.com\/labravaradiofm\/wp-json\/wp\/v2\/users\/3"}],"replies":[{"embeddable":true,"href":"https:\/\/www.bbmnoticias.com\/labravaradiofm\/wp-json\/wp\/v2\/comments?post=28357"}],"version-history":[{"count":0,"href":"https:\/\/www.bbmnoticias.com\/labravaradiofm\/wp-json\/wp\/v2\/posts\/28357\/revisions"}],"wp:featuredmedia":[{"embeddable":true,"href":"https:\/\/www.bbmnoticias.com\/labravaradiofm\/wp-json\/wp\/v2\/media\/28358"}],"wp:attachment":[{"href":"https:\/\/www.bbmnoticias.com\/labravaradiofm\/wp-json\/wp\/v2\/media?parent=28357"}],"wp:term":[{"taxonomy":"category","embeddable":true,"href":"https:\/\/www.bbmnoticias.com\/labravaradiofm\/wp-json\/wp\/v2\/categories?post=28357"},{"taxonomy":"post_tag","embeddable":true,"href":"https:\/\/www.bbmnoticias.com\/labravaradiofm\/wp-json\/wp\/v2\/tags?post=28357"}],"curies":[{"name":"wp","href":"https:\/\/api.w.org\/{rel}","templated":true}]}}