{"id":28332,"date":"2023-06-12T19:35:39","date_gmt":"2023-06-13T01:35:39","guid":{"rendered":"https:\/\/www.bbmnoticias.com\/labravaradiofm\/?p=28332"},"modified":"2023-06-12T19:35:39","modified_gmt":"2023-06-13T01:35:39","slug":"despliegan-fiscalia-de-oaxaca-sedena-guardia-nacional-policia-estatal-y-municipal-operativo-huajuapan","status":"publish","type":"post","link":"https:\/\/www.bbmnoticias.com\/labravaradiofm\/2023\/06\/12\/despliegan-fiscalia-de-oaxaca-sedena-guardia-nacional-policia-estatal-y-municipal-operativo-huajuapan\/","title":{"rendered":"Despliegan Fiscal\u00eda de Oaxaca, Sedena, Guardia Nacional, Polic\u00eda Estatal y Municipal \u201cOperativo Huajuapan\u201d"},"content":{"rendered":"<div style=\"margin-top: 0px; margin-bottom: 0px;\" class=\"sharethis-inline-share-buttons\" ><\/div>\n<p><strong>Oaxaca de Ju\u00e1rez, Oax., a 12 de junio de 2023.-<\/strong> La Fiscal\u00eda General del Estado de Oaxaca (FGEO) de manera conjunta con la Secretar\u00eda de la Defensa Nacional (Sedena), Guardia Nacional, Secretar\u00eda de Seguridad y Protecci\u00f3n Ciudadana (SSPC), a trav\u00e9s de la Polic\u00eda Estatal, as\u00ed como la Polic\u00eda Municipal, pusieron en marcha hoy el \u201cOperativo Huajuapan\u201d, el cual tiene como objetivo combatir la delincuencia, criminalidad, prevenir los delitos y procurar justicia en dicho municipio y la totalidad de la regi\u00f3n Mixteca.<\/p>\n\n\n\n<p>Lo anterior, como una respuesta interinstitucional, coordinada y eficaz para hacer frente a la exigencia ciudadana de establecer mecanismos que permitan disminuir los delitos de alto impacto que se han registrado en las \u00faltimas fechas en dicha ciudad, as\u00ed como en la zona.<\/p>\n\n\n\n<p>Ante ello, las instituciones antes mencionadas instalaron filtros de seguridad en puntos estrat\u00e9gicos, adem\u00e1s de implementar rondines de seguridad como parte de las acciones disuasivas en toda la regi\u00f3n Mixteca, con un aumento de elementos policiales; aunado al aumento en la efectividad de respuesta frente a la comisi\u00f3n de delitos.<\/p>\n\n\n\n<p>Para la Fiscal\u00eda General resulta fundamental llevar a cabo acciones coordinadas con los cuerpos de seguridad de todos los niveles de gobierno, como una t\u00e1ctica prioritaria que permita atender y reducir los \u00edndices de criminalidad registrados en la zona.<\/p>\n\n\n\n<p>Con lo anterior, se busca fortalecer las colaboraciones interinstitucionales para ampliar las capacidades de las dependencias de seguridad en el \u00e1mbito municipal, estatal y federal, as\u00ed como enfocar con mayor eficacia los esfuerzos en materia de prevenci\u00f3n, lo que contribuye en la atenci\u00f3n de la exigencia social en la materia.<\/p>\n\n\n\n<p>Por lo cual, la Fiscal\u00eda participa activamente en el operativo conjunto, el cual se realiza en estrecha coordinaci\u00f3n con la Secretar\u00eda de la Defensa Nacional, la Guardia Nacional y cuerpos polic\u00edacos estatales y municipales.<\/p>\n\n\n\n<p>Asimismo, la FGEO destac\u00f3 que las acciones y actos de investigaci\u00f3n que realiza tienen como objetivo prioritario procurar que las v\u00edctimas tengan pleno acceso a la justicia, por lo que, busca realizar un trabajo coordinado con autoridades estatales y federales que le permitan brindar mejores resultados.<\/p>\n","protected":false},"excerpt":{"rendered":"<p>Oaxaca de Ju\u00e1rez, Oax., a 12 de junio de 2023.- La Fiscal\u00eda General del Estado de Oaxaca (FGEO) de manera conjunta con la Secretar\u00eda de la Defensa Nacional (Sedena), Guardia Nacional, Secretar\u00eda de Seguridad y Protecci\u00f3n Ciudadana (SSPC), a trav\u00e9s de la Polic\u00eda Estatal, as\u00ed como la Polic\u00eda Municipal, pusieron en marcha hoy el \u201cOperativo [&hellip;]<\/p>\n","protected":false},"author":2,"featured_media":28333,"comment_status":"closed","ping_status":"closed","sticky":false,"template":"","format":"standard","meta":{"footnotes":""},"categories":[2],"tags":[],"class_list":{"0":"post-28332","1":"post","2":"type-post","3":"status-publish","4":"format-standard","5":"has-post-thumbnail","7":"category-oaxaca"},"yoast_head":"<!-- This site is optimized with the Yoast SEO plugin v27.4 - https:\/\/yoast.com\/product\/yoast-seo-wordpress\/ -->\n<title>Despliegan Fiscal\u00eda de Oaxaca, Sedena, Guardia Nacional, Polic\u00eda Estatal y Municipal \u201cOperativo Huajuapan\u201d - LA BRAVA RADIO<\/title>\n<meta name=\"robots\" content=\"index, follow, max-snippet:-1, max-image-preview:large, max-video-preview:-1\" \/>\n<link rel=\"canonical\" href=\"https:\/\/www.bbmnoticias.com\/labravaradiofm\/2023\/06\/12\/despliegan-fiscalia-de-oaxaca-sedena-guardia-nacional-policia-estatal-y-municipal-operativo-huajuapan\/\" \/>\n<meta property=\"og:locale\" content=\"es_MX\" \/>\n<meta property=\"og:type\" content=\"article\" \/>\n<meta property=\"og:title\" content=\"Despliegan Fiscal\u00eda de Oaxaca, Sedena, Guardia Nacional, Polic\u00eda Estatal y Municipal \u201cOperativo Huajuapan\u201d - LA BRAVA RADIO\" \/>\n<meta property=\"og:description\" content=\"Oaxaca de Ju\u00e1rez, Oax., a 12 de junio de 2023.- La Fiscal\u00eda General del Estado de Oaxaca (FGEO) de manera conjunta con la Secretar\u00eda de la Defensa Nacional (Sedena), Guardia Nacional, Secretar\u00eda de Seguridad y Protecci\u00f3n Ciudadana (SSPC), a trav\u00e9s de la Polic\u00eda Estatal, as\u00ed como la Polic\u00eda Municipal, pusieron en marcha hoy el \u201cOperativo [&hellip;]\" \/>\n<meta property=\"og:url\" content=\"https:\/\/www.bbmnoticias.com\/labravaradiofm\/2023\/06\/12\/despliegan-fiscalia-de-oaxaca-sedena-guardia-nacional-policia-estatal-y-municipal-operativo-huajuapan\/\" \/>\n<meta property=\"og:site_name\" content=\"LA BRAVA RADIO\" \/>\n<meta property=\"article:published_time\" content=\"2023-06-13T01:35:39+00:00\" \/>\n<meta property=\"og:image\" content=\"https:\/\/www.bbmnoticias.com\/labravaradiofm\/wp-content\/uploads\/sites\/5\/2023\/06\/operativo_oaxaca.jpg\" \/>\n\t<meta property=\"og:image:width\" content=\"800\" \/>\n\t<meta property=\"og:image:height\" content=\"600\" \/>\n\t<meta property=\"og:image:type\" content=\"image\/jpeg\" \/>\n<meta name=\"author\" content=\"Staff\" \/>\n<meta name=\"twitter:card\" content=\"summary_large_image\" \/>\n<meta name=\"twitter:label1\" content=\"Escrito por\" \/>\n\t<meta name=\"twitter:data1\" content=\"Staff\" \/>\n\t<meta name=\"twitter:label2\" content=\"Tiempo de lectura\" \/>\n\t<meta name=\"twitter:data2\" content=\"2 minutos\" \/>\n<script type=\"application\/ld+json\" class=\"yoast-schema-graph\">{\"@context\":\"https:\\\/\\\/schema.org\",\"@graph\":[{\"@type\":\"Article\",\"@id\":\"https:\\\/\\\/www.bbmnoticias.com\\\/labravaradiofm\\\/2023\\\/06\\\/12\\\/despliegan-fiscalia-de-oaxaca-sedena-guardia-nacional-policia-estatal-y-municipal-operativo-huajuapan\\\/#article\",\"isPartOf\":{\"@id\":\"https:\\\/\\\/www.bbmnoticias.com\\\/labravaradiofm\\\/2023\\\/06\\\/12\\\/despliegan-fiscalia-de-oaxaca-sedena-guardia-nacional-policia-estatal-y-municipal-operativo-huajuapan\\\/\"},\"author\":{\"name\":\"Staff\",\"@id\":\"https:\\\/\\\/www.bbmnoticias.com\\\/labravaradiofm\\\/#\\\/schema\\\/person\\\/34b139c617a70ea5bef5678bffe4dd7b\"},\"headline\":\"Despliegan Fiscal\u00eda de Oaxaca, Sedena, Guardia Nacional, Polic\u00eda Estatal y Municipal \u201cOperativo Huajuapan\u201d\",\"datePublished\":\"2023-06-13T01:35:39+00:00\",\"mainEntityOfPage\":{\"@id\":\"https:\\\/\\\/www.bbmnoticias.com\\\/labravaradiofm\\\/2023\\\/06\\\/12\\\/despliegan-fiscalia-de-oaxaca-sedena-guardia-nacional-policia-estatal-y-municipal-operativo-huajuapan\\\/\"},\"wordCount\":380,\"image\":{\"@id\":\"https:\\\/\\\/www.bbmnoticias.com\\\/labravaradiofm\\\/2023\\\/06\\\/12\\\/despliegan-fiscalia-de-oaxaca-sedena-guardia-nacional-policia-estatal-y-municipal-operativo-huajuapan\\\/#primaryimage\"},\"thumbnailUrl\":\"https:\\\/\\\/www.bbmnoticias.com\\\/labravaradiofm\\\/wp-content\\\/uploads\\\/sites\\\/5\\\/2023\\\/06\\\/operativo_oaxaca.jpg\",\"articleSection\":[\"LOCAL\"],\"inLanguage\":\"es\"},{\"@type\":\"WebPage\",\"@id\":\"https:\\\/\\\/www.bbmnoticias.com\\\/labravaradiofm\\\/2023\\\/06\\\/12\\\/despliegan-fiscalia-de-oaxaca-sedena-guardia-nacional-policia-estatal-y-municipal-operativo-huajuapan\\\/\",\"url\":\"https:\\\/\\\/www.bbmnoticias.com\\\/labravaradiofm\\\/2023\\\/06\\\/12\\\/despliegan-fiscalia-de-oaxaca-sedena-guardia-nacional-policia-estatal-y-municipal-operativo-huajuapan\\\/\",\"name\":\"Despliegan Fiscal\u00eda de Oaxaca, Sedena, Guardia Nacional, Polic\u00eda Estatal y Municipal \u201cOperativo Huajuapan\u201d - LA BRAVA RADIO\",\"isPartOf\":{\"@id\":\"https:\\\/\\\/www.bbmnoticias.com\\\/labravaradiofm\\\/#website\"},\"primaryImageOfPage\":{\"@id\":\"https:\\\/\\\/www.bbmnoticias.com\\\/labravaradiofm\\\/2023\\\/06\\\/12\\\/despliegan-fiscalia-de-oaxaca-sedena-guardia-nacional-policia-estatal-y-municipal-operativo-huajuapan\\\/#primaryimage\"},\"image\":{\"@id\":\"https:\\\/\\\/www.bbmnoticias.com\\\/labravaradiofm\\\/2023\\\/06\\\/12\\\/despliegan-fiscalia-de-oaxaca-sedena-guardia-nacional-policia-estatal-y-municipal-operativo-huajuapan\\\/#primaryimage\"},\"thumbnailUrl\":\"https:\\\/\\\/www.bbmnoticias.com\\\/labravaradiofm\\\/wp-content\\\/uploads\\\/sites\\\/5\\\/2023\\\/06\\\/operativo_oaxaca.jpg\",\"datePublished\":\"2023-06-13T01:35:39+00:00\",\"author\":{\"@id\":\"https:\\\/\\\/www.bbmnoticias.com\\\/labravaradiofm\\\/#\\\/schema\\\/person\\\/34b139c617a70ea5bef5678bffe4dd7b\"},\"breadcrumb\":{\"@id\":\"https:\\\/\\\/www.bbmnoticias.com\\\/labravaradiofm\\\/2023\\\/06\\\/12\\\/despliegan-fiscalia-de-oaxaca-sedena-guardia-nacional-policia-estatal-y-municipal-operativo-huajuapan\\\/#breadcrumb\"},\"inLanguage\":\"es\",\"potentialAction\":[{\"@type\":\"ReadAction\",\"target\":[\"https:\\\/\\\/www.bbmnoticias.com\\\/labravaradiofm\\\/2023\\\/06\\\/12\\\/despliegan-fiscalia-de-oaxaca-sedena-guardia-nacional-policia-estatal-y-municipal-operativo-huajuapan\\\/\"]}]},{\"@type\":\"ImageObject\",\"inLanguage\":\"es\",\"@id\":\"https:\\\/\\\/www.bbmnoticias.com\\\/labravaradiofm\\\/2023\\\/06\\\/12\\\/despliegan-fiscalia-de-oaxaca-sedena-guardia-nacional-policia-estatal-y-municipal-operativo-huajuapan\\\/#primaryimage\",\"url\":\"https:\\\/\\\/www.bbmnoticias.com\\\/labravaradiofm\\\/wp-content\\\/uploads\\\/sites\\\/5\\\/2023\\\/06\\\/operativo_oaxaca.jpg\",\"contentUrl\":\"https:\\\/\\\/www.bbmnoticias.com\\\/labravaradiofm\\\/wp-content\\\/uploads\\\/sites\\\/5\\\/2023\\\/06\\\/operativo_oaxaca.jpg\",\"width\":800,\"height\":600},{\"@type\":\"BreadcrumbList\",\"@id\":\"https:\\\/\\\/www.bbmnoticias.com\\\/labravaradiofm\\\/2023\\\/06\\\/12\\\/despliegan-fiscalia-de-oaxaca-sedena-guardia-nacional-policia-estatal-y-municipal-operativo-huajuapan\\\/#breadcrumb\",\"itemListElement\":[{\"@type\":\"ListItem\",\"position\":1,\"name\":\"Inicio\",\"item\":\"https:\\\/\\\/www.bbmnoticias.com\\\/labravaradiofm\\\/\"},{\"@type\":\"ListItem\",\"position\":2,\"name\":\"Despliegan Fiscal\u00eda de Oaxaca, Sedena, Guardia Nacional, Polic\u00eda Estatal y Municipal \u201cOperativo Huajuapan\u201d\"}]},{\"@type\":\"WebSite\",\"@id\":\"https:\\\/\\\/www.bbmnoticias.com\\\/labravaradiofm\\\/#website\",\"url\":\"https:\\\/\\\/www.bbmnoticias.com\\\/labravaradiofm\\\/\",\"name\":\"LA BRAVA RADIO\",\"description\":\"Empresa productora de medios, Radiodifusi\u00f3n, Noticias, tendencias y todo lo que necesitas saber de la pol\u00edtica mexicana e internacional; entretenimiento, espect\u00e1culos, salud y mucho m\u00e1s.\",\"potentialAction\":[{\"@type\":\"SearchAction\",\"target\":{\"@type\":\"EntryPoint\",\"urlTemplate\":\"https:\\\/\\\/www.bbmnoticias.com\\\/labravaradiofm\\\/?s={search_term_string}\"},\"query-input\":{\"@type\":\"PropertyValueSpecification\",\"valueRequired\":true,\"valueName\":\"search_term_string\"}}],\"inLanguage\":\"es\"},{\"@type\":\"Person\",\"@id\":\"https:\\\/\\\/www.bbmnoticias.com\\\/labravaradiofm\\\/#\\\/schema\\\/person\\\/34b139c617a70ea5bef5678bffe4dd7b\",\"name\":\"Staff\",\"image\":{\"@type\":\"ImageObject\",\"inLanguage\":\"es\",\"@id\":\"https:\\\/\\\/secure.gravatar.com\\\/avatar\\\/fdd21ad66fd8b98c407f9dee5b5e588cfe7f0d8579ec20fa6527cd59bab7f0f0?s=96&d=mm&r=g\",\"url\":\"https:\\\/\\\/secure.gravatar.com\\\/avatar\\\/fdd21ad66fd8b98c407f9dee5b5e588cfe7f0d8579ec20fa6527cd59bab7f0f0?s=96&d=mm&r=g\",\"contentUrl\":\"https:\\\/\\\/secure.gravatar.com\\\/avatar\\\/fdd21ad66fd8b98c407f9dee5b5e588cfe7f0d8579ec20fa6527cd59bab7f0f0?s=96&d=mm&r=g\",\"caption\":\"Staff\"},\"url\":\"https:\\\/\\\/www.bbmnoticias.com\\\/labravaradiofm\\\/author\\\/redaccion\\\/\"}]}<\/script>\n<!-- \/ Yoast SEO plugin. -->","yoast_head_json":{"title":"Despliegan Fiscal\u00eda de Oaxaca, Sedena, Guardia Nacional, Polic\u00eda Estatal y Municipal \u201cOperativo Huajuapan\u201d - LA BRAVA RADIO","robots":{"index":"index","follow":"follow","max-snippet":"max-snippet:-1","max-image-preview":"max-image-preview:large","max-video-preview":"max-video-preview:-1"},"canonical":"https:\/\/www.bbmnoticias.com\/labravaradiofm\/2023\/06\/12\/despliegan-fiscalia-de-oaxaca-sedena-guardia-nacional-policia-estatal-y-municipal-operativo-huajuapan\/","og_locale":"es_MX","og_type":"article","og_title":"Despliegan Fiscal\u00eda de Oaxaca, Sedena, Guardia Nacional, Polic\u00eda Estatal y Municipal \u201cOperativo Huajuapan\u201d - LA BRAVA RADIO","og_description":"Oaxaca de Ju\u00e1rez, Oax., a 12 de junio de 2023.- La Fiscal\u00eda General del Estado de Oaxaca (FGEO) de manera conjunta con la Secretar\u00eda de la Defensa Nacional (Sedena), Guardia Nacional, Secretar\u00eda de Seguridad y Protecci\u00f3n Ciudadana (SSPC), a trav\u00e9s de la Polic\u00eda Estatal, as\u00ed como la Polic\u00eda Municipal, pusieron en marcha hoy el \u201cOperativo [&hellip;]","og_url":"https:\/\/www.bbmnoticias.com\/labravaradiofm\/2023\/06\/12\/despliegan-fiscalia-de-oaxaca-sedena-guardia-nacional-policia-estatal-y-municipal-operativo-huajuapan\/","og_site_name":"LA BRAVA RADIO","article_published_time":"2023-06-13T01:35:39+00:00","og_image":[{"width":800,"height":600,"url":"https:\/\/www.bbmnoticias.com\/labravaradiofm\/wp-content\/uploads\/sites\/5\/2023\/06\/operativo_oaxaca.jpg","type":"image\/jpeg"}],"author":"Staff","twitter_card":"summary_large_image","twitter_misc":{"Escrito por":"Staff","Tiempo de lectura":"2 minutos"},"schema":{"@context":"https:\/\/schema.org","@graph":[{"@type":"Article","@id":"https:\/\/www.bbmnoticias.com\/labravaradiofm\/2023\/06\/12\/despliegan-fiscalia-de-oaxaca-sedena-guardia-nacional-policia-estatal-y-municipal-operativo-huajuapan\/#article","isPartOf":{"@id":"https:\/\/www.bbmnoticias.com\/labravaradiofm\/2023\/06\/12\/despliegan-fiscalia-de-oaxaca-sedena-guardia-nacional-policia-estatal-y-municipal-operativo-huajuapan\/"},"author":{"name":"Staff","@id":"https:\/\/www.bbmnoticias.com\/labravaradiofm\/#\/schema\/person\/34b139c617a70ea5bef5678bffe4dd7b"},"headline":"Despliegan Fiscal\u00eda de Oaxaca, Sedena, Guardia Nacional, Polic\u00eda Estatal y Municipal \u201cOperativo Huajuapan\u201d","datePublished":"2023-06-13T01:35:39+00:00","mainEntityOfPage":{"@id":"https:\/\/www.bbmnoticias.com\/labravaradiofm\/2023\/06\/12\/despliegan-fiscalia-de-oaxaca-sedena-guardia-nacional-policia-estatal-y-municipal-operativo-huajuapan\/"},"wordCount":380,"image":{"@id":"https:\/\/www.bbmnoticias.com\/labravaradiofm\/2023\/06\/12\/despliegan-fiscalia-de-oaxaca-sedena-guardia-nacional-policia-estatal-y-municipal-operativo-huajuapan\/#primaryimage"},"thumbnailUrl":"https:\/\/www.bbmnoticias.com\/labravaradiofm\/wp-content\/uploads\/sites\/5\/2023\/06\/operativo_oaxaca.jpg","articleSection":["LOCAL"],"inLanguage":"es"},{"@type":"WebPage","@id":"https:\/\/www.bbmnoticias.com\/labravaradiofm\/2023\/06\/12\/despliegan-fiscalia-de-oaxaca-sedena-guardia-nacional-policia-estatal-y-municipal-operativo-huajuapan\/","url":"https:\/\/www.bbmnoticias.com\/labravaradiofm\/2023\/06\/12\/despliegan-fiscalia-de-oaxaca-sedena-guardia-nacional-policia-estatal-y-municipal-operativo-huajuapan\/","name":"Despliegan Fiscal\u00eda de Oaxaca, Sedena, Guardia Nacional, Polic\u00eda Estatal y Municipal \u201cOperativo Huajuapan\u201d - LA BRAVA RADIO","isPartOf":{"@id":"https:\/\/www.bbmnoticias.com\/labravaradiofm\/#website"},"primaryImageOfPage":{"@id":"https:\/\/www.bbmnoticias.com\/labravaradiofm\/2023\/06\/12\/despliegan-fiscalia-de-oaxaca-sedena-guardia-nacional-policia-estatal-y-municipal-operativo-huajuapan\/#primaryimage"},"image":{"@id":"https:\/\/www.bbmnoticias.com\/labravaradiofm\/2023\/06\/12\/despliegan-fiscalia-de-oaxaca-sedena-guardia-nacional-policia-estatal-y-municipal-operativo-huajuapan\/#primaryimage"},"thumbnailUrl":"https:\/\/www.bbmnoticias.com\/labravaradiofm\/wp-content\/uploads\/sites\/5\/2023\/06\/operativo_oaxaca.jpg","datePublished":"2023-06-13T01:35:39+00:00","author":{"@id":"https:\/\/www.bbmnoticias.com\/labravaradiofm\/#\/schema\/person\/34b139c617a70ea5bef5678bffe4dd7b"},"breadcrumb":{"@id":"https:\/\/www.bbmnoticias.com\/labravaradiofm\/2023\/06\/12\/despliegan-fiscalia-de-oaxaca-sedena-guardia-nacional-policia-estatal-y-municipal-operativo-huajuapan\/#breadcrumb"},"inLanguage":"es","potentialAction":[{"@type":"ReadAction","target":["https:\/\/www.bbmnoticias.com\/labravaradiofm\/2023\/06\/12\/despliegan-fiscalia-de-oaxaca-sedena-guardia-nacional-policia-estatal-y-municipal-operativo-huajuapan\/"]}]},{"@type":"ImageObject","inLanguage":"es","@id":"https:\/\/www.bbmnoticias.com\/labravaradiofm\/2023\/06\/12\/despliegan-fiscalia-de-oaxaca-sedena-guardia-nacional-policia-estatal-y-municipal-operativo-huajuapan\/#primaryimage","url":"https:\/\/www.bbmnoticias.com\/labravaradiofm\/wp-content\/uploads\/sites\/5\/2023\/06\/operativo_oaxaca.jpg","contentUrl":"https:\/\/www.bbmnoticias.com\/labravaradiofm\/wp-content\/uploads\/sites\/5\/2023\/06\/operativo_oaxaca.jpg","width":800,"height":600},{"@type":"BreadcrumbList","@id":"https:\/\/www.bbmnoticias.com\/labravaradiofm\/2023\/06\/12\/despliegan-fiscalia-de-oaxaca-sedena-guardia-nacional-policia-estatal-y-municipal-operativo-huajuapan\/#breadcrumb","itemListElement":[{"@type":"ListItem","position":1,"name":"Inicio","item":"https:\/\/www.bbmnoticias.com\/labravaradiofm\/"},{"@type":"ListItem","position":2,"name":"Despliegan Fiscal\u00eda de Oaxaca, Sedena, Guardia Nacional, Polic\u00eda Estatal y Municipal \u201cOperativo Huajuapan\u201d"}]},{"@type":"WebSite","@id":"https:\/\/www.bbmnoticias.com\/labravaradiofm\/#website","url":"https:\/\/www.bbmnoticias.com\/labravaradiofm\/","name":"LA BRAVA RADIO","description":"Empresa productora de medios, Radiodifusi\u00f3n, Noticias, tendencias y todo lo que necesitas saber de la pol\u00edtica mexicana e internacional; entretenimiento, espect\u00e1culos, salud y mucho m\u00e1s.","potentialAction":[{"@type":"SearchAction","target":{"@type":"EntryPoint","urlTemplate":"https:\/\/www.bbmnoticias.com\/labravaradiofm\/?s={search_term_string}"},"query-input":{"@type":"PropertyValueSpecification","valueRequired":true,"valueName":"search_term_string"}}],"inLanguage":"es"},{"@type":"Person","@id":"https:\/\/www.bbmnoticias.com\/labravaradiofm\/#\/schema\/person\/34b139c617a70ea5bef5678bffe4dd7b","name":"Staff","image":{"@type":"ImageObject","inLanguage":"es","@id":"https:\/\/secure.gravatar.com\/avatar\/fdd21ad66fd8b98c407f9dee5b5e588cfe7f0d8579ec20fa6527cd59bab7f0f0?s=96&d=mm&r=g","url":"https:\/\/secure.gravatar.com\/avatar\/fdd21ad66fd8b98c407f9dee5b5e588cfe7f0d8579ec20fa6527cd59bab7f0f0?s=96&d=mm&r=g","contentUrl":"https:\/\/secure.gravatar.com\/avatar\/fdd21ad66fd8b98c407f9dee5b5e588cfe7f0d8579ec20fa6527cd59bab7f0f0?s=96&d=mm&r=g","caption":"Staff"},"url":"https:\/\/www.bbmnoticias.com\/labravaradiofm\/author\/redaccion\/"}]}},"_links":{"self":[{"href":"https:\/\/www.bbmnoticias.com\/labravaradiofm\/wp-json\/wp\/v2\/posts\/28332","targetHints":{"allow":["GET"]}}],"collection":[{"href":"https:\/\/www.bbmnoticias.com\/labravaradiofm\/wp-json\/wp\/v2\/posts"}],"about":[{"href":"https:\/\/www.bbmnoticias.com\/labravaradiofm\/wp-json\/wp\/v2\/types\/post"}],"author":[{"embeddable":true,"href":"https:\/\/www.bbmnoticias.com\/labravaradiofm\/wp-json\/wp\/v2\/users\/2"}],"replies":[{"embeddable":true,"href":"https:\/\/www.bbmnoticias.com\/labravaradiofm\/wp-json\/wp\/v2\/comments?post=28332"}],"version-history":[{"count":0,"href":"https:\/\/www.bbmnoticias.com\/labravaradiofm\/wp-json\/wp\/v2\/posts\/28332\/revisions"}],"wp:featuredmedia":[{"embeddable":true,"href":"https:\/\/www.bbmnoticias.com\/labravaradiofm\/wp-json\/wp\/v2\/media\/28333"}],"wp:attachment":[{"href":"https:\/\/www.bbmnoticias.com\/labravaradiofm\/wp-json\/wp\/v2\/media?parent=28332"}],"wp:term":[{"taxonomy":"category","embeddable":true,"href":"https:\/\/www.bbmnoticias.com\/labravaradiofm\/wp-json\/wp\/v2\/categories?post=28332"},{"taxonomy":"post_tag","embeddable":true,"href":"https:\/\/www.bbmnoticias.com\/labravaradiofm\/wp-json\/wp\/v2\/tags?post=28332"}],"curies":[{"name":"wp","href":"https:\/\/api.w.org\/{rel}","templated":true}]}}