{"id":28326,"date":"2023-06-12T18:27:34","date_gmt":"2023-06-13T00:27:34","guid":{"rendered":"https:\/\/www.bbmnoticias.com\/labravaradiofm\/?p=28326"},"modified":"2023-06-12T18:27:35","modified_gmt":"2023-06-13T00:27:35","slug":"en-operativo-coordinado-sspc-prioriza-seguridad-en-san-lucas-ojitlan","status":"publish","type":"post","link":"https:\/\/www.bbmnoticias.com\/labravaradiofm\/2023\/06\/12\/en-operativo-coordinado-sspc-prioriza-seguridad-en-san-lucas-ojitlan\/","title":{"rendered":"En operativo coordinado, SSPC prioriza seguridad en San Lucas Ojitl\u00e1n"},"content":{"rendered":"<div style=\"margin-top: 0px; margin-bottom: 0px;\" class=\"sharethis-inline-share-buttons\" ><\/div>\n<p><em>* Con acciones interinstitucionales se realizan las investigaciones y seguimiento de los hechos violentos registrados el pasado fin de semana<\/em><\/p>\n\n\n\n<p><strong>Oaxaca de Ju\u00e1rez, Oax.-<\/strong> En cumplimiento a las instrucciones del Gobernador del Estado Salom\u00f3n Jara Cruz, la Secretar\u00eda de Seguridad y Protecci\u00f3n Ciudadana (SSPC) implementa patrullajes coordinados con la Guardia Nacional (GN) y polic\u00edas municipales en la zona de San Lucas Ojitl\u00e1n, luego del enfrentamiento entre pobladores de las agencias de Cacahuatal y Yucat\u00e1n.<\/p>\n\n\n\n<p>Durante la conferencia de prensa encabezada por el Mandatario Estatal en Palacio de Gobierno, el titular de la SSPC Iv\u00e1n Garc\u00eda \u00c1lvarez dio a conocer que derivados de estos hechos, tres personas perdieron la vida y siete m\u00e1s resultaron heridas y fueron trasladadas a San Juan Bautista Tuxtepec para su valoraci\u00f3n.<\/p>\n\n\n\n<p>Se\u00f1al\u00f3 que la Secretar\u00eda de la Defensa Nacional (Sedena) realiz\u00f3 el aseguramiento de una persona de sexo masculino que fue puesta a disposici\u00f3n de la Fiscal\u00eda General del Estado de Oaxaca (FGEO) en calidad de presentada; en tanto la Agencia Estatal de Investigaciones (AEI) ya realiza el seguimiento del caso en la zona.<\/p>\n\n\n\n<p>Garc\u00eda \u00c1lvarez mencion\u00f3 que este lamentable hecho se origin\u00f3 ante la disputa de 80 hect\u00e1reas de terreno ubicadas en los l\u00edmites de las agencias mencionadas y de las cuales una persona de nombre Paulino M. adquiri\u00f3 25 hect\u00e1reas, sin embargo y cobijado por el Comit\u00e9 de Defensa Ciudadana (Codeci) pretend\u00eda apoderarse de las 55 hect\u00e1reas restantes.<\/p>\n\n\n\n<p>Ante ello, pobladores de la agencia Yucat\u00e1n reaccionaron tratando de impedir la invasi\u00f3n arbitraria de ese espacio, lo que deriv\u00f3 en el enfrentamiento con pobladores de Cacahuatal.<\/p>\n\n\n\n<p>En relaci\u00f3n al ataque armado en el que muri\u00f3 una persona de sexo masculino en el Istmo de Tehuantepec, el secretario inform\u00f3 que la FGEO ya investiga el caso para determinar el m\u00f3vil, as\u00ed como quienes resulten responsables del mismo.<\/p>\n","protected":false},"excerpt":{"rendered":"<p>* Con acciones interinstitucionales se realizan las investigaciones y seguimiento de los hechos violentos registrados el pasado fin de semana Oaxaca de Ju\u00e1rez, Oax.- En cumplimiento a las instrucciones del Gobernador del Estado Salom\u00f3n Jara Cruz, la Secretar\u00eda de Seguridad y Protecci\u00f3n Ciudadana (SSPC) implementa patrullajes coordinados con la Guardia Nacional (GN) y polic\u00edas municipales [&hellip;]<\/p>\n","protected":false},"author":2,"featured_media":28327,"comment_status":"closed","ping_status":"closed","sticky":false,"template":"","format":"standard","meta":{"footnotes":""},"categories":[2],"tags":[],"class_list":{"0":"post-28326","1":"post","2":"type-post","3":"status-publish","4":"format-standard","5":"has-post-thumbnail","7":"category-oaxaca"},"yoast_head":"<!-- This site is optimized with the Yoast SEO plugin v27.4 - https:\/\/yoast.com\/product\/yoast-seo-wordpress\/ -->\n<title>En operativo coordinado, SSPC prioriza seguridad en San Lucas Ojitl\u00e1n - LA BRAVA RADIO<\/title>\n<meta name=\"robots\" content=\"index, follow, max-snippet:-1, max-image-preview:large, max-video-preview:-1\" \/>\n<link rel=\"canonical\" href=\"https:\/\/www.bbmnoticias.com\/labravaradiofm\/2023\/06\/12\/en-operativo-coordinado-sspc-prioriza-seguridad-en-san-lucas-ojitlan\/\" \/>\n<meta property=\"og:locale\" content=\"es_MX\" \/>\n<meta property=\"og:type\" content=\"article\" \/>\n<meta property=\"og:title\" content=\"En operativo coordinado, SSPC prioriza seguridad en San Lucas Ojitl\u00e1n - LA BRAVA RADIO\" \/>\n<meta property=\"og:description\" content=\"* Con acciones interinstitucionales se realizan las investigaciones y seguimiento de los hechos violentos registrados el pasado fin de semana Oaxaca de Ju\u00e1rez, Oax.- En cumplimiento a las instrucciones del Gobernador del Estado Salom\u00f3n Jara Cruz, la Secretar\u00eda de Seguridad y Protecci\u00f3n Ciudadana (SSPC) implementa patrullajes coordinados con la Guardia Nacional (GN) y polic\u00edas municipales [&hellip;]\" \/>\n<meta property=\"og:url\" content=\"https:\/\/www.bbmnoticias.com\/labravaradiofm\/2023\/06\/12\/en-operativo-coordinado-sspc-prioriza-seguridad-en-san-lucas-ojitlan\/\" \/>\n<meta property=\"og:site_name\" content=\"LA BRAVA RADIO\" \/>\n<meta property=\"article:published_time\" content=\"2023-06-13T00:27:34+00:00\" \/>\n<meta property=\"article:modified_time\" content=\"2023-06-13T00:27:35+00:00\" \/>\n<meta property=\"og:image\" content=\"https:\/\/www.bbmnoticias.com\/labravaradiofm\/wp-content\/uploads\/sites\/5\/2023\/06\/san_lucas_ojitlan.jpg\" \/>\n\t<meta property=\"og:image:width\" content=\"800\" \/>\n\t<meta property=\"og:image:height\" content=\"534\" \/>\n\t<meta property=\"og:image:type\" content=\"image\/jpeg\" \/>\n<meta name=\"author\" content=\"Staff\" \/>\n<meta name=\"twitter:card\" content=\"summary_large_image\" \/>\n<meta name=\"twitter:label1\" content=\"Escrito por\" \/>\n\t<meta name=\"twitter:data1\" content=\"Staff\" \/>\n\t<meta name=\"twitter:label2\" content=\"Tiempo de lectura\" \/>\n\t<meta name=\"twitter:data2\" content=\"2 minutos\" \/>\n<script type=\"application\/ld+json\" class=\"yoast-schema-graph\">{\"@context\":\"https:\\\/\\\/schema.org\",\"@graph\":[{\"@type\":\"Article\",\"@id\":\"https:\\\/\\\/www.bbmnoticias.com\\\/labravaradiofm\\\/2023\\\/06\\\/12\\\/en-operativo-coordinado-sspc-prioriza-seguridad-en-san-lucas-ojitlan\\\/#article\",\"isPartOf\":{\"@id\":\"https:\\\/\\\/www.bbmnoticias.com\\\/labravaradiofm\\\/2023\\\/06\\\/12\\\/en-operativo-coordinado-sspc-prioriza-seguridad-en-san-lucas-ojitlan\\\/\"},\"author\":{\"name\":\"Staff\",\"@id\":\"https:\\\/\\\/www.bbmnoticias.com\\\/labravaradiofm\\\/#\\\/schema\\\/person\\\/34b139c617a70ea5bef5678bffe4dd7b\"},\"headline\":\"En operativo coordinado, SSPC prioriza seguridad en San Lucas Ojitl\u00e1n\",\"datePublished\":\"2023-06-13T00:27:34+00:00\",\"dateModified\":\"2023-06-13T00:27:35+00:00\",\"mainEntityOfPage\":{\"@id\":\"https:\\\/\\\/www.bbmnoticias.com\\\/labravaradiofm\\\/2023\\\/06\\\/12\\\/en-operativo-coordinado-sspc-prioriza-seguridad-en-san-lucas-ojitlan\\\/\"},\"wordCount\":334,\"image\":{\"@id\":\"https:\\\/\\\/www.bbmnoticias.com\\\/labravaradiofm\\\/2023\\\/06\\\/12\\\/en-operativo-coordinado-sspc-prioriza-seguridad-en-san-lucas-ojitlan\\\/#primaryimage\"},\"thumbnailUrl\":\"https:\\\/\\\/www.bbmnoticias.com\\\/labravaradiofm\\\/wp-content\\\/uploads\\\/sites\\\/5\\\/2023\\\/06\\\/san_lucas_ojitlan.jpg\",\"articleSection\":[\"LOCAL\"],\"inLanguage\":\"es\"},{\"@type\":\"WebPage\",\"@id\":\"https:\\\/\\\/www.bbmnoticias.com\\\/labravaradiofm\\\/2023\\\/06\\\/12\\\/en-operativo-coordinado-sspc-prioriza-seguridad-en-san-lucas-ojitlan\\\/\",\"url\":\"https:\\\/\\\/www.bbmnoticias.com\\\/labravaradiofm\\\/2023\\\/06\\\/12\\\/en-operativo-coordinado-sspc-prioriza-seguridad-en-san-lucas-ojitlan\\\/\",\"name\":\"En operativo coordinado, SSPC prioriza seguridad en San Lucas Ojitl\u00e1n - LA BRAVA RADIO\",\"isPartOf\":{\"@id\":\"https:\\\/\\\/www.bbmnoticias.com\\\/labravaradiofm\\\/#website\"},\"primaryImageOfPage\":{\"@id\":\"https:\\\/\\\/www.bbmnoticias.com\\\/labravaradiofm\\\/2023\\\/06\\\/12\\\/en-operativo-coordinado-sspc-prioriza-seguridad-en-san-lucas-ojitlan\\\/#primaryimage\"},\"image\":{\"@id\":\"https:\\\/\\\/www.bbmnoticias.com\\\/labravaradiofm\\\/2023\\\/06\\\/12\\\/en-operativo-coordinado-sspc-prioriza-seguridad-en-san-lucas-ojitlan\\\/#primaryimage\"},\"thumbnailUrl\":\"https:\\\/\\\/www.bbmnoticias.com\\\/labravaradiofm\\\/wp-content\\\/uploads\\\/sites\\\/5\\\/2023\\\/06\\\/san_lucas_ojitlan.jpg\",\"datePublished\":\"2023-06-13T00:27:34+00:00\",\"dateModified\":\"2023-06-13T00:27:35+00:00\",\"author\":{\"@id\":\"https:\\\/\\\/www.bbmnoticias.com\\\/labravaradiofm\\\/#\\\/schema\\\/person\\\/34b139c617a70ea5bef5678bffe4dd7b\"},\"breadcrumb\":{\"@id\":\"https:\\\/\\\/www.bbmnoticias.com\\\/labravaradiofm\\\/2023\\\/06\\\/12\\\/en-operativo-coordinado-sspc-prioriza-seguridad-en-san-lucas-ojitlan\\\/#breadcrumb\"},\"inLanguage\":\"es\",\"potentialAction\":[{\"@type\":\"ReadAction\",\"target\":[\"https:\\\/\\\/www.bbmnoticias.com\\\/labravaradiofm\\\/2023\\\/06\\\/12\\\/en-operativo-coordinado-sspc-prioriza-seguridad-en-san-lucas-ojitlan\\\/\"]}]},{\"@type\":\"ImageObject\",\"inLanguage\":\"es\",\"@id\":\"https:\\\/\\\/www.bbmnoticias.com\\\/labravaradiofm\\\/2023\\\/06\\\/12\\\/en-operativo-coordinado-sspc-prioriza-seguridad-en-san-lucas-ojitlan\\\/#primaryimage\",\"url\":\"https:\\\/\\\/www.bbmnoticias.com\\\/labravaradiofm\\\/wp-content\\\/uploads\\\/sites\\\/5\\\/2023\\\/06\\\/san_lucas_ojitlan.jpg\",\"contentUrl\":\"https:\\\/\\\/www.bbmnoticias.com\\\/labravaradiofm\\\/wp-content\\\/uploads\\\/sites\\\/5\\\/2023\\\/06\\\/san_lucas_ojitlan.jpg\",\"width\":800,\"height\":534},{\"@type\":\"BreadcrumbList\",\"@id\":\"https:\\\/\\\/www.bbmnoticias.com\\\/labravaradiofm\\\/2023\\\/06\\\/12\\\/en-operativo-coordinado-sspc-prioriza-seguridad-en-san-lucas-ojitlan\\\/#breadcrumb\",\"itemListElement\":[{\"@type\":\"ListItem\",\"position\":1,\"name\":\"Inicio\",\"item\":\"https:\\\/\\\/www.bbmnoticias.com\\\/labravaradiofm\\\/\"},{\"@type\":\"ListItem\",\"position\":2,\"name\":\"En operativo coordinado, SSPC prioriza seguridad en San Lucas Ojitl\u00e1n\"}]},{\"@type\":\"WebSite\",\"@id\":\"https:\\\/\\\/www.bbmnoticias.com\\\/labravaradiofm\\\/#website\",\"url\":\"https:\\\/\\\/www.bbmnoticias.com\\\/labravaradiofm\\\/\",\"name\":\"LA BRAVA RADIO\",\"description\":\"Empresa productora de medios, Radiodifusi\u00f3n, Noticias, tendencias y todo lo que necesitas saber de la pol\u00edtica mexicana e internacional; entretenimiento, espect\u00e1culos, salud y mucho m\u00e1s.\",\"potentialAction\":[{\"@type\":\"SearchAction\",\"target\":{\"@type\":\"EntryPoint\",\"urlTemplate\":\"https:\\\/\\\/www.bbmnoticias.com\\\/labravaradiofm\\\/?s={search_term_string}\"},\"query-input\":{\"@type\":\"PropertyValueSpecification\",\"valueRequired\":true,\"valueName\":\"search_term_string\"}}],\"inLanguage\":\"es\"},{\"@type\":\"Person\",\"@id\":\"https:\\\/\\\/www.bbmnoticias.com\\\/labravaradiofm\\\/#\\\/schema\\\/person\\\/34b139c617a70ea5bef5678bffe4dd7b\",\"name\":\"Staff\",\"image\":{\"@type\":\"ImageObject\",\"inLanguage\":\"es\",\"@id\":\"https:\\\/\\\/secure.gravatar.com\\\/avatar\\\/fdd21ad66fd8b98c407f9dee5b5e588cfe7f0d8579ec20fa6527cd59bab7f0f0?s=96&d=mm&r=g\",\"url\":\"https:\\\/\\\/secure.gravatar.com\\\/avatar\\\/fdd21ad66fd8b98c407f9dee5b5e588cfe7f0d8579ec20fa6527cd59bab7f0f0?s=96&d=mm&r=g\",\"contentUrl\":\"https:\\\/\\\/secure.gravatar.com\\\/avatar\\\/fdd21ad66fd8b98c407f9dee5b5e588cfe7f0d8579ec20fa6527cd59bab7f0f0?s=96&d=mm&r=g\",\"caption\":\"Staff\"},\"url\":\"https:\\\/\\\/www.bbmnoticias.com\\\/labravaradiofm\\\/author\\\/redaccion\\\/\"}]}<\/script>\n<!-- \/ Yoast SEO plugin. -->","yoast_head_json":{"title":"En operativo coordinado, SSPC prioriza seguridad en San Lucas Ojitl\u00e1n - LA BRAVA RADIO","robots":{"index":"index","follow":"follow","max-snippet":"max-snippet:-1","max-image-preview":"max-image-preview:large","max-video-preview":"max-video-preview:-1"},"canonical":"https:\/\/www.bbmnoticias.com\/labravaradiofm\/2023\/06\/12\/en-operativo-coordinado-sspc-prioriza-seguridad-en-san-lucas-ojitlan\/","og_locale":"es_MX","og_type":"article","og_title":"En operativo coordinado, SSPC prioriza seguridad en San Lucas Ojitl\u00e1n - LA BRAVA RADIO","og_description":"* Con acciones interinstitucionales se realizan las investigaciones y seguimiento de los hechos violentos registrados el pasado fin de semana Oaxaca de Ju\u00e1rez, Oax.- En cumplimiento a las instrucciones del Gobernador del Estado Salom\u00f3n Jara Cruz, la Secretar\u00eda de Seguridad y Protecci\u00f3n Ciudadana (SSPC) implementa patrullajes coordinados con la Guardia Nacional (GN) y polic\u00edas municipales [&hellip;]","og_url":"https:\/\/www.bbmnoticias.com\/labravaradiofm\/2023\/06\/12\/en-operativo-coordinado-sspc-prioriza-seguridad-en-san-lucas-ojitlan\/","og_site_name":"LA BRAVA RADIO","article_published_time":"2023-06-13T00:27:34+00:00","article_modified_time":"2023-06-13T00:27:35+00:00","og_image":[{"width":800,"height":534,"url":"https:\/\/www.bbmnoticias.com\/labravaradiofm\/wp-content\/uploads\/sites\/5\/2023\/06\/san_lucas_ojitlan.jpg","type":"image\/jpeg"}],"author":"Staff","twitter_card":"summary_large_image","twitter_misc":{"Escrito por":"Staff","Tiempo de lectura":"2 minutos"},"schema":{"@context":"https:\/\/schema.org","@graph":[{"@type":"Article","@id":"https:\/\/www.bbmnoticias.com\/labravaradiofm\/2023\/06\/12\/en-operativo-coordinado-sspc-prioriza-seguridad-en-san-lucas-ojitlan\/#article","isPartOf":{"@id":"https:\/\/www.bbmnoticias.com\/labravaradiofm\/2023\/06\/12\/en-operativo-coordinado-sspc-prioriza-seguridad-en-san-lucas-ojitlan\/"},"author":{"name":"Staff","@id":"https:\/\/www.bbmnoticias.com\/labravaradiofm\/#\/schema\/person\/34b139c617a70ea5bef5678bffe4dd7b"},"headline":"En operativo coordinado, SSPC prioriza seguridad en San Lucas Ojitl\u00e1n","datePublished":"2023-06-13T00:27:34+00:00","dateModified":"2023-06-13T00:27:35+00:00","mainEntityOfPage":{"@id":"https:\/\/www.bbmnoticias.com\/labravaradiofm\/2023\/06\/12\/en-operativo-coordinado-sspc-prioriza-seguridad-en-san-lucas-ojitlan\/"},"wordCount":334,"image":{"@id":"https:\/\/www.bbmnoticias.com\/labravaradiofm\/2023\/06\/12\/en-operativo-coordinado-sspc-prioriza-seguridad-en-san-lucas-ojitlan\/#primaryimage"},"thumbnailUrl":"https:\/\/www.bbmnoticias.com\/labravaradiofm\/wp-content\/uploads\/sites\/5\/2023\/06\/san_lucas_ojitlan.jpg","articleSection":["LOCAL"],"inLanguage":"es"},{"@type":"WebPage","@id":"https:\/\/www.bbmnoticias.com\/labravaradiofm\/2023\/06\/12\/en-operativo-coordinado-sspc-prioriza-seguridad-en-san-lucas-ojitlan\/","url":"https:\/\/www.bbmnoticias.com\/labravaradiofm\/2023\/06\/12\/en-operativo-coordinado-sspc-prioriza-seguridad-en-san-lucas-ojitlan\/","name":"En operativo coordinado, SSPC prioriza seguridad en San Lucas Ojitl\u00e1n - LA BRAVA RADIO","isPartOf":{"@id":"https:\/\/www.bbmnoticias.com\/labravaradiofm\/#website"},"primaryImageOfPage":{"@id":"https:\/\/www.bbmnoticias.com\/labravaradiofm\/2023\/06\/12\/en-operativo-coordinado-sspc-prioriza-seguridad-en-san-lucas-ojitlan\/#primaryimage"},"image":{"@id":"https:\/\/www.bbmnoticias.com\/labravaradiofm\/2023\/06\/12\/en-operativo-coordinado-sspc-prioriza-seguridad-en-san-lucas-ojitlan\/#primaryimage"},"thumbnailUrl":"https:\/\/www.bbmnoticias.com\/labravaradiofm\/wp-content\/uploads\/sites\/5\/2023\/06\/san_lucas_ojitlan.jpg","datePublished":"2023-06-13T00:27:34+00:00","dateModified":"2023-06-13T00:27:35+00:00","author":{"@id":"https:\/\/www.bbmnoticias.com\/labravaradiofm\/#\/schema\/person\/34b139c617a70ea5bef5678bffe4dd7b"},"breadcrumb":{"@id":"https:\/\/www.bbmnoticias.com\/labravaradiofm\/2023\/06\/12\/en-operativo-coordinado-sspc-prioriza-seguridad-en-san-lucas-ojitlan\/#breadcrumb"},"inLanguage":"es","potentialAction":[{"@type":"ReadAction","target":["https:\/\/www.bbmnoticias.com\/labravaradiofm\/2023\/06\/12\/en-operativo-coordinado-sspc-prioriza-seguridad-en-san-lucas-ojitlan\/"]}]},{"@type":"ImageObject","inLanguage":"es","@id":"https:\/\/www.bbmnoticias.com\/labravaradiofm\/2023\/06\/12\/en-operativo-coordinado-sspc-prioriza-seguridad-en-san-lucas-ojitlan\/#primaryimage","url":"https:\/\/www.bbmnoticias.com\/labravaradiofm\/wp-content\/uploads\/sites\/5\/2023\/06\/san_lucas_ojitlan.jpg","contentUrl":"https:\/\/www.bbmnoticias.com\/labravaradiofm\/wp-content\/uploads\/sites\/5\/2023\/06\/san_lucas_ojitlan.jpg","width":800,"height":534},{"@type":"BreadcrumbList","@id":"https:\/\/www.bbmnoticias.com\/labravaradiofm\/2023\/06\/12\/en-operativo-coordinado-sspc-prioriza-seguridad-en-san-lucas-ojitlan\/#breadcrumb","itemListElement":[{"@type":"ListItem","position":1,"name":"Inicio","item":"https:\/\/www.bbmnoticias.com\/labravaradiofm\/"},{"@type":"ListItem","position":2,"name":"En operativo coordinado, SSPC prioriza seguridad en San Lucas Ojitl\u00e1n"}]},{"@type":"WebSite","@id":"https:\/\/www.bbmnoticias.com\/labravaradiofm\/#website","url":"https:\/\/www.bbmnoticias.com\/labravaradiofm\/","name":"LA BRAVA RADIO","description":"Empresa productora de medios, Radiodifusi\u00f3n, Noticias, tendencias y todo lo que necesitas saber de la pol\u00edtica mexicana e internacional; entretenimiento, espect\u00e1culos, salud y mucho m\u00e1s.","potentialAction":[{"@type":"SearchAction","target":{"@type":"EntryPoint","urlTemplate":"https:\/\/www.bbmnoticias.com\/labravaradiofm\/?s={search_term_string}"},"query-input":{"@type":"PropertyValueSpecification","valueRequired":true,"valueName":"search_term_string"}}],"inLanguage":"es"},{"@type":"Person","@id":"https:\/\/www.bbmnoticias.com\/labravaradiofm\/#\/schema\/person\/34b139c617a70ea5bef5678bffe4dd7b","name":"Staff","image":{"@type":"ImageObject","inLanguage":"es","@id":"https:\/\/secure.gravatar.com\/avatar\/fdd21ad66fd8b98c407f9dee5b5e588cfe7f0d8579ec20fa6527cd59bab7f0f0?s=96&d=mm&r=g","url":"https:\/\/secure.gravatar.com\/avatar\/fdd21ad66fd8b98c407f9dee5b5e588cfe7f0d8579ec20fa6527cd59bab7f0f0?s=96&d=mm&r=g","contentUrl":"https:\/\/secure.gravatar.com\/avatar\/fdd21ad66fd8b98c407f9dee5b5e588cfe7f0d8579ec20fa6527cd59bab7f0f0?s=96&d=mm&r=g","caption":"Staff"},"url":"https:\/\/www.bbmnoticias.com\/labravaradiofm\/author\/redaccion\/"}]}},"_links":{"self":[{"href":"https:\/\/www.bbmnoticias.com\/labravaradiofm\/wp-json\/wp\/v2\/posts\/28326","targetHints":{"allow":["GET"]}}],"collection":[{"href":"https:\/\/www.bbmnoticias.com\/labravaradiofm\/wp-json\/wp\/v2\/posts"}],"about":[{"href":"https:\/\/www.bbmnoticias.com\/labravaradiofm\/wp-json\/wp\/v2\/types\/post"}],"author":[{"embeddable":true,"href":"https:\/\/www.bbmnoticias.com\/labravaradiofm\/wp-json\/wp\/v2\/users\/2"}],"replies":[{"embeddable":true,"href":"https:\/\/www.bbmnoticias.com\/labravaradiofm\/wp-json\/wp\/v2\/comments?post=28326"}],"version-history":[{"count":0,"href":"https:\/\/www.bbmnoticias.com\/labravaradiofm\/wp-json\/wp\/v2\/posts\/28326\/revisions"}],"wp:featuredmedia":[{"embeddable":true,"href":"https:\/\/www.bbmnoticias.com\/labravaradiofm\/wp-json\/wp\/v2\/media\/28327"}],"wp:attachment":[{"href":"https:\/\/www.bbmnoticias.com\/labravaradiofm\/wp-json\/wp\/v2\/media?parent=28326"}],"wp:term":[{"taxonomy":"category","embeddable":true,"href":"https:\/\/www.bbmnoticias.com\/labravaradiofm\/wp-json\/wp\/v2\/categories?post=28326"},{"taxonomy":"post_tag","embeddable":true,"href":"https:\/\/www.bbmnoticias.com\/labravaradiofm\/wp-json\/wp\/v2\/tags?post=28326"}],"curies":[{"name":"wp","href":"https:\/\/api.w.org\/{rel}","templated":true}]}}