{"id":28209,"date":"2023-06-08T20:46:57","date_gmt":"2023-06-09T02:46:57","guid":{"rendered":"https:\/\/www.bbmnoticias.com\/labravaradiofm\/?p=28209"},"modified":"2023-06-08T20:46:58","modified_gmt":"2023-06-09T02:46:58","slug":"fiscalia-ejecuta-orden-de-aprehension-contra-exfuncionarios-municipales-por-caso-encierro-primavera","status":"publish","type":"post","link":"https:\/\/www.bbmnoticias.com\/labravaradiofm\/2023\/06\/08\/fiscalia-ejecuta-orden-de-aprehension-contra-exfuncionarios-municipales-por-caso-encierro-primavera\/","title":{"rendered":"Fiscal\u00eda ejecuta orden de aprehensi\u00f3n contra exfuncionarios municipales por caso \u201cencierro Primavera\u201d"},"content":{"rendered":"<div style=\"margin-top: 0px; margin-bottom: 0px;\" class=\"sharethis-inline-share-buttons\" ><\/div>\n<p><strong>Oaxaca de Ju\u00e1rez, Oax.- &nbsp;<\/strong>Como resultado de las investigaciones realizadas por la Fiscal\u00eda General del Estado de Oaxaca (FGEO), este d\u00eda la Agencia Estatal de Investigaciones (AEI) ejecut\u00f3 una orden de aprehensi\u00f3n contra dos personas del sexo masculino identificadas como L. G. P. K. y J. L. A. R., por los delitos de Abuso de Confianza y Ejercicio Il\u00edcito de Funciones, por hechos ocurridos en el encierro Primavera.<\/p>\n\n\n\n<p>De acuerdo con el expediente penal del caso, los delitos ocurrieron en diferentes fechas entre finales de mayo y principios de junio de 2022, en el Dep\u00f3sito Oficial de veh\u00edculos Primavera, localizado en el municipio de San Jacinto Amilpas, pero administrado por el ayuntamiento de Oaxaca de Ju\u00e1rez.<\/p>\n\n\n\n<p>Luego que la FGEO recibi\u00f3 la denuncia, el caso qued\u00f3 a cargo de la Direcci\u00f3n de Averiguaciones Previas y Procesos, misma que logr\u00f3 que se liberara la orden de aprehensi\u00f3n que se ejecut\u00f3 en contra de L. G P. K. y J. L. A. R., quienes al momento en que ocurrieron los hechos se desempe\u00f1aban como Jefe del Departamento de Control de Bienes Muebles y Analista, adscritos a la Secretar\u00eda de Patrimonio del Ayuntamiento de la capital de Oaxaca, respectivamente.<\/p>\n\n\n\n<p>Tras su detenci\u00f3n, ambas personas quedaron a disposici\u00f3n del Juez que atiende la causa quien determinar\u00e1 su situaci\u00f3n jur\u00eddica en las pr\u00f3ximas horas.<\/p>\n","protected":false},"excerpt":{"rendered":"<p>Oaxaca de Ju\u00e1rez, Oax.- &nbsp;Como resultado de las investigaciones realizadas por la Fiscal\u00eda General del Estado de Oaxaca (FGEO), este d\u00eda la Agencia Estatal de Investigaciones (AEI) ejecut\u00f3 una orden de aprehensi\u00f3n contra dos personas del sexo masculino identificadas como L. G. P. K. y J. L. A. R., por los delitos de Abuso de [&hellip;]<\/p>\n","protected":false},"author":2,"featured_media":28210,"comment_status":"closed","ping_status":"closed","sticky":false,"template":"","format":"standard","meta":{"footnotes":""},"categories":[20],"tags":[],"class_list":{"0":"post-28209","1":"post","2":"type-post","3":"status-publish","4":"format-standard","5":"has-post-thumbnail","7":"category-policiaca"},"yoast_head":"<!-- This site is optimized with the Yoast SEO plugin v27.4 - https:\/\/yoast.com\/product\/yoast-seo-wordpress\/ -->\n<title>Fiscal\u00eda ejecuta orden de aprehensi\u00f3n contra exfuncionarios municipales por caso \u201cencierro Primavera\u201d - LA BRAVA RADIO<\/title>\n<meta name=\"robots\" content=\"index, follow, max-snippet:-1, max-image-preview:large, max-video-preview:-1\" \/>\n<link rel=\"canonical\" href=\"https:\/\/www.bbmnoticias.com\/labravaradiofm\/2023\/06\/08\/fiscalia-ejecuta-orden-de-aprehension-contra-exfuncionarios-municipales-por-caso-encierro-primavera\/\" \/>\n<meta property=\"og:locale\" content=\"es_MX\" \/>\n<meta property=\"og:type\" content=\"article\" \/>\n<meta property=\"og:title\" content=\"Fiscal\u00eda ejecuta orden de aprehensi\u00f3n contra exfuncionarios municipales por caso \u201cencierro Primavera\u201d - LA BRAVA RADIO\" \/>\n<meta property=\"og:description\" content=\"Oaxaca de Ju\u00e1rez, Oax.- &nbsp;Como resultado de las investigaciones realizadas por la Fiscal\u00eda General del Estado de Oaxaca (FGEO), este d\u00eda la Agencia Estatal de Investigaciones (AEI) ejecut\u00f3 una orden de aprehensi\u00f3n contra dos personas del sexo masculino identificadas como L. G. P. K. y J. L. A. R., por los delitos de Abuso de [&hellip;]\" \/>\n<meta property=\"og:url\" content=\"https:\/\/www.bbmnoticias.com\/labravaradiofm\/2023\/06\/08\/fiscalia-ejecuta-orden-de-aprehension-contra-exfuncionarios-municipales-por-caso-encierro-primavera\/\" \/>\n<meta property=\"og:site_name\" content=\"LA BRAVA RADIO\" \/>\n<meta property=\"article:published_time\" content=\"2023-06-09T02:46:57+00:00\" \/>\n<meta property=\"article:modified_time\" content=\"2023-06-09T02:46:58+00:00\" \/>\n<meta property=\"og:image\" content=\"https:\/\/www.bbmnoticias.com\/labravaradiofm\/wp-content\/uploads\/sites\/5\/2023\/06\/encierro_primavera.jpeg\" \/>\n\t<meta property=\"og:image:width\" content=\"1280\" \/>\n\t<meta property=\"og:image:height\" content=\"800\" \/>\n\t<meta property=\"og:image:type\" content=\"image\/jpeg\" \/>\n<meta name=\"author\" content=\"Staff\" \/>\n<meta name=\"twitter:card\" content=\"summary_large_image\" \/>\n<meta name=\"twitter:label1\" content=\"Escrito por\" \/>\n\t<meta name=\"twitter:data1\" content=\"Staff\" \/>\n\t<meta name=\"twitter:label2\" content=\"Tiempo de lectura\" \/>\n\t<meta name=\"twitter:data2\" content=\"2 minutos\" \/>\n<script type=\"application\/ld+json\" class=\"yoast-schema-graph\">{\"@context\":\"https:\\\/\\\/schema.org\",\"@graph\":[{\"@type\":\"Article\",\"@id\":\"https:\\\/\\\/www.bbmnoticias.com\\\/labravaradiofm\\\/2023\\\/06\\\/08\\\/fiscalia-ejecuta-orden-de-aprehension-contra-exfuncionarios-municipales-por-caso-encierro-primavera\\\/#article\",\"isPartOf\":{\"@id\":\"https:\\\/\\\/www.bbmnoticias.com\\\/labravaradiofm\\\/2023\\\/06\\\/08\\\/fiscalia-ejecuta-orden-de-aprehension-contra-exfuncionarios-municipales-por-caso-encierro-primavera\\\/\"},\"author\":{\"name\":\"Staff\",\"@id\":\"https:\\\/\\\/www.bbmnoticias.com\\\/labravaradiofm\\\/#\\\/schema\\\/person\\\/34b139c617a70ea5bef5678bffe4dd7b\"},\"headline\":\"Fiscal\u00eda ejecuta orden de aprehensi\u00f3n contra exfuncionarios municipales por caso \u201cencierro Primavera\u201d\",\"datePublished\":\"2023-06-09T02:46:57+00:00\",\"dateModified\":\"2023-06-09T02:46:58+00:00\",\"mainEntityOfPage\":{\"@id\":\"https:\\\/\\\/www.bbmnoticias.com\\\/labravaradiofm\\\/2023\\\/06\\\/08\\\/fiscalia-ejecuta-orden-de-aprehension-contra-exfuncionarios-municipales-por-caso-encierro-primavera\\\/\"},\"wordCount\":251,\"image\":{\"@id\":\"https:\\\/\\\/www.bbmnoticias.com\\\/labravaradiofm\\\/2023\\\/06\\\/08\\\/fiscalia-ejecuta-orden-de-aprehension-contra-exfuncionarios-municipales-por-caso-encierro-primavera\\\/#primaryimage\"},\"thumbnailUrl\":\"https:\\\/\\\/www.bbmnoticias.com\\\/labravaradiofm\\\/wp-content\\\/uploads\\\/sites\\\/5\\\/2023\\\/06\\\/encierro_primavera.jpeg\",\"articleSection\":[\"POLICIACA\"],\"inLanguage\":\"es\"},{\"@type\":\"WebPage\",\"@id\":\"https:\\\/\\\/www.bbmnoticias.com\\\/labravaradiofm\\\/2023\\\/06\\\/08\\\/fiscalia-ejecuta-orden-de-aprehension-contra-exfuncionarios-municipales-por-caso-encierro-primavera\\\/\",\"url\":\"https:\\\/\\\/www.bbmnoticias.com\\\/labravaradiofm\\\/2023\\\/06\\\/08\\\/fiscalia-ejecuta-orden-de-aprehension-contra-exfuncionarios-municipales-por-caso-encierro-primavera\\\/\",\"name\":\"Fiscal\u00eda ejecuta orden de aprehensi\u00f3n contra exfuncionarios municipales por caso \u201cencierro Primavera\u201d - LA BRAVA RADIO\",\"isPartOf\":{\"@id\":\"https:\\\/\\\/www.bbmnoticias.com\\\/labravaradiofm\\\/#website\"},\"primaryImageOfPage\":{\"@id\":\"https:\\\/\\\/www.bbmnoticias.com\\\/labravaradiofm\\\/2023\\\/06\\\/08\\\/fiscalia-ejecuta-orden-de-aprehension-contra-exfuncionarios-municipales-por-caso-encierro-primavera\\\/#primaryimage\"},\"image\":{\"@id\":\"https:\\\/\\\/www.bbmnoticias.com\\\/labravaradiofm\\\/2023\\\/06\\\/08\\\/fiscalia-ejecuta-orden-de-aprehension-contra-exfuncionarios-municipales-por-caso-encierro-primavera\\\/#primaryimage\"},\"thumbnailUrl\":\"https:\\\/\\\/www.bbmnoticias.com\\\/labravaradiofm\\\/wp-content\\\/uploads\\\/sites\\\/5\\\/2023\\\/06\\\/encierro_primavera.jpeg\",\"datePublished\":\"2023-06-09T02:46:57+00:00\",\"dateModified\":\"2023-06-09T02:46:58+00:00\",\"author\":{\"@id\":\"https:\\\/\\\/www.bbmnoticias.com\\\/labravaradiofm\\\/#\\\/schema\\\/person\\\/34b139c617a70ea5bef5678bffe4dd7b\"},\"breadcrumb\":{\"@id\":\"https:\\\/\\\/www.bbmnoticias.com\\\/labravaradiofm\\\/2023\\\/06\\\/08\\\/fiscalia-ejecuta-orden-de-aprehension-contra-exfuncionarios-municipales-por-caso-encierro-primavera\\\/#breadcrumb\"},\"inLanguage\":\"es\",\"potentialAction\":[{\"@type\":\"ReadAction\",\"target\":[\"https:\\\/\\\/www.bbmnoticias.com\\\/labravaradiofm\\\/2023\\\/06\\\/08\\\/fiscalia-ejecuta-orden-de-aprehension-contra-exfuncionarios-municipales-por-caso-encierro-primavera\\\/\"]}]},{\"@type\":\"ImageObject\",\"inLanguage\":\"es\",\"@id\":\"https:\\\/\\\/www.bbmnoticias.com\\\/labravaradiofm\\\/2023\\\/06\\\/08\\\/fiscalia-ejecuta-orden-de-aprehension-contra-exfuncionarios-municipales-por-caso-encierro-primavera\\\/#primaryimage\",\"url\":\"https:\\\/\\\/www.bbmnoticias.com\\\/labravaradiofm\\\/wp-content\\\/uploads\\\/sites\\\/5\\\/2023\\\/06\\\/encierro_primavera.jpeg\",\"contentUrl\":\"https:\\\/\\\/www.bbmnoticias.com\\\/labravaradiofm\\\/wp-content\\\/uploads\\\/sites\\\/5\\\/2023\\\/06\\\/encierro_primavera.jpeg\",\"width\":1280,\"height\":800},{\"@type\":\"BreadcrumbList\",\"@id\":\"https:\\\/\\\/www.bbmnoticias.com\\\/labravaradiofm\\\/2023\\\/06\\\/08\\\/fiscalia-ejecuta-orden-de-aprehension-contra-exfuncionarios-municipales-por-caso-encierro-primavera\\\/#breadcrumb\",\"itemListElement\":[{\"@type\":\"ListItem\",\"position\":1,\"name\":\"Inicio\",\"item\":\"https:\\\/\\\/www.bbmnoticias.com\\\/labravaradiofm\\\/\"},{\"@type\":\"ListItem\",\"position\":2,\"name\":\"Fiscal\u00eda ejecuta orden de aprehensi\u00f3n contra exfuncionarios municipales por caso \u201cencierro Primavera\u201d\"}]},{\"@type\":\"WebSite\",\"@id\":\"https:\\\/\\\/www.bbmnoticias.com\\\/labravaradiofm\\\/#website\",\"url\":\"https:\\\/\\\/www.bbmnoticias.com\\\/labravaradiofm\\\/\",\"name\":\"LA BRAVA RADIO\",\"description\":\"Empresa productora de medios, Radiodifusi\u00f3n, Noticias, tendencias y todo lo que necesitas saber de la pol\u00edtica mexicana e internacional; entretenimiento, espect\u00e1culos, salud y mucho m\u00e1s.\",\"potentialAction\":[{\"@type\":\"SearchAction\",\"target\":{\"@type\":\"EntryPoint\",\"urlTemplate\":\"https:\\\/\\\/www.bbmnoticias.com\\\/labravaradiofm\\\/?s={search_term_string}\"},\"query-input\":{\"@type\":\"PropertyValueSpecification\",\"valueRequired\":true,\"valueName\":\"search_term_string\"}}],\"inLanguage\":\"es\"},{\"@type\":\"Person\",\"@id\":\"https:\\\/\\\/www.bbmnoticias.com\\\/labravaradiofm\\\/#\\\/schema\\\/person\\\/34b139c617a70ea5bef5678bffe4dd7b\",\"name\":\"Staff\",\"image\":{\"@type\":\"ImageObject\",\"inLanguage\":\"es\",\"@id\":\"https:\\\/\\\/secure.gravatar.com\\\/avatar\\\/fdd21ad66fd8b98c407f9dee5b5e588cfe7f0d8579ec20fa6527cd59bab7f0f0?s=96&d=mm&r=g\",\"url\":\"https:\\\/\\\/secure.gravatar.com\\\/avatar\\\/fdd21ad66fd8b98c407f9dee5b5e588cfe7f0d8579ec20fa6527cd59bab7f0f0?s=96&d=mm&r=g\",\"contentUrl\":\"https:\\\/\\\/secure.gravatar.com\\\/avatar\\\/fdd21ad66fd8b98c407f9dee5b5e588cfe7f0d8579ec20fa6527cd59bab7f0f0?s=96&d=mm&r=g\",\"caption\":\"Staff\"},\"url\":\"https:\\\/\\\/www.bbmnoticias.com\\\/labravaradiofm\\\/author\\\/redaccion\\\/\"}]}<\/script>\n<!-- \/ Yoast SEO plugin. -->","yoast_head_json":{"title":"Fiscal\u00eda ejecuta orden de aprehensi\u00f3n contra exfuncionarios municipales por caso \u201cencierro Primavera\u201d - LA BRAVA RADIO","robots":{"index":"index","follow":"follow","max-snippet":"max-snippet:-1","max-image-preview":"max-image-preview:large","max-video-preview":"max-video-preview:-1"},"canonical":"https:\/\/www.bbmnoticias.com\/labravaradiofm\/2023\/06\/08\/fiscalia-ejecuta-orden-de-aprehension-contra-exfuncionarios-municipales-por-caso-encierro-primavera\/","og_locale":"es_MX","og_type":"article","og_title":"Fiscal\u00eda ejecuta orden de aprehensi\u00f3n contra exfuncionarios municipales por caso \u201cencierro Primavera\u201d - LA BRAVA RADIO","og_description":"Oaxaca de Ju\u00e1rez, Oax.- &nbsp;Como resultado de las investigaciones realizadas por la Fiscal\u00eda General del Estado de Oaxaca (FGEO), este d\u00eda la Agencia Estatal de Investigaciones (AEI) ejecut\u00f3 una orden de aprehensi\u00f3n contra dos personas del sexo masculino identificadas como L. G. P. K. y J. L. A. R., por los delitos de Abuso de [&hellip;]","og_url":"https:\/\/www.bbmnoticias.com\/labravaradiofm\/2023\/06\/08\/fiscalia-ejecuta-orden-de-aprehension-contra-exfuncionarios-municipales-por-caso-encierro-primavera\/","og_site_name":"LA BRAVA RADIO","article_published_time":"2023-06-09T02:46:57+00:00","article_modified_time":"2023-06-09T02:46:58+00:00","og_image":[{"width":1280,"height":800,"url":"https:\/\/www.bbmnoticias.com\/labravaradiofm\/wp-content\/uploads\/sites\/5\/2023\/06\/encierro_primavera.jpeg","type":"image\/jpeg"}],"author":"Staff","twitter_card":"summary_large_image","twitter_misc":{"Escrito por":"Staff","Tiempo de lectura":"2 minutos"},"schema":{"@context":"https:\/\/schema.org","@graph":[{"@type":"Article","@id":"https:\/\/www.bbmnoticias.com\/labravaradiofm\/2023\/06\/08\/fiscalia-ejecuta-orden-de-aprehension-contra-exfuncionarios-municipales-por-caso-encierro-primavera\/#article","isPartOf":{"@id":"https:\/\/www.bbmnoticias.com\/labravaradiofm\/2023\/06\/08\/fiscalia-ejecuta-orden-de-aprehension-contra-exfuncionarios-municipales-por-caso-encierro-primavera\/"},"author":{"name":"Staff","@id":"https:\/\/www.bbmnoticias.com\/labravaradiofm\/#\/schema\/person\/34b139c617a70ea5bef5678bffe4dd7b"},"headline":"Fiscal\u00eda ejecuta orden de aprehensi\u00f3n contra exfuncionarios municipales por caso \u201cencierro Primavera\u201d","datePublished":"2023-06-09T02:46:57+00:00","dateModified":"2023-06-09T02:46:58+00:00","mainEntityOfPage":{"@id":"https:\/\/www.bbmnoticias.com\/labravaradiofm\/2023\/06\/08\/fiscalia-ejecuta-orden-de-aprehension-contra-exfuncionarios-municipales-por-caso-encierro-primavera\/"},"wordCount":251,"image":{"@id":"https:\/\/www.bbmnoticias.com\/labravaradiofm\/2023\/06\/08\/fiscalia-ejecuta-orden-de-aprehension-contra-exfuncionarios-municipales-por-caso-encierro-primavera\/#primaryimage"},"thumbnailUrl":"https:\/\/www.bbmnoticias.com\/labravaradiofm\/wp-content\/uploads\/sites\/5\/2023\/06\/encierro_primavera.jpeg","articleSection":["POLICIACA"],"inLanguage":"es"},{"@type":"WebPage","@id":"https:\/\/www.bbmnoticias.com\/labravaradiofm\/2023\/06\/08\/fiscalia-ejecuta-orden-de-aprehension-contra-exfuncionarios-municipales-por-caso-encierro-primavera\/","url":"https:\/\/www.bbmnoticias.com\/labravaradiofm\/2023\/06\/08\/fiscalia-ejecuta-orden-de-aprehension-contra-exfuncionarios-municipales-por-caso-encierro-primavera\/","name":"Fiscal\u00eda ejecuta orden de aprehensi\u00f3n contra exfuncionarios municipales por caso \u201cencierro Primavera\u201d - LA BRAVA RADIO","isPartOf":{"@id":"https:\/\/www.bbmnoticias.com\/labravaradiofm\/#website"},"primaryImageOfPage":{"@id":"https:\/\/www.bbmnoticias.com\/labravaradiofm\/2023\/06\/08\/fiscalia-ejecuta-orden-de-aprehension-contra-exfuncionarios-municipales-por-caso-encierro-primavera\/#primaryimage"},"image":{"@id":"https:\/\/www.bbmnoticias.com\/labravaradiofm\/2023\/06\/08\/fiscalia-ejecuta-orden-de-aprehension-contra-exfuncionarios-municipales-por-caso-encierro-primavera\/#primaryimage"},"thumbnailUrl":"https:\/\/www.bbmnoticias.com\/labravaradiofm\/wp-content\/uploads\/sites\/5\/2023\/06\/encierro_primavera.jpeg","datePublished":"2023-06-09T02:46:57+00:00","dateModified":"2023-06-09T02:46:58+00:00","author":{"@id":"https:\/\/www.bbmnoticias.com\/labravaradiofm\/#\/schema\/person\/34b139c617a70ea5bef5678bffe4dd7b"},"breadcrumb":{"@id":"https:\/\/www.bbmnoticias.com\/labravaradiofm\/2023\/06\/08\/fiscalia-ejecuta-orden-de-aprehension-contra-exfuncionarios-municipales-por-caso-encierro-primavera\/#breadcrumb"},"inLanguage":"es","potentialAction":[{"@type":"ReadAction","target":["https:\/\/www.bbmnoticias.com\/labravaradiofm\/2023\/06\/08\/fiscalia-ejecuta-orden-de-aprehension-contra-exfuncionarios-municipales-por-caso-encierro-primavera\/"]}]},{"@type":"ImageObject","inLanguage":"es","@id":"https:\/\/www.bbmnoticias.com\/labravaradiofm\/2023\/06\/08\/fiscalia-ejecuta-orden-de-aprehension-contra-exfuncionarios-municipales-por-caso-encierro-primavera\/#primaryimage","url":"https:\/\/www.bbmnoticias.com\/labravaradiofm\/wp-content\/uploads\/sites\/5\/2023\/06\/encierro_primavera.jpeg","contentUrl":"https:\/\/www.bbmnoticias.com\/labravaradiofm\/wp-content\/uploads\/sites\/5\/2023\/06\/encierro_primavera.jpeg","width":1280,"height":800},{"@type":"BreadcrumbList","@id":"https:\/\/www.bbmnoticias.com\/labravaradiofm\/2023\/06\/08\/fiscalia-ejecuta-orden-de-aprehension-contra-exfuncionarios-municipales-por-caso-encierro-primavera\/#breadcrumb","itemListElement":[{"@type":"ListItem","position":1,"name":"Inicio","item":"https:\/\/www.bbmnoticias.com\/labravaradiofm\/"},{"@type":"ListItem","position":2,"name":"Fiscal\u00eda ejecuta orden de aprehensi\u00f3n contra exfuncionarios municipales por caso \u201cencierro Primavera\u201d"}]},{"@type":"WebSite","@id":"https:\/\/www.bbmnoticias.com\/labravaradiofm\/#website","url":"https:\/\/www.bbmnoticias.com\/labravaradiofm\/","name":"LA BRAVA RADIO","description":"Empresa productora de medios, Radiodifusi\u00f3n, Noticias, tendencias y todo lo que necesitas saber de la pol\u00edtica mexicana e internacional; entretenimiento, espect\u00e1culos, salud y mucho m\u00e1s.","potentialAction":[{"@type":"SearchAction","target":{"@type":"EntryPoint","urlTemplate":"https:\/\/www.bbmnoticias.com\/labravaradiofm\/?s={search_term_string}"},"query-input":{"@type":"PropertyValueSpecification","valueRequired":true,"valueName":"search_term_string"}}],"inLanguage":"es"},{"@type":"Person","@id":"https:\/\/www.bbmnoticias.com\/labravaradiofm\/#\/schema\/person\/34b139c617a70ea5bef5678bffe4dd7b","name":"Staff","image":{"@type":"ImageObject","inLanguage":"es","@id":"https:\/\/secure.gravatar.com\/avatar\/fdd21ad66fd8b98c407f9dee5b5e588cfe7f0d8579ec20fa6527cd59bab7f0f0?s=96&d=mm&r=g","url":"https:\/\/secure.gravatar.com\/avatar\/fdd21ad66fd8b98c407f9dee5b5e588cfe7f0d8579ec20fa6527cd59bab7f0f0?s=96&d=mm&r=g","contentUrl":"https:\/\/secure.gravatar.com\/avatar\/fdd21ad66fd8b98c407f9dee5b5e588cfe7f0d8579ec20fa6527cd59bab7f0f0?s=96&d=mm&r=g","caption":"Staff"},"url":"https:\/\/www.bbmnoticias.com\/labravaradiofm\/author\/redaccion\/"}]}},"_links":{"self":[{"href":"https:\/\/www.bbmnoticias.com\/labravaradiofm\/wp-json\/wp\/v2\/posts\/28209","targetHints":{"allow":["GET"]}}],"collection":[{"href":"https:\/\/www.bbmnoticias.com\/labravaradiofm\/wp-json\/wp\/v2\/posts"}],"about":[{"href":"https:\/\/www.bbmnoticias.com\/labravaradiofm\/wp-json\/wp\/v2\/types\/post"}],"author":[{"embeddable":true,"href":"https:\/\/www.bbmnoticias.com\/labravaradiofm\/wp-json\/wp\/v2\/users\/2"}],"replies":[{"embeddable":true,"href":"https:\/\/www.bbmnoticias.com\/labravaradiofm\/wp-json\/wp\/v2\/comments?post=28209"}],"version-history":[{"count":0,"href":"https:\/\/www.bbmnoticias.com\/labravaradiofm\/wp-json\/wp\/v2\/posts\/28209\/revisions"}],"wp:featuredmedia":[{"embeddable":true,"href":"https:\/\/www.bbmnoticias.com\/labravaradiofm\/wp-json\/wp\/v2\/media\/28210"}],"wp:attachment":[{"href":"https:\/\/www.bbmnoticias.com\/labravaradiofm\/wp-json\/wp\/v2\/media?parent=28209"}],"wp:term":[{"taxonomy":"category","embeddable":true,"href":"https:\/\/www.bbmnoticias.com\/labravaradiofm\/wp-json\/wp\/v2\/categories?post=28209"},{"taxonomy":"post_tag","embeddable":true,"href":"https:\/\/www.bbmnoticias.com\/labravaradiofm\/wp-json\/wp\/v2\/tags?post=28209"}],"curies":[{"name":"wp","href":"https:\/\/api.w.org\/{rel}","templated":true}]}}