{"id":28194,"date":"2023-06-08T13:30:28","date_gmt":"2023-06-08T19:30:28","guid":{"rendered":"https:\/\/www.bbmnoticias.com\/labravaradiofm\/?p=28194"},"modified":"2023-06-08T13:30:30","modified_gmt":"2023-06-08T19:30:30","slug":"participa-imss-oaxaca-en-la-actualizacion-de-evaluadores-del-premio-imss-2023-en-atlixco-puebla","status":"publish","type":"post","link":"https:\/\/www.bbmnoticias.com\/labravaradiofm\/2023\/06\/08\/participa-imss-oaxaca-en-la-actualizacion-de-evaluadores-del-premio-imss-2023-en-atlixco-puebla\/","title":{"rendered":"Participa IMSS Oaxaca en la \u201cActualizaci\u00f3n de Evaluadores del Premio IMSS 2023\u201d en Atlixco, Puebla"},"content":{"rendered":"<div style=\"margin-top: 0px; margin-bottom: 0px;\" class=\"sharethis-inline-share-buttons\" ><\/div>\n<p>Como resultado de la estrategia implementada desde la Coordinaci\u00f3n de Competitividad del Instituto Mexicano del Seguro Social (IMSS) Oaxaca, este a\u00f1o 17 trabajadoras y trabajadores de diversas \u00e1reas asistieron a la capacitaci\u00f3n \u201cActualizaci\u00f3n de Evaluadores del Premio IMSS 2023\u201d.<\/p>\n\n\n\n<p>Particip\u00f3 personal interesado en integrarse por primera vez al padr\u00f3n de evaluadores del Premio IMSS a la Competitividad 2023, quienes formar\u00e1n parte de la categor\u00eda de \u201cEvaluador Lince\u201d, a fin de coadyuvar a consolidar la cultura de servicio con calidad, calidez y competitividad dentro de Hospitales, Unidades de Medicina Familia (UMF) y \u00e1reas administrativas.<\/p>\n\n\n\n<p>De acuerdo con Katya Delgado Mej\u00eda, encargada de la Coordinaci\u00f3n de Competitividad, las y los Evaluadores Lince consolidar\u00e1n sus conocimientos sobre la metodolog\u00eda documental y en sitio del Modelo Institucional para la Competitividad, con la finalidad de impulsar la calidad y eficiencia de los procesos y servicios, as\u00ed como incidir en la satisfacci\u00f3n de la derechohabiencia y poblaci\u00f3n usuaria.<\/p>\n\n\n\n<p>La capacitaci\u00f3n se llev\u00f3 a cabo en las instalaciones del Centro Vacacional Metepec en Atlixco, Puebla, donde tambi\u00e9n asisti\u00f3 personal del IMSS de Puebla y Tlaxcala.<\/p>\n","protected":false},"excerpt":{"rendered":"<p>Como resultado de la estrategia implementada desde la Coordinaci\u00f3n de Competitividad del Instituto Mexicano del Seguro Social (IMSS) Oaxaca, este a\u00f1o 17 trabajadoras y trabajadores de diversas \u00e1reas asistieron a la capacitaci\u00f3n \u201cActualizaci\u00f3n de Evaluadores del Premio IMSS 2023\u201d. Particip\u00f3 personal interesado en integrarse por primera vez al padr\u00f3n de evaluadores del Premio IMSS a [&hellip;]<\/p>\n","protected":false},"author":2,"featured_media":28195,"comment_status":"closed","ping_status":"closed","sticky":false,"template":"","format":"standard","meta":{"footnotes":""},"categories":[2],"tags":[],"class_list":{"0":"post-28194","1":"post","2":"type-post","3":"status-publish","4":"format-standard","5":"has-post-thumbnail","7":"category-oaxaca"},"yoast_head":"<!-- This site is optimized with the Yoast SEO plugin v27.4 - https:\/\/yoast.com\/product\/yoast-seo-wordpress\/ -->\n<title>Participa IMSS Oaxaca en la \u201cActualizaci\u00f3n de Evaluadores del Premio IMSS 2023\u201d en Atlixco, Puebla - LA BRAVA RADIO<\/title>\n<meta name=\"robots\" content=\"index, follow, max-snippet:-1, max-image-preview:large, max-video-preview:-1\" \/>\n<link rel=\"canonical\" href=\"https:\/\/www.bbmnoticias.com\/labravaradiofm\/2023\/06\/08\/participa-imss-oaxaca-en-la-actualizacion-de-evaluadores-del-premio-imss-2023-en-atlixco-puebla\/\" \/>\n<meta property=\"og:locale\" content=\"es_MX\" \/>\n<meta property=\"og:type\" content=\"article\" \/>\n<meta property=\"og:title\" content=\"Participa IMSS Oaxaca en la \u201cActualizaci\u00f3n de Evaluadores del Premio IMSS 2023\u201d en Atlixco, Puebla - LA BRAVA RADIO\" \/>\n<meta property=\"og:description\" content=\"Como resultado de la estrategia implementada desde la Coordinaci\u00f3n de Competitividad del Instituto Mexicano del Seguro Social (IMSS) Oaxaca, este a\u00f1o 17 trabajadoras y trabajadores de diversas \u00e1reas asistieron a la capacitaci\u00f3n \u201cActualizaci\u00f3n de Evaluadores del Premio IMSS 2023\u201d. Particip\u00f3 personal interesado en integrarse por primera vez al padr\u00f3n de evaluadores del Premio IMSS a [&hellip;]\" \/>\n<meta property=\"og:url\" content=\"https:\/\/www.bbmnoticias.com\/labravaradiofm\/2023\/06\/08\/participa-imss-oaxaca-en-la-actualizacion-de-evaluadores-del-premio-imss-2023-en-atlixco-puebla\/\" \/>\n<meta property=\"og:site_name\" content=\"LA BRAVA RADIO\" \/>\n<meta property=\"article:published_time\" content=\"2023-06-08T19:30:28+00:00\" \/>\n<meta property=\"article:modified_time\" content=\"2023-06-08T19:30:30+00:00\" \/>\n<meta property=\"og:image\" content=\"https:\/\/www.bbmnoticias.com\/labravaradiofm\/wp-content\/uploads\/sites\/5\/2023\/06\/imss_oaxaca.jpeg\" \/>\n\t<meta property=\"og:image:width\" content=\"977\" \/>\n\t<meta property=\"og:image:height\" content=\"768\" \/>\n\t<meta property=\"og:image:type\" content=\"image\/jpeg\" \/>\n<meta name=\"author\" content=\"Staff\" \/>\n<meta name=\"twitter:card\" content=\"summary_large_image\" \/>\n<meta name=\"twitter:label1\" content=\"Escrito por\" \/>\n\t<meta name=\"twitter:data1\" content=\"Staff\" \/>\n\t<meta name=\"twitter:label2\" content=\"Tiempo de lectura\" \/>\n\t<meta name=\"twitter:data2\" content=\"1 minuto\" \/>\n<script type=\"application\/ld+json\" class=\"yoast-schema-graph\">{\"@context\":\"https:\\\/\\\/schema.org\",\"@graph\":[{\"@type\":\"Article\",\"@id\":\"https:\\\/\\\/www.bbmnoticias.com\\\/labravaradiofm\\\/2023\\\/06\\\/08\\\/participa-imss-oaxaca-en-la-actualizacion-de-evaluadores-del-premio-imss-2023-en-atlixco-puebla\\\/#article\",\"isPartOf\":{\"@id\":\"https:\\\/\\\/www.bbmnoticias.com\\\/labravaradiofm\\\/2023\\\/06\\\/08\\\/participa-imss-oaxaca-en-la-actualizacion-de-evaluadores-del-premio-imss-2023-en-atlixco-puebla\\\/\"},\"author\":{\"name\":\"Staff\",\"@id\":\"https:\\\/\\\/www.bbmnoticias.com\\\/labravaradiofm\\\/#\\\/schema\\\/person\\\/34b139c617a70ea5bef5678bffe4dd7b\"},\"headline\":\"Participa IMSS Oaxaca en la \u201cActualizaci\u00f3n de Evaluadores del Premio IMSS 2023\u201d en Atlixco, Puebla\",\"datePublished\":\"2023-06-08T19:30:28+00:00\",\"dateModified\":\"2023-06-08T19:30:30+00:00\",\"mainEntityOfPage\":{\"@id\":\"https:\\\/\\\/www.bbmnoticias.com\\\/labravaradiofm\\\/2023\\\/06\\\/08\\\/participa-imss-oaxaca-en-la-actualizacion-de-evaluadores-del-premio-imss-2023-en-atlixco-puebla\\\/\"},\"wordCount\":205,\"image\":{\"@id\":\"https:\\\/\\\/www.bbmnoticias.com\\\/labravaradiofm\\\/2023\\\/06\\\/08\\\/participa-imss-oaxaca-en-la-actualizacion-de-evaluadores-del-premio-imss-2023-en-atlixco-puebla\\\/#primaryimage\"},\"thumbnailUrl\":\"https:\\\/\\\/www.bbmnoticias.com\\\/labravaradiofm\\\/wp-content\\\/uploads\\\/sites\\\/5\\\/2023\\\/06\\\/imss_oaxaca.jpeg\",\"articleSection\":[\"LOCAL\"],\"inLanguage\":\"es\"},{\"@type\":\"WebPage\",\"@id\":\"https:\\\/\\\/www.bbmnoticias.com\\\/labravaradiofm\\\/2023\\\/06\\\/08\\\/participa-imss-oaxaca-en-la-actualizacion-de-evaluadores-del-premio-imss-2023-en-atlixco-puebla\\\/\",\"url\":\"https:\\\/\\\/www.bbmnoticias.com\\\/labravaradiofm\\\/2023\\\/06\\\/08\\\/participa-imss-oaxaca-en-la-actualizacion-de-evaluadores-del-premio-imss-2023-en-atlixco-puebla\\\/\",\"name\":\"Participa IMSS Oaxaca en la \u201cActualizaci\u00f3n de Evaluadores del Premio IMSS 2023\u201d en Atlixco, Puebla - LA BRAVA RADIO\",\"isPartOf\":{\"@id\":\"https:\\\/\\\/www.bbmnoticias.com\\\/labravaradiofm\\\/#website\"},\"primaryImageOfPage\":{\"@id\":\"https:\\\/\\\/www.bbmnoticias.com\\\/labravaradiofm\\\/2023\\\/06\\\/08\\\/participa-imss-oaxaca-en-la-actualizacion-de-evaluadores-del-premio-imss-2023-en-atlixco-puebla\\\/#primaryimage\"},\"image\":{\"@id\":\"https:\\\/\\\/www.bbmnoticias.com\\\/labravaradiofm\\\/2023\\\/06\\\/08\\\/participa-imss-oaxaca-en-la-actualizacion-de-evaluadores-del-premio-imss-2023-en-atlixco-puebla\\\/#primaryimage\"},\"thumbnailUrl\":\"https:\\\/\\\/www.bbmnoticias.com\\\/labravaradiofm\\\/wp-content\\\/uploads\\\/sites\\\/5\\\/2023\\\/06\\\/imss_oaxaca.jpeg\",\"datePublished\":\"2023-06-08T19:30:28+00:00\",\"dateModified\":\"2023-06-08T19:30:30+00:00\",\"author\":{\"@id\":\"https:\\\/\\\/www.bbmnoticias.com\\\/labravaradiofm\\\/#\\\/schema\\\/person\\\/34b139c617a70ea5bef5678bffe4dd7b\"},\"breadcrumb\":{\"@id\":\"https:\\\/\\\/www.bbmnoticias.com\\\/labravaradiofm\\\/2023\\\/06\\\/08\\\/participa-imss-oaxaca-en-la-actualizacion-de-evaluadores-del-premio-imss-2023-en-atlixco-puebla\\\/#breadcrumb\"},\"inLanguage\":\"es\",\"potentialAction\":[{\"@type\":\"ReadAction\",\"target\":[\"https:\\\/\\\/www.bbmnoticias.com\\\/labravaradiofm\\\/2023\\\/06\\\/08\\\/participa-imss-oaxaca-en-la-actualizacion-de-evaluadores-del-premio-imss-2023-en-atlixco-puebla\\\/\"]}]},{\"@type\":\"ImageObject\",\"inLanguage\":\"es\",\"@id\":\"https:\\\/\\\/www.bbmnoticias.com\\\/labravaradiofm\\\/2023\\\/06\\\/08\\\/participa-imss-oaxaca-en-la-actualizacion-de-evaluadores-del-premio-imss-2023-en-atlixco-puebla\\\/#primaryimage\",\"url\":\"https:\\\/\\\/www.bbmnoticias.com\\\/labravaradiofm\\\/wp-content\\\/uploads\\\/sites\\\/5\\\/2023\\\/06\\\/imss_oaxaca.jpeg\",\"contentUrl\":\"https:\\\/\\\/www.bbmnoticias.com\\\/labravaradiofm\\\/wp-content\\\/uploads\\\/sites\\\/5\\\/2023\\\/06\\\/imss_oaxaca.jpeg\",\"width\":977,\"height\":768},{\"@type\":\"BreadcrumbList\",\"@id\":\"https:\\\/\\\/www.bbmnoticias.com\\\/labravaradiofm\\\/2023\\\/06\\\/08\\\/participa-imss-oaxaca-en-la-actualizacion-de-evaluadores-del-premio-imss-2023-en-atlixco-puebla\\\/#breadcrumb\",\"itemListElement\":[{\"@type\":\"ListItem\",\"position\":1,\"name\":\"Inicio\",\"item\":\"https:\\\/\\\/www.bbmnoticias.com\\\/labravaradiofm\\\/\"},{\"@type\":\"ListItem\",\"position\":2,\"name\":\"Participa IMSS Oaxaca en la \u201cActualizaci\u00f3n de Evaluadores del Premio IMSS 2023\u201d en Atlixco, Puebla\"}]},{\"@type\":\"WebSite\",\"@id\":\"https:\\\/\\\/www.bbmnoticias.com\\\/labravaradiofm\\\/#website\",\"url\":\"https:\\\/\\\/www.bbmnoticias.com\\\/labravaradiofm\\\/\",\"name\":\"LA BRAVA RADIO\",\"description\":\"Empresa productora de medios, Radiodifusi\u00f3n, Noticias, tendencias y todo lo que necesitas saber de la pol\u00edtica mexicana e internacional; entretenimiento, espect\u00e1culos, salud y mucho m\u00e1s.\",\"potentialAction\":[{\"@type\":\"SearchAction\",\"target\":{\"@type\":\"EntryPoint\",\"urlTemplate\":\"https:\\\/\\\/www.bbmnoticias.com\\\/labravaradiofm\\\/?s={search_term_string}\"},\"query-input\":{\"@type\":\"PropertyValueSpecification\",\"valueRequired\":true,\"valueName\":\"search_term_string\"}}],\"inLanguage\":\"es\"},{\"@type\":\"Person\",\"@id\":\"https:\\\/\\\/www.bbmnoticias.com\\\/labravaradiofm\\\/#\\\/schema\\\/person\\\/34b139c617a70ea5bef5678bffe4dd7b\",\"name\":\"Staff\",\"image\":{\"@type\":\"ImageObject\",\"inLanguage\":\"es\",\"@id\":\"https:\\\/\\\/secure.gravatar.com\\\/avatar\\\/fdd21ad66fd8b98c407f9dee5b5e588cfe7f0d8579ec20fa6527cd59bab7f0f0?s=96&d=mm&r=g\",\"url\":\"https:\\\/\\\/secure.gravatar.com\\\/avatar\\\/fdd21ad66fd8b98c407f9dee5b5e588cfe7f0d8579ec20fa6527cd59bab7f0f0?s=96&d=mm&r=g\",\"contentUrl\":\"https:\\\/\\\/secure.gravatar.com\\\/avatar\\\/fdd21ad66fd8b98c407f9dee5b5e588cfe7f0d8579ec20fa6527cd59bab7f0f0?s=96&d=mm&r=g\",\"caption\":\"Staff\"},\"url\":\"https:\\\/\\\/www.bbmnoticias.com\\\/labravaradiofm\\\/author\\\/redaccion\\\/\"}]}<\/script>\n<!-- \/ Yoast SEO plugin. -->","yoast_head_json":{"title":"Participa IMSS Oaxaca en la \u201cActualizaci\u00f3n de Evaluadores del Premio IMSS 2023\u201d en Atlixco, Puebla - LA BRAVA RADIO","robots":{"index":"index","follow":"follow","max-snippet":"max-snippet:-1","max-image-preview":"max-image-preview:large","max-video-preview":"max-video-preview:-1"},"canonical":"https:\/\/www.bbmnoticias.com\/labravaradiofm\/2023\/06\/08\/participa-imss-oaxaca-en-la-actualizacion-de-evaluadores-del-premio-imss-2023-en-atlixco-puebla\/","og_locale":"es_MX","og_type":"article","og_title":"Participa IMSS Oaxaca en la \u201cActualizaci\u00f3n de Evaluadores del Premio IMSS 2023\u201d en Atlixco, Puebla - LA BRAVA RADIO","og_description":"Como resultado de la estrategia implementada desde la Coordinaci\u00f3n de Competitividad del Instituto Mexicano del Seguro Social (IMSS) Oaxaca, este a\u00f1o 17 trabajadoras y trabajadores de diversas \u00e1reas asistieron a la capacitaci\u00f3n \u201cActualizaci\u00f3n de Evaluadores del Premio IMSS 2023\u201d. Particip\u00f3 personal interesado en integrarse por primera vez al padr\u00f3n de evaluadores del Premio IMSS a [&hellip;]","og_url":"https:\/\/www.bbmnoticias.com\/labravaradiofm\/2023\/06\/08\/participa-imss-oaxaca-en-la-actualizacion-de-evaluadores-del-premio-imss-2023-en-atlixco-puebla\/","og_site_name":"LA BRAVA RADIO","article_published_time":"2023-06-08T19:30:28+00:00","article_modified_time":"2023-06-08T19:30:30+00:00","og_image":[{"width":977,"height":768,"url":"https:\/\/www.bbmnoticias.com\/labravaradiofm\/wp-content\/uploads\/sites\/5\/2023\/06\/imss_oaxaca.jpeg","type":"image\/jpeg"}],"author":"Staff","twitter_card":"summary_large_image","twitter_misc":{"Escrito por":"Staff","Tiempo de lectura":"1 minuto"},"schema":{"@context":"https:\/\/schema.org","@graph":[{"@type":"Article","@id":"https:\/\/www.bbmnoticias.com\/labravaradiofm\/2023\/06\/08\/participa-imss-oaxaca-en-la-actualizacion-de-evaluadores-del-premio-imss-2023-en-atlixco-puebla\/#article","isPartOf":{"@id":"https:\/\/www.bbmnoticias.com\/labravaradiofm\/2023\/06\/08\/participa-imss-oaxaca-en-la-actualizacion-de-evaluadores-del-premio-imss-2023-en-atlixco-puebla\/"},"author":{"name":"Staff","@id":"https:\/\/www.bbmnoticias.com\/labravaradiofm\/#\/schema\/person\/34b139c617a70ea5bef5678bffe4dd7b"},"headline":"Participa IMSS Oaxaca en la \u201cActualizaci\u00f3n de Evaluadores del Premio IMSS 2023\u201d en Atlixco, Puebla","datePublished":"2023-06-08T19:30:28+00:00","dateModified":"2023-06-08T19:30:30+00:00","mainEntityOfPage":{"@id":"https:\/\/www.bbmnoticias.com\/labravaradiofm\/2023\/06\/08\/participa-imss-oaxaca-en-la-actualizacion-de-evaluadores-del-premio-imss-2023-en-atlixco-puebla\/"},"wordCount":205,"image":{"@id":"https:\/\/www.bbmnoticias.com\/labravaradiofm\/2023\/06\/08\/participa-imss-oaxaca-en-la-actualizacion-de-evaluadores-del-premio-imss-2023-en-atlixco-puebla\/#primaryimage"},"thumbnailUrl":"https:\/\/www.bbmnoticias.com\/labravaradiofm\/wp-content\/uploads\/sites\/5\/2023\/06\/imss_oaxaca.jpeg","articleSection":["LOCAL"],"inLanguage":"es"},{"@type":"WebPage","@id":"https:\/\/www.bbmnoticias.com\/labravaradiofm\/2023\/06\/08\/participa-imss-oaxaca-en-la-actualizacion-de-evaluadores-del-premio-imss-2023-en-atlixco-puebla\/","url":"https:\/\/www.bbmnoticias.com\/labravaradiofm\/2023\/06\/08\/participa-imss-oaxaca-en-la-actualizacion-de-evaluadores-del-premio-imss-2023-en-atlixco-puebla\/","name":"Participa IMSS Oaxaca en la \u201cActualizaci\u00f3n de Evaluadores del Premio IMSS 2023\u201d en Atlixco, Puebla - LA BRAVA RADIO","isPartOf":{"@id":"https:\/\/www.bbmnoticias.com\/labravaradiofm\/#website"},"primaryImageOfPage":{"@id":"https:\/\/www.bbmnoticias.com\/labravaradiofm\/2023\/06\/08\/participa-imss-oaxaca-en-la-actualizacion-de-evaluadores-del-premio-imss-2023-en-atlixco-puebla\/#primaryimage"},"image":{"@id":"https:\/\/www.bbmnoticias.com\/labravaradiofm\/2023\/06\/08\/participa-imss-oaxaca-en-la-actualizacion-de-evaluadores-del-premio-imss-2023-en-atlixco-puebla\/#primaryimage"},"thumbnailUrl":"https:\/\/www.bbmnoticias.com\/labravaradiofm\/wp-content\/uploads\/sites\/5\/2023\/06\/imss_oaxaca.jpeg","datePublished":"2023-06-08T19:30:28+00:00","dateModified":"2023-06-08T19:30:30+00:00","author":{"@id":"https:\/\/www.bbmnoticias.com\/labravaradiofm\/#\/schema\/person\/34b139c617a70ea5bef5678bffe4dd7b"},"breadcrumb":{"@id":"https:\/\/www.bbmnoticias.com\/labravaradiofm\/2023\/06\/08\/participa-imss-oaxaca-en-la-actualizacion-de-evaluadores-del-premio-imss-2023-en-atlixco-puebla\/#breadcrumb"},"inLanguage":"es","potentialAction":[{"@type":"ReadAction","target":["https:\/\/www.bbmnoticias.com\/labravaradiofm\/2023\/06\/08\/participa-imss-oaxaca-en-la-actualizacion-de-evaluadores-del-premio-imss-2023-en-atlixco-puebla\/"]}]},{"@type":"ImageObject","inLanguage":"es","@id":"https:\/\/www.bbmnoticias.com\/labravaradiofm\/2023\/06\/08\/participa-imss-oaxaca-en-la-actualizacion-de-evaluadores-del-premio-imss-2023-en-atlixco-puebla\/#primaryimage","url":"https:\/\/www.bbmnoticias.com\/labravaradiofm\/wp-content\/uploads\/sites\/5\/2023\/06\/imss_oaxaca.jpeg","contentUrl":"https:\/\/www.bbmnoticias.com\/labravaradiofm\/wp-content\/uploads\/sites\/5\/2023\/06\/imss_oaxaca.jpeg","width":977,"height":768},{"@type":"BreadcrumbList","@id":"https:\/\/www.bbmnoticias.com\/labravaradiofm\/2023\/06\/08\/participa-imss-oaxaca-en-la-actualizacion-de-evaluadores-del-premio-imss-2023-en-atlixco-puebla\/#breadcrumb","itemListElement":[{"@type":"ListItem","position":1,"name":"Inicio","item":"https:\/\/www.bbmnoticias.com\/labravaradiofm\/"},{"@type":"ListItem","position":2,"name":"Participa IMSS Oaxaca en la \u201cActualizaci\u00f3n de Evaluadores del Premio IMSS 2023\u201d en Atlixco, Puebla"}]},{"@type":"WebSite","@id":"https:\/\/www.bbmnoticias.com\/labravaradiofm\/#website","url":"https:\/\/www.bbmnoticias.com\/labravaradiofm\/","name":"LA BRAVA RADIO","description":"Empresa productora de medios, Radiodifusi\u00f3n, Noticias, tendencias y todo lo que necesitas saber de la pol\u00edtica mexicana e internacional; entretenimiento, espect\u00e1culos, salud y mucho m\u00e1s.","potentialAction":[{"@type":"SearchAction","target":{"@type":"EntryPoint","urlTemplate":"https:\/\/www.bbmnoticias.com\/labravaradiofm\/?s={search_term_string}"},"query-input":{"@type":"PropertyValueSpecification","valueRequired":true,"valueName":"search_term_string"}}],"inLanguage":"es"},{"@type":"Person","@id":"https:\/\/www.bbmnoticias.com\/labravaradiofm\/#\/schema\/person\/34b139c617a70ea5bef5678bffe4dd7b","name":"Staff","image":{"@type":"ImageObject","inLanguage":"es","@id":"https:\/\/secure.gravatar.com\/avatar\/fdd21ad66fd8b98c407f9dee5b5e588cfe7f0d8579ec20fa6527cd59bab7f0f0?s=96&d=mm&r=g","url":"https:\/\/secure.gravatar.com\/avatar\/fdd21ad66fd8b98c407f9dee5b5e588cfe7f0d8579ec20fa6527cd59bab7f0f0?s=96&d=mm&r=g","contentUrl":"https:\/\/secure.gravatar.com\/avatar\/fdd21ad66fd8b98c407f9dee5b5e588cfe7f0d8579ec20fa6527cd59bab7f0f0?s=96&d=mm&r=g","caption":"Staff"},"url":"https:\/\/www.bbmnoticias.com\/labravaradiofm\/author\/redaccion\/"}]}},"_links":{"self":[{"href":"https:\/\/www.bbmnoticias.com\/labravaradiofm\/wp-json\/wp\/v2\/posts\/28194","targetHints":{"allow":["GET"]}}],"collection":[{"href":"https:\/\/www.bbmnoticias.com\/labravaradiofm\/wp-json\/wp\/v2\/posts"}],"about":[{"href":"https:\/\/www.bbmnoticias.com\/labravaradiofm\/wp-json\/wp\/v2\/types\/post"}],"author":[{"embeddable":true,"href":"https:\/\/www.bbmnoticias.com\/labravaradiofm\/wp-json\/wp\/v2\/users\/2"}],"replies":[{"embeddable":true,"href":"https:\/\/www.bbmnoticias.com\/labravaradiofm\/wp-json\/wp\/v2\/comments?post=28194"}],"version-history":[{"count":0,"href":"https:\/\/www.bbmnoticias.com\/labravaradiofm\/wp-json\/wp\/v2\/posts\/28194\/revisions"}],"wp:featuredmedia":[{"embeddable":true,"href":"https:\/\/www.bbmnoticias.com\/labravaradiofm\/wp-json\/wp\/v2\/media\/28195"}],"wp:attachment":[{"href":"https:\/\/www.bbmnoticias.com\/labravaradiofm\/wp-json\/wp\/v2\/media?parent=28194"}],"wp:term":[{"taxonomy":"category","embeddable":true,"href":"https:\/\/www.bbmnoticias.com\/labravaradiofm\/wp-json\/wp\/v2\/categories?post=28194"},{"taxonomy":"post_tag","embeddable":true,"href":"https:\/\/www.bbmnoticias.com\/labravaradiofm\/wp-json\/wp\/v2\/tags?post=28194"}],"curies":[{"name":"wp","href":"https:\/\/api.w.org\/{rel}","templated":true}]}}