{"id":28191,"date":"2023-06-08T12:36:37","date_gmt":"2023-06-08T18:36:37","guid":{"rendered":"https:\/\/www.bbmnoticias.com\/labravaradiofm\/?p=28191"},"modified":"2023-06-08T12:36:38","modified_gmt":"2023-06-08T18:36:38","slug":"setrao-y-embajada-de-estados-unidos-suman-voluntades-para-mejorar-condiciones-laborales-en-oaxaca","status":"publish","type":"post","link":"https:\/\/www.bbmnoticias.com\/labravaradiofm\/2023\/06\/08\/setrao-y-embajada-de-estados-unidos-suman-voluntades-para-mejorar-condiciones-laborales-en-oaxaca\/","title":{"rendered":"Setrao y Embajada de Estados Unidos suman voluntades para mejorar condiciones laborales en Oaxaca"},"content":{"rendered":"<div style=\"margin-top: 0px; margin-bottom: 0px;\" class=\"sharethis-inline-share-buttons\" ><\/div>\n<ul class=\"wp-block-list\">\n<li><em>Colaborar\u00e1n para detonar proyectos que permitan mejorar la calidad de vida de las personas trabajadoras<\/em><\/li>\n<\/ul>\n\n\n\n<p><strong>Oaxaca de Ju\u00e1rez, Oax., 8 de junio de 2023.-&nbsp;<\/strong>Para mejorar las condiciones laborales y promover el desarrollo econ\u00f3mico y social en los municipios de Oaxaca, la Secretar\u00eda del Trabajo (Setrao) sostuvo un encuentro con Luis Pablo Solorio agregado laboral principal de los Estados Unidos en M\u00e9xico.<\/p>\n\n\n\n<p>Esta reuni\u00f3n en la que tambi\u00e9n participaron representantes del Gobierno de Oaxaca, tuvo como objetivo plantear un proyecto de desarrollo integral y fortalecer acciones en beneficio de las personas trabajadoras, mujeres, ni\u00f1as, ni\u00f1os y poblaci\u00f3n migrante.<\/p>\n\n\n\n<p>En este sentido, el agregado laboral Luis Pablo Solorio expres\u00f3 su satisfacci\u00f3n por la prioridad que el Gobierno de Salom\u00f3n Jara Cruz ha dado a las y los trabajadores con la creaci\u00f3n de la Secretar\u00eda del Trabajo, al tiempo de resaltar su inter\u00e9s para coadyuvar en proyectos que permitan mejorar las condiciones laborales en Oaxaca.<\/p>\n\n\n\n<p>Mencion\u00f3 algunos de los que ya se realizan en la entidad como el Proyecto Equal de World Vision M\u00e9xico que promueve la igualdad de g\u00e9nero y la defensa de los derechos laborales de las mujeres trabajadoras del sector agr\u00edcola en la localidad de Pluma Hidalgo.<\/p>\n\n\n\n<p>Tambi\u00e9n el de Campos de Esperanza en Acatl\u00e1n P\u00e9rez de Figueroa y San Miguel Soyaltepec que est\u00e1 encaminado a prevenir el trabajo infantil y promover la mejora de condiciones de trabajo en las comunidades agr\u00edcolas migrantes; y el de Solidaridad Internacional Kanda A.C. (Sikanda) que fomenta el desarrollo sustentable en comunidades en situaci\u00f3n de marginaci\u00f3n.<\/p>\n\n\n\n<p>Adem\u00e1s, reconoci\u00f3 la labor de la secretaria del Trabajo en Oaxaca Edith Santib\u00e1\u00f1ez Boh\u00f3rquez ante la pr\u00f3xima instalaci\u00f3n de la Comisi\u00f3n Intersecretarial para la Prevenci\u00f3n y Erradicaci\u00f3n del Trabajo Infantil y la Protecci\u00f3n de Adolescentes Trabajadores en Edad Permitida en M\u00e9xico (CITI), acci\u00f3n que realizar\u00e1 en coordinaci\u00f3n con el Sistema Local de Protecci\u00f3n Integral de los Derechos de las Ni\u00f1as, Ni\u00f1os y Adolescentes del Estado (Sipinna).<\/p>\n\n\n\n<p>Por su parte, la secretaria del Trabajo, Edith Santib\u00e1\u00f1ez Boh\u00f3rquez, reiter\u00f3 su compromiso para que todos los esfuerzos realizados se vean reflejados en el bienestar de la poblaci\u00f3n y contribuyan al desarrollo social, econ\u00f3mico y de bienestar en Oaxaca.<\/p>\n\n\n\n<p>Se sumaron a esta iniciativa las secretarias de las Mujeres, Elisa Zepeda Lagunas; de Bienestar, Tequio e Inclusi\u00f3n, Laura Estrada Mauro; la secretaria Ejecutiva de Sipinna, Alma Bautista Ramos; el secretario de las Culturas y Artes de Oaxaca, V\u00edctor Cata; el director del Instituto de Atenci\u00f3n Integral al Migrante Oaxaque\u00f1o, Silverio \u00c1vila Mart\u00ednez; el coordinador de Enlace Federal, Fernando S\u00e1nchez, y representantes de otras instituciones.<\/p>\n","protected":false},"excerpt":{"rendered":"<p>Oaxaca de Ju\u00e1rez, Oax., 8 de junio de 2023.-&nbsp;Para mejorar las condiciones laborales y promover el desarrollo econ\u00f3mico y social en los municipios de Oaxaca, la Secretar\u00eda del Trabajo (Setrao) sostuvo un encuentro con Luis Pablo Solorio agregado laboral principal de los Estados Unidos en M\u00e9xico. Esta reuni\u00f3n en la que tambi\u00e9n participaron representantes del [&hellip;]<\/p>\n","protected":false},"author":2,"featured_media":28192,"comment_status":"closed","ping_status":"closed","sticky":false,"template":"","format":"standard","meta":{"footnotes":""},"categories":[2],"tags":[],"class_list":{"0":"post-28191","1":"post","2":"type-post","3":"status-publish","4":"format-standard","5":"has-post-thumbnail","7":"category-oaxaca"},"yoast_head":"<!-- This site is optimized with the Yoast SEO plugin v27.4 - https:\/\/yoast.com\/product\/yoast-seo-wordpress\/ -->\n<title>Setrao y Embajada de Estados Unidos suman voluntades para mejorar condiciones laborales en Oaxaca - LA BRAVA RADIO<\/title>\n<meta name=\"robots\" content=\"index, follow, max-snippet:-1, max-image-preview:large, max-video-preview:-1\" \/>\n<link rel=\"canonical\" href=\"https:\/\/www.bbmnoticias.com\/labravaradiofm\/2023\/06\/08\/setrao-y-embajada-de-estados-unidos-suman-voluntades-para-mejorar-condiciones-laborales-en-oaxaca\/\" \/>\n<meta property=\"og:locale\" content=\"es_MX\" \/>\n<meta property=\"og:type\" content=\"article\" \/>\n<meta property=\"og:title\" content=\"Setrao y Embajada de Estados Unidos suman voluntades para mejorar condiciones laborales en Oaxaca - LA BRAVA RADIO\" \/>\n<meta property=\"og:description\" content=\"Oaxaca de Ju\u00e1rez, Oax., 8 de junio de 2023.-&nbsp;Para mejorar las condiciones laborales y promover el desarrollo econ\u00f3mico y social en los municipios de Oaxaca, la Secretar\u00eda del Trabajo (Setrao) sostuvo un encuentro con Luis Pablo Solorio agregado laboral principal de los Estados Unidos en M\u00e9xico. Esta reuni\u00f3n en la que tambi\u00e9n participaron representantes del [&hellip;]\" \/>\n<meta property=\"og:url\" content=\"https:\/\/www.bbmnoticias.com\/labravaradiofm\/2023\/06\/08\/setrao-y-embajada-de-estados-unidos-suman-voluntades-para-mejorar-condiciones-laborales-en-oaxaca\/\" \/>\n<meta property=\"og:site_name\" content=\"LA BRAVA RADIO\" \/>\n<meta property=\"article:published_time\" content=\"2023-06-08T18:36:37+00:00\" \/>\n<meta property=\"article:modified_time\" content=\"2023-06-08T18:36:38+00:00\" \/>\n<meta property=\"og:image\" content=\"https:\/\/www.bbmnoticias.com\/labravaradiofm\/wp-content\/uploads\/sites\/5\/2023\/06\/Setrao-2.jpeg\" \/>\n\t<meta property=\"og:image:width\" content=\"1600\" \/>\n\t<meta property=\"og:image:height\" content=\"1066\" \/>\n\t<meta property=\"og:image:type\" content=\"image\/jpeg\" \/>\n<meta name=\"author\" content=\"Staff\" \/>\n<meta name=\"twitter:card\" content=\"summary_large_image\" \/>\n<meta name=\"twitter:label1\" content=\"Escrito por\" \/>\n\t<meta name=\"twitter:data1\" content=\"Staff\" \/>\n\t<meta name=\"twitter:label2\" content=\"Tiempo de lectura\" \/>\n\t<meta name=\"twitter:data2\" content=\"2 minutos\" \/>\n<script type=\"application\/ld+json\" class=\"yoast-schema-graph\">{\"@context\":\"https:\\\/\\\/schema.org\",\"@graph\":[{\"@type\":\"Article\",\"@id\":\"https:\\\/\\\/www.bbmnoticias.com\\\/labravaradiofm\\\/2023\\\/06\\\/08\\\/setrao-y-embajada-de-estados-unidos-suman-voluntades-para-mejorar-condiciones-laborales-en-oaxaca\\\/#article\",\"isPartOf\":{\"@id\":\"https:\\\/\\\/www.bbmnoticias.com\\\/labravaradiofm\\\/2023\\\/06\\\/08\\\/setrao-y-embajada-de-estados-unidos-suman-voluntades-para-mejorar-condiciones-laborales-en-oaxaca\\\/\"},\"author\":{\"name\":\"Staff\",\"@id\":\"https:\\\/\\\/www.bbmnoticias.com\\\/labravaradiofm\\\/#\\\/schema\\\/person\\\/34b139c617a70ea5bef5678bffe4dd7b\"},\"headline\":\"Setrao y Embajada de Estados Unidos suman voluntades para mejorar condiciones laborales en Oaxaca\",\"datePublished\":\"2023-06-08T18:36:37+00:00\",\"dateModified\":\"2023-06-08T18:36:38+00:00\",\"mainEntityOfPage\":{\"@id\":\"https:\\\/\\\/www.bbmnoticias.com\\\/labravaradiofm\\\/2023\\\/06\\\/08\\\/setrao-y-embajada-de-estados-unidos-suman-voluntades-para-mejorar-condiciones-laborales-en-oaxaca\\\/\"},\"wordCount\":487,\"image\":{\"@id\":\"https:\\\/\\\/www.bbmnoticias.com\\\/labravaradiofm\\\/2023\\\/06\\\/08\\\/setrao-y-embajada-de-estados-unidos-suman-voluntades-para-mejorar-condiciones-laborales-en-oaxaca\\\/#primaryimage\"},\"thumbnailUrl\":\"https:\\\/\\\/www.bbmnoticias.com\\\/labravaradiofm\\\/wp-content\\\/uploads\\\/sites\\\/5\\\/2023\\\/06\\\/Setrao-2.jpeg\",\"articleSection\":[\"LOCAL\"],\"inLanguage\":\"es\"},{\"@type\":\"WebPage\",\"@id\":\"https:\\\/\\\/www.bbmnoticias.com\\\/labravaradiofm\\\/2023\\\/06\\\/08\\\/setrao-y-embajada-de-estados-unidos-suman-voluntades-para-mejorar-condiciones-laborales-en-oaxaca\\\/\",\"url\":\"https:\\\/\\\/www.bbmnoticias.com\\\/labravaradiofm\\\/2023\\\/06\\\/08\\\/setrao-y-embajada-de-estados-unidos-suman-voluntades-para-mejorar-condiciones-laborales-en-oaxaca\\\/\",\"name\":\"Setrao y Embajada de Estados Unidos suman voluntades para mejorar condiciones laborales en Oaxaca - LA BRAVA RADIO\",\"isPartOf\":{\"@id\":\"https:\\\/\\\/www.bbmnoticias.com\\\/labravaradiofm\\\/#website\"},\"primaryImageOfPage\":{\"@id\":\"https:\\\/\\\/www.bbmnoticias.com\\\/labravaradiofm\\\/2023\\\/06\\\/08\\\/setrao-y-embajada-de-estados-unidos-suman-voluntades-para-mejorar-condiciones-laborales-en-oaxaca\\\/#primaryimage\"},\"image\":{\"@id\":\"https:\\\/\\\/www.bbmnoticias.com\\\/labravaradiofm\\\/2023\\\/06\\\/08\\\/setrao-y-embajada-de-estados-unidos-suman-voluntades-para-mejorar-condiciones-laborales-en-oaxaca\\\/#primaryimage\"},\"thumbnailUrl\":\"https:\\\/\\\/www.bbmnoticias.com\\\/labravaradiofm\\\/wp-content\\\/uploads\\\/sites\\\/5\\\/2023\\\/06\\\/Setrao-2.jpeg\",\"datePublished\":\"2023-06-08T18:36:37+00:00\",\"dateModified\":\"2023-06-08T18:36:38+00:00\",\"author\":{\"@id\":\"https:\\\/\\\/www.bbmnoticias.com\\\/labravaradiofm\\\/#\\\/schema\\\/person\\\/34b139c617a70ea5bef5678bffe4dd7b\"},\"breadcrumb\":{\"@id\":\"https:\\\/\\\/www.bbmnoticias.com\\\/labravaradiofm\\\/2023\\\/06\\\/08\\\/setrao-y-embajada-de-estados-unidos-suman-voluntades-para-mejorar-condiciones-laborales-en-oaxaca\\\/#breadcrumb\"},\"inLanguage\":\"es\",\"potentialAction\":[{\"@type\":\"ReadAction\",\"target\":[\"https:\\\/\\\/www.bbmnoticias.com\\\/labravaradiofm\\\/2023\\\/06\\\/08\\\/setrao-y-embajada-de-estados-unidos-suman-voluntades-para-mejorar-condiciones-laborales-en-oaxaca\\\/\"]}]},{\"@type\":\"ImageObject\",\"inLanguage\":\"es\",\"@id\":\"https:\\\/\\\/www.bbmnoticias.com\\\/labravaradiofm\\\/2023\\\/06\\\/08\\\/setrao-y-embajada-de-estados-unidos-suman-voluntades-para-mejorar-condiciones-laborales-en-oaxaca\\\/#primaryimage\",\"url\":\"https:\\\/\\\/www.bbmnoticias.com\\\/labravaradiofm\\\/wp-content\\\/uploads\\\/sites\\\/5\\\/2023\\\/06\\\/Setrao-2.jpeg\",\"contentUrl\":\"https:\\\/\\\/www.bbmnoticias.com\\\/labravaradiofm\\\/wp-content\\\/uploads\\\/sites\\\/5\\\/2023\\\/06\\\/Setrao-2.jpeg\",\"width\":1600,\"height\":1066},{\"@type\":\"BreadcrumbList\",\"@id\":\"https:\\\/\\\/www.bbmnoticias.com\\\/labravaradiofm\\\/2023\\\/06\\\/08\\\/setrao-y-embajada-de-estados-unidos-suman-voluntades-para-mejorar-condiciones-laborales-en-oaxaca\\\/#breadcrumb\",\"itemListElement\":[{\"@type\":\"ListItem\",\"position\":1,\"name\":\"Inicio\",\"item\":\"https:\\\/\\\/www.bbmnoticias.com\\\/labravaradiofm\\\/\"},{\"@type\":\"ListItem\",\"position\":2,\"name\":\"Setrao y Embajada de Estados Unidos suman voluntades para mejorar condiciones laborales en Oaxaca\"}]},{\"@type\":\"WebSite\",\"@id\":\"https:\\\/\\\/www.bbmnoticias.com\\\/labravaradiofm\\\/#website\",\"url\":\"https:\\\/\\\/www.bbmnoticias.com\\\/labravaradiofm\\\/\",\"name\":\"LA BRAVA RADIO\",\"description\":\"Empresa productora de medios, Radiodifusi\u00f3n, Noticias, tendencias y todo lo que necesitas saber de la pol\u00edtica mexicana e internacional; entretenimiento, espect\u00e1culos, salud y mucho m\u00e1s.\",\"potentialAction\":[{\"@type\":\"SearchAction\",\"target\":{\"@type\":\"EntryPoint\",\"urlTemplate\":\"https:\\\/\\\/www.bbmnoticias.com\\\/labravaradiofm\\\/?s={search_term_string}\"},\"query-input\":{\"@type\":\"PropertyValueSpecification\",\"valueRequired\":true,\"valueName\":\"search_term_string\"}}],\"inLanguage\":\"es\"},{\"@type\":\"Person\",\"@id\":\"https:\\\/\\\/www.bbmnoticias.com\\\/labravaradiofm\\\/#\\\/schema\\\/person\\\/34b139c617a70ea5bef5678bffe4dd7b\",\"name\":\"Staff\",\"image\":{\"@type\":\"ImageObject\",\"inLanguage\":\"es\",\"@id\":\"https:\\\/\\\/secure.gravatar.com\\\/avatar\\\/fdd21ad66fd8b98c407f9dee5b5e588cfe7f0d8579ec20fa6527cd59bab7f0f0?s=96&d=mm&r=g\",\"url\":\"https:\\\/\\\/secure.gravatar.com\\\/avatar\\\/fdd21ad66fd8b98c407f9dee5b5e588cfe7f0d8579ec20fa6527cd59bab7f0f0?s=96&d=mm&r=g\",\"contentUrl\":\"https:\\\/\\\/secure.gravatar.com\\\/avatar\\\/fdd21ad66fd8b98c407f9dee5b5e588cfe7f0d8579ec20fa6527cd59bab7f0f0?s=96&d=mm&r=g\",\"caption\":\"Staff\"},\"url\":\"https:\\\/\\\/www.bbmnoticias.com\\\/labravaradiofm\\\/author\\\/redaccion\\\/\"}]}<\/script>\n<!-- \/ Yoast SEO plugin. -->","yoast_head_json":{"title":"Setrao y Embajada de Estados Unidos suman voluntades para mejorar condiciones laborales en Oaxaca - LA BRAVA RADIO","robots":{"index":"index","follow":"follow","max-snippet":"max-snippet:-1","max-image-preview":"max-image-preview:large","max-video-preview":"max-video-preview:-1"},"canonical":"https:\/\/www.bbmnoticias.com\/labravaradiofm\/2023\/06\/08\/setrao-y-embajada-de-estados-unidos-suman-voluntades-para-mejorar-condiciones-laborales-en-oaxaca\/","og_locale":"es_MX","og_type":"article","og_title":"Setrao y Embajada de Estados Unidos suman voluntades para mejorar condiciones laborales en Oaxaca - LA BRAVA RADIO","og_description":"Oaxaca de Ju\u00e1rez, Oax., 8 de junio de 2023.-&nbsp;Para mejorar las condiciones laborales y promover el desarrollo econ\u00f3mico y social en los municipios de Oaxaca, la Secretar\u00eda del Trabajo (Setrao) sostuvo un encuentro con Luis Pablo Solorio agregado laboral principal de los Estados Unidos en M\u00e9xico. Esta reuni\u00f3n en la que tambi\u00e9n participaron representantes del [&hellip;]","og_url":"https:\/\/www.bbmnoticias.com\/labravaradiofm\/2023\/06\/08\/setrao-y-embajada-de-estados-unidos-suman-voluntades-para-mejorar-condiciones-laborales-en-oaxaca\/","og_site_name":"LA BRAVA RADIO","article_published_time":"2023-06-08T18:36:37+00:00","article_modified_time":"2023-06-08T18:36:38+00:00","og_image":[{"width":1600,"height":1066,"url":"https:\/\/www.bbmnoticias.com\/labravaradiofm\/wp-content\/uploads\/sites\/5\/2023\/06\/Setrao-2.jpeg","type":"image\/jpeg"}],"author":"Staff","twitter_card":"summary_large_image","twitter_misc":{"Escrito por":"Staff","Tiempo de lectura":"2 minutos"},"schema":{"@context":"https:\/\/schema.org","@graph":[{"@type":"Article","@id":"https:\/\/www.bbmnoticias.com\/labravaradiofm\/2023\/06\/08\/setrao-y-embajada-de-estados-unidos-suman-voluntades-para-mejorar-condiciones-laborales-en-oaxaca\/#article","isPartOf":{"@id":"https:\/\/www.bbmnoticias.com\/labravaradiofm\/2023\/06\/08\/setrao-y-embajada-de-estados-unidos-suman-voluntades-para-mejorar-condiciones-laborales-en-oaxaca\/"},"author":{"name":"Staff","@id":"https:\/\/www.bbmnoticias.com\/labravaradiofm\/#\/schema\/person\/34b139c617a70ea5bef5678bffe4dd7b"},"headline":"Setrao y Embajada de Estados Unidos suman voluntades para mejorar condiciones laborales en Oaxaca","datePublished":"2023-06-08T18:36:37+00:00","dateModified":"2023-06-08T18:36:38+00:00","mainEntityOfPage":{"@id":"https:\/\/www.bbmnoticias.com\/labravaradiofm\/2023\/06\/08\/setrao-y-embajada-de-estados-unidos-suman-voluntades-para-mejorar-condiciones-laborales-en-oaxaca\/"},"wordCount":487,"image":{"@id":"https:\/\/www.bbmnoticias.com\/labravaradiofm\/2023\/06\/08\/setrao-y-embajada-de-estados-unidos-suman-voluntades-para-mejorar-condiciones-laborales-en-oaxaca\/#primaryimage"},"thumbnailUrl":"https:\/\/www.bbmnoticias.com\/labravaradiofm\/wp-content\/uploads\/sites\/5\/2023\/06\/Setrao-2.jpeg","articleSection":["LOCAL"],"inLanguage":"es"},{"@type":"WebPage","@id":"https:\/\/www.bbmnoticias.com\/labravaradiofm\/2023\/06\/08\/setrao-y-embajada-de-estados-unidos-suman-voluntades-para-mejorar-condiciones-laborales-en-oaxaca\/","url":"https:\/\/www.bbmnoticias.com\/labravaradiofm\/2023\/06\/08\/setrao-y-embajada-de-estados-unidos-suman-voluntades-para-mejorar-condiciones-laborales-en-oaxaca\/","name":"Setrao y Embajada de Estados Unidos suman voluntades para mejorar condiciones laborales en Oaxaca - LA BRAVA RADIO","isPartOf":{"@id":"https:\/\/www.bbmnoticias.com\/labravaradiofm\/#website"},"primaryImageOfPage":{"@id":"https:\/\/www.bbmnoticias.com\/labravaradiofm\/2023\/06\/08\/setrao-y-embajada-de-estados-unidos-suman-voluntades-para-mejorar-condiciones-laborales-en-oaxaca\/#primaryimage"},"image":{"@id":"https:\/\/www.bbmnoticias.com\/labravaradiofm\/2023\/06\/08\/setrao-y-embajada-de-estados-unidos-suman-voluntades-para-mejorar-condiciones-laborales-en-oaxaca\/#primaryimage"},"thumbnailUrl":"https:\/\/www.bbmnoticias.com\/labravaradiofm\/wp-content\/uploads\/sites\/5\/2023\/06\/Setrao-2.jpeg","datePublished":"2023-06-08T18:36:37+00:00","dateModified":"2023-06-08T18:36:38+00:00","author":{"@id":"https:\/\/www.bbmnoticias.com\/labravaradiofm\/#\/schema\/person\/34b139c617a70ea5bef5678bffe4dd7b"},"breadcrumb":{"@id":"https:\/\/www.bbmnoticias.com\/labravaradiofm\/2023\/06\/08\/setrao-y-embajada-de-estados-unidos-suman-voluntades-para-mejorar-condiciones-laborales-en-oaxaca\/#breadcrumb"},"inLanguage":"es","potentialAction":[{"@type":"ReadAction","target":["https:\/\/www.bbmnoticias.com\/labravaradiofm\/2023\/06\/08\/setrao-y-embajada-de-estados-unidos-suman-voluntades-para-mejorar-condiciones-laborales-en-oaxaca\/"]}]},{"@type":"ImageObject","inLanguage":"es","@id":"https:\/\/www.bbmnoticias.com\/labravaradiofm\/2023\/06\/08\/setrao-y-embajada-de-estados-unidos-suman-voluntades-para-mejorar-condiciones-laborales-en-oaxaca\/#primaryimage","url":"https:\/\/www.bbmnoticias.com\/labravaradiofm\/wp-content\/uploads\/sites\/5\/2023\/06\/Setrao-2.jpeg","contentUrl":"https:\/\/www.bbmnoticias.com\/labravaradiofm\/wp-content\/uploads\/sites\/5\/2023\/06\/Setrao-2.jpeg","width":1600,"height":1066},{"@type":"BreadcrumbList","@id":"https:\/\/www.bbmnoticias.com\/labravaradiofm\/2023\/06\/08\/setrao-y-embajada-de-estados-unidos-suman-voluntades-para-mejorar-condiciones-laborales-en-oaxaca\/#breadcrumb","itemListElement":[{"@type":"ListItem","position":1,"name":"Inicio","item":"https:\/\/www.bbmnoticias.com\/labravaradiofm\/"},{"@type":"ListItem","position":2,"name":"Setrao y Embajada de Estados Unidos suman voluntades para mejorar condiciones laborales en Oaxaca"}]},{"@type":"WebSite","@id":"https:\/\/www.bbmnoticias.com\/labravaradiofm\/#website","url":"https:\/\/www.bbmnoticias.com\/labravaradiofm\/","name":"LA BRAVA RADIO","description":"Empresa productora de medios, Radiodifusi\u00f3n, Noticias, tendencias y todo lo que necesitas saber de la pol\u00edtica mexicana e internacional; entretenimiento, espect\u00e1culos, salud y mucho m\u00e1s.","potentialAction":[{"@type":"SearchAction","target":{"@type":"EntryPoint","urlTemplate":"https:\/\/www.bbmnoticias.com\/labravaradiofm\/?s={search_term_string}"},"query-input":{"@type":"PropertyValueSpecification","valueRequired":true,"valueName":"search_term_string"}}],"inLanguage":"es"},{"@type":"Person","@id":"https:\/\/www.bbmnoticias.com\/labravaradiofm\/#\/schema\/person\/34b139c617a70ea5bef5678bffe4dd7b","name":"Staff","image":{"@type":"ImageObject","inLanguage":"es","@id":"https:\/\/secure.gravatar.com\/avatar\/fdd21ad66fd8b98c407f9dee5b5e588cfe7f0d8579ec20fa6527cd59bab7f0f0?s=96&d=mm&r=g","url":"https:\/\/secure.gravatar.com\/avatar\/fdd21ad66fd8b98c407f9dee5b5e588cfe7f0d8579ec20fa6527cd59bab7f0f0?s=96&d=mm&r=g","contentUrl":"https:\/\/secure.gravatar.com\/avatar\/fdd21ad66fd8b98c407f9dee5b5e588cfe7f0d8579ec20fa6527cd59bab7f0f0?s=96&d=mm&r=g","caption":"Staff"},"url":"https:\/\/www.bbmnoticias.com\/labravaradiofm\/author\/redaccion\/"}]}},"_links":{"self":[{"href":"https:\/\/www.bbmnoticias.com\/labravaradiofm\/wp-json\/wp\/v2\/posts\/28191","targetHints":{"allow":["GET"]}}],"collection":[{"href":"https:\/\/www.bbmnoticias.com\/labravaradiofm\/wp-json\/wp\/v2\/posts"}],"about":[{"href":"https:\/\/www.bbmnoticias.com\/labravaradiofm\/wp-json\/wp\/v2\/types\/post"}],"author":[{"embeddable":true,"href":"https:\/\/www.bbmnoticias.com\/labravaradiofm\/wp-json\/wp\/v2\/users\/2"}],"replies":[{"embeddable":true,"href":"https:\/\/www.bbmnoticias.com\/labravaradiofm\/wp-json\/wp\/v2\/comments?post=28191"}],"version-history":[{"count":0,"href":"https:\/\/www.bbmnoticias.com\/labravaradiofm\/wp-json\/wp\/v2\/posts\/28191\/revisions"}],"wp:featuredmedia":[{"embeddable":true,"href":"https:\/\/www.bbmnoticias.com\/labravaradiofm\/wp-json\/wp\/v2\/media\/28192"}],"wp:attachment":[{"href":"https:\/\/www.bbmnoticias.com\/labravaradiofm\/wp-json\/wp\/v2\/media?parent=28191"}],"wp:term":[{"taxonomy":"category","embeddable":true,"href":"https:\/\/www.bbmnoticias.com\/labravaradiofm\/wp-json\/wp\/v2\/categories?post=28191"},{"taxonomy":"post_tag","embeddable":true,"href":"https:\/\/www.bbmnoticias.com\/labravaradiofm\/wp-json\/wp\/v2\/tags?post=28191"}],"curies":[{"name":"wp","href":"https:\/\/api.w.org\/{rel}","templated":true}]}}