{"id":28016,"date":"2023-06-02T17:55:50","date_gmt":"2023-06-02T23:55:50","guid":{"rendered":"https:\/\/www.bbmnoticias.com\/labravaradiofm\/?p=28016"},"modified":"2023-06-02T17:55:51","modified_gmt":"2023-06-02T23:55:51","slug":"nino-de-8-anos-de-edad-resulta-herido-de-bala-en-ataque-armado-en-matias-romero","status":"publish","type":"post","link":"https:\/\/www.bbmnoticias.com\/labravaradiofm\/2023\/06\/02\/nino-de-8-anos-de-edad-resulta-herido-de-bala-en-ataque-armado-en-matias-romero\/","title":{"rendered":"Ni\u00f1o de 8 a\u00f1os de edad resulta herido de bala en ataque armado en Mat\u00edas Romero"},"content":{"rendered":"<div style=\"margin-top: 0px; margin-bottom: 0px;\" class=\"sharethis-inline-share-buttons\" ><\/div>\n<p>Mat\u00edas Romero, Oaxaca. Un ni\u00f1o de 8 a\u00f1os de edad result\u00f3 herido de bala, tras un ataque armado en un domicilio particular en la colonia Cuauht\u00e9moc de esta ciudad.<\/p>\n\n\n\n<p>El menor que responde al nombre de Juan F. S. P. fue llevado en un veh\u00edculo particular a una cl\u00ednica para su atenci\u00f3n m\u00e9dica de urgencia.<\/p>\n\n\n\n<p>En tanto que familiares del peque\u00f1o persiguieron a los agresores sin lograr alcanzarlos para poder detenerlos.<\/p>\n\n\n\n<p>De acuerdo a informaci\u00f3n proporcionada por la polic\u00eda, dos sujetos a bordo de una motocicleta realizaron detonaciones de arma de fuego a un domicilio ubicada en la colonia Cuauht\u00e9moc y result\u00f3 lesionado el menor de 8 a\u00f1os de edad.<\/p>\n\n\n\n<p>Al lugar arribaron diversas corporaciones policiacas y se iniciar\u00eda un investigaci\u00f3n sobre este hecho.<\/p>\n","protected":false},"excerpt":{"rendered":"<p>Mat\u00edas Romero, Oaxaca. Un ni\u00f1o de 8 a\u00f1os de edad result\u00f3 herido de bala, tras un ataque armado en un domicilio particular en la colonia Cuauht\u00e9moc de esta ciudad. El menor que responde al nombre de Juan F. S. P. fue llevado en un veh\u00edculo particular a una cl\u00ednica para su atenci\u00f3n m\u00e9dica de urgencia. [&hellip;]<\/p>\n","protected":false},"author":3,"featured_media":28017,"comment_status":"closed","ping_status":"closed","sticky":false,"template":"","format":"standard","meta":{"footnotes":""},"categories":[20],"tags":[],"class_list":{"0":"post-28016","1":"post","2":"type-post","3":"status-publish","4":"format-standard","5":"has-post-thumbnail","7":"category-policiaca"},"yoast_head":"<!-- This site is optimized with the Yoast SEO plugin v27.4 - https:\/\/yoast.com\/product\/yoast-seo-wordpress\/ -->\n<title>Ni\u00f1o de 8 a\u00f1os de edad resulta herido de bala en ataque armado en Mat\u00edas Romero - LA BRAVA RADIO<\/title>\n<meta name=\"robots\" content=\"index, follow, max-snippet:-1, max-image-preview:large, max-video-preview:-1\" \/>\n<link rel=\"canonical\" href=\"https:\/\/www.bbmnoticias.com\/labravaradiofm\/2023\/06\/02\/nino-de-8-anos-de-edad-resulta-herido-de-bala-en-ataque-armado-en-matias-romero\/\" \/>\n<meta property=\"og:locale\" content=\"es_MX\" \/>\n<meta property=\"og:type\" content=\"article\" \/>\n<meta property=\"og:title\" content=\"Ni\u00f1o de 8 a\u00f1os de edad resulta herido de bala en ataque armado en Mat\u00edas Romero - LA BRAVA RADIO\" \/>\n<meta property=\"og:description\" content=\"Mat\u00edas Romero, Oaxaca. Un ni\u00f1o de 8 a\u00f1os de edad result\u00f3 herido de bala, tras un ataque armado en un domicilio particular en la colonia Cuauht\u00e9moc de esta ciudad. El menor que responde al nombre de Juan F. S. P. fue llevado en un veh\u00edculo particular a una cl\u00ednica para su atenci\u00f3n m\u00e9dica de urgencia. [&hellip;]\" \/>\n<meta property=\"og:url\" content=\"https:\/\/www.bbmnoticias.com\/labravaradiofm\/2023\/06\/02\/nino-de-8-anos-de-edad-resulta-herido-de-bala-en-ataque-armado-en-matias-romero\/\" \/>\n<meta property=\"og:site_name\" content=\"LA BRAVA RADIO\" \/>\n<meta property=\"article:author\" content=\"https:\/\/www.facebook.com\/EdwinMeneses30\" \/>\n<meta property=\"article:published_time\" content=\"2023-06-02T23:55:50+00:00\" \/>\n<meta property=\"article:modified_time\" content=\"2023-06-02T23:55:51+00:00\" \/>\n<meta property=\"og:image\" content=\"https:\/\/www.bbmnoticias.com\/labravaradiofm\/wp-content\/uploads\/sites\/5\/2023\/06\/matias_romero.jpg\" \/>\n\t<meta property=\"og:image:width\" content=\"725\" \/>\n\t<meta property=\"og:image:height\" content=\"358\" \/>\n\t<meta property=\"og:image:type\" content=\"image\/jpeg\" \/>\n<meta name=\"author\" content=\"Edwin MENESES\" \/>\n<meta name=\"twitter:card\" content=\"summary_large_image\" \/>\n<meta name=\"twitter:creator\" content=\"@https:\/\/twitter.com\/edwin_meneses81\" \/>\n<meta name=\"twitter:label1\" content=\"Escrito por\" \/>\n\t<meta name=\"twitter:data1\" content=\"Edwin MENESES\" \/>\n\t<meta name=\"twitter:label2\" content=\"Tiempo de lectura\" \/>\n\t<meta name=\"twitter:data2\" content=\"1 minuto\" \/>\n<script type=\"application\/ld+json\" class=\"yoast-schema-graph\">{\"@context\":\"https:\\\/\\\/schema.org\",\"@graph\":[{\"@type\":\"Article\",\"@id\":\"https:\\\/\\\/www.bbmnoticias.com\\\/labravaradiofm\\\/2023\\\/06\\\/02\\\/nino-de-8-anos-de-edad-resulta-herido-de-bala-en-ataque-armado-en-matias-romero\\\/#article\",\"isPartOf\":{\"@id\":\"https:\\\/\\\/www.bbmnoticias.com\\\/labravaradiofm\\\/2023\\\/06\\\/02\\\/nino-de-8-anos-de-edad-resulta-herido-de-bala-en-ataque-armado-en-matias-romero\\\/\"},\"author\":{\"name\":\"Edwin MENESES\",\"@id\":\"https:\\\/\\\/www.bbmnoticias.com\\\/labravaradiofm\\\/#\\\/schema\\\/person\\\/ac8532773d4f65dd24a852ecaf4c3ed0\"},\"headline\":\"Ni\u00f1o de 8 a\u00f1os de edad resulta herido de bala en ataque armado en Mat\u00edas Romero\",\"datePublished\":\"2023-06-02T23:55:50+00:00\",\"dateModified\":\"2023-06-02T23:55:51+00:00\",\"mainEntityOfPage\":{\"@id\":\"https:\\\/\\\/www.bbmnoticias.com\\\/labravaradiofm\\\/2023\\\/06\\\/02\\\/nino-de-8-anos-de-edad-resulta-herido-de-bala-en-ataque-armado-en-matias-romero\\\/\"},\"wordCount\":155,\"image\":{\"@id\":\"https:\\\/\\\/www.bbmnoticias.com\\\/labravaradiofm\\\/2023\\\/06\\\/02\\\/nino-de-8-anos-de-edad-resulta-herido-de-bala-en-ataque-armado-en-matias-romero\\\/#primaryimage\"},\"thumbnailUrl\":\"https:\\\/\\\/www.bbmnoticias.com\\\/labravaradiofm\\\/wp-content\\\/uploads\\\/sites\\\/5\\\/2023\\\/06\\\/matias_romero.jpg\",\"articleSection\":[\"POLICIACA\"],\"inLanguage\":\"es\"},{\"@type\":\"WebPage\",\"@id\":\"https:\\\/\\\/www.bbmnoticias.com\\\/labravaradiofm\\\/2023\\\/06\\\/02\\\/nino-de-8-anos-de-edad-resulta-herido-de-bala-en-ataque-armado-en-matias-romero\\\/\",\"url\":\"https:\\\/\\\/www.bbmnoticias.com\\\/labravaradiofm\\\/2023\\\/06\\\/02\\\/nino-de-8-anos-de-edad-resulta-herido-de-bala-en-ataque-armado-en-matias-romero\\\/\",\"name\":\"Ni\u00f1o de 8 a\u00f1os de edad resulta herido de bala en ataque armado en Mat\u00edas Romero - LA BRAVA RADIO\",\"isPartOf\":{\"@id\":\"https:\\\/\\\/www.bbmnoticias.com\\\/labravaradiofm\\\/#website\"},\"primaryImageOfPage\":{\"@id\":\"https:\\\/\\\/www.bbmnoticias.com\\\/labravaradiofm\\\/2023\\\/06\\\/02\\\/nino-de-8-anos-de-edad-resulta-herido-de-bala-en-ataque-armado-en-matias-romero\\\/#primaryimage\"},\"image\":{\"@id\":\"https:\\\/\\\/www.bbmnoticias.com\\\/labravaradiofm\\\/2023\\\/06\\\/02\\\/nino-de-8-anos-de-edad-resulta-herido-de-bala-en-ataque-armado-en-matias-romero\\\/#primaryimage\"},\"thumbnailUrl\":\"https:\\\/\\\/www.bbmnoticias.com\\\/labravaradiofm\\\/wp-content\\\/uploads\\\/sites\\\/5\\\/2023\\\/06\\\/matias_romero.jpg\",\"datePublished\":\"2023-06-02T23:55:50+00:00\",\"dateModified\":\"2023-06-02T23:55:51+00:00\",\"author\":{\"@id\":\"https:\\\/\\\/www.bbmnoticias.com\\\/labravaradiofm\\\/#\\\/schema\\\/person\\\/ac8532773d4f65dd24a852ecaf4c3ed0\"},\"breadcrumb\":{\"@id\":\"https:\\\/\\\/www.bbmnoticias.com\\\/labravaradiofm\\\/2023\\\/06\\\/02\\\/nino-de-8-anos-de-edad-resulta-herido-de-bala-en-ataque-armado-en-matias-romero\\\/#breadcrumb\"},\"inLanguage\":\"es\",\"potentialAction\":[{\"@type\":\"ReadAction\",\"target\":[\"https:\\\/\\\/www.bbmnoticias.com\\\/labravaradiofm\\\/2023\\\/06\\\/02\\\/nino-de-8-anos-de-edad-resulta-herido-de-bala-en-ataque-armado-en-matias-romero\\\/\"]}]},{\"@type\":\"ImageObject\",\"inLanguage\":\"es\",\"@id\":\"https:\\\/\\\/www.bbmnoticias.com\\\/labravaradiofm\\\/2023\\\/06\\\/02\\\/nino-de-8-anos-de-edad-resulta-herido-de-bala-en-ataque-armado-en-matias-romero\\\/#primaryimage\",\"url\":\"https:\\\/\\\/www.bbmnoticias.com\\\/labravaradiofm\\\/wp-content\\\/uploads\\\/sites\\\/5\\\/2023\\\/06\\\/matias_romero.jpg\",\"contentUrl\":\"https:\\\/\\\/www.bbmnoticias.com\\\/labravaradiofm\\\/wp-content\\\/uploads\\\/sites\\\/5\\\/2023\\\/06\\\/matias_romero.jpg\",\"width\":725,\"height\":358},{\"@type\":\"BreadcrumbList\",\"@id\":\"https:\\\/\\\/www.bbmnoticias.com\\\/labravaradiofm\\\/2023\\\/06\\\/02\\\/nino-de-8-anos-de-edad-resulta-herido-de-bala-en-ataque-armado-en-matias-romero\\\/#breadcrumb\",\"itemListElement\":[{\"@type\":\"ListItem\",\"position\":1,\"name\":\"Inicio\",\"item\":\"https:\\\/\\\/www.bbmnoticias.com\\\/labravaradiofm\\\/\"},{\"@type\":\"ListItem\",\"position\":2,\"name\":\"Ni\u00f1o de 8 a\u00f1os de edad resulta herido de bala en ataque armado en Mat\u00edas Romero\"}]},{\"@type\":\"WebSite\",\"@id\":\"https:\\\/\\\/www.bbmnoticias.com\\\/labravaradiofm\\\/#website\",\"url\":\"https:\\\/\\\/www.bbmnoticias.com\\\/labravaradiofm\\\/\",\"name\":\"LA BRAVA RADIO\",\"description\":\"Empresa productora de medios, Radiodifusi\u00f3n, Noticias, tendencias y todo lo que necesitas saber de la pol\u00edtica mexicana e internacional; entretenimiento, espect\u00e1culos, salud y mucho m\u00e1s.\",\"potentialAction\":[{\"@type\":\"SearchAction\",\"target\":{\"@type\":\"EntryPoint\",\"urlTemplate\":\"https:\\\/\\\/www.bbmnoticias.com\\\/labravaradiofm\\\/?s={search_term_string}\"},\"query-input\":{\"@type\":\"PropertyValueSpecification\",\"valueRequired\":true,\"valueName\":\"search_term_string\"}}],\"inLanguage\":\"es\"},{\"@type\":\"Person\",\"@id\":\"https:\\\/\\\/www.bbmnoticias.com\\\/labravaradiofm\\\/#\\\/schema\\\/person\\\/ac8532773d4f65dd24a852ecaf4c3ed0\",\"name\":\"Edwin MENESES\",\"image\":{\"@type\":\"ImageObject\",\"inLanguage\":\"es\",\"@id\":\"https:\\\/\\\/secure.gravatar.com\\\/avatar\\\/202a15439445248653d719ff745fa195bcc0553404b070fe317543754f253c4f?s=96&d=mm&r=g\",\"url\":\"https:\\\/\\\/secure.gravatar.com\\\/avatar\\\/202a15439445248653d719ff745fa195bcc0553404b070fe317543754f253c4f?s=96&d=mm&r=g\",\"contentUrl\":\"https:\\\/\\\/secure.gravatar.com\\\/avatar\\\/202a15439445248653d719ff745fa195bcc0553404b070fe317543754f253c4f?s=96&d=mm&r=g\",\"caption\":\"Edwin MENESES\"},\"sameAs\":[\"https:\\\/\\\/www.bbmnoticias.com\",\"https:\\\/\\\/www.facebook.com\\\/EdwinMeneses30\",\"https:\\\/\\\/x.com\\\/https:\\\/\\\/twitter.com\\\/edwin_meneses81\"],\"url\":\"https:\\\/\\\/www.bbmnoticias.com\\\/labravaradiofm\\\/author\\\/edwin\\\/\"}]}<\/script>\n<!-- \/ Yoast SEO plugin. -->","yoast_head_json":{"title":"Ni\u00f1o de 8 a\u00f1os de edad resulta herido de bala en ataque armado en Mat\u00edas Romero - LA BRAVA RADIO","robots":{"index":"index","follow":"follow","max-snippet":"max-snippet:-1","max-image-preview":"max-image-preview:large","max-video-preview":"max-video-preview:-1"},"canonical":"https:\/\/www.bbmnoticias.com\/labravaradiofm\/2023\/06\/02\/nino-de-8-anos-de-edad-resulta-herido-de-bala-en-ataque-armado-en-matias-romero\/","og_locale":"es_MX","og_type":"article","og_title":"Ni\u00f1o de 8 a\u00f1os de edad resulta herido de bala en ataque armado en Mat\u00edas Romero - LA BRAVA RADIO","og_description":"Mat\u00edas Romero, Oaxaca. Un ni\u00f1o de 8 a\u00f1os de edad result\u00f3 herido de bala, tras un ataque armado en un domicilio particular en la colonia Cuauht\u00e9moc de esta ciudad. El menor que responde al nombre de Juan F. S. P. fue llevado en un veh\u00edculo particular a una cl\u00ednica para su atenci\u00f3n m\u00e9dica de urgencia. [&hellip;]","og_url":"https:\/\/www.bbmnoticias.com\/labravaradiofm\/2023\/06\/02\/nino-de-8-anos-de-edad-resulta-herido-de-bala-en-ataque-armado-en-matias-romero\/","og_site_name":"LA BRAVA RADIO","article_author":"https:\/\/www.facebook.com\/EdwinMeneses30","article_published_time":"2023-06-02T23:55:50+00:00","article_modified_time":"2023-06-02T23:55:51+00:00","og_image":[{"width":725,"height":358,"url":"https:\/\/www.bbmnoticias.com\/labravaradiofm\/wp-content\/uploads\/sites\/5\/2023\/06\/matias_romero.jpg","type":"image\/jpeg"}],"author":"Edwin MENESES","twitter_card":"summary_large_image","twitter_creator":"@https:\/\/twitter.com\/edwin_meneses81","twitter_misc":{"Escrito por":"Edwin MENESES","Tiempo de lectura":"1 minuto"},"schema":{"@context":"https:\/\/schema.org","@graph":[{"@type":"Article","@id":"https:\/\/www.bbmnoticias.com\/labravaradiofm\/2023\/06\/02\/nino-de-8-anos-de-edad-resulta-herido-de-bala-en-ataque-armado-en-matias-romero\/#article","isPartOf":{"@id":"https:\/\/www.bbmnoticias.com\/labravaradiofm\/2023\/06\/02\/nino-de-8-anos-de-edad-resulta-herido-de-bala-en-ataque-armado-en-matias-romero\/"},"author":{"name":"Edwin MENESES","@id":"https:\/\/www.bbmnoticias.com\/labravaradiofm\/#\/schema\/person\/ac8532773d4f65dd24a852ecaf4c3ed0"},"headline":"Ni\u00f1o de 8 a\u00f1os de edad resulta herido de bala en ataque armado en Mat\u00edas Romero","datePublished":"2023-06-02T23:55:50+00:00","dateModified":"2023-06-02T23:55:51+00:00","mainEntityOfPage":{"@id":"https:\/\/www.bbmnoticias.com\/labravaradiofm\/2023\/06\/02\/nino-de-8-anos-de-edad-resulta-herido-de-bala-en-ataque-armado-en-matias-romero\/"},"wordCount":155,"image":{"@id":"https:\/\/www.bbmnoticias.com\/labravaradiofm\/2023\/06\/02\/nino-de-8-anos-de-edad-resulta-herido-de-bala-en-ataque-armado-en-matias-romero\/#primaryimage"},"thumbnailUrl":"https:\/\/www.bbmnoticias.com\/labravaradiofm\/wp-content\/uploads\/sites\/5\/2023\/06\/matias_romero.jpg","articleSection":["POLICIACA"],"inLanguage":"es"},{"@type":"WebPage","@id":"https:\/\/www.bbmnoticias.com\/labravaradiofm\/2023\/06\/02\/nino-de-8-anos-de-edad-resulta-herido-de-bala-en-ataque-armado-en-matias-romero\/","url":"https:\/\/www.bbmnoticias.com\/labravaradiofm\/2023\/06\/02\/nino-de-8-anos-de-edad-resulta-herido-de-bala-en-ataque-armado-en-matias-romero\/","name":"Ni\u00f1o de 8 a\u00f1os de edad resulta herido de bala en ataque armado en Mat\u00edas Romero - LA BRAVA RADIO","isPartOf":{"@id":"https:\/\/www.bbmnoticias.com\/labravaradiofm\/#website"},"primaryImageOfPage":{"@id":"https:\/\/www.bbmnoticias.com\/labravaradiofm\/2023\/06\/02\/nino-de-8-anos-de-edad-resulta-herido-de-bala-en-ataque-armado-en-matias-romero\/#primaryimage"},"image":{"@id":"https:\/\/www.bbmnoticias.com\/labravaradiofm\/2023\/06\/02\/nino-de-8-anos-de-edad-resulta-herido-de-bala-en-ataque-armado-en-matias-romero\/#primaryimage"},"thumbnailUrl":"https:\/\/www.bbmnoticias.com\/labravaradiofm\/wp-content\/uploads\/sites\/5\/2023\/06\/matias_romero.jpg","datePublished":"2023-06-02T23:55:50+00:00","dateModified":"2023-06-02T23:55:51+00:00","author":{"@id":"https:\/\/www.bbmnoticias.com\/labravaradiofm\/#\/schema\/person\/ac8532773d4f65dd24a852ecaf4c3ed0"},"breadcrumb":{"@id":"https:\/\/www.bbmnoticias.com\/labravaradiofm\/2023\/06\/02\/nino-de-8-anos-de-edad-resulta-herido-de-bala-en-ataque-armado-en-matias-romero\/#breadcrumb"},"inLanguage":"es","potentialAction":[{"@type":"ReadAction","target":["https:\/\/www.bbmnoticias.com\/labravaradiofm\/2023\/06\/02\/nino-de-8-anos-de-edad-resulta-herido-de-bala-en-ataque-armado-en-matias-romero\/"]}]},{"@type":"ImageObject","inLanguage":"es","@id":"https:\/\/www.bbmnoticias.com\/labravaradiofm\/2023\/06\/02\/nino-de-8-anos-de-edad-resulta-herido-de-bala-en-ataque-armado-en-matias-romero\/#primaryimage","url":"https:\/\/www.bbmnoticias.com\/labravaradiofm\/wp-content\/uploads\/sites\/5\/2023\/06\/matias_romero.jpg","contentUrl":"https:\/\/www.bbmnoticias.com\/labravaradiofm\/wp-content\/uploads\/sites\/5\/2023\/06\/matias_romero.jpg","width":725,"height":358},{"@type":"BreadcrumbList","@id":"https:\/\/www.bbmnoticias.com\/labravaradiofm\/2023\/06\/02\/nino-de-8-anos-de-edad-resulta-herido-de-bala-en-ataque-armado-en-matias-romero\/#breadcrumb","itemListElement":[{"@type":"ListItem","position":1,"name":"Inicio","item":"https:\/\/www.bbmnoticias.com\/labravaradiofm\/"},{"@type":"ListItem","position":2,"name":"Ni\u00f1o de 8 a\u00f1os de edad resulta herido de bala en ataque armado en Mat\u00edas Romero"}]},{"@type":"WebSite","@id":"https:\/\/www.bbmnoticias.com\/labravaradiofm\/#website","url":"https:\/\/www.bbmnoticias.com\/labravaradiofm\/","name":"LA BRAVA RADIO","description":"Empresa productora de medios, Radiodifusi\u00f3n, Noticias, tendencias y todo lo que necesitas saber de la pol\u00edtica mexicana e internacional; entretenimiento, espect\u00e1culos, salud y mucho m\u00e1s.","potentialAction":[{"@type":"SearchAction","target":{"@type":"EntryPoint","urlTemplate":"https:\/\/www.bbmnoticias.com\/labravaradiofm\/?s={search_term_string}"},"query-input":{"@type":"PropertyValueSpecification","valueRequired":true,"valueName":"search_term_string"}}],"inLanguage":"es"},{"@type":"Person","@id":"https:\/\/www.bbmnoticias.com\/labravaradiofm\/#\/schema\/person\/ac8532773d4f65dd24a852ecaf4c3ed0","name":"Edwin MENESES","image":{"@type":"ImageObject","inLanguage":"es","@id":"https:\/\/secure.gravatar.com\/avatar\/202a15439445248653d719ff745fa195bcc0553404b070fe317543754f253c4f?s=96&d=mm&r=g","url":"https:\/\/secure.gravatar.com\/avatar\/202a15439445248653d719ff745fa195bcc0553404b070fe317543754f253c4f?s=96&d=mm&r=g","contentUrl":"https:\/\/secure.gravatar.com\/avatar\/202a15439445248653d719ff745fa195bcc0553404b070fe317543754f253c4f?s=96&d=mm&r=g","caption":"Edwin MENESES"},"sameAs":["https:\/\/www.bbmnoticias.com","https:\/\/www.facebook.com\/EdwinMeneses30","https:\/\/x.com\/https:\/\/twitter.com\/edwin_meneses81"],"url":"https:\/\/www.bbmnoticias.com\/labravaradiofm\/author\/edwin\/"}]}},"_links":{"self":[{"href":"https:\/\/www.bbmnoticias.com\/labravaradiofm\/wp-json\/wp\/v2\/posts\/28016","targetHints":{"allow":["GET"]}}],"collection":[{"href":"https:\/\/www.bbmnoticias.com\/labravaradiofm\/wp-json\/wp\/v2\/posts"}],"about":[{"href":"https:\/\/www.bbmnoticias.com\/labravaradiofm\/wp-json\/wp\/v2\/types\/post"}],"author":[{"embeddable":true,"href":"https:\/\/www.bbmnoticias.com\/labravaradiofm\/wp-json\/wp\/v2\/users\/3"}],"replies":[{"embeddable":true,"href":"https:\/\/www.bbmnoticias.com\/labravaradiofm\/wp-json\/wp\/v2\/comments?post=28016"}],"version-history":[{"count":0,"href":"https:\/\/www.bbmnoticias.com\/labravaradiofm\/wp-json\/wp\/v2\/posts\/28016\/revisions"}],"wp:featuredmedia":[{"embeddable":true,"href":"https:\/\/www.bbmnoticias.com\/labravaradiofm\/wp-json\/wp\/v2\/media\/28017"}],"wp:attachment":[{"href":"https:\/\/www.bbmnoticias.com\/labravaradiofm\/wp-json\/wp\/v2\/media?parent=28016"}],"wp:term":[{"taxonomy":"category","embeddable":true,"href":"https:\/\/www.bbmnoticias.com\/labravaradiofm\/wp-json\/wp\/v2\/categories?post=28016"},{"taxonomy":"post_tag","embeddable":true,"href":"https:\/\/www.bbmnoticias.com\/labravaradiofm\/wp-json\/wp\/v2\/tags?post=28016"}],"curies":[{"name":"wp","href":"https:\/\/api.w.org\/{rel}","templated":true}]}}