{"id":28004,"date":"2023-06-02T12:25:22","date_gmt":"2023-06-02T18:25:22","guid":{"rendered":"https:\/\/www.bbmnoticias.com\/labravaradiofm\/?p=28004"},"modified":"2023-06-02T12:25:23","modified_gmt":"2023-06-02T18:25:23","slug":"fomenta-gobierno-del-estado-alternativas-laborales-en-la-poblacion-oaxaquena","status":"publish","type":"post","link":"https:\/\/www.bbmnoticias.com\/labravaradiofm\/2023\/06\/02\/fomenta-gobierno-del-estado-alternativas-laborales-en-la-poblacion-oaxaquena\/","title":{"rendered":"Fomenta Gobierno del Estado alternativas laborales en la poblaci\u00f3n oaxaque\u00f1a"},"content":{"rendered":"<div style=\"margin-top: 0px; margin-bottom: 0px;\" class=\"sharethis-inline-share-buttons\" ><\/div>\n<p><strong>Oaxaca de Ju\u00e1rez, Oax.-<\/strong> Con el objetivo de dar atenci\u00f3n a personas buscadoras de empleo facilitando su incursi\u00f3n en el \u00e1mbito laboral, la Secretar\u00eda del Trabajo (Setrao) y la Coordinaci\u00f3n del Servicio Nacional de Empleo Oaxaca (SNEO) realizaron la firma de un convenio de colaboraci\u00f3n con diversas autoridades municipales de Oaxaca.<\/p>\n\n\n\n<p>En este sentido, la secretaria del Trabajo Edith Santib\u00e1\u00f1ez Boh\u00f3rquez manifest\u00f3 que mediante este convenio las instituciones gubernamentales se comprometieron con la poblaci\u00f3n, principalmente con personas con discapacidad y personas adultas mayores para brindarles alternativas laborales, capacitaci\u00f3n y vinculaci\u00f3n con empresas, con el fin de facilitar su colocaci\u00f3n en un puesto de trabajo o actividad productiva.<\/p>\n\n\n\n<p>Santib\u00e1\u00f1ez Boh\u00f3rquez dijo que el fomento del empleo es uno de los principales objetivos del Gobierno que encabeza Salom\u00f3n Jara Cruz, tal como lo establece el Plan Estatal de Desarrollo en el eje n\u00famero 4 Crecimiento y Desarrollo Econ\u00f3mico.<\/p>\n\n\n\n<p>Por su parte, el titular del SNEO, Genaro Hern\u00e1ndez expres\u00f3 que, mediante la bolsa de trabajo del organismo que representa, buscan llevar m\u00e1s oportunidades a los distintos sectores de la econom\u00eda, acorde a los perfiles laborales de cada persona, de manera \u00e1gil y oportuna.<\/p>\n\n\n\n<p>El plan de trabajo contemplado para aterrizar las acciones que establece el convenio, ser\u00e1 a trav\u00e9s de una persona enlace, designada por cada municipio, quien coordinar\u00e1 los programas de actividades a realizar dentro de cada municipio.<\/p>\n\n\n\n<p>En esta etapa, los municipios firmantes del convenio fueron; Magdalena Apasco, Santa Cruz Amilpas, Santo Domingo Tomaltepec, San Bartolo Coyotepec, Zimatl\u00e1n de \u00c1lvarez, San Nicol\u00e1s Miahuatl\u00e1n, San Juan Lachigalla y Ejutla de Crespo.<\/p>\n\n\n\n<p>Adem\u00e1s, Taniche Ejutla, Abejones, Villa Alta, Villa Sola de Vega, Reyes Etla, Santa Mar\u00eda Atzompa, Ocotl\u00e1n de Morelos, Santa Mar\u00eda Temaxcalapa, San Antonio de la Cal, Santiago Comaltepec y Capul\u00e1lpam de M\u00e9ndez.<\/p>\n","protected":false},"excerpt":{"rendered":"<p>Oaxaca de Ju\u00e1rez, Oax.- Con el objetivo de dar atenci\u00f3n a personas buscadoras de empleo facilitando su incursi\u00f3n en el \u00e1mbito laboral, la Secretar\u00eda del Trabajo (Setrao) y la Coordinaci\u00f3n del Servicio Nacional de Empleo Oaxaca (SNEO) realizaron la firma de un convenio de colaboraci\u00f3n con diversas autoridades municipales de Oaxaca. En este sentido, la [&hellip;]<\/p>\n","protected":false},"author":2,"featured_media":28005,"comment_status":"closed","ping_status":"closed","sticky":false,"template":"","format":"standard","meta":{"footnotes":""},"categories":[2],"tags":[],"class_list":{"0":"post-28004","1":"post","2":"type-post","3":"status-publish","4":"format-standard","5":"has-post-thumbnail","7":"category-oaxaca"},"yoast_head":"<!-- This site is optimized with the Yoast SEO plugin v27.4 - https:\/\/yoast.com\/product\/yoast-seo-wordpress\/ -->\n<title>Fomenta Gobierno del Estado alternativas laborales en la poblaci\u00f3n oaxaque\u00f1a - LA BRAVA RADIO<\/title>\n<meta name=\"robots\" content=\"index, follow, max-snippet:-1, max-image-preview:large, max-video-preview:-1\" \/>\n<link rel=\"canonical\" href=\"https:\/\/www.bbmnoticias.com\/labravaradiofm\/2023\/06\/02\/fomenta-gobierno-del-estado-alternativas-laborales-en-la-poblacion-oaxaquena\/\" \/>\n<meta property=\"og:locale\" content=\"es_MX\" \/>\n<meta property=\"og:type\" content=\"article\" \/>\n<meta property=\"og:title\" content=\"Fomenta Gobierno del Estado alternativas laborales en la poblaci\u00f3n oaxaque\u00f1a - LA BRAVA RADIO\" \/>\n<meta property=\"og:description\" content=\"Oaxaca de Ju\u00e1rez, Oax.- Con el objetivo de dar atenci\u00f3n a personas buscadoras de empleo facilitando su incursi\u00f3n en el \u00e1mbito laboral, la Secretar\u00eda del Trabajo (Setrao) y la Coordinaci\u00f3n del Servicio Nacional de Empleo Oaxaca (SNEO) realizaron la firma de un convenio de colaboraci\u00f3n con diversas autoridades municipales de Oaxaca. En este sentido, la [&hellip;]\" \/>\n<meta property=\"og:url\" content=\"https:\/\/www.bbmnoticias.com\/labravaradiofm\/2023\/06\/02\/fomenta-gobierno-del-estado-alternativas-laborales-en-la-poblacion-oaxaquena\/\" \/>\n<meta property=\"og:site_name\" content=\"LA BRAVA RADIO\" \/>\n<meta property=\"article:published_time\" content=\"2023-06-02T18:25:22+00:00\" \/>\n<meta property=\"article:modified_time\" content=\"2023-06-02T18:25:23+00:00\" \/>\n<meta property=\"og:image\" content=\"https:\/\/www.bbmnoticias.com\/labravaradiofm\/wp-content\/uploads\/sites\/5\/2023\/06\/alternativas_laborales.jpeg\" \/>\n\t<meta property=\"og:image:width\" content=\"1600\" \/>\n\t<meta property=\"og:image:height\" content=\"1066\" \/>\n\t<meta property=\"og:image:type\" content=\"image\/jpeg\" \/>\n<meta name=\"author\" content=\"Staff\" \/>\n<meta name=\"twitter:card\" content=\"summary_large_image\" \/>\n<meta name=\"twitter:label1\" content=\"Escrito por\" \/>\n\t<meta name=\"twitter:data1\" content=\"Staff\" \/>\n\t<meta name=\"twitter:label2\" content=\"Tiempo de lectura\" \/>\n\t<meta name=\"twitter:data2\" content=\"2 minutos\" \/>\n<script type=\"application\/ld+json\" class=\"yoast-schema-graph\">{\"@context\":\"https:\\\/\\\/schema.org\",\"@graph\":[{\"@type\":\"Article\",\"@id\":\"https:\\\/\\\/www.bbmnoticias.com\\\/labravaradiofm\\\/2023\\\/06\\\/02\\\/fomenta-gobierno-del-estado-alternativas-laborales-en-la-poblacion-oaxaquena\\\/#article\",\"isPartOf\":{\"@id\":\"https:\\\/\\\/www.bbmnoticias.com\\\/labravaradiofm\\\/2023\\\/06\\\/02\\\/fomenta-gobierno-del-estado-alternativas-laborales-en-la-poblacion-oaxaquena\\\/\"},\"author\":{\"name\":\"Staff\",\"@id\":\"https:\\\/\\\/www.bbmnoticias.com\\\/labravaradiofm\\\/#\\\/schema\\\/person\\\/34b139c617a70ea5bef5678bffe4dd7b\"},\"headline\":\"Fomenta Gobierno del Estado alternativas laborales en la poblaci\u00f3n oaxaque\u00f1a\",\"datePublished\":\"2023-06-02T18:25:22+00:00\",\"dateModified\":\"2023-06-02T18:25:23+00:00\",\"mainEntityOfPage\":{\"@id\":\"https:\\\/\\\/www.bbmnoticias.com\\\/labravaradiofm\\\/2023\\\/06\\\/02\\\/fomenta-gobierno-del-estado-alternativas-laborales-en-la-poblacion-oaxaquena\\\/\"},\"wordCount\":333,\"image\":{\"@id\":\"https:\\\/\\\/www.bbmnoticias.com\\\/labravaradiofm\\\/2023\\\/06\\\/02\\\/fomenta-gobierno-del-estado-alternativas-laborales-en-la-poblacion-oaxaquena\\\/#primaryimage\"},\"thumbnailUrl\":\"https:\\\/\\\/www.bbmnoticias.com\\\/labravaradiofm\\\/wp-content\\\/uploads\\\/sites\\\/5\\\/2023\\\/06\\\/alternativas_laborales.jpeg\",\"articleSection\":[\"LOCAL\"],\"inLanguage\":\"es\"},{\"@type\":\"WebPage\",\"@id\":\"https:\\\/\\\/www.bbmnoticias.com\\\/labravaradiofm\\\/2023\\\/06\\\/02\\\/fomenta-gobierno-del-estado-alternativas-laborales-en-la-poblacion-oaxaquena\\\/\",\"url\":\"https:\\\/\\\/www.bbmnoticias.com\\\/labravaradiofm\\\/2023\\\/06\\\/02\\\/fomenta-gobierno-del-estado-alternativas-laborales-en-la-poblacion-oaxaquena\\\/\",\"name\":\"Fomenta Gobierno del Estado alternativas laborales en la poblaci\u00f3n oaxaque\u00f1a - LA BRAVA RADIO\",\"isPartOf\":{\"@id\":\"https:\\\/\\\/www.bbmnoticias.com\\\/labravaradiofm\\\/#website\"},\"primaryImageOfPage\":{\"@id\":\"https:\\\/\\\/www.bbmnoticias.com\\\/labravaradiofm\\\/2023\\\/06\\\/02\\\/fomenta-gobierno-del-estado-alternativas-laborales-en-la-poblacion-oaxaquena\\\/#primaryimage\"},\"image\":{\"@id\":\"https:\\\/\\\/www.bbmnoticias.com\\\/labravaradiofm\\\/2023\\\/06\\\/02\\\/fomenta-gobierno-del-estado-alternativas-laborales-en-la-poblacion-oaxaquena\\\/#primaryimage\"},\"thumbnailUrl\":\"https:\\\/\\\/www.bbmnoticias.com\\\/labravaradiofm\\\/wp-content\\\/uploads\\\/sites\\\/5\\\/2023\\\/06\\\/alternativas_laborales.jpeg\",\"datePublished\":\"2023-06-02T18:25:22+00:00\",\"dateModified\":\"2023-06-02T18:25:23+00:00\",\"author\":{\"@id\":\"https:\\\/\\\/www.bbmnoticias.com\\\/labravaradiofm\\\/#\\\/schema\\\/person\\\/34b139c617a70ea5bef5678bffe4dd7b\"},\"breadcrumb\":{\"@id\":\"https:\\\/\\\/www.bbmnoticias.com\\\/labravaradiofm\\\/2023\\\/06\\\/02\\\/fomenta-gobierno-del-estado-alternativas-laborales-en-la-poblacion-oaxaquena\\\/#breadcrumb\"},\"inLanguage\":\"es\",\"potentialAction\":[{\"@type\":\"ReadAction\",\"target\":[\"https:\\\/\\\/www.bbmnoticias.com\\\/labravaradiofm\\\/2023\\\/06\\\/02\\\/fomenta-gobierno-del-estado-alternativas-laborales-en-la-poblacion-oaxaquena\\\/\"]}]},{\"@type\":\"ImageObject\",\"inLanguage\":\"es\",\"@id\":\"https:\\\/\\\/www.bbmnoticias.com\\\/labravaradiofm\\\/2023\\\/06\\\/02\\\/fomenta-gobierno-del-estado-alternativas-laborales-en-la-poblacion-oaxaquena\\\/#primaryimage\",\"url\":\"https:\\\/\\\/www.bbmnoticias.com\\\/labravaradiofm\\\/wp-content\\\/uploads\\\/sites\\\/5\\\/2023\\\/06\\\/alternativas_laborales.jpeg\",\"contentUrl\":\"https:\\\/\\\/www.bbmnoticias.com\\\/labravaradiofm\\\/wp-content\\\/uploads\\\/sites\\\/5\\\/2023\\\/06\\\/alternativas_laborales.jpeg\",\"width\":1600,\"height\":1066},{\"@type\":\"BreadcrumbList\",\"@id\":\"https:\\\/\\\/www.bbmnoticias.com\\\/labravaradiofm\\\/2023\\\/06\\\/02\\\/fomenta-gobierno-del-estado-alternativas-laborales-en-la-poblacion-oaxaquena\\\/#breadcrumb\",\"itemListElement\":[{\"@type\":\"ListItem\",\"position\":1,\"name\":\"Inicio\",\"item\":\"https:\\\/\\\/www.bbmnoticias.com\\\/labravaradiofm\\\/\"},{\"@type\":\"ListItem\",\"position\":2,\"name\":\"Fomenta Gobierno del Estado alternativas laborales en la poblaci\u00f3n oaxaque\u00f1a\"}]},{\"@type\":\"WebSite\",\"@id\":\"https:\\\/\\\/www.bbmnoticias.com\\\/labravaradiofm\\\/#website\",\"url\":\"https:\\\/\\\/www.bbmnoticias.com\\\/labravaradiofm\\\/\",\"name\":\"LA BRAVA RADIO\",\"description\":\"Empresa productora de medios, Radiodifusi\u00f3n, Noticias, tendencias y todo lo que necesitas saber de la pol\u00edtica mexicana e internacional; entretenimiento, espect\u00e1culos, salud y mucho m\u00e1s.\",\"potentialAction\":[{\"@type\":\"SearchAction\",\"target\":{\"@type\":\"EntryPoint\",\"urlTemplate\":\"https:\\\/\\\/www.bbmnoticias.com\\\/labravaradiofm\\\/?s={search_term_string}\"},\"query-input\":{\"@type\":\"PropertyValueSpecification\",\"valueRequired\":true,\"valueName\":\"search_term_string\"}}],\"inLanguage\":\"es\"},{\"@type\":\"Person\",\"@id\":\"https:\\\/\\\/www.bbmnoticias.com\\\/labravaradiofm\\\/#\\\/schema\\\/person\\\/34b139c617a70ea5bef5678bffe4dd7b\",\"name\":\"Staff\",\"image\":{\"@type\":\"ImageObject\",\"inLanguage\":\"es\",\"@id\":\"https:\\\/\\\/secure.gravatar.com\\\/avatar\\\/fdd21ad66fd8b98c407f9dee5b5e588cfe7f0d8579ec20fa6527cd59bab7f0f0?s=96&d=mm&r=g\",\"url\":\"https:\\\/\\\/secure.gravatar.com\\\/avatar\\\/fdd21ad66fd8b98c407f9dee5b5e588cfe7f0d8579ec20fa6527cd59bab7f0f0?s=96&d=mm&r=g\",\"contentUrl\":\"https:\\\/\\\/secure.gravatar.com\\\/avatar\\\/fdd21ad66fd8b98c407f9dee5b5e588cfe7f0d8579ec20fa6527cd59bab7f0f0?s=96&d=mm&r=g\",\"caption\":\"Staff\"},\"url\":\"https:\\\/\\\/www.bbmnoticias.com\\\/labravaradiofm\\\/author\\\/redaccion\\\/\"}]}<\/script>\n<!-- \/ Yoast SEO plugin. -->","yoast_head_json":{"title":"Fomenta Gobierno del Estado alternativas laborales en la poblaci\u00f3n oaxaque\u00f1a - LA BRAVA RADIO","robots":{"index":"index","follow":"follow","max-snippet":"max-snippet:-1","max-image-preview":"max-image-preview:large","max-video-preview":"max-video-preview:-1"},"canonical":"https:\/\/www.bbmnoticias.com\/labravaradiofm\/2023\/06\/02\/fomenta-gobierno-del-estado-alternativas-laborales-en-la-poblacion-oaxaquena\/","og_locale":"es_MX","og_type":"article","og_title":"Fomenta Gobierno del Estado alternativas laborales en la poblaci\u00f3n oaxaque\u00f1a - LA BRAVA RADIO","og_description":"Oaxaca de Ju\u00e1rez, Oax.- Con el objetivo de dar atenci\u00f3n a personas buscadoras de empleo facilitando su incursi\u00f3n en el \u00e1mbito laboral, la Secretar\u00eda del Trabajo (Setrao) y la Coordinaci\u00f3n del Servicio Nacional de Empleo Oaxaca (SNEO) realizaron la firma de un convenio de colaboraci\u00f3n con diversas autoridades municipales de Oaxaca. En este sentido, la [&hellip;]","og_url":"https:\/\/www.bbmnoticias.com\/labravaradiofm\/2023\/06\/02\/fomenta-gobierno-del-estado-alternativas-laborales-en-la-poblacion-oaxaquena\/","og_site_name":"LA BRAVA RADIO","article_published_time":"2023-06-02T18:25:22+00:00","article_modified_time":"2023-06-02T18:25:23+00:00","og_image":[{"width":1600,"height":1066,"url":"https:\/\/www.bbmnoticias.com\/labravaradiofm\/wp-content\/uploads\/sites\/5\/2023\/06\/alternativas_laborales.jpeg","type":"image\/jpeg"}],"author":"Staff","twitter_card":"summary_large_image","twitter_misc":{"Escrito por":"Staff","Tiempo de lectura":"2 minutos"},"schema":{"@context":"https:\/\/schema.org","@graph":[{"@type":"Article","@id":"https:\/\/www.bbmnoticias.com\/labravaradiofm\/2023\/06\/02\/fomenta-gobierno-del-estado-alternativas-laborales-en-la-poblacion-oaxaquena\/#article","isPartOf":{"@id":"https:\/\/www.bbmnoticias.com\/labravaradiofm\/2023\/06\/02\/fomenta-gobierno-del-estado-alternativas-laborales-en-la-poblacion-oaxaquena\/"},"author":{"name":"Staff","@id":"https:\/\/www.bbmnoticias.com\/labravaradiofm\/#\/schema\/person\/34b139c617a70ea5bef5678bffe4dd7b"},"headline":"Fomenta Gobierno del Estado alternativas laborales en la poblaci\u00f3n oaxaque\u00f1a","datePublished":"2023-06-02T18:25:22+00:00","dateModified":"2023-06-02T18:25:23+00:00","mainEntityOfPage":{"@id":"https:\/\/www.bbmnoticias.com\/labravaradiofm\/2023\/06\/02\/fomenta-gobierno-del-estado-alternativas-laborales-en-la-poblacion-oaxaquena\/"},"wordCount":333,"image":{"@id":"https:\/\/www.bbmnoticias.com\/labravaradiofm\/2023\/06\/02\/fomenta-gobierno-del-estado-alternativas-laborales-en-la-poblacion-oaxaquena\/#primaryimage"},"thumbnailUrl":"https:\/\/www.bbmnoticias.com\/labravaradiofm\/wp-content\/uploads\/sites\/5\/2023\/06\/alternativas_laborales.jpeg","articleSection":["LOCAL"],"inLanguage":"es"},{"@type":"WebPage","@id":"https:\/\/www.bbmnoticias.com\/labravaradiofm\/2023\/06\/02\/fomenta-gobierno-del-estado-alternativas-laborales-en-la-poblacion-oaxaquena\/","url":"https:\/\/www.bbmnoticias.com\/labravaradiofm\/2023\/06\/02\/fomenta-gobierno-del-estado-alternativas-laborales-en-la-poblacion-oaxaquena\/","name":"Fomenta Gobierno del Estado alternativas laborales en la poblaci\u00f3n oaxaque\u00f1a - LA BRAVA RADIO","isPartOf":{"@id":"https:\/\/www.bbmnoticias.com\/labravaradiofm\/#website"},"primaryImageOfPage":{"@id":"https:\/\/www.bbmnoticias.com\/labravaradiofm\/2023\/06\/02\/fomenta-gobierno-del-estado-alternativas-laborales-en-la-poblacion-oaxaquena\/#primaryimage"},"image":{"@id":"https:\/\/www.bbmnoticias.com\/labravaradiofm\/2023\/06\/02\/fomenta-gobierno-del-estado-alternativas-laborales-en-la-poblacion-oaxaquena\/#primaryimage"},"thumbnailUrl":"https:\/\/www.bbmnoticias.com\/labravaradiofm\/wp-content\/uploads\/sites\/5\/2023\/06\/alternativas_laborales.jpeg","datePublished":"2023-06-02T18:25:22+00:00","dateModified":"2023-06-02T18:25:23+00:00","author":{"@id":"https:\/\/www.bbmnoticias.com\/labravaradiofm\/#\/schema\/person\/34b139c617a70ea5bef5678bffe4dd7b"},"breadcrumb":{"@id":"https:\/\/www.bbmnoticias.com\/labravaradiofm\/2023\/06\/02\/fomenta-gobierno-del-estado-alternativas-laborales-en-la-poblacion-oaxaquena\/#breadcrumb"},"inLanguage":"es","potentialAction":[{"@type":"ReadAction","target":["https:\/\/www.bbmnoticias.com\/labravaradiofm\/2023\/06\/02\/fomenta-gobierno-del-estado-alternativas-laborales-en-la-poblacion-oaxaquena\/"]}]},{"@type":"ImageObject","inLanguage":"es","@id":"https:\/\/www.bbmnoticias.com\/labravaradiofm\/2023\/06\/02\/fomenta-gobierno-del-estado-alternativas-laborales-en-la-poblacion-oaxaquena\/#primaryimage","url":"https:\/\/www.bbmnoticias.com\/labravaradiofm\/wp-content\/uploads\/sites\/5\/2023\/06\/alternativas_laborales.jpeg","contentUrl":"https:\/\/www.bbmnoticias.com\/labravaradiofm\/wp-content\/uploads\/sites\/5\/2023\/06\/alternativas_laborales.jpeg","width":1600,"height":1066},{"@type":"BreadcrumbList","@id":"https:\/\/www.bbmnoticias.com\/labravaradiofm\/2023\/06\/02\/fomenta-gobierno-del-estado-alternativas-laborales-en-la-poblacion-oaxaquena\/#breadcrumb","itemListElement":[{"@type":"ListItem","position":1,"name":"Inicio","item":"https:\/\/www.bbmnoticias.com\/labravaradiofm\/"},{"@type":"ListItem","position":2,"name":"Fomenta Gobierno del Estado alternativas laborales en la poblaci\u00f3n oaxaque\u00f1a"}]},{"@type":"WebSite","@id":"https:\/\/www.bbmnoticias.com\/labravaradiofm\/#website","url":"https:\/\/www.bbmnoticias.com\/labravaradiofm\/","name":"LA BRAVA RADIO","description":"Empresa productora de medios, Radiodifusi\u00f3n, Noticias, tendencias y todo lo que necesitas saber de la pol\u00edtica mexicana e internacional; entretenimiento, espect\u00e1culos, salud y mucho m\u00e1s.","potentialAction":[{"@type":"SearchAction","target":{"@type":"EntryPoint","urlTemplate":"https:\/\/www.bbmnoticias.com\/labravaradiofm\/?s={search_term_string}"},"query-input":{"@type":"PropertyValueSpecification","valueRequired":true,"valueName":"search_term_string"}}],"inLanguage":"es"},{"@type":"Person","@id":"https:\/\/www.bbmnoticias.com\/labravaradiofm\/#\/schema\/person\/34b139c617a70ea5bef5678bffe4dd7b","name":"Staff","image":{"@type":"ImageObject","inLanguage":"es","@id":"https:\/\/secure.gravatar.com\/avatar\/fdd21ad66fd8b98c407f9dee5b5e588cfe7f0d8579ec20fa6527cd59bab7f0f0?s=96&d=mm&r=g","url":"https:\/\/secure.gravatar.com\/avatar\/fdd21ad66fd8b98c407f9dee5b5e588cfe7f0d8579ec20fa6527cd59bab7f0f0?s=96&d=mm&r=g","contentUrl":"https:\/\/secure.gravatar.com\/avatar\/fdd21ad66fd8b98c407f9dee5b5e588cfe7f0d8579ec20fa6527cd59bab7f0f0?s=96&d=mm&r=g","caption":"Staff"},"url":"https:\/\/www.bbmnoticias.com\/labravaradiofm\/author\/redaccion\/"}]}},"_links":{"self":[{"href":"https:\/\/www.bbmnoticias.com\/labravaradiofm\/wp-json\/wp\/v2\/posts\/28004","targetHints":{"allow":["GET"]}}],"collection":[{"href":"https:\/\/www.bbmnoticias.com\/labravaradiofm\/wp-json\/wp\/v2\/posts"}],"about":[{"href":"https:\/\/www.bbmnoticias.com\/labravaradiofm\/wp-json\/wp\/v2\/types\/post"}],"author":[{"embeddable":true,"href":"https:\/\/www.bbmnoticias.com\/labravaradiofm\/wp-json\/wp\/v2\/users\/2"}],"replies":[{"embeddable":true,"href":"https:\/\/www.bbmnoticias.com\/labravaradiofm\/wp-json\/wp\/v2\/comments?post=28004"}],"version-history":[{"count":0,"href":"https:\/\/www.bbmnoticias.com\/labravaradiofm\/wp-json\/wp\/v2\/posts\/28004\/revisions"}],"wp:featuredmedia":[{"embeddable":true,"href":"https:\/\/www.bbmnoticias.com\/labravaradiofm\/wp-json\/wp\/v2\/media\/28005"}],"wp:attachment":[{"href":"https:\/\/www.bbmnoticias.com\/labravaradiofm\/wp-json\/wp\/v2\/media?parent=28004"}],"wp:term":[{"taxonomy":"category","embeddable":true,"href":"https:\/\/www.bbmnoticias.com\/labravaradiofm\/wp-json\/wp\/v2\/categories?post=28004"},{"taxonomy":"post_tag","embeddable":true,"href":"https:\/\/www.bbmnoticias.com\/labravaradiofm\/wp-json\/wp\/v2\/tags?post=28004"}],"curies":[{"name":"wp","href":"https:\/\/api.w.org\/{rel}","templated":true}]}}