{"id":27997,"date":"2023-06-02T11:42:45","date_gmt":"2023-06-02T17:42:45","guid":{"rendered":"https:\/\/www.bbmnoticias.com\/labravaradiofm\/?p=27997"},"modified":"2023-06-02T11:42:46","modified_gmt":"2023-06-02T17:42:46","slug":"avanzan-en-la-construccion-de-paz-con-justicia-en-oaxaca","status":"publish","type":"post","link":"https:\/\/www.bbmnoticias.com\/labravaradiofm\/2023\/06\/02\/avanzan-en-la-construccion-de-paz-con-justicia-en-oaxaca\/","title":{"rendered":"Avanzan en la construcci\u00f3n de paz con justicia en Oaxaca"},"content":{"rendered":"<div style=\"margin-top: 0px; margin-bottom: 0px;\" class=\"sharethis-inline-share-buttons\" ><\/div>\n<p>\u2022 El SESESP inform\u00f3 que a trav\u00e9s de las seis Jornadas de Paz y Justicia para Mujeres, Adolescentes y Ni\u00f1as se han brindado 51 mil 214 atenciones en 19 municipios<\/p>\n\n\n\n<p>\u2022 San Juan Chilateca y San Mart\u00edn Tilcajete se sumaron al programa de capacitaciones Topiles por la paz<\/p>\n\n\n\n<p>\u2022 Se entreg\u00f3 una patrulla a Santa Mar\u00eda Chimalapa en el marco de la Estrategia Atenci\u00f3n a Municipios Territorios Bienestar<\/p>\n\n\n\n<p>Oaxaca de Ju\u00e1rez, Oax. 2 de junio de 2023.- El Secretariado Ejecutivo del Sistema Estatal de Seguridad P\u00fablica (SESESP) inform\u00f3 que se han brindado 51 mil 214 atenciones en 19 municipios a trav\u00e9s de las seis Jornadas de Paz y Justicia para Mujeres, Adolescentes y Ni\u00f1as realizadas hasta la fecha, con lo que se avanza en la construcci\u00f3n para crear ambientes de orden y respeto.<\/p>\n\n\n\n<p>La titular del SESESP Karina Bar\u00f3n Ortiz se\u00f1al\u00f3 que la sexta jornada arranc\u00f3 el pasado 25 de mayo en Santa Luc\u00eda del Camino con mil 246 atenciones a favor de la poblaci\u00f3n oaxaque\u00f1a, principalmente mujeres.<\/p>\n\n\n\n<p>Durante el segundo d\u00eda de actividades de esta jornada, las m\u00e1s de 25 instituciones participantes brindaron 962 atenciones en Santa Mar\u00eda Atzompa, sumadas a las 994 personas de la comunidad escolar en ambos municipios, que fueron beneficiadas con charlas para la prevenci\u00f3n del abuso sexual, adicciones y acoso escolar, entre otros temas expuestos por parte del personal de la Secretar\u00eda de Seguridad y Protecci\u00f3n Ciudadana (SSPC).<\/p>\n\n\n\n<p>La funcionaria indic\u00f3 que el mi\u00e9rcoles 31 de mayo la sexta jornada se desarroll\u00f3 en el municipio de San Antonio de la Cal, en tanto el 2 de junio la atenci\u00f3n se realiza en Sola de Vega, para culminar el 7 del mismo mes en Huajuapan de Le\u00f3n.<\/p>\n\n\n\n<p>Respecto a los convenios para la obtenci\u00f3n del est\u00edmulo fiscal en la evaluaci\u00f3n de control de confianza de aspirantes a polic\u00eda municipal, la titular del SESESP anunci\u00f3 que las autoridades de Santa Luc\u00eda del Camino y San Juan Bautista Tuxtepec ya firmaron este documento y sumaron a 39 aspirantes que en breve iniciar\u00e1n su proceso.<\/p>\n\n\n\n<p>En cuanto al avance del programa Topiles por la paz, dijo que el pasado 28 de mayo se brind\u00f3 capacitaci\u00f3n a 30 personas que ejercen esta labor en San Juan Chilateca y San Mart\u00edn Tilcajete; adem\u00e1s de los 141 elementos en 10 municipios que han sido capacitados en una cultura de legalidad y detenci\u00f3n ciudadana.<\/p>\n\n\n\n<p>Aunado a estas acciones, se entreg\u00f3 una patrulla equipada al municipio de Santa Mar\u00eda Chimalapa, en el marco de la Estrategia Atenci\u00f3n a Municipios Territorios Bienestar que impulsa el Gobernador del Estado Salom\u00f3n Jara Cruz.<\/p>\n\n\n\n<figure class=\"wp-block-image size-large\"><img loading=\"lazy\" decoding=\"async\" width=\"1024\" height=\"677\" src=\"https:\/\/www.bbmnoticias.com\/labravaradiofm\/wp-content\/uploads\/sites\/5\/2023\/06\/IMG-20230602-WA0004-1024x677.jpg\" alt=\"\" class=\"wp-image-27999\" srcset=\"https:\/\/www.bbmnoticias.com\/labravaradiofm\/wp-content\/uploads\/sites\/5\/2023\/06\/IMG-20230602-WA0004-1024x677.jpg 1024w, https:\/\/www.bbmnoticias.com\/labravaradiofm\/wp-content\/uploads\/sites\/5\/2023\/06\/IMG-20230602-WA0004-300x198.jpg 300w, https:\/\/www.bbmnoticias.com\/labravaradiofm\/wp-content\/uploads\/sites\/5\/2023\/06\/IMG-20230602-WA0004-768x508.jpg 768w, https:\/\/www.bbmnoticias.com\/labravaradiofm\/wp-content\/uploads\/sites\/5\/2023\/06\/IMG-20230602-WA0004-1536x1016.jpg 1536w, https:\/\/www.bbmnoticias.com\/labravaradiofm\/wp-content\/uploads\/sites\/5\/2023\/06\/IMG-20230602-WA0004-696x460.jpg 696w, https:\/\/www.bbmnoticias.com\/labravaradiofm\/wp-content\/uploads\/sites\/5\/2023\/06\/IMG-20230602-WA0004-1068x706.jpg 1068w, https:\/\/www.bbmnoticias.com\/labravaradiofm\/wp-content\/uploads\/sites\/5\/2023\/06\/IMG-20230602-WA0004-635x420.jpg 635w, https:\/\/www.bbmnoticias.com\/labravaradiofm\/wp-content\/uploads\/sites\/5\/2023\/06\/IMG-20230602-WA0004.jpg 1600w\" sizes=\"auto, (max-width: 1024px) 100vw, 1024px\" \/><\/figure>\n\n\n\n<p>Bar\u00f3n Ortiz detall\u00f3 que fue creada la Red de Mujeres Constructoras de Paz (Mucpaz) en el municipio de San Dionisio Ocotl\u00e1n bajo el nombre de Red Nishenas por la paz, con la participaci\u00f3n de 38 integrantes de la comunidad.<\/p>\n\n\n\n<p>Por \u00faltimo, dijo que con el programa Arte y Cultura por la Paz se llev\u00f3 a cabo un concierto por parte de la banda de M\u00fasica del Instituto Intercultural Calm\u00e9cac, en la Direcci\u00f3n Ejecutora de Medidas para Adolescentes (DEMA) de la Secretar\u00eda de Seguridad P\u00fablica y Protecci\u00f3n Ciudadana (SSPC) para incentivar la participaci\u00f3n de j\u00f3venes privados de su libertad en actividades culturales.<\/p>\n\n\n\n<p>En este sentido, Karina Bar\u00f3n recalc\u00f3 que el Gobierno de Oaxaca ha encaminado sus esfuerzos para lograr un desarrollo en paz con justicia para las y los habitantes de la entidad.<\/p>\n","protected":false},"excerpt":{"rendered":"<p>\u2022 El SESESP inform\u00f3 que a trav\u00e9s de las seis Jornadas de Paz y Justicia para Mujeres, Adolescentes y Ni\u00f1as se han brindado 51 mil 214 atenciones en 19 municipios \u2022 San Juan Chilateca y San Mart\u00edn Tilcajete se sumaron al programa de capacitaciones Topiles por la paz \u2022 Se entreg\u00f3 una patrulla a Santa [&hellip;]<\/p>\n","protected":false},"author":2,"featured_media":27998,"comment_status":"closed","ping_status":"closed","sticky":false,"template":"","format":"standard","meta":{"footnotes":""},"categories":[2],"tags":[],"class_list":{"0":"post-27997","1":"post","2":"type-post","3":"status-publish","4":"format-standard","5":"has-post-thumbnail","7":"category-oaxaca"},"yoast_head":"<!-- This site is optimized with the Yoast SEO plugin v27.4 - https:\/\/yoast.com\/product\/yoast-seo-wordpress\/ -->\n<title>Avanzan en la construcci\u00f3n de paz con justicia en Oaxaca - LA BRAVA RADIO<\/title>\n<meta name=\"robots\" content=\"index, follow, max-snippet:-1, max-image-preview:large, max-video-preview:-1\" \/>\n<link rel=\"canonical\" href=\"https:\/\/www.bbmnoticias.com\/labravaradiofm\/2023\/06\/02\/avanzan-en-la-construccion-de-paz-con-justicia-en-oaxaca\/\" \/>\n<meta property=\"og:locale\" content=\"es_MX\" \/>\n<meta property=\"og:type\" content=\"article\" \/>\n<meta property=\"og:title\" content=\"Avanzan en la construcci\u00f3n de paz con justicia en Oaxaca - LA BRAVA RADIO\" \/>\n<meta property=\"og:description\" content=\"\u2022 El SESESP inform\u00f3 que a trav\u00e9s de las seis Jornadas de Paz y Justicia para Mujeres, Adolescentes y Ni\u00f1as se han brindado 51 mil 214 atenciones en 19 municipios \u2022 San Juan Chilateca y San Mart\u00edn Tilcajete se sumaron al programa de capacitaciones Topiles por la paz \u2022 Se entreg\u00f3 una patrulla a Santa [&hellip;]\" \/>\n<meta property=\"og:url\" content=\"https:\/\/www.bbmnoticias.com\/labravaradiofm\/2023\/06\/02\/avanzan-en-la-construccion-de-paz-con-justicia-en-oaxaca\/\" \/>\n<meta property=\"og:site_name\" content=\"LA BRAVA RADIO\" \/>\n<meta property=\"article:published_time\" content=\"2023-06-02T17:42:45+00:00\" \/>\n<meta property=\"article:modified_time\" content=\"2023-06-02T17:42:46+00:00\" \/>\n<meta property=\"og:image\" content=\"https:\/\/www.bbmnoticias.com\/labravaradiofm\/wp-content\/uploads\/sites\/5\/2023\/06\/IMG-20230602-WA0006.jpg\" \/>\n\t<meta property=\"og:image:width\" content=\"1560\" \/>\n\t<meta property=\"og:image:height\" content=\"1040\" \/>\n\t<meta property=\"og:image:type\" content=\"image\/jpeg\" \/>\n<meta name=\"author\" content=\"Staff\" \/>\n<meta name=\"twitter:card\" content=\"summary_large_image\" \/>\n<meta name=\"twitter:label1\" content=\"Escrito por\" \/>\n\t<meta name=\"twitter:data1\" content=\"Staff\" \/>\n\t<meta name=\"twitter:label2\" content=\"Tiempo de lectura\" \/>\n\t<meta name=\"twitter:data2\" content=\"3 minutos\" \/>\n<script type=\"application\/ld+json\" class=\"yoast-schema-graph\">{\"@context\":\"https:\\\/\\\/schema.org\",\"@graph\":[{\"@type\":\"Article\",\"@id\":\"https:\\\/\\\/www.bbmnoticias.com\\\/labravaradiofm\\\/2023\\\/06\\\/02\\\/avanzan-en-la-construccion-de-paz-con-justicia-en-oaxaca\\\/#article\",\"isPartOf\":{\"@id\":\"https:\\\/\\\/www.bbmnoticias.com\\\/labravaradiofm\\\/2023\\\/06\\\/02\\\/avanzan-en-la-construccion-de-paz-con-justicia-en-oaxaca\\\/\"},\"author\":{\"name\":\"Staff\",\"@id\":\"https:\\\/\\\/www.bbmnoticias.com\\\/labravaradiofm\\\/#\\\/schema\\\/person\\\/34b139c617a70ea5bef5678bffe4dd7b\"},\"headline\":\"Avanzan en la construcci\u00f3n de paz con justicia en Oaxaca\",\"datePublished\":\"2023-06-02T17:42:45+00:00\",\"dateModified\":\"2023-06-02T17:42:46+00:00\",\"mainEntityOfPage\":{\"@id\":\"https:\\\/\\\/www.bbmnoticias.com\\\/labravaradiofm\\\/2023\\\/06\\\/02\\\/avanzan-en-la-construccion-de-paz-con-justicia-en-oaxaca\\\/\"},\"wordCount\":595,\"image\":{\"@id\":\"https:\\\/\\\/www.bbmnoticias.com\\\/labravaradiofm\\\/2023\\\/06\\\/02\\\/avanzan-en-la-construccion-de-paz-con-justicia-en-oaxaca\\\/#primaryimage\"},\"thumbnailUrl\":\"https:\\\/\\\/www.bbmnoticias.com\\\/labravaradiofm\\\/wp-content\\\/uploads\\\/sites\\\/5\\\/2023\\\/06\\\/IMG-20230602-WA0006.jpg\",\"articleSection\":[\"LOCAL\"],\"inLanguage\":\"es\"},{\"@type\":\"WebPage\",\"@id\":\"https:\\\/\\\/www.bbmnoticias.com\\\/labravaradiofm\\\/2023\\\/06\\\/02\\\/avanzan-en-la-construccion-de-paz-con-justicia-en-oaxaca\\\/\",\"url\":\"https:\\\/\\\/www.bbmnoticias.com\\\/labravaradiofm\\\/2023\\\/06\\\/02\\\/avanzan-en-la-construccion-de-paz-con-justicia-en-oaxaca\\\/\",\"name\":\"Avanzan en la construcci\u00f3n de paz con justicia en Oaxaca - LA BRAVA RADIO\",\"isPartOf\":{\"@id\":\"https:\\\/\\\/www.bbmnoticias.com\\\/labravaradiofm\\\/#website\"},\"primaryImageOfPage\":{\"@id\":\"https:\\\/\\\/www.bbmnoticias.com\\\/labravaradiofm\\\/2023\\\/06\\\/02\\\/avanzan-en-la-construccion-de-paz-con-justicia-en-oaxaca\\\/#primaryimage\"},\"image\":{\"@id\":\"https:\\\/\\\/www.bbmnoticias.com\\\/labravaradiofm\\\/2023\\\/06\\\/02\\\/avanzan-en-la-construccion-de-paz-con-justicia-en-oaxaca\\\/#primaryimage\"},\"thumbnailUrl\":\"https:\\\/\\\/www.bbmnoticias.com\\\/labravaradiofm\\\/wp-content\\\/uploads\\\/sites\\\/5\\\/2023\\\/06\\\/IMG-20230602-WA0006.jpg\",\"datePublished\":\"2023-06-02T17:42:45+00:00\",\"dateModified\":\"2023-06-02T17:42:46+00:00\",\"author\":{\"@id\":\"https:\\\/\\\/www.bbmnoticias.com\\\/labravaradiofm\\\/#\\\/schema\\\/person\\\/34b139c617a70ea5bef5678bffe4dd7b\"},\"breadcrumb\":{\"@id\":\"https:\\\/\\\/www.bbmnoticias.com\\\/labravaradiofm\\\/2023\\\/06\\\/02\\\/avanzan-en-la-construccion-de-paz-con-justicia-en-oaxaca\\\/#breadcrumb\"},\"inLanguage\":\"es\",\"potentialAction\":[{\"@type\":\"ReadAction\",\"target\":[\"https:\\\/\\\/www.bbmnoticias.com\\\/labravaradiofm\\\/2023\\\/06\\\/02\\\/avanzan-en-la-construccion-de-paz-con-justicia-en-oaxaca\\\/\"]}]},{\"@type\":\"ImageObject\",\"inLanguage\":\"es\",\"@id\":\"https:\\\/\\\/www.bbmnoticias.com\\\/labravaradiofm\\\/2023\\\/06\\\/02\\\/avanzan-en-la-construccion-de-paz-con-justicia-en-oaxaca\\\/#primaryimage\",\"url\":\"https:\\\/\\\/www.bbmnoticias.com\\\/labravaradiofm\\\/wp-content\\\/uploads\\\/sites\\\/5\\\/2023\\\/06\\\/IMG-20230602-WA0006.jpg\",\"contentUrl\":\"https:\\\/\\\/www.bbmnoticias.com\\\/labravaradiofm\\\/wp-content\\\/uploads\\\/sites\\\/5\\\/2023\\\/06\\\/IMG-20230602-WA0006.jpg\",\"width\":1560,\"height\":1040},{\"@type\":\"BreadcrumbList\",\"@id\":\"https:\\\/\\\/www.bbmnoticias.com\\\/labravaradiofm\\\/2023\\\/06\\\/02\\\/avanzan-en-la-construccion-de-paz-con-justicia-en-oaxaca\\\/#breadcrumb\",\"itemListElement\":[{\"@type\":\"ListItem\",\"position\":1,\"name\":\"Inicio\",\"item\":\"https:\\\/\\\/www.bbmnoticias.com\\\/labravaradiofm\\\/\"},{\"@type\":\"ListItem\",\"position\":2,\"name\":\"Avanzan en la construcci\u00f3n de paz con justicia en Oaxaca\"}]},{\"@type\":\"WebSite\",\"@id\":\"https:\\\/\\\/www.bbmnoticias.com\\\/labravaradiofm\\\/#website\",\"url\":\"https:\\\/\\\/www.bbmnoticias.com\\\/labravaradiofm\\\/\",\"name\":\"LA BRAVA RADIO\",\"description\":\"Empresa productora de medios, Radiodifusi\u00f3n, Noticias, tendencias y todo lo que necesitas saber de la pol\u00edtica mexicana e internacional; entretenimiento, espect\u00e1culos, salud y mucho m\u00e1s.\",\"potentialAction\":[{\"@type\":\"SearchAction\",\"target\":{\"@type\":\"EntryPoint\",\"urlTemplate\":\"https:\\\/\\\/www.bbmnoticias.com\\\/labravaradiofm\\\/?s={search_term_string}\"},\"query-input\":{\"@type\":\"PropertyValueSpecification\",\"valueRequired\":true,\"valueName\":\"search_term_string\"}}],\"inLanguage\":\"es\"},{\"@type\":\"Person\",\"@id\":\"https:\\\/\\\/www.bbmnoticias.com\\\/labravaradiofm\\\/#\\\/schema\\\/person\\\/34b139c617a70ea5bef5678bffe4dd7b\",\"name\":\"Staff\",\"image\":{\"@type\":\"ImageObject\",\"inLanguage\":\"es\",\"@id\":\"https:\\\/\\\/secure.gravatar.com\\\/avatar\\\/fdd21ad66fd8b98c407f9dee5b5e588cfe7f0d8579ec20fa6527cd59bab7f0f0?s=96&d=mm&r=g\",\"url\":\"https:\\\/\\\/secure.gravatar.com\\\/avatar\\\/fdd21ad66fd8b98c407f9dee5b5e588cfe7f0d8579ec20fa6527cd59bab7f0f0?s=96&d=mm&r=g\",\"contentUrl\":\"https:\\\/\\\/secure.gravatar.com\\\/avatar\\\/fdd21ad66fd8b98c407f9dee5b5e588cfe7f0d8579ec20fa6527cd59bab7f0f0?s=96&d=mm&r=g\",\"caption\":\"Staff\"},\"url\":\"https:\\\/\\\/www.bbmnoticias.com\\\/labravaradiofm\\\/author\\\/redaccion\\\/\"}]}<\/script>\n<!-- \/ Yoast SEO plugin. -->","yoast_head_json":{"title":"Avanzan en la construcci\u00f3n de paz con justicia en Oaxaca - LA BRAVA RADIO","robots":{"index":"index","follow":"follow","max-snippet":"max-snippet:-1","max-image-preview":"max-image-preview:large","max-video-preview":"max-video-preview:-1"},"canonical":"https:\/\/www.bbmnoticias.com\/labravaradiofm\/2023\/06\/02\/avanzan-en-la-construccion-de-paz-con-justicia-en-oaxaca\/","og_locale":"es_MX","og_type":"article","og_title":"Avanzan en la construcci\u00f3n de paz con justicia en Oaxaca - LA BRAVA RADIO","og_description":"\u2022 El SESESP inform\u00f3 que a trav\u00e9s de las seis Jornadas de Paz y Justicia para Mujeres, Adolescentes y Ni\u00f1as se han brindado 51 mil 214 atenciones en 19 municipios \u2022 San Juan Chilateca y San Mart\u00edn Tilcajete se sumaron al programa de capacitaciones Topiles por la paz \u2022 Se entreg\u00f3 una patrulla a Santa [&hellip;]","og_url":"https:\/\/www.bbmnoticias.com\/labravaradiofm\/2023\/06\/02\/avanzan-en-la-construccion-de-paz-con-justicia-en-oaxaca\/","og_site_name":"LA BRAVA RADIO","article_published_time":"2023-06-02T17:42:45+00:00","article_modified_time":"2023-06-02T17:42:46+00:00","og_image":[{"width":1560,"height":1040,"url":"https:\/\/www.bbmnoticias.com\/labravaradiofm\/wp-content\/uploads\/sites\/5\/2023\/06\/IMG-20230602-WA0006.jpg","type":"image\/jpeg"}],"author":"Staff","twitter_card":"summary_large_image","twitter_misc":{"Escrito por":"Staff","Tiempo de lectura":"3 minutos"},"schema":{"@context":"https:\/\/schema.org","@graph":[{"@type":"Article","@id":"https:\/\/www.bbmnoticias.com\/labravaradiofm\/2023\/06\/02\/avanzan-en-la-construccion-de-paz-con-justicia-en-oaxaca\/#article","isPartOf":{"@id":"https:\/\/www.bbmnoticias.com\/labravaradiofm\/2023\/06\/02\/avanzan-en-la-construccion-de-paz-con-justicia-en-oaxaca\/"},"author":{"name":"Staff","@id":"https:\/\/www.bbmnoticias.com\/labravaradiofm\/#\/schema\/person\/34b139c617a70ea5bef5678bffe4dd7b"},"headline":"Avanzan en la construcci\u00f3n de paz con justicia en Oaxaca","datePublished":"2023-06-02T17:42:45+00:00","dateModified":"2023-06-02T17:42:46+00:00","mainEntityOfPage":{"@id":"https:\/\/www.bbmnoticias.com\/labravaradiofm\/2023\/06\/02\/avanzan-en-la-construccion-de-paz-con-justicia-en-oaxaca\/"},"wordCount":595,"image":{"@id":"https:\/\/www.bbmnoticias.com\/labravaradiofm\/2023\/06\/02\/avanzan-en-la-construccion-de-paz-con-justicia-en-oaxaca\/#primaryimage"},"thumbnailUrl":"https:\/\/www.bbmnoticias.com\/labravaradiofm\/wp-content\/uploads\/sites\/5\/2023\/06\/IMG-20230602-WA0006.jpg","articleSection":["LOCAL"],"inLanguage":"es"},{"@type":"WebPage","@id":"https:\/\/www.bbmnoticias.com\/labravaradiofm\/2023\/06\/02\/avanzan-en-la-construccion-de-paz-con-justicia-en-oaxaca\/","url":"https:\/\/www.bbmnoticias.com\/labravaradiofm\/2023\/06\/02\/avanzan-en-la-construccion-de-paz-con-justicia-en-oaxaca\/","name":"Avanzan en la construcci\u00f3n de paz con justicia en Oaxaca - LA BRAVA RADIO","isPartOf":{"@id":"https:\/\/www.bbmnoticias.com\/labravaradiofm\/#website"},"primaryImageOfPage":{"@id":"https:\/\/www.bbmnoticias.com\/labravaradiofm\/2023\/06\/02\/avanzan-en-la-construccion-de-paz-con-justicia-en-oaxaca\/#primaryimage"},"image":{"@id":"https:\/\/www.bbmnoticias.com\/labravaradiofm\/2023\/06\/02\/avanzan-en-la-construccion-de-paz-con-justicia-en-oaxaca\/#primaryimage"},"thumbnailUrl":"https:\/\/www.bbmnoticias.com\/labravaradiofm\/wp-content\/uploads\/sites\/5\/2023\/06\/IMG-20230602-WA0006.jpg","datePublished":"2023-06-02T17:42:45+00:00","dateModified":"2023-06-02T17:42:46+00:00","author":{"@id":"https:\/\/www.bbmnoticias.com\/labravaradiofm\/#\/schema\/person\/34b139c617a70ea5bef5678bffe4dd7b"},"breadcrumb":{"@id":"https:\/\/www.bbmnoticias.com\/labravaradiofm\/2023\/06\/02\/avanzan-en-la-construccion-de-paz-con-justicia-en-oaxaca\/#breadcrumb"},"inLanguage":"es","potentialAction":[{"@type":"ReadAction","target":["https:\/\/www.bbmnoticias.com\/labravaradiofm\/2023\/06\/02\/avanzan-en-la-construccion-de-paz-con-justicia-en-oaxaca\/"]}]},{"@type":"ImageObject","inLanguage":"es","@id":"https:\/\/www.bbmnoticias.com\/labravaradiofm\/2023\/06\/02\/avanzan-en-la-construccion-de-paz-con-justicia-en-oaxaca\/#primaryimage","url":"https:\/\/www.bbmnoticias.com\/labravaradiofm\/wp-content\/uploads\/sites\/5\/2023\/06\/IMG-20230602-WA0006.jpg","contentUrl":"https:\/\/www.bbmnoticias.com\/labravaradiofm\/wp-content\/uploads\/sites\/5\/2023\/06\/IMG-20230602-WA0006.jpg","width":1560,"height":1040},{"@type":"BreadcrumbList","@id":"https:\/\/www.bbmnoticias.com\/labravaradiofm\/2023\/06\/02\/avanzan-en-la-construccion-de-paz-con-justicia-en-oaxaca\/#breadcrumb","itemListElement":[{"@type":"ListItem","position":1,"name":"Inicio","item":"https:\/\/www.bbmnoticias.com\/labravaradiofm\/"},{"@type":"ListItem","position":2,"name":"Avanzan en la construcci\u00f3n de paz con justicia en Oaxaca"}]},{"@type":"WebSite","@id":"https:\/\/www.bbmnoticias.com\/labravaradiofm\/#website","url":"https:\/\/www.bbmnoticias.com\/labravaradiofm\/","name":"LA BRAVA RADIO","description":"Empresa productora de medios, Radiodifusi\u00f3n, Noticias, tendencias y todo lo que necesitas saber de la pol\u00edtica mexicana e internacional; entretenimiento, espect\u00e1culos, salud y mucho m\u00e1s.","potentialAction":[{"@type":"SearchAction","target":{"@type":"EntryPoint","urlTemplate":"https:\/\/www.bbmnoticias.com\/labravaradiofm\/?s={search_term_string}"},"query-input":{"@type":"PropertyValueSpecification","valueRequired":true,"valueName":"search_term_string"}}],"inLanguage":"es"},{"@type":"Person","@id":"https:\/\/www.bbmnoticias.com\/labravaradiofm\/#\/schema\/person\/34b139c617a70ea5bef5678bffe4dd7b","name":"Staff","image":{"@type":"ImageObject","inLanguage":"es","@id":"https:\/\/secure.gravatar.com\/avatar\/fdd21ad66fd8b98c407f9dee5b5e588cfe7f0d8579ec20fa6527cd59bab7f0f0?s=96&d=mm&r=g","url":"https:\/\/secure.gravatar.com\/avatar\/fdd21ad66fd8b98c407f9dee5b5e588cfe7f0d8579ec20fa6527cd59bab7f0f0?s=96&d=mm&r=g","contentUrl":"https:\/\/secure.gravatar.com\/avatar\/fdd21ad66fd8b98c407f9dee5b5e588cfe7f0d8579ec20fa6527cd59bab7f0f0?s=96&d=mm&r=g","caption":"Staff"},"url":"https:\/\/www.bbmnoticias.com\/labravaradiofm\/author\/redaccion\/"}]}},"_links":{"self":[{"href":"https:\/\/www.bbmnoticias.com\/labravaradiofm\/wp-json\/wp\/v2\/posts\/27997","targetHints":{"allow":["GET"]}}],"collection":[{"href":"https:\/\/www.bbmnoticias.com\/labravaradiofm\/wp-json\/wp\/v2\/posts"}],"about":[{"href":"https:\/\/www.bbmnoticias.com\/labravaradiofm\/wp-json\/wp\/v2\/types\/post"}],"author":[{"embeddable":true,"href":"https:\/\/www.bbmnoticias.com\/labravaradiofm\/wp-json\/wp\/v2\/users\/2"}],"replies":[{"embeddable":true,"href":"https:\/\/www.bbmnoticias.com\/labravaradiofm\/wp-json\/wp\/v2\/comments?post=27997"}],"version-history":[{"count":0,"href":"https:\/\/www.bbmnoticias.com\/labravaradiofm\/wp-json\/wp\/v2\/posts\/27997\/revisions"}],"wp:featuredmedia":[{"embeddable":true,"href":"https:\/\/www.bbmnoticias.com\/labravaradiofm\/wp-json\/wp\/v2\/media\/27998"}],"wp:attachment":[{"href":"https:\/\/www.bbmnoticias.com\/labravaradiofm\/wp-json\/wp\/v2\/media?parent=27997"}],"wp:term":[{"taxonomy":"category","embeddable":true,"href":"https:\/\/www.bbmnoticias.com\/labravaradiofm\/wp-json\/wp\/v2\/categories?post=27997"},{"taxonomy":"post_tag","embeddable":true,"href":"https:\/\/www.bbmnoticias.com\/labravaradiofm\/wp-json\/wp\/v2\/tags?post=27997"}],"curies":[{"name":"wp","href":"https:\/\/api.w.org\/{rel}","templated":true}]}}