{"id":27994,"date":"2023-06-02T09:50:40","date_gmt":"2023-06-02T15:50:40","guid":{"rendered":"https:\/\/www.bbmnoticias.com\/labravaradiofm\/?p=27994"},"modified":"2023-06-02T09:50:41","modified_gmt":"2023-06-02T15:50:41","slug":"sefin-intercambia-experiencias-en-el-proceso-de-armonizacion-contable","status":"publish","type":"post","link":"https:\/\/www.bbmnoticias.com\/labravaradiofm\/2023\/06\/02\/sefin-intercambia-experiencias-en-el-proceso-de-armonizacion-contable\/","title":{"rendered":"Sefin intercambia experiencias en el proceso de Armonizaci\u00f3n Contable"},"content":{"rendered":"<div style=\"margin-top: 0px; margin-bottom: 0px;\" class=\"sharethis-inline-share-buttons\" ><\/div>\n<p>San Bartolo Coyotepec, Oax. 2 de junio de 2023.- La Secretar\u00eda de Finanzas (Sefin) a trav\u00e9s de la Direcci\u00f3n de Contabilidad Gubernamental de la Subsecretar\u00eda de Egresos, Contabilidad y Tesorer\u00eda particip\u00f3 en la mesa de trabajo regional: Hacia la consolidaci\u00f3n de la armonizaci\u00f3n contable, organizada por el Instituto para el Desarrollo T\u00e9cnico de las Haciendas P\u00fablicas (Indetec).<\/p>\n\n\n\n<p>Lo anterior derivado de que los sistemas de contabilidad gubernamental de los entes p\u00fablicos ya operan y generan estados financieros, por lo que es preciso conocer las experiencias vividas en el proceso, identificar problemas prevalecientes, as\u00ed como alternativas de soluci\u00f3n aplicadas por algunos estados y que resulten de utilidad.<\/p>\n\n\n\n<p>\u201cEstas mesas de trabajo son importantes porque se comparten puntos de vista y experiencias con otras entidades, a pesar de que tenemos una armonizaci\u00f3n contable a nivel nacional, cada estado tiene sus problem\u00e1ticas, en el caso de Oaxaca, el n\u00famero de municipios, los diferentes tipos de sistemas electorales y que no tienen acceso a internet, es lo que ha complicado la operatividad\u201d, asegur\u00f3 la subsecretaria de Egresos, Contabilidad y Tesorer\u00eda de la Sefin, Andrea Acevedo Merl\u00edn.<\/p>\n\n\n\n<p>Durante la mesa de trabajado realizada bajo la modalidad de videoconferencia en vivo y en la que participaron 13 estados, el director de Contabilidad Gubernamental de la Sefin, Eric Mart\u00ednez, expuso el tema Entes p\u00fablicos que consolidan su informaci\u00f3n. Transacciones y saldos que se eliminan.<\/p>\n\n\n\n<p>\u201cEl objetivo principal es armonizar la informaci\u00f3n contable, es decir que Yucat\u00e1n, Sonora, Nuevo Le\u00f3n, o Oaxaca, lo hagan de la misma manera; la funci\u00f3n de Indetec es mediar esa parte y que nadie se salga de la normativa para armonizar la informaci\u00f3n contable en el pa\u00eds\u201d, se\u00f1al\u00f3 Eric Mart\u00ednez.<\/p>\n\n\n\n<p>La dependencia inform\u00f3 que desde la entrada en vigor de la Ley General de Contabilidad Gubernamental en 2009, ordenamiento que contempl\u00f3 un horizonte de ejecuci\u00f3n que comprend\u00eda diversas etapas para los entes p\u00fablicos, entre ellas emitir cuentas p\u00fablicas y publicarlas para consulta de la poblaci\u00f3n general, se ha trabajado por armonizar la informaci\u00f3n y en la actualidad se proponen alternativas de soluci\u00f3n para emitir esta informaci\u00f3n contable, presupuestaria y program\u00e1tica.<\/p>\n\n\n\n<p>\u201cTrabajamos de manera coordinada con la Subsecretar\u00eda de Egresos para hacer mejoras tecnol\u00f3gicas a nuestro sistema, adicional a la depuraci\u00f3n de saldos, aplicaci\u00f3n del Sistema de Evaluaci\u00f3n Contable (Sevac) y dem\u00e1s estrategias que nos ayuden a consolidar nuestro trabajo para que la informaci\u00f3n que se publique en la Cuenta P\u00fablica sea confiable para toda la ciudadan\u00eda, afirm\u00f3 el director de Contabilidad Gubernamental de la Sefin.<\/p>\n\n\n\n<p>Finalmente, la Secretar\u00eda de Finanzas inform\u00f3 que consolidan un plan de trabajo para permitir que el porcentaje de cumplimiento de la informaci\u00f3n contable de los municipios crezca, \u201cse tiene la intenci\u00f3n de establecer un punto c\u00e9ntrico para que se les brinde apoyo a los municipios, ellos puedan llegar y apoyarles con el cumplimiento de sus encuestas y de su informaci\u00f3n\u201d, extern\u00f3 la subsecretaria de Egresos, Contabilidad y Tesorer\u00eda de la Sefin.<\/p>\n","protected":false},"excerpt":{"rendered":"<p>San Bartolo Coyotepec, Oax. 2 de junio de 2023.- La Secretar\u00eda de Finanzas (Sefin) a trav\u00e9s de la Direcci\u00f3n de Contabilidad Gubernamental de la Subsecretar\u00eda de Egresos, Contabilidad y Tesorer\u00eda particip\u00f3 en la mesa de trabajo regional: Hacia la consolidaci\u00f3n de la armonizaci\u00f3n contable, organizada por el Instituto para el Desarrollo T\u00e9cnico de las Haciendas [&hellip;]<\/p>\n","protected":false},"author":2,"featured_media":27995,"comment_status":"closed","ping_status":"closed","sticky":false,"template":"","format":"standard","meta":{"footnotes":""},"categories":[2],"tags":[],"class_list":{"0":"post-27994","1":"post","2":"type-post","3":"status-publish","4":"format-standard","5":"has-post-thumbnail","7":"category-oaxaca"},"yoast_head":"<!-- This site is optimized with the Yoast SEO plugin v27.4 - https:\/\/yoast.com\/product\/yoast-seo-wordpress\/ -->\n<title>Sefin intercambia experiencias en el proceso de Armonizaci\u00f3n Contable - LA BRAVA RADIO<\/title>\n<meta name=\"robots\" content=\"index, follow, max-snippet:-1, max-image-preview:large, max-video-preview:-1\" \/>\n<link rel=\"canonical\" href=\"https:\/\/www.bbmnoticias.com\/labravaradiofm\/2023\/06\/02\/sefin-intercambia-experiencias-en-el-proceso-de-armonizacion-contable\/\" \/>\n<meta property=\"og:locale\" content=\"es_MX\" \/>\n<meta property=\"og:type\" content=\"article\" \/>\n<meta property=\"og:title\" content=\"Sefin intercambia experiencias en el proceso de Armonizaci\u00f3n Contable - LA BRAVA RADIO\" \/>\n<meta property=\"og:description\" content=\"San Bartolo Coyotepec, Oax. 2 de junio de 2023.- La Secretar\u00eda de Finanzas (Sefin) a trav\u00e9s de la Direcci\u00f3n de Contabilidad Gubernamental de la Subsecretar\u00eda de Egresos, Contabilidad y Tesorer\u00eda particip\u00f3 en la mesa de trabajo regional: Hacia la consolidaci\u00f3n de la armonizaci\u00f3n contable, organizada por el Instituto para el Desarrollo T\u00e9cnico de las Haciendas [&hellip;]\" \/>\n<meta property=\"og:url\" content=\"https:\/\/www.bbmnoticias.com\/labravaradiofm\/2023\/06\/02\/sefin-intercambia-experiencias-en-el-proceso-de-armonizacion-contable\/\" \/>\n<meta property=\"og:site_name\" content=\"LA BRAVA RADIO\" \/>\n<meta property=\"article:published_time\" content=\"2023-06-02T15:50:40+00:00\" \/>\n<meta property=\"article:modified_time\" content=\"2023-06-02T15:50:41+00:00\" \/>\n<meta property=\"og:image\" content=\"https:\/\/www.bbmnoticias.com\/labravaradiofm\/wp-content\/uploads\/sites\/5\/2023\/06\/sefin_oaxaca.jpg\" \/>\n\t<meta property=\"og:image:width\" content=\"800\" \/>\n\t<meta property=\"og:image:height\" content=\"480\" \/>\n\t<meta property=\"og:image:type\" content=\"image\/jpeg\" \/>\n<meta name=\"author\" content=\"Staff\" \/>\n<meta name=\"twitter:card\" content=\"summary_large_image\" \/>\n<meta name=\"twitter:label1\" content=\"Escrito por\" \/>\n\t<meta name=\"twitter:data1\" content=\"Staff\" \/>\n\t<meta name=\"twitter:label2\" content=\"Tiempo de lectura\" \/>\n\t<meta name=\"twitter:data2\" content=\"3 minutos\" \/>\n<script type=\"application\/ld+json\" class=\"yoast-schema-graph\">{\"@context\":\"https:\\\/\\\/schema.org\",\"@graph\":[{\"@type\":\"Article\",\"@id\":\"https:\\\/\\\/www.bbmnoticias.com\\\/labravaradiofm\\\/2023\\\/06\\\/02\\\/sefin-intercambia-experiencias-en-el-proceso-de-armonizacion-contable\\\/#article\",\"isPartOf\":{\"@id\":\"https:\\\/\\\/www.bbmnoticias.com\\\/labravaradiofm\\\/2023\\\/06\\\/02\\\/sefin-intercambia-experiencias-en-el-proceso-de-armonizacion-contable\\\/\"},\"author\":{\"name\":\"Staff\",\"@id\":\"https:\\\/\\\/www.bbmnoticias.com\\\/labravaradiofm\\\/#\\\/schema\\\/person\\\/34b139c617a70ea5bef5678bffe4dd7b\"},\"headline\":\"Sefin intercambia experiencias en el proceso de Armonizaci\u00f3n Contable\",\"datePublished\":\"2023-06-02T15:50:40+00:00\",\"dateModified\":\"2023-06-02T15:50:41+00:00\",\"mainEntityOfPage\":{\"@id\":\"https:\\\/\\\/www.bbmnoticias.com\\\/labravaradiofm\\\/2023\\\/06\\\/02\\\/sefin-intercambia-experiencias-en-el-proceso-de-armonizacion-contable\\\/\"},\"wordCount\":541,\"image\":{\"@id\":\"https:\\\/\\\/www.bbmnoticias.com\\\/labravaradiofm\\\/2023\\\/06\\\/02\\\/sefin-intercambia-experiencias-en-el-proceso-de-armonizacion-contable\\\/#primaryimage\"},\"thumbnailUrl\":\"https:\\\/\\\/www.bbmnoticias.com\\\/labravaradiofm\\\/wp-content\\\/uploads\\\/sites\\\/5\\\/2023\\\/06\\\/sefin_oaxaca.jpg\",\"articleSection\":[\"LOCAL\"],\"inLanguage\":\"es\"},{\"@type\":\"WebPage\",\"@id\":\"https:\\\/\\\/www.bbmnoticias.com\\\/labravaradiofm\\\/2023\\\/06\\\/02\\\/sefin-intercambia-experiencias-en-el-proceso-de-armonizacion-contable\\\/\",\"url\":\"https:\\\/\\\/www.bbmnoticias.com\\\/labravaradiofm\\\/2023\\\/06\\\/02\\\/sefin-intercambia-experiencias-en-el-proceso-de-armonizacion-contable\\\/\",\"name\":\"Sefin intercambia experiencias en el proceso de Armonizaci\u00f3n Contable - LA BRAVA RADIO\",\"isPartOf\":{\"@id\":\"https:\\\/\\\/www.bbmnoticias.com\\\/labravaradiofm\\\/#website\"},\"primaryImageOfPage\":{\"@id\":\"https:\\\/\\\/www.bbmnoticias.com\\\/labravaradiofm\\\/2023\\\/06\\\/02\\\/sefin-intercambia-experiencias-en-el-proceso-de-armonizacion-contable\\\/#primaryimage\"},\"image\":{\"@id\":\"https:\\\/\\\/www.bbmnoticias.com\\\/labravaradiofm\\\/2023\\\/06\\\/02\\\/sefin-intercambia-experiencias-en-el-proceso-de-armonizacion-contable\\\/#primaryimage\"},\"thumbnailUrl\":\"https:\\\/\\\/www.bbmnoticias.com\\\/labravaradiofm\\\/wp-content\\\/uploads\\\/sites\\\/5\\\/2023\\\/06\\\/sefin_oaxaca.jpg\",\"datePublished\":\"2023-06-02T15:50:40+00:00\",\"dateModified\":\"2023-06-02T15:50:41+00:00\",\"author\":{\"@id\":\"https:\\\/\\\/www.bbmnoticias.com\\\/labravaradiofm\\\/#\\\/schema\\\/person\\\/34b139c617a70ea5bef5678bffe4dd7b\"},\"breadcrumb\":{\"@id\":\"https:\\\/\\\/www.bbmnoticias.com\\\/labravaradiofm\\\/2023\\\/06\\\/02\\\/sefin-intercambia-experiencias-en-el-proceso-de-armonizacion-contable\\\/#breadcrumb\"},\"inLanguage\":\"es\",\"potentialAction\":[{\"@type\":\"ReadAction\",\"target\":[\"https:\\\/\\\/www.bbmnoticias.com\\\/labravaradiofm\\\/2023\\\/06\\\/02\\\/sefin-intercambia-experiencias-en-el-proceso-de-armonizacion-contable\\\/\"]}]},{\"@type\":\"ImageObject\",\"inLanguage\":\"es\",\"@id\":\"https:\\\/\\\/www.bbmnoticias.com\\\/labravaradiofm\\\/2023\\\/06\\\/02\\\/sefin-intercambia-experiencias-en-el-proceso-de-armonizacion-contable\\\/#primaryimage\",\"url\":\"https:\\\/\\\/www.bbmnoticias.com\\\/labravaradiofm\\\/wp-content\\\/uploads\\\/sites\\\/5\\\/2023\\\/06\\\/sefin_oaxaca.jpg\",\"contentUrl\":\"https:\\\/\\\/www.bbmnoticias.com\\\/labravaradiofm\\\/wp-content\\\/uploads\\\/sites\\\/5\\\/2023\\\/06\\\/sefin_oaxaca.jpg\",\"width\":800,\"height\":480},{\"@type\":\"BreadcrumbList\",\"@id\":\"https:\\\/\\\/www.bbmnoticias.com\\\/labravaradiofm\\\/2023\\\/06\\\/02\\\/sefin-intercambia-experiencias-en-el-proceso-de-armonizacion-contable\\\/#breadcrumb\",\"itemListElement\":[{\"@type\":\"ListItem\",\"position\":1,\"name\":\"Inicio\",\"item\":\"https:\\\/\\\/www.bbmnoticias.com\\\/labravaradiofm\\\/\"},{\"@type\":\"ListItem\",\"position\":2,\"name\":\"Sefin intercambia experiencias en el proceso de Armonizaci\u00f3n Contable\"}]},{\"@type\":\"WebSite\",\"@id\":\"https:\\\/\\\/www.bbmnoticias.com\\\/labravaradiofm\\\/#website\",\"url\":\"https:\\\/\\\/www.bbmnoticias.com\\\/labravaradiofm\\\/\",\"name\":\"LA BRAVA RADIO\",\"description\":\"Empresa productora de medios, Radiodifusi\u00f3n, Noticias, tendencias y todo lo que necesitas saber de la pol\u00edtica mexicana e internacional; entretenimiento, espect\u00e1culos, salud y mucho m\u00e1s.\",\"potentialAction\":[{\"@type\":\"SearchAction\",\"target\":{\"@type\":\"EntryPoint\",\"urlTemplate\":\"https:\\\/\\\/www.bbmnoticias.com\\\/labravaradiofm\\\/?s={search_term_string}\"},\"query-input\":{\"@type\":\"PropertyValueSpecification\",\"valueRequired\":true,\"valueName\":\"search_term_string\"}}],\"inLanguage\":\"es\"},{\"@type\":\"Person\",\"@id\":\"https:\\\/\\\/www.bbmnoticias.com\\\/labravaradiofm\\\/#\\\/schema\\\/person\\\/34b139c617a70ea5bef5678bffe4dd7b\",\"name\":\"Staff\",\"image\":{\"@type\":\"ImageObject\",\"inLanguage\":\"es\",\"@id\":\"https:\\\/\\\/secure.gravatar.com\\\/avatar\\\/fdd21ad66fd8b98c407f9dee5b5e588cfe7f0d8579ec20fa6527cd59bab7f0f0?s=96&d=mm&r=g\",\"url\":\"https:\\\/\\\/secure.gravatar.com\\\/avatar\\\/fdd21ad66fd8b98c407f9dee5b5e588cfe7f0d8579ec20fa6527cd59bab7f0f0?s=96&d=mm&r=g\",\"contentUrl\":\"https:\\\/\\\/secure.gravatar.com\\\/avatar\\\/fdd21ad66fd8b98c407f9dee5b5e588cfe7f0d8579ec20fa6527cd59bab7f0f0?s=96&d=mm&r=g\",\"caption\":\"Staff\"},\"url\":\"https:\\\/\\\/www.bbmnoticias.com\\\/labravaradiofm\\\/author\\\/redaccion\\\/\"}]}<\/script>\n<!-- \/ Yoast SEO plugin. -->","yoast_head_json":{"title":"Sefin intercambia experiencias en el proceso de Armonizaci\u00f3n Contable - LA BRAVA RADIO","robots":{"index":"index","follow":"follow","max-snippet":"max-snippet:-1","max-image-preview":"max-image-preview:large","max-video-preview":"max-video-preview:-1"},"canonical":"https:\/\/www.bbmnoticias.com\/labravaradiofm\/2023\/06\/02\/sefin-intercambia-experiencias-en-el-proceso-de-armonizacion-contable\/","og_locale":"es_MX","og_type":"article","og_title":"Sefin intercambia experiencias en el proceso de Armonizaci\u00f3n Contable - LA BRAVA RADIO","og_description":"San Bartolo Coyotepec, Oax. 2 de junio de 2023.- La Secretar\u00eda de Finanzas (Sefin) a trav\u00e9s de la Direcci\u00f3n de Contabilidad Gubernamental de la Subsecretar\u00eda de Egresos, Contabilidad y Tesorer\u00eda particip\u00f3 en la mesa de trabajo regional: Hacia la consolidaci\u00f3n de la armonizaci\u00f3n contable, organizada por el Instituto para el Desarrollo T\u00e9cnico de las Haciendas [&hellip;]","og_url":"https:\/\/www.bbmnoticias.com\/labravaradiofm\/2023\/06\/02\/sefin-intercambia-experiencias-en-el-proceso-de-armonizacion-contable\/","og_site_name":"LA BRAVA RADIO","article_published_time":"2023-06-02T15:50:40+00:00","article_modified_time":"2023-06-02T15:50:41+00:00","og_image":[{"width":800,"height":480,"url":"https:\/\/www.bbmnoticias.com\/labravaradiofm\/wp-content\/uploads\/sites\/5\/2023\/06\/sefin_oaxaca.jpg","type":"image\/jpeg"}],"author":"Staff","twitter_card":"summary_large_image","twitter_misc":{"Escrito por":"Staff","Tiempo de lectura":"3 minutos"},"schema":{"@context":"https:\/\/schema.org","@graph":[{"@type":"Article","@id":"https:\/\/www.bbmnoticias.com\/labravaradiofm\/2023\/06\/02\/sefin-intercambia-experiencias-en-el-proceso-de-armonizacion-contable\/#article","isPartOf":{"@id":"https:\/\/www.bbmnoticias.com\/labravaradiofm\/2023\/06\/02\/sefin-intercambia-experiencias-en-el-proceso-de-armonizacion-contable\/"},"author":{"name":"Staff","@id":"https:\/\/www.bbmnoticias.com\/labravaradiofm\/#\/schema\/person\/34b139c617a70ea5bef5678bffe4dd7b"},"headline":"Sefin intercambia experiencias en el proceso de Armonizaci\u00f3n Contable","datePublished":"2023-06-02T15:50:40+00:00","dateModified":"2023-06-02T15:50:41+00:00","mainEntityOfPage":{"@id":"https:\/\/www.bbmnoticias.com\/labravaradiofm\/2023\/06\/02\/sefin-intercambia-experiencias-en-el-proceso-de-armonizacion-contable\/"},"wordCount":541,"image":{"@id":"https:\/\/www.bbmnoticias.com\/labravaradiofm\/2023\/06\/02\/sefin-intercambia-experiencias-en-el-proceso-de-armonizacion-contable\/#primaryimage"},"thumbnailUrl":"https:\/\/www.bbmnoticias.com\/labravaradiofm\/wp-content\/uploads\/sites\/5\/2023\/06\/sefin_oaxaca.jpg","articleSection":["LOCAL"],"inLanguage":"es"},{"@type":"WebPage","@id":"https:\/\/www.bbmnoticias.com\/labravaradiofm\/2023\/06\/02\/sefin-intercambia-experiencias-en-el-proceso-de-armonizacion-contable\/","url":"https:\/\/www.bbmnoticias.com\/labravaradiofm\/2023\/06\/02\/sefin-intercambia-experiencias-en-el-proceso-de-armonizacion-contable\/","name":"Sefin intercambia experiencias en el proceso de Armonizaci\u00f3n Contable - LA BRAVA RADIO","isPartOf":{"@id":"https:\/\/www.bbmnoticias.com\/labravaradiofm\/#website"},"primaryImageOfPage":{"@id":"https:\/\/www.bbmnoticias.com\/labravaradiofm\/2023\/06\/02\/sefin-intercambia-experiencias-en-el-proceso-de-armonizacion-contable\/#primaryimage"},"image":{"@id":"https:\/\/www.bbmnoticias.com\/labravaradiofm\/2023\/06\/02\/sefin-intercambia-experiencias-en-el-proceso-de-armonizacion-contable\/#primaryimage"},"thumbnailUrl":"https:\/\/www.bbmnoticias.com\/labravaradiofm\/wp-content\/uploads\/sites\/5\/2023\/06\/sefin_oaxaca.jpg","datePublished":"2023-06-02T15:50:40+00:00","dateModified":"2023-06-02T15:50:41+00:00","author":{"@id":"https:\/\/www.bbmnoticias.com\/labravaradiofm\/#\/schema\/person\/34b139c617a70ea5bef5678bffe4dd7b"},"breadcrumb":{"@id":"https:\/\/www.bbmnoticias.com\/labravaradiofm\/2023\/06\/02\/sefin-intercambia-experiencias-en-el-proceso-de-armonizacion-contable\/#breadcrumb"},"inLanguage":"es","potentialAction":[{"@type":"ReadAction","target":["https:\/\/www.bbmnoticias.com\/labravaradiofm\/2023\/06\/02\/sefin-intercambia-experiencias-en-el-proceso-de-armonizacion-contable\/"]}]},{"@type":"ImageObject","inLanguage":"es","@id":"https:\/\/www.bbmnoticias.com\/labravaradiofm\/2023\/06\/02\/sefin-intercambia-experiencias-en-el-proceso-de-armonizacion-contable\/#primaryimage","url":"https:\/\/www.bbmnoticias.com\/labravaradiofm\/wp-content\/uploads\/sites\/5\/2023\/06\/sefin_oaxaca.jpg","contentUrl":"https:\/\/www.bbmnoticias.com\/labravaradiofm\/wp-content\/uploads\/sites\/5\/2023\/06\/sefin_oaxaca.jpg","width":800,"height":480},{"@type":"BreadcrumbList","@id":"https:\/\/www.bbmnoticias.com\/labravaradiofm\/2023\/06\/02\/sefin-intercambia-experiencias-en-el-proceso-de-armonizacion-contable\/#breadcrumb","itemListElement":[{"@type":"ListItem","position":1,"name":"Inicio","item":"https:\/\/www.bbmnoticias.com\/labravaradiofm\/"},{"@type":"ListItem","position":2,"name":"Sefin intercambia experiencias en el proceso de Armonizaci\u00f3n Contable"}]},{"@type":"WebSite","@id":"https:\/\/www.bbmnoticias.com\/labravaradiofm\/#website","url":"https:\/\/www.bbmnoticias.com\/labravaradiofm\/","name":"LA BRAVA RADIO","description":"Empresa productora de medios, Radiodifusi\u00f3n, Noticias, tendencias y todo lo que necesitas saber de la pol\u00edtica mexicana e internacional; entretenimiento, espect\u00e1culos, salud y mucho m\u00e1s.","potentialAction":[{"@type":"SearchAction","target":{"@type":"EntryPoint","urlTemplate":"https:\/\/www.bbmnoticias.com\/labravaradiofm\/?s={search_term_string}"},"query-input":{"@type":"PropertyValueSpecification","valueRequired":true,"valueName":"search_term_string"}}],"inLanguage":"es"},{"@type":"Person","@id":"https:\/\/www.bbmnoticias.com\/labravaradiofm\/#\/schema\/person\/34b139c617a70ea5bef5678bffe4dd7b","name":"Staff","image":{"@type":"ImageObject","inLanguage":"es","@id":"https:\/\/secure.gravatar.com\/avatar\/fdd21ad66fd8b98c407f9dee5b5e588cfe7f0d8579ec20fa6527cd59bab7f0f0?s=96&d=mm&r=g","url":"https:\/\/secure.gravatar.com\/avatar\/fdd21ad66fd8b98c407f9dee5b5e588cfe7f0d8579ec20fa6527cd59bab7f0f0?s=96&d=mm&r=g","contentUrl":"https:\/\/secure.gravatar.com\/avatar\/fdd21ad66fd8b98c407f9dee5b5e588cfe7f0d8579ec20fa6527cd59bab7f0f0?s=96&d=mm&r=g","caption":"Staff"},"url":"https:\/\/www.bbmnoticias.com\/labravaradiofm\/author\/redaccion\/"}]}},"_links":{"self":[{"href":"https:\/\/www.bbmnoticias.com\/labravaradiofm\/wp-json\/wp\/v2\/posts\/27994","targetHints":{"allow":["GET"]}}],"collection":[{"href":"https:\/\/www.bbmnoticias.com\/labravaradiofm\/wp-json\/wp\/v2\/posts"}],"about":[{"href":"https:\/\/www.bbmnoticias.com\/labravaradiofm\/wp-json\/wp\/v2\/types\/post"}],"author":[{"embeddable":true,"href":"https:\/\/www.bbmnoticias.com\/labravaradiofm\/wp-json\/wp\/v2\/users\/2"}],"replies":[{"embeddable":true,"href":"https:\/\/www.bbmnoticias.com\/labravaradiofm\/wp-json\/wp\/v2\/comments?post=27994"}],"version-history":[{"count":0,"href":"https:\/\/www.bbmnoticias.com\/labravaradiofm\/wp-json\/wp\/v2\/posts\/27994\/revisions"}],"wp:featuredmedia":[{"embeddable":true,"href":"https:\/\/www.bbmnoticias.com\/labravaradiofm\/wp-json\/wp\/v2\/media\/27995"}],"wp:attachment":[{"href":"https:\/\/www.bbmnoticias.com\/labravaradiofm\/wp-json\/wp\/v2\/media?parent=27994"}],"wp:term":[{"taxonomy":"category","embeddable":true,"href":"https:\/\/www.bbmnoticias.com\/labravaradiofm\/wp-json\/wp\/v2\/categories?post=27994"},{"taxonomy":"post_tag","embeddable":true,"href":"https:\/\/www.bbmnoticias.com\/labravaradiofm\/wp-json\/wp\/v2\/tags?post=27994"}],"curies":[{"name":"wp","href":"https:\/\/api.w.org\/{rel}","templated":true}]}}