{"id":27991,"date":"2023-06-01T22:50:47","date_gmt":"2023-06-02T04:50:47","guid":{"rendered":"https:\/\/www.bbmnoticias.com\/labravaradiofm\/?p=27991"},"modified":"2023-06-01T22:50:48","modified_gmt":"2023-06-02T04:50:48","slug":"oaxaca-transita-hacia-la-paz-y-concreta-proyectos-estrategicos-gobernador-salomon-jara","status":"publish","type":"post","link":"https:\/\/www.bbmnoticias.com\/labravaradiofm\/2023\/06\/01\/oaxaca-transita-hacia-la-paz-y-concreta-proyectos-estrategicos-gobernador-salomon-jara\/","title":{"rendered":"Oaxaca transita hacia la paz y concreta proyectos estrat\u00e9gicos: Gobernador Salom\u00f3n Jara"},"content":{"rendered":"<div style=\"margin-top: 0px; margin-bottom: 0px;\" class=\"sharethis-inline-share-buttons\" ><\/div>\n<p>Oaxaca de Ju\u00e1rez, Oax. 1 de junio de 2023.- A seis meses de este nuevo gobierno, Oaxaca vive momentos de cambio, donde se apuesta por el di\u00e1logo y conciliaci\u00f3n, el cual es el sello de la presente administraci\u00f3n, as\u00ed lo manifest\u00f3 el Gobernador del Estado Salom\u00f3n Jara Cruz, en entrevista realizada por el periodista Ignacio Rodr\u00edguez Ceballos en el programa de televisi\u00f3n Jueves de Gozona.<\/p>\n\n\n\n<p>El Mandatario Estatal asegur\u00f3 que, muestra de ello es la relaci\u00f3n de respeto que su administraci\u00f3n ha mantenido con las organizaciones sociales.<\/p>\n\n\n\n<p>\u201cLos gobiernos anteriores no buscaban la conciliaci\u00f3n entre nuestros pueblos\u201d, as\u00ed se refiri\u00f3 al plant\u00f3n que por 12 a\u00f1os se mantuvo en los arcos de Palacio de Gobierno, entre otras manifestaciones que no fueron atendidas en el sexenio pasado.<\/p>\n\n\n\n<p>En este sentido, afirm\u00f3 que, al provenir de una comunidad originaria, ser zapoteco y hablar dicha lengua, le ha permitido una mayor interlocuci\u00f3n con quienes representan las luchas sociales.<\/p>\n\n\n\n<p>En otro tenor, el Gobernador Salom\u00f3n Jara destac\u00f3 su participaci\u00f3n en la reuni\u00f3n conjunta, sobre el tema migratorio, con Elizabeth Sherwood-Randall, asesora de Seguridad Nacional de la Casa Blanca; el embajador Ken Salazar y otros servidores p\u00fablicos del gobierno de Estados Unidos, la cual fue encabezada por el Presidente de la Rep\u00fablica Andr\u00e9s Manuel L\u00f3pez Obrador.<\/p>\n\n\n\n<p>Consider\u00f3 que la reuni\u00f3n fue exitosa, debido a que Oaxaca es un estado de tr\u00e1nsito de migrantes por lo que este tipo de encuentros nutren las pol\u00edticas en favor de las personas en movilidad.<\/p>\n\n\n\n<p>Proyectos detonadores para el estado<\/p>\n\n\n\n<p>Respecto a los proyectos estrat\u00e9gicos como el Corredor Interoce\u00e1nico, el titular de la Gubernatura dijo que actualmente contin\u00faa su construcci\u00f3n, el cual contempla un puerto mar\u00edtimo con 10 polos industriales de los cuales cuatro estar\u00e1n en territorio oaxaque\u00f1o.<\/p>\n\n\n\n<p>\u201cCon este proyecto va a cambiar la faz, no solo de esta regi\u00f3n, sino de todo el estado\u201d. Adem\u00e1s, destac\u00f3 que ya hay inter\u00e9s de inversionistas para instalarse en dicho Corredor.<\/p>\n\n\n\n<p>Agradeci\u00f3 el apoyo incondicional del presidente de M\u00e9xico Andr\u00e9s Manuel L\u00f3pez Obrador, principalmente por la pavimentaci\u00f3n de caminos artesanales a cabeceras municipales.<\/p>\n\n\n\n<p>De igual forma destac\u00f3 el avance de las dos autopistas que van desde los Valles Centrales a las regiones Costa e Istmo, mismas que por a\u00f1os permanecieron sin avances significativos.<\/p>\n","protected":false},"excerpt":{"rendered":"<p>Oaxaca de Ju\u00e1rez, Oax. 1 de junio de 2023.- A seis meses de este nuevo gobierno, Oaxaca vive momentos de cambio, donde se apuesta por el di\u00e1logo y conciliaci\u00f3n, el cual es el sello de la presente administraci\u00f3n, as\u00ed lo manifest\u00f3 el Gobernador del Estado Salom\u00f3n Jara Cruz, en entrevista realizada por el periodista Ignacio [&hellip;]<\/p>\n","protected":false},"author":2,"featured_media":27992,"comment_status":"closed","ping_status":"closed","sticky":false,"template":"","format":"standard","meta":{"footnotes":""},"categories":[2],"tags":[],"class_list":{"0":"post-27991","1":"post","2":"type-post","3":"status-publish","4":"format-standard","5":"has-post-thumbnail","7":"category-oaxaca"},"yoast_head":"<!-- This site is optimized with the Yoast SEO plugin v27.4 - https:\/\/yoast.com\/product\/yoast-seo-wordpress\/ -->\n<title>Oaxaca transita hacia la paz y concreta proyectos estrat\u00e9gicos: Gobernador Salom\u00f3n Jara - LA BRAVA RADIO<\/title>\n<meta name=\"robots\" content=\"index, follow, max-snippet:-1, max-image-preview:large, max-video-preview:-1\" \/>\n<link rel=\"canonical\" href=\"https:\/\/www.bbmnoticias.com\/labravaradiofm\/2023\/06\/01\/oaxaca-transita-hacia-la-paz-y-concreta-proyectos-estrategicos-gobernador-salomon-jara\/\" \/>\n<meta property=\"og:locale\" content=\"es_MX\" \/>\n<meta property=\"og:type\" content=\"article\" \/>\n<meta property=\"og:title\" content=\"Oaxaca transita hacia la paz y concreta proyectos estrat\u00e9gicos: Gobernador Salom\u00f3n Jara - LA BRAVA RADIO\" \/>\n<meta property=\"og:description\" content=\"Oaxaca de Ju\u00e1rez, Oax. 1 de junio de 2023.- A seis meses de este nuevo gobierno, Oaxaca vive momentos de cambio, donde se apuesta por el di\u00e1logo y conciliaci\u00f3n, el cual es el sello de la presente administraci\u00f3n, as\u00ed lo manifest\u00f3 el Gobernador del Estado Salom\u00f3n Jara Cruz, en entrevista realizada por el periodista Ignacio [&hellip;]\" \/>\n<meta property=\"og:url\" content=\"https:\/\/www.bbmnoticias.com\/labravaradiofm\/2023\/06\/01\/oaxaca-transita-hacia-la-paz-y-concreta-proyectos-estrategicos-gobernador-salomon-jara\/\" \/>\n<meta property=\"og:site_name\" content=\"LA BRAVA RADIO\" \/>\n<meta property=\"article:published_time\" content=\"2023-06-02T04:50:47+00:00\" \/>\n<meta property=\"article:modified_time\" content=\"2023-06-02T04:50:48+00:00\" \/>\n<meta property=\"og:image\" content=\"https:\/\/www.bbmnoticias.com\/labravaradiofm\/wp-content\/uploads\/sites\/5\/2023\/06\/sjc_entrevista.jpg\" \/>\n\t<meta property=\"og:image:width\" content=\"1600\" \/>\n\t<meta property=\"og:image:height\" content=\"1066\" \/>\n\t<meta property=\"og:image:type\" content=\"image\/jpeg\" \/>\n<meta name=\"author\" content=\"Staff\" \/>\n<meta name=\"twitter:card\" content=\"summary_large_image\" \/>\n<meta name=\"twitter:label1\" content=\"Escrito por\" \/>\n\t<meta name=\"twitter:data1\" content=\"Staff\" \/>\n\t<meta name=\"twitter:label2\" content=\"Tiempo de lectura\" \/>\n\t<meta name=\"twitter:data2\" content=\"2 minutos\" \/>\n<script type=\"application\/ld+json\" class=\"yoast-schema-graph\">{\"@context\":\"https:\\\/\\\/schema.org\",\"@graph\":[{\"@type\":\"Article\",\"@id\":\"https:\\\/\\\/www.bbmnoticias.com\\\/labravaradiofm\\\/2023\\\/06\\\/01\\\/oaxaca-transita-hacia-la-paz-y-concreta-proyectos-estrategicos-gobernador-salomon-jara\\\/#article\",\"isPartOf\":{\"@id\":\"https:\\\/\\\/www.bbmnoticias.com\\\/labravaradiofm\\\/2023\\\/06\\\/01\\\/oaxaca-transita-hacia-la-paz-y-concreta-proyectos-estrategicos-gobernador-salomon-jara\\\/\"},\"author\":{\"name\":\"Staff\",\"@id\":\"https:\\\/\\\/www.bbmnoticias.com\\\/labravaradiofm\\\/#\\\/schema\\\/person\\\/34b139c617a70ea5bef5678bffe4dd7b\"},\"headline\":\"Oaxaca transita hacia la paz y concreta proyectos estrat\u00e9gicos: Gobernador Salom\u00f3n Jara\",\"datePublished\":\"2023-06-02T04:50:47+00:00\",\"dateModified\":\"2023-06-02T04:50:48+00:00\",\"mainEntityOfPage\":{\"@id\":\"https:\\\/\\\/www.bbmnoticias.com\\\/labravaradiofm\\\/2023\\\/06\\\/01\\\/oaxaca-transita-hacia-la-paz-y-concreta-proyectos-estrategicos-gobernador-salomon-jara\\\/\"},\"wordCount\":420,\"image\":{\"@id\":\"https:\\\/\\\/www.bbmnoticias.com\\\/labravaradiofm\\\/2023\\\/06\\\/01\\\/oaxaca-transita-hacia-la-paz-y-concreta-proyectos-estrategicos-gobernador-salomon-jara\\\/#primaryimage\"},\"thumbnailUrl\":\"https:\\\/\\\/www.bbmnoticias.com\\\/labravaradiofm\\\/wp-content\\\/uploads\\\/sites\\\/5\\\/2023\\\/06\\\/sjc_entrevista.jpg\",\"articleSection\":[\"LOCAL\"],\"inLanguage\":\"es\"},{\"@type\":\"WebPage\",\"@id\":\"https:\\\/\\\/www.bbmnoticias.com\\\/labravaradiofm\\\/2023\\\/06\\\/01\\\/oaxaca-transita-hacia-la-paz-y-concreta-proyectos-estrategicos-gobernador-salomon-jara\\\/\",\"url\":\"https:\\\/\\\/www.bbmnoticias.com\\\/labravaradiofm\\\/2023\\\/06\\\/01\\\/oaxaca-transita-hacia-la-paz-y-concreta-proyectos-estrategicos-gobernador-salomon-jara\\\/\",\"name\":\"Oaxaca transita hacia la paz y concreta proyectos estrat\u00e9gicos: Gobernador Salom\u00f3n Jara - LA BRAVA RADIO\",\"isPartOf\":{\"@id\":\"https:\\\/\\\/www.bbmnoticias.com\\\/labravaradiofm\\\/#website\"},\"primaryImageOfPage\":{\"@id\":\"https:\\\/\\\/www.bbmnoticias.com\\\/labravaradiofm\\\/2023\\\/06\\\/01\\\/oaxaca-transita-hacia-la-paz-y-concreta-proyectos-estrategicos-gobernador-salomon-jara\\\/#primaryimage\"},\"image\":{\"@id\":\"https:\\\/\\\/www.bbmnoticias.com\\\/labravaradiofm\\\/2023\\\/06\\\/01\\\/oaxaca-transita-hacia-la-paz-y-concreta-proyectos-estrategicos-gobernador-salomon-jara\\\/#primaryimage\"},\"thumbnailUrl\":\"https:\\\/\\\/www.bbmnoticias.com\\\/labravaradiofm\\\/wp-content\\\/uploads\\\/sites\\\/5\\\/2023\\\/06\\\/sjc_entrevista.jpg\",\"datePublished\":\"2023-06-02T04:50:47+00:00\",\"dateModified\":\"2023-06-02T04:50:48+00:00\",\"author\":{\"@id\":\"https:\\\/\\\/www.bbmnoticias.com\\\/labravaradiofm\\\/#\\\/schema\\\/person\\\/34b139c617a70ea5bef5678bffe4dd7b\"},\"breadcrumb\":{\"@id\":\"https:\\\/\\\/www.bbmnoticias.com\\\/labravaradiofm\\\/2023\\\/06\\\/01\\\/oaxaca-transita-hacia-la-paz-y-concreta-proyectos-estrategicos-gobernador-salomon-jara\\\/#breadcrumb\"},\"inLanguage\":\"es\",\"potentialAction\":[{\"@type\":\"ReadAction\",\"target\":[\"https:\\\/\\\/www.bbmnoticias.com\\\/labravaradiofm\\\/2023\\\/06\\\/01\\\/oaxaca-transita-hacia-la-paz-y-concreta-proyectos-estrategicos-gobernador-salomon-jara\\\/\"]}]},{\"@type\":\"ImageObject\",\"inLanguage\":\"es\",\"@id\":\"https:\\\/\\\/www.bbmnoticias.com\\\/labravaradiofm\\\/2023\\\/06\\\/01\\\/oaxaca-transita-hacia-la-paz-y-concreta-proyectos-estrategicos-gobernador-salomon-jara\\\/#primaryimage\",\"url\":\"https:\\\/\\\/www.bbmnoticias.com\\\/labravaradiofm\\\/wp-content\\\/uploads\\\/sites\\\/5\\\/2023\\\/06\\\/sjc_entrevista.jpg\",\"contentUrl\":\"https:\\\/\\\/www.bbmnoticias.com\\\/labravaradiofm\\\/wp-content\\\/uploads\\\/sites\\\/5\\\/2023\\\/06\\\/sjc_entrevista.jpg\",\"width\":1600,\"height\":1066},{\"@type\":\"BreadcrumbList\",\"@id\":\"https:\\\/\\\/www.bbmnoticias.com\\\/labravaradiofm\\\/2023\\\/06\\\/01\\\/oaxaca-transita-hacia-la-paz-y-concreta-proyectos-estrategicos-gobernador-salomon-jara\\\/#breadcrumb\",\"itemListElement\":[{\"@type\":\"ListItem\",\"position\":1,\"name\":\"Inicio\",\"item\":\"https:\\\/\\\/www.bbmnoticias.com\\\/labravaradiofm\\\/\"},{\"@type\":\"ListItem\",\"position\":2,\"name\":\"Oaxaca transita hacia la paz y concreta proyectos estrat\u00e9gicos: Gobernador Salom\u00f3n Jara\"}]},{\"@type\":\"WebSite\",\"@id\":\"https:\\\/\\\/www.bbmnoticias.com\\\/labravaradiofm\\\/#website\",\"url\":\"https:\\\/\\\/www.bbmnoticias.com\\\/labravaradiofm\\\/\",\"name\":\"LA BRAVA RADIO\",\"description\":\"Empresa productora de medios, Radiodifusi\u00f3n, Noticias, tendencias y todo lo que necesitas saber de la pol\u00edtica mexicana e internacional; entretenimiento, espect\u00e1culos, salud y mucho m\u00e1s.\",\"potentialAction\":[{\"@type\":\"SearchAction\",\"target\":{\"@type\":\"EntryPoint\",\"urlTemplate\":\"https:\\\/\\\/www.bbmnoticias.com\\\/labravaradiofm\\\/?s={search_term_string}\"},\"query-input\":{\"@type\":\"PropertyValueSpecification\",\"valueRequired\":true,\"valueName\":\"search_term_string\"}}],\"inLanguage\":\"es\"},{\"@type\":\"Person\",\"@id\":\"https:\\\/\\\/www.bbmnoticias.com\\\/labravaradiofm\\\/#\\\/schema\\\/person\\\/34b139c617a70ea5bef5678bffe4dd7b\",\"name\":\"Staff\",\"image\":{\"@type\":\"ImageObject\",\"inLanguage\":\"es\",\"@id\":\"https:\\\/\\\/secure.gravatar.com\\\/avatar\\\/fdd21ad66fd8b98c407f9dee5b5e588cfe7f0d8579ec20fa6527cd59bab7f0f0?s=96&d=mm&r=g\",\"url\":\"https:\\\/\\\/secure.gravatar.com\\\/avatar\\\/fdd21ad66fd8b98c407f9dee5b5e588cfe7f0d8579ec20fa6527cd59bab7f0f0?s=96&d=mm&r=g\",\"contentUrl\":\"https:\\\/\\\/secure.gravatar.com\\\/avatar\\\/fdd21ad66fd8b98c407f9dee5b5e588cfe7f0d8579ec20fa6527cd59bab7f0f0?s=96&d=mm&r=g\",\"caption\":\"Staff\"},\"url\":\"https:\\\/\\\/www.bbmnoticias.com\\\/labravaradiofm\\\/author\\\/redaccion\\\/\"}]}<\/script>\n<!-- \/ Yoast SEO plugin. -->","yoast_head_json":{"title":"Oaxaca transita hacia la paz y concreta proyectos estrat\u00e9gicos: Gobernador Salom\u00f3n Jara - LA BRAVA RADIO","robots":{"index":"index","follow":"follow","max-snippet":"max-snippet:-1","max-image-preview":"max-image-preview:large","max-video-preview":"max-video-preview:-1"},"canonical":"https:\/\/www.bbmnoticias.com\/labravaradiofm\/2023\/06\/01\/oaxaca-transita-hacia-la-paz-y-concreta-proyectos-estrategicos-gobernador-salomon-jara\/","og_locale":"es_MX","og_type":"article","og_title":"Oaxaca transita hacia la paz y concreta proyectos estrat\u00e9gicos: Gobernador Salom\u00f3n Jara - LA BRAVA RADIO","og_description":"Oaxaca de Ju\u00e1rez, Oax. 1 de junio de 2023.- A seis meses de este nuevo gobierno, Oaxaca vive momentos de cambio, donde se apuesta por el di\u00e1logo y conciliaci\u00f3n, el cual es el sello de la presente administraci\u00f3n, as\u00ed lo manifest\u00f3 el Gobernador del Estado Salom\u00f3n Jara Cruz, en entrevista realizada por el periodista Ignacio [&hellip;]","og_url":"https:\/\/www.bbmnoticias.com\/labravaradiofm\/2023\/06\/01\/oaxaca-transita-hacia-la-paz-y-concreta-proyectos-estrategicos-gobernador-salomon-jara\/","og_site_name":"LA BRAVA RADIO","article_published_time":"2023-06-02T04:50:47+00:00","article_modified_time":"2023-06-02T04:50:48+00:00","og_image":[{"width":1600,"height":1066,"url":"https:\/\/www.bbmnoticias.com\/labravaradiofm\/wp-content\/uploads\/sites\/5\/2023\/06\/sjc_entrevista.jpg","type":"image\/jpeg"}],"author":"Staff","twitter_card":"summary_large_image","twitter_misc":{"Escrito por":"Staff","Tiempo de lectura":"2 minutos"},"schema":{"@context":"https:\/\/schema.org","@graph":[{"@type":"Article","@id":"https:\/\/www.bbmnoticias.com\/labravaradiofm\/2023\/06\/01\/oaxaca-transita-hacia-la-paz-y-concreta-proyectos-estrategicos-gobernador-salomon-jara\/#article","isPartOf":{"@id":"https:\/\/www.bbmnoticias.com\/labravaradiofm\/2023\/06\/01\/oaxaca-transita-hacia-la-paz-y-concreta-proyectos-estrategicos-gobernador-salomon-jara\/"},"author":{"name":"Staff","@id":"https:\/\/www.bbmnoticias.com\/labravaradiofm\/#\/schema\/person\/34b139c617a70ea5bef5678bffe4dd7b"},"headline":"Oaxaca transita hacia la paz y concreta proyectos estrat\u00e9gicos: Gobernador Salom\u00f3n Jara","datePublished":"2023-06-02T04:50:47+00:00","dateModified":"2023-06-02T04:50:48+00:00","mainEntityOfPage":{"@id":"https:\/\/www.bbmnoticias.com\/labravaradiofm\/2023\/06\/01\/oaxaca-transita-hacia-la-paz-y-concreta-proyectos-estrategicos-gobernador-salomon-jara\/"},"wordCount":420,"image":{"@id":"https:\/\/www.bbmnoticias.com\/labravaradiofm\/2023\/06\/01\/oaxaca-transita-hacia-la-paz-y-concreta-proyectos-estrategicos-gobernador-salomon-jara\/#primaryimage"},"thumbnailUrl":"https:\/\/www.bbmnoticias.com\/labravaradiofm\/wp-content\/uploads\/sites\/5\/2023\/06\/sjc_entrevista.jpg","articleSection":["LOCAL"],"inLanguage":"es"},{"@type":"WebPage","@id":"https:\/\/www.bbmnoticias.com\/labravaradiofm\/2023\/06\/01\/oaxaca-transita-hacia-la-paz-y-concreta-proyectos-estrategicos-gobernador-salomon-jara\/","url":"https:\/\/www.bbmnoticias.com\/labravaradiofm\/2023\/06\/01\/oaxaca-transita-hacia-la-paz-y-concreta-proyectos-estrategicos-gobernador-salomon-jara\/","name":"Oaxaca transita hacia la paz y concreta proyectos estrat\u00e9gicos: Gobernador Salom\u00f3n Jara - LA BRAVA RADIO","isPartOf":{"@id":"https:\/\/www.bbmnoticias.com\/labravaradiofm\/#website"},"primaryImageOfPage":{"@id":"https:\/\/www.bbmnoticias.com\/labravaradiofm\/2023\/06\/01\/oaxaca-transita-hacia-la-paz-y-concreta-proyectos-estrategicos-gobernador-salomon-jara\/#primaryimage"},"image":{"@id":"https:\/\/www.bbmnoticias.com\/labravaradiofm\/2023\/06\/01\/oaxaca-transita-hacia-la-paz-y-concreta-proyectos-estrategicos-gobernador-salomon-jara\/#primaryimage"},"thumbnailUrl":"https:\/\/www.bbmnoticias.com\/labravaradiofm\/wp-content\/uploads\/sites\/5\/2023\/06\/sjc_entrevista.jpg","datePublished":"2023-06-02T04:50:47+00:00","dateModified":"2023-06-02T04:50:48+00:00","author":{"@id":"https:\/\/www.bbmnoticias.com\/labravaradiofm\/#\/schema\/person\/34b139c617a70ea5bef5678bffe4dd7b"},"breadcrumb":{"@id":"https:\/\/www.bbmnoticias.com\/labravaradiofm\/2023\/06\/01\/oaxaca-transita-hacia-la-paz-y-concreta-proyectos-estrategicos-gobernador-salomon-jara\/#breadcrumb"},"inLanguage":"es","potentialAction":[{"@type":"ReadAction","target":["https:\/\/www.bbmnoticias.com\/labravaradiofm\/2023\/06\/01\/oaxaca-transita-hacia-la-paz-y-concreta-proyectos-estrategicos-gobernador-salomon-jara\/"]}]},{"@type":"ImageObject","inLanguage":"es","@id":"https:\/\/www.bbmnoticias.com\/labravaradiofm\/2023\/06\/01\/oaxaca-transita-hacia-la-paz-y-concreta-proyectos-estrategicos-gobernador-salomon-jara\/#primaryimage","url":"https:\/\/www.bbmnoticias.com\/labravaradiofm\/wp-content\/uploads\/sites\/5\/2023\/06\/sjc_entrevista.jpg","contentUrl":"https:\/\/www.bbmnoticias.com\/labravaradiofm\/wp-content\/uploads\/sites\/5\/2023\/06\/sjc_entrevista.jpg","width":1600,"height":1066},{"@type":"BreadcrumbList","@id":"https:\/\/www.bbmnoticias.com\/labravaradiofm\/2023\/06\/01\/oaxaca-transita-hacia-la-paz-y-concreta-proyectos-estrategicos-gobernador-salomon-jara\/#breadcrumb","itemListElement":[{"@type":"ListItem","position":1,"name":"Inicio","item":"https:\/\/www.bbmnoticias.com\/labravaradiofm\/"},{"@type":"ListItem","position":2,"name":"Oaxaca transita hacia la paz y concreta proyectos estrat\u00e9gicos: Gobernador Salom\u00f3n Jara"}]},{"@type":"WebSite","@id":"https:\/\/www.bbmnoticias.com\/labravaradiofm\/#website","url":"https:\/\/www.bbmnoticias.com\/labravaradiofm\/","name":"LA BRAVA RADIO","description":"Empresa productora de medios, Radiodifusi\u00f3n, Noticias, tendencias y todo lo que necesitas saber de la pol\u00edtica mexicana e internacional; entretenimiento, espect\u00e1culos, salud y mucho m\u00e1s.","potentialAction":[{"@type":"SearchAction","target":{"@type":"EntryPoint","urlTemplate":"https:\/\/www.bbmnoticias.com\/labravaradiofm\/?s={search_term_string}"},"query-input":{"@type":"PropertyValueSpecification","valueRequired":true,"valueName":"search_term_string"}}],"inLanguage":"es"},{"@type":"Person","@id":"https:\/\/www.bbmnoticias.com\/labravaradiofm\/#\/schema\/person\/34b139c617a70ea5bef5678bffe4dd7b","name":"Staff","image":{"@type":"ImageObject","inLanguage":"es","@id":"https:\/\/secure.gravatar.com\/avatar\/fdd21ad66fd8b98c407f9dee5b5e588cfe7f0d8579ec20fa6527cd59bab7f0f0?s=96&d=mm&r=g","url":"https:\/\/secure.gravatar.com\/avatar\/fdd21ad66fd8b98c407f9dee5b5e588cfe7f0d8579ec20fa6527cd59bab7f0f0?s=96&d=mm&r=g","contentUrl":"https:\/\/secure.gravatar.com\/avatar\/fdd21ad66fd8b98c407f9dee5b5e588cfe7f0d8579ec20fa6527cd59bab7f0f0?s=96&d=mm&r=g","caption":"Staff"},"url":"https:\/\/www.bbmnoticias.com\/labravaradiofm\/author\/redaccion\/"}]}},"_links":{"self":[{"href":"https:\/\/www.bbmnoticias.com\/labravaradiofm\/wp-json\/wp\/v2\/posts\/27991","targetHints":{"allow":["GET"]}}],"collection":[{"href":"https:\/\/www.bbmnoticias.com\/labravaradiofm\/wp-json\/wp\/v2\/posts"}],"about":[{"href":"https:\/\/www.bbmnoticias.com\/labravaradiofm\/wp-json\/wp\/v2\/types\/post"}],"author":[{"embeddable":true,"href":"https:\/\/www.bbmnoticias.com\/labravaradiofm\/wp-json\/wp\/v2\/users\/2"}],"replies":[{"embeddable":true,"href":"https:\/\/www.bbmnoticias.com\/labravaradiofm\/wp-json\/wp\/v2\/comments?post=27991"}],"version-history":[{"count":0,"href":"https:\/\/www.bbmnoticias.com\/labravaradiofm\/wp-json\/wp\/v2\/posts\/27991\/revisions"}],"wp:featuredmedia":[{"embeddable":true,"href":"https:\/\/www.bbmnoticias.com\/labravaradiofm\/wp-json\/wp\/v2\/media\/27992"}],"wp:attachment":[{"href":"https:\/\/www.bbmnoticias.com\/labravaradiofm\/wp-json\/wp\/v2\/media?parent=27991"}],"wp:term":[{"taxonomy":"category","embeddable":true,"href":"https:\/\/www.bbmnoticias.com\/labravaradiofm\/wp-json\/wp\/v2\/categories?post=27991"},{"taxonomy":"post_tag","embeddable":true,"href":"https:\/\/www.bbmnoticias.com\/labravaradiofm\/wp-json\/wp\/v2\/tags?post=27991"}],"curies":[{"name":"wp","href":"https:\/\/api.w.org\/{rel}","templated":true}]}}