{"id":27983,"date":"2023-06-01T20:13:10","date_gmt":"2023-06-02T02:13:10","guid":{"rendered":"https:\/\/www.bbmnoticias.com\/labravaradiofm\/?p=27983"},"modified":"2023-06-01T20:13:11","modified_gmt":"2023-06-02T02:13:11","slug":"a-traves-de-multiples-apoyos-cumple-gobierno-de-salomon-jara-con-santos-reyes-yucuna","status":"publish","type":"post","link":"https:\/\/www.bbmnoticias.com\/labravaradiofm\/2023\/06\/01\/a-traves-de-multiples-apoyos-cumple-gobierno-de-salomon-jara-con-santos-reyes-yucuna\/","title":{"rendered":"A trav\u00e9s de m\u00faltiples apoyos, cumple Gobierno de Salom\u00f3n Jara con Santos Reyes Yucun\u00e1"},"content":{"rendered":"<div style=\"margin-top: 0px; margin-bottom: 0px;\" class=\"sharethis-inline-share-buttons\" ><\/div>\n<p><strong>Santos Reyes Yucun\u00e1, Oax<\/strong>. A trav\u00e9s de apoyos que ascienden a una inversi\u00f3n cercana a los cinco millones de pesos, el Gobernador Salom\u00f3n Jara Cruz patent\u00f3 su compromiso con habitantes de esta localidad de la regi\u00f3n Mixteca, para impulsar su desarrollo como parte de la estrategia de Atenci\u00f3n a Municipios Territorios Bienestar, la cual est\u00e1 encaminada a abatir el rezago social.<\/p>\n\n\n\n<p>La entrega de los mismos, es en respuesta a la palabra empe\u00f1ada por el Mandatario Estatal durante el Encuentro con Autoridades Municipales, realizada con antelaci\u00f3n en este distrito local para atender las necesidades de sus habitantes.<\/p>\n\n\n\n<p>&#8220;Queremos que el pueblo de Oaxaca se beneficie y que los recursos lleguen, porque se necesita de mucha atenci\u00f3n para avanzar y salir adelante&#8221;, afirm\u00f3 ante las y los habitantes de este municipio que se concentraron en la cancha de usos m\u00faltiples de esta demarcaci\u00f3n.<\/p>\n\n\n\n<p>Luego de aseverar que este gobierno es de todas y para todos, cercano al pueblo, Salom\u00f3n Jara Cruz expres\u00f3 que con esta entrega de apoyos se busca resarcir los bajos \u00edndices de desarrollo y marginaci\u00f3n que han mantenido a Oaxaca en los \u00faltimos lugares de desarrollo.<\/p>\n\n\n\n<p>Expres\u00f3 que, desde el inicio de su gobierno a trav\u00e9s de los Encuentros con Autoridades Municipales que se realizaron en las ocho regiones de la entidad, se focalizaron las acciones de atenci\u00f3n en 100 municipios, as\u00ed como las obras de gran impacto para las comunidades y regiones, para desarrollarlas conforme al Plan Estatal de Desarrollo 2022-2028.<\/p>\n\n\n\n<p>Asegur\u00f3 que todos los programas y acciones buscan saldar la deuda hist\u00f3rica con los pueblos y comunidades que durante a\u00f1os estuvieron en el abandono y que solo necesitaban la mano de un buen gobierno para que se generen oportunidades de desarrollo.<\/p>\n\n\n\n<p>En este evento, habitantes de Santos Reyes Yucun\u00e1 recibieron mobiliario por parte del Instituto Oaxaque\u00f1o Constructor de Infraestructura F\u00edsica Educativa (IOCIED) para el preescolar Narciso Mendoza.<\/p>\n\n\n\n<p>Adelant\u00f3 que se realizar\u00e1n 80 acciones de piso firme para beneficiar a igual n\u00famero de familias, con una inversi\u00f3n de un mill\u00f3n 160 mil pesos.<\/p>\n\n\n\n<p>Asimismo, a trav\u00e9s de la Secretar\u00eda de Fomento Alimentario y Desarrollo Rural (Sefader), 21 familias ser\u00e1n beneficiadas con semillas de ma\u00edz, frijol, hortalizas y aves de traspatio, que requerir\u00e1n una inversi\u00f3n de 404 mil pesos, garantizando con ello la autosuficiencia alimentaria en esta poblaci\u00f3n.<\/p>\n\n\n\n<p>Salom\u00f3n Jara expres\u00f3 que la entrega de estos apoyos lo comprometen a regresar a esta localidad para constatar que realmente se contribuye a cambiar la realidad de las personas beneficiarias.<\/p>\n","protected":false},"excerpt":{"rendered":"<p>Santos Reyes Yucun\u00e1, Oax. A trav\u00e9s de apoyos que ascienden a una inversi\u00f3n cercana a los cinco millones de pesos, el Gobernador Salom\u00f3n Jara Cruz patent\u00f3 su compromiso con habitantes de esta localidad de la regi\u00f3n Mixteca, para impulsar su desarrollo como parte de la estrategia de Atenci\u00f3n a Municipios Territorios Bienestar, la cual est\u00e1 [&hellip;]<\/p>\n","protected":false},"author":2,"featured_media":27984,"comment_status":"closed","ping_status":"closed","sticky":false,"template":"","format":"standard","meta":{"footnotes":""},"categories":[2],"tags":[],"class_list":{"0":"post-27983","1":"post","2":"type-post","3":"status-publish","4":"format-standard","5":"has-post-thumbnail","7":"category-oaxaca"},"yoast_head":"<!-- This site is optimized with the Yoast SEO plugin v27.4 - https:\/\/yoast.com\/product\/yoast-seo-wordpress\/ -->\n<title>A trav\u00e9s de m\u00faltiples apoyos, cumple Gobierno de Salom\u00f3n Jara con Santos Reyes Yucun\u00e1 - LA BRAVA RADIO<\/title>\n<meta name=\"robots\" content=\"index, follow, max-snippet:-1, max-image-preview:large, max-video-preview:-1\" \/>\n<link rel=\"canonical\" href=\"https:\/\/www.bbmnoticias.com\/labravaradiofm\/2023\/06\/01\/a-traves-de-multiples-apoyos-cumple-gobierno-de-salomon-jara-con-santos-reyes-yucuna\/\" \/>\n<meta property=\"og:locale\" content=\"es_MX\" \/>\n<meta property=\"og:type\" content=\"article\" \/>\n<meta property=\"og:title\" content=\"A trav\u00e9s de m\u00faltiples apoyos, cumple Gobierno de Salom\u00f3n Jara con Santos Reyes Yucun\u00e1 - LA BRAVA RADIO\" \/>\n<meta property=\"og:description\" content=\"Santos Reyes Yucun\u00e1, Oax. A trav\u00e9s de apoyos que ascienden a una inversi\u00f3n cercana a los cinco millones de pesos, el Gobernador Salom\u00f3n Jara Cruz patent\u00f3 su compromiso con habitantes de esta localidad de la regi\u00f3n Mixteca, para impulsar su desarrollo como parte de la estrategia de Atenci\u00f3n a Municipios Territorios Bienestar, la cual est\u00e1 [&hellip;]\" \/>\n<meta property=\"og:url\" content=\"https:\/\/www.bbmnoticias.com\/labravaradiofm\/2023\/06\/01\/a-traves-de-multiples-apoyos-cumple-gobierno-de-salomon-jara-con-santos-reyes-yucuna\/\" \/>\n<meta property=\"og:site_name\" content=\"LA BRAVA RADIO\" \/>\n<meta property=\"article:published_time\" content=\"2023-06-02T02:13:10+00:00\" \/>\n<meta property=\"article:modified_time\" content=\"2023-06-02T02:13:11+00:00\" \/>\n<meta property=\"og:image\" content=\"https:\/\/www.bbmnoticias.com\/labravaradiofm\/wp-content\/uploads\/sites\/5\/2023\/06\/apoyos_sjc.jpg\" \/>\n\t<meta property=\"og:image:width\" content=\"1200\" \/>\n\t<meta property=\"og:image:height\" content=\"800\" \/>\n\t<meta property=\"og:image:type\" content=\"image\/jpeg\" \/>\n<meta name=\"author\" content=\"Staff\" \/>\n<meta name=\"twitter:card\" content=\"summary_large_image\" \/>\n<meta name=\"twitter:label1\" content=\"Escrito por\" \/>\n\t<meta name=\"twitter:data1\" content=\"Staff\" \/>\n\t<meta name=\"twitter:label2\" content=\"Tiempo de lectura\" \/>\n\t<meta name=\"twitter:data2\" content=\"2 minutos\" \/>\n<script type=\"application\/ld+json\" class=\"yoast-schema-graph\">{\"@context\":\"https:\\\/\\\/schema.org\",\"@graph\":[{\"@type\":\"Article\",\"@id\":\"https:\\\/\\\/www.bbmnoticias.com\\\/labravaradiofm\\\/2023\\\/06\\\/01\\\/a-traves-de-multiples-apoyos-cumple-gobierno-de-salomon-jara-con-santos-reyes-yucuna\\\/#article\",\"isPartOf\":{\"@id\":\"https:\\\/\\\/www.bbmnoticias.com\\\/labravaradiofm\\\/2023\\\/06\\\/01\\\/a-traves-de-multiples-apoyos-cumple-gobierno-de-salomon-jara-con-santos-reyes-yucuna\\\/\"},\"author\":{\"name\":\"Staff\",\"@id\":\"https:\\\/\\\/www.bbmnoticias.com\\\/labravaradiofm\\\/#\\\/schema\\\/person\\\/34b139c617a70ea5bef5678bffe4dd7b\"},\"headline\":\"A trav\u00e9s de m\u00faltiples apoyos, cumple Gobierno de Salom\u00f3n Jara con Santos Reyes Yucun\u00e1\",\"datePublished\":\"2023-06-02T02:13:10+00:00\",\"dateModified\":\"2023-06-02T02:13:11+00:00\",\"mainEntityOfPage\":{\"@id\":\"https:\\\/\\\/www.bbmnoticias.com\\\/labravaradiofm\\\/2023\\\/06\\\/01\\\/a-traves-de-multiples-apoyos-cumple-gobierno-de-salomon-jara-con-santos-reyes-yucuna\\\/\"},\"wordCount\":452,\"image\":{\"@id\":\"https:\\\/\\\/www.bbmnoticias.com\\\/labravaradiofm\\\/2023\\\/06\\\/01\\\/a-traves-de-multiples-apoyos-cumple-gobierno-de-salomon-jara-con-santos-reyes-yucuna\\\/#primaryimage\"},\"thumbnailUrl\":\"https:\\\/\\\/www.bbmnoticias.com\\\/labravaradiofm\\\/wp-content\\\/uploads\\\/sites\\\/5\\\/2023\\\/06\\\/apoyos_sjc.jpg\",\"articleSection\":[\"LOCAL\"],\"inLanguage\":\"es\"},{\"@type\":\"WebPage\",\"@id\":\"https:\\\/\\\/www.bbmnoticias.com\\\/labravaradiofm\\\/2023\\\/06\\\/01\\\/a-traves-de-multiples-apoyos-cumple-gobierno-de-salomon-jara-con-santos-reyes-yucuna\\\/\",\"url\":\"https:\\\/\\\/www.bbmnoticias.com\\\/labravaradiofm\\\/2023\\\/06\\\/01\\\/a-traves-de-multiples-apoyos-cumple-gobierno-de-salomon-jara-con-santos-reyes-yucuna\\\/\",\"name\":\"A trav\u00e9s de m\u00faltiples apoyos, cumple Gobierno de Salom\u00f3n Jara con Santos Reyes Yucun\u00e1 - LA BRAVA RADIO\",\"isPartOf\":{\"@id\":\"https:\\\/\\\/www.bbmnoticias.com\\\/labravaradiofm\\\/#website\"},\"primaryImageOfPage\":{\"@id\":\"https:\\\/\\\/www.bbmnoticias.com\\\/labravaradiofm\\\/2023\\\/06\\\/01\\\/a-traves-de-multiples-apoyos-cumple-gobierno-de-salomon-jara-con-santos-reyes-yucuna\\\/#primaryimage\"},\"image\":{\"@id\":\"https:\\\/\\\/www.bbmnoticias.com\\\/labravaradiofm\\\/2023\\\/06\\\/01\\\/a-traves-de-multiples-apoyos-cumple-gobierno-de-salomon-jara-con-santos-reyes-yucuna\\\/#primaryimage\"},\"thumbnailUrl\":\"https:\\\/\\\/www.bbmnoticias.com\\\/labravaradiofm\\\/wp-content\\\/uploads\\\/sites\\\/5\\\/2023\\\/06\\\/apoyos_sjc.jpg\",\"datePublished\":\"2023-06-02T02:13:10+00:00\",\"dateModified\":\"2023-06-02T02:13:11+00:00\",\"author\":{\"@id\":\"https:\\\/\\\/www.bbmnoticias.com\\\/labravaradiofm\\\/#\\\/schema\\\/person\\\/34b139c617a70ea5bef5678bffe4dd7b\"},\"breadcrumb\":{\"@id\":\"https:\\\/\\\/www.bbmnoticias.com\\\/labravaradiofm\\\/2023\\\/06\\\/01\\\/a-traves-de-multiples-apoyos-cumple-gobierno-de-salomon-jara-con-santos-reyes-yucuna\\\/#breadcrumb\"},\"inLanguage\":\"es\",\"potentialAction\":[{\"@type\":\"ReadAction\",\"target\":[\"https:\\\/\\\/www.bbmnoticias.com\\\/labravaradiofm\\\/2023\\\/06\\\/01\\\/a-traves-de-multiples-apoyos-cumple-gobierno-de-salomon-jara-con-santos-reyes-yucuna\\\/\"]}]},{\"@type\":\"ImageObject\",\"inLanguage\":\"es\",\"@id\":\"https:\\\/\\\/www.bbmnoticias.com\\\/labravaradiofm\\\/2023\\\/06\\\/01\\\/a-traves-de-multiples-apoyos-cumple-gobierno-de-salomon-jara-con-santos-reyes-yucuna\\\/#primaryimage\",\"url\":\"https:\\\/\\\/www.bbmnoticias.com\\\/labravaradiofm\\\/wp-content\\\/uploads\\\/sites\\\/5\\\/2023\\\/06\\\/apoyos_sjc.jpg\",\"contentUrl\":\"https:\\\/\\\/www.bbmnoticias.com\\\/labravaradiofm\\\/wp-content\\\/uploads\\\/sites\\\/5\\\/2023\\\/06\\\/apoyos_sjc.jpg\",\"width\":1200,\"height\":800},{\"@type\":\"BreadcrumbList\",\"@id\":\"https:\\\/\\\/www.bbmnoticias.com\\\/labravaradiofm\\\/2023\\\/06\\\/01\\\/a-traves-de-multiples-apoyos-cumple-gobierno-de-salomon-jara-con-santos-reyes-yucuna\\\/#breadcrumb\",\"itemListElement\":[{\"@type\":\"ListItem\",\"position\":1,\"name\":\"Inicio\",\"item\":\"https:\\\/\\\/www.bbmnoticias.com\\\/labravaradiofm\\\/\"},{\"@type\":\"ListItem\",\"position\":2,\"name\":\"A trav\u00e9s de m\u00faltiples apoyos, cumple Gobierno de Salom\u00f3n Jara con Santos Reyes Yucun\u00e1\"}]},{\"@type\":\"WebSite\",\"@id\":\"https:\\\/\\\/www.bbmnoticias.com\\\/labravaradiofm\\\/#website\",\"url\":\"https:\\\/\\\/www.bbmnoticias.com\\\/labravaradiofm\\\/\",\"name\":\"LA BRAVA RADIO\",\"description\":\"Empresa productora de medios, Radiodifusi\u00f3n, Noticias, tendencias y todo lo que necesitas saber de la pol\u00edtica mexicana e internacional; entretenimiento, espect\u00e1culos, salud y mucho m\u00e1s.\",\"potentialAction\":[{\"@type\":\"SearchAction\",\"target\":{\"@type\":\"EntryPoint\",\"urlTemplate\":\"https:\\\/\\\/www.bbmnoticias.com\\\/labravaradiofm\\\/?s={search_term_string}\"},\"query-input\":{\"@type\":\"PropertyValueSpecification\",\"valueRequired\":true,\"valueName\":\"search_term_string\"}}],\"inLanguage\":\"es\"},{\"@type\":\"Person\",\"@id\":\"https:\\\/\\\/www.bbmnoticias.com\\\/labravaradiofm\\\/#\\\/schema\\\/person\\\/34b139c617a70ea5bef5678bffe4dd7b\",\"name\":\"Staff\",\"image\":{\"@type\":\"ImageObject\",\"inLanguage\":\"es\",\"@id\":\"https:\\\/\\\/secure.gravatar.com\\\/avatar\\\/fdd21ad66fd8b98c407f9dee5b5e588cfe7f0d8579ec20fa6527cd59bab7f0f0?s=96&d=mm&r=g\",\"url\":\"https:\\\/\\\/secure.gravatar.com\\\/avatar\\\/fdd21ad66fd8b98c407f9dee5b5e588cfe7f0d8579ec20fa6527cd59bab7f0f0?s=96&d=mm&r=g\",\"contentUrl\":\"https:\\\/\\\/secure.gravatar.com\\\/avatar\\\/fdd21ad66fd8b98c407f9dee5b5e588cfe7f0d8579ec20fa6527cd59bab7f0f0?s=96&d=mm&r=g\",\"caption\":\"Staff\"},\"url\":\"https:\\\/\\\/www.bbmnoticias.com\\\/labravaradiofm\\\/author\\\/redaccion\\\/\"}]}<\/script>\n<!-- \/ Yoast SEO plugin. -->","yoast_head_json":{"title":"A trav\u00e9s de m\u00faltiples apoyos, cumple Gobierno de Salom\u00f3n Jara con Santos Reyes Yucun\u00e1 - LA BRAVA RADIO","robots":{"index":"index","follow":"follow","max-snippet":"max-snippet:-1","max-image-preview":"max-image-preview:large","max-video-preview":"max-video-preview:-1"},"canonical":"https:\/\/www.bbmnoticias.com\/labravaradiofm\/2023\/06\/01\/a-traves-de-multiples-apoyos-cumple-gobierno-de-salomon-jara-con-santos-reyes-yucuna\/","og_locale":"es_MX","og_type":"article","og_title":"A trav\u00e9s de m\u00faltiples apoyos, cumple Gobierno de Salom\u00f3n Jara con Santos Reyes Yucun\u00e1 - LA BRAVA RADIO","og_description":"Santos Reyes Yucun\u00e1, Oax. A trav\u00e9s de apoyos que ascienden a una inversi\u00f3n cercana a los cinco millones de pesos, el Gobernador Salom\u00f3n Jara Cruz patent\u00f3 su compromiso con habitantes de esta localidad de la regi\u00f3n Mixteca, para impulsar su desarrollo como parte de la estrategia de Atenci\u00f3n a Municipios Territorios Bienestar, la cual est\u00e1 [&hellip;]","og_url":"https:\/\/www.bbmnoticias.com\/labravaradiofm\/2023\/06\/01\/a-traves-de-multiples-apoyos-cumple-gobierno-de-salomon-jara-con-santos-reyes-yucuna\/","og_site_name":"LA BRAVA RADIO","article_published_time":"2023-06-02T02:13:10+00:00","article_modified_time":"2023-06-02T02:13:11+00:00","og_image":[{"width":1200,"height":800,"url":"https:\/\/www.bbmnoticias.com\/labravaradiofm\/wp-content\/uploads\/sites\/5\/2023\/06\/apoyos_sjc.jpg","type":"image\/jpeg"}],"author":"Staff","twitter_card":"summary_large_image","twitter_misc":{"Escrito por":"Staff","Tiempo de lectura":"2 minutos"},"schema":{"@context":"https:\/\/schema.org","@graph":[{"@type":"Article","@id":"https:\/\/www.bbmnoticias.com\/labravaradiofm\/2023\/06\/01\/a-traves-de-multiples-apoyos-cumple-gobierno-de-salomon-jara-con-santos-reyes-yucuna\/#article","isPartOf":{"@id":"https:\/\/www.bbmnoticias.com\/labravaradiofm\/2023\/06\/01\/a-traves-de-multiples-apoyos-cumple-gobierno-de-salomon-jara-con-santos-reyes-yucuna\/"},"author":{"name":"Staff","@id":"https:\/\/www.bbmnoticias.com\/labravaradiofm\/#\/schema\/person\/34b139c617a70ea5bef5678bffe4dd7b"},"headline":"A trav\u00e9s de m\u00faltiples apoyos, cumple Gobierno de Salom\u00f3n Jara con Santos Reyes Yucun\u00e1","datePublished":"2023-06-02T02:13:10+00:00","dateModified":"2023-06-02T02:13:11+00:00","mainEntityOfPage":{"@id":"https:\/\/www.bbmnoticias.com\/labravaradiofm\/2023\/06\/01\/a-traves-de-multiples-apoyos-cumple-gobierno-de-salomon-jara-con-santos-reyes-yucuna\/"},"wordCount":452,"image":{"@id":"https:\/\/www.bbmnoticias.com\/labravaradiofm\/2023\/06\/01\/a-traves-de-multiples-apoyos-cumple-gobierno-de-salomon-jara-con-santos-reyes-yucuna\/#primaryimage"},"thumbnailUrl":"https:\/\/www.bbmnoticias.com\/labravaradiofm\/wp-content\/uploads\/sites\/5\/2023\/06\/apoyos_sjc.jpg","articleSection":["LOCAL"],"inLanguage":"es"},{"@type":"WebPage","@id":"https:\/\/www.bbmnoticias.com\/labravaradiofm\/2023\/06\/01\/a-traves-de-multiples-apoyos-cumple-gobierno-de-salomon-jara-con-santos-reyes-yucuna\/","url":"https:\/\/www.bbmnoticias.com\/labravaradiofm\/2023\/06\/01\/a-traves-de-multiples-apoyos-cumple-gobierno-de-salomon-jara-con-santos-reyes-yucuna\/","name":"A trav\u00e9s de m\u00faltiples apoyos, cumple Gobierno de Salom\u00f3n Jara con Santos Reyes Yucun\u00e1 - LA BRAVA RADIO","isPartOf":{"@id":"https:\/\/www.bbmnoticias.com\/labravaradiofm\/#website"},"primaryImageOfPage":{"@id":"https:\/\/www.bbmnoticias.com\/labravaradiofm\/2023\/06\/01\/a-traves-de-multiples-apoyos-cumple-gobierno-de-salomon-jara-con-santos-reyes-yucuna\/#primaryimage"},"image":{"@id":"https:\/\/www.bbmnoticias.com\/labravaradiofm\/2023\/06\/01\/a-traves-de-multiples-apoyos-cumple-gobierno-de-salomon-jara-con-santos-reyes-yucuna\/#primaryimage"},"thumbnailUrl":"https:\/\/www.bbmnoticias.com\/labravaradiofm\/wp-content\/uploads\/sites\/5\/2023\/06\/apoyos_sjc.jpg","datePublished":"2023-06-02T02:13:10+00:00","dateModified":"2023-06-02T02:13:11+00:00","author":{"@id":"https:\/\/www.bbmnoticias.com\/labravaradiofm\/#\/schema\/person\/34b139c617a70ea5bef5678bffe4dd7b"},"breadcrumb":{"@id":"https:\/\/www.bbmnoticias.com\/labravaradiofm\/2023\/06\/01\/a-traves-de-multiples-apoyos-cumple-gobierno-de-salomon-jara-con-santos-reyes-yucuna\/#breadcrumb"},"inLanguage":"es","potentialAction":[{"@type":"ReadAction","target":["https:\/\/www.bbmnoticias.com\/labravaradiofm\/2023\/06\/01\/a-traves-de-multiples-apoyos-cumple-gobierno-de-salomon-jara-con-santos-reyes-yucuna\/"]}]},{"@type":"ImageObject","inLanguage":"es","@id":"https:\/\/www.bbmnoticias.com\/labravaradiofm\/2023\/06\/01\/a-traves-de-multiples-apoyos-cumple-gobierno-de-salomon-jara-con-santos-reyes-yucuna\/#primaryimage","url":"https:\/\/www.bbmnoticias.com\/labravaradiofm\/wp-content\/uploads\/sites\/5\/2023\/06\/apoyos_sjc.jpg","contentUrl":"https:\/\/www.bbmnoticias.com\/labravaradiofm\/wp-content\/uploads\/sites\/5\/2023\/06\/apoyos_sjc.jpg","width":1200,"height":800},{"@type":"BreadcrumbList","@id":"https:\/\/www.bbmnoticias.com\/labravaradiofm\/2023\/06\/01\/a-traves-de-multiples-apoyos-cumple-gobierno-de-salomon-jara-con-santos-reyes-yucuna\/#breadcrumb","itemListElement":[{"@type":"ListItem","position":1,"name":"Inicio","item":"https:\/\/www.bbmnoticias.com\/labravaradiofm\/"},{"@type":"ListItem","position":2,"name":"A trav\u00e9s de m\u00faltiples apoyos, cumple Gobierno de Salom\u00f3n Jara con Santos Reyes Yucun\u00e1"}]},{"@type":"WebSite","@id":"https:\/\/www.bbmnoticias.com\/labravaradiofm\/#website","url":"https:\/\/www.bbmnoticias.com\/labravaradiofm\/","name":"LA BRAVA RADIO","description":"Empresa productora de medios, Radiodifusi\u00f3n, Noticias, tendencias y todo lo que necesitas saber de la pol\u00edtica mexicana e internacional; entretenimiento, espect\u00e1culos, salud y mucho m\u00e1s.","potentialAction":[{"@type":"SearchAction","target":{"@type":"EntryPoint","urlTemplate":"https:\/\/www.bbmnoticias.com\/labravaradiofm\/?s={search_term_string}"},"query-input":{"@type":"PropertyValueSpecification","valueRequired":true,"valueName":"search_term_string"}}],"inLanguage":"es"},{"@type":"Person","@id":"https:\/\/www.bbmnoticias.com\/labravaradiofm\/#\/schema\/person\/34b139c617a70ea5bef5678bffe4dd7b","name":"Staff","image":{"@type":"ImageObject","inLanguage":"es","@id":"https:\/\/secure.gravatar.com\/avatar\/fdd21ad66fd8b98c407f9dee5b5e588cfe7f0d8579ec20fa6527cd59bab7f0f0?s=96&d=mm&r=g","url":"https:\/\/secure.gravatar.com\/avatar\/fdd21ad66fd8b98c407f9dee5b5e588cfe7f0d8579ec20fa6527cd59bab7f0f0?s=96&d=mm&r=g","contentUrl":"https:\/\/secure.gravatar.com\/avatar\/fdd21ad66fd8b98c407f9dee5b5e588cfe7f0d8579ec20fa6527cd59bab7f0f0?s=96&d=mm&r=g","caption":"Staff"},"url":"https:\/\/www.bbmnoticias.com\/labravaradiofm\/author\/redaccion\/"}]}},"_links":{"self":[{"href":"https:\/\/www.bbmnoticias.com\/labravaradiofm\/wp-json\/wp\/v2\/posts\/27983","targetHints":{"allow":["GET"]}}],"collection":[{"href":"https:\/\/www.bbmnoticias.com\/labravaradiofm\/wp-json\/wp\/v2\/posts"}],"about":[{"href":"https:\/\/www.bbmnoticias.com\/labravaradiofm\/wp-json\/wp\/v2\/types\/post"}],"author":[{"embeddable":true,"href":"https:\/\/www.bbmnoticias.com\/labravaradiofm\/wp-json\/wp\/v2\/users\/2"}],"replies":[{"embeddable":true,"href":"https:\/\/www.bbmnoticias.com\/labravaradiofm\/wp-json\/wp\/v2\/comments?post=27983"}],"version-history":[{"count":0,"href":"https:\/\/www.bbmnoticias.com\/labravaradiofm\/wp-json\/wp\/v2\/posts\/27983\/revisions"}],"wp:featuredmedia":[{"embeddable":true,"href":"https:\/\/www.bbmnoticias.com\/labravaradiofm\/wp-json\/wp\/v2\/media\/27984"}],"wp:attachment":[{"href":"https:\/\/www.bbmnoticias.com\/labravaradiofm\/wp-json\/wp\/v2\/media?parent=27983"}],"wp:term":[{"taxonomy":"category","embeddable":true,"href":"https:\/\/www.bbmnoticias.com\/labravaradiofm\/wp-json\/wp\/v2\/categories?post=27983"},{"taxonomy":"post_tag","embeddable":true,"href":"https:\/\/www.bbmnoticias.com\/labravaradiofm\/wp-json\/wp\/v2\/tags?post=27983"}],"curies":[{"name":"wp","href":"https:\/\/api.w.org\/{rel}","templated":true}]}}