{"id":27875,"date":"2023-05-30T11:33:32","date_gmt":"2023-05-30T17:33:32","guid":{"rendered":"https:\/\/www.bbmnoticias.com\/labravaradiofm\/?p=27875"},"modified":"2023-05-30T11:33:32","modified_gmt":"2023-05-30T17:33:32","slug":"realizan-en-la-utsso-la-primera-edicion-del-innovafest-2023","status":"publish","type":"post","link":"https:\/\/www.bbmnoticias.com\/labravaradiofm\/2023\/05\/30\/realizan-en-la-utsso-la-primera-edicion-del-innovafest-2023\/","title":{"rendered":"Realizan en la UTSSO la primera edici\u00f3n del Innovafest 2023"},"content":{"rendered":"<div style=\"margin-top: 0px; margin-bottom: 0px;\" class=\"sharethis-inline-share-buttons\" ><\/div>\n<ul class=\"wp-block-list\">\n<li><em>El objetivo del evento es despertar el inter\u00e9s del estudiantado para emprender diversas ideas de negocios<\/em><\/li>\n<\/ul>\n\n\n\n<p><strong>Sola de Vega, Oax.-<\/strong> A fin de fomentar entre la comunidad estudiantil una cultura de emprendimiento a trav\u00e9s de diversas ideas de negocios se realiz\u00f3 la primera edici\u00f3n del Innovafest 2023 en las instalaciones de la Universidad Tecnol\u00f3gica de la Sierra Sur de Oaxaca (UTSSO).<\/p>\n\n\n\n<p>Para ello se programaron diversas actividades como conferencias magistrales de j\u00f3venes empresarios oaxaque\u00f1os, quienes actualmente son un referente en educaci\u00f3n financiera, de negocios y de fomento a ideas de emprendimiento.<\/p>\n\n\n\n<p>Se trata de Salvador Aguilar Hern\u00e1ndez, gerente general de Cervecer\u00eda Demiurgo, y de Misael Eduardo Quiroz Sarabio, cofundador de servicios de motomandados y del restaurant bar Saz\u00f3n del Oso, ubicados en la ciudad de Oaxaca y Sola de Vega respectivamente.<\/p>\n\n\n\n<p>Durante su participaci\u00f3n como parte de las actividades del Innovafest 2023, realizado en el marco del D\u00eda del Estudiante, ambos compartieron con la comunidad de l\u00edderes UTSSO, sus inicios, estrategias de publicidad y la experiencia que han generado a partir de los emprendimientos que han puesto en marcha en sus localidades de origen.<\/p>\n\n\n\n<p>La rectora de la Universidad, ubicada en Villa Sola de Vega, Jazm\u00edn Jeanneth Sumano Celaya asegur\u00f3 que este evento se realiz\u00f3 con el objetivo de motivar el emprendimiento entre la comunidad estudiantil, a trav\u00e9s de testimonios de j\u00f3venes que han logrado llevar sus proyectos a nivel estatal, nacional e internacional.<\/p>\n","protected":false},"excerpt":{"rendered":"<p>Sola de Vega, Oax.- A fin de fomentar entre la comunidad estudiantil una cultura de emprendimiento a trav\u00e9s de diversas ideas de negocios se realiz\u00f3 la primera edici\u00f3n del Innovafest 2023 en las instalaciones de la Universidad Tecnol\u00f3gica de la Sierra Sur de Oaxaca (UTSSO). Para ello se programaron diversas actividades como conferencias magistrales de [&hellip;]<\/p>\n","protected":false},"author":2,"featured_media":27876,"comment_status":"closed","ping_status":"closed","sticky":false,"template":"","format":"standard","meta":{"footnotes":""},"categories":[2],"tags":[],"class_list":{"0":"post-27875","1":"post","2":"type-post","3":"status-publish","4":"format-standard","5":"has-post-thumbnail","7":"category-oaxaca"},"yoast_head":"<!-- This site is optimized with the Yoast SEO plugin v27.4 - https:\/\/yoast.com\/product\/yoast-seo-wordpress\/ -->\n<title>Realizan en la UTSSO la primera edici\u00f3n del Innovafest 2023 - LA BRAVA RADIO<\/title>\n<meta name=\"robots\" content=\"index, follow, max-snippet:-1, max-image-preview:large, max-video-preview:-1\" \/>\n<link rel=\"canonical\" href=\"https:\/\/www.bbmnoticias.com\/labravaradiofm\/2023\/05\/30\/realizan-en-la-utsso-la-primera-edicion-del-innovafest-2023\/\" \/>\n<meta property=\"og:locale\" content=\"es_MX\" \/>\n<meta property=\"og:type\" content=\"article\" \/>\n<meta property=\"og:title\" content=\"Realizan en la UTSSO la primera edici\u00f3n del Innovafest 2023 - LA BRAVA RADIO\" \/>\n<meta property=\"og:description\" content=\"Sola de Vega, Oax.- A fin de fomentar entre la comunidad estudiantil una cultura de emprendimiento a trav\u00e9s de diversas ideas de negocios se realiz\u00f3 la primera edici\u00f3n del Innovafest 2023 en las instalaciones de la Universidad Tecnol\u00f3gica de la Sierra Sur de Oaxaca (UTSSO). Para ello se programaron diversas actividades como conferencias magistrales de [&hellip;]\" \/>\n<meta property=\"og:url\" content=\"https:\/\/www.bbmnoticias.com\/labravaradiofm\/2023\/05\/30\/realizan-en-la-utsso-la-primera-edicion-del-innovafest-2023\/\" \/>\n<meta property=\"og:site_name\" content=\"LA BRAVA RADIO\" \/>\n<meta property=\"article:published_time\" content=\"2023-05-30T17:33:32+00:00\" \/>\n<meta property=\"og:image\" content=\"https:\/\/www.bbmnoticias.com\/labravaradiofm\/wp-content\/uploads\/sites\/5\/2023\/05\/l30052023-1.jpg\" \/>\n\t<meta property=\"og:image:width\" content=\"720\" \/>\n\t<meta property=\"og:image:height\" content=\"480\" \/>\n\t<meta property=\"og:image:type\" content=\"image\/jpeg\" \/>\n<meta name=\"author\" content=\"Staff\" \/>\n<meta name=\"twitter:card\" content=\"summary_large_image\" \/>\n<meta name=\"twitter:label1\" content=\"Escrito por\" \/>\n\t<meta name=\"twitter:data1\" content=\"Staff\" \/>\n\t<meta name=\"twitter:label2\" content=\"Tiempo de lectura\" \/>\n\t<meta name=\"twitter:data2\" content=\"2 minutos\" \/>\n<script type=\"application\/ld+json\" class=\"yoast-schema-graph\">{\"@context\":\"https:\\\/\\\/schema.org\",\"@graph\":[{\"@type\":\"Article\",\"@id\":\"https:\\\/\\\/www.bbmnoticias.com\\\/labravaradiofm\\\/2023\\\/05\\\/30\\\/realizan-en-la-utsso-la-primera-edicion-del-innovafest-2023\\\/#article\",\"isPartOf\":{\"@id\":\"https:\\\/\\\/www.bbmnoticias.com\\\/labravaradiofm\\\/2023\\\/05\\\/30\\\/realizan-en-la-utsso-la-primera-edicion-del-innovafest-2023\\\/\"},\"author\":{\"name\":\"Staff\",\"@id\":\"https:\\\/\\\/www.bbmnoticias.com\\\/labravaradiofm\\\/#\\\/schema\\\/person\\\/34b139c617a70ea5bef5678bffe4dd7b\"},\"headline\":\"Realizan en la UTSSO la primera edici\u00f3n del Innovafest 2023\",\"datePublished\":\"2023-05-30T17:33:32+00:00\",\"mainEntityOfPage\":{\"@id\":\"https:\\\/\\\/www.bbmnoticias.com\\\/labravaradiofm\\\/2023\\\/05\\\/30\\\/realizan-en-la-utsso-la-primera-edicion-del-innovafest-2023\\\/\"},\"wordCount\":259,\"image\":{\"@id\":\"https:\\\/\\\/www.bbmnoticias.com\\\/labravaradiofm\\\/2023\\\/05\\\/30\\\/realizan-en-la-utsso-la-primera-edicion-del-innovafest-2023\\\/#primaryimage\"},\"thumbnailUrl\":\"https:\\\/\\\/www.bbmnoticias.com\\\/labravaradiofm\\\/wp-content\\\/uploads\\\/sites\\\/5\\\/2023\\\/05\\\/l30052023-1.jpg\",\"articleSection\":[\"LOCAL\"],\"inLanguage\":\"es\"},{\"@type\":\"WebPage\",\"@id\":\"https:\\\/\\\/www.bbmnoticias.com\\\/labravaradiofm\\\/2023\\\/05\\\/30\\\/realizan-en-la-utsso-la-primera-edicion-del-innovafest-2023\\\/\",\"url\":\"https:\\\/\\\/www.bbmnoticias.com\\\/labravaradiofm\\\/2023\\\/05\\\/30\\\/realizan-en-la-utsso-la-primera-edicion-del-innovafest-2023\\\/\",\"name\":\"Realizan en la UTSSO la primera edici\u00f3n del Innovafest 2023 - LA BRAVA RADIO\",\"isPartOf\":{\"@id\":\"https:\\\/\\\/www.bbmnoticias.com\\\/labravaradiofm\\\/#website\"},\"primaryImageOfPage\":{\"@id\":\"https:\\\/\\\/www.bbmnoticias.com\\\/labravaradiofm\\\/2023\\\/05\\\/30\\\/realizan-en-la-utsso-la-primera-edicion-del-innovafest-2023\\\/#primaryimage\"},\"image\":{\"@id\":\"https:\\\/\\\/www.bbmnoticias.com\\\/labravaradiofm\\\/2023\\\/05\\\/30\\\/realizan-en-la-utsso-la-primera-edicion-del-innovafest-2023\\\/#primaryimage\"},\"thumbnailUrl\":\"https:\\\/\\\/www.bbmnoticias.com\\\/labravaradiofm\\\/wp-content\\\/uploads\\\/sites\\\/5\\\/2023\\\/05\\\/l30052023-1.jpg\",\"datePublished\":\"2023-05-30T17:33:32+00:00\",\"author\":{\"@id\":\"https:\\\/\\\/www.bbmnoticias.com\\\/labravaradiofm\\\/#\\\/schema\\\/person\\\/34b139c617a70ea5bef5678bffe4dd7b\"},\"breadcrumb\":{\"@id\":\"https:\\\/\\\/www.bbmnoticias.com\\\/labravaradiofm\\\/2023\\\/05\\\/30\\\/realizan-en-la-utsso-la-primera-edicion-del-innovafest-2023\\\/#breadcrumb\"},\"inLanguage\":\"es\",\"potentialAction\":[{\"@type\":\"ReadAction\",\"target\":[\"https:\\\/\\\/www.bbmnoticias.com\\\/labravaradiofm\\\/2023\\\/05\\\/30\\\/realizan-en-la-utsso-la-primera-edicion-del-innovafest-2023\\\/\"]}]},{\"@type\":\"ImageObject\",\"inLanguage\":\"es\",\"@id\":\"https:\\\/\\\/www.bbmnoticias.com\\\/labravaradiofm\\\/2023\\\/05\\\/30\\\/realizan-en-la-utsso-la-primera-edicion-del-innovafest-2023\\\/#primaryimage\",\"url\":\"https:\\\/\\\/www.bbmnoticias.com\\\/labravaradiofm\\\/wp-content\\\/uploads\\\/sites\\\/5\\\/2023\\\/05\\\/l30052023-1.jpg\",\"contentUrl\":\"https:\\\/\\\/www.bbmnoticias.com\\\/labravaradiofm\\\/wp-content\\\/uploads\\\/sites\\\/5\\\/2023\\\/05\\\/l30052023-1.jpg\",\"width\":720,\"height\":480},{\"@type\":\"BreadcrumbList\",\"@id\":\"https:\\\/\\\/www.bbmnoticias.com\\\/labravaradiofm\\\/2023\\\/05\\\/30\\\/realizan-en-la-utsso-la-primera-edicion-del-innovafest-2023\\\/#breadcrumb\",\"itemListElement\":[{\"@type\":\"ListItem\",\"position\":1,\"name\":\"Inicio\",\"item\":\"https:\\\/\\\/www.bbmnoticias.com\\\/labravaradiofm\\\/\"},{\"@type\":\"ListItem\",\"position\":2,\"name\":\"Realizan en la UTSSO la primera edici\u00f3n del Innovafest 2023\"}]},{\"@type\":\"WebSite\",\"@id\":\"https:\\\/\\\/www.bbmnoticias.com\\\/labravaradiofm\\\/#website\",\"url\":\"https:\\\/\\\/www.bbmnoticias.com\\\/labravaradiofm\\\/\",\"name\":\"LA BRAVA RADIO\",\"description\":\"Empresa productora de medios, Radiodifusi\u00f3n, Noticias, tendencias y todo lo que necesitas saber de la pol\u00edtica mexicana e internacional; entretenimiento, espect\u00e1culos, salud y mucho m\u00e1s.\",\"potentialAction\":[{\"@type\":\"SearchAction\",\"target\":{\"@type\":\"EntryPoint\",\"urlTemplate\":\"https:\\\/\\\/www.bbmnoticias.com\\\/labravaradiofm\\\/?s={search_term_string}\"},\"query-input\":{\"@type\":\"PropertyValueSpecification\",\"valueRequired\":true,\"valueName\":\"search_term_string\"}}],\"inLanguage\":\"es\"},{\"@type\":\"Person\",\"@id\":\"https:\\\/\\\/www.bbmnoticias.com\\\/labravaradiofm\\\/#\\\/schema\\\/person\\\/34b139c617a70ea5bef5678bffe4dd7b\",\"name\":\"Staff\",\"image\":{\"@type\":\"ImageObject\",\"inLanguage\":\"es\",\"@id\":\"https:\\\/\\\/secure.gravatar.com\\\/avatar\\\/fdd21ad66fd8b98c407f9dee5b5e588cfe7f0d8579ec20fa6527cd59bab7f0f0?s=96&d=mm&r=g\",\"url\":\"https:\\\/\\\/secure.gravatar.com\\\/avatar\\\/fdd21ad66fd8b98c407f9dee5b5e588cfe7f0d8579ec20fa6527cd59bab7f0f0?s=96&d=mm&r=g\",\"contentUrl\":\"https:\\\/\\\/secure.gravatar.com\\\/avatar\\\/fdd21ad66fd8b98c407f9dee5b5e588cfe7f0d8579ec20fa6527cd59bab7f0f0?s=96&d=mm&r=g\",\"caption\":\"Staff\"},\"url\":\"https:\\\/\\\/www.bbmnoticias.com\\\/labravaradiofm\\\/author\\\/redaccion\\\/\"}]}<\/script>\n<!-- \/ Yoast SEO plugin. -->","yoast_head_json":{"title":"Realizan en la UTSSO la primera edici\u00f3n del Innovafest 2023 - LA BRAVA RADIO","robots":{"index":"index","follow":"follow","max-snippet":"max-snippet:-1","max-image-preview":"max-image-preview:large","max-video-preview":"max-video-preview:-1"},"canonical":"https:\/\/www.bbmnoticias.com\/labravaradiofm\/2023\/05\/30\/realizan-en-la-utsso-la-primera-edicion-del-innovafest-2023\/","og_locale":"es_MX","og_type":"article","og_title":"Realizan en la UTSSO la primera edici\u00f3n del Innovafest 2023 - LA BRAVA RADIO","og_description":"Sola de Vega, Oax.- A fin de fomentar entre la comunidad estudiantil una cultura de emprendimiento a trav\u00e9s de diversas ideas de negocios se realiz\u00f3 la primera edici\u00f3n del Innovafest 2023 en las instalaciones de la Universidad Tecnol\u00f3gica de la Sierra Sur de Oaxaca (UTSSO). Para ello se programaron diversas actividades como conferencias magistrales de [&hellip;]","og_url":"https:\/\/www.bbmnoticias.com\/labravaradiofm\/2023\/05\/30\/realizan-en-la-utsso-la-primera-edicion-del-innovafest-2023\/","og_site_name":"LA BRAVA RADIO","article_published_time":"2023-05-30T17:33:32+00:00","og_image":[{"width":720,"height":480,"url":"https:\/\/www.bbmnoticias.com\/labravaradiofm\/wp-content\/uploads\/sites\/5\/2023\/05\/l30052023-1.jpg","type":"image\/jpeg"}],"author":"Staff","twitter_card":"summary_large_image","twitter_misc":{"Escrito por":"Staff","Tiempo de lectura":"2 minutos"},"schema":{"@context":"https:\/\/schema.org","@graph":[{"@type":"Article","@id":"https:\/\/www.bbmnoticias.com\/labravaradiofm\/2023\/05\/30\/realizan-en-la-utsso-la-primera-edicion-del-innovafest-2023\/#article","isPartOf":{"@id":"https:\/\/www.bbmnoticias.com\/labravaradiofm\/2023\/05\/30\/realizan-en-la-utsso-la-primera-edicion-del-innovafest-2023\/"},"author":{"name":"Staff","@id":"https:\/\/www.bbmnoticias.com\/labravaradiofm\/#\/schema\/person\/34b139c617a70ea5bef5678bffe4dd7b"},"headline":"Realizan en la UTSSO la primera edici\u00f3n del Innovafest 2023","datePublished":"2023-05-30T17:33:32+00:00","mainEntityOfPage":{"@id":"https:\/\/www.bbmnoticias.com\/labravaradiofm\/2023\/05\/30\/realizan-en-la-utsso-la-primera-edicion-del-innovafest-2023\/"},"wordCount":259,"image":{"@id":"https:\/\/www.bbmnoticias.com\/labravaradiofm\/2023\/05\/30\/realizan-en-la-utsso-la-primera-edicion-del-innovafest-2023\/#primaryimage"},"thumbnailUrl":"https:\/\/www.bbmnoticias.com\/labravaradiofm\/wp-content\/uploads\/sites\/5\/2023\/05\/l30052023-1.jpg","articleSection":["LOCAL"],"inLanguage":"es"},{"@type":"WebPage","@id":"https:\/\/www.bbmnoticias.com\/labravaradiofm\/2023\/05\/30\/realizan-en-la-utsso-la-primera-edicion-del-innovafest-2023\/","url":"https:\/\/www.bbmnoticias.com\/labravaradiofm\/2023\/05\/30\/realizan-en-la-utsso-la-primera-edicion-del-innovafest-2023\/","name":"Realizan en la UTSSO la primera edici\u00f3n del Innovafest 2023 - LA BRAVA RADIO","isPartOf":{"@id":"https:\/\/www.bbmnoticias.com\/labravaradiofm\/#website"},"primaryImageOfPage":{"@id":"https:\/\/www.bbmnoticias.com\/labravaradiofm\/2023\/05\/30\/realizan-en-la-utsso-la-primera-edicion-del-innovafest-2023\/#primaryimage"},"image":{"@id":"https:\/\/www.bbmnoticias.com\/labravaradiofm\/2023\/05\/30\/realizan-en-la-utsso-la-primera-edicion-del-innovafest-2023\/#primaryimage"},"thumbnailUrl":"https:\/\/www.bbmnoticias.com\/labravaradiofm\/wp-content\/uploads\/sites\/5\/2023\/05\/l30052023-1.jpg","datePublished":"2023-05-30T17:33:32+00:00","author":{"@id":"https:\/\/www.bbmnoticias.com\/labravaradiofm\/#\/schema\/person\/34b139c617a70ea5bef5678bffe4dd7b"},"breadcrumb":{"@id":"https:\/\/www.bbmnoticias.com\/labravaradiofm\/2023\/05\/30\/realizan-en-la-utsso-la-primera-edicion-del-innovafest-2023\/#breadcrumb"},"inLanguage":"es","potentialAction":[{"@type":"ReadAction","target":["https:\/\/www.bbmnoticias.com\/labravaradiofm\/2023\/05\/30\/realizan-en-la-utsso-la-primera-edicion-del-innovafest-2023\/"]}]},{"@type":"ImageObject","inLanguage":"es","@id":"https:\/\/www.bbmnoticias.com\/labravaradiofm\/2023\/05\/30\/realizan-en-la-utsso-la-primera-edicion-del-innovafest-2023\/#primaryimage","url":"https:\/\/www.bbmnoticias.com\/labravaradiofm\/wp-content\/uploads\/sites\/5\/2023\/05\/l30052023-1.jpg","contentUrl":"https:\/\/www.bbmnoticias.com\/labravaradiofm\/wp-content\/uploads\/sites\/5\/2023\/05\/l30052023-1.jpg","width":720,"height":480},{"@type":"BreadcrumbList","@id":"https:\/\/www.bbmnoticias.com\/labravaradiofm\/2023\/05\/30\/realizan-en-la-utsso-la-primera-edicion-del-innovafest-2023\/#breadcrumb","itemListElement":[{"@type":"ListItem","position":1,"name":"Inicio","item":"https:\/\/www.bbmnoticias.com\/labravaradiofm\/"},{"@type":"ListItem","position":2,"name":"Realizan en la UTSSO la primera edici\u00f3n del Innovafest 2023"}]},{"@type":"WebSite","@id":"https:\/\/www.bbmnoticias.com\/labravaradiofm\/#website","url":"https:\/\/www.bbmnoticias.com\/labravaradiofm\/","name":"LA BRAVA RADIO","description":"Empresa productora de medios, Radiodifusi\u00f3n, Noticias, tendencias y todo lo que necesitas saber de la pol\u00edtica mexicana e internacional; entretenimiento, espect\u00e1culos, salud y mucho m\u00e1s.","potentialAction":[{"@type":"SearchAction","target":{"@type":"EntryPoint","urlTemplate":"https:\/\/www.bbmnoticias.com\/labravaradiofm\/?s={search_term_string}"},"query-input":{"@type":"PropertyValueSpecification","valueRequired":true,"valueName":"search_term_string"}}],"inLanguage":"es"},{"@type":"Person","@id":"https:\/\/www.bbmnoticias.com\/labravaradiofm\/#\/schema\/person\/34b139c617a70ea5bef5678bffe4dd7b","name":"Staff","image":{"@type":"ImageObject","inLanguage":"es","@id":"https:\/\/secure.gravatar.com\/avatar\/fdd21ad66fd8b98c407f9dee5b5e588cfe7f0d8579ec20fa6527cd59bab7f0f0?s=96&d=mm&r=g","url":"https:\/\/secure.gravatar.com\/avatar\/fdd21ad66fd8b98c407f9dee5b5e588cfe7f0d8579ec20fa6527cd59bab7f0f0?s=96&d=mm&r=g","contentUrl":"https:\/\/secure.gravatar.com\/avatar\/fdd21ad66fd8b98c407f9dee5b5e588cfe7f0d8579ec20fa6527cd59bab7f0f0?s=96&d=mm&r=g","caption":"Staff"},"url":"https:\/\/www.bbmnoticias.com\/labravaradiofm\/author\/redaccion\/"}]}},"_links":{"self":[{"href":"https:\/\/www.bbmnoticias.com\/labravaradiofm\/wp-json\/wp\/v2\/posts\/27875","targetHints":{"allow":["GET"]}}],"collection":[{"href":"https:\/\/www.bbmnoticias.com\/labravaradiofm\/wp-json\/wp\/v2\/posts"}],"about":[{"href":"https:\/\/www.bbmnoticias.com\/labravaradiofm\/wp-json\/wp\/v2\/types\/post"}],"author":[{"embeddable":true,"href":"https:\/\/www.bbmnoticias.com\/labravaradiofm\/wp-json\/wp\/v2\/users\/2"}],"replies":[{"embeddable":true,"href":"https:\/\/www.bbmnoticias.com\/labravaradiofm\/wp-json\/wp\/v2\/comments?post=27875"}],"version-history":[{"count":0,"href":"https:\/\/www.bbmnoticias.com\/labravaradiofm\/wp-json\/wp\/v2\/posts\/27875\/revisions"}],"wp:featuredmedia":[{"embeddable":true,"href":"https:\/\/www.bbmnoticias.com\/labravaradiofm\/wp-json\/wp\/v2\/media\/27876"}],"wp:attachment":[{"href":"https:\/\/www.bbmnoticias.com\/labravaradiofm\/wp-json\/wp\/v2\/media?parent=27875"}],"wp:term":[{"taxonomy":"category","embeddable":true,"href":"https:\/\/www.bbmnoticias.com\/labravaradiofm\/wp-json\/wp\/v2\/categories?post=27875"},{"taxonomy":"post_tag","embeddable":true,"href":"https:\/\/www.bbmnoticias.com\/labravaradiofm\/wp-json\/wp\/v2\/tags?post=27875"}],"curies":[{"name":"wp","href":"https:\/\/api.w.org\/{rel}","templated":true}]}}