{"id":27869,"date":"2023-05-30T10:05:01","date_gmt":"2023-05-30T16:05:01","guid":{"rendered":"https:\/\/www.bbmnoticias.com\/labravaradiofm\/?p=27869"},"modified":"2023-05-30T10:05:02","modified_gmt":"2023-05-30T16:05:02","slug":"el-31-de-mayo-cierra-convocatoria-de-la-tarjeta-margarita-maza-informa-sebienti","status":"publish","type":"post","link":"https:\/\/www.bbmnoticias.com\/labravaradiofm\/2023\/05\/30\/el-31-de-mayo-cierra-convocatoria-de-la-tarjeta-margarita-maza-informa-sebienti\/","title":{"rendered":"El 31 de mayo cierra convocatoria de la Tarjeta Margarita Maza, informa Sebienti"},"content":{"rendered":"<div style=\"margin-top: 0px; margin-bottom: 0px;\" class=\"sharethis-inline-share-buttons\" ><\/div>\n<ul class=\"wp-block-list\">\n<li><em>Las interesadas deber\u00e1n acudir personalmente a los M\u00f3dulos Regionales Bienestar m\u00e1s cercano a su comunidad<\/em><\/li>\n<\/ul>\n\n\n\n<p><strong>Oaxaca de Ju\u00e1rez, Oax. 30 de mayo de 2023.-<\/strong> La Secretar\u00eda de Bienestar, Tequio e Inclusi\u00f3n (Sebienti) dio a conocer que este mi\u00e9rcoles 31 de mayo se cierra la convocatoria para que las jefas de familias en condici\u00f3n de extrema pobreza soliciten ser beneficiadas con la Tarjeta Margarita Maza y puedan recibir un apoyo econ\u00f3mico bimestral que les permita adquirir los productos de la canasta b\u00e1sica.<\/p>\n\n\n\n<p>Lo anterior, como parte del firme compromiso de la administraci\u00f3n que encabeza el Gobernador Salom\u00f3n Jara Cruz, que tiene como prop\u00f3sito reparar la deuda hist\u00f3rica con las mujeres jefas de familia en situaci\u00f3n de pobreza extrema y contribuir en el bienestar de sus familias.<\/p>\n\n\n\n<p>En este sentido, la titular de la Sebienti Laura Estrada Mauro inform\u00f3 que las interesadas deber\u00e1n acudir personalmente a alguno de los M\u00f3dulos Regionales Bienestar m\u00e1s cercano a su comunidad y presentar personalmente sus documentos en copia y original para su cotejo en un horario de 9:00 a 15:00 horas, as\u00ed como rellenar el formato de solicitud de ingreso que ser\u00e1 proporcionado al momento del registro.<\/p>\n\n\n\n<p>\u201cLa Tarjeta Margarita Maza es un programa del Gobierno del Estado que coordina la Secretar\u00eda de Bienestar, Tequio e Inclusi\u00f3n, la cual se solicita de manera directa, no requiere intermediarios y es totalmente gratuita\u201d, sostuvo.<\/p>\n\n\n\n<p>Especific\u00f3 que las caracter\u00edsticas que deben cumplir las jefas de familia para recibir el apoyo econ\u00f3mico de dos mil pesos bimestrales, son tener entre los 18 y 64 a\u00f1os de edad; habitar en el estado de Oaxaca y ser jefa de familia que tenga bajo su custodia o resguardo a hijas, hijos menores de 18 a\u00f1os de edad; infancias v\u00edctimas indirectas de feminicidio, personas con discapacidad o enfermedad cr\u00f3nico degenerativa.<\/p>\n\n\n\n<p>Agreg\u00f3 que los requisitos que deben cumplir son el formato de solicitud de ingreso al Programa debidamente requisitado, identificaci\u00f3n oficial vigente, acta de nacimiento de la Jefa de Familia, Clave \u00danica de Registro de Poblaci\u00f3n (CURP) de la solicitante, comprobante de domicilio reciente y\/o constancia de origen y vecindad expedida por la autoridad municipal, as\u00ed como acta de nacimiento de las y los dependientes.<\/p>\n\n\n\n<p>Para mayores informes tambi\u00e9n pueden comunicarse a los siguientes tel\u00e9fonos: 951 517 65 02 y 951 501 50 00 Ext. 12893, o bien visitar la p\u00e1gina oficial <a href=\"https:\/\/l.facebook.com\/l.php?u=https%3A%2F%2Fwww.oaxaca.gob.mx%2Fsebienti%2Ftarjeta-margarita-maza%2F%3Ffbclid%3DIwAR0yKkOp1lPAfaEEXL4F-duNaBCaTxvVqpjPa3YTsgcITeRaKWAmlbLrwGU&amp;h=AT15HUCYcQPuxgP7gSUO9eJ1WrcyJe8lzpEsR3bHvwoLwOp6YkPfBrx2Kab8XuLlgzUafRsJFAMvPiZtSzIxXK5H0wsCsq1B2yAo-8eMD79hF9U1rHjZp2deRLqMnWsqJ0tED2NyEg&amp;__tn__=-UK-R&amp;c%5b0%5d=AT1_vbhjtIjT5ZwiT9e9c7h3COxKrVDnbjeeqnpnQBtNycQczgc53-DOeMs39IieE0MezMrwUBxvh6uadQHnCS2jtbj4Zh3xLqCAstyCKvvE5UfsRdyz653btBZMIv_duYoZQDrTqMUz6XkeSyI6EZRMiifUZXddJirgMoy1ylCr7oLsTlcD5tMuGkWm1c7_QmBfXwKaKAfK\" target=\"_blank\" rel=\"noreferrer noopener\">https:\/\/www.oaxaca.gob.mx\/sebienti\/tarjeta-margarita-maza\/<\/a>.<\/p>\n","protected":false},"excerpt":{"rendered":"<p>Oaxaca de Ju\u00e1rez, Oax. 30 de mayo de 2023.- La Secretar\u00eda de Bienestar, Tequio e Inclusi\u00f3n (Sebienti) dio a conocer que este mi\u00e9rcoles 31 de mayo se cierra la convocatoria para que las jefas de familias en condici\u00f3n de extrema pobreza soliciten ser beneficiadas con la Tarjeta Margarita Maza y puedan recibir un apoyo econ\u00f3mico [&hellip;]<\/p>\n","protected":false},"author":2,"featured_media":27870,"comment_status":"closed","ping_status":"closed","sticky":false,"template":"","format":"standard","meta":{"footnotes":""},"categories":[2],"tags":[],"class_list":{"0":"post-27869","1":"post","2":"type-post","3":"status-publish","4":"format-standard","5":"has-post-thumbnail","7":"category-oaxaca"},"yoast_head":"<!-- This site is optimized with the Yoast SEO plugin v27.4 - https:\/\/yoast.com\/product\/yoast-seo-wordpress\/ -->\n<title>El 31 de mayo cierra convocatoria de la Tarjeta Margarita Maza, informa Sebienti - LA BRAVA RADIO<\/title>\n<meta name=\"robots\" content=\"index, follow, max-snippet:-1, max-image-preview:large, max-video-preview:-1\" \/>\n<link rel=\"canonical\" href=\"https:\/\/www.bbmnoticias.com\/labravaradiofm\/2023\/05\/30\/el-31-de-mayo-cierra-convocatoria-de-la-tarjeta-margarita-maza-informa-sebienti\/\" \/>\n<meta property=\"og:locale\" content=\"es_MX\" \/>\n<meta property=\"og:type\" content=\"article\" \/>\n<meta property=\"og:title\" content=\"El 31 de mayo cierra convocatoria de la Tarjeta Margarita Maza, informa Sebienti - LA BRAVA RADIO\" \/>\n<meta property=\"og:description\" content=\"Oaxaca de Ju\u00e1rez, Oax. 30 de mayo de 2023.- La Secretar\u00eda de Bienestar, Tequio e Inclusi\u00f3n (Sebienti) dio a conocer que este mi\u00e9rcoles 31 de mayo se cierra la convocatoria para que las jefas de familias en condici\u00f3n de extrema pobreza soliciten ser beneficiadas con la Tarjeta Margarita Maza y puedan recibir un apoyo econ\u00f3mico [&hellip;]\" \/>\n<meta property=\"og:url\" content=\"https:\/\/www.bbmnoticias.com\/labravaradiofm\/2023\/05\/30\/el-31-de-mayo-cierra-convocatoria-de-la-tarjeta-margarita-maza-informa-sebienti\/\" \/>\n<meta property=\"og:site_name\" content=\"LA BRAVA RADIO\" \/>\n<meta property=\"article:published_time\" content=\"2023-05-30T16:05:01+00:00\" \/>\n<meta property=\"article:modified_time\" content=\"2023-05-30T16:05:02+00:00\" \/>\n<meta property=\"og:image\" content=\"https:\/\/www.bbmnoticias.com\/labravaradiofm\/wp-content\/uploads\/sites\/5\/2023\/05\/tarjeta_margarita.jpeg\" \/>\n\t<meta property=\"og:image:width\" content=\"1280\" \/>\n\t<meta property=\"og:image:height\" content=\"960\" \/>\n\t<meta property=\"og:image:type\" content=\"image\/jpeg\" \/>\n<meta name=\"author\" content=\"Staff\" \/>\n<meta name=\"twitter:card\" content=\"summary_large_image\" \/>\n<meta name=\"twitter:label1\" content=\"Escrito por\" \/>\n\t<meta name=\"twitter:data1\" content=\"Staff\" \/>\n\t<meta name=\"twitter:label2\" content=\"Tiempo de lectura\" \/>\n\t<meta name=\"twitter:data2\" content=\"2 minutos\" \/>\n<script type=\"application\/ld+json\" class=\"yoast-schema-graph\">{\"@context\":\"https:\\\/\\\/schema.org\",\"@graph\":[{\"@type\":\"Article\",\"@id\":\"https:\\\/\\\/www.bbmnoticias.com\\\/labravaradiofm\\\/2023\\\/05\\\/30\\\/el-31-de-mayo-cierra-convocatoria-de-la-tarjeta-margarita-maza-informa-sebienti\\\/#article\",\"isPartOf\":{\"@id\":\"https:\\\/\\\/www.bbmnoticias.com\\\/labravaradiofm\\\/2023\\\/05\\\/30\\\/el-31-de-mayo-cierra-convocatoria-de-la-tarjeta-margarita-maza-informa-sebienti\\\/\"},\"author\":{\"name\":\"Staff\",\"@id\":\"https:\\\/\\\/www.bbmnoticias.com\\\/labravaradiofm\\\/#\\\/schema\\\/person\\\/34b139c617a70ea5bef5678bffe4dd7b\"},\"headline\":\"El 31 de mayo cierra convocatoria de la Tarjeta Margarita Maza, informa Sebienti\",\"datePublished\":\"2023-05-30T16:05:01+00:00\",\"dateModified\":\"2023-05-30T16:05:02+00:00\",\"mainEntityOfPage\":{\"@id\":\"https:\\\/\\\/www.bbmnoticias.com\\\/labravaradiofm\\\/2023\\\/05\\\/30\\\/el-31-de-mayo-cierra-convocatoria-de-la-tarjeta-margarita-maza-informa-sebienti\\\/\"},\"wordCount\":422,\"image\":{\"@id\":\"https:\\\/\\\/www.bbmnoticias.com\\\/labravaradiofm\\\/2023\\\/05\\\/30\\\/el-31-de-mayo-cierra-convocatoria-de-la-tarjeta-margarita-maza-informa-sebienti\\\/#primaryimage\"},\"thumbnailUrl\":\"https:\\\/\\\/www.bbmnoticias.com\\\/labravaradiofm\\\/wp-content\\\/uploads\\\/sites\\\/5\\\/2023\\\/05\\\/tarjeta_margarita.jpeg\",\"articleSection\":[\"LOCAL\"],\"inLanguage\":\"es\"},{\"@type\":\"WebPage\",\"@id\":\"https:\\\/\\\/www.bbmnoticias.com\\\/labravaradiofm\\\/2023\\\/05\\\/30\\\/el-31-de-mayo-cierra-convocatoria-de-la-tarjeta-margarita-maza-informa-sebienti\\\/\",\"url\":\"https:\\\/\\\/www.bbmnoticias.com\\\/labravaradiofm\\\/2023\\\/05\\\/30\\\/el-31-de-mayo-cierra-convocatoria-de-la-tarjeta-margarita-maza-informa-sebienti\\\/\",\"name\":\"El 31 de mayo cierra convocatoria de la Tarjeta Margarita Maza, informa Sebienti - LA BRAVA RADIO\",\"isPartOf\":{\"@id\":\"https:\\\/\\\/www.bbmnoticias.com\\\/labravaradiofm\\\/#website\"},\"primaryImageOfPage\":{\"@id\":\"https:\\\/\\\/www.bbmnoticias.com\\\/labravaradiofm\\\/2023\\\/05\\\/30\\\/el-31-de-mayo-cierra-convocatoria-de-la-tarjeta-margarita-maza-informa-sebienti\\\/#primaryimage\"},\"image\":{\"@id\":\"https:\\\/\\\/www.bbmnoticias.com\\\/labravaradiofm\\\/2023\\\/05\\\/30\\\/el-31-de-mayo-cierra-convocatoria-de-la-tarjeta-margarita-maza-informa-sebienti\\\/#primaryimage\"},\"thumbnailUrl\":\"https:\\\/\\\/www.bbmnoticias.com\\\/labravaradiofm\\\/wp-content\\\/uploads\\\/sites\\\/5\\\/2023\\\/05\\\/tarjeta_margarita.jpeg\",\"datePublished\":\"2023-05-30T16:05:01+00:00\",\"dateModified\":\"2023-05-30T16:05:02+00:00\",\"author\":{\"@id\":\"https:\\\/\\\/www.bbmnoticias.com\\\/labravaradiofm\\\/#\\\/schema\\\/person\\\/34b139c617a70ea5bef5678bffe4dd7b\"},\"breadcrumb\":{\"@id\":\"https:\\\/\\\/www.bbmnoticias.com\\\/labravaradiofm\\\/2023\\\/05\\\/30\\\/el-31-de-mayo-cierra-convocatoria-de-la-tarjeta-margarita-maza-informa-sebienti\\\/#breadcrumb\"},\"inLanguage\":\"es\",\"potentialAction\":[{\"@type\":\"ReadAction\",\"target\":[\"https:\\\/\\\/www.bbmnoticias.com\\\/labravaradiofm\\\/2023\\\/05\\\/30\\\/el-31-de-mayo-cierra-convocatoria-de-la-tarjeta-margarita-maza-informa-sebienti\\\/\"]}]},{\"@type\":\"ImageObject\",\"inLanguage\":\"es\",\"@id\":\"https:\\\/\\\/www.bbmnoticias.com\\\/labravaradiofm\\\/2023\\\/05\\\/30\\\/el-31-de-mayo-cierra-convocatoria-de-la-tarjeta-margarita-maza-informa-sebienti\\\/#primaryimage\",\"url\":\"https:\\\/\\\/www.bbmnoticias.com\\\/labravaradiofm\\\/wp-content\\\/uploads\\\/sites\\\/5\\\/2023\\\/05\\\/tarjeta_margarita.jpeg\",\"contentUrl\":\"https:\\\/\\\/www.bbmnoticias.com\\\/labravaradiofm\\\/wp-content\\\/uploads\\\/sites\\\/5\\\/2023\\\/05\\\/tarjeta_margarita.jpeg\",\"width\":1280,\"height\":960},{\"@type\":\"BreadcrumbList\",\"@id\":\"https:\\\/\\\/www.bbmnoticias.com\\\/labravaradiofm\\\/2023\\\/05\\\/30\\\/el-31-de-mayo-cierra-convocatoria-de-la-tarjeta-margarita-maza-informa-sebienti\\\/#breadcrumb\",\"itemListElement\":[{\"@type\":\"ListItem\",\"position\":1,\"name\":\"Inicio\",\"item\":\"https:\\\/\\\/www.bbmnoticias.com\\\/labravaradiofm\\\/\"},{\"@type\":\"ListItem\",\"position\":2,\"name\":\"El 31 de mayo cierra convocatoria de la Tarjeta Margarita Maza, informa Sebienti\"}]},{\"@type\":\"WebSite\",\"@id\":\"https:\\\/\\\/www.bbmnoticias.com\\\/labravaradiofm\\\/#website\",\"url\":\"https:\\\/\\\/www.bbmnoticias.com\\\/labravaradiofm\\\/\",\"name\":\"LA BRAVA RADIO\",\"description\":\"Empresa productora de medios, Radiodifusi\u00f3n, Noticias, tendencias y todo lo que necesitas saber de la pol\u00edtica mexicana e internacional; entretenimiento, espect\u00e1culos, salud y mucho m\u00e1s.\",\"potentialAction\":[{\"@type\":\"SearchAction\",\"target\":{\"@type\":\"EntryPoint\",\"urlTemplate\":\"https:\\\/\\\/www.bbmnoticias.com\\\/labravaradiofm\\\/?s={search_term_string}\"},\"query-input\":{\"@type\":\"PropertyValueSpecification\",\"valueRequired\":true,\"valueName\":\"search_term_string\"}}],\"inLanguage\":\"es\"},{\"@type\":\"Person\",\"@id\":\"https:\\\/\\\/www.bbmnoticias.com\\\/labravaradiofm\\\/#\\\/schema\\\/person\\\/34b139c617a70ea5bef5678bffe4dd7b\",\"name\":\"Staff\",\"image\":{\"@type\":\"ImageObject\",\"inLanguage\":\"es\",\"@id\":\"https:\\\/\\\/secure.gravatar.com\\\/avatar\\\/fdd21ad66fd8b98c407f9dee5b5e588cfe7f0d8579ec20fa6527cd59bab7f0f0?s=96&d=mm&r=g\",\"url\":\"https:\\\/\\\/secure.gravatar.com\\\/avatar\\\/fdd21ad66fd8b98c407f9dee5b5e588cfe7f0d8579ec20fa6527cd59bab7f0f0?s=96&d=mm&r=g\",\"contentUrl\":\"https:\\\/\\\/secure.gravatar.com\\\/avatar\\\/fdd21ad66fd8b98c407f9dee5b5e588cfe7f0d8579ec20fa6527cd59bab7f0f0?s=96&d=mm&r=g\",\"caption\":\"Staff\"},\"url\":\"https:\\\/\\\/www.bbmnoticias.com\\\/labravaradiofm\\\/author\\\/redaccion\\\/\"}]}<\/script>\n<!-- \/ Yoast SEO plugin. -->","yoast_head_json":{"title":"El 31 de mayo cierra convocatoria de la Tarjeta Margarita Maza, informa Sebienti - LA BRAVA RADIO","robots":{"index":"index","follow":"follow","max-snippet":"max-snippet:-1","max-image-preview":"max-image-preview:large","max-video-preview":"max-video-preview:-1"},"canonical":"https:\/\/www.bbmnoticias.com\/labravaradiofm\/2023\/05\/30\/el-31-de-mayo-cierra-convocatoria-de-la-tarjeta-margarita-maza-informa-sebienti\/","og_locale":"es_MX","og_type":"article","og_title":"El 31 de mayo cierra convocatoria de la Tarjeta Margarita Maza, informa Sebienti - LA BRAVA RADIO","og_description":"Oaxaca de Ju\u00e1rez, Oax. 30 de mayo de 2023.- La Secretar\u00eda de Bienestar, Tequio e Inclusi\u00f3n (Sebienti) dio a conocer que este mi\u00e9rcoles 31 de mayo se cierra la convocatoria para que las jefas de familias en condici\u00f3n de extrema pobreza soliciten ser beneficiadas con la Tarjeta Margarita Maza y puedan recibir un apoyo econ\u00f3mico [&hellip;]","og_url":"https:\/\/www.bbmnoticias.com\/labravaradiofm\/2023\/05\/30\/el-31-de-mayo-cierra-convocatoria-de-la-tarjeta-margarita-maza-informa-sebienti\/","og_site_name":"LA BRAVA RADIO","article_published_time":"2023-05-30T16:05:01+00:00","article_modified_time":"2023-05-30T16:05:02+00:00","og_image":[{"width":1280,"height":960,"url":"https:\/\/www.bbmnoticias.com\/labravaradiofm\/wp-content\/uploads\/sites\/5\/2023\/05\/tarjeta_margarita.jpeg","type":"image\/jpeg"}],"author":"Staff","twitter_card":"summary_large_image","twitter_misc":{"Escrito por":"Staff","Tiempo de lectura":"2 minutos"},"schema":{"@context":"https:\/\/schema.org","@graph":[{"@type":"Article","@id":"https:\/\/www.bbmnoticias.com\/labravaradiofm\/2023\/05\/30\/el-31-de-mayo-cierra-convocatoria-de-la-tarjeta-margarita-maza-informa-sebienti\/#article","isPartOf":{"@id":"https:\/\/www.bbmnoticias.com\/labravaradiofm\/2023\/05\/30\/el-31-de-mayo-cierra-convocatoria-de-la-tarjeta-margarita-maza-informa-sebienti\/"},"author":{"name":"Staff","@id":"https:\/\/www.bbmnoticias.com\/labravaradiofm\/#\/schema\/person\/34b139c617a70ea5bef5678bffe4dd7b"},"headline":"El 31 de mayo cierra convocatoria de la Tarjeta Margarita Maza, informa Sebienti","datePublished":"2023-05-30T16:05:01+00:00","dateModified":"2023-05-30T16:05:02+00:00","mainEntityOfPage":{"@id":"https:\/\/www.bbmnoticias.com\/labravaradiofm\/2023\/05\/30\/el-31-de-mayo-cierra-convocatoria-de-la-tarjeta-margarita-maza-informa-sebienti\/"},"wordCount":422,"image":{"@id":"https:\/\/www.bbmnoticias.com\/labravaradiofm\/2023\/05\/30\/el-31-de-mayo-cierra-convocatoria-de-la-tarjeta-margarita-maza-informa-sebienti\/#primaryimage"},"thumbnailUrl":"https:\/\/www.bbmnoticias.com\/labravaradiofm\/wp-content\/uploads\/sites\/5\/2023\/05\/tarjeta_margarita.jpeg","articleSection":["LOCAL"],"inLanguage":"es"},{"@type":"WebPage","@id":"https:\/\/www.bbmnoticias.com\/labravaradiofm\/2023\/05\/30\/el-31-de-mayo-cierra-convocatoria-de-la-tarjeta-margarita-maza-informa-sebienti\/","url":"https:\/\/www.bbmnoticias.com\/labravaradiofm\/2023\/05\/30\/el-31-de-mayo-cierra-convocatoria-de-la-tarjeta-margarita-maza-informa-sebienti\/","name":"El 31 de mayo cierra convocatoria de la Tarjeta Margarita Maza, informa Sebienti - LA BRAVA RADIO","isPartOf":{"@id":"https:\/\/www.bbmnoticias.com\/labravaradiofm\/#website"},"primaryImageOfPage":{"@id":"https:\/\/www.bbmnoticias.com\/labravaradiofm\/2023\/05\/30\/el-31-de-mayo-cierra-convocatoria-de-la-tarjeta-margarita-maza-informa-sebienti\/#primaryimage"},"image":{"@id":"https:\/\/www.bbmnoticias.com\/labravaradiofm\/2023\/05\/30\/el-31-de-mayo-cierra-convocatoria-de-la-tarjeta-margarita-maza-informa-sebienti\/#primaryimage"},"thumbnailUrl":"https:\/\/www.bbmnoticias.com\/labravaradiofm\/wp-content\/uploads\/sites\/5\/2023\/05\/tarjeta_margarita.jpeg","datePublished":"2023-05-30T16:05:01+00:00","dateModified":"2023-05-30T16:05:02+00:00","author":{"@id":"https:\/\/www.bbmnoticias.com\/labravaradiofm\/#\/schema\/person\/34b139c617a70ea5bef5678bffe4dd7b"},"breadcrumb":{"@id":"https:\/\/www.bbmnoticias.com\/labravaradiofm\/2023\/05\/30\/el-31-de-mayo-cierra-convocatoria-de-la-tarjeta-margarita-maza-informa-sebienti\/#breadcrumb"},"inLanguage":"es","potentialAction":[{"@type":"ReadAction","target":["https:\/\/www.bbmnoticias.com\/labravaradiofm\/2023\/05\/30\/el-31-de-mayo-cierra-convocatoria-de-la-tarjeta-margarita-maza-informa-sebienti\/"]}]},{"@type":"ImageObject","inLanguage":"es","@id":"https:\/\/www.bbmnoticias.com\/labravaradiofm\/2023\/05\/30\/el-31-de-mayo-cierra-convocatoria-de-la-tarjeta-margarita-maza-informa-sebienti\/#primaryimage","url":"https:\/\/www.bbmnoticias.com\/labravaradiofm\/wp-content\/uploads\/sites\/5\/2023\/05\/tarjeta_margarita.jpeg","contentUrl":"https:\/\/www.bbmnoticias.com\/labravaradiofm\/wp-content\/uploads\/sites\/5\/2023\/05\/tarjeta_margarita.jpeg","width":1280,"height":960},{"@type":"BreadcrumbList","@id":"https:\/\/www.bbmnoticias.com\/labravaradiofm\/2023\/05\/30\/el-31-de-mayo-cierra-convocatoria-de-la-tarjeta-margarita-maza-informa-sebienti\/#breadcrumb","itemListElement":[{"@type":"ListItem","position":1,"name":"Inicio","item":"https:\/\/www.bbmnoticias.com\/labravaradiofm\/"},{"@type":"ListItem","position":2,"name":"El 31 de mayo cierra convocatoria de la Tarjeta Margarita Maza, informa Sebienti"}]},{"@type":"WebSite","@id":"https:\/\/www.bbmnoticias.com\/labravaradiofm\/#website","url":"https:\/\/www.bbmnoticias.com\/labravaradiofm\/","name":"LA BRAVA RADIO","description":"Empresa productora de medios, Radiodifusi\u00f3n, Noticias, tendencias y todo lo que necesitas saber de la pol\u00edtica mexicana e internacional; entretenimiento, espect\u00e1culos, salud y mucho m\u00e1s.","potentialAction":[{"@type":"SearchAction","target":{"@type":"EntryPoint","urlTemplate":"https:\/\/www.bbmnoticias.com\/labravaradiofm\/?s={search_term_string}"},"query-input":{"@type":"PropertyValueSpecification","valueRequired":true,"valueName":"search_term_string"}}],"inLanguage":"es"},{"@type":"Person","@id":"https:\/\/www.bbmnoticias.com\/labravaradiofm\/#\/schema\/person\/34b139c617a70ea5bef5678bffe4dd7b","name":"Staff","image":{"@type":"ImageObject","inLanguage":"es","@id":"https:\/\/secure.gravatar.com\/avatar\/fdd21ad66fd8b98c407f9dee5b5e588cfe7f0d8579ec20fa6527cd59bab7f0f0?s=96&d=mm&r=g","url":"https:\/\/secure.gravatar.com\/avatar\/fdd21ad66fd8b98c407f9dee5b5e588cfe7f0d8579ec20fa6527cd59bab7f0f0?s=96&d=mm&r=g","contentUrl":"https:\/\/secure.gravatar.com\/avatar\/fdd21ad66fd8b98c407f9dee5b5e588cfe7f0d8579ec20fa6527cd59bab7f0f0?s=96&d=mm&r=g","caption":"Staff"},"url":"https:\/\/www.bbmnoticias.com\/labravaradiofm\/author\/redaccion\/"}]}},"_links":{"self":[{"href":"https:\/\/www.bbmnoticias.com\/labravaradiofm\/wp-json\/wp\/v2\/posts\/27869","targetHints":{"allow":["GET"]}}],"collection":[{"href":"https:\/\/www.bbmnoticias.com\/labravaradiofm\/wp-json\/wp\/v2\/posts"}],"about":[{"href":"https:\/\/www.bbmnoticias.com\/labravaradiofm\/wp-json\/wp\/v2\/types\/post"}],"author":[{"embeddable":true,"href":"https:\/\/www.bbmnoticias.com\/labravaradiofm\/wp-json\/wp\/v2\/users\/2"}],"replies":[{"embeddable":true,"href":"https:\/\/www.bbmnoticias.com\/labravaradiofm\/wp-json\/wp\/v2\/comments?post=27869"}],"version-history":[{"count":0,"href":"https:\/\/www.bbmnoticias.com\/labravaradiofm\/wp-json\/wp\/v2\/posts\/27869\/revisions"}],"wp:featuredmedia":[{"embeddable":true,"href":"https:\/\/www.bbmnoticias.com\/labravaradiofm\/wp-json\/wp\/v2\/media\/27870"}],"wp:attachment":[{"href":"https:\/\/www.bbmnoticias.com\/labravaradiofm\/wp-json\/wp\/v2\/media?parent=27869"}],"wp:term":[{"taxonomy":"category","embeddable":true,"href":"https:\/\/www.bbmnoticias.com\/labravaradiofm\/wp-json\/wp\/v2\/categories?post=27869"},{"taxonomy":"post_tag","embeddable":true,"href":"https:\/\/www.bbmnoticias.com\/labravaradiofm\/wp-json\/wp\/v2\/tags?post=27869"}],"curies":[{"name":"wp","href":"https:\/\/api.w.org\/{rel}","templated":true}]}}