{"id":27866,"date":"2023-05-30T09:04:11","date_gmt":"2023-05-30T15:04:11","guid":{"rendered":"https:\/\/www.bbmnoticias.com\/labravaradiofm\/?p=27866"},"modified":"2023-05-30T09:04:12","modified_gmt":"2023-05-30T15:04:12","slug":"despliega-sspc-jornada-de-prevencion-en-tlacolula-de-matamoros","status":"publish","type":"post","link":"https:\/\/www.bbmnoticias.com\/labravaradiofm\/2023\/05\/30\/despliega-sspc-jornada-de-prevencion-en-tlacolula-de-matamoros\/","title":{"rendered":"Despliega SSPC jornada de prevenci\u00f3n en Tlacolula de Matamoros"},"content":{"rendered":"<div style=\"margin-top: 0px; margin-bottom: 0px;\" class=\"sharethis-inline-share-buttons\" ><\/div>\n<ul class=\"wp-block-list\">\n<li><em>Se capacitar\u00e1n a estudiantes, autoridades municipales, polic\u00edas y poblaci\u00f3n en general en materia de prevenci\u00f3n del delito y la violencia<\/em><\/li>\n<\/ul>\n\n\n\n<p><strong>Oaxaca de Ju\u00e1rez, Oax. 30 de mayo de 2023<\/strong>.- Como parte de la Quinta Brigada de Prevenci\u00f3n para la Construcci\u00f3n de Paz, la Secretar\u00eda de Seguridad y Protecci\u00f3n Ciudadana (SSPC) despleg\u00f3 personal multidisciplinario de prevenci\u00f3n en el municipio de Tlacolula de Matamoros para prevenir la violencia e incidencia delictiva.<\/p>\n\n\n\n<p>En el teatro Celestino P\u00e9rez de esta localidad, personal de la Direcci\u00f3n General de Prevenci\u00f3n del Delito de la SSPC inform\u00f3 a autoridades y representantes de las unidades municipales de diez ayuntamientos del Valle de Tlacolula, que a trav\u00e9s de esta jornada se impartir\u00e1n charlas y capacitaciones en materia de prevenci\u00f3n de la violencia.<\/p>\n\n\n\n<p>Anunciaron que estas acciones est\u00e1n dirigidas a estudiantes de nivel inicial y b\u00e1sico, as\u00ed como a autoridades municipales, polic\u00edas y poblaci\u00f3n en general, quienes recibir\u00e1n informaci\u00f3n sobre abuso sexual infantil, acoso escolar, adicciones, violencia en el noviazgo y riesgos en el internet, entre otros.<\/p>\n\n\n\n<p>Esta jornada de prevenci\u00f3n busca beneficiar a los municipios: Rojas de Cuauht\u00e9moc, San Bartolom\u00e9 Quialana, San Francisco Lachigol\u00f3, San Lucas Quiavin\u00ed, San Pablo Villa de Mitla, Santa Ana del Valle, Santa Mar\u00eda Guelac\u00e9, Santa Mar\u00eda Zoquitl\u00e1n, Santiago Matatl\u00e1n y Tlacolula de Matamoros.<\/p>\n\n\n\n<p>Con estas acciones, la SSPC refrenda el compromiso de seguir trabajando en la construcci\u00f3n de mecanismos que fortalezcan la cultura de paz y seguridad en las familias oaxaque\u00f1as.<\/p>\n","protected":false},"excerpt":{"rendered":"<p>Oaxaca de Ju\u00e1rez, Oax. 30 de mayo de 2023.- Como parte de la Quinta Brigada de Prevenci\u00f3n para la Construcci\u00f3n de Paz, la Secretar\u00eda de Seguridad y Protecci\u00f3n Ciudadana (SSPC) despleg\u00f3 personal multidisciplinario de prevenci\u00f3n en el municipio de Tlacolula de Matamoros para prevenir la violencia e incidencia delictiva. En el teatro Celestino P\u00e9rez de [&hellip;]<\/p>\n","protected":false},"author":2,"featured_media":27867,"comment_status":"closed","ping_status":"closed","sticky":false,"template":"","format":"standard","meta":{"footnotes":""},"categories":[2],"tags":[],"class_list":{"0":"post-27866","1":"post","2":"type-post","3":"status-publish","4":"format-standard","5":"has-post-thumbnail","7":"category-oaxaca"},"yoast_head":"<!-- This site is optimized with the Yoast SEO plugin v27.4 - https:\/\/yoast.com\/product\/yoast-seo-wordpress\/ -->\n<title>Despliega SSPC jornada de prevenci\u00f3n en Tlacolula de Matamoros - LA BRAVA RADIO<\/title>\n<meta name=\"robots\" content=\"index, follow, max-snippet:-1, max-image-preview:large, max-video-preview:-1\" \/>\n<link rel=\"canonical\" href=\"https:\/\/www.bbmnoticias.com\/labravaradiofm\/2023\/05\/30\/despliega-sspc-jornada-de-prevencion-en-tlacolula-de-matamoros\/\" \/>\n<meta property=\"og:locale\" content=\"es_MX\" \/>\n<meta property=\"og:type\" content=\"article\" \/>\n<meta property=\"og:title\" content=\"Despliega SSPC jornada de prevenci\u00f3n en Tlacolula de Matamoros - LA BRAVA RADIO\" \/>\n<meta property=\"og:description\" content=\"Oaxaca de Ju\u00e1rez, Oax. 30 de mayo de 2023.- Como parte de la Quinta Brigada de Prevenci\u00f3n para la Construcci\u00f3n de Paz, la Secretar\u00eda de Seguridad y Protecci\u00f3n Ciudadana (SSPC) despleg\u00f3 personal multidisciplinario de prevenci\u00f3n en el municipio de Tlacolula de Matamoros para prevenir la violencia e incidencia delictiva. En el teatro Celestino P\u00e9rez de [&hellip;]\" \/>\n<meta property=\"og:url\" content=\"https:\/\/www.bbmnoticias.com\/labravaradiofm\/2023\/05\/30\/despliega-sspc-jornada-de-prevencion-en-tlacolula-de-matamoros\/\" \/>\n<meta property=\"og:site_name\" content=\"LA BRAVA RADIO\" \/>\n<meta property=\"article:published_time\" content=\"2023-05-30T15:04:11+00:00\" \/>\n<meta property=\"article:modified_time\" content=\"2023-05-30T15:04:12+00:00\" \/>\n<meta property=\"og:image\" content=\"https:\/\/www.bbmnoticias.com\/labravaradiofm\/wp-content\/uploads\/sites\/5\/2023\/05\/sspc_tlacolula.jpeg\" \/>\n\t<meta property=\"og:image:width\" content=\"1600\" \/>\n\t<meta property=\"og:image:height\" content=\"1201\" \/>\n\t<meta property=\"og:image:type\" content=\"image\/jpeg\" \/>\n<meta name=\"author\" content=\"Staff\" \/>\n<meta name=\"twitter:card\" content=\"summary_large_image\" \/>\n<meta name=\"twitter:label1\" content=\"Escrito por\" \/>\n\t<meta name=\"twitter:data1\" content=\"Staff\" \/>\n\t<meta name=\"twitter:label2\" content=\"Tiempo de lectura\" \/>\n\t<meta name=\"twitter:data2\" content=\"2 minutos\" \/>\n<script type=\"application\/ld+json\" class=\"yoast-schema-graph\">{\"@context\":\"https:\\\/\\\/schema.org\",\"@graph\":[{\"@type\":\"Article\",\"@id\":\"https:\\\/\\\/www.bbmnoticias.com\\\/labravaradiofm\\\/2023\\\/05\\\/30\\\/despliega-sspc-jornada-de-prevencion-en-tlacolula-de-matamoros\\\/#article\",\"isPartOf\":{\"@id\":\"https:\\\/\\\/www.bbmnoticias.com\\\/labravaradiofm\\\/2023\\\/05\\\/30\\\/despliega-sspc-jornada-de-prevencion-en-tlacolula-de-matamoros\\\/\"},\"author\":{\"name\":\"Staff\",\"@id\":\"https:\\\/\\\/www.bbmnoticias.com\\\/labravaradiofm\\\/#\\\/schema\\\/person\\\/34b139c617a70ea5bef5678bffe4dd7b\"},\"headline\":\"Despliega SSPC jornada de prevenci\u00f3n en Tlacolula de Matamoros\",\"datePublished\":\"2023-05-30T15:04:11+00:00\",\"dateModified\":\"2023-05-30T15:04:12+00:00\",\"mainEntityOfPage\":{\"@id\":\"https:\\\/\\\/www.bbmnoticias.com\\\/labravaradiofm\\\/2023\\\/05\\\/30\\\/despliega-sspc-jornada-de-prevencion-en-tlacolula-de-matamoros\\\/\"},\"wordCount\":276,\"image\":{\"@id\":\"https:\\\/\\\/www.bbmnoticias.com\\\/labravaradiofm\\\/2023\\\/05\\\/30\\\/despliega-sspc-jornada-de-prevencion-en-tlacolula-de-matamoros\\\/#primaryimage\"},\"thumbnailUrl\":\"https:\\\/\\\/www.bbmnoticias.com\\\/labravaradiofm\\\/wp-content\\\/uploads\\\/sites\\\/5\\\/2023\\\/05\\\/sspc_tlacolula.jpeg\",\"articleSection\":[\"LOCAL\"],\"inLanguage\":\"es\"},{\"@type\":\"WebPage\",\"@id\":\"https:\\\/\\\/www.bbmnoticias.com\\\/labravaradiofm\\\/2023\\\/05\\\/30\\\/despliega-sspc-jornada-de-prevencion-en-tlacolula-de-matamoros\\\/\",\"url\":\"https:\\\/\\\/www.bbmnoticias.com\\\/labravaradiofm\\\/2023\\\/05\\\/30\\\/despliega-sspc-jornada-de-prevencion-en-tlacolula-de-matamoros\\\/\",\"name\":\"Despliega SSPC jornada de prevenci\u00f3n en Tlacolula de Matamoros - LA BRAVA RADIO\",\"isPartOf\":{\"@id\":\"https:\\\/\\\/www.bbmnoticias.com\\\/labravaradiofm\\\/#website\"},\"primaryImageOfPage\":{\"@id\":\"https:\\\/\\\/www.bbmnoticias.com\\\/labravaradiofm\\\/2023\\\/05\\\/30\\\/despliega-sspc-jornada-de-prevencion-en-tlacolula-de-matamoros\\\/#primaryimage\"},\"image\":{\"@id\":\"https:\\\/\\\/www.bbmnoticias.com\\\/labravaradiofm\\\/2023\\\/05\\\/30\\\/despliega-sspc-jornada-de-prevencion-en-tlacolula-de-matamoros\\\/#primaryimage\"},\"thumbnailUrl\":\"https:\\\/\\\/www.bbmnoticias.com\\\/labravaradiofm\\\/wp-content\\\/uploads\\\/sites\\\/5\\\/2023\\\/05\\\/sspc_tlacolula.jpeg\",\"datePublished\":\"2023-05-30T15:04:11+00:00\",\"dateModified\":\"2023-05-30T15:04:12+00:00\",\"author\":{\"@id\":\"https:\\\/\\\/www.bbmnoticias.com\\\/labravaradiofm\\\/#\\\/schema\\\/person\\\/34b139c617a70ea5bef5678bffe4dd7b\"},\"breadcrumb\":{\"@id\":\"https:\\\/\\\/www.bbmnoticias.com\\\/labravaradiofm\\\/2023\\\/05\\\/30\\\/despliega-sspc-jornada-de-prevencion-en-tlacolula-de-matamoros\\\/#breadcrumb\"},\"inLanguage\":\"es\",\"potentialAction\":[{\"@type\":\"ReadAction\",\"target\":[\"https:\\\/\\\/www.bbmnoticias.com\\\/labravaradiofm\\\/2023\\\/05\\\/30\\\/despliega-sspc-jornada-de-prevencion-en-tlacolula-de-matamoros\\\/\"]}]},{\"@type\":\"ImageObject\",\"inLanguage\":\"es\",\"@id\":\"https:\\\/\\\/www.bbmnoticias.com\\\/labravaradiofm\\\/2023\\\/05\\\/30\\\/despliega-sspc-jornada-de-prevencion-en-tlacolula-de-matamoros\\\/#primaryimage\",\"url\":\"https:\\\/\\\/www.bbmnoticias.com\\\/labravaradiofm\\\/wp-content\\\/uploads\\\/sites\\\/5\\\/2023\\\/05\\\/sspc_tlacolula.jpeg\",\"contentUrl\":\"https:\\\/\\\/www.bbmnoticias.com\\\/labravaradiofm\\\/wp-content\\\/uploads\\\/sites\\\/5\\\/2023\\\/05\\\/sspc_tlacolula.jpeg\",\"width\":1600,\"height\":1201},{\"@type\":\"BreadcrumbList\",\"@id\":\"https:\\\/\\\/www.bbmnoticias.com\\\/labravaradiofm\\\/2023\\\/05\\\/30\\\/despliega-sspc-jornada-de-prevencion-en-tlacolula-de-matamoros\\\/#breadcrumb\",\"itemListElement\":[{\"@type\":\"ListItem\",\"position\":1,\"name\":\"Inicio\",\"item\":\"https:\\\/\\\/www.bbmnoticias.com\\\/labravaradiofm\\\/\"},{\"@type\":\"ListItem\",\"position\":2,\"name\":\"Despliega SSPC jornada de prevenci\u00f3n en Tlacolula de Matamoros\"}]},{\"@type\":\"WebSite\",\"@id\":\"https:\\\/\\\/www.bbmnoticias.com\\\/labravaradiofm\\\/#website\",\"url\":\"https:\\\/\\\/www.bbmnoticias.com\\\/labravaradiofm\\\/\",\"name\":\"LA BRAVA RADIO\",\"description\":\"Empresa productora de medios, Radiodifusi\u00f3n, Noticias, tendencias y todo lo que necesitas saber de la pol\u00edtica mexicana e internacional; entretenimiento, espect\u00e1culos, salud y mucho m\u00e1s.\",\"potentialAction\":[{\"@type\":\"SearchAction\",\"target\":{\"@type\":\"EntryPoint\",\"urlTemplate\":\"https:\\\/\\\/www.bbmnoticias.com\\\/labravaradiofm\\\/?s={search_term_string}\"},\"query-input\":{\"@type\":\"PropertyValueSpecification\",\"valueRequired\":true,\"valueName\":\"search_term_string\"}}],\"inLanguage\":\"es\"},{\"@type\":\"Person\",\"@id\":\"https:\\\/\\\/www.bbmnoticias.com\\\/labravaradiofm\\\/#\\\/schema\\\/person\\\/34b139c617a70ea5bef5678bffe4dd7b\",\"name\":\"Staff\",\"image\":{\"@type\":\"ImageObject\",\"inLanguage\":\"es\",\"@id\":\"https:\\\/\\\/secure.gravatar.com\\\/avatar\\\/fdd21ad66fd8b98c407f9dee5b5e588cfe7f0d8579ec20fa6527cd59bab7f0f0?s=96&d=mm&r=g\",\"url\":\"https:\\\/\\\/secure.gravatar.com\\\/avatar\\\/fdd21ad66fd8b98c407f9dee5b5e588cfe7f0d8579ec20fa6527cd59bab7f0f0?s=96&d=mm&r=g\",\"contentUrl\":\"https:\\\/\\\/secure.gravatar.com\\\/avatar\\\/fdd21ad66fd8b98c407f9dee5b5e588cfe7f0d8579ec20fa6527cd59bab7f0f0?s=96&d=mm&r=g\",\"caption\":\"Staff\"},\"url\":\"https:\\\/\\\/www.bbmnoticias.com\\\/labravaradiofm\\\/author\\\/redaccion\\\/\"}]}<\/script>\n<!-- \/ Yoast SEO plugin. -->","yoast_head_json":{"title":"Despliega SSPC jornada de prevenci\u00f3n en Tlacolula de Matamoros - LA BRAVA RADIO","robots":{"index":"index","follow":"follow","max-snippet":"max-snippet:-1","max-image-preview":"max-image-preview:large","max-video-preview":"max-video-preview:-1"},"canonical":"https:\/\/www.bbmnoticias.com\/labravaradiofm\/2023\/05\/30\/despliega-sspc-jornada-de-prevencion-en-tlacolula-de-matamoros\/","og_locale":"es_MX","og_type":"article","og_title":"Despliega SSPC jornada de prevenci\u00f3n en Tlacolula de Matamoros - LA BRAVA RADIO","og_description":"Oaxaca de Ju\u00e1rez, Oax. 30 de mayo de 2023.- Como parte de la Quinta Brigada de Prevenci\u00f3n para la Construcci\u00f3n de Paz, la Secretar\u00eda de Seguridad y Protecci\u00f3n Ciudadana (SSPC) despleg\u00f3 personal multidisciplinario de prevenci\u00f3n en el municipio de Tlacolula de Matamoros para prevenir la violencia e incidencia delictiva. En el teatro Celestino P\u00e9rez de [&hellip;]","og_url":"https:\/\/www.bbmnoticias.com\/labravaradiofm\/2023\/05\/30\/despliega-sspc-jornada-de-prevencion-en-tlacolula-de-matamoros\/","og_site_name":"LA BRAVA RADIO","article_published_time":"2023-05-30T15:04:11+00:00","article_modified_time":"2023-05-30T15:04:12+00:00","og_image":[{"width":1600,"height":1201,"url":"https:\/\/www.bbmnoticias.com\/labravaradiofm\/wp-content\/uploads\/sites\/5\/2023\/05\/sspc_tlacolula.jpeg","type":"image\/jpeg"}],"author":"Staff","twitter_card":"summary_large_image","twitter_misc":{"Escrito por":"Staff","Tiempo de lectura":"2 minutos"},"schema":{"@context":"https:\/\/schema.org","@graph":[{"@type":"Article","@id":"https:\/\/www.bbmnoticias.com\/labravaradiofm\/2023\/05\/30\/despliega-sspc-jornada-de-prevencion-en-tlacolula-de-matamoros\/#article","isPartOf":{"@id":"https:\/\/www.bbmnoticias.com\/labravaradiofm\/2023\/05\/30\/despliega-sspc-jornada-de-prevencion-en-tlacolula-de-matamoros\/"},"author":{"name":"Staff","@id":"https:\/\/www.bbmnoticias.com\/labravaradiofm\/#\/schema\/person\/34b139c617a70ea5bef5678bffe4dd7b"},"headline":"Despliega SSPC jornada de prevenci\u00f3n en Tlacolula de Matamoros","datePublished":"2023-05-30T15:04:11+00:00","dateModified":"2023-05-30T15:04:12+00:00","mainEntityOfPage":{"@id":"https:\/\/www.bbmnoticias.com\/labravaradiofm\/2023\/05\/30\/despliega-sspc-jornada-de-prevencion-en-tlacolula-de-matamoros\/"},"wordCount":276,"image":{"@id":"https:\/\/www.bbmnoticias.com\/labravaradiofm\/2023\/05\/30\/despliega-sspc-jornada-de-prevencion-en-tlacolula-de-matamoros\/#primaryimage"},"thumbnailUrl":"https:\/\/www.bbmnoticias.com\/labravaradiofm\/wp-content\/uploads\/sites\/5\/2023\/05\/sspc_tlacolula.jpeg","articleSection":["LOCAL"],"inLanguage":"es"},{"@type":"WebPage","@id":"https:\/\/www.bbmnoticias.com\/labravaradiofm\/2023\/05\/30\/despliega-sspc-jornada-de-prevencion-en-tlacolula-de-matamoros\/","url":"https:\/\/www.bbmnoticias.com\/labravaradiofm\/2023\/05\/30\/despliega-sspc-jornada-de-prevencion-en-tlacolula-de-matamoros\/","name":"Despliega SSPC jornada de prevenci\u00f3n en Tlacolula de Matamoros - LA BRAVA RADIO","isPartOf":{"@id":"https:\/\/www.bbmnoticias.com\/labravaradiofm\/#website"},"primaryImageOfPage":{"@id":"https:\/\/www.bbmnoticias.com\/labravaradiofm\/2023\/05\/30\/despliega-sspc-jornada-de-prevencion-en-tlacolula-de-matamoros\/#primaryimage"},"image":{"@id":"https:\/\/www.bbmnoticias.com\/labravaradiofm\/2023\/05\/30\/despliega-sspc-jornada-de-prevencion-en-tlacolula-de-matamoros\/#primaryimage"},"thumbnailUrl":"https:\/\/www.bbmnoticias.com\/labravaradiofm\/wp-content\/uploads\/sites\/5\/2023\/05\/sspc_tlacolula.jpeg","datePublished":"2023-05-30T15:04:11+00:00","dateModified":"2023-05-30T15:04:12+00:00","author":{"@id":"https:\/\/www.bbmnoticias.com\/labravaradiofm\/#\/schema\/person\/34b139c617a70ea5bef5678bffe4dd7b"},"breadcrumb":{"@id":"https:\/\/www.bbmnoticias.com\/labravaradiofm\/2023\/05\/30\/despliega-sspc-jornada-de-prevencion-en-tlacolula-de-matamoros\/#breadcrumb"},"inLanguage":"es","potentialAction":[{"@type":"ReadAction","target":["https:\/\/www.bbmnoticias.com\/labravaradiofm\/2023\/05\/30\/despliega-sspc-jornada-de-prevencion-en-tlacolula-de-matamoros\/"]}]},{"@type":"ImageObject","inLanguage":"es","@id":"https:\/\/www.bbmnoticias.com\/labravaradiofm\/2023\/05\/30\/despliega-sspc-jornada-de-prevencion-en-tlacolula-de-matamoros\/#primaryimage","url":"https:\/\/www.bbmnoticias.com\/labravaradiofm\/wp-content\/uploads\/sites\/5\/2023\/05\/sspc_tlacolula.jpeg","contentUrl":"https:\/\/www.bbmnoticias.com\/labravaradiofm\/wp-content\/uploads\/sites\/5\/2023\/05\/sspc_tlacolula.jpeg","width":1600,"height":1201},{"@type":"BreadcrumbList","@id":"https:\/\/www.bbmnoticias.com\/labravaradiofm\/2023\/05\/30\/despliega-sspc-jornada-de-prevencion-en-tlacolula-de-matamoros\/#breadcrumb","itemListElement":[{"@type":"ListItem","position":1,"name":"Inicio","item":"https:\/\/www.bbmnoticias.com\/labravaradiofm\/"},{"@type":"ListItem","position":2,"name":"Despliega SSPC jornada de prevenci\u00f3n en Tlacolula de Matamoros"}]},{"@type":"WebSite","@id":"https:\/\/www.bbmnoticias.com\/labravaradiofm\/#website","url":"https:\/\/www.bbmnoticias.com\/labravaradiofm\/","name":"LA BRAVA RADIO","description":"Empresa productora de medios, Radiodifusi\u00f3n, Noticias, tendencias y todo lo que necesitas saber de la pol\u00edtica mexicana e internacional; entretenimiento, espect\u00e1culos, salud y mucho m\u00e1s.","potentialAction":[{"@type":"SearchAction","target":{"@type":"EntryPoint","urlTemplate":"https:\/\/www.bbmnoticias.com\/labravaradiofm\/?s={search_term_string}"},"query-input":{"@type":"PropertyValueSpecification","valueRequired":true,"valueName":"search_term_string"}}],"inLanguage":"es"},{"@type":"Person","@id":"https:\/\/www.bbmnoticias.com\/labravaradiofm\/#\/schema\/person\/34b139c617a70ea5bef5678bffe4dd7b","name":"Staff","image":{"@type":"ImageObject","inLanguage":"es","@id":"https:\/\/secure.gravatar.com\/avatar\/fdd21ad66fd8b98c407f9dee5b5e588cfe7f0d8579ec20fa6527cd59bab7f0f0?s=96&d=mm&r=g","url":"https:\/\/secure.gravatar.com\/avatar\/fdd21ad66fd8b98c407f9dee5b5e588cfe7f0d8579ec20fa6527cd59bab7f0f0?s=96&d=mm&r=g","contentUrl":"https:\/\/secure.gravatar.com\/avatar\/fdd21ad66fd8b98c407f9dee5b5e588cfe7f0d8579ec20fa6527cd59bab7f0f0?s=96&d=mm&r=g","caption":"Staff"},"url":"https:\/\/www.bbmnoticias.com\/labravaradiofm\/author\/redaccion\/"}]}},"_links":{"self":[{"href":"https:\/\/www.bbmnoticias.com\/labravaradiofm\/wp-json\/wp\/v2\/posts\/27866","targetHints":{"allow":["GET"]}}],"collection":[{"href":"https:\/\/www.bbmnoticias.com\/labravaradiofm\/wp-json\/wp\/v2\/posts"}],"about":[{"href":"https:\/\/www.bbmnoticias.com\/labravaradiofm\/wp-json\/wp\/v2\/types\/post"}],"author":[{"embeddable":true,"href":"https:\/\/www.bbmnoticias.com\/labravaradiofm\/wp-json\/wp\/v2\/users\/2"}],"replies":[{"embeddable":true,"href":"https:\/\/www.bbmnoticias.com\/labravaradiofm\/wp-json\/wp\/v2\/comments?post=27866"}],"version-history":[{"count":0,"href":"https:\/\/www.bbmnoticias.com\/labravaradiofm\/wp-json\/wp\/v2\/posts\/27866\/revisions"}],"wp:featuredmedia":[{"embeddable":true,"href":"https:\/\/www.bbmnoticias.com\/labravaradiofm\/wp-json\/wp\/v2\/media\/27867"}],"wp:attachment":[{"href":"https:\/\/www.bbmnoticias.com\/labravaradiofm\/wp-json\/wp\/v2\/media?parent=27866"}],"wp:term":[{"taxonomy":"category","embeddable":true,"href":"https:\/\/www.bbmnoticias.com\/labravaradiofm\/wp-json\/wp\/v2\/categories?post=27866"},{"taxonomy":"post_tag","embeddable":true,"href":"https:\/\/www.bbmnoticias.com\/labravaradiofm\/wp-json\/wp\/v2\/tags?post=27866"}],"curies":[{"name":"wp","href":"https:\/\/api.w.org\/{rel}","templated":true}]}}