{"id":27814,"date":"2023-05-27T10:33:31","date_gmt":"2023-05-27T16:33:31","guid":{"rendered":"https:\/\/www.bbmnoticias.com\/labravaradiofm\/?p=27814"},"modified":"2023-05-27T10:33:32","modified_gmt":"2023-05-27T16:33:32","slug":"oaxaca-impulsa-llega-a-zaachila-para-apoyar-crecimiento-de-mipymes","status":"publish","type":"post","link":"https:\/\/www.bbmnoticias.com\/labravaradiofm\/2023\/05\/27\/oaxaca-impulsa-llega-a-zaachila-para-apoyar-crecimiento-de-mipymes\/","title":{"rendered":"Oaxaca Impulsa llega a Zaachila para apoyar crecimiento de mipymes"},"content":{"rendered":"<div style=\"margin-top: 0px; margin-bottom: 0px;\" class=\"sharethis-inline-share-buttons\" ><\/div>\n<p><strong>Villa de Zaachila, Oax<\/strong>.- La Secretar\u00eda de Desarrollo Econ\u00f3mico (Sedeco) trabaja para fortalecer la econom\u00eda de las y los oaxaque\u00f1os y apoyar a las micro, peque\u00f1as y medianas empresas, acercando los servicios de la administraci\u00f3n p\u00fablica a las ocho regiones del estado, por ello este viernes se llev\u00f3 a cabo el Foro Oaxaca Impulsa Valles Centrales en este municipio.<\/p>\n\n\n\n<p>Este programa acerca la oferta de servicios del gabinete econ\u00f3mico de los gobiernos Federal y Estatal, re\u00fane a universidades, empresas y organismos de la sociedad civil para que brinden asesor\u00edas a peque\u00f1as y medianas empresas para que puedan desarrollar sus ventajas competitivas y una cultura de negocios.<\/p>\n\n\n\n<p>El titular de la Sedeco Ra\u00fal Ruiz Robles destac\u00f3 que en este foro se apoya a los peque\u00f1os negocios para que tengan mejores oportunidades de desarrollo, se da acompa\u00f1amiento a las personas productoras y a trav\u00e9s de la herramienta Em\u00e9trica se diagnostica el nivel en el que se encuentran las empresas.<\/p>\n\n\n\n<p>Explic\u00f3 que en Oaxaca Impulsa Valles Centrales tambi\u00e9n se atendi\u00f3 a las autoridades municipales con asesor\u00edas para el mejoramiento del servicio de energ\u00eda el\u00e9ctrica con la Comisi\u00f3n Federal de Electricidad.<\/p>\n\n\n\n<p>Destac\u00f3 la presencia del Instituto del Fondo Nacional de la Vivienda para los Trabajadores (Infonavit) en el acompa\u00f1amiento de gestiones para mejoramientos de vivienda a trav\u00e9s de cr\u00e9ditos.<\/p>\n\n\n\n<p>Dijo que se busca que Oaxaca sea el epicentro de un nuevo modelo de desarrollo donde todos estemos incluidos y donde nuestra diversidad sea protagonista con las mipymes.<\/p>\n\n\n\n<p>Por su parte, el presidente municipal de la Villa de Zaachila Carlos Rigoberto Chac\u00f3n P\u00e9rez destac\u00f3 la importancia de esta actividad, para apoyar a los emprendedores y peque\u00f1os comercios.<\/p>\n\n\n\n<p>Las personas asistentes a Oaxaca Impulsa obtuvieron asesor\u00eda sobre el registro de marca, la certificaci\u00f3n Hecho en Oaxaca, vinculaci\u00f3n y encadenamiento comercial.<\/p>\n\n\n\n<p>Tambi\u00e9n pudieron participar en mesas de negocios locales, las cuales contaron con la presencia de representantes de la Comercializadora Meraz, la Comercializadora Oaxaque\u00f1a de Exportaci\u00f3n, la C\u00e1mara Nacional de la Industria de Restaurantes y Alimentos Condimentados (Canirac), L\u00e1cteos Arce y la Asociaci\u00f3n de Hoteles y Moteles de la Verde Antequera.<\/p>\n\n\n\n<p>Tambi\u00e9n se realiz\u00f3 la capacitaci\u00f3n Tejiendo alianzas y agregando valor desde el dise\u00f1o, impartido a las y los integrantes de Mixteca de mi Coraz\u00f3n y estuvo a cargo del Tecnol\u00f3gico de los Valles Centrales de Oaxaca (UTVCO).<\/p>\n\n\n\n<p>Cabe se\u00f1alar que se llevaron a cabo las charlas: Objetivos de crecimiento para tu negocio a cargo de las ponentes Mayra Callejas P\u00e9rez y Gabriela Guill\u00e9n de la iniciativa Pro Mujer y Saboreando la identidad: promoviendo el consumo local desde la industria gastron\u00f3mica, por la chef y fundadora del restaurante Zandunga, Aurora Toledo, as\u00ed como Distintivos de responsabilidad social empresarial Infonavit-IMSS, a cargo de Mayra Castellanos Garc\u00eda.<\/p>\n\n\n\n<p>Tambi\u00e9n se imparti\u00f3 la charla Impulsa tus ventas: el arte de atender y vender, dictada por el Keymer Incl\u00e1n Robles, profesor de la Universidad Lasalle y el taller Creando conexiones locales, a cargo de Estrella Soto Hern\u00e1ndez, del Centro Oaxaque\u00f1o de Innovaci\u00f3n Oaxin.<\/p>\n\n\n\n<p>Quienes deseen mayor informaci\u00f3n pueden acercarse a la Secretar\u00eda de Desarrollo Econ\u00f3mico que se ubica en Ciudad Administrativa carretera Oaxaca-Istmo kil\u00f3metro 11.5, Tlalixtac de Cabrera, edificio 5 primer nivel o acceder a las redes sociales Twitter: @DesEconomicoOax&nbsp;&nbsp; Facebook: Desarrollo Econ\u00f3mico Oaxaca.<\/p>\n\n\n\n<p>Durante este foro estuvo presente la secretaria de Interculturalidad, Pueblos y Comunidades Ind\u00edgenas y Afromexicanas, Berta Ruth Arreola; la directora de Vinculaci\u00f3n y Seguimiento en Oaxaca del Programa J\u00f3venes Construyendo el Futuro, Gloria Estrellita Gil Jim\u00e9nez; el delegado del Infonavit en Oaxaca, Juan Jacob Miranda y la subsecretaria de Industria e Innovaci\u00f3n de la Sedeco, Miram Anjuly Saavedra.<\/p>\n","protected":false},"excerpt":{"rendered":"<p>Villa de Zaachila, Oax.- La Secretar\u00eda de Desarrollo Econ\u00f3mico (Sedeco) trabaja para fortalecer la econom\u00eda de las y los oaxaque\u00f1os y apoyar a las micro, peque\u00f1as y medianas empresas, acercando los servicios de la administraci\u00f3n p\u00fablica a las ocho regiones del estado, por ello este viernes se llev\u00f3 a cabo el Foro Oaxaca Impulsa Valles [&hellip;]<\/p>\n","protected":false},"author":2,"featured_media":27815,"comment_status":"closed","ping_status":"closed","sticky":false,"template":"","format":"standard","meta":{"footnotes":""},"categories":[2],"tags":[],"class_list":{"0":"post-27814","1":"post","2":"type-post","3":"status-publish","4":"format-standard","5":"has-post-thumbnail","7":"category-oaxaca"},"yoast_head":"<!-- This site is optimized with the Yoast SEO plugin v27.4 - https:\/\/yoast.com\/product\/yoast-seo-wordpress\/ -->\n<title>Oaxaca Impulsa llega a Zaachila para apoyar crecimiento de mipymes - LA BRAVA RADIO<\/title>\n<meta name=\"robots\" content=\"index, follow, max-snippet:-1, max-image-preview:large, max-video-preview:-1\" \/>\n<link rel=\"canonical\" href=\"https:\/\/www.bbmnoticias.com\/labravaradiofm\/2023\/05\/27\/oaxaca-impulsa-llega-a-zaachila-para-apoyar-crecimiento-de-mipymes\/\" \/>\n<meta property=\"og:locale\" content=\"es_MX\" \/>\n<meta property=\"og:type\" content=\"article\" \/>\n<meta property=\"og:title\" content=\"Oaxaca Impulsa llega a Zaachila para apoyar crecimiento de mipymes - LA BRAVA RADIO\" \/>\n<meta property=\"og:description\" content=\"Villa de Zaachila, Oax.- La Secretar\u00eda de Desarrollo Econ\u00f3mico (Sedeco) trabaja para fortalecer la econom\u00eda de las y los oaxaque\u00f1os y apoyar a las micro, peque\u00f1as y medianas empresas, acercando los servicios de la administraci\u00f3n p\u00fablica a las ocho regiones del estado, por ello este viernes se llev\u00f3 a cabo el Foro Oaxaca Impulsa Valles [&hellip;]\" \/>\n<meta property=\"og:url\" content=\"https:\/\/www.bbmnoticias.com\/labravaradiofm\/2023\/05\/27\/oaxaca-impulsa-llega-a-zaachila-para-apoyar-crecimiento-de-mipymes\/\" \/>\n<meta property=\"og:site_name\" content=\"LA BRAVA RADIO\" \/>\n<meta property=\"article:published_time\" content=\"2023-05-27T16:33:31+00:00\" \/>\n<meta property=\"article:modified_time\" content=\"2023-05-27T16:33:32+00:00\" \/>\n<meta property=\"og:image\" content=\"https:\/\/www.bbmnoticias.com\/labravaradiofm\/wp-content\/uploads\/sites\/5\/2023\/05\/oaxaca_impulsa.jpg\" \/>\n\t<meta property=\"og:image:width\" content=\"1600\" \/>\n\t<meta property=\"og:image:height\" content=\"1066\" \/>\n\t<meta property=\"og:image:type\" content=\"image\/jpeg\" \/>\n<meta name=\"author\" content=\"Staff\" \/>\n<meta name=\"twitter:card\" content=\"summary_large_image\" \/>\n<meta name=\"twitter:label1\" content=\"Escrito por\" \/>\n\t<meta name=\"twitter:data1\" content=\"Staff\" \/>\n\t<meta name=\"twitter:label2\" content=\"Tiempo de lectura\" \/>\n\t<meta name=\"twitter:data2\" content=\"3 minutos\" \/>\n<script type=\"application\/ld+json\" class=\"yoast-schema-graph\">{\"@context\":\"https:\\\/\\\/schema.org\",\"@graph\":[{\"@type\":\"Article\",\"@id\":\"https:\\\/\\\/www.bbmnoticias.com\\\/labravaradiofm\\\/2023\\\/05\\\/27\\\/oaxaca-impulsa-llega-a-zaachila-para-apoyar-crecimiento-de-mipymes\\\/#article\",\"isPartOf\":{\"@id\":\"https:\\\/\\\/www.bbmnoticias.com\\\/labravaradiofm\\\/2023\\\/05\\\/27\\\/oaxaca-impulsa-llega-a-zaachila-para-apoyar-crecimiento-de-mipymes\\\/\"},\"author\":{\"name\":\"Staff\",\"@id\":\"https:\\\/\\\/www.bbmnoticias.com\\\/labravaradiofm\\\/#\\\/schema\\\/person\\\/34b139c617a70ea5bef5678bffe4dd7b\"},\"headline\":\"Oaxaca Impulsa llega a Zaachila para apoyar crecimiento de mipymes\",\"datePublished\":\"2023-05-27T16:33:31+00:00\",\"dateModified\":\"2023-05-27T16:33:32+00:00\",\"mainEntityOfPage\":{\"@id\":\"https:\\\/\\\/www.bbmnoticias.com\\\/labravaradiofm\\\/2023\\\/05\\\/27\\\/oaxaca-impulsa-llega-a-zaachila-para-apoyar-crecimiento-de-mipymes\\\/\"},\"wordCount\":662,\"image\":{\"@id\":\"https:\\\/\\\/www.bbmnoticias.com\\\/labravaradiofm\\\/2023\\\/05\\\/27\\\/oaxaca-impulsa-llega-a-zaachila-para-apoyar-crecimiento-de-mipymes\\\/#primaryimage\"},\"thumbnailUrl\":\"https:\\\/\\\/www.bbmnoticias.com\\\/labravaradiofm\\\/wp-content\\\/uploads\\\/sites\\\/5\\\/2023\\\/05\\\/oaxaca_impulsa.jpg\",\"articleSection\":[\"LOCAL\"],\"inLanguage\":\"es\"},{\"@type\":\"WebPage\",\"@id\":\"https:\\\/\\\/www.bbmnoticias.com\\\/labravaradiofm\\\/2023\\\/05\\\/27\\\/oaxaca-impulsa-llega-a-zaachila-para-apoyar-crecimiento-de-mipymes\\\/\",\"url\":\"https:\\\/\\\/www.bbmnoticias.com\\\/labravaradiofm\\\/2023\\\/05\\\/27\\\/oaxaca-impulsa-llega-a-zaachila-para-apoyar-crecimiento-de-mipymes\\\/\",\"name\":\"Oaxaca Impulsa llega a Zaachila para apoyar crecimiento de mipymes - LA BRAVA RADIO\",\"isPartOf\":{\"@id\":\"https:\\\/\\\/www.bbmnoticias.com\\\/labravaradiofm\\\/#website\"},\"primaryImageOfPage\":{\"@id\":\"https:\\\/\\\/www.bbmnoticias.com\\\/labravaradiofm\\\/2023\\\/05\\\/27\\\/oaxaca-impulsa-llega-a-zaachila-para-apoyar-crecimiento-de-mipymes\\\/#primaryimage\"},\"image\":{\"@id\":\"https:\\\/\\\/www.bbmnoticias.com\\\/labravaradiofm\\\/2023\\\/05\\\/27\\\/oaxaca-impulsa-llega-a-zaachila-para-apoyar-crecimiento-de-mipymes\\\/#primaryimage\"},\"thumbnailUrl\":\"https:\\\/\\\/www.bbmnoticias.com\\\/labravaradiofm\\\/wp-content\\\/uploads\\\/sites\\\/5\\\/2023\\\/05\\\/oaxaca_impulsa.jpg\",\"datePublished\":\"2023-05-27T16:33:31+00:00\",\"dateModified\":\"2023-05-27T16:33:32+00:00\",\"author\":{\"@id\":\"https:\\\/\\\/www.bbmnoticias.com\\\/labravaradiofm\\\/#\\\/schema\\\/person\\\/34b139c617a70ea5bef5678bffe4dd7b\"},\"breadcrumb\":{\"@id\":\"https:\\\/\\\/www.bbmnoticias.com\\\/labravaradiofm\\\/2023\\\/05\\\/27\\\/oaxaca-impulsa-llega-a-zaachila-para-apoyar-crecimiento-de-mipymes\\\/#breadcrumb\"},\"inLanguage\":\"es\",\"potentialAction\":[{\"@type\":\"ReadAction\",\"target\":[\"https:\\\/\\\/www.bbmnoticias.com\\\/labravaradiofm\\\/2023\\\/05\\\/27\\\/oaxaca-impulsa-llega-a-zaachila-para-apoyar-crecimiento-de-mipymes\\\/\"]}]},{\"@type\":\"ImageObject\",\"inLanguage\":\"es\",\"@id\":\"https:\\\/\\\/www.bbmnoticias.com\\\/labravaradiofm\\\/2023\\\/05\\\/27\\\/oaxaca-impulsa-llega-a-zaachila-para-apoyar-crecimiento-de-mipymes\\\/#primaryimage\",\"url\":\"https:\\\/\\\/www.bbmnoticias.com\\\/labravaradiofm\\\/wp-content\\\/uploads\\\/sites\\\/5\\\/2023\\\/05\\\/oaxaca_impulsa.jpg\",\"contentUrl\":\"https:\\\/\\\/www.bbmnoticias.com\\\/labravaradiofm\\\/wp-content\\\/uploads\\\/sites\\\/5\\\/2023\\\/05\\\/oaxaca_impulsa.jpg\",\"width\":1600,\"height\":1066},{\"@type\":\"BreadcrumbList\",\"@id\":\"https:\\\/\\\/www.bbmnoticias.com\\\/labravaradiofm\\\/2023\\\/05\\\/27\\\/oaxaca-impulsa-llega-a-zaachila-para-apoyar-crecimiento-de-mipymes\\\/#breadcrumb\",\"itemListElement\":[{\"@type\":\"ListItem\",\"position\":1,\"name\":\"Inicio\",\"item\":\"https:\\\/\\\/www.bbmnoticias.com\\\/labravaradiofm\\\/\"},{\"@type\":\"ListItem\",\"position\":2,\"name\":\"Oaxaca Impulsa llega a Zaachila para apoyar crecimiento de mipymes\"}]},{\"@type\":\"WebSite\",\"@id\":\"https:\\\/\\\/www.bbmnoticias.com\\\/labravaradiofm\\\/#website\",\"url\":\"https:\\\/\\\/www.bbmnoticias.com\\\/labravaradiofm\\\/\",\"name\":\"LA BRAVA RADIO\",\"description\":\"Empresa productora de medios, Radiodifusi\u00f3n, Noticias, tendencias y todo lo que necesitas saber de la pol\u00edtica mexicana e internacional; entretenimiento, espect\u00e1culos, salud y mucho m\u00e1s.\",\"potentialAction\":[{\"@type\":\"SearchAction\",\"target\":{\"@type\":\"EntryPoint\",\"urlTemplate\":\"https:\\\/\\\/www.bbmnoticias.com\\\/labravaradiofm\\\/?s={search_term_string}\"},\"query-input\":{\"@type\":\"PropertyValueSpecification\",\"valueRequired\":true,\"valueName\":\"search_term_string\"}}],\"inLanguage\":\"es\"},{\"@type\":\"Person\",\"@id\":\"https:\\\/\\\/www.bbmnoticias.com\\\/labravaradiofm\\\/#\\\/schema\\\/person\\\/34b139c617a70ea5bef5678bffe4dd7b\",\"name\":\"Staff\",\"image\":{\"@type\":\"ImageObject\",\"inLanguage\":\"es\",\"@id\":\"https:\\\/\\\/secure.gravatar.com\\\/avatar\\\/fdd21ad66fd8b98c407f9dee5b5e588cfe7f0d8579ec20fa6527cd59bab7f0f0?s=96&d=mm&r=g\",\"url\":\"https:\\\/\\\/secure.gravatar.com\\\/avatar\\\/fdd21ad66fd8b98c407f9dee5b5e588cfe7f0d8579ec20fa6527cd59bab7f0f0?s=96&d=mm&r=g\",\"contentUrl\":\"https:\\\/\\\/secure.gravatar.com\\\/avatar\\\/fdd21ad66fd8b98c407f9dee5b5e588cfe7f0d8579ec20fa6527cd59bab7f0f0?s=96&d=mm&r=g\",\"caption\":\"Staff\"},\"url\":\"https:\\\/\\\/www.bbmnoticias.com\\\/labravaradiofm\\\/author\\\/redaccion\\\/\"}]}<\/script>\n<!-- \/ Yoast SEO plugin. -->","yoast_head_json":{"title":"Oaxaca Impulsa llega a Zaachila para apoyar crecimiento de mipymes - LA BRAVA RADIO","robots":{"index":"index","follow":"follow","max-snippet":"max-snippet:-1","max-image-preview":"max-image-preview:large","max-video-preview":"max-video-preview:-1"},"canonical":"https:\/\/www.bbmnoticias.com\/labravaradiofm\/2023\/05\/27\/oaxaca-impulsa-llega-a-zaachila-para-apoyar-crecimiento-de-mipymes\/","og_locale":"es_MX","og_type":"article","og_title":"Oaxaca Impulsa llega a Zaachila para apoyar crecimiento de mipymes - LA BRAVA RADIO","og_description":"Villa de Zaachila, Oax.- La Secretar\u00eda de Desarrollo Econ\u00f3mico (Sedeco) trabaja para fortalecer la econom\u00eda de las y los oaxaque\u00f1os y apoyar a las micro, peque\u00f1as y medianas empresas, acercando los servicios de la administraci\u00f3n p\u00fablica a las ocho regiones del estado, por ello este viernes se llev\u00f3 a cabo el Foro Oaxaca Impulsa Valles [&hellip;]","og_url":"https:\/\/www.bbmnoticias.com\/labravaradiofm\/2023\/05\/27\/oaxaca-impulsa-llega-a-zaachila-para-apoyar-crecimiento-de-mipymes\/","og_site_name":"LA BRAVA RADIO","article_published_time":"2023-05-27T16:33:31+00:00","article_modified_time":"2023-05-27T16:33:32+00:00","og_image":[{"width":1600,"height":1066,"url":"https:\/\/www.bbmnoticias.com\/labravaradiofm\/wp-content\/uploads\/sites\/5\/2023\/05\/oaxaca_impulsa.jpg","type":"image\/jpeg"}],"author":"Staff","twitter_card":"summary_large_image","twitter_misc":{"Escrito por":"Staff","Tiempo de lectura":"3 minutos"},"schema":{"@context":"https:\/\/schema.org","@graph":[{"@type":"Article","@id":"https:\/\/www.bbmnoticias.com\/labravaradiofm\/2023\/05\/27\/oaxaca-impulsa-llega-a-zaachila-para-apoyar-crecimiento-de-mipymes\/#article","isPartOf":{"@id":"https:\/\/www.bbmnoticias.com\/labravaradiofm\/2023\/05\/27\/oaxaca-impulsa-llega-a-zaachila-para-apoyar-crecimiento-de-mipymes\/"},"author":{"name":"Staff","@id":"https:\/\/www.bbmnoticias.com\/labravaradiofm\/#\/schema\/person\/34b139c617a70ea5bef5678bffe4dd7b"},"headline":"Oaxaca Impulsa llega a Zaachila para apoyar crecimiento de mipymes","datePublished":"2023-05-27T16:33:31+00:00","dateModified":"2023-05-27T16:33:32+00:00","mainEntityOfPage":{"@id":"https:\/\/www.bbmnoticias.com\/labravaradiofm\/2023\/05\/27\/oaxaca-impulsa-llega-a-zaachila-para-apoyar-crecimiento-de-mipymes\/"},"wordCount":662,"image":{"@id":"https:\/\/www.bbmnoticias.com\/labravaradiofm\/2023\/05\/27\/oaxaca-impulsa-llega-a-zaachila-para-apoyar-crecimiento-de-mipymes\/#primaryimage"},"thumbnailUrl":"https:\/\/www.bbmnoticias.com\/labravaradiofm\/wp-content\/uploads\/sites\/5\/2023\/05\/oaxaca_impulsa.jpg","articleSection":["LOCAL"],"inLanguage":"es"},{"@type":"WebPage","@id":"https:\/\/www.bbmnoticias.com\/labravaradiofm\/2023\/05\/27\/oaxaca-impulsa-llega-a-zaachila-para-apoyar-crecimiento-de-mipymes\/","url":"https:\/\/www.bbmnoticias.com\/labravaradiofm\/2023\/05\/27\/oaxaca-impulsa-llega-a-zaachila-para-apoyar-crecimiento-de-mipymes\/","name":"Oaxaca Impulsa llega a Zaachila para apoyar crecimiento de mipymes - LA BRAVA RADIO","isPartOf":{"@id":"https:\/\/www.bbmnoticias.com\/labravaradiofm\/#website"},"primaryImageOfPage":{"@id":"https:\/\/www.bbmnoticias.com\/labravaradiofm\/2023\/05\/27\/oaxaca-impulsa-llega-a-zaachila-para-apoyar-crecimiento-de-mipymes\/#primaryimage"},"image":{"@id":"https:\/\/www.bbmnoticias.com\/labravaradiofm\/2023\/05\/27\/oaxaca-impulsa-llega-a-zaachila-para-apoyar-crecimiento-de-mipymes\/#primaryimage"},"thumbnailUrl":"https:\/\/www.bbmnoticias.com\/labravaradiofm\/wp-content\/uploads\/sites\/5\/2023\/05\/oaxaca_impulsa.jpg","datePublished":"2023-05-27T16:33:31+00:00","dateModified":"2023-05-27T16:33:32+00:00","author":{"@id":"https:\/\/www.bbmnoticias.com\/labravaradiofm\/#\/schema\/person\/34b139c617a70ea5bef5678bffe4dd7b"},"breadcrumb":{"@id":"https:\/\/www.bbmnoticias.com\/labravaradiofm\/2023\/05\/27\/oaxaca-impulsa-llega-a-zaachila-para-apoyar-crecimiento-de-mipymes\/#breadcrumb"},"inLanguage":"es","potentialAction":[{"@type":"ReadAction","target":["https:\/\/www.bbmnoticias.com\/labravaradiofm\/2023\/05\/27\/oaxaca-impulsa-llega-a-zaachila-para-apoyar-crecimiento-de-mipymes\/"]}]},{"@type":"ImageObject","inLanguage":"es","@id":"https:\/\/www.bbmnoticias.com\/labravaradiofm\/2023\/05\/27\/oaxaca-impulsa-llega-a-zaachila-para-apoyar-crecimiento-de-mipymes\/#primaryimage","url":"https:\/\/www.bbmnoticias.com\/labravaradiofm\/wp-content\/uploads\/sites\/5\/2023\/05\/oaxaca_impulsa.jpg","contentUrl":"https:\/\/www.bbmnoticias.com\/labravaradiofm\/wp-content\/uploads\/sites\/5\/2023\/05\/oaxaca_impulsa.jpg","width":1600,"height":1066},{"@type":"BreadcrumbList","@id":"https:\/\/www.bbmnoticias.com\/labravaradiofm\/2023\/05\/27\/oaxaca-impulsa-llega-a-zaachila-para-apoyar-crecimiento-de-mipymes\/#breadcrumb","itemListElement":[{"@type":"ListItem","position":1,"name":"Inicio","item":"https:\/\/www.bbmnoticias.com\/labravaradiofm\/"},{"@type":"ListItem","position":2,"name":"Oaxaca Impulsa llega a Zaachila para apoyar crecimiento de mipymes"}]},{"@type":"WebSite","@id":"https:\/\/www.bbmnoticias.com\/labravaradiofm\/#website","url":"https:\/\/www.bbmnoticias.com\/labravaradiofm\/","name":"LA BRAVA RADIO","description":"Empresa productora de medios, Radiodifusi\u00f3n, Noticias, tendencias y todo lo que necesitas saber de la pol\u00edtica mexicana e internacional; entretenimiento, espect\u00e1culos, salud y mucho m\u00e1s.","potentialAction":[{"@type":"SearchAction","target":{"@type":"EntryPoint","urlTemplate":"https:\/\/www.bbmnoticias.com\/labravaradiofm\/?s={search_term_string}"},"query-input":{"@type":"PropertyValueSpecification","valueRequired":true,"valueName":"search_term_string"}}],"inLanguage":"es"},{"@type":"Person","@id":"https:\/\/www.bbmnoticias.com\/labravaradiofm\/#\/schema\/person\/34b139c617a70ea5bef5678bffe4dd7b","name":"Staff","image":{"@type":"ImageObject","inLanguage":"es","@id":"https:\/\/secure.gravatar.com\/avatar\/fdd21ad66fd8b98c407f9dee5b5e588cfe7f0d8579ec20fa6527cd59bab7f0f0?s=96&d=mm&r=g","url":"https:\/\/secure.gravatar.com\/avatar\/fdd21ad66fd8b98c407f9dee5b5e588cfe7f0d8579ec20fa6527cd59bab7f0f0?s=96&d=mm&r=g","contentUrl":"https:\/\/secure.gravatar.com\/avatar\/fdd21ad66fd8b98c407f9dee5b5e588cfe7f0d8579ec20fa6527cd59bab7f0f0?s=96&d=mm&r=g","caption":"Staff"},"url":"https:\/\/www.bbmnoticias.com\/labravaradiofm\/author\/redaccion\/"}]}},"_links":{"self":[{"href":"https:\/\/www.bbmnoticias.com\/labravaradiofm\/wp-json\/wp\/v2\/posts\/27814","targetHints":{"allow":["GET"]}}],"collection":[{"href":"https:\/\/www.bbmnoticias.com\/labravaradiofm\/wp-json\/wp\/v2\/posts"}],"about":[{"href":"https:\/\/www.bbmnoticias.com\/labravaradiofm\/wp-json\/wp\/v2\/types\/post"}],"author":[{"embeddable":true,"href":"https:\/\/www.bbmnoticias.com\/labravaradiofm\/wp-json\/wp\/v2\/users\/2"}],"replies":[{"embeddable":true,"href":"https:\/\/www.bbmnoticias.com\/labravaradiofm\/wp-json\/wp\/v2\/comments?post=27814"}],"version-history":[{"count":0,"href":"https:\/\/www.bbmnoticias.com\/labravaradiofm\/wp-json\/wp\/v2\/posts\/27814\/revisions"}],"wp:featuredmedia":[{"embeddable":true,"href":"https:\/\/www.bbmnoticias.com\/labravaradiofm\/wp-json\/wp\/v2\/media\/27815"}],"wp:attachment":[{"href":"https:\/\/www.bbmnoticias.com\/labravaradiofm\/wp-json\/wp\/v2\/media?parent=27814"}],"wp:term":[{"taxonomy":"category","embeddable":true,"href":"https:\/\/www.bbmnoticias.com\/labravaradiofm\/wp-json\/wp\/v2\/categories?post=27814"},{"taxonomy":"post_tag","embeddable":true,"href":"https:\/\/www.bbmnoticias.com\/labravaradiofm\/wp-json\/wp\/v2\/tags?post=27814"}],"curies":[{"name":"wp","href":"https:\/\/api.w.org\/{rel}","templated":true}]}}