{"id":27810,"date":"2023-05-27T09:49:35","date_gmt":"2023-05-27T15:49:35","guid":{"rendered":"https:\/\/www.bbmnoticias.com\/labravaradiofm\/?p=27810"},"modified":"2023-05-27T09:49:36","modified_gmt":"2023-05-27T15:49:36","slug":"checo-perez-sufre-choque-y-queda-fuera-de-la-qualy-del-gran-premio-de-monaco","status":"publish","type":"post","link":"https:\/\/www.bbmnoticias.com\/labravaradiofm\/2023\/05\/27\/checo-perez-sufre-choque-y-queda-fuera-de-la-qualy-del-gran-premio-de-monaco\/","title":{"rendered":"Checo P\u00e9rez sufre choque y queda fuera de la qualy del Gran Premio de M\u00f3naco"},"content":{"rendered":"<div style=\"margin-top: 0px; margin-bottom: 0px;\" class=\"sharethis-inline-share-buttons\" ><\/div>\n<p><strong>Checo P\u00e9rez<\/strong> empez\u00f3 con el pie izquierdo el<strong> Gran Premio de M\u00f3naco<\/strong> al chocar en el circuito durante la clasificaci\u00f3n de este s\u00e1bado.<\/p>\n\n\n\n<p>El accidente contra una de las barreras de protecci\u00f3n provoc\u00f3 que<strong> Checo P\u00e9rez <\/strong>quedara fuera de la clasificaci\u00f3n.<\/p>\n\n\n\n<p>El piloto de Red Bull impact\u00f3 con la parte izquierda una barrera en la curva 1 del circuito de M\u00f3naco.<\/p>\n\n\n\n<p>Al ser un circuito reducido, hubo bandera roja y la clasificaci\u00f3n se detuvo durante algunos minutos ya que tuvieron que sacar el monoplaza del mexicano, que qued\u00f3 al centro de la pista.<\/p>\n\n\n\n<figure class=\"wp-block-embed is-type-rich is-provider-twitter wp-block-embed-twitter\"><div class=\"wp-block-embed__wrapper\">\n<blockquote class=\"twitter-tweet\" data-width=\"550\" data-dnt=\"true\"><p lang=\"es\" dir=\"ltr\">\ud83e\udd7a NO ME DIGAS ESO, MI AMOR&#8230; \u00a1PROBLEMAS PARA CHECO! \u274c<br><br>Fuerte choque en su lado izquierdo: bandera roja en la curva 1 para el mexicano \ud83c\uddf2\ud83c\uddfd\ud83d\udc94<a href=\"https:\/\/twitter.com\/hashtag\/F1xFSMX?src=hash&amp;ref_src=twsrc%5Etfw\">#F1xFSMX<\/a> <a href=\"https:\/\/twitter.com\/hashtag\/MonacoGP?src=hash&amp;ref_src=twsrc%5Etfw\">#MonacoGP<\/a> <a href=\"https:\/\/t.co\/qfLUoylejv\">pic.twitter.com\/qfLUoylejv<\/a><\/p>&mdash; FOX Sports MX (@FOXSportsMX) <a href=\"https:\/\/twitter.com\/FOXSportsMX\/status\/1662462158850891777?ref_src=twsrc%5Etfw\">May 27, 2023<\/a><\/blockquote><script async src=\"https:\/\/platform.twitter.com\/widgets.js\" charset=\"utf-8\"><\/script>\n<\/div><\/figure>\n\n\n\n<p>El equipo de encabeza <strong>Christian Horner <\/strong>fue muy expresivo y en la transmisi\u00f3n no ocultaron la frustraci\u00f3n por lo ocurrido con Checo P\u00e9rez.<\/p>\n\n\n\n<p>Por este accidente, Red Bull tendr\u00e1 que analizar el RB19 del mexicano para que corra este domingo.<\/p>\n\n\n\n<p>Una de las consecuencias para <strong>Checo P\u00e9rez<\/strong> la alta probabilidad para que este domingo arranque desde el \u00faltimo lugar en el Gran Premio de M\u00f3naco.<\/p>\n\n\n\n<figure class=\"wp-block-embed is-type-rich is-provider-twitter wp-block-embed-twitter\"><div class=\"wp-block-embed__wrapper\">\n<blockquote class=\"twitter-tweet\" data-width=\"550\" data-dnt=\"true\"><p lang=\"en\" dir=\"ltr\">\ud83d\udea9 RED FLAG \ud83d\udea9<br><br>Heartbreak for our 2022 Monaco Grand Prix winner, Sergio Perez \ud83d\udc94<a href=\"https:\/\/twitter.com\/hashtag\/MonacoGP?src=hash&amp;ref_src=twsrc%5Etfw\">#MonacoGP<\/a> <a href=\"https:\/\/twitter.com\/hashtag\/F1?src=hash&amp;ref_src=twsrc%5Etfw\">#F1<\/a> <a href=\"https:\/\/t.co\/9N5zVShvNy\">pic.twitter.com\/9N5zVShvNy<\/a><\/p>&mdash; Formula 1 (@F1) <a href=\"https:\/\/twitter.com\/F1\/status\/1662461442128240641?ref_src=twsrc%5Etfw\">May 27, 2023<\/a><\/blockquote><script async src=\"https:\/\/platform.twitter.com\/widgets.js\" charset=\"utf-8\"><\/script>\n<\/div><\/figure>\n","protected":false},"excerpt":{"rendered":"<p>Checo P\u00e9rez empez\u00f3 con el pie izquierdo el Gran Premio de M\u00f3naco al chocar en el circuito durante la clasificaci\u00f3n de este s\u00e1bado. El accidente contra una de las barreras de protecci\u00f3n provoc\u00f3 que Checo P\u00e9rez quedara fuera de la clasificaci\u00f3n. El piloto de Red Bull impact\u00f3 con la parte izquierda una barrera en la [&hellip;]<\/p>\n","protected":false},"author":4,"featured_media":27811,"comment_status":"closed","ping_status":"closed","sticky":false,"template":"","format":"standard","meta":{"footnotes":""},"categories":[21],"tags":[],"class_list":{"0":"post-27810","1":"post","2":"type-post","3":"status-publish","4":"format-standard","5":"has-post-thumbnail","7":"category-deportes"},"yoast_head":"<!-- This site is optimized with the Yoast SEO plugin v27.4 - https:\/\/yoast.com\/product\/yoast-seo-wordpress\/ -->\n<title>Checo P\u00e9rez sufre choque y queda fuera de la qualy del Gran Premio de M\u00f3naco - LA BRAVA RADIO<\/title>\n<meta name=\"robots\" content=\"index, follow, max-snippet:-1, max-image-preview:large, max-video-preview:-1\" \/>\n<link rel=\"canonical\" href=\"https:\/\/www.bbmnoticias.com\/labravaradiofm\/2023\/05\/27\/checo-perez-sufre-choque-y-queda-fuera-de-la-qualy-del-gran-premio-de-monaco\/\" \/>\n<meta property=\"og:locale\" content=\"es_MX\" \/>\n<meta property=\"og:type\" content=\"article\" \/>\n<meta property=\"og:title\" content=\"Checo P\u00e9rez sufre choque y queda fuera de la qualy del Gran Premio de M\u00f3naco - LA BRAVA RADIO\" \/>\n<meta property=\"og:description\" content=\"Checo P\u00e9rez empez\u00f3 con el pie izquierdo el Gran Premio de M\u00f3naco al chocar en el circuito durante la clasificaci\u00f3n de este s\u00e1bado. El accidente contra una de las barreras de protecci\u00f3n provoc\u00f3 que Checo P\u00e9rez quedara fuera de la clasificaci\u00f3n. El piloto de Red Bull impact\u00f3 con la parte izquierda una barrera en la [&hellip;]\" \/>\n<meta property=\"og:url\" content=\"https:\/\/www.bbmnoticias.com\/labravaradiofm\/2023\/05\/27\/checo-perez-sufre-choque-y-queda-fuera-de-la-qualy-del-gran-premio-de-monaco\/\" \/>\n<meta property=\"og:site_name\" content=\"LA BRAVA RADIO\" \/>\n<meta property=\"article:published_time\" content=\"2023-05-27T15:49:35+00:00\" \/>\n<meta property=\"article:modified_time\" content=\"2023-05-27T15:49:36+00:00\" \/>\n<meta property=\"og:image\" content=\"https:\/\/www.bbmnoticias.com\/labravaradiofm\/wp-content\/uploads\/sites\/5\/2023\/05\/checo_perez.jpg\" \/>\n\t<meta property=\"og:image:width\" content=\"768\" \/>\n\t<meta property=\"og:image:height\" content=\"473\" \/>\n\t<meta property=\"og:image:type\" content=\"image\/jpeg\" \/>\n<meta name=\"author\" content=\"Agencias\" \/>\n<meta name=\"twitter:card\" content=\"summary_large_image\" \/>\n<meta name=\"twitter:label1\" content=\"Escrito por\" \/>\n\t<meta name=\"twitter:data1\" content=\"Agencias\" \/>\n\t<meta name=\"twitter:label2\" content=\"Tiempo de lectura\" \/>\n\t<meta name=\"twitter:data2\" content=\"1 minuto\" \/>\n<script type=\"application\/ld+json\" class=\"yoast-schema-graph\">{\"@context\":\"https:\\\/\\\/schema.org\",\"@graph\":[{\"@type\":\"Article\",\"@id\":\"https:\\\/\\\/www.bbmnoticias.com\\\/labravaradiofm\\\/2023\\\/05\\\/27\\\/checo-perez-sufre-choque-y-queda-fuera-de-la-qualy-del-gran-premio-de-monaco\\\/#article\",\"isPartOf\":{\"@id\":\"https:\\\/\\\/www.bbmnoticias.com\\\/labravaradiofm\\\/2023\\\/05\\\/27\\\/checo-perez-sufre-choque-y-queda-fuera-de-la-qualy-del-gran-premio-de-monaco\\\/\"},\"author\":{\"name\":\"Agencias\",\"@id\":\"https:\\\/\\\/www.bbmnoticias.com\\\/labravaradiofm\\\/#\\\/schema\\\/person\\\/857a3daf5c8142f29919023f377fbfad\"},\"headline\":\"Checo P\u00e9rez sufre choque y queda fuera de la qualy del Gran Premio de M\u00f3naco\",\"datePublished\":\"2023-05-27T15:49:35+00:00\",\"dateModified\":\"2023-05-27T15:49:36+00:00\",\"mainEntityOfPage\":{\"@id\":\"https:\\\/\\\/www.bbmnoticias.com\\\/labravaradiofm\\\/2023\\\/05\\\/27\\\/checo-perez-sufre-choque-y-queda-fuera-de-la-qualy-del-gran-premio-de-monaco\\\/\"},\"wordCount\":198,\"image\":{\"@id\":\"https:\\\/\\\/www.bbmnoticias.com\\\/labravaradiofm\\\/2023\\\/05\\\/27\\\/checo-perez-sufre-choque-y-queda-fuera-de-la-qualy-del-gran-premio-de-monaco\\\/#primaryimage\"},\"thumbnailUrl\":\"https:\\\/\\\/www.bbmnoticias.com\\\/labravaradiofm\\\/wp-content\\\/uploads\\\/sites\\\/5\\\/2023\\\/05\\\/checo_perez.jpg\",\"articleSection\":[\"DEPORTES\"],\"inLanguage\":\"es\"},{\"@type\":\"WebPage\",\"@id\":\"https:\\\/\\\/www.bbmnoticias.com\\\/labravaradiofm\\\/2023\\\/05\\\/27\\\/checo-perez-sufre-choque-y-queda-fuera-de-la-qualy-del-gran-premio-de-monaco\\\/\",\"url\":\"https:\\\/\\\/www.bbmnoticias.com\\\/labravaradiofm\\\/2023\\\/05\\\/27\\\/checo-perez-sufre-choque-y-queda-fuera-de-la-qualy-del-gran-premio-de-monaco\\\/\",\"name\":\"Checo P\u00e9rez sufre choque y queda fuera de la qualy del Gran Premio de M\u00f3naco - LA BRAVA RADIO\",\"isPartOf\":{\"@id\":\"https:\\\/\\\/www.bbmnoticias.com\\\/labravaradiofm\\\/#website\"},\"primaryImageOfPage\":{\"@id\":\"https:\\\/\\\/www.bbmnoticias.com\\\/labravaradiofm\\\/2023\\\/05\\\/27\\\/checo-perez-sufre-choque-y-queda-fuera-de-la-qualy-del-gran-premio-de-monaco\\\/#primaryimage\"},\"image\":{\"@id\":\"https:\\\/\\\/www.bbmnoticias.com\\\/labravaradiofm\\\/2023\\\/05\\\/27\\\/checo-perez-sufre-choque-y-queda-fuera-de-la-qualy-del-gran-premio-de-monaco\\\/#primaryimage\"},\"thumbnailUrl\":\"https:\\\/\\\/www.bbmnoticias.com\\\/labravaradiofm\\\/wp-content\\\/uploads\\\/sites\\\/5\\\/2023\\\/05\\\/checo_perez.jpg\",\"datePublished\":\"2023-05-27T15:49:35+00:00\",\"dateModified\":\"2023-05-27T15:49:36+00:00\",\"author\":{\"@id\":\"https:\\\/\\\/www.bbmnoticias.com\\\/labravaradiofm\\\/#\\\/schema\\\/person\\\/857a3daf5c8142f29919023f377fbfad\"},\"breadcrumb\":{\"@id\":\"https:\\\/\\\/www.bbmnoticias.com\\\/labravaradiofm\\\/2023\\\/05\\\/27\\\/checo-perez-sufre-choque-y-queda-fuera-de-la-qualy-del-gran-premio-de-monaco\\\/#breadcrumb\"},\"inLanguage\":\"es\",\"potentialAction\":[{\"@type\":\"ReadAction\",\"target\":[\"https:\\\/\\\/www.bbmnoticias.com\\\/labravaradiofm\\\/2023\\\/05\\\/27\\\/checo-perez-sufre-choque-y-queda-fuera-de-la-qualy-del-gran-premio-de-monaco\\\/\"]}]},{\"@type\":\"ImageObject\",\"inLanguage\":\"es\",\"@id\":\"https:\\\/\\\/www.bbmnoticias.com\\\/labravaradiofm\\\/2023\\\/05\\\/27\\\/checo-perez-sufre-choque-y-queda-fuera-de-la-qualy-del-gran-premio-de-monaco\\\/#primaryimage\",\"url\":\"https:\\\/\\\/www.bbmnoticias.com\\\/labravaradiofm\\\/wp-content\\\/uploads\\\/sites\\\/5\\\/2023\\\/05\\\/checo_perez.jpg\",\"contentUrl\":\"https:\\\/\\\/www.bbmnoticias.com\\\/labravaradiofm\\\/wp-content\\\/uploads\\\/sites\\\/5\\\/2023\\\/05\\\/checo_perez.jpg\",\"width\":768,\"height\":473},{\"@type\":\"BreadcrumbList\",\"@id\":\"https:\\\/\\\/www.bbmnoticias.com\\\/labravaradiofm\\\/2023\\\/05\\\/27\\\/checo-perez-sufre-choque-y-queda-fuera-de-la-qualy-del-gran-premio-de-monaco\\\/#breadcrumb\",\"itemListElement\":[{\"@type\":\"ListItem\",\"position\":1,\"name\":\"Inicio\",\"item\":\"https:\\\/\\\/www.bbmnoticias.com\\\/labravaradiofm\\\/\"},{\"@type\":\"ListItem\",\"position\":2,\"name\":\"Checo P\u00e9rez sufre choque y queda fuera de la qualy del Gran Premio de M\u00f3naco\"}]},{\"@type\":\"WebSite\",\"@id\":\"https:\\\/\\\/www.bbmnoticias.com\\\/labravaradiofm\\\/#website\",\"url\":\"https:\\\/\\\/www.bbmnoticias.com\\\/labravaradiofm\\\/\",\"name\":\"LA BRAVA RADIO\",\"description\":\"Empresa productora de medios, Radiodifusi\u00f3n, Noticias, tendencias y todo lo que necesitas saber de la pol\u00edtica mexicana e internacional; entretenimiento, espect\u00e1culos, salud y mucho m\u00e1s.\",\"potentialAction\":[{\"@type\":\"SearchAction\",\"target\":{\"@type\":\"EntryPoint\",\"urlTemplate\":\"https:\\\/\\\/www.bbmnoticias.com\\\/labravaradiofm\\\/?s={search_term_string}\"},\"query-input\":{\"@type\":\"PropertyValueSpecification\",\"valueRequired\":true,\"valueName\":\"search_term_string\"}}],\"inLanguage\":\"es\"},{\"@type\":\"Person\",\"@id\":\"https:\\\/\\\/www.bbmnoticias.com\\\/labravaradiofm\\\/#\\\/schema\\\/person\\\/857a3daf5c8142f29919023f377fbfad\",\"name\":\"Agencias\",\"image\":{\"@type\":\"ImageObject\",\"inLanguage\":\"es\",\"@id\":\"https:\\\/\\\/secure.gravatar.com\\\/avatar\\\/739e0b61adf9e398b425c36718c8752286da0e8cd90f20ce9a86678abc26aa0d?s=96&d=mm&r=g\",\"url\":\"https:\\\/\\\/secure.gravatar.com\\\/avatar\\\/739e0b61adf9e398b425c36718c8752286da0e8cd90f20ce9a86678abc26aa0d?s=96&d=mm&r=g\",\"contentUrl\":\"https:\\\/\\\/secure.gravatar.com\\\/avatar\\\/739e0b61adf9e398b425c36718c8752286da0e8cd90f20ce9a86678abc26aa0d?s=96&d=mm&r=g\",\"caption\":\"Agencias\"},\"url\":\"https:\\\/\\\/www.bbmnoticias.com\\\/labravaradiofm\\\/author\\\/agencias\\\/\"}]}<\/script>\n<!-- \/ Yoast SEO plugin. -->","yoast_head_json":{"title":"Checo P\u00e9rez sufre choque y queda fuera de la qualy del Gran Premio de M\u00f3naco - LA BRAVA RADIO","robots":{"index":"index","follow":"follow","max-snippet":"max-snippet:-1","max-image-preview":"max-image-preview:large","max-video-preview":"max-video-preview:-1"},"canonical":"https:\/\/www.bbmnoticias.com\/labravaradiofm\/2023\/05\/27\/checo-perez-sufre-choque-y-queda-fuera-de-la-qualy-del-gran-premio-de-monaco\/","og_locale":"es_MX","og_type":"article","og_title":"Checo P\u00e9rez sufre choque y queda fuera de la qualy del Gran Premio de M\u00f3naco - LA BRAVA RADIO","og_description":"Checo P\u00e9rez empez\u00f3 con el pie izquierdo el Gran Premio de M\u00f3naco al chocar en el circuito durante la clasificaci\u00f3n de este s\u00e1bado. El accidente contra una de las barreras de protecci\u00f3n provoc\u00f3 que Checo P\u00e9rez quedara fuera de la clasificaci\u00f3n. El piloto de Red Bull impact\u00f3 con la parte izquierda una barrera en la [&hellip;]","og_url":"https:\/\/www.bbmnoticias.com\/labravaradiofm\/2023\/05\/27\/checo-perez-sufre-choque-y-queda-fuera-de-la-qualy-del-gran-premio-de-monaco\/","og_site_name":"LA BRAVA RADIO","article_published_time":"2023-05-27T15:49:35+00:00","article_modified_time":"2023-05-27T15:49:36+00:00","og_image":[{"width":768,"height":473,"url":"https:\/\/www.bbmnoticias.com\/labravaradiofm\/wp-content\/uploads\/sites\/5\/2023\/05\/checo_perez.jpg","type":"image\/jpeg"}],"author":"Agencias","twitter_card":"summary_large_image","twitter_misc":{"Escrito por":"Agencias","Tiempo de lectura":"1 minuto"},"schema":{"@context":"https:\/\/schema.org","@graph":[{"@type":"Article","@id":"https:\/\/www.bbmnoticias.com\/labravaradiofm\/2023\/05\/27\/checo-perez-sufre-choque-y-queda-fuera-de-la-qualy-del-gran-premio-de-monaco\/#article","isPartOf":{"@id":"https:\/\/www.bbmnoticias.com\/labravaradiofm\/2023\/05\/27\/checo-perez-sufre-choque-y-queda-fuera-de-la-qualy-del-gran-premio-de-monaco\/"},"author":{"name":"Agencias","@id":"https:\/\/www.bbmnoticias.com\/labravaradiofm\/#\/schema\/person\/857a3daf5c8142f29919023f377fbfad"},"headline":"Checo P\u00e9rez sufre choque y queda fuera de la qualy del Gran Premio de M\u00f3naco","datePublished":"2023-05-27T15:49:35+00:00","dateModified":"2023-05-27T15:49:36+00:00","mainEntityOfPage":{"@id":"https:\/\/www.bbmnoticias.com\/labravaradiofm\/2023\/05\/27\/checo-perez-sufre-choque-y-queda-fuera-de-la-qualy-del-gran-premio-de-monaco\/"},"wordCount":198,"image":{"@id":"https:\/\/www.bbmnoticias.com\/labravaradiofm\/2023\/05\/27\/checo-perez-sufre-choque-y-queda-fuera-de-la-qualy-del-gran-premio-de-monaco\/#primaryimage"},"thumbnailUrl":"https:\/\/www.bbmnoticias.com\/labravaradiofm\/wp-content\/uploads\/sites\/5\/2023\/05\/checo_perez.jpg","articleSection":["DEPORTES"],"inLanguage":"es"},{"@type":"WebPage","@id":"https:\/\/www.bbmnoticias.com\/labravaradiofm\/2023\/05\/27\/checo-perez-sufre-choque-y-queda-fuera-de-la-qualy-del-gran-premio-de-monaco\/","url":"https:\/\/www.bbmnoticias.com\/labravaradiofm\/2023\/05\/27\/checo-perez-sufre-choque-y-queda-fuera-de-la-qualy-del-gran-premio-de-monaco\/","name":"Checo P\u00e9rez sufre choque y queda fuera de la qualy del Gran Premio de M\u00f3naco - LA BRAVA RADIO","isPartOf":{"@id":"https:\/\/www.bbmnoticias.com\/labravaradiofm\/#website"},"primaryImageOfPage":{"@id":"https:\/\/www.bbmnoticias.com\/labravaradiofm\/2023\/05\/27\/checo-perez-sufre-choque-y-queda-fuera-de-la-qualy-del-gran-premio-de-monaco\/#primaryimage"},"image":{"@id":"https:\/\/www.bbmnoticias.com\/labravaradiofm\/2023\/05\/27\/checo-perez-sufre-choque-y-queda-fuera-de-la-qualy-del-gran-premio-de-monaco\/#primaryimage"},"thumbnailUrl":"https:\/\/www.bbmnoticias.com\/labravaradiofm\/wp-content\/uploads\/sites\/5\/2023\/05\/checo_perez.jpg","datePublished":"2023-05-27T15:49:35+00:00","dateModified":"2023-05-27T15:49:36+00:00","author":{"@id":"https:\/\/www.bbmnoticias.com\/labravaradiofm\/#\/schema\/person\/857a3daf5c8142f29919023f377fbfad"},"breadcrumb":{"@id":"https:\/\/www.bbmnoticias.com\/labravaradiofm\/2023\/05\/27\/checo-perez-sufre-choque-y-queda-fuera-de-la-qualy-del-gran-premio-de-monaco\/#breadcrumb"},"inLanguage":"es","potentialAction":[{"@type":"ReadAction","target":["https:\/\/www.bbmnoticias.com\/labravaradiofm\/2023\/05\/27\/checo-perez-sufre-choque-y-queda-fuera-de-la-qualy-del-gran-premio-de-monaco\/"]}]},{"@type":"ImageObject","inLanguage":"es","@id":"https:\/\/www.bbmnoticias.com\/labravaradiofm\/2023\/05\/27\/checo-perez-sufre-choque-y-queda-fuera-de-la-qualy-del-gran-premio-de-monaco\/#primaryimage","url":"https:\/\/www.bbmnoticias.com\/labravaradiofm\/wp-content\/uploads\/sites\/5\/2023\/05\/checo_perez.jpg","contentUrl":"https:\/\/www.bbmnoticias.com\/labravaradiofm\/wp-content\/uploads\/sites\/5\/2023\/05\/checo_perez.jpg","width":768,"height":473},{"@type":"BreadcrumbList","@id":"https:\/\/www.bbmnoticias.com\/labravaradiofm\/2023\/05\/27\/checo-perez-sufre-choque-y-queda-fuera-de-la-qualy-del-gran-premio-de-monaco\/#breadcrumb","itemListElement":[{"@type":"ListItem","position":1,"name":"Inicio","item":"https:\/\/www.bbmnoticias.com\/labravaradiofm\/"},{"@type":"ListItem","position":2,"name":"Checo P\u00e9rez sufre choque y queda fuera de la qualy del Gran Premio de M\u00f3naco"}]},{"@type":"WebSite","@id":"https:\/\/www.bbmnoticias.com\/labravaradiofm\/#website","url":"https:\/\/www.bbmnoticias.com\/labravaradiofm\/","name":"LA BRAVA RADIO","description":"Empresa productora de medios, Radiodifusi\u00f3n, Noticias, tendencias y todo lo que necesitas saber de la pol\u00edtica mexicana e internacional; entretenimiento, espect\u00e1culos, salud y mucho m\u00e1s.","potentialAction":[{"@type":"SearchAction","target":{"@type":"EntryPoint","urlTemplate":"https:\/\/www.bbmnoticias.com\/labravaradiofm\/?s={search_term_string}"},"query-input":{"@type":"PropertyValueSpecification","valueRequired":true,"valueName":"search_term_string"}}],"inLanguage":"es"},{"@type":"Person","@id":"https:\/\/www.bbmnoticias.com\/labravaradiofm\/#\/schema\/person\/857a3daf5c8142f29919023f377fbfad","name":"Agencias","image":{"@type":"ImageObject","inLanguage":"es","@id":"https:\/\/secure.gravatar.com\/avatar\/739e0b61adf9e398b425c36718c8752286da0e8cd90f20ce9a86678abc26aa0d?s=96&d=mm&r=g","url":"https:\/\/secure.gravatar.com\/avatar\/739e0b61adf9e398b425c36718c8752286da0e8cd90f20ce9a86678abc26aa0d?s=96&d=mm&r=g","contentUrl":"https:\/\/secure.gravatar.com\/avatar\/739e0b61adf9e398b425c36718c8752286da0e8cd90f20ce9a86678abc26aa0d?s=96&d=mm&r=g","caption":"Agencias"},"url":"https:\/\/www.bbmnoticias.com\/labravaradiofm\/author\/agencias\/"}]}},"_links":{"self":[{"href":"https:\/\/www.bbmnoticias.com\/labravaradiofm\/wp-json\/wp\/v2\/posts\/27810","targetHints":{"allow":["GET"]}}],"collection":[{"href":"https:\/\/www.bbmnoticias.com\/labravaradiofm\/wp-json\/wp\/v2\/posts"}],"about":[{"href":"https:\/\/www.bbmnoticias.com\/labravaradiofm\/wp-json\/wp\/v2\/types\/post"}],"author":[{"embeddable":true,"href":"https:\/\/www.bbmnoticias.com\/labravaradiofm\/wp-json\/wp\/v2\/users\/4"}],"replies":[{"embeddable":true,"href":"https:\/\/www.bbmnoticias.com\/labravaradiofm\/wp-json\/wp\/v2\/comments?post=27810"}],"version-history":[{"count":0,"href":"https:\/\/www.bbmnoticias.com\/labravaradiofm\/wp-json\/wp\/v2\/posts\/27810\/revisions"}],"wp:featuredmedia":[{"embeddable":true,"href":"https:\/\/www.bbmnoticias.com\/labravaradiofm\/wp-json\/wp\/v2\/media\/27811"}],"wp:attachment":[{"href":"https:\/\/www.bbmnoticias.com\/labravaradiofm\/wp-json\/wp\/v2\/media?parent=27810"}],"wp:term":[{"taxonomy":"category","embeddable":true,"href":"https:\/\/www.bbmnoticias.com\/labravaradiofm\/wp-json\/wp\/v2\/categories?post=27810"},{"taxonomy":"post_tag","embeddable":true,"href":"https:\/\/www.bbmnoticias.com\/labravaradiofm\/wp-json\/wp\/v2\/tags?post=27810"}],"curies":[{"name":"wp","href":"https:\/\/api.w.org\/{rel}","templated":true}]}}