{"id":27807,"date":"2023-05-27T09:40:31","date_gmt":"2023-05-27T15:40:31","guid":{"rendered":"https:\/\/www.bbmnoticias.com\/labravaradiofm\/?p=27807"},"modified":"2023-05-27T09:41:09","modified_gmt":"2023-05-27T15:41:09","slug":"desde-la-cuenca-del-papaloapan-inicia-salomon-jara-la-reparacion-historica-de-100-municipios-bienestar-en-oaxaca","status":"publish","type":"post","link":"https:\/\/www.bbmnoticias.com\/labravaradiofm\/2023\/05\/27\/desde-la-cuenca-del-papaloapan-inicia-salomon-jara-la-reparacion-historica-de-100-municipios-bienestar-en-oaxaca\/","title":{"rendered":"Desde la Cuenca del Papaloapan Inicia Salom\u00f3n Jara la reparaci\u00f3n hist\u00f3rica de 100 Municipios Bienestar en Oaxaca"},"content":{"rendered":"<div style=\"margin-top: 0px; margin-bottom: 0px;\" class=\"sharethis-inline-share-buttons\" ><\/div>\n<p><strong>Cuenca del Papaloapan.-<\/strong>\u00a0Para atender compromisos y otorgar respuestas a demandas realizadas con la sociedad oaxaque\u00f1a, el Gobernador del Estado Salom\u00f3n Jara Cruz inici\u00f3 la estrategia de Atenci\u00f3n a Municipios Bienestar, poblaciones que fueron denominadas de esta manera por concentrar los mayores \u00edndices de marginaci\u00f3n en la entidad.<\/p>\n\n\n\n<p>Durante su estancia en los municipios de San Felipe Jalapa de D\u00edaz y San Lucas Ojitl\u00e1n, en la regi\u00f3n de la Cuenca del Papaloapan, el Mandatario Estatal materializ\u00f3 diversos compromisos hechos durante los Encuentros con Autoridades Municipales, realizados en los 25 distritos locales de la entidad.<\/p>\n\n\n\n<p>Dio a conocer que esta estrategia consistir\u00e1 en focalizar las acciones de gobierno en las poblaciones donde se concentra la mayor cantidad de personas en condici\u00f3n de pobreza y pobreza extrema, adem\u00e1s de atender las solicitudes realizadas por sus autoridades.<\/p>\n\n\n\n<p>&#8220;Ahora, estos ser\u00e1n otros municipios, porque contar\u00e1n con escuelas dignas, los caminos que se necesitan, poblaciones donde los servicios de salud sean dignos y se atienda a toda la poblaci\u00f3n por igual&#8221;, precis\u00f3.<\/p>\n\n\n\n<p>Afirm\u00f3 que el rostro de Oaxaca no debe ser la pobreza, por ello refiri\u00f3 que, esta es la oportunidad de contar con un Gobierno honesto, trabajador y cercano, que ayude, trabaje y camine con su pueblo y que transforme la vida de los y las oaxaque\u00f1as.<\/p>\n\n\n\n<p><strong>Inician acciones en beneficio de los municipios<\/strong><\/p>\n\n\n\n<p>Como parte de estos recorridos, en San Felipe Jalapa de D\u00edaz, el Jefe del Poder Ejecutivo anunci\u00f3 que a trav\u00e9s de diversas dependencias dar\u00e1n atenci\u00f3n a alrededor de 400 familias mediante acciones de vivienda, as\u00ed como a jefas de familia con la Tarjeta Margarita Maza.<\/p>\n\n\n\n<p>Ejemplo de ello, es el apoyo que se brindar\u00e1 a las escuelas Preescolar Suave Patria y Primaria L\u00e1zaro C\u00e1rdenas de dicha localidad, instancias educativas que presentan diversas carencias en su infraestructura.<\/p>\n\n\n\n<p>Asegur\u00f3 que en materia de salud se aplicar\u00e1n 40 millones de pesos para el Hospital B\u00e1sico Comunitario de 12 camas, y se atender\u00e1n con equipamiento las 16 Casas de Salud ubicadas en diversas localidades.<\/p>\n\n\n\n<p>En otro rubro, para fomentar la seguridad y pacificaci\u00f3n en Jalapa de D\u00edaz, la administraci\u00f3n estatal tambi\u00e9n realiz\u00f3 la entrega de una patrulla, la cual abonar\u00e1 a combatir la incidencia delictiva en esta poblaci\u00f3n.<\/p>\n\n\n\n<p>En tanto, en San Lucas Ojitl\u00e1n se focalizar\u00e1 la atenci\u00f3n en la infraestructura de cuatro instituciones de diversos niveles educativos, as\u00ed como en materia de caminos hacia agencias municipales; se aplicar\u00e1n m\u00e1s de 26 millones de pesos en infraestructura, ocho millones en equipamiento y tres millones en medicamentos para el Centro de Salud de este municipio.<\/p>\n\n\n\n<p>Asimismo, ser\u00e1n beneficiadas 834 personas a trav\u00e9s de cocinas comunitarias y diversos servicios alimentarios para la poblaci\u00f3n en edades prioritarias.<\/p>\n\n\n\n<p>Tambi\u00e9n, ser\u00e1n atendidas 300 acciones en materia de vivienda para el mismo n\u00famero de familias, mediante las cuales se contribuir\u00e1 a mejorar la calidad de vida quienes habitan la comunidad.<\/p>\n\n\n\n<p>Finalmente, se otorg\u00f3 a la autoridad municipal una patrulla para la corporaci\u00f3n policiaca, y en materia agroalimentaria, se hizo entrega de semillas mejoradas de ma\u00edz, frijol, biofertilizantes e insumos para atender plagas y enfermedades.<\/p>\n\n\n\n<p>Mediante estas acciones el Gobierno del Estado da muestra de que los compromisos adquiridos con la sociedad son prioridad y siempre obtienen una respuesta.<\/p>\n","protected":false},"excerpt":{"rendered":"<p>Cuenca del Papaloapan.-\u00a0Para atender compromisos y otorgar respuestas a demandas realizadas con la sociedad oaxaque\u00f1a, el Gobernador del Estado Salom\u00f3n Jara Cruz inici\u00f3 la estrategia de Atenci\u00f3n a Municipios Bienestar, poblaciones que fueron denominadas de esta manera por concentrar los mayores \u00edndices de marginaci\u00f3n en la entidad. Durante su estancia en los municipios de San [&hellip;]<\/p>\n","protected":false},"author":2,"featured_media":27809,"comment_status":"closed","ping_status":"closed","sticky":false,"template":"","format":"standard","meta":{"footnotes":""},"categories":[2],"tags":[],"class_list":{"0":"post-27807","1":"post","2":"type-post","3":"status-publish","4":"format-standard","5":"has-post-thumbnail","7":"category-oaxaca"},"yoast_head":"<!-- This site is optimized with the Yoast SEO plugin v27.4 - https:\/\/yoast.com\/product\/yoast-seo-wordpress\/ -->\n<title>Desde la Cuenca del Papaloapan Inicia Salom\u00f3n Jara la reparaci\u00f3n hist\u00f3rica de 100 Municipios Bienestar en Oaxaca - LA BRAVA RADIO<\/title>\n<meta name=\"robots\" content=\"index, follow, max-snippet:-1, max-image-preview:large, max-video-preview:-1\" \/>\n<link rel=\"canonical\" href=\"https:\/\/www.bbmnoticias.com\/labravaradiofm\/2023\/05\/27\/desde-la-cuenca-del-papaloapan-inicia-salomon-jara-la-reparacion-historica-de-100-municipios-bienestar-en-oaxaca\/\" \/>\n<meta property=\"og:locale\" content=\"es_MX\" \/>\n<meta property=\"og:type\" content=\"article\" \/>\n<meta property=\"og:title\" content=\"Desde la Cuenca del Papaloapan Inicia Salom\u00f3n Jara la reparaci\u00f3n hist\u00f3rica de 100 Municipios Bienestar en Oaxaca - LA BRAVA RADIO\" \/>\n<meta property=\"og:description\" content=\"Cuenca del Papaloapan.-\u00a0Para atender compromisos y otorgar respuestas a demandas realizadas con la sociedad oaxaque\u00f1a, el Gobernador del Estado Salom\u00f3n Jara Cruz inici\u00f3 la estrategia de Atenci\u00f3n a Municipios Bienestar, poblaciones que fueron denominadas de esta manera por concentrar los mayores \u00edndices de marginaci\u00f3n en la entidad. Durante su estancia en los municipios de San [&hellip;]\" \/>\n<meta property=\"og:url\" content=\"https:\/\/www.bbmnoticias.com\/labravaradiofm\/2023\/05\/27\/desde-la-cuenca-del-papaloapan-inicia-salomon-jara-la-reparacion-historica-de-100-municipios-bienestar-en-oaxaca\/\" \/>\n<meta property=\"og:site_name\" content=\"LA BRAVA RADIO\" \/>\n<meta property=\"article:published_time\" content=\"2023-05-27T15:40:31+00:00\" \/>\n<meta property=\"article:modified_time\" content=\"2023-05-27T15:41:09+00:00\" \/>\n<meta property=\"og:image\" content=\"https:\/\/www.bbmnoticias.com\/labravaradiofm\/wp-content\/uploads\/sites\/5\/2023\/05\/sjc_cuenca.jpg\" \/>\n\t<meta property=\"og:image:width\" content=\"1200\" \/>\n\t<meta property=\"og:image:height\" content=\"800\" \/>\n\t<meta property=\"og:image:type\" content=\"image\/jpeg\" \/>\n<meta name=\"author\" content=\"Staff\" \/>\n<meta name=\"twitter:card\" content=\"summary_large_image\" \/>\n<meta name=\"twitter:label1\" content=\"Escrito por\" \/>\n\t<meta name=\"twitter:data1\" content=\"Staff\" \/>\n\t<meta name=\"twitter:label2\" content=\"Tiempo de lectura\" \/>\n\t<meta name=\"twitter:data2\" content=\"3 minutos\" \/>\n<script type=\"application\/ld+json\" class=\"yoast-schema-graph\">{\"@context\":\"https:\\\/\\\/schema.org\",\"@graph\":[{\"@type\":\"Article\",\"@id\":\"https:\\\/\\\/www.bbmnoticias.com\\\/labravaradiofm\\\/2023\\\/05\\\/27\\\/desde-la-cuenca-del-papaloapan-inicia-salomon-jara-la-reparacion-historica-de-100-municipios-bienestar-en-oaxaca\\\/#article\",\"isPartOf\":{\"@id\":\"https:\\\/\\\/www.bbmnoticias.com\\\/labravaradiofm\\\/2023\\\/05\\\/27\\\/desde-la-cuenca-del-papaloapan-inicia-salomon-jara-la-reparacion-historica-de-100-municipios-bienestar-en-oaxaca\\\/\"},\"author\":{\"name\":\"Staff\",\"@id\":\"https:\\\/\\\/www.bbmnoticias.com\\\/labravaradiofm\\\/#\\\/schema\\\/person\\\/34b139c617a70ea5bef5678bffe4dd7b\"},\"headline\":\"Desde la Cuenca del Papaloapan Inicia Salom\u00f3n Jara la reparaci\u00f3n hist\u00f3rica de 100 Municipios Bienestar en Oaxaca\",\"datePublished\":\"2023-05-27T15:40:31+00:00\",\"dateModified\":\"2023-05-27T15:41:09+00:00\",\"mainEntityOfPage\":{\"@id\":\"https:\\\/\\\/www.bbmnoticias.com\\\/labravaradiofm\\\/2023\\\/05\\\/27\\\/desde-la-cuenca-del-papaloapan-inicia-salomon-jara-la-reparacion-historica-de-100-municipios-bienestar-en-oaxaca\\\/\"},\"wordCount\":579,\"image\":{\"@id\":\"https:\\\/\\\/www.bbmnoticias.com\\\/labravaradiofm\\\/2023\\\/05\\\/27\\\/desde-la-cuenca-del-papaloapan-inicia-salomon-jara-la-reparacion-historica-de-100-municipios-bienestar-en-oaxaca\\\/#primaryimage\"},\"thumbnailUrl\":\"https:\\\/\\\/www.bbmnoticias.com\\\/labravaradiofm\\\/wp-content\\\/uploads\\\/sites\\\/5\\\/2023\\\/05\\\/sjc_cuenca.jpg\",\"articleSection\":[\"LOCAL\"],\"inLanguage\":\"es\"},{\"@type\":\"WebPage\",\"@id\":\"https:\\\/\\\/www.bbmnoticias.com\\\/labravaradiofm\\\/2023\\\/05\\\/27\\\/desde-la-cuenca-del-papaloapan-inicia-salomon-jara-la-reparacion-historica-de-100-municipios-bienestar-en-oaxaca\\\/\",\"url\":\"https:\\\/\\\/www.bbmnoticias.com\\\/labravaradiofm\\\/2023\\\/05\\\/27\\\/desde-la-cuenca-del-papaloapan-inicia-salomon-jara-la-reparacion-historica-de-100-municipios-bienestar-en-oaxaca\\\/\",\"name\":\"Desde la Cuenca del Papaloapan Inicia Salom\u00f3n Jara la reparaci\u00f3n hist\u00f3rica de 100 Municipios Bienestar en Oaxaca - LA BRAVA RADIO\",\"isPartOf\":{\"@id\":\"https:\\\/\\\/www.bbmnoticias.com\\\/labravaradiofm\\\/#website\"},\"primaryImageOfPage\":{\"@id\":\"https:\\\/\\\/www.bbmnoticias.com\\\/labravaradiofm\\\/2023\\\/05\\\/27\\\/desde-la-cuenca-del-papaloapan-inicia-salomon-jara-la-reparacion-historica-de-100-municipios-bienestar-en-oaxaca\\\/#primaryimage\"},\"image\":{\"@id\":\"https:\\\/\\\/www.bbmnoticias.com\\\/labravaradiofm\\\/2023\\\/05\\\/27\\\/desde-la-cuenca-del-papaloapan-inicia-salomon-jara-la-reparacion-historica-de-100-municipios-bienestar-en-oaxaca\\\/#primaryimage\"},\"thumbnailUrl\":\"https:\\\/\\\/www.bbmnoticias.com\\\/labravaradiofm\\\/wp-content\\\/uploads\\\/sites\\\/5\\\/2023\\\/05\\\/sjc_cuenca.jpg\",\"datePublished\":\"2023-05-27T15:40:31+00:00\",\"dateModified\":\"2023-05-27T15:41:09+00:00\",\"author\":{\"@id\":\"https:\\\/\\\/www.bbmnoticias.com\\\/labravaradiofm\\\/#\\\/schema\\\/person\\\/34b139c617a70ea5bef5678bffe4dd7b\"},\"breadcrumb\":{\"@id\":\"https:\\\/\\\/www.bbmnoticias.com\\\/labravaradiofm\\\/2023\\\/05\\\/27\\\/desde-la-cuenca-del-papaloapan-inicia-salomon-jara-la-reparacion-historica-de-100-municipios-bienestar-en-oaxaca\\\/#breadcrumb\"},\"inLanguage\":\"es\",\"potentialAction\":[{\"@type\":\"ReadAction\",\"target\":[\"https:\\\/\\\/www.bbmnoticias.com\\\/labravaradiofm\\\/2023\\\/05\\\/27\\\/desde-la-cuenca-del-papaloapan-inicia-salomon-jara-la-reparacion-historica-de-100-municipios-bienestar-en-oaxaca\\\/\"]}]},{\"@type\":\"ImageObject\",\"inLanguage\":\"es\",\"@id\":\"https:\\\/\\\/www.bbmnoticias.com\\\/labravaradiofm\\\/2023\\\/05\\\/27\\\/desde-la-cuenca-del-papaloapan-inicia-salomon-jara-la-reparacion-historica-de-100-municipios-bienestar-en-oaxaca\\\/#primaryimage\",\"url\":\"https:\\\/\\\/www.bbmnoticias.com\\\/labravaradiofm\\\/wp-content\\\/uploads\\\/sites\\\/5\\\/2023\\\/05\\\/sjc_cuenca.jpg\",\"contentUrl\":\"https:\\\/\\\/www.bbmnoticias.com\\\/labravaradiofm\\\/wp-content\\\/uploads\\\/sites\\\/5\\\/2023\\\/05\\\/sjc_cuenca.jpg\",\"width\":1200,\"height\":800},{\"@type\":\"BreadcrumbList\",\"@id\":\"https:\\\/\\\/www.bbmnoticias.com\\\/labravaradiofm\\\/2023\\\/05\\\/27\\\/desde-la-cuenca-del-papaloapan-inicia-salomon-jara-la-reparacion-historica-de-100-municipios-bienestar-en-oaxaca\\\/#breadcrumb\",\"itemListElement\":[{\"@type\":\"ListItem\",\"position\":1,\"name\":\"Inicio\",\"item\":\"https:\\\/\\\/www.bbmnoticias.com\\\/labravaradiofm\\\/\"},{\"@type\":\"ListItem\",\"position\":2,\"name\":\"Desde la Cuenca del Papaloapan Inicia Salom\u00f3n Jara la reparaci\u00f3n hist\u00f3rica de 100 Municipios Bienestar en Oaxaca\"}]},{\"@type\":\"WebSite\",\"@id\":\"https:\\\/\\\/www.bbmnoticias.com\\\/labravaradiofm\\\/#website\",\"url\":\"https:\\\/\\\/www.bbmnoticias.com\\\/labravaradiofm\\\/\",\"name\":\"LA BRAVA RADIO\",\"description\":\"Empresa productora de medios, Radiodifusi\u00f3n, Noticias, tendencias y todo lo que necesitas saber de la pol\u00edtica mexicana e internacional; entretenimiento, espect\u00e1culos, salud y mucho m\u00e1s.\",\"potentialAction\":[{\"@type\":\"SearchAction\",\"target\":{\"@type\":\"EntryPoint\",\"urlTemplate\":\"https:\\\/\\\/www.bbmnoticias.com\\\/labravaradiofm\\\/?s={search_term_string}\"},\"query-input\":{\"@type\":\"PropertyValueSpecification\",\"valueRequired\":true,\"valueName\":\"search_term_string\"}}],\"inLanguage\":\"es\"},{\"@type\":\"Person\",\"@id\":\"https:\\\/\\\/www.bbmnoticias.com\\\/labravaradiofm\\\/#\\\/schema\\\/person\\\/34b139c617a70ea5bef5678bffe4dd7b\",\"name\":\"Staff\",\"image\":{\"@type\":\"ImageObject\",\"inLanguage\":\"es\",\"@id\":\"https:\\\/\\\/secure.gravatar.com\\\/avatar\\\/fdd21ad66fd8b98c407f9dee5b5e588cfe7f0d8579ec20fa6527cd59bab7f0f0?s=96&d=mm&r=g\",\"url\":\"https:\\\/\\\/secure.gravatar.com\\\/avatar\\\/fdd21ad66fd8b98c407f9dee5b5e588cfe7f0d8579ec20fa6527cd59bab7f0f0?s=96&d=mm&r=g\",\"contentUrl\":\"https:\\\/\\\/secure.gravatar.com\\\/avatar\\\/fdd21ad66fd8b98c407f9dee5b5e588cfe7f0d8579ec20fa6527cd59bab7f0f0?s=96&d=mm&r=g\",\"caption\":\"Staff\"},\"url\":\"https:\\\/\\\/www.bbmnoticias.com\\\/labravaradiofm\\\/author\\\/redaccion\\\/\"}]}<\/script>\n<!-- \/ Yoast SEO plugin. -->","yoast_head_json":{"title":"Desde la Cuenca del Papaloapan Inicia Salom\u00f3n Jara la reparaci\u00f3n hist\u00f3rica de 100 Municipios Bienestar en Oaxaca - LA BRAVA RADIO","robots":{"index":"index","follow":"follow","max-snippet":"max-snippet:-1","max-image-preview":"max-image-preview:large","max-video-preview":"max-video-preview:-1"},"canonical":"https:\/\/www.bbmnoticias.com\/labravaradiofm\/2023\/05\/27\/desde-la-cuenca-del-papaloapan-inicia-salomon-jara-la-reparacion-historica-de-100-municipios-bienestar-en-oaxaca\/","og_locale":"es_MX","og_type":"article","og_title":"Desde la Cuenca del Papaloapan Inicia Salom\u00f3n Jara la reparaci\u00f3n hist\u00f3rica de 100 Municipios Bienestar en Oaxaca - LA BRAVA RADIO","og_description":"Cuenca del Papaloapan.-\u00a0Para atender compromisos y otorgar respuestas a demandas realizadas con la sociedad oaxaque\u00f1a, el Gobernador del Estado Salom\u00f3n Jara Cruz inici\u00f3 la estrategia de Atenci\u00f3n a Municipios Bienestar, poblaciones que fueron denominadas de esta manera por concentrar los mayores \u00edndices de marginaci\u00f3n en la entidad. Durante su estancia en los municipios de San [&hellip;]","og_url":"https:\/\/www.bbmnoticias.com\/labravaradiofm\/2023\/05\/27\/desde-la-cuenca-del-papaloapan-inicia-salomon-jara-la-reparacion-historica-de-100-municipios-bienestar-en-oaxaca\/","og_site_name":"LA BRAVA RADIO","article_published_time":"2023-05-27T15:40:31+00:00","article_modified_time":"2023-05-27T15:41:09+00:00","og_image":[{"width":1200,"height":800,"url":"https:\/\/www.bbmnoticias.com\/labravaradiofm\/wp-content\/uploads\/sites\/5\/2023\/05\/sjc_cuenca.jpg","type":"image\/jpeg"}],"author":"Staff","twitter_card":"summary_large_image","twitter_misc":{"Escrito por":"Staff","Tiempo de lectura":"3 minutos"},"schema":{"@context":"https:\/\/schema.org","@graph":[{"@type":"Article","@id":"https:\/\/www.bbmnoticias.com\/labravaradiofm\/2023\/05\/27\/desde-la-cuenca-del-papaloapan-inicia-salomon-jara-la-reparacion-historica-de-100-municipios-bienestar-en-oaxaca\/#article","isPartOf":{"@id":"https:\/\/www.bbmnoticias.com\/labravaradiofm\/2023\/05\/27\/desde-la-cuenca-del-papaloapan-inicia-salomon-jara-la-reparacion-historica-de-100-municipios-bienestar-en-oaxaca\/"},"author":{"name":"Staff","@id":"https:\/\/www.bbmnoticias.com\/labravaradiofm\/#\/schema\/person\/34b139c617a70ea5bef5678bffe4dd7b"},"headline":"Desde la Cuenca del Papaloapan Inicia Salom\u00f3n Jara la reparaci\u00f3n hist\u00f3rica de 100 Municipios Bienestar en Oaxaca","datePublished":"2023-05-27T15:40:31+00:00","dateModified":"2023-05-27T15:41:09+00:00","mainEntityOfPage":{"@id":"https:\/\/www.bbmnoticias.com\/labravaradiofm\/2023\/05\/27\/desde-la-cuenca-del-papaloapan-inicia-salomon-jara-la-reparacion-historica-de-100-municipios-bienestar-en-oaxaca\/"},"wordCount":579,"image":{"@id":"https:\/\/www.bbmnoticias.com\/labravaradiofm\/2023\/05\/27\/desde-la-cuenca-del-papaloapan-inicia-salomon-jara-la-reparacion-historica-de-100-municipios-bienestar-en-oaxaca\/#primaryimage"},"thumbnailUrl":"https:\/\/www.bbmnoticias.com\/labravaradiofm\/wp-content\/uploads\/sites\/5\/2023\/05\/sjc_cuenca.jpg","articleSection":["LOCAL"],"inLanguage":"es"},{"@type":"WebPage","@id":"https:\/\/www.bbmnoticias.com\/labravaradiofm\/2023\/05\/27\/desde-la-cuenca-del-papaloapan-inicia-salomon-jara-la-reparacion-historica-de-100-municipios-bienestar-en-oaxaca\/","url":"https:\/\/www.bbmnoticias.com\/labravaradiofm\/2023\/05\/27\/desde-la-cuenca-del-papaloapan-inicia-salomon-jara-la-reparacion-historica-de-100-municipios-bienestar-en-oaxaca\/","name":"Desde la Cuenca del Papaloapan Inicia Salom\u00f3n Jara la reparaci\u00f3n hist\u00f3rica de 100 Municipios Bienestar en Oaxaca - LA BRAVA RADIO","isPartOf":{"@id":"https:\/\/www.bbmnoticias.com\/labravaradiofm\/#website"},"primaryImageOfPage":{"@id":"https:\/\/www.bbmnoticias.com\/labravaradiofm\/2023\/05\/27\/desde-la-cuenca-del-papaloapan-inicia-salomon-jara-la-reparacion-historica-de-100-municipios-bienestar-en-oaxaca\/#primaryimage"},"image":{"@id":"https:\/\/www.bbmnoticias.com\/labravaradiofm\/2023\/05\/27\/desde-la-cuenca-del-papaloapan-inicia-salomon-jara-la-reparacion-historica-de-100-municipios-bienestar-en-oaxaca\/#primaryimage"},"thumbnailUrl":"https:\/\/www.bbmnoticias.com\/labravaradiofm\/wp-content\/uploads\/sites\/5\/2023\/05\/sjc_cuenca.jpg","datePublished":"2023-05-27T15:40:31+00:00","dateModified":"2023-05-27T15:41:09+00:00","author":{"@id":"https:\/\/www.bbmnoticias.com\/labravaradiofm\/#\/schema\/person\/34b139c617a70ea5bef5678bffe4dd7b"},"breadcrumb":{"@id":"https:\/\/www.bbmnoticias.com\/labravaradiofm\/2023\/05\/27\/desde-la-cuenca-del-papaloapan-inicia-salomon-jara-la-reparacion-historica-de-100-municipios-bienestar-en-oaxaca\/#breadcrumb"},"inLanguage":"es","potentialAction":[{"@type":"ReadAction","target":["https:\/\/www.bbmnoticias.com\/labravaradiofm\/2023\/05\/27\/desde-la-cuenca-del-papaloapan-inicia-salomon-jara-la-reparacion-historica-de-100-municipios-bienestar-en-oaxaca\/"]}]},{"@type":"ImageObject","inLanguage":"es","@id":"https:\/\/www.bbmnoticias.com\/labravaradiofm\/2023\/05\/27\/desde-la-cuenca-del-papaloapan-inicia-salomon-jara-la-reparacion-historica-de-100-municipios-bienestar-en-oaxaca\/#primaryimage","url":"https:\/\/www.bbmnoticias.com\/labravaradiofm\/wp-content\/uploads\/sites\/5\/2023\/05\/sjc_cuenca.jpg","contentUrl":"https:\/\/www.bbmnoticias.com\/labravaradiofm\/wp-content\/uploads\/sites\/5\/2023\/05\/sjc_cuenca.jpg","width":1200,"height":800},{"@type":"BreadcrumbList","@id":"https:\/\/www.bbmnoticias.com\/labravaradiofm\/2023\/05\/27\/desde-la-cuenca-del-papaloapan-inicia-salomon-jara-la-reparacion-historica-de-100-municipios-bienestar-en-oaxaca\/#breadcrumb","itemListElement":[{"@type":"ListItem","position":1,"name":"Inicio","item":"https:\/\/www.bbmnoticias.com\/labravaradiofm\/"},{"@type":"ListItem","position":2,"name":"Desde la Cuenca del Papaloapan Inicia Salom\u00f3n Jara la reparaci\u00f3n hist\u00f3rica de 100 Municipios Bienestar en Oaxaca"}]},{"@type":"WebSite","@id":"https:\/\/www.bbmnoticias.com\/labravaradiofm\/#website","url":"https:\/\/www.bbmnoticias.com\/labravaradiofm\/","name":"LA BRAVA RADIO","description":"Empresa productora de medios, Radiodifusi\u00f3n, Noticias, tendencias y todo lo que necesitas saber de la pol\u00edtica mexicana e internacional; entretenimiento, espect\u00e1culos, salud y mucho m\u00e1s.","potentialAction":[{"@type":"SearchAction","target":{"@type":"EntryPoint","urlTemplate":"https:\/\/www.bbmnoticias.com\/labravaradiofm\/?s={search_term_string}"},"query-input":{"@type":"PropertyValueSpecification","valueRequired":true,"valueName":"search_term_string"}}],"inLanguage":"es"},{"@type":"Person","@id":"https:\/\/www.bbmnoticias.com\/labravaradiofm\/#\/schema\/person\/34b139c617a70ea5bef5678bffe4dd7b","name":"Staff","image":{"@type":"ImageObject","inLanguage":"es","@id":"https:\/\/secure.gravatar.com\/avatar\/fdd21ad66fd8b98c407f9dee5b5e588cfe7f0d8579ec20fa6527cd59bab7f0f0?s=96&d=mm&r=g","url":"https:\/\/secure.gravatar.com\/avatar\/fdd21ad66fd8b98c407f9dee5b5e588cfe7f0d8579ec20fa6527cd59bab7f0f0?s=96&d=mm&r=g","contentUrl":"https:\/\/secure.gravatar.com\/avatar\/fdd21ad66fd8b98c407f9dee5b5e588cfe7f0d8579ec20fa6527cd59bab7f0f0?s=96&d=mm&r=g","caption":"Staff"},"url":"https:\/\/www.bbmnoticias.com\/labravaradiofm\/author\/redaccion\/"}]}},"_links":{"self":[{"href":"https:\/\/www.bbmnoticias.com\/labravaradiofm\/wp-json\/wp\/v2\/posts\/27807","targetHints":{"allow":["GET"]}}],"collection":[{"href":"https:\/\/www.bbmnoticias.com\/labravaradiofm\/wp-json\/wp\/v2\/posts"}],"about":[{"href":"https:\/\/www.bbmnoticias.com\/labravaradiofm\/wp-json\/wp\/v2\/types\/post"}],"author":[{"embeddable":true,"href":"https:\/\/www.bbmnoticias.com\/labravaradiofm\/wp-json\/wp\/v2\/users\/2"}],"replies":[{"embeddable":true,"href":"https:\/\/www.bbmnoticias.com\/labravaradiofm\/wp-json\/wp\/v2\/comments?post=27807"}],"version-history":[{"count":0,"href":"https:\/\/www.bbmnoticias.com\/labravaradiofm\/wp-json\/wp\/v2\/posts\/27807\/revisions"}],"wp:featuredmedia":[{"embeddable":true,"href":"https:\/\/www.bbmnoticias.com\/labravaradiofm\/wp-json\/wp\/v2\/media\/27809"}],"wp:attachment":[{"href":"https:\/\/www.bbmnoticias.com\/labravaradiofm\/wp-json\/wp\/v2\/media?parent=27807"}],"wp:term":[{"taxonomy":"category","embeddable":true,"href":"https:\/\/www.bbmnoticias.com\/labravaradiofm\/wp-json\/wp\/v2\/categories?post=27807"},{"taxonomy":"post_tag","embeddable":true,"href":"https:\/\/www.bbmnoticias.com\/labravaradiofm\/wp-json\/wp\/v2\/tags?post=27807"}],"curies":[{"name":"wp","href":"https:\/\/api.w.org\/{rel}","templated":true}]}}