{"id":27804,"date":"2023-05-27T09:28:58","date_gmt":"2023-05-27T15:28:58","guid":{"rendered":"https:\/\/www.bbmnoticias.com\/labravaradiofm\/?p=27804"},"modified":"2023-05-27T09:28:59","modified_gmt":"2023-05-27T15:28:59","slug":"seculta-evalua-riqueza-cultural-de-delegaciones-para-la-guelaguetza-2023","status":"publish","type":"post","link":"https:\/\/www.bbmnoticias.com\/labravaradiofm\/2023\/05\/27\/seculta-evalua-riqueza-cultural-de-delegaciones-para-la-guelaguetza-2023\/","title":{"rendered":"Seculta eval\u00faa riqueza cultural de delegaciones para la Guelaguetza 2023"},"content":{"rendered":"<div style=\"margin-top: 0px; margin-bottom: 0px;\" class=\"sharethis-inline-share-buttons\" ><\/div>\n<p><strong>Oaxaca de Ju\u00e1rez, Oax<\/strong>.- La Secretar\u00eda de las Culturas y Artes a trav\u00e9s de las y los Consejeros Interculturales continuar\u00e1n esta semana con la evaluaci\u00f3n de la riqueza cultural de las delegaciones que buscan participar en la Guelaguetza 2023, que por primera vez ser\u00e1 la expresi\u00f3n aut\u00e9ntica de los pueblos de Oaxaca.<\/p>\n\n\n\n<p>Las y los Consejeros Interculturales se trasladaron a los municipios para evaluar las expresiones musicales, danc\u00edsticas, art\u00edsticas y de indumentaria de las delegaciones que buscan participar en alguna de las cuatro ediciones de Los Lunes del Cerro.<\/p>\n\n\n\n<p>El titular de la Seculta V\u00edctor Cata reconoci\u00f3 la disposici\u00f3n de quienes fungen como Consejeros Interculturales, que aportan conocimientos y certeza al proceso de elecci\u00f3n de las expresiones culturales de los municipios y pueblos que se presentar\u00e1n en el auditorio del Cerro del Fort\u00edn a participar en la celebraci\u00f3n m\u00e1s importante de las y los oaxaque\u00f1os de las ocho regiones.<\/p>\n\n\n\n<p>En el Istmo de Tehuantepec son evaluados a partir de este viernes 26 las delegaciones de Mixtequilla, Ixhuat\u00e1n, Chicapa de Castro, Uni\u00f3n Hidalgo y San Blas Atempa. En los Valles Centrales: Trinidad Zaachila, Villa de Zaachila, San Mart\u00edn Tilcajete, San Bartolo Coyotepec, Villa de Mitla, Tlacolula de Matamoros.<\/p>\n\n\n\n<p>En tanto, en la Costa presentar\u00e1n sus cuadros art\u00edsticos: Santa Mar\u00eda Huatulco, San Juan Cacahuatepec, Santiago Cacahuatepec, Pinotepa Nacional, Villa de Tututepec y Santiago Jamiltepec. En la Mixteca: Chalcatongo de Hidalgo, Santo Tom\u00e1s Ocotepec y la Heroica Ciudad de Tlaxiaco.<\/p>\n\n\n\n<p>El secretario record\u00f3 que el proceso de evaluaciones terminar\u00e1 el 4 de junio y posteriormente, a final del mes, se dar\u00e1n a conocer los resultados, de los cuales se enterar\u00e1n todas las delegaciones. Por lo que, con anticipaci\u00f3n, la Seculta informar\u00e1 a cada delegaci\u00f3n que haya sido seleccionada para participar.<\/p>\n\n\n\n<p>Explic\u00f3 que en cada evaluaci\u00f3n, las y los participantes representan los bailables, danzas y piezas que fueron especificadas en la monograf\u00eda entregada en la Secretar\u00eda de las Culturas y Artes durante el proceso de registro que se llev\u00f3 a cabo el pasado mes de abril.<\/p>\n\n\n\n<p>Cabe se\u00f1alar que, por instrucciones del Gobernador Salom\u00f3n Jara Cruz, se desarticul\u00f3 el llamado Comit\u00e9 de Autenticidad que seleccionaba a las delegaciones participantes en la Guelaguetza y que exclu\u00eda las expresiones aut\u00e9nticas de los pueblos con criterios poco claros o interesados.<\/p>\n\n\n\n<p>Por ello, por primera vez, las y los 75 Consejeros Interculturales que fueron propuestos por sus autoridades por poseer un vasto conocimiento sobre su cultura y tradiciones y por ser promotores en la preservaci\u00f3n de sus costumbres, se encargar\u00e1n de seleccionar a quienes participar\u00e1n en los Lunes del Cerro los d\u00edas 17 y 24 de julio de este a\u00f1o.<\/p>\n\n\n\n<p>Las y los Consejeros provienen de las culturas zapoteca, mixteca, mixe, tacuate, amuzga, mestiza, afromexicana, chocholteca, chatina, chinanteca, mazateca, ikoot, zoque, triqui y nahua.<\/p>\n\n\n\n<p>El objetivo de las y los Consejeros Interculturales es tener una figura representativa que abone a la Reparaci\u00f3n Hist\u00f3rica de los Pueblos y se trata de un acto de inclusi\u00f3n, justicia social e interculturalidad, con la finalidad de promover una fiesta entre culturas, que fue el origen de los Lunes del Cerro en la Rotonda de la Azucena en 1932.<\/p>\n","protected":false},"excerpt":{"rendered":"<p>Oaxaca de Ju\u00e1rez, Oax.- La Secretar\u00eda de las Culturas y Artes a trav\u00e9s de las y los Consejeros Interculturales continuar\u00e1n esta semana con la evaluaci\u00f3n de la riqueza cultural de las delegaciones que buscan participar en la Guelaguetza 2023, que por primera vez ser\u00e1 la expresi\u00f3n aut\u00e9ntica de los pueblos de Oaxaca. Las y los [&hellip;]<\/p>\n","protected":false},"author":2,"featured_media":27805,"comment_status":"closed","ping_status":"closed","sticky":false,"template":"","format":"standard","meta":{"footnotes":""},"categories":[2],"tags":[],"class_list":{"0":"post-27804","1":"post","2":"type-post","3":"status-publish","4":"format-standard","5":"has-post-thumbnail","7":"category-oaxaca"},"yoast_head":"<!-- This site is optimized with the Yoast SEO plugin v27.4 - https:\/\/yoast.com\/product\/yoast-seo-wordpress\/ -->\n<title>Seculta eval\u00faa riqueza cultural de delegaciones para la Guelaguetza 2023 - LA BRAVA RADIO<\/title>\n<meta name=\"robots\" content=\"index, follow, max-snippet:-1, max-image-preview:large, max-video-preview:-1\" \/>\n<link rel=\"canonical\" href=\"https:\/\/www.bbmnoticias.com\/labravaradiofm\/2023\/05\/27\/seculta-evalua-riqueza-cultural-de-delegaciones-para-la-guelaguetza-2023\/\" \/>\n<meta property=\"og:locale\" content=\"es_MX\" \/>\n<meta property=\"og:type\" content=\"article\" \/>\n<meta property=\"og:title\" content=\"Seculta eval\u00faa riqueza cultural de delegaciones para la Guelaguetza 2023 - LA BRAVA RADIO\" \/>\n<meta property=\"og:description\" content=\"Oaxaca de Ju\u00e1rez, Oax.- La Secretar\u00eda de las Culturas y Artes a trav\u00e9s de las y los Consejeros Interculturales continuar\u00e1n esta semana con la evaluaci\u00f3n de la riqueza cultural de las delegaciones que buscan participar en la Guelaguetza 2023, que por primera vez ser\u00e1 la expresi\u00f3n aut\u00e9ntica de los pueblos de Oaxaca. Las y los [&hellip;]\" \/>\n<meta property=\"og:url\" content=\"https:\/\/www.bbmnoticias.com\/labravaradiofm\/2023\/05\/27\/seculta-evalua-riqueza-cultural-de-delegaciones-para-la-guelaguetza-2023\/\" \/>\n<meta property=\"og:site_name\" content=\"LA BRAVA RADIO\" \/>\n<meta property=\"article:published_time\" content=\"2023-05-27T15:28:58+00:00\" \/>\n<meta property=\"article:modified_time\" content=\"2023-05-27T15:28:59+00:00\" \/>\n<meta property=\"og:image\" content=\"https:\/\/www.bbmnoticias.com\/labravaradiofm\/wp-content\/uploads\/sites\/5\/2023\/05\/guelaguetza2023.jpeg\" \/>\n\t<meta property=\"og:image:width\" content=\"1280\" \/>\n\t<meta property=\"og:image:height\" content=\"854\" \/>\n\t<meta property=\"og:image:type\" content=\"image\/jpeg\" \/>\n<meta name=\"author\" content=\"Staff\" \/>\n<meta name=\"twitter:card\" content=\"summary_large_image\" \/>\n<meta name=\"twitter:label1\" content=\"Escrito por\" \/>\n\t<meta name=\"twitter:data1\" content=\"Staff\" \/>\n\t<meta name=\"twitter:label2\" content=\"Tiempo de lectura\" \/>\n\t<meta name=\"twitter:data2\" content=\"3 minutos\" \/>\n<script type=\"application\/ld+json\" class=\"yoast-schema-graph\">{\"@context\":\"https:\\\/\\\/schema.org\",\"@graph\":[{\"@type\":\"Article\",\"@id\":\"https:\\\/\\\/www.bbmnoticias.com\\\/labravaradiofm\\\/2023\\\/05\\\/27\\\/seculta-evalua-riqueza-cultural-de-delegaciones-para-la-guelaguetza-2023\\\/#article\",\"isPartOf\":{\"@id\":\"https:\\\/\\\/www.bbmnoticias.com\\\/labravaradiofm\\\/2023\\\/05\\\/27\\\/seculta-evalua-riqueza-cultural-de-delegaciones-para-la-guelaguetza-2023\\\/\"},\"author\":{\"name\":\"Staff\",\"@id\":\"https:\\\/\\\/www.bbmnoticias.com\\\/labravaradiofm\\\/#\\\/schema\\\/person\\\/34b139c617a70ea5bef5678bffe4dd7b\"},\"headline\":\"Seculta eval\u00faa riqueza cultural de delegaciones para la Guelaguetza 2023\",\"datePublished\":\"2023-05-27T15:28:58+00:00\",\"dateModified\":\"2023-05-27T15:28:59+00:00\",\"mainEntityOfPage\":{\"@id\":\"https:\\\/\\\/www.bbmnoticias.com\\\/labravaradiofm\\\/2023\\\/05\\\/27\\\/seculta-evalua-riqueza-cultural-de-delegaciones-para-la-guelaguetza-2023\\\/\"},\"wordCount\":563,\"image\":{\"@id\":\"https:\\\/\\\/www.bbmnoticias.com\\\/labravaradiofm\\\/2023\\\/05\\\/27\\\/seculta-evalua-riqueza-cultural-de-delegaciones-para-la-guelaguetza-2023\\\/#primaryimage\"},\"thumbnailUrl\":\"https:\\\/\\\/www.bbmnoticias.com\\\/labravaradiofm\\\/wp-content\\\/uploads\\\/sites\\\/5\\\/2023\\\/05\\\/guelaguetza2023.jpeg\",\"articleSection\":[\"LOCAL\"],\"inLanguage\":\"es\"},{\"@type\":\"WebPage\",\"@id\":\"https:\\\/\\\/www.bbmnoticias.com\\\/labravaradiofm\\\/2023\\\/05\\\/27\\\/seculta-evalua-riqueza-cultural-de-delegaciones-para-la-guelaguetza-2023\\\/\",\"url\":\"https:\\\/\\\/www.bbmnoticias.com\\\/labravaradiofm\\\/2023\\\/05\\\/27\\\/seculta-evalua-riqueza-cultural-de-delegaciones-para-la-guelaguetza-2023\\\/\",\"name\":\"Seculta eval\u00faa riqueza cultural de delegaciones para la Guelaguetza 2023 - LA BRAVA RADIO\",\"isPartOf\":{\"@id\":\"https:\\\/\\\/www.bbmnoticias.com\\\/labravaradiofm\\\/#website\"},\"primaryImageOfPage\":{\"@id\":\"https:\\\/\\\/www.bbmnoticias.com\\\/labravaradiofm\\\/2023\\\/05\\\/27\\\/seculta-evalua-riqueza-cultural-de-delegaciones-para-la-guelaguetza-2023\\\/#primaryimage\"},\"image\":{\"@id\":\"https:\\\/\\\/www.bbmnoticias.com\\\/labravaradiofm\\\/2023\\\/05\\\/27\\\/seculta-evalua-riqueza-cultural-de-delegaciones-para-la-guelaguetza-2023\\\/#primaryimage\"},\"thumbnailUrl\":\"https:\\\/\\\/www.bbmnoticias.com\\\/labravaradiofm\\\/wp-content\\\/uploads\\\/sites\\\/5\\\/2023\\\/05\\\/guelaguetza2023.jpeg\",\"datePublished\":\"2023-05-27T15:28:58+00:00\",\"dateModified\":\"2023-05-27T15:28:59+00:00\",\"author\":{\"@id\":\"https:\\\/\\\/www.bbmnoticias.com\\\/labravaradiofm\\\/#\\\/schema\\\/person\\\/34b139c617a70ea5bef5678bffe4dd7b\"},\"breadcrumb\":{\"@id\":\"https:\\\/\\\/www.bbmnoticias.com\\\/labravaradiofm\\\/2023\\\/05\\\/27\\\/seculta-evalua-riqueza-cultural-de-delegaciones-para-la-guelaguetza-2023\\\/#breadcrumb\"},\"inLanguage\":\"es\",\"potentialAction\":[{\"@type\":\"ReadAction\",\"target\":[\"https:\\\/\\\/www.bbmnoticias.com\\\/labravaradiofm\\\/2023\\\/05\\\/27\\\/seculta-evalua-riqueza-cultural-de-delegaciones-para-la-guelaguetza-2023\\\/\"]}]},{\"@type\":\"ImageObject\",\"inLanguage\":\"es\",\"@id\":\"https:\\\/\\\/www.bbmnoticias.com\\\/labravaradiofm\\\/2023\\\/05\\\/27\\\/seculta-evalua-riqueza-cultural-de-delegaciones-para-la-guelaguetza-2023\\\/#primaryimage\",\"url\":\"https:\\\/\\\/www.bbmnoticias.com\\\/labravaradiofm\\\/wp-content\\\/uploads\\\/sites\\\/5\\\/2023\\\/05\\\/guelaguetza2023.jpeg\",\"contentUrl\":\"https:\\\/\\\/www.bbmnoticias.com\\\/labravaradiofm\\\/wp-content\\\/uploads\\\/sites\\\/5\\\/2023\\\/05\\\/guelaguetza2023.jpeg\",\"width\":1280,\"height\":854},{\"@type\":\"BreadcrumbList\",\"@id\":\"https:\\\/\\\/www.bbmnoticias.com\\\/labravaradiofm\\\/2023\\\/05\\\/27\\\/seculta-evalua-riqueza-cultural-de-delegaciones-para-la-guelaguetza-2023\\\/#breadcrumb\",\"itemListElement\":[{\"@type\":\"ListItem\",\"position\":1,\"name\":\"Inicio\",\"item\":\"https:\\\/\\\/www.bbmnoticias.com\\\/labravaradiofm\\\/\"},{\"@type\":\"ListItem\",\"position\":2,\"name\":\"Seculta eval\u00faa riqueza cultural de delegaciones para la Guelaguetza 2023\"}]},{\"@type\":\"WebSite\",\"@id\":\"https:\\\/\\\/www.bbmnoticias.com\\\/labravaradiofm\\\/#website\",\"url\":\"https:\\\/\\\/www.bbmnoticias.com\\\/labravaradiofm\\\/\",\"name\":\"LA BRAVA RADIO\",\"description\":\"Empresa productora de medios, Radiodifusi\u00f3n, Noticias, tendencias y todo lo que necesitas saber de la pol\u00edtica mexicana e internacional; entretenimiento, espect\u00e1culos, salud y mucho m\u00e1s.\",\"potentialAction\":[{\"@type\":\"SearchAction\",\"target\":{\"@type\":\"EntryPoint\",\"urlTemplate\":\"https:\\\/\\\/www.bbmnoticias.com\\\/labravaradiofm\\\/?s={search_term_string}\"},\"query-input\":{\"@type\":\"PropertyValueSpecification\",\"valueRequired\":true,\"valueName\":\"search_term_string\"}}],\"inLanguage\":\"es\"},{\"@type\":\"Person\",\"@id\":\"https:\\\/\\\/www.bbmnoticias.com\\\/labravaradiofm\\\/#\\\/schema\\\/person\\\/34b139c617a70ea5bef5678bffe4dd7b\",\"name\":\"Staff\",\"image\":{\"@type\":\"ImageObject\",\"inLanguage\":\"es\",\"@id\":\"https:\\\/\\\/secure.gravatar.com\\\/avatar\\\/fdd21ad66fd8b98c407f9dee5b5e588cfe7f0d8579ec20fa6527cd59bab7f0f0?s=96&d=mm&r=g\",\"url\":\"https:\\\/\\\/secure.gravatar.com\\\/avatar\\\/fdd21ad66fd8b98c407f9dee5b5e588cfe7f0d8579ec20fa6527cd59bab7f0f0?s=96&d=mm&r=g\",\"contentUrl\":\"https:\\\/\\\/secure.gravatar.com\\\/avatar\\\/fdd21ad66fd8b98c407f9dee5b5e588cfe7f0d8579ec20fa6527cd59bab7f0f0?s=96&d=mm&r=g\",\"caption\":\"Staff\"},\"url\":\"https:\\\/\\\/www.bbmnoticias.com\\\/labravaradiofm\\\/author\\\/redaccion\\\/\"}]}<\/script>\n<!-- \/ Yoast SEO plugin. -->","yoast_head_json":{"title":"Seculta eval\u00faa riqueza cultural de delegaciones para la Guelaguetza 2023 - LA BRAVA RADIO","robots":{"index":"index","follow":"follow","max-snippet":"max-snippet:-1","max-image-preview":"max-image-preview:large","max-video-preview":"max-video-preview:-1"},"canonical":"https:\/\/www.bbmnoticias.com\/labravaradiofm\/2023\/05\/27\/seculta-evalua-riqueza-cultural-de-delegaciones-para-la-guelaguetza-2023\/","og_locale":"es_MX","og_type":"article","og_title":"Seculta eval\u00faa riqueza cultural de delegaciones para la Guelaguetza 2023 - LA BRAVA RADIO","og_description":"Oaxaca de Ju\u00e1rez, Oax.- La Secretar\u00eda de las Culturas y Artes a trav\u00e9s de las y los Consejeros Interculturales continuar\u00e1n esta semana con la evaluaci\u00f3n de la riqueza cultural de las delegaciones que buscan participar en la Guelaguetza 2023, que por primera vez ser\u00e1 la expresi\u00f3n aut\u00e9ntica de los pueblos de Oaxaca. Las y los [&hellip;]","og_url":"https:\/\/www.bbmnoticias.com\/labravaradiofm\/2023\/05\/27\/seculta-evalua-riqueza-cultural-de-delegaciones-para-la-guelaguetza-2023\/","og_site_name":"LA BRAVA RADIO","article_published_time":"2023-05-27T15:28:58+00:00","article_modified_time":"2023-05-27T15:28:59+00:00","og_image":[{"width":1280,"height":854,"url":"https:\/\/www.bbmnoticias.com\/labravaradiofm\/wp-content\/uploads\/sites\/5\/2023\/05\/guelaguetza2023.jpeg","type":"image\/jpeg"}],"author":"Staff","twitter_card":"summary_large_image","twitter_misc":{"Escrito por":"Staff","Tiempo de lectura":"3 minutos"},"schema":{"@context":"https:\/\/schema.org","@graph":[{"@type":"Article","@id":"https:\/\/www.bbmnoticias.com\/labravaradiofm\/2023\/05\/27\/seculta-evalua-riqueza-cultural-de-delegaciones-para-la-guelaguetza-2023\/#article","isPartOf":{"@id":"https:\/\/www.bbmnoticias.com\/labravaradiofm\/2023\/05\/27\/seculta-evalua-riqueza-cultural-de-delegaciones-para-la-guelaguetza-2023\/"},"author":{"name":"Staff","@id":"https:\/\/www.bbmnoticias.com\/labravaradiofm\/#\/schema\/person\/34b139c617a70ea5bef5678bffe4dd7b"},"headline":"Seculta eval\u00faa riqueza cultural de delegaciones para la Guelaguetza 2023","datePublished":"2023-05-27T15:28:58+00:00","dateModified":"2023-05-27T15:28:59+00:00","mainEntityOfPage":{"@id":"https:\/\/www.bbmnoticias.com\/labravaradiofm\/2023\/05\/27\/seculta-evalua-riqueza-cultural-de-delegaciones-para-la-guelaguetza-2023\/"},"wordCount":563,"image":{"@id":"https:\/\/www.bbmnoticias.com\/labravaradiofm\/2023\/05\/27\/seculta-evalua-riqueza-cultural-de-delegaciones-para-la-guelaguetza-2023\/#primaryimage"},"thumbnailUrl":"https:\/\/www.bbmnoticias.com\/labravaradiofm\/wp-content\/uploads\/sites\/5\/2023\/05\/guelaguetza2023.jpeg","articleSection":["LOCAL"],"inLanguage":"es"},{"@type":"WebPage","@id":"https:\/\/www.bbmnoticias.com\/labravaradiofm\/2023\/05\/27\/seculta-evalua-riqueza-cultural-de-delegaciones-para-la-guelaguetza-2023\/","url":"https:\/\/www.bbmnoticias.com\/labravaradiofm\/2023\/05\/27\/seculta-evalua-riqueza-cultural-de-delegaciones-para-la-guelaguetza-2023\/","name":"Seculta eval\u00faa riqueza cultural de delegaciones para la Guelaguetza 2023 - LA BRAVA RADIO","isPartOf":{"@id":"https:\/\/www.bbmnoticias.com\/labravaradiofm\/#website"},"primaryImageOfPage":{"@id":"https:\/\/www.bbmnoticias.com\/labravaradiofm\/2023\/05\/27\/seculta-evalua-riqueza-cultural-de-delegaciones-para-la-guelaguetza-2023\/#primaryimage"},"image":{"@id":"https:\/\/www.bbmnoticias.com\/labravaradiofm\/2023\/05\/27\/seculta-evalua-riqueza-cultural-de-delegaciones-para-la-guelaguetza-2023\/#primaryimage"},"thumbnailUrl":"https:\/\/www.bbmnoticias.com\/labravaradiofm\/wp-content\/uploads\/sites\/5\/2023\/05\/guelaguetza2023.jpeg","datePublished":"2023-05-27T15:28:58+00:00","dateModified":"2023-05-27T15:28:59+00:00","author":{"@id":"https:\/\/www.bbmnoticias.com\/labravaradiofm\/#\/schema\/person\/34b139c617a70ea5bef5678bffe4dd7b"},"breadcrumb":{"@id":"https:\/\/www.bbmnoticias.com\/labravaradiofm\/2023\/05\/27\/seculta-evalua-riqueza-cultural-de-delegaciones-para-la-guelaguetza-2023\/#breadcrumb"},"inLanguage":"es","potentialAction":[{"@type":"ReadAction","target":["https:\/\/www.bbmnoticias.com\/labravaradiofm\/2023\/05\/27\/seculta-evalua-riqueza-cultural-de-delegaciones-para-la-guelaguetza-2023\/"]}]},{"@type":"ImageObject","inLanguage":"es","@id":"https:\/\/www.bbmnoticias.com\/labravaradiofm\/2023\/05\/27\/seculta-evalua-riqueza-cultural-de-delegaciones-para-la-guelaguetza-2023\/#primaryimage","url":"https:\/\/www.bbmnoticias.com\/labravaradiofm\/wp-content\/uploads\/sites\/5\/2023\/05\/guelaguetza2023.jpeg","contentUrl":"https:\/\/www.bbmnoticias.com\/labravaradiofm\/wp-content\/uploads\/sites\/5\/2023\/05\/guelaguetza2023.jpeg","width":1280,"height":854},{"@type":"BreadcrumbList","@id":"https:\/\/www.bbmnoticias.com\/labravaradiofm\/2023\/05\/27\/seculta-evalua-riqueza-cultural-de-delegaciones-para-la-guelaguetza-2023\/#breadcrumb","itemListElement":[{"@type":"ListItem","position":1,"name":"Inicio","item":"https:\/\/www.bbmnoticias.com\/labravaradiofm\/"},{"@type":"ListItem","position":2,"name":"Seculta eval\u00faa riqueza cultural de delegaciones para la Guelaguetza 2023"}]},{"@type":"WebSite","@id":"https:\/\/www.bbmnoticias.com\/labravaradiofm\/#website","url":"https:\/\/www.bbmnoticias.com\/labravaradiofm\/","name":"LA BRAVA RADIO","description":"Empresa productora de medios, Radiodifusi\u00f3n, Noticias, tendencias y todo lo que necesitas saber de la pol\u00edtica mexicana e internacional; entretenimiento, espect\u00e1culos, salud y mucho m\u00e1s.","potentialAction":[{"@type":"SearchAction","target":{"@type":"EntryPoint","urlTemplate":"https:\/\/www.bbmnoticias.com\/labravaradiofm\/?s={search_term_string}"},"query-input":{"@type":"PropertyValueSpecification","valueRequired":true,"valueName":"search_term_string"}}],"inLanguage":"es"},{"@type":"Person","@id":"https:\/\/www.bbmnoticias.com\/labravaradiofm\/#\/schema\/person\/34b139c617a70ea5bef5678bffe4dd7b","name":"Staff","image":{"@type":"ImageObject","inLanguage":"es","@id":"https:\/\/secure.gravatar.com\/avatar\/fdd21ad66fd8b98c407f9dee5b5e588cfe7f0d8579ec20fa6527cd59bab7f0f0?s=96&d=mm&r=g","url":"https:\/\/secure.gravatar.com\/avatar\/fdd21ad66fd8b98c407f9dee5b5e588cfe7f0d8579ec20fa6527cd59bab7f0f0?s=96&d=mm&r=g","contentUrl":"https:\/\/secure.gravatar.com\/avatar\/fdd21ad66fd8b98c407f9dee5b5e588cfe7f0d8579ec20fa6527cd59bab7f0f0?s=96&d=mm&r=g","caption":"Staff"},"url":"https:\/\/www.bbmnoticias.com\/labravaradiofm\/author\/redaccion\/"}]}},"_links":{"self":[{"href":"https:\/\/www.bbmnoticias.com\/labravaradiofm\/wp-json\/wp\/v2\/posts\/27804","targetHints":{"allow":["GET"]}}],"collection":[{"href":"https:\/\/www.bbmnoticias.com\/labravaradiofm\/wp-json\/wp\/v2\/posts"}],"about":[{"href":"https:\/\/www.bbmnoticias.com\/labravaradiofm\/wp-json\/wp\/v2\/types\/post"}],"author":[{"embeddable":true,"href":"https:\/\/www.bbmnoticias.com\/labravaradiofm\/wp-json\/wp\/v2\/users\/2"}],"replies":[{"embeddable":true,"href":"https:\/\/www.bbmnoticias.com\/labravaradiofm\/wp-json\/wp\/v2\/comments?post=27804"}],"version-history":[{"count":0,"href":"https:\/\/www.bbmnoticias.com\/labravaradiofm\/wp-json\/wp\/v2\/posts\/27804\/revisions"}],"wp:featuredmedia":[{"embeddable":true,"href":"https:\/\/www.bbmnoticias.com\/labravaradiofm\/wp-json\/wp\/v2\/media\/27805"}],"wp:attachment":[{"href":"https:\/\/www.bbmnoticias.com\/labravaradiofm\/wp-json\/wp\/v2\/media?parent=27804"}],"wp:term":[{"taxonomy":"category","embeddable":true,"href":"https:\/\/www.bbmnoticias.com\/labravaradiofm\/wp-json\/wp\/v2\/categories?post=27804"},{"taxonomy":"post_tag","embeddable":true,"href":"https:\/\/www.bbmnoticias.com\/labravaradiofm\/wp-json\/wp\/v2\/tags?post=27804"}],"curies":[{"name":"wp","href":"https:\/\/api.w.org\/{rel}","templated":true}]}}