{"id":27795,"date":"2023-05-26T19:12:07","date_gmt":"2023-05-27T01:12:07","guid":{"rendered":"https:\/\/www.bbmnoticias.com\/labravaradiofm\/?p=27795"},"modified":"2023-05-26T19:12:08","modified_gmt":"2023-05-27T01:12:08","slug":"gobierno-del-estado-refrenda-su-compromiso-de-hacer-del-turismo-un-motor-de-desarrollo-economico-y-social","status":"publish","type":"post","link":"https:\/\/www.bbmnoticias.com\/labravaradiofm\/2023\/05\/26\/gobierno-del-estado-refrenda-su-compromiso-de-hacer-del-turismo-un-motor-de-desarrollo-economico-y-social\/","title":{"rendered":"Gobierno del Estado refrenda su compromiso de hacer del turismo un motor de desarrollo econ\u00f3mico y social"},"content":{"rendered":"<div style=\"margin-top: 0px; margin-bottom: 0px;\" class=\"sharethis-inline-share-buttons\" ><\/div>\n<ul class=\"wp-block-list\">\n<li><em>La capacitaci\u00f3n denominada \u201cAtenci\u00f3n en el servicio al estilo Disney\u201d consiste en ofrecer herramientas a las y los prestadores de servicios tur\u00edsticos para mejorar la calidad en la atenci\u00f3n<\/em><\/li>\n<\/ul>\n\n\n\n<p><strong>Oaxaca de Ju\u00e1rez, Oax. 26 de mayo del 2023.- <\/strong>El Gobierno del Estado a trav\u00e9s de la Secretar\u00eda de Turismo (Sectur Oaxaca) busca la capacitaci\u00f3n constante de la industria sin chimeneas para elevar la competitividad de los servicios.<\/p>\n\n\n\n<p>La capacitaci\u00f3n denominada \u201cAtenci\u00f3n en el servicio al estilo Disney\u201d consiste en el manejo de idiomas, mantenimiento extremo de las instalaciones, conocimiento de la cultura, preparaci\u00f3n profesional de los alimentos, que las artesan\u00edas sean de gran calidad y aut\u00e9nticas, infraestructura de calidad y que permita a las y los paseantes nacionales y extranjeros disfrutar y conocer los atractivos tur\u00edsticos que ofrece Oaxaca.<\/p>\n\n\n\n<p>En ese contexto, el curso \u201cAtenci\u00f3n en el servicio al estilo Disney\u201d impartido por la Sectur federal (antes a trav\u00e9s del extinto Programa de Desarrollo Regional Tur\u00edstico Sustentable y Pueblos M\u00e1gicos, Proderm\u00e1gico) se basa en el libro \u201cLas 7 claves del \u00e9xito de Disney\u201d de donde se toma el nombre.<\/p>\n\n\n\n<p>La decisi\u00f3n de brindar este taller, ya posicionado entre el sector tur\u00edstico a nivel nacional, es en respuesta a la demanda por parte de prestadoras y prestadores de servicios tur\u00edsticos para acceder a \u00e9l, dado que tiene como objetivo brindar herramientas para elevar la calidad del servicio.<\/p>\n\n\n\n<p>Es importante enfatizar que la administraci\u00f3n que encabeza el Gobernador del Estado Salom\u00f3n Jara Cruz busca que la pr\u00e1ctica del turismo sea una herramienta de integraci\u00f3n y reconciliaci\u00f3n social, un motor de desarrollo econ\u00f3mico y bienestar para las y los oaxaque\u00f1os, con pleno respeto a la diversidad cultural y natural de los destinos.<\/p>\n\n\n\n<p>Con estas acciones se refrenda el compromiso para seguir impulsando un turismo justo, sostenible, a la par de fortalecer la premisa del Gobierno Federal de tener un turismo con sentido democr\u00e1tico, con estrategias que den como resultado un beneficio econ\u00f3mico que permee en todas las personas que habitan los destinos.<\/p>\n\n\n\n<p>Adem\u00e1s, se reitera la responsabilidad del Gobierno del Estado en promover al turismo como una v\u00eda para cubrir las necesidades de los municipios, principalmente los m\u00e1s desfavorecidos y reparar la deuda hist\u00f3rica que se tiene con las comunidades, garantizando los servicios esenciales.<\/p>\n","protected":false},"excerpt":{"rendered":"<p>Oaxaca de Ju\u00e1rez, Oax. 26 de mayo del 2023.- El Gobierno del Estado a trav\u00e9s de la Secretar\u00eda de Turismo (Sectur Oaxaca) busca la capacitaci\u00f3n constante de la industria sin chimeneas para elevar la competitividad de los servicios. La capacitaci\u00f3n denominada \u201cAtenci\u00f3n en el servicio al estilo Disney\u201d consiste en el manejo de idiomas, mantenimiento [&hellip;]<\/p>\n","protected":false},"author":2,"featured_media":27796,"comment_status":"closed","ping_status":"closed","sticky":false,"template":"","format":"standard","meta":{"footnotes":""},"categories":[2],"tags":[],"class_list":{"0":"post-27795","1":"post","2":"type-post","3":"status-publish","4":"format-standard","5":"has-post-thumbnail","7":"category-oaxaca"},"yoast_head":"<!-- This site is optimized with the Yoast SEO plugin v27.4 - https:\/\/yoast.com\/product\/yoast-seo-wordpress\/ -->\n<title>Gobierno del Estado refrenda su compromiso de hacer del turismo un motor de desarrollo econ\u00f3mico y social - LA BRAVA RADIO<\/title>\n<meta name=\"robots\" content=\"index, follow, max-snippet:-1, max-image-preview:large, max-video-preview:-1\" \/>\n<link rel=\"canonical\" href=\"https:\/\/www.bbmnoticias.com\/labravaradiofm\/2023\/05\/26\/gobierno-del-estado-refrenda-su-compromiso-de-hacer-del-turismo-un-motor-de-desarrollo-economico-y-social\/\" \/>\n<meta property=\"og:locale\" content=\"es_MX\" \/>\n<meta property=\"og:type\" content=\"article\" \/>\n<meta property=\"og:title\" content=\"Gobierno del Estado refrenda su compromiso de hacer del turismo un motor de desarrollo econ\u00f3mico y social - LA BRAVA RADIO\" \/>\n<meta property=\"og:description\" content=\"Oaxaca de Ju\u00e1rez, Oax. 26 de mayo del 2023.- El Gobierno del Estado a trav\u00e9s de la Secretar\u00eda de Turismo (Sectur Oaxaca) busca la capacitaci\u00f3n constante de la industria sin chimeneas para elevar la competitividad de los servicios. La capacitaci\u00f3n denominada \u201cAtenci\u00f3n en el servicio al estilo Disney\u201d consiste en el manejo de idiomas, mantenimiento [&hellip;]\" \/>\n<meta property=\"og:url\" content=\"https:\/\/www.bbmnoticias.com\/labravaradiofm\/2023\/05\/26\/gobierno-del-estado-refrenda-su-compromiso-de-hacer-del-turismo-un-motor-de-desarrollo-economico-y-social\/\" \/>\n<meta property=\"og:site_name\" content=\"LA BRAVA RADIO\" \/>\n<meta property=\"article:published_time\" content=\"2023-05-27T01:12:07+00:00\" \/>\n<meta property=\"article:modified_time\" content=\"2023-05-27T01:12:08+00:00\" \/>\n<meta property=\"og:image\" content=\"https:\/\/www.bbmnoticias.com\/labravaradiofm\/wp-content\/uploads\/sites\/5\/2023\/05\/oaxaca_turismo.webp\" \/>\n\t<meta property=\"og:image:width\" content=\"1280\" \/>\n\t<meta property=\"og:image:height\" content=\"720\" \/>\n\t<meta property=\"og:image:type\" content=\"image\/webp\" \/>\n<meta name=\"author\" content=\"Staff\" \/>\n<meta name=\"twitter:card\" content=\"summary_large_image\" \/>\n<meta name=\"twitter:label1\" content=\"Escrito por\" \/>\n\t<meta name=\"twitter:data1\" content=\"Staff\" \/>\n\t<meta name=\"twitter:label2\" content=\"Tiempo de lectura\" \/>\n\t<meta name=\"twitter:data2\" content=\"2 minutos\" \/>\n<script type=\"application\/ld+json\" class=\"yoast-schema-graph\">{\"@context\":\"https:\\\/\\\/schema.org\",\"@graph\":[{\"@type\":\"Article\",\"@id\":\"https:\\\/\\\/www.bbmnoticias.com\\\/labravaradiofm\\\/2023\\\/05\\\/26\\\/gobierno-del-estado-refrenda-su-compromiso-de-hacer-del-turismo-un-motor-de-desarrollo-economico-y-social\\\/#article\",\"isPartOf\":{\"@id\":\"https:\\\/\\\/www.bbmnoticias.com\\\/labravaradiofm\\\/2023\\\/05\\\/26\\\/gobierno-del-estado-refrenda-su-compromiso-de-hacer-del-turismo-un-motor-de-desarrollo-economico-y-social\\\/\"},\"author\":{\"name\":\"Staff\",\"@id\":\"https:\\\/\\\/www.bbmnoticias.com\\\/labravaradiofm\\\/#\\\/schema\\\/person\\\/34b139c617a70ea5bef5678bffe4dd7b\"},\"headline\":\"Gobierno del Estado refrenda su compromiso de hacer del turismo un motor de desarrollo econ\u00f3mico y social\",\"datePublished\":\"2023-05-27T01:12:07+00:00\",\"dateModified\":\"2023-05-27T01:12:08+00:00\",\"mainEntityOfPage\":{\"@id\":\"https:\\\/\\\/www.bbmnoticias.com\\\/labravaradiofm\\\/2023\\\/05\\\/26\\\/gobierno-del-estado-refrenda-su-compromiso-de-hacer-del-turismo-un-motor-de-desarrollo-economico-y-social\\\/\"},\"wordCount\":422,\"image\":{\"@id\":\"https:\\\/\\\/www.bbmnoticias.com\\\/labravaradiofm\\\/2023\\\/05\\\/26\\\/gobierno-del-estado-refrenda-su-compromiso-de-hacer-del-turismo-un-motor-de-desarrollo-economico-y-social\\\/#primaryimage\"},\"thumbnailUrl\":\"https:\\\/\\\/www.bbmnoticias.com\\\/labravaradiofm\\\/wp-content\\\/uploads\\\/sites\\\/5\\\/2023\\\/05\\\/oaxaca_turismo.webp\",\"articleSection\":[\"LOCAL\"],\"inLanguage\":\"es\"},{\"@type\":\"WebPage\",\"@id\":\"https:\\\/\\\/www.bbmnoticias.com\\\/labravaradiofm\\\/2023\\\/05\\\/26\\\/gobierno-del-estado-refrenda-su-compromiso-de-hacer-del-turismo-un-motor-de-desarrollo-economico-y-social\\\/\",\"url\":\"https:\\\/\\\/www.bbmnoticias.com\\\/labravaradiofm\\\/2023\\\/05\\\/26\\\/gobierno-del-estado-refrenda-su-compromiso-de-hacer-del-turismo-un-motor-de-desarrollo-economico-y-social\\\/\",\"name\":\"Gobierno del Estado refrenda su compromiso de hacer del turismo un motor de desarrollo econ\u00f3mico y social - LA BRAVA RADIO\",\"isPartOf\":{\"@id\":\"https:\\\/\\\/www.bbmnoticias.com\\\/labravaradiofm\\\/#website\"},\"primaryImageOfPage\":{\"@id\":\"https:\\\/\\\/www.bbmnoticias.com\\\/labravaradiofm\\\/2023\\\/05\\\/26\\\/gobierno-del-estado-refrenda-su-compromiso-de-hacer-del-turismo-un-motor-de-desarrollo-economico-y-social\\\/#primaryimage\"},\"image\":{\"@id\":\"https:\\\/\\\/www.bbmnoticias.com\\\/labravaradiofm\\\/2023\\\/05\\\/26\\\/gobierno-del-estado-refrenda-su-compromiso-de-hacer-del-turismo-un-motor-de-desarrollo-economico-y-social\\\/#primaryimage\"},\"thumbnailUrl\":\"https:\\\/\\\/www.bbmnoticias.com\\\/labravaradiofm\\\/wp-content\\\/uploads\\\/sites\\\/5\\\/2023\\\/05\\\/oaxaca_turismo.webp\",\"datePublished\":\"2023-05-27T01:12:07+00:00\",\"dateModified\":\"2023-05-27T01:12:08+00:00\",\"author\":{\"@id\":\"https:\\\/\\\/www.bbmnoticias.com\\\/labravaradiofm\\\/#\\\/schema\\\/person\\\/34b139c617a70ea5bef5678bffe4dd7b\"},\"breadcrumb\":{\"@id\":\"https:\\\/\\\/www.bbmnoticias.com\\\/labravaradiofm\\\/2023\\\/05\\\/26\\\/gobierno-del-estado-refrenda-su-compromiso-de-hacer-del-turismo-un-motor-de-desarrollo-economico-y-social\\\/#breadcrumb\"},\"inLanguage\":\"es\",\"potentialAction\":[{\"@type\":\"ReadAction\",\"target\":[\"https:\\\/\\\/www.bbmnoticias.com\\\/labravaradiofm\\\/2023\\\/05\\\/26\\\/gobierno-del-estado-refrenda-su-compromiso-de-hacer-del-turismo-un-motor-de-desarrollo-economico-y-social\\\/\"]}]},{\"@type\":\"ImageObject\",\"inLanguage\":\"es\",\"@id\":\"https:\\\/\\\/www.bbmnoticias.com\\\/labravaradiofm\\\/2023\\\/05\\\/26\\\/gobierno-del-estado-refrenda-su-compromiso-de-hacer-del-turismo-un-motor-de-desarrollo-economico-y-social\\\/#primaryimage\",\"url\":\"https:\\\/\\\/www.bbmnoticias.com\\\/labravaradiofm\\\/wp-content\\\/uploads\\\/sites\\\/5\\\/2023\\\/05\\\/oaxaca_turismo.webp\",\"contentUrl\":\"https:\\\/\\\/www.bbmnoticias.com\\\/labravaradiofm\\\/wp-content\\\/uploads\\\/sites\\\/5\\\/2023\\\/05\\\/oaxaca_turismo.webp\",\"width\":1280,\"height\":720},{\"@type\":\"BreadcrumbList\",\"@id\":\"https:\\\/\\\/www.bbmnoticias.com\\\/labravaradiofm\\\/2023\\\/05\\\/26\\\/gobierno-del-estado-refrenda-su-compromiso-de-hacer-del-turismo-un-motor-de-desarrollo-economico-y-social\\\/#breadcrumb\",\"itemListElement\":[{\"@type\":\"ListItem\",\"position\":1,\"name\":\"Inicio\",\"item\":\"https:\\\/\\\/www.bbmnoticias.com\\\/labravaradiofm\\\/\"},{\"@type\":\"ListItem\",\"position\":2,\"name\":\"Gobierno del Estado refrenda su compromiso de hacer del turismo un motor de desarrollo econ\u00f3mico y social\"}]},{\"@type\":\"WebSite\",\"@id\":\"https:\\\/\\\/www.bbmnoticias.com\\\/labravaradiofm\\\/#website\",\"url\":\"https:\\\/\\\/www.bbmnoticias.com\\\/labravaradiofm\\\/\",\"name\":\"LA BRAVA RADIO\",\"description\":\"Empresa productora de medios, Radiodifusi\u00f3n, Noticias, tendencias y todo lo que necesitas saber de la pol\u00edtica mexicana e internacional; entretenimiento, espect\u00e1culos, salud y mucho m\u00e1s.\",\"potentialAction\":[{\"@type\":\"SearchAction\",\"target\":{\"@type\":\"EntryPoint\",\"urlTemplate\":\"https:\\\/\\\/www.bbmnoticias.com\\\/labravaradiofm\\\/?s={search_term_string}\"},\"query-input\":{\"@type\":\"PropertyValueSpecification\",\"valueRequired\":true,\"valueName\":\"search_term_string\"}}],\"inLanguage\":\"es\"},{\"@type\":\"Person\",\"@id\":\"https:\\\/\\\/www.bbmnoticias.com\\\/labravaradiofm\\\/#\\\/schema\\\/person\\\/34b139c617a70ea5bef5678bffe4dd7b\",\"name\":\"Staff\",\"image\":{\"@type\":\"ImageObject\",\"inLanguage\":\"es\",\"@id\":\"https:\\\/\\\/secure.gravatar.com\\\/avatar\\\/fdd21ad66fd8b98c407f9dee5b5e588cfe7f0d8579ec20fa6527cd59bab7f0f0?s=96&d=mm&r=g\",\"url\":\"https:\\\/\\\/secure.gravatar.com\\\/avatar\\\/fdd21ad66fd8b98c407f9dee5b5e588cfe7f0d8579ec20fa6527cd59bab7f0f0?s=96&d=mm&r=g\",\"contentUrl\":\"https:\\\/\\\/secure.gravatar.com\\\/avatar\\\/fdd21ad66fd8b98c407f9dee5b5e588cfe7f0d8579ec20fa6527cd59bab7f0f0?s=96&d=mm&r=g\",\"caption\":\"Staff\"},\"url\":\"https:\\\/\\\/www.bbmnoticias.com\\\/labravaradiofm\\\/author\\\/redaccion\\\/\"}]}<\/script>\n<!-- \/ Yoast SEO plugin. -->","yoast_head_json":{"title":"Gobierno del Estado refrenda su compromiso de hacer del turismo un motor de desarrollo econ\u00f3mico y social - LA BRAVA RADIO","robots":{"index":"index","follow":"follow","max-snippet":"max-snippet:-1","max-image-preview":"max-image-preview:large","max-video-preview":"max-video-preview:-1"},"canonical":"https:\/\/www.bbmnoticias.com\/labravaradiofm\/2023\/05\/26\/gobierno-del-estado-refrenda-su-compromiso-de-hacer-del-turismo-un-motor-de-desarrollo-economico-y-social\/","og_locale":"es_MX","og_type":"article","og_title":"Gobierno del Estado refrenda su compromiso de hacer del turismo un motor de desarrollo econ\u00f3mico y social - LA BRAVA RADIO","og_description":"Oaxaca de Ju\u00e1rez, Oax. 26 de mayo del 2023.- El Gobierno del Estado a trav\u00e9s de la Secretar\u00eda de Turismo (Sectur Oaxaca) busca la capacitaci\u00f3n constante de la industria sin chimeneas para elevar la competitividad de los servicios. La capacitaci\u00f3n denominada \u201cAtenci\u00f3n en el servicio al estilo Disney\u201d consiste en el manejo de idiomas, mantenimiento [&hellip;]","og_url":"https:\/\/www.bbmnoticias.com\/labravaradiofm\/2023\/05\/26\/gobierno-del-estado-refrenda-su-compromiso-de-hacer-del-turismo-un-motor-de-desarrollo-economico-y-social\/","og_site_name":"LA BRAVA RADIO","article_published_time":"2023-05-27T01:12:07+00:00","article_modified_time":"2023-05-27T01:12:08+00:00","og_image":[{"width":1280,"height":720,"url":"https:\/\/www.bbmnoticias.com\/labravaradiofm\/wp-content\/uploads\/sites\/5\/2023\/05\/oaxaca_turismo.webp","type":"image\/webp"}],"author":"Staff","twitter_card":"summary_large_image","twitter_misc":{"Escrito por":"Staff","Tiempo de lectura":"2 minutos"},"schema":{"@context":"https:\/\/schema.org","@graph":[{"@type":"Article","@id":"https:\/\/www.bbmnoticias.com\/labravaradiofm\/2023\/05\/26\/gobierno-del-estado-refrenda-su-compromiso-de-hacer-del-turismo-un-motor-de-desarrollo-economico-y-social\/#article","isPartOf":{"@id":"https:\/\/www.bbmnoticias.com\/labravaradiofm\/2023\/05\/26\/gobierno-del-estado-refrenda-su-compromiso-de-hacer-del-turismo-un-motor-de-desarrollo-economico-y-social\/"},"author":{"name":"Staff","@id":"https:\/\/www.bbmnoticias.com\/labravaradiofm\/#\/schema\/person\/34b139c617a70ea5bef5678bffe4dd7b"},"headline":"Gobierno del Estado refrenda su compromiso de hacer del turismo un motor de desarrollo econ\u00f3mico y social","datePublished":"2023-05-27T01:12:07+00:00","dateModified":"2023-05-27T01:12:08+00:00","mainEntityOfPage":{"@id":"https:\/\/www.bbmnoticias.com\/labravaradiofm\/2023\/05\/26\/gobierno-del-estado-refrenda-su-compromiso-de-hacer-del-turismo-un-motor-de-desarrollo-economico-y-social\/"},"wordCount":422,"image":{"@id":"https:\/\/www.bbmnoticias.com\/labravaradiofm\/2023\/05\/26\/gobierno-del-estado-refrenda-su-compromiso-de-hacer-del-turismo-un-motor-de-desarrollo-economico-y-social\/#primaryimage"},"thumbnailUrl":"https:\/\/www.bbmnoticias.com\/labravaradiofm\/wp-content\/uploads\/sites\/5\/2023\/05\/oaxaca_turismo.webp","articleSection":["LOCAL"],"inLanguage":"es"},{"@type":"WebPage","@id":"https:\/\/www.bbmnoticias.com\/labravaradiofm\/2023\/05\/26\/gobierno-del-estado-refrenda-su-compromiso-de-hacer-del-turismo-un-motor-de-desarrollo-economico-y-social\/","url":"https:\/\/www.bbmnoticias.com\/labravaradiofm\/2023\/05\/26\/gobierno-del-estado-refrenda-su-compromiso-de-hacer-del-turismo-un-motor-de-desarrollo-economico-y-social\/","name":"Gobierno del Estado refrenda su compromiso de hacer del turismo un motor de desarrollo econ\u00f3mico y social - LA BRAVA RADIO","isPartOf":{"@id":"https:\/\/www.bbmnoticias.com\/labravaradiofm\/#website"},"primaryImageOfPage":{"@id":"https:\/\/www.bbmnoticias.com\/labravaradiofm\/2023\/05\/26\/gobierno-del-estado-refrenda-su-compromiso-de-hacer-del-turismo-un-motor-de-desarrollo-economico-y-social\/#primaryimage"},"image":{"@id":"https:\/\/www.bbmnoticias.com\/labravaradiofm\/2023\/05\/26\/gobierno-del-estado-refrenda-su-compromiso-de-hacer-del-turismo-un-motor-de-desarrollo-economico-y-social\/#primaryimage"},"thumbnailUrl":"https:\/\/www.bbmnoticias.com\/labravaradiofm\/wp-content\/uploads\/sites\/5\/2023\/05\/oaxaca_turismo.webp","datePublished":"2023-05-27T01:12:07+00:00","dateModified":"2023-05-27T01:12:08+00:00","author":{"@id":"https:\/\/www.bbmnoticias.com\/labravaradiofm\/#\/schema\/person\/34b139c617a70ea5bef5678bffe4dd7b"},"breadcrumb":{"@id":"https:\/\/www.bbmnoticias.com\/labravaradiofm\/2023\/05\/26\/gobierno-del-estado-refrenda-su-compromiso-de-hacer-del-turismo-un-motor-de-desarrollo-economico-y-social\/#breadcrumb"},"inLanguage":"es","potentialAction":[{"@type":"ReadAction","target":["https:\/\/www.bbmnoticias.com\/labravaradiofm\/2023\/05\/26\/gobierno-del-estado-refrenda-su-compromiso-de-hacer-del-turismo-un-motor-de-desarrollo-economico-y-social\/"]}]},{"@type":"ImageObject","inLanguage":"es","@id":"https:\/\/www.bbmnoticias.com\/labravaradiofm\/2023\/05\/26\/gobierno-del-estado-refrenda-su-compromiso-de-hacer-del-turismo-un-motor-de-desarrollo-economico-y-social\/#primaryimage","url":"https:\/\/www.bbmnoticias.com\/labravaradiofm\/wp-content\/uploads\/sites\/5\/2023\/05\/oaxaca_turismo.webp","contentUrl":"https:\/\/www.bbmnoticias.com\/labravaradiofm\/wp-content\/uploads\/sites\/5\/2023\/05\/oaxaca_turismo.webp","width":1280,"height":720},{"@type":"BreadcrumbList","@id":"https:\/\/www.bbmnoticias.com\/labravaradiofm\/2023\/05\/26\/gobierno-del-estado-refrenda-su-compromiso-de-hacer-del-turismo-un-motor-de-desarrollo-economico-y-social\/#breadcrumb","itemListElement":[{"@type":"ListItem","position":1,"name":"Inicio","item":"https:\/\/www.bbmnoticias.com\/labravaradiofm\/"},{"@type":"ListItem","position":2,"name":"Gobierno del Estado refrenda su compromiso de hacer del turismo un motor de desarrollo econ\u00f3mico y social"}]},{"@type":"WebSite","@id":"https:\/\/www.bbmnoticias.com\/labravaradiofm\/#website","url":"https:\/\/www.bbmnoticias.com\/labravaradiofm\/","name":"LA BRAVA RADIO","description":"Empresa productora de medios, Radiodifusi\u00f3n, Noticias, tendencias y todo lo que necesitas saber de la pol\u00edtica mexicana e internacional; entretenimiento, espect\u00e1culos, salud y mucho m\u00e1s.","potentialAction":[{"@type":"SearchAction","target":{"@type":"EntryPoint","urlTemplate":"https:\/\/www.bbmnoticias.com\/labravaradiofm\/?s={search_term_string}"},"query-input":{"@type":"PropertyValueSpecification","valueRequired":true,"valueName":"search_term_string"}}],"inLanguage":"es"},{"@type":"Person","@id":"https:\/\/www.bbmnoticias.com\/labravaradiofm\/#\/schema\/person\/34b139c617a70ea5bef5678bffe4dd7b","name":"Staff","image":{"@type":"ImageObject","inLanguage":"es","@id":"https:\/\/secure.gravatar.com\/avatar\/fdd21ad66fd8b98c407f9dee5b5e588cfe7f0d8579ec20fa6527cd59bab7f0f0?s=96&d=mm&r=g","url":"https:\/\/secure.gravatar.com\/avatar\/fdd21ad66fd8b98c407f9dee5b5e588cfe7f0d8579ec20fa6527cd59bab7f0f0?s=96&d=mm&r=g","contentUrl":"https:\/\/secure.gravatar.com\/avatar\/fdd21ad66fd8b98c407f9dee5b5e588cfe7f0d8579ec20fa6527cd59bab7f0f0?s=96&d=mm&r=g","caption":"Staff"},"url":"https:\/\/www.bbmnoticias.com\/labravaradiofm\/author\/redaccion\/"}]}},"_links":{"self":[{"href":"https:\/\/www.bbmnoticias.com\/labravaradiofm\/wp-json\/wp\/v2\/posts\/27795","targetHints":{"allow":["GET"]}}],"collection":[{"href":"https:\/\/www.bbmnoticias.com\/labravaradiofm\/wp-json\/wp\/v2\/posts"}],"about":[{"href":"https:\/\/www.bbmnoticias.com\/labravaradiofm\/wp-json\/wp\/v2\/types\/post"}],"author":[{"embeddable":true,"href":"https:\/\/www.bbmnoticias.com\/labravaradiofm\/wp-json\/wp\/v2\/users\/2"}],"replies":[{"embeddable":true,"href":"https:\/\/www.bbmnoticias.com\/labravaradiofm\/wp-json\/wp\/v2\/comments?post=27795"}],"version-history":[{"count":0,"href":"https:\/\/www.bbmnoticias.com\/labravaradiofm\/wp-json\/wp\/v2\/posts\/27795\/revisions"}],"wp:featuredmedia":[{"embeddable":true,"href":"https:\/\/www.bbmnoticias.com\/labravaradiofm\/wp-json\/wp\/v2\/media\/27796"}],"wp:attachment":[{"href":"https:\/\/www.bbmnoticias.com\/labravaradiofm\/wp-json\/wp\/v2\/media?parent=27795"}],"wp:term":[{"taxonomy":"category","embeddable":true,"href":"https:\/\/www.bbmnoticias.com\/labravaradiofm\/wp-json\/wp\/v2\/categories?post=27795"},{"taxonomy":"post_tag","embeddable":true,"href":"https:\/\/www.bbmnoticias.com\/labravaradiofm\/wp-json\/wp\/v2\/tags?post=27795"}],"curies":[{"name":"wp","href":"https:\/\/api.w.org\/{rel}","templated":true}]}}