{"id":27757,"date":"2023-05-26T07:35:23","date_gmt":"2023-05-26T13:35:23","guid":{"rendered":"https:\/\/www.bbmnoticias.com\/labravaradiofm\/?p=27757"},"modified":"2023-05-26T07:35:24","modified_gmt":"2023-05-26T13:35:24","slug":"suman-270-casos-nuevos-confirmados-de-covid-19","status":"publish","type":"post","link":"https:\/\/www.bbmnoticias.com\/labravaradiofm\/2023\/05\/26\/suman-270-casos-nuevos-confirmados-de-covid-19\/","title":{"rendered":"Suman 270 casos nuevos confirmados de Covid 19"},"content":{"rendered":"<div style=\"margin-top: 0px; margin-bottom: 0px;\" class=\"sharethis-inline-share-buttons\" ><\/div>\n<ul class=\"wp-block-list\">\n<li><em>Los SSO informan que al corte de la semana epidemiol\u00f3gica n\u00famero 20 de 2023 se reportan 306 casos activos<\/em><\/li>\n\n\n\n<li><em>A la misma fecha hay cuatro defunciones<\/em><\/li>\n<\/ul>\n\n\n\n<p><strong>Oaxaca de Ju\u00e1rez, Oax<\/strong>.-Los Servicios de Salud de Oaxaca (SSO) informaron que al corte de la semana epidemiol\u00f3gica n\u00famero 20 de 2023, se notificaron 270 casos nuevos del virus SARS-CoV-2 y cuatro defunciones.<\/p>\n\n\n\n<p>La dependencia precis\u00f3 que durante la actual sexta ola, de la semana epidemiol\u00f3gica 49, que va del 4 de diciembre 2022, a la semana 20 de 2023, que corresponde al corte del 20 de mayo, se cuantific\u00f3 un global de 10 mil 255 casos positivos acumulados y un total de 81 defunciones.<\/p>\n\n\n\n<p>Respecto a los casos activos, la Jurisdicci\u00f3n Sanitaria Valles Centrales contabiliz\u00f3 244 pacientes, Tuxtepec 21, Istmo 20, Mixteca ocho, Sierra siete y Costa seis, que hace un total de 306 activos distribuidos en 55 municipios.<\/p>\n\n\n\n<p>Finalmente, la dependencia exhort\u00f3 a la poblaci\u00f3n mayor de 18 a\u00f1os a completar sus esquemas de vacunaci\u00f3n contra este padecimiento, principalmente si tienen alguna enfermedad cr\u00f3nica degenerativa, adem\u00e1s de continuar con las medidas preventivas contra el virus SARS-CoV-2 ya emitidas.<\/p>\n\n\n\n<p>Los SSO recomiendan que por su salud y la de sus seres queridos, las personas deben seguir cuid\u00e1ndose.<\/p>\n","protected":false},"excerpt":{"rendered":"<p>Oaxaca de Ju\u00e1rez, Oax.-Los Servicios de Salud de Oaxaca (SSO) informaron que al corte de la semana epidemiol\u00f3gica n\u00famero 20 de 2023, se notificaron 270 casos nuevos del virus SARS-CoV-2 y cuatro defunciones. La dependencia precis\u00f3 que durante la actual sexta ola, de la semana epidemiol\u00f3gica 49, que va del 4 de diciembre 2022, a [&hellip;]<\/p>\n","protected":false},"author":2,"featured_media":16916,"comment_status":"closed","ping_status":"closed","sticky":false,"template":"","format":"standard","meta":{"footnotes":""},"categories":[2],"tags":[],"class_list":{"0":"post-27757","1":"post","2":"type-post","3":"status-publish","4":"format-standard","5":"has-post-thumbnail","7":"category-oaxaca"},"yoast_head":"<!-- This site is optimized with the Yoast SEO plugin v27.4 - https:\/\/yoast.com\/product\/yoast-seo-wordpress\/ -->\n<title>Suman 270 casos nuevos confirmados de Covid 19 - LA BRAVA RADIO<\/title>\n<meta name=\"robots\" content=\"index, follow, max-snippet:-1, max-image-preview:large, max-video-preview:-1\" \/>\n<link rel=\"canonical\" href=\"https:\/\/www.bbmnoticias.com\/labravaradiofm\/2023\/05\/26\/suman-270-casos-nuevos-confirmados-de-covid-19\/\" \/>\n<meta property=\"og:locale\" content=\"es_MX\" \/>\n<meta property=\"og:type\" content=\"article\" \/>\n<meta property=\"og:title\" content=\"Suman 270 casos nuevos confirmados de Covid 19 - LA BRAVA RADIO\" \/>\n<meta property=\"og:description\" content=\"Oaxaca de Ju\u00e1rez, Oax.-Los Servicios de Salud de Oaxaca (SSO) informaron que al corte de la semana epidemiol\u00f3gica n\u00famero 20 de 2023, se notificaron 270 casos nuevos del virus SARS-CoV-2 y cuatro defunciones. La dependencia precis\u00f3 que durante la actual sexta ola, de la semana epidemiol\u00f3gica 49, que va del 4 de diciembre 2022, a [&hellip;]\" \/>\n<meta property=\"og:url\" content=\"https:\/\/www.bbmnoticias.com\/labravaradiofm\/2023\/05\/26\/suman-270-casos-nuevos-confirmados-de-covid-19\/\" \/>\n<meta property=\"og:site_name\" content=\"LA BRAVA RADIO\" \/>\n<meta property=\"article:published_time\" content=\"2023-05-26T13:35:23+00:00\" \/>\n<meta property=\"article:modified_time\" content=\"2023-05-26T13:35:24+00:00\" \/>\n<meta property=\"og:image\" content=\"https:\/\/www.bbmnoticias.com\/labravaradiofm\/wp-content\/uploads\/sites\/5\/2022\/08\/vacuna-covid.webp\" \/>\n\t<meta property=\"og:image:width\" content=\"1201\" \/>\n\t<meta property=\"og:image:height\" content=\"740\" \/>\n\t<meta property=\"og:image:type\" content=\"image\/webp\" \/>\n<meta name=\"author\" content=\"Staff\" \/>\n<meta name=\"twitter:card\" content=\"summary_large_image\" \/>\n<meta name=\"twitter:label1\" content=\"Escrito por\" \/>\n\t<meta name=\"twitter:data1\" content=\"Staff\" \/>\n\t<meta name=\"twitter:label2\" content=\"Tiempo de lectura\" \/>\n\t<meta name=\"twitter:data2\" content=\"1 minuto\" \/>\n<script type=\"application\/ld+json\" class=\"yoast-schema-graph\">{\"@context\":\"https:\\\/\\\/schema.org\",\"@graph\":[{\"@type\":\"Article\",\"@id\":\"https:\\\/\\\/www.bbmnoticias.com\\\/labravaradiofm\\\/2023\\\/05\\\/26\\\/suman-270-casos-nuevos-confirmados-de-covid-19\\\/#article\",\"isPartOf\":{\"@id\":\"https:\\\/\\\/www.bbmnoticias.com\\\/labravaradiofm\\\/2023\\\/05\\\/26\\\/suman-270-casos-nuevos-confirmados-de-covid-19\\\/\"},\"author\":{\"name\":\"Staff\",\"@id\":\"https:\\\/\\\/www.bbmnoticias.com\\\/labravaradiofm\\\/#\\\/schema\\\/person\\\/34b139c617a70ea5bef5678bffe4dd7b\"},\"headline\":\"Suman 270 casos nuevos confirmados de Covid 19\",\"datePublished\":\"2023-05-26T13:35:23+00:00\",\"dateModified\":\"2023-05-26T13:35:24+00:00\",\"mainEntityOfPage\":{\"@id\":\"https:\\\/\\\/www.bbmnoticias.com\\\/labravaradiofm\\\/2023\\\/05\\\/26\\\/suman-270-casos-nuevos-confirmados-de-covid-19\\\/\"},\"wordCount\":203,\"image\":{\"@id\":\"https:\\\/\\\/www.bbmnoticias.com\\\/labravaradiofm\\\/2023\\\/05\\\/26\\\/suman-270-casos-nuevos-confirmados-de-covid-19\\\/#primaryimage\"},\"thumbnailUrl\":\"https:\\\/\\\/www.bbmnoticias.com\\\/labravaradiofm\\\/wp-content\\\/uploads\\\/sites\\\/5\\\/2022\\\/08\\\/vacuna-covid.webp\",\"articleSection\":[\"LOCAL\"],\"inLanguage\":\"es\"},{\"@type\":\"WebPage\",\"@id\":\"https:\\\/\\\/www.bbmnoticias.com\\\/labravaradiofm\\\/2023\\\/05\\\/26\\\/suman-270-casos-nuevos-confirmados-de-covid-19\\\/\",\"url\":\"https:\\\/\\\/www.bbmnoticias.com\\\/labravaradiofm\\\/2023\\\/05\\\/26\\\/suman-270-casos-nuevos-confirmados-de-covid-19\\\/\",\"name\":\"Suman 270 casos nuevos confirmados de Covid 19 - LA BRAVA RADIO\",\"isPartOf\":{\"@id\":\"https:\\\/\\\/www.bbmnoticias.com\\\/labravaradiofm\\\/#website\"},\"primaryImageOfPage\":{\"@id\":\"https:\\\/\\\/www.bbmnoticias.com\\\/labravaradiofm\\\/2023\\\/05\\\/26\\\/suman-270-casos-nuevos-confirmados-de-covid-19\\\/#primaryimage\"},\"image\":{\"@id\":\"https:\\\/\\\/www.bbmnoticias.com\\\/labravaradiofm\\\/2023\\\/05\\\/26\\\/suman-270-casos-nuevos-confirmados-de-covid-19\\\/#primaryimage\"},\"thumbnailUrl\":\"https:\\\/\\\/www.bbmnoticias.com\\\/labravaradiofm\\\/wp-content\\\/uploads\\\/sites\\\/5\\\/2022\\\/08\\\/vacuna-covid.webp\",\"datePublished\":\"2023-05-26T13:35:23+00:00\",\"dateModified\":\"2023-05-26T13:35:24+00:00\",\"author\":{\"@id\":\"https:\\\/\\\/www.bbmnoticias.com\\\/labravaradiofm\\\/#\\\/schema\\\/person\\\/34b139c617a70ea5bef5678bffe4dd7b\"},\"breadcrumb\":{\"@id\":\"https:\\\/\\\/www.bbmnoticias.com\\\/labravaradiofm\\\/2023\\\/05\\\/26\\\/suman-270-casos-nuevos-confirmados-de-covid-19\\\/#breadcrumb\"},\"inLanguage\":\"es\",\"potentialAction\":[{\"@type\":\"ReadAction\",\"target\":[\"https:\\\/\\\/www.bbmnoticias.com\\\/labravaradiofm\\\/2023\\\/05\\\/26\\\/suman-270-casos-nuevos-confirmados-de-covid-19\\\/\"]}]},{\"@type\":\"ImageObject\",\"inLanguage\":\"es\",\"@id\":\"https:\\\/\\\/www.bbmnoticias.com\\\/labravaradiofm\\\/2023\\\/05\\\/26\\\/suman-270-casos-nuevos-confirmados-de-covid-19\\\/#primaryimage\",\"url\":\"https:\\\/\\\/www.bbmnoticias.com\\\/labravaradiofm\\\/wp-content\\\/uploads\\\/sites\\\/5\\\/2022\\\/08\\\/vacuna-covid.webp\",\"contentUrl\":\"https:\\\/\\\/www.bbmnoticias.com\\\/labravaradiofm\\\/wp-content\\\/uploads\\\/sites\\\/5\\\/2022\\\/08\\\/vacuna-covid.webp\",\"width\":1201,\"height\":740},{\"@type\":\"BreadcrumbList\",\"@id\":\"https:\\\/\\\/www.bbmnoticias.com\\\/labravaradiofm\\\/2023\\\/05\\\/26\\\/suman-270-casos-nuevos-confirmados-de-covid-19\\\/#breadcrumb\",\"itemListElement\":[{\"@type\":\"ListItem\",\"position\":1,\"name\":\"Inicio\",\"item\":\"https:\\\/\\\/www.bbmnoticias.com\\\/labravaradiofm\\\/\"},{\"@type\":\"ListItem\",\"position\":2,\"name\":\"Suman 270 casos nuevos confirmados de Covid 19\"}]},{\"@type\":\"WebSite\",\"@id\":\"https:\\\/\\\/www.bbmnoticias.com\\\/labravaradiofm\\\/#website\",\"url\":\"https:\\\/\\\/www.bbmnoticias.com\\\/labravaradiofm\\\/\",\"name\":\"LA BRAVA RADIO\",\"description\":\"Empresa productora de medios, Radiodifusi\u00f3n, Noticias, tendencias y todo lo que necesitas saber de la pol\u00edtica mexicana e internacional; entretenimiento, espect\u00e1culos, salud y mucho m\u00e1s.\",\"potentialAction\":[{\"@type\":\"SearchAction\",\"target\":{\"@type\":\"EntryPoint\",\"urlTemplate\":\"https:\\\/\\\/www.bbmnoticias.com\\\/labravaradiofm\\\/?s={search_term_string}\"},\"query-input\":{\"@type\":\"PropertyValueSpecification\",\"valueRequired\":true,\"valueName\":\"search_term_string\"}}],\"inLanguage\":\"es\"},{\"@type\":\"Person\",\"@id\":\"https:\\\/\\\/www.bbmnoticias.com\\\/labravaradiofm\\\/#\\\/schema\\\/person\\\/34b139c617a70ea5bef5678bffe4dd7b\",\"name\":\"Staff\",\"image\":{\"@type\":\"ImageObject\",\"inLanguage\":\"es\",\"@id\":\"https:\\\/\\\/secure.gravatar.com\\\/avatar\\\/fdd21ad66fd8b98c407f9dee5b5e588cfe7f0d8579ec20fa6527cd59bab7f0f0?s=96&d=mm&r=g\",\"url\":\"https:\\\/\\\/secure.gravatar.com\\\/avatar\\\/fdd21ad66fd8b98c407f9dee5b5e588cfe7f0d8579ec20fa6527cd59bab7f0f0?s=96&d=mm&r=g\",\"contentUrl\":\"https:\\\/\\\/secure.gravatar.com\\\/avatar\\\/fdd21ad66fd8b98c407f9dee5b5e588cfe7f0d8579ec20fa6527cd59bab7f0f0?s=96&d=mm&r=g\",\"caption\":\"Staff\"},\"url\":\"https:\\\/\\\/www.bbmnoticias.com\\\/labravaradiofm\\\/author\\\/redaccion\\\/\"}]}<\/script>\n<!-- \/ Yoast SEO plugin. -->","yoast_head_json":{"title":"Suman 270 casos nuevos confirmados de Covid 19 - LA BRAVA RADIO","robots":{"index":"index","follow":"follow","max-snippet":"max-snippet:-1","max-image-preview":"max-image-preview:large","max-video-preview":"max-video-preview:-1"},"canonical":"https:\/\/www.bbmnoticias.com\/labravaradiofm\/2023\/05\/26\/suman-270-casos-nuevos-confirmados-de-covid-19\/","og_locale":"es_MX","og_type":"article","og_title":"Suman 270 casos nuevos confirmados de Covid 19 - LA BRAVA RADIO","og_description":"Oaxaca de Ju\u00e1rez, Oax.-Los Servicios de Salud de Oaxaca (SSO) informaron que al corte de la semana epidemiol\u00f3gica n\u00famero 20 de 2023, se notificaron 270 casos nuevos del virus SARS-CoV-2 y cuatro defunciones. La dependencia precis\u00f3 que durante la actual sexta ola, de la semana epidemiol\u00f3gica 49, que va del 4 de diciembre 2022, a [&hellip;]","og_url":"https:\/\/www.bbmnoticias.com\/labravaradiofm\/2023\/05\/26\/suman-270-casos-nuevos-confirmados-de-covid-19\/","og_site_name":"LA BRAVA RADIO","article_published_time":"2023-05-26T13:35:23+00:00","article_modified_time":"2023-05-26T13:35:24+00:00","og_image":[{"width":1201,"height":740,"url":"https:\/\/www.bbmnoticias.com\/labravaradiofm\/wp-content\/uploads\/sites\/5\/2022\/08\/vacuna-covid.webp","type":"image\/webp"}],"author":"Staff","twitter_card":"summary_large_image","twitter_misc":{"Escrito por":"Staff","Tiempo de lectura":"1 minuto"},"schema":{"@context":"https:\/\/schema.org","@graph":[{"@type":"Article","@id":"https:\/\/www.bbmnoticias.com\/labravaradiofm\/2023\/05\/26\/suman-270-casos-nuevos-confirmados-de-covid-19\/#article","isPartOf":{"@id":"https:\/\/www.bbmnoticias.com\/labravaradiofm\/2023\/05\/26\/suman-270-casos-nuevos-confirmados-de-covid-19\/"},"author":{"name":"Staff","@id":"https:\/\/www.bbmnoticias.com\/labravaradiofm\/#\/schema\/person\/34b139c617a70ea5bef5678bffe4dd7b"},"headline":"Suman 270 casos nuevos confirmados de Covid 19","datePublished":"2023-05-26T13:35:23+00:00","dateModified":"2023-05-26T13:35:24+00:00","mainEntityOfPage":{"@id":"https:\/\/www.bbmnoticias.com\/labravaradiofm\/2023\/05\/26\/suman-270-casos-nuevos-confirmados-de-covid-19\/"},"wordCount":203,"image":{"@id":"https:\/\/www.bbmnoticias.com\/labravaradiofm\/2023\/05\/26\/suman-270-casos-nuevos-confirmados-de-covid-19\/#primaryimage"},"thumbnailUrl":"https:\/\/www.bbmnoticias.com\/labravaradiofm\/wp-content\/uploads\/sites\/5\/2022\/08\/vacuna-covid.webp","articleSection":["LOCAL"],"inLanguage":"es"},{"@type":"WebPage","@id":"https:\/\/www.bbmnoticias.com\/labravaradiofm\/2023\/05\/26\/suman-270-casos-nuevos-confirmados-de-covid-19\/","url":"https:\/\/www.bbmnoticias.com\/labravaradiofm\/2023\/05\/26\/suman-270-casos-nuevos-confirmados-de-covid-19\/","name":"Suman 270 casos nuevos confirmados de Covid 19 - LA BRAVA RADIO","isPartOf":{"@id":"https:\/\/www.bbmnoticias.com\/labravaradiofm\/#website"},"primaryImageOfPage":{"@id":"https:\/\/www.bbmnoticias.com\/labravaradiofm\/2023\/05\/26\/suman-270-casos-nuevos-confirmados-de-covid-19\/#primaryimage"},"image":{"@id":"https:\/\/www.bbmnoticias.com\/labravaradiofm\/2023\/05\/26\/suman-270-casos-nuevos-confirmados-de-covid-19\/#primaryimage"},"thumbnailUrl":"https:\/\/www.bbmnoticias.com\/labravaradiofm\/wp-content\/uploads\/sites\/5\/2022\/08\/vacuna-covid.webp","datePublished":"2023-05-26T13:35:23+00:00","dateModified":"2023-05-26T13:35:24+00:00","author":{"@id":"https:\/\/www.bbmnoticias.com\/labravaradiofm\/#\/schema\/person\/34b139c617a70ea5bef5678bffe4dd7b"},"breadcrumb":{"@id":"https:\/\/www.bbmnoticias.com\/labravaradiofm\/2023\/05\/26\/suman-270-casos-nuevos-confirmados-de-covid-19\/#breadcrumb"},"inLanguage":"es","potentialAction":[{"@type":"ReadAction","target":["https:\/\/www.bbmnoticias.com\/labravaradiofm\/2023\/05\/26\/suman-270-casos-nuevos-confirmados-de-covid-19\/"]}]},{"@type":"ImageObject","inLanguage":"es","@id":"https:\/\/www.bbmnoticias.com\/labravaradiofm\/2023\/05\/26\/suman-270-casos-nuevos-confirmados-de-covid-19\/#primaryimage","url":"https:\/\/www.bbmnoticias.com\/labravaradiofm\/wp-content\/uploads\/sites\/5\/2022\/08\/vacuna-covid.webp","contentUrl":"https:\/\/www.bbmnoticias.com\/labravaradiofm\/wp-content\/uploads\/sites\/5\/2022\/08\/vacuna-covid.webp","width":1201,"height":740},{"@type":"BreadcrumbList","@id":"https:\/\/www.bbmnoticias.com\/labravaradiofm\/2023\/05\/26\/suman-270-casos-nuevos-confirmados-de-covid-19\/#breadcrumb","itemListElement":[{"@type":"ListItem","position":1,"name":"Inicio","item":"https:\/\/www.bbmnoticias.com\/labravaradiofm\/"},{"@type":"ListItem","position":2,"name":"Suman 270 casos nuevos confirmados de Covid 19"}]},{"@type":"WebSite","@id":"https:\/\/www.bbmnoticias.com\/labravaradiofm\/#website","url":"https:\/\/www.bbmnoticias.com\/labravaradiofm\/","name":"LA BRAVA RADIO","description":"Empresa productora de medios, Radiodifusi\u00f3n, Noticias, tendencias y todo lo que necesitas saber de la pol\u00edtica mexicana e internacional; entretenimiento, espect\u00e1culos, salud y mucho m\u00e1s.","potentialAction":[{"@type":"SearchAction","target":{"@type":"EntryPoint","urlTemplate":"https:\/\/www.bbmnoticias.com\/labravaradiofm\/?s={search_term_string}"},"query-input":{"@type":"PropertyValueSpecification","valueRequired":true,"valueName":"search_term_string"}}],"inLanguage":"es"},{"@type":"Person","@id":"https:\/\/www.bbmnoticias.com\/labravaradiofm\/#\/schema\/person\/34b139c617a70ea5bef5678bffe4dd7b","name":"Staff","image":{"@type":"ImageObject","inLanguage":"es","@id":"https:\/\/secure.gravatar.com\/avatar\/fdd21ad66fd8b98c407f9dee5b5e588cfe7f0d8579ec20fa6527cd59bab7f0f0?s=96&d=mm&r=g","url":"https:\/\/secure.gravatar.com\/avatar\/fdd21ad66fd8b98c407f9dee5b5e588cfe7f0d8579ec20fa6527cd59bab7f0f0?s=96&d=mm&r=g","contentUrl":"https:\/\/secure.gravatar.com\/avatar\/fdd21ad66fd8b98c407f9dee5b5e588cfe7f0d8579ec20fa6527cd59bab7f0f0?s=96&d=mm&r=g","caption":"Staff"},"url":"https:\/\/www.bbmnoticias.com\/labravaradiofm\/author\/redaccion\/"}]}},"_links":{"self":[{"href":"https:\/\/www.bbmnoticias.com\/labravaradiofm\/wp-json\/wp\/v2\/posts\/27757","targetHints":{"allow":["GET"]}}],"collection":[{"href":"https:\/\/www.bbmnoticias.com\/labravaradiofm\/wp-json\/wp\/v2\/posts"}],"about":[{"href":"https:\/\/www.bbmnoticias.com\/labravaradiofm\/wp-json\/wp\/v2\/types\/post"}],"author":[{"embeddable":true,"href":"https:\/\/www.bbmnoticias.com\/labravaradiofm\/wp-json\/wp\/v2\/users\/2"}],"replies":[{"embeddable":true,"href":"https:\/\/www.bbmnoticias.com\/labravaradiofm\/wp-json\/wp\/v2\/comments?post=27757"}],"version-history":[{"count":0,"href":"https:\/\/www.bbmnoticias.com\/labravaradiofm\/wp-json\/wp\/v2\/posts\/27757\/revisions"}],"wp:featuredmedia":[{"embeddable":true,"href":"https:\/\/www.bbmnoticias.com\/labravaradiofm\/wp-json\/wp\/v2\/media\/16916"}],"wp:attachment":[{"href":"https:\/\/www.bbmnoticias.com\/labravaradiofm\/wp-json\/wp\/v2\/media?parent=27757"}],"wp:term":[{"taxonomy":"category","embeddable":true,"href":"https:\/\/www.bbmnoticias.com\/labravaradiofm\/wp-json\/wp\/v2\/categories?post=27757"},{"taxonomy":"post_tag","embeddable":true,"href":"https:\/\/www.bbmnoticias.com\/labravaradiofm\/wp-json\/wp\/v2\/tags?post=27757"}],"curies":[{"name":"wp","href":"https:\/\/api.w.org\/{rel}","templated":true}]}}