{"id":27741,"date":"2023-05-25T12:23:09","date_gmt":"2023-05-25T18:23:09","guid":{"rendered":"https:\/\/www.bbmnoticias.com\/labravaradiofm\/?p=27741"},"modified":"2023-05-25T12:23:10","modified_gmt":"2023-05-25T18:23:10","slug":"realizan-primer-conversatorio-trabajo-colaborativo-el-exito-del-sistema-de-educacion-dual","status":"publish","type":"post","link":"https:\/\/www.bbmnoticias.com\/labravaradiofm\/2023\/05\/25\/realizan-primer-conversatorio-trabajo-colaborativo-el-exito-del-sistema-de-educacion-dual\/","title":{"rendered":"Realizan Primer Conversatorio \u201cTrabajo colaborativo, el \u00e9xito del Sistema de Educaci\u00f3n Dual\u201d"},"content":{"rendered":"<div style=\"margin-top: 0px; margin-bottom: 0px;\" class=\"sharethis-inline-share-buttons\" ><\/div>\n<ul class=\"wp-block-list\">\n<li>Representantes del sector empresarial se reunieron con la comunidad estudiantil y docente del CECyTEO para compartir sus experiencias<\/li>\n<\/ul>\n\n\n\n<p>Oaxaca de Ju\u00e1rez, Oax. 25 de mayo de 2023.- Con la finalidad de fortalecer el proceso de aprendizaje de su comunidad estudiantil, a trav\u00e9s del intercambio de experiencias, el Colegio de Estudios Cient\u00edficos y Tecnol\u00f3gicos del Estado de Oaxaca (CECyTEO) realiz\u00f3 el Primer Conversatorio \u201cTrabajo colaborativo, el \u00e9xito del Sistema de Educaci\u00f3n Dual\u201d en el Plantel 05 perteneciente a la Villa de Etla.<\/p>\n\n\n\n<p>Este conversatorio reuni\u00f3 a representantes del sector empresarial, as\u00ed como estudiantes, acad\u00e9micos y directivos que forman parte de este Sistema, para compartir sus experiencias, y de esta forma enriquecer y mejorar las acciones encaminadas a fortalecer su ejecuci\u00f3n en el CECyTE Oaxaca.<\/p>\n\n\n\n<p>De esta manera, la directora general de CECyTEO Blanca Mart\u00ednez alent\u00f3 a la comunidad estudiantil a absorber las experiencias compartidas por alumnas y alumnos que ya forman parte del sistema de educaci\u00f3n dual. \u201cEsta es una herramienta que les permite reforzar los conocimientos adquiridos en las aulas y prepararse para el mundo laboral\u201d.<\/p>\n\n\n\n<p>El Sistema de Educaci\u00f3n Dual beneficia al desarrollo integral del alumnado, ya que esta modalidad les permite estudiar y generar experiencia laboral simult\u00e1neamente, esto brinda las bases para que nuestras alumnas y alumnos se preparen de la mejor manera, formando as\u00ed, a los mejores profesionistas y a los mejores ciudadanos.<\/p>\n","protected":false},"excerpt":{"rendered":"<p>Oaxaca de Ju\u00e1rez, Oax. 25 de mayo de 2023.- Con la finalidad de fortalecer el proceso de aprendizaje de su comunidad estudiantil, a trav\u00e9s del intercambio de experiencias, el Colegio de Estudios Cient\u00edficos y Tecnol\u00f3gicos del Estado de Oaxaca (CECyTEO) realiz\u00f3 el Primer Conversatorio \u201cTrabajo colaborativo, el \u00e9xito del Sistema de Educaci\u00f3n Dual\u201d en el [&hellip;]<\/p>\n","protected":false},"author":2,"featured_media":27742,"comment_status":"closed","ping_status":"closed","sticky":false,"template":"","format":"standard","meta":{"footnotes":""},"categories":[2],"tags":[],"class_list":{"0":"post-27741","1":"post","2":"type-post","3":"status-publish","4":"format-standard","5":"has-post-thumbnail","7":"category-oaxaca"},"yoast_head":"<!-- This site is optimized with the Yoast SEO plugin v27.4 - https:\/\/yoast.com\/product\/yoast-seo-wordpress\/ -->\n<title>Realizan Primer Conversatorio \u201cTrabajo colaborativo, el \u00e9xito del Sistema de Educaci\u00f3n Dual\u201d - LA BRAVA RADIO<\/title>\n<meta name=\"robots\" content=\"index, follow, max-snippet:-1, max-image-preview:large, max-video-preview:-1\" \/>\n<link rel=\"canonical\" href=\"https:\/\/www.bbmnoticias.com\/labravaradiofm\/2023\/05\/25\/realizan-primer-conversatorio-trabajo-colaborativo-el-exito-del-sistema-de-educacion-dual\/\" \/>\n<meta property=\"og:locale\" content=\"es_MX\" \/>\n<meta property=\"og:type\" content=\"article\" \/>\n<meta property=\"og:title\" content=\"Realizan Primer Conversatorio \u201cTrabajo colaborativo, el \u00e9xito del Sistema de Educaci\u00f3n Dual\u201d - LA BRAVA RADIO\" \/>\n<meta property=\"og:description\" content=\"Oaxaca de Ju\u00e1rez, Oax. 25 de mayo de 2023.- Con la finalidad de fortalecer el proceso de aprendizaje de su comunidad estudiantil, a trav\u00e9s del intercambio de experiencias, el Colegio de Estudios Cient\u00edficos y Tecnol\u00f3gicos del Estado de Oaxaca (CECyTEO) realiz\u00f3 el Primer Conversatorio \u201cTrabajo colaborativo, el \u00e9xito del Sistema de Educaci\u00f3n Dual\u201d en el [&hellip;]\" \/>\n<meta property=\"og:url\" content=\"https:\/\/www.bbmnoticias.com\/labravaradiofm\/2023\/05\/25\/realizan-primer-conversatorio-trabajo-colaborativo-el-exito-del-sistema-de-educacion-dual\/\" \/>\n<meta property=\"og:site_name\" content=\"LA BRAVA RADIO\" \/>\n<meta property=\"article:published_time\" content=\"2023-05-25T18:23:09+00:00\" \/>\n<meta property=\"article:modified_time\" content=\"2023-05-25T18:23:10+00:00\" \/>\n<meta property=\"og:image\" content=\"https:\/\/www.bbmnoticias.com\/labravaradiofm\/wp-content\/uploads\/sites\/5\/2023\/05\/conversatorio.jpg\" \/>\n\t<meta property=\"og:image:width\" content=\"1200\" \/>\n\t<meta property=\"og:image:height\" content=\"800\" \/>\n\t<meta property=\"og:image:type\" content=\"image\/jpeg\" \/>\n<meta name=\"author\" content=\"Staff\" \/>\n<meta name=\"twitter:card\" content=\"summary_large_image\" \/>\n<meta name=\"twitter:label1\" content=\"Escrito por\" \/>\n\t<meta name=\"twitter:data1\" content=\"Staff\" \/>\n\t<meta name=\"twitter:label2\" content=\"Tiempo de lectura\" \/>\n\t<meta name=\"twitter:data2\" content=\"2 minutos\" \/>\n<script type=\"application\/ld+json\" class=\"yoast-schema-graph\">{\"@context\":\"https:\\\/\\\/schema.org\",\"@graph\":[{\"@type\":\"Article\",\"@id\":\"https:\\\/\\\/www.bbmnoticias.com\\\/labravaradiofm\\\/2023\\\/05\\\/25\\\/realizan-primer-conversatorio-trabajo-colaborativo-el-exito-del-sistema-de-educacion-dual\\\/#article\",\"isPartOf\":{\"@id\":\"https:\\\/\\\/www.bbmnoticias.com\\\/labravaradiofm\\\/2023\\\/05\\\/25\\\/realizan-primer-conversatorio-trabajo-colaborativo-el-exito-del-sistema-de-educacion-dual\\\/\"},\"author\":{\"name\":\"Staff\",\"@id\":\"https:\\\/\\\/www.bbmnoticias.com\\\/labravaradiofm\\\/#\\\/schema\\\/person\\\/34b139c617a70ea5bef5678bffe4dd7b\"},\"headline\":\"Realizan Primer Conversatorio \u201cTrabajo colaborativo, el \u00e9xito del Sistema de Educaci\u00f3n Dual\u201d\",\"datePublished\":\"2023-05-25T18:23:09+00:00\",\"dateModified\":\"2023-05-25T18:23:10+00:00\",\"mainEntityOfPage\":{\"@id\":\"https:\\\/\\\/www.bbmnoticias.com\\\/labravaradiofm\\\/2023\\\/05\\\/25\\\/realizan-primer-conversatorio-trabajo-colaborativo-el-exito-del-sistema-de-educacion-dual\\\/\"},\"wordCount\":248,\"image\":{\"@id\":\"https:\\\/\\\/www.bbmnoticias.com\\\/labravaradiofm\\\/2023\\\/05\\\/25\\\/realizan-primer-conversatorio-trabajo-colaborativo-el-exito-del-sistema-de-educacion-dual\\\/#primaryimage\"},\"thumbnailUrl\":\"https:\\\/\\\/www.bbmnoticias.com\\\/labravaradiofm\\\/wp-content\\\/uploads\\\/sites\\\/5\\\/2023\\\/05\\\/conversatorio.jpg\",\"articleSection\":[\"LOCAL\"],\"inLanguage\":\"es\"},{\"@type\":\"WebPage\",\"@id\":\"https:\\\/\\\/www.bbmnoticias.com\\\/labravaradiofm\\\/2023\\\/05\\\/25\\\/realizan-primer-conversatorio-trabajo-colaborativo-el-exito-del-sistema-de-educacion-dual\\\/\",\"url\":\"https:\\\/\\\/www.bbmnoticias.com\\\/labravaradiofm\\\/2023\\\/05\\\/25\\\/realizan-primer-conversatorio-trabajo-colaborativo-el-exito-del-sistema-de-educacion-dual\\\/\",\"name\":\"Realizan Primer Conversatorio \u201cTrabajo colaborativo, el \u00e9xito del Sistema de Educaci\u00f3n Dual\u201d - LA BRAVA RADIO\",\"isPartOf\":{\"@id\":\"https:\\\/\\\/www.bbmnoticias.com\\\/labravaradiofm\\\/#website\"},\"primaryImageOfPage\":{\"@id\":\"https:\\\/\\\/www.bbmnoticias.com\\\/labravaradiofm\\\/2023\\\/05\\\/25\\\/realizan-primer-conversatorio-trabajo-colaborativo-el-exito-del-sistema-de-educacion-dual\\\/#primaryimage\"},\"image\":{\"@id\":\"https:\\\/\\\/www.bbmnoticias.com\\\/labravaradiofm\\\/2023\\\/05\\\/25\\\/realizan-primer-conversatorio-trabajo-colaborativo-el-exito-del-sistema-de-educacion-dual\\\/#primaryimage\"},\"thumbnailUrl\":\"https:\\\/\\\/www.bbmnoticias.com\\\/labravaradiofm\\\/wp-content\\\/uploads\\\/sites\\\/5\\\/2023\\\/05\\\/conversatorio.jpg\",\"datePublished\":\"2023-05-25T18:23:09+00:00\",\"dateModified\":\"2023-05-25T18:23:10+00:00\",\"author\":{\"@id\":\"https:\\\/\\\/www.bbmnoticias.com\\\/labravaradiofm\\\/#\\\/schema\\\/person\\\/34b139c617a70ea5bef5678bffe4dd7b\"},\"breadcrumb\":{\"@id\":\"https:\\\/\\\/www.bbmnoticias.com\\\/labravaradiofm\\\/2023\\\/05\\\/25\\\/realizan-primer-conversatorio-trabajo-colaborativo-el-exito-del-sistema-de-educacion-dual\\\/#breadcrumb\"},\"inLanguage\":\"es\",\"potentialAction\":[{\"@type\":\"ReadAction\",\"target\":[\"https:\\\/\\\/www.bbmnoticias.com\\\/labravaradiofm\\\/2023\\\/05\\\/25\\\/realizan-primer-conversatorio-trabajo-colaborativo-el-exito-del-sistema-de-educacion-dual\\\/\"]}]},{\"@type\":\"ImageObject\",\"inLanguage\":\"es\",\"@id\":\"https:\\\/\\\/www.bbmnoticias.com\\\/labravaradiofm\\\/2023\\\/05\\\/25\\\/realizan-primer-conversatorio-trabajo-colaborativo-el-exito-del-sistema-de-educacion-dual\\\/#primaryimage\",\"url\":\"https:\\\/\\\/www.bbmnoticias.com\\\/labravaradiofm\\\/wp-content\\\/uploads\\\/sites\\\/5\\\/2023\\\/05\\\/conversatorio.jpg\",\"contentUrl\":\"https:\\\/\\\/www.bbmnoticias.com\\\/labravaradiofm\\\/wp-content\\\/uploads\\\/sites\\\/5\\\/2023\\\/05\\\/conversatorio.jpg\",\"width\":1200,\"height\":800},{\"@type\":\"BreadcrumbList\",\"@id\":\"https:\\\/\\\/www.bbmnoticias.com\\\/labravaradiofm\\\/2023\\\/05\\\/25\\\/realizan-primer-conversatorio-trabajo-colaborativo-el-exito-del-sistema-de-educacion-dual\\\/#breadcrumb\",\"itemListElement\":[{\"@type\":\"ListItem\",\"position\":1,\"name\":\"Inicio\",\"item\":\"https:\\\/\\\/www.bbmnoticias.com\\\/labravaradiofm\\\/\"},{\"@type\":\"ListItem\",\"position\":2,\"name\":\"Realizan Primer Conversatorio \u201cTrabajo colaborativo, el \u00e9xito del Sistema de Educaci\u00f3n Dual\u201d\"}]},{\"@type\":\"WebSite\",\"@id\":\"https:\\\/\\\/www.bbmnoticias.com\\\/labravaradiofm\\\/#website\",\"url\":\"https:\\\/\\\/www.bbmnoticias.com\\\/labravaradiofm\\\/\",\"name\":\"LA BRAVA RADIO\",\"description\":\"Empresa productora de medios, Radiodifusi\u00f3n, Noticias, tendencias y todo lo que necesitas saber de la pol\u00edtica mexicana e internacional; entretenimiento, espect\u00e1culos, salud y mucho m\u00e1s.\",\"potentialAction\":[{\"@type\":\"SearchAction\",\"target\":{\"@type\":\"EntryPoint\",\"urlTemplate\":\"https:\\\/\\\/www.bbmnoticias.com\\\/labravaradiofm\\\/?s={search_term_string}\"},\"query-input\":{\"@type\":\"PropertyValueSpecification\",\"valueRequired\":true,\"valueName\":\"search_term_string\"}}],\"inLanguage\":\"es\"},{\"@type\":\"Person\",\"@id\":\"https:\\\/\\\/www.bbmnoticias.com\\\/labravaradiofm\\\/#\\\/schema\\\/person\\\/34b139c617a70ea5bef5678bffe4dd7b\",\"name\":\"Staff\",\"image\":{\"@type\":\"ImageObject\",\"inLanguage\":\"es\",\"@id\":\"https:\\\/\\\/secure.gravatar.com\\\/avatar\\\/fdd21ad66fd8b98c407f9dee5b5e588cfe7f0d8579ec20fa6527cd59bab7f0f0?s=96&d=mm&r=g\",\"url\":\"https:\\\/\\\/secure.gravatar.com\\\/avatar\\\/fdd21ad66fd8b98c407f9dee5b5e588cfe7f0d8579ec20fa6527cd59bab7f0f0?s=96&d=mm&r=g\",\"contentUrl\":\"https:\\\/\\\/secure.gravatar.com\\\/avatar\\\/fdd21ad66fd8b98c407f9dee5b5e588cfe7f0d8579ec20fa6527cd59bab7f0f0?s=96&d=mm&r=g\",\"caption\":\"Staff\"},\"url\":\"https:\\\/\\\/www.bbmnoticias.com\\\/labravaradiofm\\\/author\\\/redaccion\\\/\"}]}<\/script>\n<!-- \/ Yoast SEO plugin. -->","yoast_head_json":{"title":"Realizan Primer Conversatorio \u201cTrabajo colaborativo, el \u00e9xito del Sistema de Educaci\u00f3n Dual\u201d - LA BRAVA RADIO","robots":{"index":"index","follow":"follow","max-snippet":"max-snippet:-1","max-image-preview":"max-image-preview:large","max-video-preview":"max-video-preview:-1"},"canonical":"https:\/\/www.bbmnoticias.com\/labravaradiofm\/2023\/05\/25\/realizan-primer-conversatorio-trabajo-colaborativo-el-exito-del-sistema-de-educacion-dual\/","og_locale":"es_MX","og_type":"article","og_title":"Realizan Primer Conversatorio \u201cTrabajo colaborativo, el \u00e9xito del Sistema de Educaci\u00f3n Dual\u201d - LA BRAVA RADIO","og_description":"Oaxaca de Ju\u00e1rez, Oax. 25 de mayo de 2023.- Con la finalidad de fortalecer el proceso de aprendizaje de su comunidad estudiantil, a trav\u00e9s del intercambio de experiencias, el Colegio de Estudios Cient\u00edficos y Tecnol\u00f3gicos del Estado de Oaxaca (CECyTEO) realiz\u00f3 el Primer Conversatorio \u201cTrabajo colaborativo, el \u00e9xito del Sistema de Educaci\u00f3n Dual\u201d en el [&hellip;]","og_url":"https:\/\/www.bbmnoticias.com\/labravaradiofm\/2023\/05\/25\/realizan-primer-conversatorio-trabajo-colaborativo-el-exito-del-sistema-de-educacion-dual\/","og_site_name":"LA BRAVA RADIO","article_published_time":"2023-05-25T18:23:09+00:00","article_modified_time":"2023-05-25T18:23:10+00:00","og_image":[{"width":1200,"height":800,"url":"https:\/\/www.bbmnoticias.com\/labravaradiofm\/wp-content\/uploads\/sites\/5\/2023\/05\/conversatorio.jpg","type":"image\/jpeg"}],"author":"Staff","twitter_card":"summary_large_image","twitter_misc":{"Escrito por":"Staff","Tiempo de lectura":"2 minutos"},"schema":{"@context":"https:\/\/schema.org","@graph":[{"@type":"Article","@id":"https:\/\/www.bbmnoticias.com\/labravaradiofm\/2023\/05\/25\/realizan-primer-conversatorio-trabajo-colaborativo-el-exito-del-sistema-de-educacion-dual\/#article","isPartOf":{"@id":"https:\/\/www.bbmnoticias.com\/labravaradiofm\/2023\/05\/25\/realizan-primer-conversatorio-trabajo-colaborativo-el-exito-del-sistema-de-educacion-dual\/"},"author":{"name":"Staff","@id":"https:\/\/www.bbmnoticias.com\/labravaradiofm\/#\/schema\/person\/34b139c617a70ea5bef5678bffe4dd7b"},"headline":"Realizan Primer Conversatorio \u201cTrabajo colaborativo, el \u00e9xito del Sistema de Educaci\u00f3n Dual\u201d","datePublished":"2023-05-25T18:23:09+00:00","dateModified":"2023-05-25T18:23:10+00:00","mainEntityOfPage":{"@id":"https:\/\/www.bbmnoticias.com\/labravaradiofm\/2023\/05\/25\/realizan-primer-conversatorio-trabajo-colaborativo-el-exito-del-sistema-de-educacion-dual\/"},"wordCount":248,"image":{"@id":"https:\/\/www.bbmnoticias.com\/labravaradiofm\/2023\/05\/25\/realizan-primer-conversatorio-trabajo-colaborativo-el-exito-del-sistema-de-educacion-dual\/#primaryimage"},"thumbnailUrl":"https:\/\/www.bbmnoticias.com\/labravaradiofm\/wp-content\/uploads\/sites\/5\/2023\/05\/conversatorio.jpg","articleSection":["LOCAL"],"inLanguage":"es"},{"@type":"WebPage","@id":"https:\/\/www.bbmnoticias.com\/labravaradiofm\/2023\/05\/25\/realizan-primer-conversatorio-trabajo-colaborativo-el-exito-del-sistema-de-educacion-dual\/","url":"https:\/\/www.bbmnoticias.com\/labravaradiofm\/2023\/05\/25\/realizan-primer-conversatorio-trabajo-colaborativo-el-exito-del-sistema-de-educacion-dual\/","name":"Realizan Primer Conversatorio \u201cTrabajo colaborativo, el \u00e9xito del Sistema de Educaci\u00f3n Dual\u201d - LA BRAVA RADIO","isPartOf":{"@id":"https:\/\/www.bbmnoticias.com\/labravaradiofm\/#website"},"primaryImageOfPage":{"@id":"https:\/\/www.bbmnoticias.com\/labravaradiofm\/2023\/05\/25\/realizan-primer-conversatorio-trabajo-colaborativo-el-exito-del-sistema-de-educacion-dual\/#primaryimage"},"image":{"@id":"https:\/\/www.bbmnoticias.com\/labravaradiofm\/2023\/05\/25\/realizan-primer-conversatorio-trabajo-colaborativo-el-exito-del-sistema-de-educacion-dual\/#primaryimage"},"thumbnailUrl":"https:\/\/www.bbmnoticias.com\/labravaradiofm\/wp-content\/uploads\/sites\/5\/2023\/05\/conversatorio.jpg","datePublished":"2023-05-25T18:23:09+00:00","dateModified":"2023-05-25T18:23:10+00:00","author":{"@id":"https:\/\/www.bbmnoticias.com\/labravaradiofm\/#\/schema\/person\/34b139c617a70ea5bef5678bffe4dd7b"},"breadcrumb":{"@id":"https:\/\/www.bbmnoticias.com\/labravaradiofm\/2023\/05\/25\/realizan-primer-conversatorio-trabajo-colaborativo-el-exito-del-sistema-de-educacion-dual\/#breadcrumb"},"inLanguage":"es","potentialAction":[{"@type":"ReadAction","target":["https:\/\/www.bbmnoticias.com\/labravaradiofm\/2023\/05\/25\/realizan-primer-conversatorio-trabajo-colaborativo-el-exito-del-sistema-de-educacion-dual\/"]}]},{"@type":"ImageObject","inLanguage":"es","@id":"https:\/\/www.bbmnoticias.com\/labravaradiofm\/2023\/05\/25\/realizan-primer-conversatorio-trabajo-colaborativo-el-exito-del-sistema-de-educacion-dual\/#primaryimage","url":"https:\/\/www.bbmnoticias.com\/labravaradiofm\/wp-content\/uploads\/sites\/5\/2023\/05\/conversatorio.jpg","contentUrl":"https:\/\/www.bbmnoticias.com\/labravaradiofm\/wp-content\/uploads\/sites\/5\/2023\/05\/conversatorio.jpg","width":1200,"height":800},{"@type":"BreadcrumbList","@id":"https:\/\/www.bbmnoticias.com\/labravaradiofm\/2023\/05\/25\/realizan-primer-conversatorio-trabajo-colaborativo-el-exito-del-sistema-de-educacion-dual\/#breadcrumb","itemListElement":[{"@type":"ListItem","position":1,"name":"Inicio","item":"https:\/\/www.bbmnoticias.com\/labravaradiofm\/"},{"@type":"ListItem","position":2,"name":"Realizan Primer Conversatorio \u201cTrabajo colaborativo, el \u00e9xito del Sistema de Educaci\u00f3n Dual\u201d"}]},{"@type":"WebSite","@id":"https:\/\/www.bbmnoticias.com\/labravaradiofm\/#website","url":"https:\/\/www.bbmnoticias.com\/labravaradiofm\/","name":"LA BRAVA RADIO","description":"Empresa productora de medios, Radiodifusi\u00f3n, Noticias, tendencias y todo lo que necesitas saber de la pol\u00edtica mexicana e internacional; entretenimiento, espect\u00e1culos, salud y mucho m\u00e1s.","potentialAction":[{"@type":"SearchAction","target":{"@type":"EntryPoint","urlTemplate":"https:\/\/www.bbmnoticias.com\/labravaradiofm\/?s={search_term_string}"},"query-input":{"@type":"PropertyValueSpecification","valueRequired":true,"valueName":"search_term_string"}}],"inLanguage":"es"},{"@type":"Person","@id":"https:\/\/www.bbmnoticias.com\/labravaradiofm\/#\/schema\/person\/34b139c617a70ea5bef5678bffe4dd7b","name":"Staff","image":{"@type":"ImageObject","inLanguage":"es","@id":"https:\/\/secure.gravatar.com\/avatar\/fdd21ad66fd8b98c407f9dee5b5e588cfe7f0d8579ec20fa6527cd59bab7f0f0?s=96&d=mm&r=g","url":"https:\/\/secure.gravatar.com\/avatar\/fdd21ad66fd8b98c407f9dee5b5e588cfe7f0d8579ec20fa6527cd59bab7f0f0?s=96&d=mm&r=g","contentUrl":"https:\/\/secure.gravatar.com\/avatar\/fdd21ad66fd8b98c407f9dee5b5e588cfe7f0d8579ec20fa6527cd59bab7f0f0?s=96&d=mm&r=g","caption":"Staff"},"url":"https:\/\/www.bbmnoticias.com\/labravaradiofm\/author\/redaccion\/"}]}},"_links":{"self":[{"href":"https:\/\/www.bbmnoticias.com\/labravaradiofm\/wp-json\/wp\/v2\/posts\/27741","targetHints":{"allow":["GET"]}}],"collection":[{"href":"https:\/\/www.bbmnoticias.com\/labravaradiofm\/wp-json\/wp\/v2\/posts"}],"about":[{"href":"https:\/\/www.bbmnoticias.com\/labravaradiofm\/wp-json\/wp\/v2\/types\/post"}],"author":[{"embeddable":true,"href":"https:\/\/www.bbmnoticias.com\/labravaradiofm\/wp-json\/wp\/v2\/users\/2"}],"replies":[{"embeddable":true,"href":"https:\/\/www.bbmnoticias.com\/labravaradiofm\/wp-json\/wp\/v2\/comments?post=27741"}],"version-history":[{"count":0,"href":"https:\/\/www.bbmnoticias.com\/labravaradiofm\/wp-json\/wp\/v2\/posts\/27741\/revisions"}],"wp:featuredmedia":[{"embeddable":true,"href":"https:\/\/www.bbmnoticias.com\/labravaradiofm\/wp-json\/wp\/v2\/media\/27742"}],"wp:attachment":[{"href":"https:\/\/www.bbmnoticias.com\/labravaradiofm\/wp-json\/wp\/v2\/media?parent=27741"}],"wp:term":[{"taxonomy":"category","embeddable":true,"href":"https:\/\/www.bbmnoticias.com\/labravaradiofm\/wp-json\/wp\/v2\/categories?post=27741"},{"taxonomy":"post_tag","embeddable":true,"href":"https:\/\/www.bbmnoticias.com\/labravaradiofm\/wp-json\/wp\/v2\/tags?post=27741"}],"curies":[{"name":"wp","href":"https:\/\/api.w.org\/{rel}","templated":true}]}}