{"id":27722,"date":"2023-05-25T08:24:23","date_gmt":"2023-05-25T14:24:23","guid":{"rendered":"https:\/\/www.bbmnoticias.com\/labravaradiofm\/?p=27722"},"modified":"2023-05-25T08:24:24","modified_gmt":"2023-05-25T14:24:24","slug":"refuerzan-protocolo-de-prevencion-y-monitoreo-en-localidades-de-riesgo-por-actividad-del-volcan-popocatepetl","status":"publish","type":"post","link":"https:\/\/www.bbmnoticias.com\/labravaradiofm\/2023\/05\/25\/refuerzan-protocolo-de-prevencion-y-monitoreo-en-localidades-de-riesgo-por-actividad-del-volcan-popocatepetl\/","title":{"rendered":"Refuerzan protocolo de prevenci\u00f3n y monitoreo en localidades de riesgo por actividad del volc\u00e1n Popocat\u00e9petl"},"content":{"rendered":"<div style=\"margin-top: 0px; margin-bottom: 0px;\" class=\"sharethis-inline-share-buttons\" ><\/div>\n<ul class=\"wp-block-list\">\n<li><em>Piden a la poblaci\u00f3n estar pendiente de informaci\u00f3n oficial y no caer en especulaciones<\/em><\/li>\n<\/ul>\n\n\n\n<p><strong>Oaxaca de Ju\u00e1rez, Oax<\/strong>.- Ante el sem\u00e1foro de la alerta volc\u00e1nica del Popocat\u00e9petl que se encuentra en Amarillo fase 3, el Comit\u00e9 Estatal de Seguridad en Salud (CESS) sesion\u00f3 la noche de este mi\u00e9rcoles y acord\u00f3 reforzar el protocolo de prevenci\u00f3n y monitoreo de las localidades de riesgo en el territorio oaxaque\u00f1o.<\/p>\n\n\n\n<p>Durante la sesi\u00f3n se inform\u00f3 que de acuerdo con el Centro Nacional de Prevenci\u00f3n de Desastres (Cenapred) la trayectoria de las emisiones de cenizas indica dispersi\u00f3n hacia el noroeste de Oaxaca, sur de Puebla y noroeste de Guerrero.<\/p>\n\n\n\n<p>De continuar las fumarolas y erupciones de lava, podr\u00eda afectarse las zonas lim\u00edtrofes con el estado vecino de Puebla, principalmente en las Jurisdicciones Sanitarias de la Mixteca y Valles Centrales.<\/p>\n\n\n\n<p>Por tal motivo, como medida preventiva se enfatiz\u00f3 en el constante monitoreo en las localidades y unidades m\u00e9dicas en Teotitl\u00e1n de Flores Mag\u00f3n, Huautla de Jim\u00e9nez, la Sierra de Flores Mag\u00f3n y Huajuapan de Le\u00f3n.<\/p>\n\n\n\n<p>Tambi\u00e9n en los municipios de Mariscala de Ju\u00e1rez, Santiago Tamazola, Guadalupe la Libertad, Guadalupe del Recreo, San Juan Baisa, Magdalena Tetaltepec, San Lorenzo Vista Hermosa, San Jos\u00e9 Ayuquila y San Miguel Amatitl\u00e1n.<\/p>\n\n\n\n<p>De esta manera se busca actuar con oportunidad en caso de presencia de cenizas en el territorio oaxaque\u00f1o.<\/p>\n\n\n\n<p>Hasta el momento, en la entidad no se tiene registrada ninguna afectaci\u00f3n o alg\u00fan caso de enfermedad asociada a este fen\u00f3meno natural; sin embargo, los integrantes del CESS se mantendr\u00e1n alerta y diariamente reportar\u00e1n con oportunidad cualquier situaci\u00f3n que presente un riesgo para la entidad en caso de incrementarse de la actividad volc\u00e1nica.<\/p>\n\n\n\n<p>Aunque en la entidad no se ha presentado ca\u00edda de ceniza por la condici\u00f3n actual de los vientos, es importante tener en cuenta las medidas de prevenci\u00f3n en caso de que as\u00ed suceda como: cubrir nariz y boca con pa\u00f1uelo o cubrebocas, limpiar ojos y garganta con agua pura limpia, utilizar lentes de armaz\u00f3n y evitar los contactos para reducir la irritaci\u00f3n ocular, cerrar ventanas o cubrirlas y permanecer lo m\u00e1s posible dentro de casa.<\/p>\n\n\n\n<p>As\u00ed como cubrir recipientes de agua para evitar su contaminaci\u00f3n, adem\u00e1s de permanecer pendientes de informaci\u00f3n oficial y no caer en especulaciones.<\/p>\n","protected":false},"excerpt":{"rendered":"<p>Oaxaca de Ju\u00e1rez, Oax.- Ante el sem\u00e1foro de la alerta volc\u00e1nica del Popocat\u00e9petl que se encuentra en Amarillo fase 3, el Comit\u00e9 Estatal de Seguridad en Salud (CESS) sesion\u00f3 la noche de este mi\u00e9rcoles y acord\u00f3 reforzar el protocolo de prevenci\u00f3n y monitoreo de las localidades de riesgo en el territorio oaxaque\u00f1o. Durante la sesi\u00f3n [&hellip;]<\/p>\n","protected":false},"author":2,"featured_media":27723,"comment_status":"closed","ping_status":"closed","sticky":false,"template":"","format":"standard","meta":{"footnotes":""},"categories":[2],"tags":[],"class_list":{"0":"post-27722","1":"post","2":"type-post","3":"status-publish","4":"format-standard","5":"has-post-thumbnail","7":"category-oaxaca"},"yoast_head":"<!-- This site is optimized with the Yoast SEO plugin v27.4 - https:\/\/yoast.com\/product\/yoast-seo-wordpress\/ -->\n<title>Refuerzan protocolo de prevenci\u00f3n y monitoreo en localidades de riesgo por actividad del volc\u00e1n Popocat\u00e9petl - LA BRAVA RADIO<\/title>\n<meta name=\"robots\" content=\"index, follow, max-snippet:-1, max-image-preview:large, max-video-preview:-1\" \/>\n<link rel=\"canonical\" href=\"https:\/\/www.bbmnoticias.com\/labravaradiofm\/2023\/05\/25\/refuerzan-protocolo-de-prevencion-y-monitoreo-en-localidades-de-riesgo-por-actividad-del-volcan-popocatepetl\/\" \/>\n<meta property=\"og:locale\" content=\"es_MX\" \/>\n<meta property=\"og:type\" content=\"article\" \/>\n<meta property=\"og:title\" content=\"Refuerzan protocolo de prevenci\u00f3n y monitoreo en localidades de riesgo por actividad del volc\u00e1n Popocat\u00e9petl - LA BRAVA RADIO\" \/>\n<meta property=\"og:description\" content=\"Oaxaca de Ju\u00e1rez, Oax.- Ante el sem\u00e1foro de la alerta volc\u00e1nica del Popocat\u00e9petl que se encuentra en Amarillo fase 3, el Comit\u00e9 Estatal de Seguridad en Salud (CESS) sesion\u00f3 la noche de este mi\u00e9rcoles y acord\u00f3 reforzar el protocolo de prevenci\u00f3n y monitoreo de las localidades de riesgo en el territorio oaxaque\u00f1o. Durante la sesi\u00f3n [&hellip;]\" \/>\n<meta property=\"og:url\" content=\"https:\/\/www.bbmnoticias.com\/labravaradiofm\/2023\/05\/25\/refuerzan-protocolo-de-prevencion-y-monitoreo-en-localidades-de-riesgo-por-actividad-del-volcan-popocatepetl\/\" \/>\n<meta property=\"og:site_name\" content=\"LA BRAVA RADIO\" \/>\n<meta property=\"article:published_time\" content=\"2023-05-25T14:24:23+00:00\" \/>\n<meta property=\"article:modified_time\" content=\"2023-05-25T14:24:24+00:00\" \/>\n<meta property=\"og:image\" content=\"https:\/\/www.bbmnoticias.com\/labravaradiofm\/wp-content\/uploads\/sites\/5\/2023\/05\/popocatepetl_destacada.jpg\" \/>\n\t<meta property=\"og:image:width\" content=\"900\" \/>\n\t<meta property=\"og:image:height\" content=\"600\" \/>\n\t<meta property=\"og:image:type\" content=\"image\/jpeg\" \/>\n<meta name=\"author\" content=\"Staff\" \/>\n<meta name=\"twitter:card\" content=\"summary_large_image\" \/>\n<meta name=\"twitter:label1\" content=\"Escrito por\" \/>\n\t<meta name=\"twitter:data1\" content=\"Staff\" \/>\n\t<meta name=\"twitter:label2\" content=\"Tiempo de lectura\" \/>\n\t<meta name=\"twitter:data2\" content=\"2 minutos\" \/>\n<script type=\"application\/ld+json\" class=\"yoast-schema-graph\">{\"@context\":\"https:\\\/\\\/schema.org\",\"@graph\":[{\"@type\":\"Article\",\"@id\":\"https:\\\/\\\/www.bbmnoticias.com\\\/labravaradiofm\\\/2023\\\/05\\\/25\\\/refuerzan-protocolo-de-prevencion-y-monitoreo-en-localidades-de-riesgo-por-actividad-del-volcan-popocatepetl\\\/#article\",\"isPartOf\":{\"@id\":\"https:\\\/\\\/www.bbmnoticias.com\\\/labravaradiofm\\\/2023\\\/05\\\/25\\\/refuerzan-protocolo-de-prevencion-y-monitoreo-en-localidades-de-riesgo-por-actividad-del-volcan-popocatepetl\\\/\"},\"author\":{\"name\":\"Staff\",\"@id\":\"https:\\\/\\\/www.bbmnoticias.com\\\/labravaradiofm\\\/#\\\/schema\\\/person\\\/34b139c617a70ea5bef5678bffe4dd7b\"},\"headline\":\"Refuerzan protocolo de prevenci\u00f3n y monitoreo en localidades de riesgo por actividad del volc\u00e1n Popocat\u00e9petl\",\"datePublished\":\"2023-05-25T14:24:23+00:00\",\"dateModified\":\"2023-05-25T14:24:24+00:00\",\"mainEntityOfPage\":{\"@id\":\"https:\\\/\\\/www.bbmnoticias.com\\\/labravaradiofm\\\/2023\\\/05\\\/25\\\/refuerzan-protocolo-de-prevencion-y-monitoreo-en-localidades-de-riesgo-por-actividad-del-volcan-popocatepetl\\\/\"},\"wordCount\":428,\"image\":{\"@id\":\"https:\\\/\\\/www.bbmnoticias.com\\\/labravaradiofm\\\/2023\\\/05\\\/25\\\/refuerzan-protocolo-de-prevencion-y-monitoreo-en-localidades-de-riesgo-por-actividad-del-volcan-popocatepetl\\\/#primaryimage\"},\"thumbnailUrl\":\"https:\\\/\\\/www.bbmnoticias.com\\\/labravaradiofm\\\/wp-content\\\/uploads\\\/sites\\\/5\\\/2023\\\/05\\\/popocatepetl_destacada.jpg\",\"articleSection\":[\"LOCAL\"],\"inLanguage\":\"es\"},{\"@type\":\"WebPage\",\"@id\":\"https:\\\/\\\/www.bbmnoticias.com\\\/labravaradiofm\\\/2023\\\/05\\\/25\\\/refuerzan-protocolo-de-prevencion-y-monitoreo-en-localidades-de-riesgo-por-actividad-del-volcan-popocatepetl\\\/\",\"url\":\"https:\\\/\\\/www.bbmnoticias.com\\\/labravaradiofm\\\/2023\\\/05\\\/25\\\/refuerzan-protocolo-de-prevencion-y-monitoreo-en-localidades-de-riesgo-por-actividad-del-volcan-popocatepetl\\\/\",\"name\":\"Refuerzan protocolo de prevenci\u00f3n y monitoreo en localidades de riesgo por actividad del volc\u00e1n Popocat\u00e9petl - LA BRAVA RADIO\",\"isPartOf\":{\"@id\":\"https:\\\/\\\/www.bbmnoticias.com\\\/labravaradiofm\\\/#website\"},\"primaryImageOfPage\":{\"@id\":\"https:\\\/\\\/www.bbmnoticias.com\\\/labravaradiofm\\\/2023\\\/05\\\/25\\\/refuerzan-protocolo-de-prevencion-y-monitoreo-en-localidades-de-riesgo-por-actividad-del-volcan-popocatepetl\\\/#primaryimage\"},\"image\":{\"@id\":\"https:\\\/\\\/www.bbmnoticias.com\\\/labravaradiofm\\\/2023\\\/05\\\/25\\\/refuerzan-protocolo-de-prevencion-y-monitoreo-en-localidades-de-riesgo-por-actividad-del-volcan-popocatepetl\\\/#primaryimage\"},\"thumbnailUrl\":\"https:\\\/\\\/www.bbmnoticias.com\\\/labravaradiofm\\\/wp-content\\\/uploads\\\/sites\\\/5\\\/2023\\\/05\\\/popocatepetl_destacada.jpg\",\"datePublished\":\"2023-05-25T14:24:23+00:00\",\"dateModified\":\"2023-05-25T14:24:24+00:00\",\"author\":{\"@id\":\"https:\\\/\\\/www.bbmnoticias.com\\\/labravaradiofm\\\/#\\\/schema\\\/person\\\/34b139c617a70ea5bef5678bffe4dd7b\"},\"breadcrumb\":{\"@id\":\"https:\\\/\\\/www.bbmnoticias.com\\\/labravaradiofm\\\/2023\\\/05\\\/25\\\/refuerzan-protocolo-de-prevencion-y-monitoreo-en-localidades-de-riesgo-por-actividad-del-volcan-popocatepetl\\\/#breadcrumb\"},\"inLanguage\":\"es\",\"potentialAction\":[{\"@type\":\"ReadAction\",\"target\":[\"https:\\\/\\\/www.bbmnoticias.com\\\/labravaradiofm\\\/2023\\\/05\\\/25\\\/refuerzan-protocolo-de-prevencion-y-monitoreo-en-localidades-de-riesgo-por-actividad-del-volcan-popocatepetl\\\/\"]}]},{\"@type\":\"ImageObject\",\"inLanguage\":\"es\",\"@id\":\"https:\\\/\\\/www.bbmnoticias.com\\\/labravaradiofm\\\/2023\\\/05\\\/25\\\/refuerzan-protocolo-de-prevencion-y-monitoreo-en-localidades-de-riesgo-por-actividad-del-volcan-popocatepetl\\\/#primaryimage\",\"url\":\"https:\\\/\\\/www.bbmnoticias.com\\\/labravaradiofm\\\/wp-content\\\/uploads\\\/sites\\\/5\\\/2023\\\/05\\\/popocatepetl_destacada.jpg\",\"contentUrl\":\"https:\\\/\\\/www.bbmnoticias.com\\\/labravaradiofm\\\/wp-content\\\/uploads\\\/sites\\\/5\\\/2023\\\/05\\\/popocatepetl_destacada.jpg\",\"width\":900,\"height\":600},{\"@type\":\"BreadcrumbList\",\"@id\":\"https:\\\/\\\/www.bbmnoticias.com\\\/labravaradiofm\\\/2023\\\/05\\\/25\\\/refuerzan-protocolo-de-prevencion-y-monitoreo-en-localidades-de-riesgo-por-actividad-del-volcan-popocatepetl\\\/#breadcrumb\",\"itemListElement\":[{\"@type\":\"ListItem\",\"position\":1,\"name\":\"Inicio\",\"item\":\"https:\\\/\\\/www.bbmnoticias.com\\\/labravaradiofm\\\/\"},{\"@type\":\"ListItem\",\"position\":2,\"name\":\"Refuerzan protocolo de prevenci\u00f3n y monitoreo en localidades de riesgo por actividad del volc\u00e1n Popocat\u00e9petl\"}]},{\"@type\":\"WebSite\",\"@id\":\"https:\\\/\\\/www.bbmnoticias.com\\\/labravaradiofm\\\/#website\",\"url\":\"https:\\\/\\\/www.bbmnoticias.com\\\/labravaradiofm\\\/\",\"name\":\"LA BRAVA RADIO\",\"description\":\"Empresa productora de medios, Radiodifusi\u00f3n, Noticias, tendencias y todo lo que necesitas saber de la pol\u00edtica mexicana e internacional; entretenimiento, espect\u00e1culos, salud y mucho m\u00e1s.\",\"potentialAction\":[{\"@type\":\"SearchAction\",\"target\":{\"@type\":\"EntryPoint\",\"urlTemplate\":\"https:\\\/\\\/www.bbmnoticias.com\\\/labravaradiofm\\\/?s={search_term_string}\"},\"query-input\":{\"@type\":\"PropertyValueSpecification\",\"valueRequired\":true,\"valueName\":\"search_term_string\"}}],\"inLanguage\":\"es\"},{\"@type\":\"Person\",\"@id\":\"https:\\\/\\\/www.bbmnoticias.com\\\/labravaradiofm\\\/#\\\/schema\\\/person\\\/34b139c617a70ea5bef5678bffe4dd7b\",\"name\":\"Staff\",\"image\":{\"@type\":\"ImageObject\",\"inLanguage\":\"es\",\"@id\":\"https:\\\/\\\/secure.gravatar.com\\\/avatar\\\/fdd21ad66fd8b98c407f9dee5b5e588cfe7f0d8579ec20fa6527cd59bab7f0f0?s=96&d=mm&r=g\",\"url\":\"https:\\\/\\\/secure.gravatar.com\\\/avatar\\\/fdd21ad66fd8b98c407f9dee5b5e588cfe7f0d8579ec20fa6527cd59bab7f0f0?s=96&d=mm&r=g\",\"contentUrl\":\"https:\\\/\\\/secure.gravatar.com\\\/avatar\\\/fdd21ad66fd8b98c407f9dee5b5e588cfe7f0d8579ec20fa6527cd59bab7f0f0?s=96&d=mm&r=g\",\"caption\":\"Staff\"},\"url\":\"https:\\\/\\\/www.bbmnoticias.com\\\/labravaradiofm\\\/author\\\/redaccion\\\/\"}]}<\/script>\n<!-- \/ Yoast SEO plugin. -->","yoast_head_json":{"title":"Refuerzan protocolo de prevenci\u00f3n y monitoreo en localidades de riesgo por actividad del volc\u00e1n Popocat\u00e9petl - LA BRAVA RADIO","robots":{"index":"index","follow":"follow","max-snippet":"max-snippet:-1","max-image-preview":"max-image-preview:large","max-video-preview":"max-video-preview:-1"},"canonical":"https:\/\/www.bbmnoticias.com\/labravaradiofm\/2023\/05\/25\/refuerzan-protocolo-de-prevencion-y-monitoreo-en-localidades-de-riesgo-por-actividad-del-volcan-popocatepetl\/","og_locale":"es_MX","og_type":"article","og_title":"Refuerzan protocolo de prevenci\u00f3n y monitoreo en localidades de riesgo por actividad del volc\u00e1n Popocat\u00e9petl - LA BRAVA RADIO","og_description":"Oaxaca de Ju\u00e1rez, Oax.- Ante el sem\u00e1foro de la alerta volc\u00e1nica del Popocat\u00e9petl que se encuentra en Amarillo fase 3, el Comit\u00e9 Estatal de Seguridad en Salud (CESS) sesion\u00f3 la noche de este mi\u00e9rcoles y acord\u00f3 reforzar el protocolo de prevenci\u00f3n y monitoreo de las localidades de riesgo en el territorio oaxaque\u00f1o. Durante la sesi\u00f3n [&hellip;]","og_url":"https:\/\/www.bbmnoticias.com\/labravaradiofm\/2023\/05\/25\/refuerzan-protocolo-de-prevencion-y-monitoreo-en-localidades-de-riesgo-por-actividad-del-volcan-popocatepetl\/","og_site_name":"LA BRAVA RADIO","article_published_time":"2023-05-25T14:24:23+00:00","article_modified_time":"2023-05-25T14:24:24+00:00","og_image":[{"width":900,"height":600,"url":"https:\/\/www.bbmnoticias.com\/labravaradiofm\/wp-content\/uploads\/sites\/5\/2023\/05\/popocatepetl_destacada.jpg","type":"image\/jpeg"}],"author":"Staff","twitter_card":"summary_large_image","twitter_misc":{"Escrito por":"Staff","Tiempo de lectura":"2 minutos"},"schema":{"@context":"https:\/\/schema.org","@graph":[{"@type":"Article","@id":"https:\/\/www.bbmnoticias.com\/labravaradiofm\/2023\/05\/25\/refuerzan-protocolo-de-prevencion-y-monitoreo-en-localidades-de-riesgo-por-actividad-del-volcan-popocatepetl\/#article","isPartOf":{"@id":"https:\/\/www.bbmnoticias.com\/labravaradiofm\/2023\/05\/25\/refuerzan-protocolo-de-prevencion-y-monitoreo-en-localidades-de-riesgo-por-actividad-del-volcan-popocatepetl\/"},"author":{"name":"Staff","@id":"https:\/\/www.bbmnoticias.com\/labravaradiofm\/#\/schema\/person\/34b139c617a70ea5bef5678bffe4dd7b"},"headline":"Refuerzan protocolo de prevenci\u00f3n y monitoreo en localidades de riesgo por actividad del volc\u00e1n Popocat\u00e9petl","datePublished":"2023-05-25T14:24:23+00:00","dateModified":"2023-05-25T14:24:24+00:00","mainEntityOfPage":{"@id":"https:\/\/www.bbmnoticias.com\/labravaradiofm\/2023\/05\/25\/refuerzan-protocolo-de-prevencion-y-monitoreo-en-localidades-de-riesgo-por-actividad-del-volcan-popocatepetl\/"},"wordCount":428,"image":{"@id":"https:\/\/www.bbmnoticias.com\/labravaradiofm\/2023\/05\/25\/refuerzan-protocolo-de-prevencion-y-monitoreo-en-localidades-de-riesgo-por-actividad-del-volcan-popocatepetl\/#primaryimage"},"thumbnailUrl":"https:\/\/www.bbmnoticias.com\/labravaradiofm\/wp-content\/uploads\/sites\/5\/2023\/05\/popocatepetl_destacada.jpg","articleSection":["LOCAL"],"inLanguage":"es"},{"@type":"WebPage","@id":"https:\/\/www.bbmnoticias.com\/labravaradiofm\/2023\/05\/25\/refuerzan-protocolo-de-prevencion-y-monitoreo-en-localidades-de-riesgo-por-actividad-del-volcan-popocatepetl\/","url":"https:\/\/www.bbmnoticias.com\/labravaradiofm\/2023\/05\/25\/refuerzan-protocolo-de-prevencion-y-monitoreo-en-localidades-de-riesgo-por-actividad-del-volcan-popocatepetl\/","name":"Refuerzan protocolo de prevenci\u00f3n y monitoreo en localidades de riesgo por actividad del volc\u00e1n Popocat\u00e9petl - LA BRAVA RADIO","isPartOf":{"@id":"https:\/\/www.bbmnoticias.com\/labravaradiofm\/#website"},"primaryImageOfPage":{"@id":"https:\/\/www.bbmnoticias.com\/labravaradiofm\/2023\/05\/25\/refuerzan-protocolo-de-prevencion-y-monitoreo-en-localidades-de-riesgo-por-actividad-del-volcan-popocatepetl\/#primaryimage"},"image":{"@id":"https:\/\/www.bbmnoticias.com\/labravaradiofm\/2023\/05\/25\/refuerzan-protocolo-de-prevencion-y-monitoreo-en-localidades-de-riesgo-por-actividad-del-volcan-popocatepetl\/#primaryimage"},"thumbnailUrl":"https:\/\/www.bbmnoticias.com\/labravaradiofm\/wp-content\/uploads\/sites\/5\/2023\/05\/popocatepetl_destacada.jpg","datePublished":"2023-05-25T14:24:23+00:00","dateModified":"2023-05-25T14:24:24+00:00","author":{"@id":"https:\/\/www.bbmnoticias.com\/labravaradiofm\/#\/schema\/person\/34b139c617a70ea5bef5678bffe4dd7b"},"breadcrumb":{"@id":"https:\/\/www.bbmnoticias.com\/labravaradiofm\/2023\/05\/25\/refuerzan-protocolo-de-prevencion-y-monitoreo-en-localidades-de-riesgo-por-actividad-del-volcan-popocatepetl\/#breadcrumb"},"inLanguage":"es","potentialAction":[{"@type":"ReadAction","target":["https:\/\/www.bbmnoticias.com\/labravaradiofm\/2023\/05\/25\/refuerzan-protocolo-de-prevencion-y-monitoreo-en-localidades-de-riesgo-por-actividad-del-volcan-popocatepetl\/"]}]},{"@type":"ImageObject","inLanguage":"es","@id":"https:\/\/www.bbmnoticias.com\/labravaradiofm\/2023\/05\/25\/refuerzan-protocolo-de-prevencion-y-monitoreo-en-localidades-de-riesgo-por-actividad-del-volcan-popocatepetl\/#primaryimage","url":"https:\/\/www.bbmnoticias.com\/labravaradiofm\/wp-content\/uploads\/sites\/5\/2023\/05\/popocatepetl_destacada.jpg","contentUrl":"https:\/\/www.bbmnoticias.com\/labravaradiofm\/wp-content\/uploads\/sites\/5\/2023\/05\/popocatepetl_destacada.jpg","width":900,"height":600},{"@type":"BreadcrumbList","@id":"https:\/\/www.bbmnoticias.com\/labravaradiofm\/2023\/05\/25\/refuerzan-protocolo-de-prevencion-y-monitoreo-en-localidades-de-riesgo-por-actividad-del-volcan-popocatepetl\/#breadcrumb","itemListElement":[{"@type":"ListItem","position":1,"name":"Inicio","item":"https:\/\/www.bbmnoticias.com\/labravaradiofm\/"},{"@type":"ListItem","position":2,"name":"Refuerzan protocolo de prevenci\u00f3n y monitoreo en localidades de riesgo por actividad del volc\u00e1n Popocat\u00e9petl"}]},{"@type":"WebSite","@id":"https:\/\/www.bbmnoticias.com\/labravaradiofm\/#website","url":"https:\/\/www.bbmnoticias.com\/labravaradiofm\/","name":"LA BRAVA RADIO","description":"Empresa productora de medios, Radiodifusi\u00f3n, Noticias, tendencias y todo lo que necesitas saber de la pol\u00edtica mexicana e internacional; entretenimiento, espect\u00e1culos, salud y mucho m\u00e1s.","potentialAction":[{"@type":"SearchAction","target":{"@type":"EntryPoint","urlTemplate":"https:\/\/www.bbmnoticias.com\/labravaradiofm\/?s={search_term_string}"},"query-input":{"@type":"PropertyValueSpecification","valueRequired":true,"valueName":"search_term_string"}}],"inLanguage":"es"},{"@type":"Person","@id":"https:\/\/www.bbmnoticias.com\/labravaradiofm\/#\/schema\/person\/34b139c617a70ea5bef5678bffe4dd7b","name":"Staff","image":{"@type":"ImageObject","inLanguage":"es","@id":"https:\/\/secure.gravatar.com\/avatar\/fdd21ad66fd8b98c407f9dee5b5e588cfe7f0d8579ec20fa6527cd59bab7f0f0?s=96&d=mm&r=g","url":"https:\/\/secure.gravatar.com\/avatar\/fdd21ad66fd8b98c407f9dee5b5e588cfe7f0d8579ec20fa6527cd59bab7f0f0?s=96&d=mm&r=g","contentUrl":"https:\/\/secure.gravatar.com\/avatar\/fdd21ad66fd8b98c407f9dee5b5e588cfe7f0d8579ec20fa6527cd59bab7f0f0?s=96&d=mm&r=g","caption":"Staff"},"url":"https:\/\/www.bbmnoticias.com\/labravaradiofm\/author\/redaccion\/"}]}},"_links":{"self":[{"href":"https:\/\/www.bbmnoticias.com\/labravaradiofm\/wp-json\/wp\/v2\/posts\/27722","targetHints":{"allow":["GET"]}}],"collection":[{"href":"https:\/\/www.bbmnoticias.com\/labravaradiofm\/wp-json\/wp\/v2\/posts"}],"about":[{"href":"https:\/\/www.bbmnoticias.com\/labravaradiofm\/wp-json\/wp\/v2\/types\/post"}],"author":[{"embeddable":true,"href":"https:\/\/www.bbmnoticias.com\/labravaradiofm\/wp-json\/wp\/v2\/users\/2"}],"replies":[{"embeddable":true,"href":"https:\/\/www.bbmnoticias.com\/labravaradiofm\/wp-json\/wp\/v2\/comments?post=27722"}],"version-history":[{"count":0,"href":"https:\/\/www.bbmnoticias.com\/labravaradiofm\/wp-json\/wp\/v2\/posts\/27722\/revisions"}],"wp:featuredmedia":[{"embeddable":true,"href":"https:\/\/www.bbmnoticias.com\/labravaradiofm\/wp-json\/wp\/v2\/media\/27723"}],"wp:attachment":[{"href":"https:\/\/www.bbmnoticias.com\/labravaradiofm\/wp-json\/wp\/v2\/media?parent=27722"}],"wp:term":[{"taxonomy":"category","embeddable":true,"href":"https:\/\/www.bbmnoticias.com\/labravaradiofm\/wp-json\/wp\/v2\/categories?post=27722"},{"taxonomy":"post_tag","embeddable":true,"href":"https:\/\/www.bbmnoticias.com\/labravaradiofm\/wp-json\/wp\/v2\/tags?post=27722"}],"curies":[{"name":"wp","href":"https:\/\/api.w.org\/{rel}","templated":true}]}}