{"id":27719,"date":"2023-05-25T08:20:46","date_gmt":"2023-05-25T14:20:46","guid":{"rendered":"https:\/\/www.bbmnoticias.com\/labravaradiofm\/?p=27719"},"modified":"2023-05-25T08:20:47","modified_gmt":"2023-05-25T14:20:47","slug":"capacita-sefin-a-personal-operativo-de-semovi","status":"publish","type":"post","link":"https:\/\/www.bbmnoticias.com\/labravaradiofm\/2023\/05\/25\/capacita-sefin-a-personal-operativo-de-semovi\/","title":{"rendered":"Capacita Sefin a personal operativo de Semovi"},"content":{"rendered":"<div style=\"margin-top: 0px; margin-bottom: 0px;\" class=\"sharethis-inline-share-buttons\" ><\/div>\n<p><strong>San Bartolo Coyotepec, Oax<\/strong>.- Personal del Departamento de Administraci\u00f3n Tributaria de la Secretar\u00eda de Finanzas (Sefin) llev\u00f3 a cabo la capacitaci\u00f3n Gu\u00eda de apoyo para niveles de servicio t\u00e9cnico, dirigido a personal operativo de la Secretar\u00eda de Movilidad (Semovi).<\/p>\n\n\n\n<p>Esta capacitaci\u00f3n tiene el objetivo de preparar al personal en el conocimiento y las funciones que se realizan mediante el Sistema de Ingresos de Oaxaca (SIOX) para algunos tr\u00e1mites relacionados con los sujetos obligados del pago del Impuesto Sobre Tenencia y Uso de Veh\u00edculos y del Impuesto de Adquisici\u00f3n de Veh\u00edculos de Motor Usados.<\/p>\n\n\n\n<p>La jefa del Departamento de Administraci\u00f3n Tributaria de la Sefin Esther Villalobos inform\u00f3 que la capacitaci\u00f3n en la utilizaci\u00f3n del SIOX fue dirigida a quienes se encargan de la captura de tr\u00e1mites vehiculares, personal de la Semovi y de los Centros Integrales de Atenci\u00f3n al Contribuyente.<\/p>\n\n\n\n<p>Explic\u00f3 que la Gu\u00eda de apoyo para niveles de servicio t\u00e9cnico se actualiz\u00f3 coordinadamente entre la Sefin y Semovi, sin embargo, para la aplicaci\u00f3n de estos procesos en donde intervienen ambas \u00e1reas fue necesario brindar el acompa\u00f1amiento al personal operativo para su correcta ejecuci\u00f3n.<\/p>\n\n\n\n<p>\u201cNos beneficia para tener el conocimiento y las herramientas para poder atender de manera eficaz y oportuna a las personas contribuyentes. Lo que queremos es coordinarnos con la Secretar\u00eda de Finanzas para mejorar la atenci\u00f3n a la ciudadan\u00eda y que no haya molestias cuando realicen sus tr\u00e1mites\u201d asegur\u00f3 Katia Soledad Bola\u00f1os Flores, directora de Licencias y emplacamiento vehicular de la Semovi.<\/p>\n\n\n\n<p>En tanto, los expositores de dicha capacitaci\u00f3n, Iv\u00e1n Pacheco L\u00f3pez y Pablo Nah\u00fam D\u00edaz Navarro, personal adscrito al Departamento de Administraci\u00f3n Tributaria dependiente de la Coordinaci\u00f3n T\u00e9cnica de Ingresos de la Direcci\u00f3n de Ingresos y Recaudaci\u00f3n de la Sefin, aseguraron que brindar\u00e1n el apoyo y todo el material que est\u00e9 dentro de sus posibilidades para hacer m\u00e1s eficientes los procesos recaudatorios.<\/p>\n\n\n\n<p>La jornada de capacitaci\u00f3n se realiz\u00f3 en el sal\u00f3n Benito Ju\u00e1rez del Edificio D Sa\u00fal Mart\u00ednez, en Ciudad Judicial.<\/p>\n","protected":false},"excerpt":{"rendered":"<p>San Bartolo Coyotepec, Oax.- Personal del Departamento de Administraci\u00f3n Tributaria de la Secretar\u00eda de Finanzas (Sefin) llev\u00f3 a cabo la capacitaci\u00f3n Gu\u00eda de apoyo para niveles de servicio t\u00e9cnico, dirigido a personal operativo de la Secretar\u00eda de Movilidad (Semovi). Esta capacitaci\u00f3n tiene el objetivo de preparar al personal en el conocimiento y las funciones que [&hellip;]<\/p>\n","protected":false},"author":2,"featured_media":27720,"comment_status":"closed","ping_status":"closed","sticky":false,"template":"","format":"standard","meta":{"footnotes":""},"categories":[2],"tags":[],"class_list":{"0":"post-27719","1":"post","2":"type-post","3":"status-publish","4":"format-standard","5":"has-post-thumbnail","7":"category-oaxaca"},"yoast_head":"<!-- This site is optimized with the Yoast SEO plugin v27.4 - https:\/\/yoast.com\/product\/yoast-seo-wordpress\/ -->\n<title>Capacita Sefin a personal operativo de Semovi - LA BRAVA RADIO<\/title>\n<meta name=\"robots\" content=\"index, follow, max-snippet:-1, max-image-preview:large, max-video-preview:-1\" \/>\n<link rel=\"canonical\" href=\"https:\/\/www.bbmnoticias.com\/labravaradiofm\/2023\/05\/25\/capacita-sefin-a-personal-operativo-de-semovi\/\" \/>\n<meta property=\"og:locale\" content=\"es_MX\" \/>\n<meta property=\"og:type\" content=\"article\" \/>\n<meta property=\"og:title\" content=\"Capacita Sefin a personal operativo de Semovi - LA BRAVA RADIO\" \/>\n<meta property=\"og:description\" content=\"San Bartolo Coyotepec, Oax.- Personal del Departamento de Administraci\u00f3n Tributaria de la Secretar\u00eda de Finanzas (Sefin) llev\u00f3 a cabo la capacitaci\u00f3n Gu\u00eda de apoyo para niveles de servicio t\u00e9cnico, dirigido a personal operativo de la Secretar\u00eda de Movilidad (Semovi). Esta capacitaci\u00f3n tiene el objetivo de preparar al personal en el conocimiento y las funciones que [&hellip;]\" \/>\n<meta property=\"og:url\" content=\"https:\/\/www.bbmnoticias.com\/labravaradiofm\/2023\/05\/25\/capacita-sefin-a-personal-operativo-de-semovi\/\" \/>\n<meta property=\"og:site_name\" content=\"LA BRAVA RADIO\" \/>\n<meta property=\"article:published_time\" content=\"2023-05-25T14:20:46+00:00\" \/>\n<meta property=\"article:modified_time\" content=\"2023-05-25T14:20:47+00:00\" \/>\n<meta property=\"og:image\" content=\"https:\/\/www.bbmnoticias.com\/labravaradiofm\/wp-content\/uploads\/sites\/5\/2023\/05\/sefin_capacita.jpg\" \/>\n\t<meta property=\"og:image:width\" content=\"800\" \/>\n\t<meta property=\"og:image:height\" content=\"585\" \/>\n\t<meta property=\"og:image:type\" content=\"image\/jpeg\" \/>\n<meta name=\"author\" content=\"Staff\" \/>\n<meta name=\"twitter:card\" content=\"summary_large_image\" \/>\n<meta name=\"twitter:label1\" content=\"Escrito por\" \/>\n\t<meta name=\"twitter:data1\" content=\"Staff\" \/>\n\t<meta name=\"twitter:label2\" content=\"Tiempo de lectura\" \/>\n\t<meta name=\"twitter:data2\" content=\"2 minutos\" \/>\n<script type=\"application\/ld+json\" class=\"yoast-schema-graph\">{\"@context\":\"https:\\\/\\\/schema.org\",\"@graph\":[{\"@type\":\"Article\",\"@id\":\"https:\\\/\\\/www.bbmnoticias.com\\\/labravaradiofm\\\/2023\\\/05\\\/25\\\/capacita-sefin-a-personal-operativo-de-semovi\\\/#article\",\"isPartOf\":{\"@id\":\"https:\\\/\\\/www.bbmnoticias.com\\\/labravaradiofm\\\/2023\\\/05\\\/25\\\/capacita-sefin-a-personal-operativo-de-semovi\\\/\"},\"author\":{\"name\":\"Staff\",\"@id\":\"https:\\\/\\\/www.bbmnoticias.com\\\/labravaradiofm\\\/#\\\/schema\\\/person\\\/34b139c617a70ea5bef5678bffe4dd7b\"},\"headline\":\"Capacita Sefin a personal operativo de Semovi\",\"datePublished\":\"2023-05-25T14:20:46+00:00\",\"dateModified\":\"2023-05-25T14:20:47+00:00\",\"mainEntityOfPage\":{\"@id\":\"https:\\\/\\\/www.bbmnoticias.com\\\/labravaradiofm\\\/2023\\\/05\\\/25\\\/capacita-sefin-a-personal-operativo-de-semovi\\\/\"},\"wordCount\":375,\"image\":{\"@id\":\"https:\\\/\\\/www.bbmnoticias.com\\\/labravaradiofm\\\/2023\\\/05\\\/25\\\/capacita-sefin-a-personal-operativo-de-semovi\\\/#primaryimage\"},\"thumbnailUrl\":\"https:\\\/\\\/www.bbmnoticias.com\\\/labravaradiofm\\\/wp-content\\\/uploads\\\/sites\\\/5\\\/2023\\\/05\\\/sefin_capacita.jpg\",\"articleSection\":[\"LOCAL\"],\"inLanguage\":\"es\"},{\"@type\":\"WebPage\",\"@id\":\"https:\\\/\\\/www.bbmnoticias.com\\\/labravaradiofm\\\/2023\\\/05\\\/25\\\/capacita-sefin-a-personal-operativo-de-semovi\\\/\",\"url\":\"https:\\\/\\\/www.bbmnoticias.com\\\/labravaradiofm\\\/2023\\\/05\\\/25\\\/capacita-sefin-a-personal-operativo-de-semovi\\\/\",\"name\":\"Capacita Sefin a personal operativo de Semovi - LA BRAVA RADIO\",\"isPartOf\":{\"@id\":\"https:\\\/\\\/www.bbmnoticias.com\\\/labravaradiofm\\\/#website\"},\"primaryImageOfPage\":{\"@id\":\"https:\\\/\\\/www.bbmnoticias.com\\\/labravaradiofm\\\/2023\\\/05\\\/25\\\/capacita-sefin-a-personal-operativo-de-semovi\\\/#primaryimage\"},\"image\":{\"@id\":\"https:\\\/\\\/www.bbmnoticias.com\\\/labravaradiofm\\\/2023\\\/05\\\/25\\\/capacita-sefin-a-personal-operativo-de-semovi\\\/#primaryimage\"},\"thumbnailUrl\":\"https:\\\/\\\/www.bbmnoticias.com\\\/labravaradiofm\\\/wp-content\\\/uploads\\\/sites\\\/5\\\/2023\\\/05\\\/sefin_capacita.jpg\",\"datePublished\":\"2023-05-25T14:20:46+00:00\",\"dateModified\":\"2023-05-25T14:20:47+00:00\",\"author\":{\"@id\":\"https:\\\/\\\/www.bbmnoticias.com\\\/labravaradiofm\\\/#\\\/schema\\\/person\\\/34b139c617a70ea5bef5678bffe4dd7b\"},\"breadcrumb\":{\"@id\":\"https:\\\/\\\/www.bbmnoticias.com\\\/labravaradiofm\\\/2023\\\/05\\\/25\\\/capacita-sefin-a-personal-operativo-de-semovi\\\/#breadcrumb\"},\"inLanguage\":\"es\",\"potentialAction\":[{\"@type\":\"ReadAction\",\"target\":[\"https:\\\/\\\/www.bbmnoticias.com\\\/labravaradiofm\\\/2023\\\/05\\\/25\\\/capacita-sefin-a-personal-operativo-de-semovi\\\/\"]}]},{\"@type\":\"ImageObject\",\"inLanguage\":\"es\",\"@id\":\"https:\\\/\\\/www.bbmnoticias.com\\\/labravaradiofm\\\/2023\\\/05\\\/25\\\/capacita-sefin-a-personal-operativo-de-semovi\\\/#primaryimage\",\"url\":\"https:\\\/\\\/www.bbmnoticias.com\\\/labravaradiofm\\\/wp-content\\\/uploads\\\/sites\\\/5\\\/2023\\\/05\\\/sefin_capacita.jpg\",\"contentUrl\":\"https:\\\/\\\/www.bbmnoticias.com\\\/labravaradiofm\\\/wp-content\\\/uploads\\\/sites\\\/5\\\/2023\\\/05\\\/sefin_capacita.jpg\",\"width\":800,\"height\":585},{\"@type\":\"BreadcrumbList\",\"@id\":\"https:\\\/\\\/www.bbmnoticias.com\\\/labravaradiofm\\\/2023\\\/05\\\/25\\\/capacita-sefin-a-personal-operativo-de-semovi\\\/#breadcrumb\",\"itemListElement\":[{\"@type\":\"ListItem\",\"position\":1,\"name\":\"Inicio\",\"item\":\"https:\\\/\\\/www.bbmnoticias.com\\\/labravaradiofm\\\/\"},{\"@type\":\"ListItem\",\"position\":2,\"name\":\"Capacita Sefin a personal operativo de Semovi\"}]},{\"@type\":\"WebSite\",\"@id\":\"https:\\\/\\\/www.bbmnoticias.com\\\/labravaradiofm\\\/#website\",\"url\":\"https:\\\/\\\/www.bbmnoticias.com\\\/labravaradiofm\\\/\",\"name\":\"LA BRAVA RADIO\",\"description\":\"Empresa productora de medios, Radiodifusi\u00f3n, Noticias, tendencias y todo lo que necesitas saber de la pol\u00edtica mexicana e internacional; entretenimiento, espect\u00e1culos, salud y mucho m\u00e1s.\",\"potentialAction\":[{\"@type\":\"SearchAction\",\"target\":{\"@type\":\"EntryPoint\",\"urlTemplate\":\"https:\\\/\\\/www.bbmnoticias.com\\\/labravaradiofm\\\/?s={search_term_string}\"},\"query-input\":{\"@type\":\"PropertyValueSpecification\",\"valueRequired\":true,\"valueName\":\"search_term_string\"}}],\"inLanguage\":\"es\"},{\"@type\":\"Person\",\"@id\":\"https:\\\/\\\/www.bbmnoticias.com\\\/labravaradiofm\\\/#\\\/schema\\\/person\\\/34b139c617a70ea5bef5678bffe4dd7b\",\"name\":\"Staff\",\"image\":{\"@type\":\"ImageObject\",\"inLanguage\":\"es\",\"@id\":\"https:\\\/\\\/secure.gravatar.com\\\/avatar\\\/fdd21ad66fd8b98c407f9dee5b5e588cfe7f0d8579ec20fa6527cd59bab7f0f0?s=96&d=mm&r=g\",\"url\":\"https:\\\/\\\/secure.gravatar.com\\\/avatar\\\/fdd21ad66fd8b98c407f9dee5b5e588cfe7f0d8579ec20fa6527cd59bab7f0f0?s=96&d=mm&r=g\",\"contentUrl\":\"https:\\\/\\\/secure.gravatar.com\\\/avatar\\\/fdd21ad66fd8b98c407f9dee5b5e588cfe7f0d8579ec20fa6527cd59bab7f0f0?s=96&d=mm&r=g\",\"caption\":\"Staff\"},\"url\":\"https:\\\/\\\/www.bbmnoticias.com\\\/labravaradiofm\\\/author\\\/redaccion\\\/\"}]}<\/script>\n<!-- \/ Yoast SEO plugin. -->","yoast_head_json":{"title":"Capacita Sefin a personal operativo de Semovi - LA BRAVA RADIO","robots":{"index":"index","follow":"follow","max-snippet":"max-snippet:-1","max-image-preview":"max-image-preview:large","max-video-preview":"max-video-preview:-1"},"canonical":"https:\/\/www.bbmnoticias.com\/labravaradiofm\/2023\/05\/25\/capacita-sefin-a-personal-operativo-de-semovi\/","og_locale":"es_MX","og_type":"article","og_title":"Capacita Sefin a personal operativo de Semovi - LA BRAVA RADIO","og_description":"San Bartolo Coyotepec, Oax.- Personal del Departamento de Administraci\u00f3n Tributaria de la Secretar\u00eda de Finanzas (Sefin) llev\u00f3 a cabo la capacitaci\u00f3n Gu\u00eda de apoyo para niveles de servicio t\u00e9cnico, dirigido a personal operativo de la Secretar\u00eda de Movilidad (Semovi). Esta capacitaci\u00f3n tiene el objetivo de preparar al personal en el conocimiento y las funciones que [&hellip;]","og_url":"https:\/\/www.bbmnoticias.com\/labravaradiofm\/2023\/05\/25\/capacita-sefin-a-personal-operativo-de-semovi\/","og_site_name":"LA BRAVA RADIO","article_published_time":"2023-05-25T14:20:46+00:00","article_modified_time":"2023-05-25T14:20:47+00:00","og_image":[{"width":800,"height":585,"url":"https:\/\/www.bbmnoticias.com\/labravaradiofm\/wp-content\/uploads\/sites\/5\/2023\/05\/sefin_capacita.jpg","type":"image\/jpeg"}],"author":"Staff","twitter_card":"summary_large_image","twitter_misc":{"Escrito por":"Staff","Tiempo de lectura":"2 minutos"},"schema":{"@context":"https:\/\/schema.org","@graph":[{"@type":"Article","@id":"https:\/\/www.bbmnoticias.com\/labravaradiofm\/2023\/05\/25\/capacita-sefin-a-personal-operativo-de-semovi\/#article","isPartOf":{"@id":"https:\/\/www.bbmnoticias.com\/labravaradiofm\/2023\/05\/25\/capacita-sefin-a-personal-operativo-de-semovi\/"},"author":{"name":"Staff","@id":"https:\/\/www.bbmnoticias.com\/labravaradiofm\/#\/schema\/person\/34b139c617a70ea5bef5678bffe4dd7b"},"headline":"Capacita Sefin a personal operativo de Semovi","datePublished":"2023-05-25T14:20:46+00:00","dateModified":"2023-05-25T14:20:47+00:00","mainEntityOfPage":{"@id":"https:\/\/www.bbmnoticias.com\/labravaradiofm\/2023\/05\/25\/capacita-sefin-a-personal-operativo-de-semovi\/"},"wordCount":375,"image":{"@id":"https:\/\/www.bbmnoticias.com\/labravaradiofm\/2023\/05\/25\/capacita-sefin-a-personal-operativo-de-semovi\/#primaryimage"},"thumbnailUrl":"https:\/\/www.bbmnoticias.com\/labravaradiofm\/wp-content\/uploads\/sites\/5\/2023\/05\/sefin_capacita.jpg","articleSection":["LOCAL"],"inLanguage":"es"},{"@type":"WebPage","@id":"https:\/\/www.bbmnoticias.com\/labravaradiofm\/2023\/05\/25\/capacita-sefin-a-personal-operativo-de-semovi\/","url":"https:\/\/www.bbmnoticias.com\/labravaradiofm\/2023\/05\/25\/capacita-sefin-a-personal-operativo-de-semovi\/","name":"Capacita Sefin a personal operativo de Semovi - LA BRAVA RADIO","isPartOf":{"@id":"https:\/\/www.bbmnoticias.com\/labravaradiofm\/#website"},"primaryImageOfPage":{"@id":"https:\/\/www.bbmnoticias.com\/labravaradiofm\/2023\/05\/25\/capacita-sefin-a-personal-operativo-de-semovi\/#primaryimage"},"image":{"@id":"https:\/\/www.bbmnoticias.com\/labravaradiofm\/2023\/05\/25\/capacita-sefin-a-personal-operativo-de-semovi\/#primaryimage"},"thumbnailUrl":"https:\/\/www.bbmnoticias.com\/labravaradiofm\/wp-content\/uploads\/sites\/5\/2023\/05\/sefin_capacita.jpg","datePublished":"2023-05-25T14:20:46+00:00","dateModified":"2023-05-25T14:20:47+00:00","author":{"@id":"https:\/\/www.bbmnoticias.com\/labravaradiofm\/#\/schema\/person\/34b139c617a70ea5bef5678bffe4dd7b"},"breadcrumb":{"@id":"https:\/\/www.bbmnoticias.com\/labravaradiofm\/2023\/05\/25\/capacita-sefin-a-personal-operativo-de-semovi\/#breadcrumb"},"inLanguage":"es","potentialAction":[{"@type":"ReadAction","target":["https:\/\/www.bbmnoticias.com\/labravaradiofm\/2023\/05\/25\/capacita-sefin-a-personal-operativo-de-semovi\/"]}]},{"@type":"ImageObject","inLanguage":"es","@id":"https:\/\/www.bbmnoticias.com\/labravaradiofm\/2023\/05\/25\/capacita-sefin-a-personal-operativo-de-semovi\/#primaryimage","url":"https:\/\/www.bbmnoticias.com\/labravaradiofm\/wp-content\/uploads\/sites\/5\/2023\/05\/sefin_capacita.jpg","contentUrl":"https:\/\/www.bbmnoticias.com\/labravaradiofm\/wp-content\/uploads\/sites\/5\/2023\/05\/sefin_capacita.jpg","width":800,"height":585},{"@type":"BreadcrumbList","@id":"https:\/\/www.bbmnoticias.com\/labravaradiofm\/2023\/05\/25\/capacita-sefin-a-personal-operativo-de-semovi\/#breadcrumb","itemListElement":[{"@type":"ListItem","position":1,"name":"Inicio","item":"https:\/\/www.bbmnoticias.com\/labravaradiofm\/"},{"@type":"ListItem","position":2,"name":"Capacita Sefin a personal operativo de Semovi"}]},{"@type":"WebSite","@id":"https:\/\/www.bbmnoticias.com\/labravaradiofm\/#website","url":"https:\/\/www.bbmnoticias.com\/labravaradiofm\/","name":"LA BRAVA RADIO","description":"Empresa productora de medios, Radiodifusi\u00f3n, Noticias, tendencias y todo lo que necesitas saber de la pol\u00edtica mexicana e internacional; entretenimiento, espect\u00e1culos, salud y mucho m\u00e1s.","potentialAction":[{"@type":"SearchAction","target":{"@type":"EntryPoint","urlTemplate":"https:\/\/www.bbmnoticias.com\/labravaradiofm\/?s={search_term_string}"},"query-input":{"@type":"PropertyValueSpecification","valueRequired":true,"valueName":"search_term_string"}}],"inLanguage":"es"},{"@type":"Person","@id":"https:\/\/www.bbmnoticias.com\/labravaradiofm\/#\/schema\/person\/34b139c617a70ea5bef5678bffe4dd7b","name":"Staff","image":{"@type":"ImageObject","inLanguage":"es","@id":"https:\/\/secure.gravatar.com\/avatar\/fdd21ad66fd8b98c407f9dee5b5e588cfe7f0d8579ec20fa6527cd59bab7f0f0?s=96&d=mm&r=g","url":"https:\/\/secure.gravatar.com\/avatar\/fdd21ad66fd8b98c407f9dee5b5e588cfe7f0d8579ec20fa6527cd59bab7f0f0?s=96&d=mm&r=g","contentUrl":"https:\/\/secure.gravatar.com\/avatar\/fdd21ad66fd8b98c407f9dee5b5e588cfe7f0d8579ec20fa6527cd59bab7f0f0?s=96&d=mm&r=g","caption":"Staff"},"url":"https:\/\/www.bbmnoticias.com\/labravaradiofm\/author\/redaccion\/"}]}},"_links":{"self":[{"href":"https:\/\/www.bbmnoticias.com\/labravaradiofm\/wp-json\/wp\/v2\/posts\/27719","targetHints":{"allow":["GET"]}}],"collection":[{"href":"https:\/\/www.bbmnoticias.com\/labravaradiofm\/wp-json\/wp\/v2\/posts"}],"about":[{"href":"https:\/\/www.bbmnoticias.com\/labravaradiofm\/wp-json\/wp\/v2\/types\/post"}],"author":[{"embeddable":true,"href":"https:\/\/www.bbmnoticias.com\/labravaradiofm\/wp-json\/wp\/v2\/users\/2"}],"replies":[{"embeddable":true,"href":"https:\/\/www.bbmnoticias.com\/labravaradiofm\/wp-json\/wp\/v2\/comments?post=27719"}],"version-history":[{"count":0,"href":"https:\/\/www.bbmnoticias.com\/labravaradiofm\/wp-json\/wp\/v2\/posts\/27719\/revisions"}],"wp:featuredmedia":[{"embeddable":true,"href":"https:\/\/www.bbmnoticias.com\/labravaradiofm\/wp-json\/wp\/v2\/media\/27720"}],"wp:attachment":[{"href":"https:\/\/www.bbmnoticias.com\/labravaradiofm\/wp-json\/wp\/v2\/media?parent=27719"}],"wp:term":[{"taxonomy":"category","embeddable":true,"href":"https:\/\/www.bbmnoticias.com\/labravaradiofm\/wp-json\/wp\/v2\/categories?post=27719"},{"taxonomy":"post_tag","embeddable":true,"href":"https:\/\/www.bbmnoticias.com\/labravaradiofm\/wp-json\/wp\/v2\/tags?post=27719"}],"curies":[{"name":"wp","href":"https:\/\/api.w.org\/{rel}","templated":true}]}}