{"id":27713,"date":"2023-05-24T18:51:09","date_gmt":"2023-05-25T00:51:09","guid":{"rendered":"https:\/\/www.bbmnoticias.com\/labravaradiofm\/?p=27713"},"modified":"2023-05-24T18:51:10","modified_gmt":"2023-05-25T00:51:10","slug":"firman-convenio-secretaria-de-administracion-y-cgemsyscyt-para-la-profesionalizacion-del-funcionariado","status":"publish","type":"post","link":"https:\/\/www.bbmnoticias.com\/labravaradiofm\/2023\/05\/24\/firman-convenio-secretaria-de-administracion-y-cgemsyscyt-para-la-profesionalizacion-del-funcionariado\/","title":{"rendered":"Firman convenio Secretar\u00eda de Administraci\u00f3n y CGEMSySCyT para la profesionalizaci\u00f3n del funcionariado"},"content":{"rendered":"<div style=\"margin-top: 0px; margin-bottom: 0px;\" class=\"sharethis-inline-share-buttons\" ><\/div>\n<p><strong>Santa Luc\u00eda del Camino, Oax.<\/strong>\u00a0 Con el fin de fortalecer la profesionalizaci\u00f3n de las personas servidoras p\u00fablicas del Gobierno del Estado, la Secretar\u00eda de Administraci\u00f3n y la Coordinaci\u00f3n General de Educaci\u00f3n Media Superior y Superior, Ciencia y Tecnolog\u00eda (CGEMSySCyT) firmaron un convenio de colaboraci\u00f3n para establecer v\u00ednculo con instituciones del nivel superior y t\u00e9cnicas.<\/p>\n\n\n\n<p>El prop\u00f3sito de este convenio es la implementaci\u00f3n del Programa de Profesionalizaci\u00f3n de la Unidad de Desarrollo Profesional, el cual brindar\u00e1 capacitaciones de manera permanente a las y los trabajadores en la modalidad de base y contrato-confianza para que puedan terminar sus estudios.<\/p>\n\n\n\n<p>El trabajo interinstitucional, entre la Secretar\u00eda de Administraci\u00f3n con la CGEMSySCyT permitir\u00e1 contar con el respaldo de 27 instituciones educativas, p\u00fablicas y privadas de Oaxaca, Puebla, Guanajuato y Chiapas, quienes otorgar\u00e1n descuentos, promociones y alternativas en sus sistemas escolarizados a las y los trabajadores y sus familias.<\/p>\n\n\n\n<p>En su intervenci\u00f3n, el secretario de Administraci\u00f3n Antonio Morales Toledo indic\u00f3 que para el Gobierno del Estado es primordial que la transformaci\u00f3n llegue a todos los \u00e1mbitos del ejercicio p\u00fablico estatal, en el cual se cuente con funcionarias y funcionarios capacitados y preparados para ejercer sus funciones, dejando el burocratismo en el pasado.<\/p>\n\n\n\n<p>\u201cEl Gobernador present\u00f3 el Plan Estatal de Desarrollo 2022-2028 que marca la ruta para alcanzar el bienestar y desarrollo de Oaxaca, por lo tanto, este Programa de Profesionalizaci\u00f3n permitir\u00e1 atender y capacitar al personal en las diferentes instancias del Gobierno del Estado\u201d, indic\u00f3.<\/p>\n\n\n\n<p>En tanto, el director de Recursos Humanos de la Secretar\u00eda de Administraci\u00f3n Uryel Bautista V\u00e1squez resalt\u00f3 la importancia de contar con personal preparado y productivo en el Gobierno de Oaxaca, por lo que consider\u00f3 de relevancia que existan convenios con instituciones de educaci\u00f3n superior para que el personal fortalezca sus perfiles y competencias laborales.<\/p>\n\n\n\n<p>A su vez, el secretario T\u00e9cnico de la Comisi\u00f3n Estatal para la Planeaci\u00f3n de la Educaci\u00f3n Superior en Oaxaca (Coepes) Mario Samuel Ceballos L\u00f3pez destac\u00f3 la cooperaci\u00f3n que se establece entre las dependencias para llevar a cabo este convenio y con ello fortalecer el trabajo a favor de Oaxaca.<\/p>\n","protected":false},"excerpt":{"rendered":"<p>Santa Luc\u00eda del Camino, Oax.\u00a0 Con el fin de fortalecer la profesionalizaci\u00f3n de las personas servidoras p\u00fablicas del Gobierno del Estado, la Secretar\u00eda de Administraci\u00f3n y la Coordinaci\u00f3n General de Educaci\u00f3n Media Superior y Superior, Ciencia y Tecnolog\u00eda (CGEMSySCyT) firmaron un convenio de colaboraci\u00f3n para establecer v\u00ednculo con instituciones del nivel superior y t\u00e9cnicas. El [&hellip;]<\/p>\n","protected":false},"author":2,"featured_media":27714,"comment_status":"closed","ping_status":"closed","sticky":false,"template":"","format":"standard","meta":{"footnotes":""},"categories":[2],"tags":[],"class_list":{"0":"post-27713","1":"post","2":"type-post","3":"status-publish","4":"format-standard","5":"has-post-thumbnail","7":"category-oaxaca"},"yoast_head":"<!-- This site is optimized with the Yoast SEO plugin v27.4 - https:\/\/yoast.com\/product\/yoast-seo-wordpress\/ -->\n<title>Firman convenio Secretar\u00eda de Administraci\u00f3n y CGEMSySCyT para la profesionalizaci\u00f3n del funcionariado - LA BRAVA RADIO<\/title>\n<meta name=\"robots\" content=\"index, follow, max-snippet:-1, max-image-preview:large, max-video-preview:-1\" \/>\n<link rel=\"canonical\" href=\"https:\/\/www.bbmnoticias.com\/labravaradiofm\/2023\/05\/24\/firman-convenio-secretaria-de-administracion-y-cgemsyscyt-para-la-profesionalizacion-del-funcionariado\/\" \/>\n<meta property=\"og:locale\" content=\"es_MX\" \/>\n<meta property=\"og:type\" content=\"article\" \/>\n<meta property=\"og:title\" content=\"Firman convenio Secretar\u00eda de Administraci\u00f3n y CGEMSySCyT para la profesionalizaci\u00f3n del funcionariado - LA BRAVA RADIO\" \/>\n<meta property=\"og:description\" content=\"Santa Luc\u00eda del Camino, Oax.\u00a0 Con el fin de fortalecer la profesionalizaci\u00f3n de las personas servidoras p\u00fablicas del Gobierno del Estado, la Secretar\u00eda de Administraci\u00f3n y la Coordinaci\u00f3n General de Educaci\u00f3n Media Superior y Superior, Ciencia y Tecnolog\u00eda (CGEMSySCyT) firmaron un convenio de colaboraci\u00f3n para establecer v\u00ednculo con instituciones del nivel superior y t\u00e9cnicas. El [&hellip;]\" \/>\n<meta property=\"og:url\" content=\"https:\/\/www.bbmnoticias.com\/labravaradiofm\/2023\/05\/24\/firman-convenio-secretaria-de-administracion-y-cgemsyscyt-para-la-profesionalizacion-del-funcionariado\/\" \/>\n<meta property=\"og:site_name\" content=\"LA BRAVA RADIO\" \/>\n<meta property=\"article:published_time\" content=\"2023-05-25T00:51:09+00:00\" \/>\n<meta property=\"article:modified_time\" content=\"2023-05-25T00:51:10+00:00\" \/>\n<meta property=\"og:image\" content=\"https:\/\/www.bbmnoticias.com\/labravaradiofm\/wp-content\/uploads\/sites\/5\/2023\/05\/convenio_admon.jpg\" \/>\n\t<meta property=\"og:image:width\" content=\"895\" \/>\n\t<meta property=\"og:image:height\" content=\"683\" \/>\n\t<meta property=\"og:image:type\" content=\"image\/jpeg\" \/>\n<meta name=\"author\" content=\"Staff\" \/>\n<meta name=\"twitter:card\" content=\"summary_large_image\" \/>\n<meta name=\"twitter:label1\" content=\"Escrito por\" \/>\n\t<meta name=\"twitter:data1\" content=\"Staff\" \/>\n\t<meta name=\"twitter:label2\" content=\"Tiempo de lectura\" \/>\n\t<meta name=\"twitter:data2\" content=\"2 minutos\" \/>\n<script type=\"application\/ld+json\" class=\"yoast-schema-graph\">{\"@context\":\"https:\\\/\\\/schema.org\",\"@graph\":[{\"@type\":\"Article\",\"@id\":\"https:\\\/\\\/www.bbmnoticias.com\\\/labravaradiofm\\\/2023\\\/05\\\/24\\\/firman-convenio-secretaria-de-administracion-y-cgemsyscyt-para-la-profesionalizacion-del-funcionariado\\\/#article\",\"isPartOf\":{\"@id\":\"https:\\\/\\\/www.bbmnoticias.com\\\/labravaradiofm\\\/2023\\\/05\\\/24\\\/firman-convenio-secretaria-de-administracion-y-cgemsyscyt-para-la-profesionalizacion-del-funcionariado\\\/\"},\"author\":{\"name\":\"Staff\",\"@id\":\"https:\\\/\\\/www.bbmnoticias.com\\\/labravaradiofm\\\/#\\\/schema\\\/person\\\/34b139c617a70ea5bef5678bffe4dd7b\"},\"headline\":\"Firman convenio Secretar\u00eda de Administraci\u00f3n y CGEMSySCyT para la profesionalizaci\u00f3n del funcionariado\",\"datePublished\":\"2023-05-25T00:51:09+00:00\",\"dateModified\":\"2023-05-25T00:51:10+00:00\",\"mainEntityOfPage\":{\"@id\":\"https:\\\/\\\/www.bbmnoticias.com\\\/labravaradiofm\\\/2023\\\/05\\\/24\\\/firman-convenio-secretaria-de-administracion-y-cgemsyscyt-para-la-profesionalizacion-del-funcionariado\\\/\"},\"wordCount\":390,\"image\":{\"@id\":\"https:\\\/\\\/www.bbmnoticias.com\\\/labravaradiofm\\\/2023\\\/05\\\/24\\\/firman-convenio-secretaria-de-administracion-y-cgemsyscyt-para-la-profesionalizacion-del-funcionariado\\\/#primaryimage\"},\"thumbnailUrl\":\"https:\\\/\\\/www.bbmnoticias.com\\\/labravaradiofm\\\/wp-content\\\/uploads\\\/sites\\\/5\\\/2023\\\/05\\\/convenio_admon.jpg\",\"articleSection\":[\"LOCAL\"],\"inLanguage\":\"es\"},{\"@type\":\"WebPage\",\"@id\":\"https:\\\/\\\/www.bbmnoticias.com\\\/labravaradiofm\\\/2023\\\/05\\\/24\\\/firman-convenio-secretaria-de-administracion-y-cgemsyscyt-para-la-profesionalizacion-del-funcionariado\\\/\",\"url\":\"https:\\\/\\\/www.bbmnoticias.com\\\/labravaradiofm\\\/2023\\\/05\\\/24\\\/firman-convenio-secretaria-de-administracion-y-cgemsyscyt-para-la-profesionalizacion-del-funcionariado\\\/\",\"name\":\"Firman convenio Secretar\u00eda de Administraci\u00f3n y CGEMSySCyT para la profesionalizaci\u00f3n del funcionariado - LA BRAVA RADIO\",\"isPartOf\":{\"@id\":\"https:\\\/\\\/www.bbmnoticias.com\\\/labravaradiofm\\\/#website\"},\"primaryImageOfPage\":{\"@id\":\"https:\\\/\\\/www.bbmnoticias.com\\\/labravaradiofm\\\/2023\\\/05\\\/24\\\/firman-convenio-secretaria-de-administracion-y-cgemsyscyt-para-la-profesionalizacion-del-funcionariado\\\/#primaryimage\"},\"image\":{\"@id\":\"https:\\\/\\\/www.bbmnoticias.com\\\/labravaradiofm\\\/2023\\\/05\\\/24\\\/firman-convenio-secretaria-de-administracion-y-cgemsyscyt-para-la-profesionalizacion-del-funcionariado\\\/#primaryimage\"},\"thumbnailUrl\":\"https:\\\/\\\/www.bbmnoticias.com\\\/labravaradiofm\\\/wp-content\\\/uploads\\\/sites\\\/5\\\/2023\\\/05\\\/convenio_admon.jpg\",\"datePublished\":\"2023-05-25T00:51:09+00:00\",\"dateModified\":\"2023-05-25T00:51:10+00:00\",\"author\":{\"@id\":\"https:\\\/\\\/www.bbmnoticias.com\\\/labravaradiofm\\\/#\\\/schema\\\/person\\\/34b139c617a70ea5bef5678bffe4dd7b\"},\"breadcrumb\":{\"@id\":\"https:\\\/\\\/www.bbmnoticias.com\\\/labravaradiofm\\\/2023\\\/05\\\/24\\\/firman-convenio-secretaria-de-administracion-y-cgemsyscyt-para-la-profesionalizacion-del-funcionariado\\\/#breadcrumb\"},\"inLanguage\":\"es\",\"potentialAction\":[{\"@type\":\"ReadAction\",\"target\":[\"https:\\\/\\\/www.bbmnoticias.com\\\/labravaradiofm\\\/2023\\\/05\\\/24\\\/firman-convenio-secretaria-de-administracion-y-cgemsyscyt-para-la-profesionalizacion-del-funcionariado\\\/\"]}]},{\"@type\":\"ImageObject\",\"inLanguage\":\"es\",\"@id\":\"https:\\\/\\\/www.bbmnoticias.com\\\/labravaradiofm\\\/2023\\\/05\\\/24\\\/firman-convenio-secretaria-de-administracion-y-cgemsyscyt-para-la-profesionalizacion-del-funcionariado\\\/#primaryimage\",\"url\":\"https:\\\/\\\/www.bbmnoticias.com\\\/labravaradiofm\\\/wp-content\\\/uploads\\\/sites\\\/5\\\/2023\\\/05\\\/convenio_admon.jpg\",\"contentUrl\":\"https:\\\/\\\/www.bbmnoticias.com\\\/labravaradiofm\\\/wp-content\\\/uploads\\\/sites\\\/5\\\/2023\\\/05\\\/convenio_admon.jpg\",\"width\":895,\"height\":683},{\"@type\":\"BreadcrumbList\",\"@id\":\"https:\\\/\\\/www.bbmnoticias.com\\\/labravaradiofm\\\/2023\\\/05\\\/24\\\/firman-convenio-secretaria-de-administracion-y-cgemsyscyt-para-la-profesionalizacion-del-funcionariado\\\/#breadcrumb\",\"itemListElement\":[{\"@type\":\"ListItem\",\"position\":1,\"name\":\"Inicio\",\"item\":\"https:\\\/\\\/www.bbmnoticias.com\\\/labravaradiofm\\\/\"},{\"@type\":\"ListItem\",\"position\":2,\"name\":\"Firman convenio Secretar\u00eda de Administraci\u00f3n y CGEMSySCyT para la profesionalizaci\u00f3n del funcionariado\"}]},{\"@type\":\"WebSite\",\"@id\":\"https:\\\/\\\/www.bbmnoticias.com\\\/labravaradiofm\\\/#website\",\"url\":\"https:\\\/\\\/www.bbmnoticias.com\\\/labravaradiofm\\\/\",\"name\":\"LA BRAVA RADIO\",\"description\":\"Empresa productora de medios, Radiodifusi\u00f3n, Noticias, tendencias y todo lo que necesitas saber de la pol\u00edtica mexicana e internacional; entretenimiento, espect\u00e1culos, salud y mucho m\u00e1s.\",\"potentialAction\":[{\"@type\":\"SearchAction\",\"target\":{\"@type\":\"EntryPoint\",\"urlTemplate\":\"https:\\\/\\\/www.bbmnoticias.com\\\/labravaradiofm\\\/?s={search_term_string}\"},\"query-input\":{\"@type\":\"PropertyValueSpecification\",\"valueRequired\":true,\"valueName\":\"search_term_string\"}}],\"inLanguage\":\"es\"},{\"@type\":\"Person\",\"@id\":\"https:\\\/\\\/www.bbmnoticias.com\\\/labravaradiofm\\\/#\\\/schema\\\/person\\\/34b139c617a70ea5bef5678bffe4dd7b\",\"name\":\"Staff\",\"image\":{\"@type\":\"ImageObject\",\"inLanguage\":\"es\",\"@id\":\"https:\\\/\\\/secure.gravatar.com\\\/avatar\\\/fdd21ad66fd8b98c407f9dee5b5e588cfe7f0d8579ec20fa6527cd59bab7f0f0?s=96&d=mm&r=g\",\"url\":\"https:\\\/\\\/secure.gravatar.com\\\/avatar\\\/fdd21ad66fd8b98c407f9dee5b5e588cfe7f0d8579ec20fa6527cd59bab7f0f0?s=96&d=mm&r=g\",\"contentUrl\":\"https:\\\/\\\/secure.gravatar.com\\\/avatar\\\/fdd21ad66fd8b98c407f9dee5b5e588cfe7f0d8579ec20fa6527cd59bab7f0f0?s=96&d=mm&r=g\",\"caption\":\"Staff\"},\"url\":\"https:\\\/\\\/www.bbmnoticias.com\\\/labravaradiofm\\\/author\\\/redaccion\\\/\"}]}<\/script>\n<!-- \/ Yoast SEO plugin. -->","yoast_head_json":{"title":"Firman convenio Secretar\u00eda de Administraci\u00f3n y CGEMSySCyT para la profesionalizaci\u00f3n del funcionariado - LA BRAVA RADIO","robots":{"index":"index","follow":"follow","max-snippet":"max-snippet:-1","max-image-preview":"max-image-preview:large","max-video-preview":"max-video-preview:-1"},"canonical":"https:\/\/www.bbmnoticias.com\/labravaradiofm\/2023\/05\/24\/firman-convenio-secretaria-de-administracion-y-cgemsyscyt-para-la-profesionalizacion-del-funcionariado\/","og_locale":"es_MX","og_type":"article","og_title":"Firman convenio Secretar\u00eda de Administraci\u00f3n y CGEMSySCyT para la profesionalizaci\u00f3n del funcionariado - LA BRAVA RADIO","og_description":"Santa Luc\u00eda del Camino, Oax.\u00a0 Con el fin de fortalecer la profesionalizaci\u00f3n de las personas servidoras p\u00fablicas del Gobierno del Estado, la Secretar\u00eda de Administraci\u00f3n y la Coordinaci\u00f3n General de Educaci\u00f3n Media Superior y Superior, Ciencia y Tecnolog\u00eda (CGEMSySCyT) firmaron un convenio de colaboraci\u00f3n para establecer v\u00ednculo con instituciones del nivel superior y t\u00e9cnicas. El [&hellip;]","og_url":"https:\/\/www.bbmnoticias.com\/labravaradiofm\/2023\/05\/24\/firman-convenio-secretaria-de-administracion-y-cgemsyscyt-para-la-profesionalizacion-del-funcionariado\/","og_site_name":"LA BRAVA RADIO","article_published_time":"2023-05-25T00:51:09+00:00","article_modified_time":"2023-05-25T00:51:10+00:00","og_image":[{"width":895,"height":683,"url":"https:\/\/www.bbmnoticias.com\/labravaradiofm\/wp-content\/uploads\/sites\/5\/2023\/05\/convenio_admon.jpg","type":"image\/jpeg"}],"author":"Staff","twitter_card":"summary_large_image","twitter_misc":{"Escrito por":"Staff","Tiempo de lectura":"2 minutos"},"schema":{"@context":"https:\/\/schema.org","@graph":[{"@type":"Article","@id":"https:\/\/www.bbmnoticias.com\/labravaradiofm\/2023\/05\/24\/firman-convenio-secretaria-de-administracion-y-cgemsyscyt-para-la-profesionalizacion-del-funcionariado\/#article","isPartOf":{"@id":"https:\/\/www.bbmnoticias.com\/labravaradiofm\/2023\/05\/24\/firman-convenio-secretaria-de-administracion-y-cgemsyscyt-para-la-profesionalizacion-del-funcionariado\/"},"author":{"name":"Staff","@id":"https:\/\/www.bbmnoticias.com\/labravaradiofm\/#\/schema\/person\/34b139c617a70ea5bef5678bffe4dd7b"},"headline":"Firman convenio Secretar\u00eda de Administraci\u00f3n y CGEMSySCyT para la profesionalizaci\u00f3n del funcionariado","datePublished":"2023-05-25T00:51:09+00:00","dateModified":"2023-05-25T00:51:10+00:00","mainEntityOfPage":{"@id":"https:\/\/www.bbmnoticias.com\/labravaradiofm\/2023\/05\/24\/firman-convenio-secretaria-de-administracion-y-cgemsyscyt-para-la-profesionalizacion-del-funcionariado\/"},"wordCount":390,"image":{"@id":"https:\/\/www.bbmnoticias.com\/labravaradiofm\/2023\/05\/24\/firman-convenio-secretaria-de-administracion-y-cgemsyscyt-para-la-profesionalizacion-del-funcionariado\/#primaryimage"},"thumbnailUrl":"https:\/\/www.bbmnoticias.com\/labravaradiofm\/wp-content\/uploads\/sites\/5\/2023\/05\/convenio_admon.jpg","articleSection":["LOCAL"],"inLanguage":"es"},{"@type":"WebPage","@id":"https:\/\/www.bbmnoticias.com\/labravaradiofm\/2023\/05\/24\/firman-convenio-secretaria-de-administracion-y-cgemsyscyt-para-la-profesionalizacion-del-funcionariado\/","url":"https:\/\/www.bbmnoticias.com\/labravaradiofm\/2023\/05\/24\/firman-convenio-secretaria-de-administracion-y-cgemsyscyt-para-la-profesionalizacion-del-funcionariado\/","name":"Firman convenio Secretar\u00eda de Administraci\u00f3n y CGEMSySCyT para la profesionalizaci\u00f3n del funcionariado - LA BRAVA RADIO","isPartOf":{"@id":"https:\/\/www.bbmnoticias.com\/labravaradiofm\/#website"},"primaryImageOfPage":{"@id":"https:\/\/www.bbmnoticias.com\/labravaradiofm\/2023\/05\/24\/firman-convenio-secretaria-de-administracion-y-cgemsyscyt-para-la-profesionalizacion-del-funcionariado\/#primaryimage"},"image":{"@id":"https:\/\/www.bbmnoticias.com\/labravaradiofm\/2023\/05\/24\/firman-convenio-secretaria-de-administracion-y-cgemsyscyt-para-la-profesionalizacion-del-funcionariado\/#primaryimage"},"thumbnailUrl":"https:\/\/www.bbmnoticias.com\/labravaradiofm\/wp-content\/uploads\/sites\/5\/2023\/05\/convenio_admon.jpg","datePublished":"2023-05-25T00:51:09+00:00","dateModified":"2023-05-25T00:51:10+00:00","author":{"@id":"https:\/\/www.bbmnoticias.com\/labravaradiofm\/#\/schema\/person\/34b139c617a70ea5bef5678bffe4dd7b"},"breadcrumb":{"@id":"https:\/\/www.bbmnoticias.com\/labravaradiofm\/2023\/05\/24\/firman-convenio-secretaria-de-administracion-y-cgemsyscyt-para-la-profesionalizacion-del-funcionariado\/#breadcrumb"},"inLanguage":"es","potentialAction":[{"@type":"ReadAction","target":["https:\/\/www.bbmnoticias.com\/labravaradiofm\/2023\/05\/24\/firman-convenio-secretaria-de-administracion-y-cgemsyscyt-para-la-profesionalizacion-del-funcionariado\/"]}]},{"@type":"ImageObject","inLanguage":"es","@id":"https:\/\/www.bbmnoticias.com\/labravaradiofm\/2023\/05\/24\/firman-convenio-secretaria-de-administracion-y-cgemsyscyt-para-la-profesionalizacion-del-funcionariado\/#primaryimage","url":"https:\/\/www.bbmnoticias.com\/labravaradiofm\/wp-content\/uploads\/sites\/5\/2023\/05\/convenio_admon.jpg","contentUrl":"https:\/\/www.bbmnoticias.com\/labravaradiofm\/wp-content\/uploads\/sites\/5\/2023\/05\/convenio_admon.jpg","width":895,"height":683},{"@type":"BreadcrumbList","@id":"https:\/\/www.bbmnoticias.com\/labravaradiofm\/2023\/05\/24\/firman-convenio-secretaria-de-administracion-y-cgemsyscyt-para-la-profesionalizacion-del-funcionariado\/#breadcrumb","itemListElement":[{"@type":"ListItem","position":1,"name":"Inicio","item":"https:\/\/www.bbmnoticias.com\/labravaradiofm\/"},{"@type":"ListItem","position":2,"name":"Firman convenio Secretar\u00eda de Administraci\u00f3n y CGEMSySCyT para la profesionalizaci\u00f3n del funcionariado"}]},{"@type":"WebSite","@id":"https:\/\/www.bbmnoticias.com\/labravaradiofm\/#website","url":"https:\/\/www.bbmnoticias.com\/labravaradiofm\/","name":"LA BRAVA RADIO","description":"Empresa productora de medios, Radiodifusi\u00f3n, Noticias, tendencias y todo lo que necesitas saber de la pol\u00edtica mexicana e internacional; entretenimiento, espect\u00e1culos, salud y mucho m\u00e1s.","potentialAction":[{"@type":"SearchAction","target":{"@type":"EntryPoint","urlTemplate":"https:\/\/www.bbmnoticias.com\/labravaradiofm\/?s={search_term_string}"},"query-input":{"@type":"PropertyValueSpecification","valueRequired":true,"valueName":"search_term_string"}}],"inLanguage":"es"},{"@type":"Person","@id":"https:\/\/www.bbmnoticias.com\/labravaradiofm\/#\/schema\/person\/34b139c617a70ea5bef5678bffe4dd7b","name":"Staff","image":{"@type":"ImageObject","inLanguage":"es","@id":"https:\/\/secure.gravatar.com\/avatar\/fdd21ad66fd8b98c407f9dee5b5e588cfe7f0d8579ec20fa6527cd59bab7f0f0?s=96&d=mm&r=g","url":"https:\/\/secure.gravatar.com\/avatar\/fdd21ad66fd8b98c407f9dee5b5e588cfe7f0d8579ec20fa6527cd59bab7f0f0?s=96&d=mm&r=g","contentUrl":"https:\/\/secure.gravatar.com\/avatar\/fdd21ad66fd8b98c407f9dee5b5e588cfe7f0d8579ec20fa6527cd59bab7f0f0?s=96&d=mm&r=g","caption":"Staff"},"url":"https:\/\/www.bbmnoticias.com\/labravaradiofm\/author\/redaccion\/"}]}},"_links":{"self":[{"href":"https:\/\/www.bbmnoticias.com\/labravaradiofm\/wp-json\/wp\/v2\/posts\/27713","targetHints":{"allow":["GET"]}}],"collection":[{"href":"https:\/\/www.bbmnoticias.com\/labravaradiofm\/wp-json\/wp\/v2\/posts"}],"about":[{"href":"https:\/\/www.bbmnoticias.com\/labravaradiofm\/wp-json\/wp\/v2\/types\/post"}],"author":[{"embeddable":true,"href":"https:\/\/www.bbmnoticias.com\/labravaradiofm\/wp-json\/wp\/v2\/users\/2"}],"replies":[{"embeddable":true,"href":"https:\/\/www.bbmnoticias.com\/labravaradiofm\/wp-json\/wp\/v2\/comments?post=27713"}],"version-history":[{"count":0,"href":"https:\/\/www.bbmnoticias.com\/labravaradiofm\/wp-json\/wp\/v2\/posts\/27713\/revisions"}],"wp:featuredmedia":[{"embeddable":true,"href":"https:\/\/www.bbmnoticias.com\/labravaradiofm\/wp-json\/wp\/v2\/media\/27714"}],"wp:attachment":[{"href":"https:\/\/www.bbmnoticias.com\/labravaradiofm\/wp-json\/wp\/v2\/media?parent=27713"}],"wp:term":[{"taxonomy":"category","embeddable":true,"href":"https:\/\/www.bbmnoticias.com\/labravaradiofm\/wp-json\/wp\/v2\/categories?post=27713"},{"taxonomy":"post_tag","embeddable":true,"href":"https:\/\/www.bbmnoticias.com\/labravaradiofm\/wp-json\/wp\/v2\/tags?post=27713"}],"curies":[{"name":"wp","href":"https:\/\/api.w.org\/{rel}","templated":true}]}}