{"id":27710,"date":"2023-05-24T18:47:56","date_gmt":"2023-05-25T00:47:56","guid":{"rendered":"https:\/\/www.bbmnoticias.com\/labravaradiofm\/?p=27710"},"modified":"2023-05-24T18:47:57","modified_gmt":"2023-05-25T00:47:57","slug":"capacita-imss-oaxaca-a-su-personal-directivo-en-conformacion-de-equipos-para-la-calidad-con-el-tema-liderazgo","status":"publish","type":"post","link":"https:\/\/www.bbmnoticias.com\/labravaradiofm\/2023\/05\/24\/capacita-imss-oaxaca-a-su-personal-directivo-en-conformacion-de-equipos-para-la-calidad-con-el-tema-liderazgo\/","title":{"rendered":"Capacita IMSS Oaxaca a su personal directivo en Conformaci\u00f3n de Equipos para la calidad, con el tema liderazgo"},"content":{"rendered":"<div style=\"margin-top: 0px; margin-bottom: 0px;\" class=\"sharethis-inline-share-buttons\" ><\/div>\n<p>con el objetivo de mejorar el desempe\u00f1o de los servicios que se otorgan para incrementar la calidad y calidez de estos; asimismo para reforzar las Competencias Directivas, que impacten en la mejora continua de los procesos y servicios en beneficio de la derechohabiencia, poblaci\u00f3n usuaria y grupos de inter\u00e9s, el IMSS Oaxaca realiz\u00f3 la Capacitaci\u00f3n Directiva: \u201cConformaci\u00f3n de Equipos para la Calidad-Liderazgo\u201d.<\/p>\n\n\n\n<p>La capacitaci\u00f3n realizada en el Centro de Capacitaci\u00f3n la Cascada del SNTSS Secci\u00f3n XXIII Oaxaca, fue dirigida al Cuerpo de Gobierno Delegacional, Directivos de Hospitales, Unidades de Medicina Familiar (UMF), subdelegados y personal del Programa IMSS-BIENESTAR.<\/p>\n\n\n\n<p>La titular de la Jefatura Desarrollo de Personal, Senorina Castro Moreno al dar la bienvenida a los participantes, expres\u00f3 que el acceder a un cargo directivo se distingue por el inter\u00e9s y disposici\u00f3n, as\u00ed como el compromiso para impulsar la transformaci\u00f3n de los diferentes sistemas de gesti\u00f3n.<\/p>\n\n\n\n<p>En ese sentido, reconoci\u00f3 que se requiere una constante capacitaci\u00f3n y perfeccionamiento para el crecimiento profesional y transformaci\u00f3n de las personas.<\/p>\n\n\n\n<p>Al respecto, el Titular del OOAD Oaxaca, Dr. Julio Mercado Castruita precis\u00f3 que el recurso m\u00e1s valioso que tiene el Instituto es el humano, que la herramienta m\u00e1s poderosa para transformar al IMSS es la Capacitaci\u00f3n, por lo cual en el OOAD Oaxaca se tiene como prioridad la capacitaci\u00f3n del personal operativo y la formaci\u00f3n de Cuadros Directivos con enfoque en el Sistema de Gesti\u00f3n de Calidad.<\/p>\n\n\n\n<p>Coment\u00f3 que despu\u00e9s de tres a\u00f1os de trabajo, se han llevado a cabo las Reuniones de Regionalizaci\u00f3n Operativa de los Servicios de Salud (ROOS) y se cuenta con Directivos que conocen muy bien las tareas con un nivel de madurez muy alto y en tal sentido, celebr\u00f3 contar con ponentes de alto nivel para la capacitaci\u00f3n en la \u201cConformaci\u00f3n de equipos de Calidad-Liderazgo\u201d, ya que como l\u00edder al tener trabajadores a cargo, se requieren mayores habilidades, con lo cual se refrenda el compromiso de continuar con las capacitaciones a los Directivos y con el apoyo del SNTSS, consolidar la capacitaci\u00f3n a todos los trabajadores del Instituto.<\/p>\n\n\n\n<p>La capacitaci\u00f3n estuvo a cargo del Lic. Jos\u00e9 Leonardo Gonz\u00e1lez Ruiz, quien es responsable de las funciones de la Coordinaci\u00f3n de Competitividad del OOAD Sur de la Ciudad de M\u00e9xico.<\/p>\n\n\n\n<p>Finalmente, la clausura de la capacitaci\u00f3n estuvo a cargo del Titular del OOAD Oaxaca doctor Julio Mercado Castruita y del secretario general de la Secci\u00f3n XXVIII del SNTSS de Oaxaca, Lic. Luis Enrique Cabrera Ram\u00edrez, quienes al mismo tiempo hicieron entrega de constancias de participaci\u00f3n a todos los participantes.<\/p>\n","protected":false},"excerpt":{"rendered":"<p>con el objetivo de mejorar el desempe\u00f1o de los servicios que se otorgan para incrementar la calidad y calidez de estos; asimismo para reforzar las Competencias Directivas, que impacten en la mejora continua de los procesos y servicios en beneficio de la derechohabiencia, poblaci\u00f3n usuaria y grupos de inter\u00e9s, el IMSS Oaxaca realiz\u00f3 la Capacitaci\u00f3n [&hellip;]<\/p>\n","protected":false},"author":2,"featured_media":27711,"comment_status":"closed","ping_status":"closed","sticky":false,"template":"","format":"standard","meta":{"footnotes":""},"categories":[2],"tags":[],"class_list":{"0":"post-27710","1":"post","2":"type-post","3":"status-publish","4":"format-standard","5":"has-post-thumbnail","7":"category-oaxaca"},"yoast_head":"<!-- This site is optimized with the Yoast SEO plugin v27.4 - https:\/\/yoast.com\/product\/yoast-seo-wordpress\/ -->\n<title>Capacita IMSS Oaxaca a su personal directivo en Conformaci\u00f3n de Equipos para la calidad, con el tema liderazgo - LA BRAVA RADIO<\/title>\n<meta name=\"robots\" content=\"index, follow, max-snippet:-1, max-image-preview:large, max-video-preview:-1\" \/>\n<link rel=\"canonical\" href=\"https:\/\/www.bbmnoticias.com\/labravaradiofm\/2023\/05\/24\/capacita-imss-oaxaca-a-su-personal-directivo-en-conformacion-de-equipos-para-la-calidad-con-el-tema-liderazgo\/\" \/>\n<meta property=\"og:locale\" content=\"es_MX\" \/>\n<meta property=\"og:type\" content=\"article\" \/>\n<meta property=\"og:title\" content=\"Capacita IMSS Oaxaca a su personal directivo en Conformaci\u00f3n de Equipos para la calidad, con el tema liderazgo - LA BRAVA RADIO\" \/>\n<meta property=\"og:description\" content=\"con el objetivo de mejorar el desempe\u00f1o de los servicios que se otorgan para incrementar la calidad y calidez de estos; asimismo para reforzar las Competencias Directivas, que impacten en la mejora continua de los procesos y servicios en beneficio de la derechohabiencia, poblaci\u00f3n usuaria y grupos de inter\u00e9s, el IMSS Oaxaca realiz\u00f3 la Capacitaci\u00f3n [&hellip;]\" \/>\n<meta property=\"og:url\" content=\"https:\/\/www.bbmnoticias.com\/labravaradiofm\/2023\/05\/24\/capacita-imss-oaxaca-a-su-personal-directivo-en-conformacion-de-equipos-para-la-calidad-con-el-tema-liderazgo\/\" \/>\n<meta property=\"og:site_name\" content=\"LA BRAVA RADIO\" \/>\n<meta property=\"article:published_time\" content=\"2023-05-25T00:47:56+00:00\" \/>\n<meta property=\"article:modified_time\" content=\"2023-05-25T00:47:57+00:00\" \/>\n<meta property=\"og:image\" content=\"https:\/\/www.bbmnoticias.com\/labravaradiofm\/wp-content\/uploads\/sites\/5\/2023\/05\/capacita_imss.jpg\" \/>\n\t<meta property=\"og:image:width\" content=\"1024\" \/>\n\t<meta property=\"og:image:height\" content=\"768\" \/>\n\t<meta property=\"og:image:type\" content=\"image\/jpeg\" \/>\n<meta name=\"author\" content=\"Staff\" \/>\n<meta name=\"twitter:card\" content=\"summary_large_image\" \/>\n<meta name=\"twitter:label1\" content=\"Escrito por\" \/>\n\t<meta name=\"twitter:data1\" content=\"Staff\" \/>\n\t<meta name=\"twitter:label2\" content=\"Tiempo de lectura\" \/>\n\t<meta name=\"twitter:data2\" content=\"2 minutos\" \/>\n<script type=\"application\/ld+json\" class=\"yoast-schema-graph\">{\"@context\":\"https:\\\/\\\/schema.org\",\"@graph\":[{\"@type\":\"Article\",\"@id\":\"https:\\\/\\\/www.bbmnoticias.com\\\/labravaradiofm\\\/2023\\\/05\\\/24\\\/capacita-imss-oaxaca-a-su-personal-directivo-en-conformacion-de-equipos-para-la-calidad-con-el-tema-liderazgo\\\/#article\",\"isPartOf\":{\"@id\":\"https:\\\/\\\/www.bbmnoticias.com\\\/labravaradiofm\\\/2023\\\/05\\\/24\\\/capacita-imss-oaxaca-a-su-personal-directivo-en-conformacion-de-equipos-para-la-calidad-con-el-tema-liderazgo\\\/\"},\"author\":{\"name\":\"Staff\",\"@id\":\"https:\\\/\\\/www.bbmnoticias.com\\\/labravaradiofm\\\/#\\\/schema\\\/person\\\/34b139c617a70ea5bef5678bffe4dd7b\"},\"headline\":\"Capacita IMSS Oaxaca a su personal directivo en Conformaci\u00f3n de Equipos para la calidad, con el tema liderazgo\",\"datePublished\":\"2023-05-25T00:47:56+00:00\",\"dateModified\":\"2023-05-25T00:47:57+00:00\",\"mainEntityOfPage\":{\"@id\":\"https:\\\/\\\/www.bbmnoticias.com\\\/labravaradiofm\\\/2023\\\/05\\\/24\\\/capacita-imss-oaxaca-a-su-personal-directivo-en-conformacion-de-equipos-para-la-calidad-con-el-tema-liderazgo\\\/\"},\"wordCount\":472,\"image\":{\"@id\":\"https:\\\/\\\/www.bbmnoticias.com\\\/labravaradiofm\\\/2023\\\/05\\\/24\\\/capacita-imss-oaxaca-a-su-personal-directivo-en-conformacion-de-equipos-para-la-calidad-con-el-tema-liderazgo\\\/#primaryimage\"},\"thumbnailUrl\":\"https:\\\/\\\/www.bbmnoticias.com\\\/labravaradiofm\\\/wp-content\\\/uploads\\\/sites\\\/5\\\/2023\\\/05\\\/capacita_imss.jpg\",\"articleSection\":[\"LOCAL\"],\"inLanguage\":\"es\"},{\"@type\":\"WebPage\",\"@id\":\"https:\\\/\\\/www.bbmnoticias.com\\\/labravaradiofm\\\/2023\\\/05\\\/24\\\/capacita-imss-oaxaca-a-su-personal-directivo-en-conformacion-de-equipos-para-la-calidad-con-el-tema-liderazgo\\\/\",\"url\":\"https:\\\/\\\/www.bbmnoticias.com\\\/labravaradiofm\\\/2023\\\/05\\\/24\\\/capacita-imss-oaxaca-a-su-personal-directivo-en-conformacion-de-equipos-para-la-calidad-con-el-tema-liderazgo\\\/\",\"name\":\"Capacita IMSS Oaxaca a su personal directivo en Conformaci\u00f3n de Equipos para la calidad, con el tema liderazgo - LA BRAVA RADIO\",\"isPartOf\":{\"@id\":\"https:\\\/\\\/www.bbmnoticias.com\\\/labravaradiofm\\\/#website\"},\"primaryImageOfPage\":{\"@id\":\"https:\\\/\\\/www.bbmnoticias.com\\\/labravaradiofm\\\/2023\\\/05\\\/24\\\/capacita-imss-oaxaca-a-su-personal-directivo-en-conformacion-de-equipos-para-la-calidad-con-el-tema-liderazgo\\\/#primaryimage\"},\"image\":{\"@id\":\"https:\\\/\\\/www.bbmnoticias.com\\\/labravaradiofm\\\/2023\\\/05\\\/24\\\/capacita-imss-oaxaca-a-su-personal-directivo-en-conformacion-de-equipos-para-la-calidad-con-el-tema-liderazgo\\\/#primaryimage\"},\"thumbnailUrl\":\"https:\\\/\\\/www.bbmnoticias.com\\\/labravaradiofm\\\/wp-content\\\/uploads\\\/sites\\\/5\\\/2023\\\/05\\\/capacita_imss.jpg\",\"datePublished\":\"2023-05-25T00:47:56+00:00\",\"dateModified\":\"2023-05-25T00:47:57+00:00\",\"author\":{\"@id\":\"https:\\\/\\\/www.bbmnoticias.com\\\/labravaradiofm\\\/#\\\/schema\\\/person\\\/34b139c617a70ea5bef5678bffe4dd7b\"},\"breadcrumb\":{\"@id\":\"https:\\\/\\\/www.bbmnoticias.com\\\/labravaradiofm\\\/2023\\\/05\\\/24\\\/capacita-imss-oaxaca-a-su-personal-directivo-en-conformacion-de-equipos-para-la-calidad-con-el-tema-liderazgo\\\/#breadcrumb\"},\"inLanguage\":\"es\",\"potentialAction\":[{\"@type\":\"ReadAction\",\"target\":[\"https:\\\/\\\/www.bbmnoticias.com\\\/labravaradiofm\\\/2023\\\/05\\\/24\\\/capacita-imss-oaxaca-a-su-personal-directivo-en-conformacion-de-equipos-para-la-calidad-con-el-tema-liderazgo\\\/\"]}]},{\"@type\":\"ImageObject\",\"inLanguage\":\"es\",\"@id\":\"https:\\\/\\\/www.bbmnoticias.com\\\/labravaradiofm\\\/2023\\\/05\\\/24\\\/capacita-imss-oaxaca-a-su-personal-directivo-en-conformacion-de-equipos-para-la-calidad-con-el-tema-liderazgo\\\/#primaryimage\",\"url\":\"https:\\\/\\\/www.bbmnoticias.com\\\/labravaradiofm\\\/wp-content\\\/uploads\\\/sites\\\/5\\\/2023\\\/05\\\/capacita_imss.jpg\",\"contentUrl\":\"https:\\\/\\\/www.bbmnoticias.com\\\/labravaradiofm\\\/wp-content\\\/uploads\\\/sites\\\/5\\\/2023\\\/05\\\/capacita_imss.jpg\",\"width\":1024,\"height\":768},{\"@type\":\"BreadcrumbList\",\"@id\":\"https:\\\/\\\/www.bbmnoticias.com\\\/labravaradiofm\\\/2023\\\/05\\\/24\\\/capacita-imss-oaxaca-a-su-personal-directivo-en-conformacion-de-equipos-para-la-calidad-con-el-tema-liderazgo\\\/#breadcrumb\",\"itemListElement\":[{\"@type\":\"ListItem\",\"position\":1,\"name\":\"Inicio\",\"item\":\"https:\\\/\\\/www.bbmnoticias.com\\\/labravaradiofm\\\/\"},{\"@type\":\"ListItem\",\"position\":2,\"name\":\"Capacita IMSS Oaxaca a su personal directivo en Conformaci\u00f3n de Equipos para la calidad, con el tema liderazgo\"}]},{\"@type\":\"WebSite\",\"@id\":\"https:\\\/\\\/www.bbmnoticias.com\\\/labravaradiofm\\\/#website\",\"url\":\"https:\\\/\\\/www.bbmnoticias.com\\\/labravaradiofm\\\/\",\"name\":\"LA BRAVA RADIO\",\"description\":\"Empresa productora de medios, Radiodifusi\u00f3n, Noticias, tendencias y todo lo que necesitas saber de la pol\u00edtica mexicana e internacional; entretenimiento, espect\u00e1culos, salud y mucho m\u00e1s.\",\"potentialAction\":[{\"@type\":\"SearchAction\",\"target\":{\"@type\":\"EntryPoint\",\"urlTemplate\":\"https:\\\/\\\/www.bbmnoticias.com\\\/labravaradiofm\\\/?s={search_term_string}\"},\"query-input\":{\"@type\":\"PropertyValueSpecification\",\"valueRequired\":true,\"valueName\":\"search_term_string\"}}],\"inLanguage\":\"es\"},{\"@type\":\"Person\",\"@id\":\"https:\\\/\\\/www.bbmnoticias.com\\\/labravaradiofm\\\/#\\\/schema\\\/person\\\/34b139c617a70ea5bef5678bffe4dd7b\",\"name\":\"Staff\",\"image\":{\"@type\":\"ImageObject\",\"inLanguage\":\"es\",\"@id\":\"https:\\\/\\\/secure.gravatar.com\\\/avatar\\\/fdd21ad66fd8b98c407f9dee5b5e588cfe7f0d8579ec20fa6527cd59bab7f0f0?s=96&d=mm&r=g\",\"url\":\"https:\\\/\\\/secure.gravatar.com\\\/avatar\\\/fdd21ad66fd8b98c407f9dee5b5e588cfe7f0d8579ec20fa6527cd59bab7f0f0?s=96&d=mm&r=g\",\"contentUrl\":\"https:\\\/\\\/secure.gravatar.com\\\/avatar\\\/fdd21ad66fd8b98c407f9dee5b5e588cfe7f0d8579ec20fa6527cd59bab7f0f0?s=96&d=mm&r=g\",\"caption\":\"Staff\"},\"url\":\"https:\\\/\\\/www.bbmnoticias.com\\\/labravaradiofm\\\/author\\\/redaccion\\\/\"}]}<\/script>\n<!-- \/ Yoast SEO plugin. -->","yoast_head_json":{"title":"Capacita IMSS Oaxaca a su personal directivo en Conformaci\u00f3n de Equipos para la calidad, con el tema liderazgo - LA BRAVA RADIO","robots":{"index":"index","follow":"follow","max-snippet":"max-snippet:-1","max-image-preview":"max-image-preview:large","max-video-preview":"max-video-preview:-1"},"canonical":"https:\/\/www.bbmnoticias.com\/labravaradiofm\/2023\/05\/24\/capacita-imss-oaxaca-a-su-personal-directivo-en-conformacion-de-equipos-para-la-calidad-con-el-tema-liderazgo\/","og_locale":"es_MX","og_type":"article","og_title":"Capacita IMSS Oaxaca a su personal directivo en Conformaci\u00f3n de Equipos para la calidad, con el tema liderazgo - LA BRAVA RADIO","og_description":"con el objetivo de mejorar el desempe\u00f1o de los servicios que se otorgan para incrementar la calidad y calidez de estos; asimismo para reforzar las Competencias Directivas, que impacten en la mejora continua de los procesos y servicios en beneficio de la derechohabiencia, poblaci\u00f3n usuaria y grupos de inter\u00e9s, el IMSS Oaxaca realiz\u00f3 la Capacitaci\u00f3n [&hellip;]","og_url":"https:\/\/www.bbmnoticias.com\/labravaradiofm\/2023\/05\/24\/capacita-imss-oaxaca-a-su-personal-directivo-en-conformacion-de-equipos-para-la-calidad-con-el-tema-liderazgo\/","og_site_name":"LA BRAVA RADIO","article_published_time":"2023-05-25T00:47:56+00:00","article_modified_time":"2023-05-25T00:47:57+00:00","og_image":[{"width":1024,"height":768,"url":"https:\/\/www.bbmnoticias.com\/labravaradiofm\/wp-content\/uploads\/sites\/5\/2023\/05\/capacita_imss.jpg","type":"image\/jpeg"}],"author":"Staff","twitter_card":"summary_large_image","twitter_misc":{"Escrito por":"Staff","Tiempo de lectura":"2 minutos"},"schema":{"@context":"https:\/\/schema.org","@graph":[{"@type":"Article","@id":"https:\/\/www.bbmnoticias.com\/labravaradiofm\/2023\/05\/24\/capacita-imss-oaxaca-a-su-personal-directivo-en-conformacion-de-equipos-para-la-calidad-con-el-tema-liderazgo\/#article","isPartOf":{"@id":"https:\/\/www.bbmnoticias.com\/labravaradiofm\/2023\/05\/24\/capacita-imss-oaxaca-a-su-personal-directivo-en-conformacion-de-equipos-para-la-calidad-con-el-tema-liderazgo\/"},"author":{"name":"Staff","@id":"https:\/\/www.bbmnoticias.com\/labravaradiofm\/#\/schema\/person\/34b139c617a70ea5bef5678bffe4dd7b"},"headline":"Capacita IMSS Oaxaca a su personal directivo en Conformaci\u00f3n de Equipos para la calidad, con el tema liderazgo","datePublished":"2023-05-25T00:47:56+00:00","dateModified":"2023-05-25T00:47:57+00:00","mainEntityOfPage":{"@id":"https:\/\/www.bbmnoticias.com\/labravaradiofm\/2023\/05\/24\/capacita-imss-oaxaca-a-su-personal-directivo-en-conformacion-de-equipos-para-la-calidad-con-el-tema-liderazgo\/"},"wordCount":472,"image":{"@id":"https:\/\/www.bbmnoticias.com\/labravaradiofm\/2023\/05\/24\/capacita-imss-oaxaca-a-su-personal-directivo-en-conformacion-de-equipos-para-la-calidad-con-el-tema-liderazgo\/#primaryimage"},"thumbnailUrl":"https:\/\/www.bbmnoticias.com\/labravaradiofm\/wp-content\/uploads\/sites\/5\/2023\/05\/capacita_imss.jpg","articleSection":["LOCAL"],"inLanguage":"es"},{"@type":"WebPage","@id":"https:\/\/www.bbmnoticias.com\/labravaradiofm\/2023\/05\/24\/capacita-imss-oaxaca-a-su-personal-directivo-en-conformacion-de-equipos-para-la-calidad-con-el-tema-liderazgo\/","url":"https:\/\/www.bbmnoticias.com\/labravaradiofm\/2023\/05\/24\/capacita-imss-oaxaca-a-su-personal-directivo-en-conformacion-de-equipos-para-la-calidad-con-el-tema-liderazgo\/","name":"Capacita IMSS Oaxaca a su personal directivo en Conformaci\u00f3n de Equipos para la calidad, con el tema liderazgo - LA BRAVA RADIO","isPartOf":{"@id":"https:\/\/www.bbmnoticias.com\/labravaradiofm\/#website"},"primaryImageOfPage":{"@id":"https:\/\/www.bbmnoticias.com\/labravaradiofm\/2023\/05\/24\/capacita-imss-oaxaca-a-su-personal-directivo-en-conformacion-de-equipos-para-la-calidad-con-el-tema-liderazgo\/#primaryimage"},"image":{"@id":"https:\/\/www.bbmnoticias.com\/labravaradiofm\/2023\/05\/24\/capacita-imss-oaxaca-a-su-personal-directivo-en-conformacion-de-equipos-para-la-calidad-con-el-tema-liderazgo\/#primaryimage"},"thumbnailUrl":"https:\/\/www.bbmnoticias.com\/labravaradiofm\/wp-content\/uploads\/sites\/5\/2023\/05\/capacita_imss.jpg","datePublished":"2023-05-25T00:47:56+00:00","dateModified":"2023-05-25T00:47:57+00:00","author":{"@id":"https:\/\/www.bbmnoticias.com\/labravaradiofm\/#\/schema\/person\/34b139c617a70ea5bef5678bffe4dd7b"},"breadcrumb":{"@id":"https:\/\/www.bbmnoticias.com\/labravaradiofm\/2023\/05\/24\/capacita-imss-oaxaca-a-su-personal-directivo-en-conformacion-de-equipos-para-la-calidad-con-el-tema-liderazgo\/#breadcrumb"},"inLanguage":"es","potentialAction":[{"@type":"ReadAction","target":["https:\/\/www.bbmnoticias.com\/labravaradiofm\/2023\/05\/24\/capacita-imss-oaxaca-a-su-personal-directivo-en-conformacion-de-equipos-para-la-calidad-con-el-tema-liderazgo\/"]}]},{"@type":"ImageObject","inLanguage":"es","@id":"https:\/\/www.bbmnoticias.com\/labravaradiofm\/2023\/05\/24\/capacita-imss-oaxaca-a-su-personal-directivo-en-conformacion-de-equipos-para-la-calidad-con-el-tema-liderazgo\/#primaryimage","url":"https:\/\/www.bbmnoticias.com\/labravaradiofm\/wp-content\/uploads\/sites\/5\/2023\/05\/capacita_imss.jpg","contentUrl":"https:\/\/www.bbmnoticias.com\/labravaradiofm\/wp-content\/uploads\/sites\/5\/2023\/05\/capacita_imss.jpg","width":1024,"height":768},{"@type":"BreadcrumbList","@id":"https:\/\/www.bbmnoticias.com\/labravaradiofm\/2023\/05\/24\/capacita-imss-oaxaca-a-su-personal-directivo-en-conformacion-de-equipos-para-la-calidad-con-el-tema-liderazgo\/#breadcrumb","itemListElement":[{"@type":"ListItem","position":1,"name":"Inicio","item":"https:\/\/www.bbmnoticias.com\/labravaradiofm\/"},{"@type":"ListItem","position":2,"name":"Capacita IMSS Oaxaca a su personal directivo en Conformaci\u00f3n de Equipos para la calidad, con el tema liderazgo"}]},{"@type":"WebSite","@id":"https:\/\/www.bbmnoticias.com\/labravaradiofm\/#website","url":"https:\/\/www.bbmnoticias.com\/labravaradiofm\/","name":"LA BRAVA RADIO","description":"Empresa productora de medios, Radiodifusi\u00f3n, Noticias, tendencias y todo lo que necesitas saber de la pol\u00edtica mexicana e internacional; entretenimiento, espect\u00e1culos, salud y mucho m\u00e1s.","potentialAction":[{"@type":"SearchAction","target":{"@type":"EntryPoint","urlTemplate":"https:\/\/www.bbmnoticias.com\/labravaradiofm\/?s={search_term_string}"},"query-input":{"@type":"PropertyValueSpecification","valueRequired":true,"valueName":"search_term_string"}}],"inLanguage":"es"},{"@type":"Person","@id":"https:\/\/www.bbmnoticias.com\/labravaradiofm\/#\/schema\/person\/34b139c617a70ea5bef5678bffe4dd7b","name":"Staff","image":{"@type":"ImageObject","inLanguage":"es","@id":"https:\/\/secure.gravatar.com\/avatar\/fdd21ad66fd8b98c407f9dee5b5e588cfe7f0d8579ec20fa6527cd59bab7f0f0?s=96&d=mm&r=g","url":"https:\/\/secure.gravatar.com\/avatar\/fdd21ad66fd8b98c407f9dee5b5e588cfe7f0d8579ec20fa6527cd59bab7f0f0?s=96&d=mm&r=g","contentUrl":"https:\/\/secure.gravatar.com\/avatar\/fdd21ad66fd8b98c407f9dee5b5e588cfe7f0d8579ec20fa6527cd59bab7f0f0?s=96&d=mm&r=g","caption":"Staff"},"url":"https:\/\/www.bbmnoticias.com\/labravaradiofm\/author\/redaccion\/"}]}},"_links":{"self":[{"href":"https:\/\/www.bbmnoticias.com\/labravaradiofm\/wp-json\/wp\/v2\/posts\/27710","targetHints":{"allow":["GET"]}}],"collection":[{"href":"https:\/\/www.bbmnoticias.com\/labravaradiofm\/wp-json\/wp\/v2\/posts"}],"about":[{"href":"https:\/\/www.bbmnoticias.com\/labravaradiofm\/wp-json\/wp\/v2\/types\/post"}],"author":[{"embeddable":true,"href":"https:\/\/www.bbmnoticias.com\/labravaradiofm\/wp-json\/wp\/v2\/users\/2"}],"replies":[{"embeddable":true,"href":"https:\/\/www.bbmnoticias.com\/labravaradiofm\/wp-json\/wp\/v2\/comments?post=27710"}],"version-history":[{"count":0,"href":"https:\/\/www.bbmnoticias.com\/labravaradiofm\/wp-json\/wp\/v2\/posts\/27710\/revisions"}],"wp:featuredmedia":[{"embeddable":true,"href":"https:\/\/www.bbmnoticias.com\/labravaradiofm\/wp-json\/wp\/v2\/media\/27711"}],"wp:attachment":[{"href":"https:\/\/www.bbmnoticias.com\/labravaradiofm\/wp-json\/wp\/v2\/media?parent=27710"}],"wp:term":[{"taxonomy":"category","embeddable":true,"href":"https:\/\/www.bbmnoticias.com\/labravaradiofm\/wp-json\/wp\/v2\/categories?post=27710"},{"taxonomy":"post_tag","embeddable":true,"href":"https:\/\/www.bbmnoticias.com\/labravaradiofm\/wp-json\/wp\/v2\/tags?post=27710"}],"curies":[{"name":"wp","href":"https:\/\/api.w.org\/{rel}","templated":true}]}}