{"id":27706,"date":"2023-05-24T15:55:44","date_gmt":"2023-05-24T21:55:44","guid":{"rendered":"https:\/\/www.bbmnoticias.com\/labravaradiofm\/?p=27706"},"modified":"2023-05-24T15:55:45","modified_gmt":"2023-05-24T21:55:45","slug":"asesinan-a-joven-de-18-anos-de-edad-en-el-barrio-de-la-soledad","status":"publish","type":"post","link":"https:\/\/www.bbmnoticias.com\/labravaradiofm\/2023\/05\/24\/asesinan-a-joven-de-18-anos-de-edad-en-el-barrio-de-la-soledad\/","title":{"rendered":"Asesinan a joven de 18 a\u00f1os de edad en El Barrio de la Soledad"},"content":{"rendered":"<div style=\"margin-top: 0px; margin-bottom: 0px;\" class=\"sharethis-inline-share-buttons\" ><\/div>\n<p>El Barrio de la Soledad, Oaxaca. El cuerpo de un joven de 18 a\u00f1os de edad identificado como Pablo G. S., alias El G\u00fcero, fue encontrado en las inmediaciones del basurero de El Pocholito en la comunidad de El Barrio La Soledad en la zona norte del Istmo de Tehuantepec.<\/p>\n\n\n\n<p>El joven presentaba impactos de arma de fuego, seg\u00fan informaron autoridades policiacas que acudieron al lugar.<\/p>\n\n\n\n<p>La v\u00edctima ten\u00eda su domicilio en la colonia Paso Lim\u00f3n de la ciudad de Mat\u00edas Romero.<\/p>\n\n\n\n<p>Al ser hallado vest\u00eda playera tipo Polo color rojo, pantal\u00f3n de mezclilla color gris, cintur\u00f3n negro y calzaba tenis de la marca Nike color negro.<\/p>\n","protected":false},"excerpt":{"rendered":"<p>El Barrio de la Soledad, Oaxaca. El cuerpo de un joven de 18 a\u00f1os de edad identificado como Pablo G. S., alias El G\u00fcero, fue encontrado en las inmediaciones del basurero de El Pocholito en la comunidad de El Barrio La Soledad en la zona norte del Istmo de Tehuantepec. El joven presentaba impactos de [&hellip;]<\/p>\n","protected":false},"author":2,"featured_media":27707,"comment_status":"closed","ping_status":"closed","sticky":false,"template":"","format":"standard","meta":{"footnotes":""},"categories":[20],"tags":[],"class_list":{"0":"post-27706","1":"post","2":"type-post","3":"status-publish","4":"format-standard","5":"has-post-thumbnail","7":"category-policiaca"},"yoast_head":"<!-- This site is optimized with the Yoast SEO plugin v27.4 - https:\/\/yoast.com\/product\/yoast-seo-wordpress\/ -->\n<title>Asesinan a joven de 18 a\u00f1os de edad en El Barrio de la Soledad - LA BRAVA RADIO<\/title>\n<meta name=\"robots\" content=\"index, follow, max-snippet:-1, max-image-preview:large, max-video-preview:-1\" \/>\n<link rel=\"canonical\" href=\"https:\/\/www.bbmnoticias.com\/labravaradiofm\/2023\/05\/24\/asesinan-a-joven-de-18-anos-de-edad-en-el-barrio-de-la-soledad\/\" \/>\n<meta property=\"og:locale\" content=\"es_MX\" \/>\n<meta property=\"og:type\" content=\"article\" \/>\n<meta property=\"og:title\" content=\"Asesinan a joven de 18 a\u00f1os de edad en El Barrio de la Soledad - LA BRAVA RADIO\" \/>\n<meta property=\"og:description\" content=\"El Barrio de la Soledad, Oaxaca. El cuerpo de un joven de 18 a\u00f1os de edad identificado como Pablo G. S., alias El G\u00fcero, fue encontrado en las inmediaciones del basurero de El Pocholito en la comunidad de El Barrio La Soledad en la zona norte del Istmo de Tehuantepec. El joven presentaba impactos de [&hellip;]\" \/>\n<meta property=\"og:url\" content=\"https:\/\/www.bbmnoticias.com\/labravaradiofm\/2023\/05\/24\/asesinan-a-joven-de-18-anos-de-edad-en-el-barrio-de-la-soledad\/\" \/>\n<meta property=\"og:site_name\" content=\"LA BRAVA RADIO\" \/>\n<meta property=\"article:published_time\" content=\"2023-05-24T21:55:44+00:00\" \/>\n<meta property=\"article:modified_time\" content=\"2023-05-24T21:55:45+00:00\" \/>\n<meta property=\"og:image\" content=\"https:\/\/www.bbmnoticias.com\/labravaradiofm\/wp-content\/uploads\/sites\/5\/2023\/05\/joven_ejecutado.jpg\" \/>\n\t<meta property=\"og:image:width\" content=\"800\" \/>\n\t<meta property=\"og:image:height\" content=\"369\" \/>\n\t<meta property=\"og:image:type\" content=\"image\/jpeg\" \/>\n<meta name=\"author\" content=\"Staff\" \/>\n<meta name=\"twitter:card\" content=\"summary_large_image\" \/>\n<meta name=\"twitter:label1\" content=\"Escrito por\" \/>\n\t<meta name=\"twitter:data1\" content=\"Staff\" \/>\n\t<meta name=\"twitter:label2\" content=\"Tiempo de lectura\" \/>\n\t<meta name=\"twitter:data2\" content=\"1 minuto\" \/>\n<script type=\"application\/ld+json\" class=\"yoast-schema-graph\">{\"@context\":\"https:\\\/\\\/schema.org\",\"@graph\":[{\"@type\":\"Article\",\"@id\":\"https:\\\/\\\/www.bbmnoticias.com\\\/labravaradiofm\\\/2023\\\/05\\\/24\\\/asesinan-a-joven-de-18-anos-de-edad-en-el-barrio-de-la-soledad\\\/#article\",\"isPartOf\":{\"@id\":\"https:\\\/\\\/www.bbmnoticias.com\\\/labravaradiofm\\\/2023\\\/05\\\/24\\\/asesinan-a-joven-de-18-anos-de-edad-en-el-barrio-de-la-soledad\\\/\"},\"author\":{\"name\":\"Staff\",\"@id\":\"https:\\\/\\\/www.bbmnoticias.com\\\/labravaradiofm\\\/#\\\/schema\\\/person\\\/34b139c617a70ea5bef5678bffe4dd7b\"},\"headline\":\"Asesinan a joven de 18 a\u00f1os de edad en El Barrio de la Soledad\",\"datePublished\":\"2023-05-24T21:55:44+00:00\",\"dateModified\":\"2023-05-24T21:55:45+00:00\",\"mainEntityOfPage\":{\"@id\":\"https:\\\/\\\/www.bbmnoticias.com\\\/labravaradiofm\\\/2023\\\/05\\\/24\\\/asesinan-a-joven-de-18-anos-de-edad-en-el-barrio-de-la-soledad\\\/\"},\"wordCount\":130,\"image\":{\"@id\":\"https:\\\/\\\/www.bbmnoticias.com\\\/labravaradiofm\\\/2023\\\/05\\\/24\\\/asesinan-a-joven-de-18-anos-de-edad-en-el-barrio-de-la-soledad\\\/#primaryimage\"},\"thumbnailUrl\":\"https:\\\/\\\/www.bbmnoticias.com\\\/labravaradiofm\\\/wp-content\\\/uploads\\\/sites\\\/5\\\/2023\\\/05\\\/joven_ejecutado.jpg\",\"articleSection\":[\"POLICIACA\"],\"inLanguage\":\"es\"},{\"@type\":\"WebPage\",\"@id\":\"https:\\\/\\\/www.bbmnoticias.com\\\/labravaradiofm\\\/2023\\\/05\\\/24\\\/asesinan-a-joven-de-18-anos-de-edad-en-el-barrio-de-la-soledad\\\/\",\"url\":\"https:\\\/\\\/www.bbmnoticias.com\\\/labravaradiofm\\\/2023\\\/05\\\/24\\\/asesinan-a-joven-de-18-anos-de-edad-en-el-barrio-de-la-soledad\\\/\",\"name\":\"Asesinan a joven de 18 a\u00f1os de edad en El Barrio de la Soledad - LA BRAVA RADIO\",\"isPartOf\":{\"@id\":\"https:\\\/\\\/www.bbmnoticias.com\\\/labravaradiofm\\\/#website\"},\"primaryImageOfPage\":{\"@id\":\"https:\\\/\\\/www.bbmnoticias.com\\\/labravaradiofm\\\/2023\\\/05\\\/24\\\/asesinan-a-joven-de-18-anos-de-edad-en-el-barrio-de-la-soledad\\\/#primaryimage\"},\"image\":{\"@id\":\"https:\\\/\\\/www.bbmnoticias.com\\\/labravaradiofm\\\/2023\\\/05\\\/24\\\/asesinan-a-joven-de-18-anos-de-edad-en-el-barrio-de-la-soledad\\\/#primaryimage\"},\"thumbnailUrl\":\"https:\\\/\\\/www.bbmnoticias.com\\\/labravaradiofm\\\/wp-content\\\/uploads\\\/sites\\\/5\\\/2023\\\/05\\\/joven_ejecutado.jpg\",\"datePublished\":\"2023-05-24T21:55:44+00:00\",\"dateModified\":\"2023-05-24T21:55:45+00:00\",\"author\":{\"@id\":\"https:\\\/\\\/www.bbmnoticias.com\\\/labravaradiofm\\\/#\\\/schema\\\/person\\\/34b139c617a70ea5bef5678bffe4dd7b\"},\"breadcrumb\":{\"@id\":\"https:\\\/\\\/www.bbmnoticias.com\\\/labravaradiofm\\\/2023\\\/05\\\/24\\\/asesinan-a-joven-de-18-anos-de-edad-en-el-barrio-de-la-soledad\\\/#breadcrumb\"},\"inLanguage\":\"es\",\"potentialAction\":[{\"@type\":\"ReadAction\",\"target\":[\"https:\\\/\\\/www.bbmnoticias.com\\\/labravaradiofm\\\/2023\\\/05\\\/24\\\/asesinan-a-joven-de-18-anos-de-edad-en-el-barrio-de-la-soledad\\\/\"]}]},{\"@type\":\"ImageObject\",\"inLanguage\":\"es\",\"@id\":\"https:\\\/\\\/www.bbmnoticias.com\\\/labravaradiofm\\\/2023\\\/05\\\/24\\\/asesinan-a-joven-de-18-anos-de-edad-en-el-barrio-de-la-soledad\\\/#primaryimage\",\"url\":\"https:\\\/\\\/www.bbmnoticias.com\\\/labravaradiofm\\\/wp-content\\\/uploads\\\/sites\\\/5\\\/2023\\\/05\\\/joven_ejecutado.jpg\",\"contentUrl\":\"https:\\\/\\\/www.bbmnoticias.com\\\/labravaradiofm\\\/wp-content\\\/uploads\\\/sites\\\/5\\\/2023\\\/05\\\/joven_ejecutado.jpg\",\"width\":800,\"height\":369},{\"@type\":\"BreadcrumbList\",\"@id\":\"https:\\\/\\\/www.bbmnoticias.com\\\/labravaradiofm\\\/2023\\\/05\\\/24\\\/asesinan-a-joven-de-18-anos-de-edad-en-el-barrio-de-la-soledad\\\/#breadcrumb\",\"itemListElement\":[{\"@type\":\"ListItem\",\"position\":1,\"name\":\"Inicio\",\"item\":\"https:\\\/\\\/www.bbmnoticias.com\\\/labravaradiofm\\\/\"},{\"@type\":\"ListItem\",\"position\":2,\"name\":\"Asesinan a joven de 18 a\u00f1os de edad en El Barrio de la Soledad\"}]},{\"@type\":\"WebSite\",\"@id\":\"https:\\\/\\\/www.bbmnoticias.com\\\/labravaradiofm\\\/#website\",\"url\":\"https:\\\/\\\/www.bbmnoticias.com\\\/labravaradiofm\\\/\",\"name\":\"LA BRAVA RADIO\",\"description\":\"Empresa productora de medios, Radiodifusi\u00f3n, Noticias, tendencias y todo lo que necesitas saber de la pol\u00edtica mexicana e internacional; entretenimiento, espect\u00e1culos, salud y mucho m\u00e1s.\",\"potentialAction\":[{\"@type\":\"SearchAction\",\"target\":{\"@type\":\"EntryPoint\",\"urlTemplate\":\"https:\\\/\\\/www.bbmnoticias.com\\\/labravaradiofm\\\/?s={search_term_string}\"},\"query-input\":{\"@type\":\"PropertyValueSpecification\",\"valueRequired\":true,\"valueName\":\"search_term_string\"}}],\"inLanguage\":\"es\"},{\"@type\":\"Person\",\"@id\":\"https:\\\/\\\/www.bbmnoticias.com\\\/labravaradiofm\\\/#\\\/schema\\\/person\\\/34b139c617a70ea5bef5678bffe4dd7b\",\"name\":\"Staff\",\"image\":{\"@type\":\"ImageObject\",\"inLanguage\":\"es\",\"@id\":\"https:\\\/\\\/secure.gravatar.com\\\/avatar\\\/fdd21ad66fd8b98c407f9dee5b5e588cfe7f0d8579ec20fa6527cd59bab7f0f0?s=96&d=mm&r=g\",\"url\":\"https:\\\/\\\/secure.gravatar.com\\\/avatar\\\/fdd21ad66fd8b98c407f9dee5b5e588cfe7f0d8579ec20fa6527cd59bab7f0f0?s=96&d=mm&r=g\",\"contentUrl\":\"https:\\\/\\\/secure.gravatar.com\\\/avatar\\\/fdd21ad66fd8b98c407f9dee5b5e588cfe7f0d8579ec20fa6527cd59bab7f0f0?s=96&d=mm&r=g\",\"caption\":\"Staff\"},\"url\":\"https:\\\/\\\/www.bbmnoticias.com\\\/labravaradiofm\\\/author\\\/redaccion\\\/\"}]}<\/script>\n<!-- \/ Yoast SEO plugin. -->","yoast_head_json":{"title":"Asesinan a joven de 18 a\u00f1os de edad en El Barrio de la Soledad - LA BRAVA RADIO","robots":{"index":"index","follow":"follow","max-snippet":"max-snippet:-1","max-image-preview":"max-image-preview:large","max-video-preview":"max-video-preview:-1"},"canonical":"https:\/\/www.bbmnoticias.com\/labravaradiofm\/2023\/05\/24\/asesinan-a-joven-de-18-anos-de-edad-en-el-barrio-de-la-soledad\/","og_locale":"es_MX","og_type":"article","og_title":"Asesinan a joven de 18 a\u00f1os de edad en El Barrio de la Soledad - LA BRAVA RADIO","og_description":"El Barrio de la Soledad, Oaxaca. El cuerpo de un joven de 18 a\u00f1os de edad identificado como Pablo G. S., alias El G\u00fcero, fue encontrado en las inmediaciones del basurero de El Pocholito en la comunidad de El Barrio La Soledad en la zona norte del Istmo de Tehuantepec. El joven presentaba impactos de [&hellip;]","og_url":"https:\/\/www.bbmnoticias.com\/labravaradiofm\/2023\/05\/24\/asesinan-a-joven-de-18-anos-de-edad-en-el-barrio-de-la-soledad\/","og_site_name":"LA BRAVA RADIO","article_published_time":"2023-05-24T21:55:44+00:00","article_modified_time":"2023-05-24T21:55:45+00:00","og_image":[{"width":800,"height":369,"url":"https:\/\/www.bbmnoticias.com\/labravaradiofm\/wp-content\/uploads\/sites\/5\/2023\/05\/joven_ejecutado.jpg","type":"image\/jpeg"}],"author":"Staff","twitter_card":"summary_large_image","twitter_misc":{"Escrito por":"Staff","Tiempo de lectura":"1 minuto"},"schema":{"@context":"https:\/\/schema.org","@graph":[{"@type":"Article","@id":"https:\/\/www.bbmnoticias.com\/labravaradiofm\/2023\/05\/24\/asesinan-a-joven-de-18-anos-de-edad-en-el-barrio-de-la-soledad\/#article","isPartOf":{"@id":"https:\/\/www.bbmnoticias.com\/labravaradiofm\/2023\/05\/24\/asesinan-a-joven-de-18-anos-de-edad-en-el-barrio-de-la-soledad\/"},"author":{"name":"Staff","@id":"https:\/\/www.bbmnoticias.com\/labravaradiofm\/#\/schema\/person\/34b139c617a70ea5bef5678bffe4dd7b"},"headline":"Asesinan a joven de 18 a\u00f1os de edad en El Barrio de la Soledad","datePublished":"2023-05-24T21:55:44+00:00","dateModified":"2023-05-24T21:55:45+00:00","mainEntityOfPage":{"@id":"https:\/\/www.bbmnoticias.com\/labravaradiofm\/2023\/05\/24\/asesinan-a-joven-de-18-anos-de-edad-en-el-barrio-de-la-soledad\/"},"wordCount":130,"image":{"@id":"https:\/\/www.bbmnoticias.com\/labravaradiofm\/2023\/05\/24\/asesinan-a-joven-de-18-anos-de-edad-en-el-barrio-de-la-soledad\/#primaryimage"},"thumbnailUrl":"https:\/\/www.bbmnoticias.com\/labravaradiofm\/wp-content\/uploads\/sites\/5\/2023\/05\/joven_ejecutado.jpg","articleSection":["POLICIACA"],"inLanguage":"es"},{"@type":"WebPage","@id":"https:\/\/www.bbmnoticias.com\/labravaradiofm\/2023\/05\/24\/asesinan-a-joven-de-18-anos-de-edad-en-el-barrio-de-la-soledad\/","url":"https:\/\/www.bbmnoticias.com\/labravaradiofm\/2023\/05\/24\/asesinan-a-joven-de-18-anos-de-edad-en-el-barrio-de-la-soledad\/","name":"Asesinan a joven de 18 a\u00f1os de edad en El Barrio de la Soledad - LA BRAVA RADIO","isPartOf":{"@id":"https:\/\/www.bbmnoticias.com\/labravaradiofm\/#website"},"primaryImageOfPage":{"@id":"https:\/\/www.bbmnoticias.com\/labravaradiofm\/2023\/05\/24\/asesinan-a-joven-de-18-anos-de-edad-en-el-barrio-de-la-soledad\/#primaryimage"},"image":{"@id":"https:\/\/www.bbmnoticias.com\/labravaradiofm\/2023\/05\/24\/asesinan-a-joven-de-18-anos-de-edad-en-el-barrio-de-la-soledad\/#primaryimage"},"thumbnailUrl":"https:\/\/www.bbmnoticias.com\/labravaradiofm\/wp-content\/uploads\/sites\/5\/2023\/05\/joven_ejecutado.jpg","datePublished":"2023-05-24T21:55:44+00:00","dateModified":"2023-05-24T21:55:45+00:00","author":{"@id":"https:\/\/www.bbmnoticias.com\/labravaradiofm\/#\/schema\/person\/34b139c617a70ea5bef5678bffe4dd7b"},"breadcrumb":{"@id":"https:\/\/www.bbmnoticias.com\/labravaradiofm\/2023\/05\/24\/asesinan-a-joven-de-18-anos-de-edad-en-el-barrio-de-la-soledad\/#breadcrumb"},"inLanguage":"es","potentialAction":[{"@type":"ReadAction","target":["https:\/\/www.bbmnoticias.com\/labravaradiofm\/2023\/05\/24\/asesinan-a-joven-de-18-anos-de-edad-en-el-barrio-de-la-soledad\/"]}]},{"@type":"ImageObject","inLanguage":"es","@id":"https:\/\/www.bbmnoticias.com\/labravaradiofm\/2023\/05\/24\/asesinan-a-joven-de-18-anos-de-edad-en-el-barrio-de-la-soledad\/#primaryimage","url":"https:\/\/www.bbmnoticias.com\/labravaradiofm\/wp-content\/uploads\/sites\/5\/2023\/05\/joven_ejecutado.jpg","contentUrl":"https:\/\/www.bbmnoticias.com\/labravaradiofm\/wp-content\/uploads\/sites\/5\/2023\/05\/joven_ejecutado.jpg","width":800,"height":369},{"@type":"BreadcrumbList","@id":"https:\/\/www.bbmnoticias.com\/labravaradiofm\/2023\/05\/24\/asesinan-a-joven-de-18-anos-de-edad-en-el-barrio-de-la-soledad\/#breadcrumb","itemListElement":[{"@type":"ListItem","position":1,"name":"Inicio","item":"https:\/\/www.bbmnoticias.com\/labravaradiofm\/"},{"@type":"ListItem","position":2,"name":"Asesinan a joven de 18 a\u00f1os de edad en El Barrio de la Soledad"}]},{"@type":"WebSite","@id":"https:\/\/www.bbmnoticias.com\/labravaradiofm\/#website","url":"https:\/\/www.bbmnoticias.com\/labravaradiofm\/","name":"LA BRAVA RADIO","description":"Empresa productora de medios, Radiodifusi\u00f3n, Noticias, tendencias y todo lo que necesitas saber de la pol\u00edtica mexicana e internacional; entretenimiento, espect\u00e1culos, salud y mucho m\u00e1s.","potentialAction":[{"@type":"SearchAction","target":{"@type":"EntryPoint","urlTemplate":"https:\/\/www.bbmnoticias.com\/labravaradiofm\/?s={search_term_string}"},"query-input":{"@type":"PropertyValueSpecification","valueRequired":true,"valueName":"search_term_string"}}],"inLanguage":"es"},{"@type":"Person","@id":"https:\/\/www.bbmnoticias.com\/labravaradiofm\/#\/schema\/person\/34b139c617a70ea5bef5678bffe4dd7b","name":"Staff","image":{"@type":"ImageObject","inLanguage":"es","@id":"https:\/\/secure.gravatar.com\/avatar\/fdd21ad66fd8b98c407f9dee5b5e588cfe7f0d8579ec20fa6527cd59bab7f0f0?s=96&d=mm&r=g","url":"https:\/\/secure.gravatar.com\/avatar\/fdd21ad66fd8b98c407f9dee5b5e588cfe7f0d8579ec20fa6527cd59bab7f0f0?s=96&d=mm&r=g","contentUrl":"https:\/\/secure.gravatar.com\/avatar\/fdd21ad66fd8b98c407f9dee5b5e588cfe7f0d8579ec20fa6527cd59bab7f0f0?s=96&d=mm&r=g","caption":"Staff"},"url":"https:\/\/www.bbmnoticias.com\/labravaradiofm\/author\/redaccion\/"}]}},"_links":{"self":[{"href":"https:\/\/www.bbmnoticias.com\/labravaradiofm\/wp-json\/wp\/v2\/posts\/27706","targetHints":{"allow":["GET"]}}],"collection":[{"href":"https:\/\/www.bbmnoticias.com\/labravaradiofm\/wp-json\/wp\/v2\/posts"}],"about":[{"href":"https:\/\/www.bbmnoticias.com\/labravaradiofm\/wp-json\/wp\/v2\/types\/post"}],"author":[{"embeddable":true,"href":"https:\/\/www.bbmnoticias.com\/labravaradiofm\/wp-json\/wp\/v2\/users\/2"}],"replies":[{"embeddable":true,"href":"https:\/\/www.bbmnoticias.com\/labravaradiofm\/wp-json\/wp\/v2\/comments?post=27706"}],"version-history":[{"count":0,"href":"https:\/\/www.bbmnoticias.com\/labravaradiofm\/wp-json\/wp\/v2\/posts\/27706\/revisions"}],"wp:featuredmedia":[{"embeddable":true,"href":"https:\/\/www.bbmnoticias.com\/labravaradiofm\/wp-json\/wp\/v2\/media\/27707"}],"wp:attachment":[{"href":"https:\/\/www.bbmnoticias.com\/labravaradiofm\/wp-json\/wp\/v2\/media?parent=27706"}],"wp:term":[{"taxonomy":"category","embeddable":true,"href":"https:\/\/www.bbmnoticias.com\/labravaradiofm\/wp-json\/wp\/v2\/categories?post=27706"},{"taxonomy":"post_tag","embeddable":true,"href":"https:\/\/www.bbmnoticias.com\/labravaradiofm\/wp-json\/wp\/v2\/tags?post=27706"}],"curies":[{"name":"wp","href":"https:\/\/api.w.org\/{rel}","templated":true}]}}