{"id":27704,"date":"2023-05-24T15:38:41","date_gmt":"2023-05-24T21:38:41","guid":{"rendered":"https:\/\/www.bbmnoticias.com\/labravaradiofm\/?p=27704"},"modified":"2023-05-24T15:38:42","modified_gmt":"2023-05-24T21:38:42","slug":"detienen-en-estados-unidos-a-homicida-de-santa-cruz-amilpas","status":"publish","type":"post","link":"https:\/\/www.bbmnoticias.com\/labravaradiofm\/2023\/05\/24\/detienen-en-estados-unidos-a-homicida-de-santa-cruz-amilpas\/","title":{"rendered":"Detienen en Estados Unidos a homicida de Santa Cruz Amilpas"},"content":{"rendered":"<div style=\"margin-top: 0px; margin-bottom: 0px;\" class=\"sharethis-inline-share-buttons\" ><\/div>\n<p><strong>Oaxaca de Ju\u00e1rez, Oax.- \u00a0<\/strong>Derivado de la investigaci\u00f3n encabezada por la Fiscal\u00eda General del Estado de Oaxaca (FGEO), una persona del sexo masculino identificada por las iniciales V. M. A. B. fue detenida en Estados Unidos y trasladada a la entidad donde qued\u00f3 vinculado a proceso al enfrentar cargos por el delito de homicidio calificado, cometido en el municipio de Santa Cruz Amilpas, en la Zona Metropolitana de Valles Centrales.<\/p>\n\n\n\n<p>El imputado fue localizado y detenido en los Estados Unidos de Norteam\u00e9rica, de donde fue deportado el pasado 17 de mayo de 2023. Al entrar a territorio nacional se le ejecut\u00f3 una orden de aprehensi\u00f3n en la ciudad de Matamoros en Tamaulipas.<\/p>\n\n\n\n<p>Como resultado de los trabajos de colaboraci\u00f3n interinstitucional entre la Fiscal\u00eda General de Justicia del Estado de Tamaulipas y la FGEO, elementos de la Agencia Estatal de Investigaciones de Oaxaca trasladaron a la entidad a V. M. A. B.<\/p>\n\n\n\n<p>Este mi\u00e9rcoles 24 de mayo, el Juez vincul\u00f3 a proceso al imputado y dict\u00f3 como medida cautelar la prisi\u00f3n preventiva, adem\u00e1s que otorg\u00f3 dos meses para el cierre de la investigaci\u00f3n complementaria.<\/p>\n\n\n\n<p>De acuerdo con el expediente penal, los hechos sucedieron el 6 de mayo de 2019, cuando la v\u00edctima, un hombre identificado como P. G. R., caminaba por la calle Ignacio Zaragoza del municipio de Santa Cruz Amilpas, donde fue agredido a balazos sufriendo lesiones que terminaron con su vida.<\/p>\n\n\n\n<p>Los trabajos realizados por la Fiscal\u00eda Especializada para la Atenci\u00f3n a Delitos de Alto Impacto se realizan con un equipo multidisciplinario para considerar las diversas aristas en b\u00fasqueda de la resoluci\u00f3n&nbsp;de&nbsp;casos.<\/p>\n","protected":false},"excerpt":{"rendered":"<p>Oaxaca de Ju\u00e1rez, Oax.- \u00a0Derivado de la investigaci\u00f3n encabezada por la Fiscal\u00eda General del Estado de Oaxaca (FGEO), una persona del sexo masculino identificada por las iniciales V. M. A. B. fue detenida en Estados Unidos y trasladada a la entidad donde qued\u00f3 vinculado a proceso al enfrentar cargos por el delito de homicidio calificado, [&hellip;]<\/p>\n","protected":false},"author":2,"featured_media":16401,"comment_status":"closed","ping_status":"closed","sticky":false,"template":"","format":"standard","meta":{"footnotes":""},"categories":[20],"tags":[],"class_list":{"0":"post-27704","1":"post","2":"type-post","3":"status-publish","4":"format-standard","5":"has-post-thumbnail","7":"category-policiaca"},"yoast_head":"<!-- This site is optimized with the Yoast SEO plugin v27.4 - https:\/\/yoast.com\/product\/yoast-seo-wordpress\/ -->\n<title>Detienen en Estados Unidos a homicida de Santa Cruz Amilpas - LA BRAVA RADIO<\/title>\n<meta name=\"robots\" content=\"index, follow, max-snippet:-1, max-image-preview:large, max-video-preview:-1\" \/>\n<link rel=\"canonical\" href=\"https:\/\/www.bbmnoticias.com\/labravaradiofm\/2023\/05\/24\/detienen-en-estados-unidos-a-homicida-de-santa-cruz-amilpas\/\" \/>\n<meta property=\"og:locale\" content=\"es_MX\" \/>\n<meta property=\"og:type\" content=\"article\" \/>\n<meta property=\"og:title\" content=\"Detienen en Estados Unidos a homicida de Santa Cruz Amilpas - LA BRAVA RADIO\" \/>\n<meta property=\"og:description\" content=\"Oaxaca de Ju\u00e1rez, Oax.- \u00a0Derivado de la investigaci\u00f3n encabezada por la Fiscal\u00eda General del Estado de Oaxaca (FGEO), una persona del sexo masculino identificada por las iniciales V. M. A. B. fue detenida en Estados Unidos y trasladada a la entidad donde qued\u00f3 vinculado a proceso al enfrentar cargos por el delito de homicidio calificado, [&hellip;]\" \/>\n<meta property=\"og:url\" content=\"https:\/\/www.bbmnoticias.com\/labravaradiofm\/2023\/05\/24\/detienen-en-estados-unidos-a-homicida-de-santa-cruz-amilpas\/\" \/>\n<meta property=\"og:site_name\" content=\"LA BRAVA RADIO\" \/>\n<meta property=\"article:published_time\" content=\"2023-05-24T21:38:41+00:00\" \/>\n<meta property=\"article:modified_time\" content=\"2023-05-24T21:38:42+00:00\" \/>\n<meta property=\"og:image\" content=\"https:\/\/www.bbmnoticias.com\/labravaradiofm\/wp-content\/uploads\/sites\/5\/2022\/08\/profesor-detenido.jpg\" \/>\n\t<meta property=\"og:image:width\" content=\"1000\" \/>\n\t<meta property=\"og:image:height\" content=\"567\" \/>\n\t<meta property=\"og:image:type\" content=\"image\/jpeg\" \/>\n<meta name=\"author\" content=\"Staff\" \/>\n<meta name=\"twitter:card\" content=\"summary_large_image\" \/>\n<meta name=\"twitter:label1\" content=\"Escrito por\" \/>\n\t<meta name=\"twitter:data1\" content=\"Staff\" \/>\n\t<meta name=\"twitter:label2\" content=\"Tiempo de lectura\" \/>\n\t<meta name=\"twitter:data2\" content=\"2 minutos\" \/>\n<script type=\"application\/ld+json\" class=\"yoast-schema-graph\">{\"@context\":\"https:\\\/\\\/schema.org\",\"@graph\":[{\"@type\":\"Article\",\"@id\":\"https:\\\/\\\/www.bbmnoticias.com\\\/labravaradiofm\\\/2023\\\/05\\\/24\\\/detienen-en-estados-unidos-a-homicida-de-santa-cruz-amilpas\\\/#article\",\"isPartOf\":{\"@id\":\"https:\\\/\\\/www.bbmnoticias.com\\\/labravaradiofm\\\/2023\\\/05\\\/24\\\/detienen-en-estados-unidos-a-homicida-de-santa-cruz-amilpas\\\/\"},\"author\":{\"name\":\"Staff\",\"@id\":\"https:\\\/\\\/www.bbmnoticias.com\\\/labravaradiofm\\\/#\\\/schema\\\/person\\\/34b139c617a70ea5bef5678bffe4dd7b\"},\"headline\":\"Detienen en Estados Unidos a homicida de Santa Cruz Amilpas\",\"datePublished\":\"2023-05-24T21:38:41+00:00\",\"dateModified\":\"2023-05-24T21:38:42+00:00\",\"mainEntityOfPage\":{\"@id\":\"https:\\\/\\\/www.bbmnoticias.com\\\/labravaradiofm\\\/2023\\\/05\\\/24\\\/detienen-en-estados-unidos-a-homicida-de-santa-cruz-amilpas\\\/\"},\"wordCount\":289,\"image\":{\"@id\":\"https:\\\/\\\/www.bbmnoticias.com\\\/labravaradiofm\\\/2023\\\/05\\\/24\\\/detienen-en-estados-unidos-a-homicida-de-santa-cruz-amilpas\\\/#primaryimage\"},\"thumbnailUrl\":\"https:\\\/\\\/www.bbmnoticias.com\\\/labravaradiofm\\\/wp-content\\\/uploads\\\/sites\\\/5\\\/2022\\\/08\\\/profesor-detenido.jpg\",\"articleSection\":[\"POLICIACA\"],\"inLanguage\":\"es\"},{\"@type\":\"WebPage\",\"@id\":\"https:\\\/\\\/www.bbmnoticias.com\\\/labravaradiofm\\\/2023\\\/05\\\/24\\\/detienen-en-estados-unidos-a-homicida-de-santa-cruz-amilpas\\\/\",\"url\":\"https:\\\/\\\/www.bbmnoticias.com\\\/labravaradiofm\\\/2023\\\/05\\\/24\\\/detienen-en-estados-unidos-a-homicida-de-santa-cruz-amilpas\\\/\",\"name\":\"Detienen en Estados Unidos a homicida de Santa Cruz Amilpas - LA BRAVA RADIO\",\"isPartOf\":{\"@id\":\"https:\\\/\\\/www.bbmnoticias.com\\\/labravaradiofm\\\/#website\"},\"primaryImageOfPage\":{\"@id\":\"https:\\\/\\\/www.bbmnoticias.com\\\/labravaradiofm\\\/2023\\\/05\\\/24\\\/detienen-en-estados-unidos-a-homicida-de-santa-cruz-amilpas\\\/#primaryimage\"},\"image\":{\"@id\":\"https:\\\/\\\/www.bbmnoticias.com\\\/labravaradiofm\\\/2023\\\/05\\\/24\\\/detienen-en-estados-unidos-a-homicida-de-santa-cruz-amilpas\\\/#primaryimage\"},\"thumbnailUrl\":\"https:\\\/\\\/www.bbmnoticias.com\\\/labravaradiofm\\\/wp-content\\\/uploads\\\/sites\\\/5\\\/2022\\\/08\\\/profesor-detenido.jpg\",\"datePublished\":\"2023-05-24T21:38:41+00:00\",\"dateModified\":\"2023-05-24T21:38:42+00:00\",\"author\":{\"@id\":\"https:\\\/\\\/www.bbmnoticias.com\\\/labravaradiofm\\\/#\\\/schema\\\/person\\\/34b139c617a70ea5bef5678bffe4dd7b\"},\"breadcrumb\":{\"@id\":\"https:\\\/\\\/www.bbmnoticias.com\\\/labravaradiofm\\\/2023\\\/05\\\/24\\\/detienen-en-estados-unidos-a-homicida-de-santa-cruz-amilpas\\\/#breadcrumb\"},\"inLanguage\":\"es\",\"potentialAction\":[{\"@type\":\"ReadAction\",\"target\":[\"https:\\\/\\\/www.bbmnoticias.com\\\/labravaradiofm\\\/2023\\\/05\\\/24\\\/detienen-en-estados-unidos-a-homicida-de-santa-cruz-amilpas\\\/\"]}]},{\"@type\":\"ImageObject\",\"inLanguage\":\"es\",\"@id\":\"https:\\\/\\\/www.bbmnoticias.com\\\/labravaradiofm\\\/2023\\\/05\\\/24\\\/detienen-en-estados-unidos-a-homicida-de-santa-cruz-amilpas\\\/#primaryimage\",\"url\":\"https:\\\/\\\/www.bbmnoticias.com\\\/labravaradiofm\\\/wp-content\\\/uploads\\\/sites\\\/5\\\/2022\\\/08\\\/profesor-detenido.jpg\",\"contentUrl\":\"https:\\\/\\\/www.bbmnoticias.com\\\/labravaradiofm\\\/wp-content\\\/uploads\\\/sites\\\/5\\\/2022\\\/08\\\/profesor-detenido.jpg\",\"width\":1000,\"height\":567},{\"@type\":\"BreadcrumbList\",\"@id\":\"https:\\\/\\\/www.bbmnoticias.com\\\/labravaradiofm\\\/2023\\\/05\\\/24\\\/detienen-en-estados-unidos-a-homicida-de-santa-cruz-amilpas\\\/#breadcrumb\",\"itemListElement\":[{\"@type\":\"ListItem\",\"position\":1,\"name\":\"Inicio\",\"item\":\"https:\\\/\\\/www.bbmnoticias.com\\\/labravaradiofm\\\/\"},{\"@type\":\"ListItem\",\"position\":2,\"name\":\"Detienen en Estados Unidos a homicida de Santa Cruz Amilpas\"}]},{\"@type\":\"WebSite\",\"@id\":\"https:\\\/\\\/www.bbmnoticias.com\\\/labravaradiofm\\\/#website\",\"url\":\"https:\\\/\\\/www.bbmnoticias.com\\\/labravaradiofm\\\/\",\"name\":\"LA BRAVA RADIO\",\"description\":\"Empresa productora de medios, Radiodifusi\u00f3n, Noticias, tendencias y todo lo que necesitas saber de la pol\u00edtica mexicana e internacional; entretenimiento, espect\u00e1culos, salud y mucho m\u00e1s.\",\"potentialAction\":[{\"@type\":\"SearchAction\",\"target\":{\"@type\":\"EntryPoint\",\"urlTemplate\":\"https:\\\/\\\/www.bbmnoticias.com\\\/labravaradiofm\\\/?s={search_term_string}\"},\"query-input\":{\"@type\":\"PropertyValueSpecification\",\"valueRequired\":true,\"valueName\":\"search_term_string\"}}],\"inLanguage\":\"es\"},{\"@type\":\"Person\",\"@id\":\"https:\\\/\\\/www.bbmnoticias.com\\\/labravaradiofm\\\/#\\\/schema\\\/person\\\/34b139c617a70ea5bef5678bffe4dd7b\",\"name\":\"Staff\",\"image\":{\"@type\":\"ImageObject\",\"inLanguage\":\"es\",\"@id\":\"https:\\\/\\\/secure.gravatar.com\\\/avatar\\\/fdd21ad66fd8b98c407f9dee5b5e588cfe7f0d8579ec20fa6527cd59bab7f0f0?s=96&d=mm&r=g\",\"url\":\"https:\\\/\\\/secure.gravatar.com\\\/avatar\\\/fdd21ad66fd8b98c407f9dee5b5e588cfe7f0d8579ec20fa6527cd59bab7f0f0?s=96&d=mm&r=g\",\"contentUrl\":\"https:\\\/\\\/secure.gravatar.com\\\/avatar\\\/fdd21ad66fd8b98c407f9dee5b5e588cfe7f0d8579ec20fa6527cd59bab7f0f0?s=96&d=mm&r=g\",\"caption\":\"Staff\"},\"url\":\"https:\\\/\\\/www.bbmnoticias.com\\\/labravaradiofm\\\/author\\\/redaccion\\\/\"}]}<\/script>\n<!-- \/ Yoast SEO plugin. -->","yoast_head_json":{"title":"Detienen en Estados Unidos a homicida de Santa Cruz Amilpas - LA BRAVA RADIO","robots":{"index":"index","follow":"follow","max-snippet":"max-snippet:-1","max-image-preview":"max-image-preview:large","max-video-preview":"max-video-preview:-1"},"canonical":"https:\/\/www.bbmnoticias.com\/labravaradiofm\/2023\/05\/24\/detienen-en-estados-unidos-a-homicida-de-santa-cruz-amilpas\/","og_locale":"es_MX","og_type":"article","og_title":"Detienen en Estados Unidos a homicida de Santa Cruz Amilpas - LA BRAVA RADIO","og_description":"Oaxaca de Ju\u00e1rez, Oax.- \u00a0Derivado de la investigaci\u00f3n encabezada por la Fiscal\u00eda General del Estado de Oaxaca (FGEO), una persona del sexo masculino identificada por las iniciales V. M. A. B. fue detenida en Estados Unidos y trasladada a la entidad donde qued\u00f3 vinculado a proceso al enfrentar cargos por el delito de homicidio calificado, [&hellip;]","og_url":"https:\/\/www.bbmnoticias.com\/labravaradiofm\/2023\/05\/24\/detienen-en-estados-unidos-a-homicida-de-santa-cruz-amilpas\/","og_site_name":"LA BRAVA RADIO","article_published_time":"2023-05-24T21:38:41+00:00","article_modified_time":"2023-05-24T21:38:42+00:00","og_image":[{"width":1000,"height":567,"url":"https:\/\/www.bbmnoticias.com\/labravaradiofm\/wp-content\/uploads\/sites\/5\/2022\/08\/profesor-detenido.jpg","type":"image\/jpeg"}],"author":"Staff","twitter_card":"summary_large_image","twitter_misc":{"Escrito por":"Staff","Tiempo de lectura":"2 minutos"},"schema":{"@context":"https:\/\/schema.org","@graph":[{"@type":"Article","@id":"https:\/\/www.bbmnoticias.com\/labravaradiofm\/2023\/05\/24\/detienen-en-estados-unidos-a-homicida-de-santa-cruz-amilpas\/#article","isPartOf":{"@id":"https:\/\/www.bbmnoticias.com\/labravaradiofm\/2023\/05\/24\/detienen-en-estados-unidos-a-homicida-de-santa-cruz-amilpas\/"},"author":{"name":"Staff","@id":"https:\/\/www.bbmnoticias.com\/labravaradiofm\/#\/schema\/person\/34b139c617a70ea5bef5678bffe4dd7b"},"headline":"Detienen en Estados Unidos a homicida de Santa Cruz Amilpas","datePublished":"2023-05-24T21:38:41+00:00","dateModified":"2023-05-24T21:38:42+00:00","mainEntityOfPage":{"@id":"https:\/\/www.bbmnoticias.com\/labravaradiofm\/2023\/05\/24\/detienen-en-estados-unidos-a-homicida-de-santa-cruz-amilpas\/"},"wordCount":289,"image":{"@id":"https:\/\/www.bbmnoticias.com\/labravaradiofm\/2023\/05\/24\/detienen-en-estados-unidos-a-homicida-de-santa-cruz-amilpas\/#primaryimage"},"thumbnailUrl":"https:\/\/www.bbmnoticias.com\/labravaradiofm\/wp-content\/uploads\/sites\/5\/2022\/08\/profesor-detenido.jpg","articleSection":["POLICIACA"],"inLanguage":"es"},{"@type":"WebPage","@id":"https:\/\/www.bbmnoticias.com\/labravaradiofm\/2023\/05\/24\/detienen-en-estados-unidos-a-homicida-de-santa-cruz-amilpas\/","url":"https:\/\/www.bbmnoticias.com\/labravaradiofm\/2023\/05\/24\/detienen-en-estados-unidos-a-homicida-de-santa-cruz-amilpas\/","name":"Detienen en Estados Unidos a homicida de Santa Cruz Amilpas - LA BRAVA RADIO","isPartOf":{"@id":"https:\/\/www.bbmnoticias.com\/labravaradiofm\/#website"},"primaryImageOfPage":{"@id":"https:\/\/www.bbmnoticias.com\/labravaradiofm\/2023\/05\/24\/detienen-en-estados-unidos-a-homicida-de-santa-cruz-amilpas\/#primaryimage"},"image":{"@id":"https:\/\/www.bbmnoticias.com\/labravaradiofm\/2023\/05\/24\/detienen-en-estados-unidos-a-homicida-de-santa-cruz-amilpas\/#primaryimage"},"thumbnailUrl":"https:\/\/www.bbmnoticias.com\/labravaradiofm\/wp-content\/uploads\/sites\/5\/2022\/08\/profesor-detenido.jpg","datePublished":"2023-05-24T21:38:41+00:00","dateModified":"2023-05-24T21:38:42+00:00","author":{"@id":"https:\/\/www.bbmnoticias.com\/labravaradiofm\/#\/schema\/person\/34b139c617a70ea5bef5678bffe4dd7b"},"breadcrumb":{"@id":"https:\/\/www.bbmnoticias.com\/labravaradiofm\/2023\/05\/24\/detienen-en-estados-unidos-a-homicida-de-santa-cruz-amilpas\/#breadcrumb"},"inLanguage":"es","potentialAction":[{"@type":"ReadAction","target":["https:\/\/www.bbmnoticias.com\/labravaradiofm\/2023\/05\/24\/detienen-en-estados-unidos-a-homicida-de-santa-cruz-amilpas\/"]}]},{"@type":"ImageObject","inLanguage":"es","@id":"https:\/\/www.bbmnoticias.com\/labravaradiofm\/2023\/05\/24\/detienen-en-estados-unidos-a-homicida-de-santa-cruz-amilpas\/#primaryimage","url":"https:\/\/www.bbmnoticias.com\/labravaradiofm\/wp-content\/uploads\/sites\/5\/2022\/08\/profesor-detenido.jpg","contentUrl":"https:\/\/www.bbmnoticias.com\/labravaradiofm\/wp-content\/uploads\/sites\/5\/2022\/08\/profesor-detenido.jpg","width":1000,"height":567},{"@type":"BreadcrumbList","@id":"https:\/\/www.bbmnoticias.com\/labravaradiofm\/2023\/05\/24\/detienen-en-estados-unidos-a-homicida-de-santa-cruz-amilpas\/#breadcrumb","itemListElement":[{"@type":"ListItem","position":1,"name":"Inicio","item":"https:\/\/www.bbmnoticias.com\/labravaradiofm\/"},{"@type":"ListItem","position":2,"name":"Detienen en Estados Unidos a homicida de Santa Cruz Amilpas"}]},{"@type":"WebSite","@id":"https:\/\/www.bbmnoticias.com\/labravaradiofm\/#website","url":"https:\/\/www.bbmnoticias.com\/labravaradiofm\/","name":"LA BRAVA RADIO","description":"Empresa productora de medios, Radiodifusi\u00f3n, Noticias, tendencias y todo lo que necesitas saber de la pol\u00edtica mexicana e internacional; entretenimiento, espect\u00e1culos, salud y mucho m\u00e1s.","potentialAction":[{"@type":"SearchAction","target":{"@type":"EntryPoint","urlTemplate":"https:\/\/www.bbmnoticias.com\/labravaradiofm\/?s={search_term_string}"},"query-input":{"@type":"PropertyValueSpecification","valueRequired":true,"valueName":"search_term_string"}}],"inLanguage":"es"},{"@type":"Person","@id":"https:\/\/www.bbmnoticias.com\/labravaradiofm\/#\/schema\/person\/34b139c617a70ea5bef5678bffe4dd7b","name":"Staff","image":{"@type":"ImageObject","inLanguage":"es","@id":"https:\/\/secure.gravatar.com\/avatar\/fdd21ad66fd8b98c407f9dee5b5e588cfe7f0d8579ec20fa6527cd59bab7f0f0?s=96&d=mm&r=g","url":"https:\/\/secure.gravatar.com\/avatar\/fdd21ad66fd8b98c407f9dee5b5e588cfe7f0d8579ec20fa6527cd59bab7f0f0?s=96&d=mm&r=g","contentUrl":"https:\/\/secure.gravatar.com\/avatar\/fdd21ad66fd8b98c407f9dee5b5e588cfe7f0d8579ec20fa6527cd59bab7f0f0?s=96&d=mm&r=g","caption":"Staff"},"url":"https:\/\/www.bbmnoticias.com\/labravaradiofm\/author\/redaccion\/"}]}},"_links":{"self":[{"href":"https:\/\/www.bbmnoticias.com\/labravaradiofm\/wp-json\/wp\/v2\/posts\/27704","targetHints":{"allow":["GET"]}}],"collection":[{"href":"https:\/\/www.bbmnoticias.com\/labravaradiofm\/wp-json\/wp\/v2\/posts"}],"about":[{"href":"https:\/\/www.bbmnoticias.com\/labravaradiofm\/wp-json\/wp\/v2\/types\/post"}],"author":[{"embeddable":true,"href":"https:\/\/www.bbmnoticias.com\/labravaradiofm\/wp-json\/wp\/v2\/users\/2"}],"replies":[{"embeddable":true,"href":"https:\/\/www.bbmnoticias.com\/labravaradiofm\/wp-json\/wp\/v2\/comments?post=27704"}],"version-history":[{"count":0,"href":"https:\/\/www.bbmnoticias.com\/labravaradiofm\/wp-json\/wp\/v2\/posts\/27704\/revisions"}],"wp:featuredmedia":[{"embeddable":true,"href":"https:\/\/www.bbmnoticias.com\/labravaradiofm\/wp-json\/wp\/v2\/media\/16401"}],"wp:attachment":[{"href":"https:\/\/www.bbmnoticias.com\/labravaradiofm\/wp-json\/wp\/v2\/media?parent=27704"}],"wp:term":[{"taxonomy":"category","embeddable":true,"href":"https:\/\/www.bbmnoticias.com\/labravaradiofm\/wp-json\/wp\/v2\/categories?post=27704"},{"taxonomy":"post_tag","embeddable":true,"href":"https:\/\/www.bbmnoticias.com\/labravaradiofm\/wp-json\/wp\/v2\/tags?post=27704"}],"curies":[{"name":"wp","href":"https:\/\/api.w.org\/{rel}","templated":true}]}}