{"id":27689,"date":"2023-05-24T09:12:00","date_gmt":"2023-05-24T15:12:00","guid":{"rendered":"https:\/\/www.bbmnoticias.com\/labravaradiofm\/?p=27689"},"modified":"2023-05-24T09:12:01","modified_gmt":"2023-05-24T15:12:01","slug":"realiza-pemex-semana-de-salud-bucal-en-infantes-del-cendi-salina-cruz","status":"publish","type":"post","link":"https:\/\/www.bbmnoticias.com\/labravaradiofm\/2023\/05\/24\/realiza-pemex-semana-de-salud-bucal-en-infantes-del-cendi-salina-cruz\/","title":{"rendered":"Realiza PEMEX Semana de Salud Bucal en infantes del CENDI Salina Cruz"},"content":{"rendered":"<div style=\"margin-top: 0px; margin-bottom: 0px;\" class=\"sharethis-inline-share-buttons\" ><\/div>\n<p><strong>Salina Cruz, Oax.-<\/strong> Con la finalidad de crear conciencia y una cultura de prevenci\u00f3n y autocuidado en los infantes que acuden al Centro de Desarrollo Infantil (CENDI) de este municipio, Petr\u00f3leos Mexicanos (PEMEX) realiz\u00f3 del 15 al 19 de mayo del 2023 la Semana de Salud Bucal.<\/p>\n\n\n\n<p>Durante estos d\u00edas, el servicio de odontolog\u00eda del CENDI fue el responsable de concientizar a m\u00e1s de 100 infantes sobre la importancia de mantener una higiene bucal adecuada, promoviendo h\u00e1bitos de higiene oral a trav\u00e9s de un cuento llamado \u201cLa Boca Chimuela\u201d, el cual destaca el cuidado apropiado de los dientes y enc\u00edas, promoviendo el cepillado dental, uso de fl\u00faor y revisiones dentales peri\u00f3dicas.<\/p>\n\n\n\n<p>De igual manera, el \u00e1rea de Medicina Preventiva del Hospital General de PEMEX Salina Cruz mostr\u00f3 la t\u00e9cnica adecuada de lavado de manos, para que las ni\u00f1as y ni\u00f1os apliquen antes y despu\u00e9s de sus quehaceres diarios.<\/p>\n\n\n\n<p>PEMEX reafirma su compromiso de responsabilidad social y del cuidado de salud al inculcar en la ni\u00f1ez petrolera la cultura de buenos h\u00e1bitos de autocuidado personal.<\/p>\n","protected":false},"excerpt":{"rendered":"<p>Salina Cruz, Oax.- Con la finalidad de crear conciencia y una cultura de prevenci\u00f3n y autocuidado en los infantes que acuden al Centro de Desarrollo Infantil (CENDI) de este municipio, Petr\u00f3leos Mexicanos (PEMEX) realiz\u00f3 del 15 al 19 de mayo del 2023 la Semana de Salud Bucal. Durante estos d\u00edas, el servicio de odontolog\u00eda del [&hellip;]<\/p>\n","protected":false},"author":2,"featured_media":27690,"comment_status":"closed","ping_status":"closed","sticky":false,"template":"","format":"standard","meta":{"footnotes":""},"categories":[2],"tags":[],"class_list":{"0":"post-27689","1":"post","2":"type-post","3":"status-publish","4":"format-standard","5":"has-post-thumbnail","7":"category-oaxaca"},"yoast_head":"<!-- This site is optimized with the Yoast SEO plugin v27.4 - https:\/\/yoast.com\/product\/yoast-seo-wordpress\/ -->\n<title>Realiza PEMEX Semana de Salud Bucal en infantes del CENDI Salina Cruz - LA BRAVA RADIO<\/title>\n<meta name=\"robots\" content=\"index, follow, max-snippet:-1, max-image-preview:large, max-video-preview:-1\" \/>\n<link rel=\"canonical\" href=\"https:\/\/www.bbmnoticias.com\/labravaradiofm\/2023\/05\/24\/realiza-pemex-semana-de-salud-bucal-en-infantes-del-cendi-salina-cruz\/\" \/>\n<meta property=\"og:locale\" content=\"es_MX\" \/>\n<meta property=\"og:type\" content=\"article\" \/>\n<meta property=\"og:title\" content=\"Realiza PEMEX Semana de Salud Bucal en infantes del CENDI Salina Cruz - LA BRAVA RADIO\" \/>\n<meta property=\"og:description\" content=\"Salina Cruz, Oax.- Con la finalidad de crear conciencia y una cultura de prevenci\u00f3n y autocuidado en los infantes que acuden al Centro de Desarrollo Infantil (CENDI) de este municipio, Petr\u00f3leos Mexicanos (PEMEX) realiz\u00f3 del 15 al 19 de mayo del 2023 la Semana de Salud Bucal. Durante estos d\u00edas, el servicio de odontolog\u00eda del [&hellip;]\" \/>\n<meta property=\"og:url\" content=\"https:\/\/www.bbmnoticias.com\/labravaradiofm\/2023\/05\/24\/realiza-pemex-semana-de-salud-bucal-en-infantes-del-cendi-salina-cruz\/\" \/>\n<meta property=\"og:site_name\" content=\"LA BRAVA RADIO\" \/>\n<meta property=\"article:published_time\" content=\"2023-05-24T15:12:00+00:00\" \/>\n<meta property=\"article:modified_time\" content=\"2023-05-24T15:12:01+00:00\" \/>\n<meta property=\"og:image\" content=\"https:\/\/www.bbmnoticias.com\/labravaradiofm\/wp-content\/uploads\/sites\/5\/2023\/05\/cendi_pemex.jpg\" \/>\n\t<meta property=\"og:image:width\" content=\"800\" \/>\n\t<meta property=\"og:image:height\" content=\"533\" \/>\n\t<meta property=\"og:image:type\" content=\"image\/jpeg\" \/>\n<meta name=\"author\" content=\"Staff\" \/>\n<meta name=\"twitter:card\" content=\"summary_large_image\" \/>\n<meta name=\"twitter:label1\" content=\"Escrito por\" \/>\n\t<meta name=\"twitter:data1\" content=\"Staff\" \/>\n\t<meta name=\"twitter:label2\" content=\"Tiempo de lectura\" \/>\n\t<meta name=\"twitter:data2\" content=\"1 minuto\" \/>\n<script type=\"application\/ld+json\" class=\"yoast-schema-graph\">{\"@context\":\"https:\\\/\\\/schema.org\",\"@graph\":[{\"@type\":\"Article\",\"@id\":\"https:\\\/\\\/www.bbmnoticias.com\\\/labravaradiofm\\\/2023\\\/05\\\/24\\\/realiza-pemex-semana-de-salud-bucal-en-infantes-del-cendi-salina-cruz\\\/#article\",\"isPartOf\":{\"@id\":\"https:\\\/\\\/www.bbmnoticias.com\\\/labravaradiofm\\\/2023\\\/05\\\/24\\\/realiza-pemex-semana-de-salud-bucal-en-infantes-del-cendi-salina-cruz\\\/\"},\"author\":{\"name\":\"Staff\",\"@id\":\"https:\\\/\\\/www.bbmnoticias.com\\\/labravaradiofm\\\/#\\\/schema\\\/person\\\/34b139c617a70ea5bef5678bffe4dd7b\"},\"headline\":\"Realiza PEMEX Semana de Salud Bucal en infantes del CENDI Salina Cruz\",\"datePublished\":\"2023-05-24T15:12:00+00:00\",\"dateModified\":\"2023-05-24T15:12:01+00:00\",\"mainEntityOfPage\":{\"@id\":\"https:\\\/\\\/www.bbmnoticias.com\\\/labravaradiofm\\\/2023\\\/05\\\/24\\\/realiza-pemex-semana-de-salud-bucal-en-infantes-del-cendi-salina-cruz\\\/\"},\"wordCount\":199,\"image\":{\"@id\":\"https:\\\/\\\/www.bbmnoticias.com\\\/labravaradiofm\\\/2023\\\/05\\\/24\\\/realiza-pemex-semana-de-salud-bucal-en-infantes-del-cendi-salina-cruz\\\/#primaryimage\"},\"thumbnailUrl\":\"https:\\\/\\\/www.bbmnoticias.com\\\/labravaradiofm\\\/wp-content\\\/uploads\\\/sites\\\/5\\\/2023\\\/05\\\/cendi_pemex.jpg\",\"articleSection\":[\"LOCAL\"],\"inLanguage\":\"es\"},{\"@type\":\"WebPage\",\"@id\":\"https:\\\/\\\/www.bbmnoticias.com\\\/labravaradiofm\\\/2023\\\/05\\\/24\\\/realiza-pemex-semana-de-salud-bucal-en-infantes-del-cendi-salina-cruz\\\/\",\"url\":\"https:\\\/\\\/www.bbmnoticias.com\\\/labravaradiofm\\\/2023\\\/05\\\/24\\\/realiza-pemex-semana-de-salud-bucal-en-infantes-del-cendi-salina-cruz\\\/\",\"name\":\"Realiza PEMEX Semana de Salud Bucal en infantes del CENDI Salina Cruz - LA BRAVA RADIO\",\"isPartOf\":{\"@id\":\"https:\\\/\\\/www.bbmnoticias.com\\\/labravaradiofm\\\/#website\"},\"primaryImageOfPage\":{\"@id\":\"https:\\\/\\\/www.bbmnoticias.com\\\/labravaradiofm\\\/2023\\\/05\\\/24\\\/realiza-pemex-semana-de-salud-bucal-en-infantes-del-cendi-salina-cruz\\\/#primaryimage\"},\"image\":{\"@id\":\"https:\\\/\\\/www.bbmnoticias.com\\\/labravaradiofm\\\/2023\\\/05\\\/24\\\/realiza-pemex-semana-de-salud-bucal-en-infantes-del-cendi-salina-cruz\\\/#primaryimage\"},\"thumbnailUrl\":\"https:\\\/\\\/www.bbmnoticias.com\\\/labravaradiofm\\\/wp-content\\\/uploads\\\/sites\\\/5\\\/2023\\\/05\\\/cendi_pemex.jpg\",\"datePublished\":\"2023-05-24T15:12:00+00:00\",\"dateModified\":\"2023-05-24T15:12:01+00:00\",\"author\":{\"@id\":\"https:\\\/\\\/www.bbmnoticias.com\\\/labravaradiofm\\\/#\\\/schema\\\/person\\\/34b139c617a70ea5bef5678bffe4dd7b\"},\"breadcrumb\":{\"@id\":\"https:\\\/\\\/www.bbmnoticias.com\\\/labravaradiofm\\\/2023\\\/05\\\/24\\\/realiza-pemex-semana-de-salud-bucal-en-infantes-del-cendi-salina-cruz\\\/#breadcrumb\"},\"inLanguage\":\"es\",\"potentialAction\":[{\"@type\":\"ReadAction\",\"target\":[\"https:\\\/\\\/www.bbmnoticias.com\\\/labravaradiofm\\\/2023\\\/05\\\/24\\\/realiza-pemex-semana-de-salud-bucal-en-infantes-del-cendi-salina-cruz\\\/\"]}]},{\"@type\":\"ImageObject\",\"inLanguage\":\"es\",\"@id\":\"https:\\\/\\\/www.bbmnoticias.com\\\/labravaradiofm\\\/2023\\\/05\\\/24\\\/realiza-pemex-semana-de-salud-bucal-en-infantes-del-cendi-salina-cruz\\\/#primaryimage\",\"url\":\"https:\\\/\\\/www.bbmnoticias.com\\\/labravaradiofm\\\/wp-content\\\/uploads\\\/sites\\\/5\\\/2023\\\/05\\\/cendi_pemex.jpg\",\"contentUrl\":\"https:\\\/\\\/www.bbmnoticias.com\\\/labravaradiofm\\\/wp-content\\\/uploads\\\/sites\\\/5\\\/2023\\\/05\\\/cendi_pemex.jpg\",\"width\":800,\"height\":533},{\"@type\":\"BreadcrumbList\",\"@id\":\"https:\\\/\\\/www.bbmnoticias.com\\\/labravaradiofm\\\/2023\\\/05\\\/24\\\/realiza-pemex-semana-de-salud-bucal-en-infantes-del-cendi-salina-cruz\\\/#breadcrumb\",\"itemListElement\":[{\"@type\":\"ListItem\",\"position\":1,\"name\":\"Inicio\",\"item\":\"https:\\\/\\\/www.bbmnoticias.com\\\/labravaradiofm\\\/\"},{\"@type\":\"ListItem\",\"position\":2,\"name\":\"Realiza PEMEX Semana de Salud Bucal en infantes del CENDI Salina Cruz\"}]},{\"@type\":\"WebSite\",\"@id\":\"https:\\\/\\\/www.bbmnoticias.com\\\/labravaradiofm\\\/#website\",\"url\":\"https:\\\/\\\/www.bbmnoticias.com\\\/labravaradiofm\\\/\",\"name\":\"LA BRAVA RADIO\",\"description\":\"Empresa productora de medios, Radiodifusi\u00f3n, Noticias, tendencias y todo lo que necesitas saber de la pol\u00edtica mexicana e internacional; entretenimiento, espect\u00e1culos, salud y mucho m\u00e1s.\",\"potentialAction\":[{\"@type\":\"SearchAction\",\"target\":{\"@type\":\"EntryPoint\",\"urlTemplate\":\"https:\\\/\\\/www.bbmnoticias.com\\\/labravaradiofm\\\/?s={search_term_string}\"},\"query-input\":{\"@type\":\"PropertyValueSpecification\",\"valueRequired\":true,\"valueName\":\"search_term_string\"}}],\"inLanguage\":\"es\"},{\"@type\":\"Person\",\"@id\":\"https:\\\/\\\/www.bbmnoticias.com\\\/labravaradiofm\\\/#\\\/schema\\\/person\\\/34b139c617a70ea5bef5678bffe4dd7b\",\"name\":\"Staff\",\"image\":{\"@type\":\"ImageObject\",\"inLanguage\":\"es\",\"@id\":\"https:\\\/\\\/secure.gravatar.com\\\/avatar\\\/fdd21ad66fd8b98c407f9dee5b5e588cfe7f0d8579ec20fa6527cd59bab7f0f0?s=96&d=mm&r=g\",\"url\":\"https:\\\/\\\/secure.gravatar.com\\\/avatar\\\/fdd21ad66fd8b98c407f9dee5b5e588cfe7f0d8579ec20fa6527cd59bab7f0f0?s=96&d=mm&r=g\",\"contentUrl\":\"https:\\\/\\\/secure.gravatar.com\\\/avatar\\\/fdd21ad66fd8b98c407f9dee5b5e588cfe7f0d8579ec20fa6527cd59bab7f0f0?s=96&d=mm&r=g\",\"caption\":\"Staff\"},\"url\":\"https:\\\/\\\/www.bbmnoticias.com\\\/labravaradiofm\\\/author\\\/redaccion\\\/\"}]}<\/script>\n<!-- \/ Yoast SEO plugin. -->","yoast_head_json":{"title":"Realiza PEMEX Semana de Salud Bucal en infantes del CENDI Salina Cruz - LA BRAVA RADIO","robots":{"index":"index","follow":"follow","max-snippet":"max-snippet:-1","max-image-preview":"max-image-preview:large","max-video-preview":"max-video-preview:-1"},"canonical":"https:\/\/www.bbmnoticias.com\/labravaradiofm\/2023\/05\/24\/realiza-pemex-semana-de-salud-bucal-en-infantes-del-cendi-salina-cruz\/","og_locale":"es_MX","og_type":"article","og_title":"Realiza PEMEX Semana de Salud Bucal en infantes del CENDI Salina Cruz - LA BRAVA RADIO","og_description":"Salina Cruz, Oax.- Con la finalidad de crear conciencia y una cultura de prevenci\u00f3n y autocuidado en los infantes que acuden al Centro de Desarrollo Infantil (CENDI) de este municipio, Petr\u00f3leos Mexicanos (PEMEX) realiz\u00f3 del 15 al 19 de mayo del 2023 la Semana de Salud Bucal. Durante estos d\u00edas, el servicio de odontolog\u00eda del [&hellip;]","og_url":"https:\/\/www.bbmnoticias.com\/labravaradiofm\/2023\/05\/24\/realiza-pemex-semana-de-salud-bucal-en-infantes-del-cendi-salina-cruz\/","og_site_name":"LA BRAVA RADIO","article_published_time":"2023-05-24T15:12:00+00:00","article_modified_time":"2023-05-24T15:12:01+00:00","og_image":[{"width":800,"height":533,"url":"https:\/\/www.bbmnoticias.com\/labravaradiofm\/wp-content\/uploads\/sites\/5\/2023\/05\/cendi_pemex.jpg","type":"image\/jpeg"}],"author":"Staff","twitter_card":"summary_large_image","twitter_misc":{"Escrito por":"Staff","Tiempo de lectura":"1 minuto"},"schema":{"@context":"https:\/\/schema.org","@graph":[{"@type":"Article","@id":"https:\/\/www.bbmnoticias.com\/labravaradiofm\/2023\/05\/24\/realiza-pemex-semana-de-salud-bucal-en-infantes-del-cendi-salina-cruz\/#article","isPartOf":{"@id":"https:\/\/www.bbmnoticias.com\/labravaradiofm\/2023\/05\/24\/realiza-pemex-semana-de-salud-bucal-en-infantes-del-cendi-salina-cruz\/"},"author":{"name":"Staff","@id":"https:\/\/www.bbmnoticias.com\/labravaradiofm\/#\/schema\/person\/34b139c617a70ea5bef5678bffe4dd7b"},"headline":"Realiza PEMEX Semana de Salud Bucal en infantes del CENDI Salina Cruz","datePublished":"2023-05-24T15:12:00+00:00","dateModified":"2023-05-24T15:12:01+00:00","mainEntityOfPage":{"@id":"https:\/\/www.bbmnoticias.com\/labravaradiofm\/2023\/05\/24\/realiza-pemex-semana-de-salud-bucal-en-infantes-del-cendi-salina-cruz\/"},"wordCount":199,"image":{"@id":"https:\/\/www.bbmnoticias.com\/labravaradiofm\/2023\/05\/24\/realiza-pemex-semana-de-salud-bucal-en-infantes-del-cendi-salina-cruz\/#primaryimage"},"thumbnailUrl":"https:\/\/www.bbmnoticias.com\/labravaradiofm\/wp-content\/uploads\/sites\/5\/2023\/05\/cendi_pemex.jpg","articleSection":["LOCAL"],"inLanguage":"es"},{"@type":"WebPage","@id":"https:\/\/www.bbmnoticias.com\/labravaradiofm\/2023\/05\/24\/realiza-pemex-semana-de-salud-bucal-en-infantes-del-cendi-salina-cruz\/","url":"https:\/\/www.bbmnoticias.com\/labravaradiofm\/2023\/05\/24\/realiza-pemex-semana-de-salud-bucal-en-infantes-del-cendi-salina-cruz\/","name":"Realiza PEMEX Semana de Salud Bucal en infantes del CENDI Salina Cruz - LA BRAVA RADIO","isPartOf":{"@id":"https:\/\/www.bbmnoticias.com\/labravaradiofm\/#website"},"primaryImageOfPage":{"@id":"https:\/\/www.bbmnoticias.com\/labravaradiofm\/2023\/05\/24\/realiza-pemex-semana-de-salud-bucal-en-infantes-del-cendi-salina-cruz\/#primaryimage"},"image":{"@id":"https:\/\/www.bbmnoticias.com\/labravaradiofm\/2023\/05\/24\/realiza-pemex-semana-de-salud-bucal-en-infantes-del-cendi-salina-cruz\/#primaryimage"},"thumbnailUrl":"https:\/\/www.bbmnoticias.com\/labravaradiofm\/wp-content\/uploads\/sites\/5\/2023\/05\/cendi_pemex.jpg","datePublished":"2023-05-24T15:12:00+00:00","dateModified":"2023-05-24T15:12:01+00:00","author":{"@id":"https:\/\/www.bbmnoticias.com\/labravaradiofm\/#\/schema\/person\/34b139c617a70ea5bef5678bffe4dd7b"},"breadcrumb":{"@id":"https:\/\/www.bbmnoticias.com\/labravaradiofm\/2023\/05\/24\/realiza-pemex-semana-de-salud-bucal-en-infantes-del-cendi-salina-cruz\/#breadcrumb"},"inLanguage":"es","potentialAction":[{"@type":"ReadAction","target":["https:\/\/www.bbmnoticias.com\/labravaradiofm\/2023\/05\/24\/realiza-pemex-semana-de-salud-bucal-en-infantes-del-cendi-salina-cruz\/"]}]},{"@type":"ImageObject","inLanguage":"es","@id":"https:\/\/www.bbmnoticias.com\/labravaradiofm\/2023\/05\/24\/realiza-pemex-semana-de-salud-bucal-en-infantes-del-cendi-salina-cruz\/#primaryimage","url":"https:\/\/www.bbmnoticias.com\/labravaradiofm\/wp-content\/uploads\/sites\/5\/2023\/05\/cendi_pemex.jpg","contentUrl":"https:\/\/www.bbmnoticias.com\/labravaradiofm\/wp-content\/uploads\/sites\/5\/2023\/05\/cendi_pemex.jpg","width":800,"height":533},{"@type":"BreadcrumbList","@id":"https:\/\/www.bbmnoticias.com\/labravaradiofm\/2023\/05\/24\/realiza-pemex-semana-de-salud-bucal-en-infantes-del-cendi-salina-cruz\/#breadcrumb","itemListElement":[{"@type":"ListItem","position":1,"name":"Inicio","item":"https:\/\/www.bbmnoticias.com\/labravaradiofm\/"},{"@type":"ListItem","position":2,"name":"Realiza PEMEX Semana de Salud Bucal en infantes del CENDI Salina Cruz"}]},{"@type":"WebSite","@id":"https:\/\/www.bbmnoticias.com\/labravaradiofm\/#website","url":"https:\/\/www.bbmnoticias.com\/labravaradiofm\/","name":"LA BRAVA RADIO","description":"Empresa productora de medios, Radiodifusi\u00f3n, Noticias, tendencias y todo lo que necesitas saber de la pol\u00edtica mexicana e internacional; entretenimiento, espect\u00e1culos, salud y mucho m\u00e1s.","potentialAction":[{"@type":"SearchAction","target":{"@type":"EntryPoint","urlTemplate":"https:\/\/www.bbmnoticias.com\/labravaradiofm\/?s={search_term_string}"},"query-input":{"@type":"PropertyValueSpecification","valueRequired":true,"valueName":"search_term_string"}}],"inLanguage":"es"},{"@type":"Person","@id":"https:\/\/www.bbmnoticias.com\/labravaradiofm\/#\/schema\/person\/34b139c617a70ea5bef5678bffe4dd7b","name":"Staff","image":{"@type":"ImageObject","inLanguage":"es","@id":"https:\/\/secure.gravatar.com\/avatar\/fdd21ad66fd8b98c407f9dee5b5e588cfe7f0d8579ec20fa6527cd59bab7f0f0?s=96&d=mm&r=g","url":"https:\/\/secure.gravatar.com\/avatar\/fdd21ad66fd8b98c407f9dee5b5e588cfe7f0d8579ec20fa6527cd59bab7f0f0?s=96&d=mm&r=g","contentUrl":"https:\/\/secure.gravatar.com\/avatar\/fdd21ad66fd8b98c407f9dee5b5e588cfe7f0d8579ec20fa6527cd59bab7f0f0?s=96&d=mm&r=g","caption":"Staff"},"url":"https:\/\/www.bbmnoticias.com\/labravaradiofm\/author\/redaccion\/"}]}},"_links":{"self":[{"href":"https:\/\/www.bbmnoticias.com\/labravaradiofm\/wp-json\/wp\/v2\/posts\/27689","targetHints":{"allow":["GET"]}}],"collection":[{"href":"https:\/\/www.bbmnoticias.com\/labravaradiofm\/wp-json\/wp\/v2\/posts"}],"about":[{"href":"https:\/\/www.bbmnoticias.com\/labravaradiofm\/wp-json\/wp\/v2\/types\/post"}],"author":[{"embeddable":true,"href":"https:\/\/www.bbmnoticias.com\/labravaradiofm\/wp-json\/wp\/v2\/users\/2"}],"replies":[{"embeddable":true,"href":"https:\/\/www.bbmnoticias.com\/labravaradiofm\/wp-json\/wp\/v2\/comments?post=27689"}],"version-history":[{"count":0,"href":"https:\/\/www.bbmnoticias.com\/labravaradiofm\/wp-json\/wp\/v2\/posts\/27689\/revisions"}],"wp:featuredmedia":[{"embeddable":true,"href":"https:\/\/www.bbmnoticias.com\/labravaradiofm\/wp-json\/wp\/v2\/media\/27690"}],"wp:attachment":[{"href":"https:\/\/www.bbmnoticias.com\/labravaradiofm\/wp-json\/wp\/v2\/media?parent=27689"}],"wp:term":[{"taxonomy":"category","embeddable":true,"href":"https:\/\/www.bbmnoticias.com\/labravaradiofm\/wp-json\/wp\/v2\/categories?post=27689"},{"taxonomy":"post_tag","embeddable":true,"href":"https:\/\/www.bbmnoticias.com\/labravaradiofm\/wp-json\/wp\/v2\/tags?post=27689"}],"curies":[{"name":"wp","href":"https:\/\/api.w.org\/{rel}","templated":true}]}}