{"id":27569,"date":"2023-05-19T21:34:23","date_gmt":"2023-05-20T03:34:23","guid":{"rendered":"https:\/\/www.bbmnoticias.com\/labravaradiofm\/?p=27569"},"modified":"2023-05-19T21:34:23","modified_gmt":"2023-05-20T03:34:23","slug":"arranca-gobierno-estatal-programa-de-alfabetizacion-para-el-bienestar-en-san-pedro-pochutla","status":"publish","type":"post","link":"https:\/\/www.bbmnoticias.com\/labravaradiofm\/2023\/05\/19\/arranca-gobierno-estatal-programa-de-alfabetizacion-para-el-bienestar-en-san-pedro-pochutla\/","title":{"rendered":"Arranca Gobierno Estatal programa de Alfabetizaci\u00f3n para el Bienestar en San Pedro Pochutla"},"content":{"rendered":"<div style=\"margin-top: 0px; margin-bottom: 0px;\" class=\"sharethis-inline-share-buttons\" ><\/div>\n<p><strong>San Pedro Pochutla, Oax<\/strong>.- Con el objetivo de ofrecer oportunidades de acceso a la educaci\u00f3n a personas j\u00f3venes, adultas y adultas mayores, el Gobierno del Estado puso en marcha el programa de Alfabetizaci\u00f3n para el Bienestar en San Pedro Pochutla.<\/p>\n\n\n\n<p>La secretaria de Honestidad, Transparencia y Funci\u00f3n P\u00fablica Leticia Elsa Reyes L\u00f3pez, encargada de la operatividad del programa en este municipio, inform\u00f3 que esta acci\u00f3n busca atender a la poblaci\u00f3n analfabeta del estado, con un modelo de trabajo social y comunitario para acompa\u00f1ar a las distintas tareas de alfabetizaci\u00f3n que se estar\u00e1n llevando en los pueblos y las comunidades.<\/p>\n\n\n\n<p>Con la suma de esfuerzos del gobierno municipal de San Pedro Pochutla y el Instituto Tecnol\u00f3gico Nacional de M\u00e9xico campus Pochutla, el cual participar\u00e1 con su Programa Nacional AlfabetizaTEC 2023, se integrar\u00e1n brigadas estudiantiles que asistir\u00e1n a personas que requieran apoyo para concluir sus estudios o aprender a escribir y leer.<\/p>\n\n\n\n<figure class=\"wp-block-image size-full\"><img loading=\"lazy\" decoding=\"async\" width=\"1024\" height=\"673\" src=\"https:\/\/www.bbmnoticias.com\/labravaradiofm\/wp-content\/uploads\/sites\/5\/2023\/05\/alfabetizacion_02.jpeg\" alt=\"\" class=\"wp-image-27571\" srcset=\"https:\/\/www.bbmnoticias.com\/labravaradiofm\/wp-content\/uploads\/sites\/5\/2023\/05\/alfabetizacion_02.jpeg 1024w, https:\/\/www.bbmnoticias.com\/labravaradiofm\/wp-content\/uploads\/sites\/5\/2023\/05\/alfabetizacion_02-300x197.jpeg 300w, https:\/\/www.bbmnoticias.com\/labravaradiofm\/wp-content\/uploads\/sites\/5\/2023\/05\/alfabetizacion_02-768x505.jpeg 768w, https:\/\/www.bbmnoticias.com\/labravaradiofm\/wp-content\/uploads\/sites\/5\/2023\/05\/alfabetizacion_02-696x457.jpeg 696w, https:\/\/www.bbmnoticias.com\/labravaradiofm\/wp-content\/uploads\/sites\/5\/2023\/05\/alfabetizacion_02-639x420.jpeg 639w, https:\/\/www.bbmnoticias.com\/labravaradiofm\/wp-content\/uploads\/sites\/5\/2023\/05\/alfabetizacion_02-741x486.jpeg 741w\" sizes=\"auto, (max-width: 1024px) 100vw, 1024px\" \/><\/figure>\n\n\n\n<p>Ante 51 estudiantes que fungir\u00e1n como instructores durante seis meses, la titular de Honestidad del Gobierno del Estado precis\u00f3 que \u201ccon el esfuerzo de la poblaci\u00f3n estudiantil de esta casa de estudios, las personas que no saben escribir ni leer contar\u00e1n con una oportunidad para aprender\u201d.<\/p>\n\n\n\n<figure class=\"wp-block-pullquote\"><blockquote><p>\u201cCon esta colaboraci\u00f3n lograremos cumplir uno de los compromisos de nuestro Gobernador, acercar la educaci\u00f3n para que las personas atendidas cuenten con mejores oportunidades de vida\u201d, afirm\u00f3.<\/p><\/blockquote><\/figure>\n\n\n\n<p>Esta estrategia es encabezada por la Secretar\u00eda de Educaci\u00f3n P\u00fablica (SEP) de Oaxaca y el Instituto Estatal de Educaci\u00f3n para Adultos (IEEA), y busca dar cumplimiento al eje transversal del Gobierno del Estado para la Reparaci\u00f3n Hist\u00f3rica de los pueblos.<\/p>\n\n\n\n<p>En su oportunidad la Presidenta Municipal de San Pedro Pochutla, Minerva P\u00e9rez Garc\u00eda, se\u00f1al\u00f3 que \u201ca trav\u00e9s del programa implementado por el Instituto Tecnol\u00f3gico se ayudar\u00e1 a muchas personas y esa es la mejor satisfacci\u00f3n de una profesi\u00f3n, la de contribuir y ayudar a los dem\u00e1s\u201d.<\/p>\n\n\n\n<p>Previamente, las autoridades llevaron a cabo una jornada de lectura, en el marco del programa Estatal de Fomento a la Lectura, en el cual participaron 51 alumnas y alumnos de sexto a\u00f1o de la Escuela Primaria Presidente Ju\u00e1rez, ubicada en esta poblaci\u00f3n. En esta actividad, ni\u00f1as y ni\u00f1os leyeron \u201cEl Principito\u201d de Antoine de Saint-Exup\u00e9ry.<\/p>\n","protected":false},"excerpt":{"rendered":"<p>San Pedro Pochutla, Oax.- Con el objetivo de ofrecer oportunidades de acceso a la educaci\u00f3n a personas j\u00f3venes, adultas y adultas mayores, el Gobierno del Estado puso en marcha el programa de Alfabetizaci\u00f3n para el Bienestar en San Pedro Pochutla. La secretaria de Honestidad, Transparencia y Funci\u00f3n P\u00fablica Leticia Elsa Reyes L\u00f3pez, encargada de la [&hellip;]<\/p>\n","protected":false},"author":2,"featured_media":27570,"comment_status":"closed","ping_status":"closed","sticky":false,"template":"","format":"standard","meta":{"footnotes":""},"categories":[2],"tags":[],"class_list":{"0":"post-27569","1":"post","2":"type-post","3":"status-publish","4":"format-standard","5":"has-post-thumbnail","7":"category-oaxaca"},"yoast_head":"<!-- This site is optimized with the Yoast SEO plugin v27.4 - https:\/\/yoast.com\/product\/yoast-seo-wordpress\/ -->\n<title>Arranca Gobierno Estatal programa de Alfabetizaci\u00f3n para el Bienestar en San Pedro Pochutla - LA BRAVA RADIO<\/title>\n<meta name=\"robots\" content=\"index, follow, max-snippet:-1, max-image-preview:large, max-video-preview:-1\" \/>\n<link rel=\"canonical\" href=\"https:\/\/www.bbmnoticias.com\/labravaradiofm\/2023\/05\/19\/arranca-gobierno-estatal-programa-de-alfabetizacion-para-el-bienestar-en-san-pedro-pochutla\/\" \/>\n<meta property=\"og:locale\" content=\"es_MX\" \/>\n<meta property=\"og:type\" content=\"article\" \/>\n<meta property=\"og:title\" content=\"Arranca Gobierno Estatal programa de Alfabetizaci\u00f3n para el Bienestar en San Pedro Pochutla - LA BRAVA RADIO\" \/>\n<meta property=\"og:description\" content=\"San Pedro Pochutla, Oax.- Con el objetivo de ofrecer oportunidades de acceso a la educaci\u00f3n a personas j\u00f3venes, adultas y adultas mayores, el Gobierno del Estado puso en marcha el programa de Alfabetizaci\u00f3n para el Bienestar en San Pedro Pochutla. La secretaria de Honestidad, Transparencia y Funci\u00f3n P\u00fablica Leticia Elsa Reyes L\u00f3pez, encargada de la [&hellip;]\" \/>\n<meta property=\"og:url\" content=\"https:\/\/www.bbmnoticias.com\/labravaradiofm\/2023\/05\/19\/arranca-gobierno-estatal-programa-de-alfabetizacion-para-el-bienestar-en-san-pedro-pochutla\/\" \/>\n<meta property=\"og:site_name\" content=\"LA BRAVA RADIO\" \/>\n<meta property=\"article:published_time\" content=\"2023-05-20T03:34:23+00:00\" \/>\n<meta property=\"og:image\" content=\"https:\/\/www.bbmnoticias.com\/labravaradiofm\/wp-content\/uploads\/sites\/5\/2023\/05\/alfabetizacion_01.jpg\" \/>\n\t<meta property=\"og:image:width\" content=\"926\" \/>\n\t<meta property=\"og:image:height\" content=\"764\" \/>\n\t<meta property=\"og:image:type\" content=\"image\/jpeg\" \/>\n<meta name=\"author\" content=\"Staff\" \/>\n<meta name=\"twitter:card\" content=\"summary_large_image\" \/>\n<meta name=\"twitter:label1\" content=\"Escrito por\" \/>\n\t<meta name=\"twitter:data1\" content=\"Staff\" \/>\n\t<meta name=\"twitter:label2\" content=\"Tiempo de lectura\" \/>\n\t<meta name=\"twitter:data2\" content=\"2 minutos\" \/>\n<script type=\"application\/ld+json\" class=\"yoast-schema-graph\">{\"@context\":\"https:\\\/\\\/schema.org\",\"@graph\":[{\"@type\":\"Article\",\"@id\":\"https:\\\/\\\/www.bbmnoticias.com\\\/labravaradiofm\\\/2023\\\/05\\\/19\\\/arranca-gobierno-estatal-programa-de-alfabetizacion-para-el-bienestar-en-san-pedro-pochutla\\\/#article\",\"isPartOf\":{\"@id\":\"https:\\\/\\\/www.bbmnoticias.com\\\/labravaradiofm\\\/2023\\\/05\\\/19\\\/arranca-gobierno-estatal-programa-de-alfabetizacion-para-el-bienestar-en-san-pedro-pochutla\\\/\"},\"author\":{\"name\":\"Staff\",\"@id\":\"https:\\\/\\\/www.bbmnoticias.com\\\/labravaradiofm\\\/#\\\/schema\\\/person\\\/34b139c617a70ea5bef5678bffe4dd7b\"},\"headline\":\"Arranca Gobierno Estatal programa de Alfabetizaci\u00f3n para el Bienestar en San Pedro Pochutla\",\"datePublished\":\"2023-05-20T03:34:23+00:00\",\"mainEntityOfPage\":{\"@id\":\"https:\\\/\\\/www.bbmnoticias.com\\\/labravaradiofm\\\/2023\\\/05\\\/19\\\/arranca-gobierno-estatal-programa-de-alfabetizacion-para-el-bienestar-en-san-pedro-pochutla\\\/\"},\"wordCount\":416,\"image\":{\"@id\":\"https:\\\/\\\/www.bbmnoticias.com\\\/labravaradiofm\\\/2023\\\/05\\\/19\\\/arranca-gobierno-estatal-programa-de-alfabetizacion-para-el-bienestar-en-san-pedro-pochutla\\\/#primaryimage\"},\"thumbnailUrl\":\"https:\\\/\\\/www.bbmnoticias.com\\\/labravaradiofm\\\/wp-content\\\/uploads\\\/sites\\\/5\\\/2023\\\/05\\\/alfabetizacion_01.jpg\",\"articleSection\":[\"LOCAL\"],\"inLanguage\":\"es\"},{\"@type\":\"WebPage\",\"@id\":\"https:\\\/\\\/www.bbmnoticias.com\\\/labravaradiofm\\\/2023\\\/05\\\/19\\\/arranca-gobierno-estatal-programa-de-alfabetizacion-para-el-bienestar-en-san-pedro-pochutla\\\/\",\"url\":\"https:\\\/\\\/www.bbmnoticias.com\\\/labravaradiofm\\\/2023\\\/05\\\/19\\\/arranca-gobierno-estatal-programa-de-alfabetizacion-para-el-bienestar-en-san-pedro-pochutla\\\/\",\"name\":\"Arranca Gobierno Estatal programa de Alfabetizaci\u00f3n para el Bienestar en San Pedro Pochutla - LA BRAVA RADIO\",\"isPartOf\":{\"@id\":\"https:\\\/\\\/www.bbmnoticias.com\\\/labravaradiofm\\\/#website\"},\"primaryImageOfPage\":{\"@id\":\"https:\\\/\\\/www.bbmnoticias.com\\\/labravaradiofm\\\/2023\\\/05\\\/19\\\/arranca-gobierno-estatal-programa-de-alfabetizacion-para-el-bienestar-en-san-pedro-pochutla\\\/#primaryimage\"},\"image\":{\"@id\":\"https:\\\/\\\/www.bbmnoticias.com\\\/labravaradiofm\\\/2023\\\/05\\\/19\\\/arranca-gobierno-estatal-programa-de-alfabetizacion-para-el-bienestar-en-san-pedro-pochutla\\\/#primaryimage\"},\"thumbnailUrl\":\"https:\\\/\\\/www.bbmnoticias.com\\\/labravaradiofm\\\/wp-content\\\/uploads\\\/sites\\\/5\\\/2023\\\/05\\\/alfabetizacion_01.jpg\",\"datePublished\":\"2023-05-20T03:34:23+00:00\",\"author\":{\"@id\":\"https:\\\/\\\/www.bbmnoticias.com\\\/labravaradiofm\\\/#\\\/schema\\\/person\\\/34b139c617a70ea5bef5678bffe4dd7b\"},\"breadcrumb\":{\"@id\":\"https:\\\/\\\/www.bbmnoticias.com\\\/labravaradiofm\\\/2023\\\/05\\\/19\\\/arranca-gobierno-estatal-programa-de-alfabetizacion-para-el-bienestar-en-san-pedro-pochutla\\\/#breadcrumb\"},\"inLanguage\":\"es\",\"potentialAction\":[{\"@type\":\"ReadAction\",\"target\":[\"https:\\\/\\\/www.bbmnoticias.com\\\/labravaradiofm\\\/2023\\\/05\\\/19\\\/arranca-gobierno-estatal-programa-de-alfabetizacion-para-el-bienestar-en-san-pedro-pochutla\\\/\"]}]},{\"@type\":\"ImageObject\",\"inLanguage\":\"es\",\"@id\":\"https:\\\/\\\/www.bbmnoticias.com\\\/labravaradiofm\\\/2023\\\/05\\\/19\\\/arranca-gobierno-estatal-programa-de-alfabetizacion-para-el-bienestar-en-san-pedro-pochutla\\\/#primaryimage\",\"url\":\"https:\\\/\\\/www.bbmnoticias.com\\\/labravaradiofm\\\/wp-content\\\/uploads\\\/sites\\\/5\\\/2023\\\/05\\\/alfabetizacion_01.jpg\",\"contentUrl\":\"https:\\\/\\\/www.bbmnoticias.com\\\/labravaradiofm\\\/wp-content\\\/uploads\\\/sites\\\/5\\\/2023\\\/05\\\/alfabetizacion_01.jpg\",\"width\":926,\"height\":764},{\"@type\":\"BreadcrumbList\",\"@id\":\"https:\\\/\\\/www.bbmnoticias.com\\\/labravaradiofm\\\/2023\\\/05\\\/19\\\/arranca-gobierno-estatal-programa-de-alfabetizacion-para-el-bienestar-en-san-pedro-pochutla\\\/#breadcrumb\",\"itemListElement\":[{\"@type\":\"ListItem\",\"position\":1,\"name\":\"Inicio\",\"item\":\"https:\\\/\\\/www.bbmnoticias.com\\\/labravaradiofm\\\/\"},{\"@type\":\"ListItem\",\"position\":2,\"name\":\"Arranca Gobierno Estatal programa de Alfabetizaci\u00f3n para el Bienestar en San Pedro Pochutla\"}]},{\"@type\":\"WebSite\",\"@id\":\"https:\\\/\\\/www.bbmnoticias.com\\\/labravaradiofm\\\/#website\",\"url\":\"https:\\\/\\\/www.bbmnoticias.com\\\/labravaradiofm\\\/\",\"name\":\"LA BRAVA RADIO\",\"description\":\"Empresa productora de medios, Radiodifusi\u00f3n, Noticias, tendencias y todo lo que necesitas saber de la pol\u00edtica mexicana e internacional; entretenimiento, espect\u00e1culos, salud y mucho m\u00e1s.\",\"potentialAction\":[{\"@type\":\"SearchAction\",\"target\":{\"@type\":\"EntryPoint\",\"urlTemplate\":\"https:\\\/\\\/www.bbmnoticias.com\\\/labravaradiofm\\\/?s={search_term_string}\"},\"query-input\":{\"@type\":\"PropertyValueSpecification\",\"valueRequired\":true,\"valueName\":\"search_term_string\"}}],\"inLanguage\":\"es\"},{\"@type\":\"Person\",\"@id\":\"https:\\\/\\\/www.bbmnoticias.com\\\/labravaradiofm\\\/#\\\/schema\\\/person\\\/34b139c617a70ea5bef5678bffe4dd7b\",\"name\":\"Staff\",\"image\":{\"@type\":\"ImageObject\",\"inLanguage\":\"es\",\"@id\":\"https:\\\/\\\/secure.gravatar.com\\\/avatar\\\/fdd21ad66fd8b98c407f9dee5b5e588cfe7f0d8579ec20fa6527cd59bab7f0f0?s=96&d=mm&r=g\",\"url\":\"https:\\\/\\\/secure.gravatar.com\\\/avatar\\\/fdd21ad66fd8b98c407f9dee5b5e588cfe7f0d8579ec20fa6527cd59bab7f0f0?s=96&d=mm&r=g\",\"contentUrl\":\"https:\\\/\\\/secure.gravatar.com\\\/avatar\\\/fdd21ad66fd8b98c407f9dee5b5e588cfe7f0d8579ec20fa6527cd59bab7f0f0?s=96&d=mm&r=g\",\"caption\":\"Staff\"},\"url\":\"https:\\\/\\\/www.bbmnoticias.com\\\/labravaradiofm\\\/author\\\/redaccion\\\/\"}]}<\/script>\n<!-- \/ Yoast SEO plugin. -->","yoast_head_json":{"title":"Arranca Gobierno Estatal programa de Alfabetizaci\u00f3n para el Bienestar en San Pedro Pochutla - LA BRAVA RADIO","robots":{"index":"index","follow":"follow","max-snippet":"max-snippet:-1","max-image-preview":"max-image-preview:large","max-video-preview":"max-video-preview:-1"},"canonical":"https:\/\/www.bbmnoticias.com\/labravaradiofm\/2023\/05\/19\/arranca-gobierno-estatal-programa-de-alfabetizacion-para-el-bienestar-en-san-pedro-pochutla\/","og_locale":"es_MX","og_type":"article","og_title":"Arranca Gobierno Estatal programa de Alfabetizaci\u00f3n para el Bienestar en San Pedro Pochutla - LA BRAVA RADIO","og_description":"San Pedro Pochutla, Oax.- Con el objetivo de ofrecer oportunidades de acceso a la educaci\u00f3n a personas j\u00f3venes, adultas y adultas mayores, el Gobierno del Estado puso en marcha el programa de Alfabetizaci\u00f3n para el Bienestar en San Pedro Pochutla. La secretaria de Honestidad, Transparencia y Funci\u00f3n P\u00fablica Leticia Elsa Reyes L\u00f3pez, encargada de la [&hellip;]","og_url":"https:\/\/www.bbmnoticias.com\/labravaradiofm\/2023\/05\/19\/arranca-gobierno-estatal-programa-de-alfabetizacion-para-el-bienestar-en-san-pedro-pochutla\/","og_site_name":"LA BRAVA RADIO","article_published_time":"2023-05-20T03:34:23+00:00","og_image":[{"width":926,"height":764,"url":"https:\/\/www.bbmnoticias.com\/labravaradiofm\/wp-content\/uploads\/sites\/5\/2023\/05\/alfabetizacion_01.jpg","type":"image\/jpeg"}],"author":"Staff","twitter_card":"summary_large_image","twitter_misc":{"Escrito por":"Staff","Tiempo de lectura":"2 minutos"},"schema":{"@context":"https:\/\/schema.org","@graph":[{"@type":"Article","@id":"https:\/\/www.bbmnoticias.com\/labravaradiofm\/2023\/05\/19\/arranca-gobierno-estatal-programa-de-alfabetizacion-para-el-bienestar-en-san-pedro-pochutla\/#article","isPartOf":{"@id":"https:\/\/www.bbmnoticias.com\/labravaradiofm\/2023\/05\/19\/arranca-gobierno-estatal-programa-de-alfabetizacion-para-el-bienestar-en-san-pedro-pochutla\/"},"author":{"name":"Staff","@id":"https:\/\/www.bbmnoticias.com\/labravaradiofm\/#\/schema\/person\/34b139c617a70ea5bef5678bffe4dd7b"},"headline":"Arranca Gobierno Estatal programa de Alfabetizaci\u00f3n para el Bienestar en San Pedro Pochutla","datePublished":"2023-05-20T03:34:23+00:00","mainEntityOfPage":{"@id":"https:\/\/www.bbmnoticias.com\/labravaradiofm\/2023\/05\/19\/arranca-gobierno-estatal-programa-de-alfabetizacion-para-el-bienestar-en-san-pedro-pochutla\/"},"wordCount":416,"image":{"@id":"https:\/\/www.bbmnoticias.com\/labravaradiofm\/2023\/05\/19\/arranca-gobierno-estatal-programa-de-alfabetizacion-para-el-bienestar-en-san-pedro-pochutla\/#primaryimage"},"thumbnailUrl":"https:\/\/www.bbmnoticias.com\/labravaradiofm\/wp-content\/uploads\/sites\/5\/2023\/05\/alfabetizacion_01.jpg","articleSection":["LOCAL"],"inLanguage":"es"},{"@type":"WebPage","@id":"https:\/\/www.bbmnoticias.com\/labravaradiofm\/2023\/05\/19\/arranca-gobierno-estatal-programa-de-alfabetizacion-para-el-bienestar-en-san-pedro-pochutla\/","url":"https:\/\/www.bbmnoticias.com\/labravaradiofm\/2023\/05\/19\/arranca-gobierno-estatal-programa-de-alfabetizacion-para-el-bienestar-en-san-pedro-pochutla\/","name":"Arranca Gobierno Estatal programa de Alfabetizaci\u00f3n para el Bienestar en San Pedro Pochutla - LA BRAVA RADIO","isPartOf":{"@id":"https:\/\/www.bbmnoticias.com\/labravaradiofm\/#website"},"primaryImageOfPage":{"@id":"https:\/\/www.bbmnoticias.com\/labravaradiofm\/2023\/05\/19\/arranca-gobierno-estatal-programa-de-alfabetizacion-para-el-bienestar-en-san-pedro-pochutla\/#primaryimage"},"image":{"@id":"https:\/\/www.bbmnoticias.com\/labravaradiofm\/2023\/05\/19\/arranca-gobierno-estatal-programa-de-alfabetizacion-para-el-bienestar-en-san-pedro-pochutla\/#primaryimage"},"thumbnailUrl":"https:\/\/www.bbmnoticias.com\/labravaradiofm\/wp-content\/uploads\/sites\/5\/2023\/05\/alfabetizacion_01.jpg","datePublished":"2023-05-20T03:34:23+00:00","author":{"@id":"https:\/\/www.bbmnoticias.com\/labravaradiofm\/#\/schema\/person\/34b139c617a70ea5bef5678bffe4dd7b"},"breadcrumb":{"@id":"https:\/\/www.bbmnoticias.com\/labravaradiofm\/2023\/05\/19\/arranca-gobierno-estatal-programa-de-alfabetizacion-para-el-bienestar-en-san-pedro-pochutla\/#breadcrumb"},"inLanguage":"es","potentialAction":[{"@type":"ReadAction","target":["https:\/\/www.bbmnoticias.com\/labravaradiofm\/2023\/05\/19\/arranca-gobierno-estatal-programa-de-alfabetizacion-para-el-bienestar-en-san-pedro-pochutla\/"]}]},{"@type":"ImageObject","inLanguage":"es","@id":"https:\/\/www.bbmnoticias.com\/labravaradiofm\/2023\/05\/19\/arranca-gobierno-estatal-programa-de-alfabetizacion-para-el-bienestar-en-san-pedro-pochutla\/#primaryimage","url":"https:\/\/www.bbmnoticias.com\/labravaradiofm\/wp-content\/uploads\/sites\/5\/2023\/05\/alfabetizacion_01.jpg","contentUrl":"https:\/\/www.bbmnoticias.com\/labravaradiofm\/wp-content\/uploads\/sites\/5\/2023\/05\/alfabetizacion_01.jpg","width":926,"height":764},{"@type":"BreadcrumbList","@id":"https:\/\/www.bbmnoticias.com\/labravaradiofm\/2023\/05\/19\/arranca-gobierno-estatal-programa-de-alfabetizacion-para-el-bienestar-en-san-pedro-pochutla\/#breadcrumb","itemListElement":[{"@type":"ListItem","position":1,"name":"Inicio","item":"https:\/\/www.bbmnoticias.com\/labravaradiofm\/"},{"@type":"ListItem","position":2,"name":"Arranca Gobierno Estatal programa de Alfabetizaci\u00f3n para el Bienestar en San Pedro Pochutla"}]},{"@type":"WebSite","@id":"https:\/\/www.bbmnoticias.com\/labravaradiofm\/#website","url":"https:\/\/www.bbmnoticias.com\/labravaradiofm\/","name":"LA BRAVA RADIO","description":"Empresa productora de medios, Radiodifusi\u00f3n, Noticias, tendencias y todo lo que necesitas saber de la pol\u00edtica mexicana e internacional; entretenimiento, espect\u00e1culos, salud y mucho m\u00e1s.","potentialAction":[{"@type":"SearchAction","target":{"@type":"EntryPoint","urlTemplate":"https:\/\/www.bbmnoticias.com\/labravaradiofm\/?s={search_term_string}"},"query-input":{"@type":"PropertyValueSpecification","valueRequired":true,"valueName":"search_term_string"}}],"inLanguage":"es"},{"@type":"Person","@id":"https:\/\/www.bbmnoticias.com\/labravaradiofm\/#\/schema\/person\/34b139c617a70ea5bef5678bffe4dd7b","name":"Staff","image":{"@type":"ImageObject","inLanguage":"es","@id":"https:\/\/secure.gravatar.com\/avatar\/fdd21ad66fd8b98c407f9dee5b5e588cfe7f0d8579ec20fa6527cd59bab7f0f0?s=96&d=mm&r=g","url":"https:\/\/secure.gravatar.com\/avatar\/fdd21ad66fd8b98c407f9dee5b5e588cfe7f0d8579ec20fa6527cd59bab7f0f0?s=96&d=mm&r=g","contentUrl":"https:\/\/secure.gravatar.com\/avatar\/fdd21ad66fd8b98c407f9dee5b5e588cfe7f0d8579ec20fa6527cd59bab7f0f0?s=96&d=mm&r=g","caption":"Staff"},"url":"https:\/\/www.bbmnoticias.com\/labravaradiofm\/author\/redaccion\/"}]}},"_links":{"self":[{"href":"https:\/\/www.bbmnoticias.com\/labravaradiofm\/wp-json\/wp\/v2\/posts\/27569","targetHints":{"allow":["GET"]}}],"collection":[{"href":"https:\/\/www.bbmnoticias.com\/labravaradiofm\/wp-json\/wp\/v2\/posts"}],"about":[{"href":"https:\/\/www.bbmnoticias.com\/labravaradiofm\/wp-json\/wp\/v2\/types\/post"}],"author":[{"embeddable":true,"href":"https:\/\/www.bbmnoticias.com\/labravaradiofm\/wp-json\/wp\/v2\/users\/2"}],"replies":[{"embeddable":true,"href":"https:\/\/www.bbmnoticias.com\/labravaradiofm\/wp-json\/wp\/v2\/comments?post=27569"}],"version-history":[{"count":0,"href":"https:\/\/www.bbmnoticias.com\/labravaradiofm\/wp-json\/wp\/v2\/posts\/27569\/revisions"}],"wp:featuredmedia":[{"embeddable":true,"href":"https:\/\/www.bbmnoticias.com\/labravaradiofm\/wp-json\/wp\/v2\/media\/27570"}],"wp:attachment":[{"href":"https:\/\/www.bbmnoticias.com\/labravaradiofm\/wp-json\/wp\/v2\/media?parent=27569"}],"wp:term":[{"taxonomy":"category","embeddable":true,"href":"https:\/\/www.bbmnoticias.com\/labravaradiofm\/wp-json\/wp\/v2\/categories?post=27569"},{"taxonomy":"post_tag","embeddable":true,"href":"https:\/\/www.bbmnoticias.com\/labravaradiofm\/wp-json\/wp\/v2\/tags?post=27569"}],"curies":[{"name":"wp","href":"https:\/\/api.w.org\/{rel}","templated":true}]}}