{"id":27554,"date":"2023-05-19T18:09:59","date_gmt":"2023-05-20T00:09:59","guid":{"rendered":"https:\/\/www.bbmnoticias.com\/labravaradiofm\/?p=27554"},"modified":"2023-05-19T18:10:00","modified_gmt":"2023-05-20T00:10:00","slug":"aeronaves-oficiales-cumplen-funcion-social-ante-emergencias-en-oaxaca","status":"publish","type":"post","link":"https:\/\/www.bbmnoticias.com\/labravaradiofm\/2023\/05\/19\/aeronaves-oficiales-cumplen-funcion-social-ante-emergencias-en-oaxaca\/","title":{"rendered":"Aeronaves oficiales cumplen funci\u00f3n social ante emergencias en Oaxaca"},"content":{"rendered":"<div style=\"margin-top: 0px; margin-bottom: 0px;\" class=\"sharethis-inline-share-buttons\" ><\/div>\n<p><strong>Santa Cruz Xoxocotl\u00e1n, Oax. 19 de mayo del 2023<\/strong>.- La Direcci\u00f3n General del Hangar Oficial del Gobierno del Estado informa que del 12 al 19 de mayo ha realizado cinco traslados interhospitalarios y un vuelo de reconocimiento, en beneficio de la ciudadan\u00eda oaxaque\u00f1a, ello en coordinaci\u00f3n con los Servicios de Salud de Oaxaca (SSO) y la Comisi\u00f3n Estatal Forestal (Coesfo).<\/p>\n\n\n\n<p>A bordo del helic\u00f3ptero Bell 407, el pasado 12 de mayo, un paciente masculino reci\u00e9n nacido con dificultad respiratoria fue trasladado desde el municipio de Santiago Jamiltepec en la regi\u00f3n de la Costa al Hospital de la Ni\u00f1ez Oaxaque\u00f1a de San Bartolo Coyotepec en Valles Centrales.<\/p>\n\n\n\n<p>De acuerdo al director general del Hangar Oficial, Cuauht\u00e9moc Alm\u00e1zan estas acciones de servicio continuaron el 14 de mayo con una paciente de 6 a\u00f1os de edad con edema cerebral, quien fue referida en el helic\u00f3ptero Agusta, desde San Pedro Pochutla al Hospital General Doctor Aurelio Valdivieso en la ciudad de Oaxaca.<\/p>\n\n\n\n<p>De igual forma,en coordinaci\u00f3n con los SSO, se traslad\u00f3 a un paciente masculino de 45 a\u00f1os de edad, con diagn\u00f3stico de traumatismo craneoencef\u00e1lico severo, desde el Hospital General de Puerto Escondido al Hospital Cardiol\u00f3gico del Sureste en la capital oaxaque\u00f1a.<\/p>\n\n\n\n<p>El 17 de mayose sum\u00f3 un traslado m\u00e1s desde el municipio de Juchit\u00e1n de Zaragoza, se trat\u00f3 de un paciente masculino de 30 a\u00f1os de edad, con diagn\u00f3stico post operatorio de laparotom\u00eda e ileostom\u00eda, por lo que fue referido a cuidados intensivos del Hospital General Doctor Aurelio Valdivieso.<\/p>\n\n\n\n<p>Fue el 18 de mayo, cuando en coordinaci\u00f3n con la Coesfo se realiz\u00f3 una misi\u00f3n a bordo del helic\u00f3ptero Bell 407, con origen y ruta de la ciudad de Oaxaca de Ju\u00e1rez a Santo Domingo Zanatepec en la regi\u00f3n del Istmo para realizar el reconocimiento a la zona afectada por los incendios forestales en San Miguel Chimalapa.<\/p>\n\n\n\n<p>Finalmente, se realiz\u00f3 un traslado interhospitalario con solicitud de los SSO, desde Salina Cruz con destino al \u00e1rea de pediatr\u00eda del nosocomio Aurelio Valdivieso, se trat\u00f3 de una paciente de cinco meses de nacida, con diagn\u00f3stico de s\u00edndrome de dificultad respiratoria severa y neumon\u00eda, quien ya es atendida por especialistas.<\/p>\n\n\n\n<p>Es de esta manera como se cumple con la clara instrucci\u00f3n del Gobernador Salom\u00f3n Jara de poner a disposici\u00f3n del pueblo de Oaxaca la flota de aeronaves para atender a los sectores m\u00e1s desfavorecidos y que hab\u00edan sido rezagados de manera hist\u00f3rica.<\/p>\n","protected":false},"excerpt":{"rendered":"<p>Santa Cruz Xoxocotl\u00e1n, Oax. 19 de mayo del 2023.- La Direcci\u00f3n General del Hangar Oficial del Gobierno del Estado informa que del 12 al 19 de mayo ha realizado cinco traslados interhospitalarios y un vuelo de reconocimiento, en beneficio de la ciudadan\u00eda oaxaque\u00f1a, ello en coordinaci\u00f3n con los Servicios de Salud de Oaxaca (SSO) y [&hellip;]<\/p>\n","protected":false},"author":2,"featured_media":27555,"comment_status":"closed","ping_status":"closed","sticky":false,"template":"","format":"standard","meta":{"footnotes":""},"categories":[2],"tags":[],"class_list":{"0":"post-27554","1":"post","2":"type-post","3":"status-publish","4":"format-standard","5":"has-post-thumbnail","7":"category-oaxaca"},"yoast_head":"<!-- This site is optimized with the Yoast SEO plugin v27.4 - https:\/\/yoast.com\/product\/yoast-seo-wordpress\/ -->\n<title>Aeronaves oficiales cumplen funci\u00f3n social ante emergencias en Oaxaca - LA BRAVA RADIO<\/title>\n<meta name=\"robots\" content=\"index, follow, max-snippet:-1, max-image-preview:large, max-video-preview:-1\" \/>\n<link rel=\"canonical\" href=\"https:\/\/www.bbmnoticias.com\/labravaradiofm\/2023\/05\/19\/aeronaves-oficiales-cumplen-funcion-social-ante-emergencias-en-oaxaca\/\" \/>\n<meta property=\"og:locale\" content=\"es_MX\" \/>\n<meta property=\"og:type\" content=\"article\" \/>\n<meta property=\"og:title\" content=\"Aeronaves oficiales cumplen funci\u00f3n social ante emergencias en Oaxaca - LA BRAVA RADIO\" \/>\n<meta property=\"og:description\" content=\"Santa Cruz Xoxocotl\u00e1n, Oax. 19 de mayo del 2023.- La Direcci\u00f3n General del Hangar Oficial del Gobierno del Estado informa que del 12 al 19 de mayo ha realizado cinco traslados interhospitalarios y un vuelo de reconocimiento, en beneficio de la ciudadan\u00eda oaxaque\u00f1a, ello en coordinaci\u00f3n con los Servicios de Salud de Oaxaca (SSO) y [&hellip;]\" \/>\n<meta property=\"og:url\" content=\"https:\/\/www.bbmnoticias.com\/labravaradiofm\/2023\/05\/19\/aeronaves-oficiales-cumplen-funcion-social-ante-emergencias-en-oaxaca\/\" \/>\n<meta property=\"og:site_name\" content=\"LA BRAVA RADIO\" \/>\n<meta property=\"article:published_time\" content=\"2023-05-20T00:09:59+00:00\" \/>\n<meta property=\"article:modified_time\" content=\"2023-05-20T00:10:00+00:00\" \/>\n<meta property=\"og:image\" content=\"https:\/\/www.bbmnoticias.com\/labravaradiofm\/wp-content\/uploads\/sites\/5\/2023\/05\/aeronaves_oficiales.jpg\" \/>\n\t<meta property=\"og:image:width\" content=\"1024\" \/>\n\t<meta property=\"og:image:height\" content=\"683\" \/>\n\t<meta property=\"og:image:type\" content=\"image\/jpeg\" \/>\n<meta name=\"author\" content=\"Staff\" \/>\n<meta name=\"twitter:card\" content=\"summary_large_image\" \/>\n<meta name=\"twitter:label1\" content=\"Escrito por\" \/>\n\t<meta name=\"twitter:data1\" content=\"Staff\" \/>\n\t<meta name=\"twitter:label2\" content=\"Tiempo de lectura\" \/>\n\t<meta name=\"twitter:data2\" content=\"2 minutos\" \/>\n<script type=\"application\/ld+json\" class=\"yoast-schema-graph\">{\"@context\":\"https:\\\/\\\/schema.org\",\"@graph\":[{\"@type\":\"Article\",\"@id\":\"https:\\\/\\\/www.bbmnoticias.com\\\/labravaradiofm\\\/2023\\\/05\\\/19\\\/aeronaves-oficiales-cumplen-funcion-social-ante-emergencias-en-oaxaca\\\/#article\",\"isPartOf\":{\"@id\":\"https:\\\/\\\/www.bbmnoticias.com\\\/labravaradiofm\\\/2023\\\/05\\\/19\\\/aeronaves-oficiales-cumplen-funcion-social-ante-emergencias-en-oaxaca\\\/\"},\"author\":{\"name\":\"Staff\",\"@id\":\"https:\\\/\\\/www.bbmnoticias.com\\\/labravaradiofm\\\/#\\\/schema\\\/person\\\/34b139c617a70ea5bef5678bffe4dd7b\"},\"headline\":\"Aeronaves oficiales cumplen funci\u00f3n social ante emergencias en Oaxaca\",\"datePublished\":\"2023-05-20T00:09:59+00:00\",\"dateModified\":\"2023-05-20T00:10:00+00:00\",\"mainEntityOfPage\":{\"@id\":\"https:\\\/\\\/www.bbmnoticias.com\\\/labravaradiofm\\\/2023\\\/05\\\/19\\\/aeronaves-oficiales-cumplen-funcion-social-ante-emergencias-en-oaxaca\\\/\"},\"wordCount\":436,\"image\":{\"@id\":\"https:\\\/\\\/www.bbmnoticias.com\\\/labravaradiofm\\\/2023\\\/05\\\/19\\\/aeronaves-oficiales-cumplen-funcion-social-ante-emergencias-en-oaxaca\\\/#primaryimage\"},\"thumbnailUrl\":\"https:\\\/\\\/www.bbmnoticias.com\\\/labravaradiofm\\\/wp-content\\\/uploads\\\/sites\\\/5\\\/2023\\\/05\\\/aeronaves_oficiales.jpg\",\"articleSection\":[\"LOCAL\"],\"inLanguage\":\"es\"},{\"@type\":\"WebPage\",\"@id\":\"https:\\\/\\\/www.bbmnoticias.com\\\/labravaradiofm\\\/2023\\\/05\\\/19\\\/aeronaves-oficiales-cumplen-funcion-social-ante-emergencias-en-oaxaca\\\/\",\"url\":\"https:\\\/\\\/www.bbmnoticias.com\\\/labravaradiofm\\\/2023\\\/05\\\/19\\\/aeronaves-oficiales-cumplen-funcion-social-ante-emergencias-en-oaxaca\\\/\",\"name\":\"Aeronaves oficiales cumplen funci\u00f3n social ante emergencias en Oaxaca - LA BRAVA RADIO\",\"isPartOf\":{\"@id\":\"https:\\\/\\\/www.bbmnoticias.com\\\/labravaradiofm\\\/#website\"},\"primaryImageOfPage\":{\"@id\":\"https:\\\/\\\/www.bbmnoticias.com\\\/labravaradiofm\\\/2023\\\/05\\\/19\\\/aeronaves-oficiales-cumplen-funcion-social-ante-emergencias-en-oaxaca\\\/#primaryimage\"},\"image\":{\"@id\":\"https:\\\/\\\/www.bbmnoticias.com\\\/labravaradiofm\\\/2023\\\/05\\\/19\\\/aeronaves-oficiales-cumplen-funcion-social-ante-emergencias-en-oaxaca\\\/#primaryimage\"},\"thumbnailUrl\":\"https:\\\/\\\/www.bbmnoticias.com\\\/labravaradiofm\\\/wp-content\\\/uploads\\\/sites\\\/5\\\/2023\\\/05\\\/aeronaves_oficiales.jpg\",\"datePublished\":\"2023-05-20T00:09:59+00:00\",\"dateModified\":\"2023-05-20T00:10:00+00:00\",\"author\":{\"@id\":\"https:\\\/\\\/www.bbmnoticias.com\\\/labravaradiofm\\\/#\\\/schema\\\/person\\\/34b139c617a70ea5bef5678bffe4dd7b\"},\"breadcrumb\":{\"@id\":\"https:\\\/\\\/www.bbmnoticias.com\\\/labravaradiofm\\\/2023\\\/05\\\/19\\\/aeronaves-oficiales-cumplen-funcion-social-ante-emergencias-en-oaxaca\\\/#breadcrumb\"},\"inLanguage\":\"es\",\"potentialAction\":[{\"@type\":\"ReadAction\",\"target\":[\"https:\\\/\\\/www.bbmnoticias.com\\\/labravaradiofm\\\/2023\\\/05\\\/19\\\/aeronaves-oficiales-cumplen-funcion-social-ante-emergencias-en-oaxaca\\\/\"]}]},{\"@type\":\"ImageObject\",\"inLanguage\":\"es\",\"@id\":\"https:\\\/\\\/www.bbmnoticias.com\\\/labravaradiofm\\\/2023\\\/05\\\/19\\\/aeronaves-oficiales-cumplen-funcion-social-ante-emergencias-en-oaxaca\\\/#primaryimage\",\"url\":\"https:\\\/\\\/www.bbmnoticias.com\\\/labravaradiofm\\\/wp-content\\\/uploads\\\/sites\\\/5\\\/2023\\\/05\\\/aeronaves_oficiales.jpg\",\"contentUrl\":\"https:\\\/\\\/www.bbmnoticias.com\\\/labravaradiofm\\\/wp-content\\\/uploads\\\/sites\\\/5\\\/2023\\\/05\\\/aeronaves_oficiales.jpg\",\"width\":1024,\"height\":683},{\"@type\":\"BreadcrumbList\",\"@id\":\"https:\\\/\\\/www.bbmnoticias.com\\\/labravaradiofm\\\/2023\\\/05\\\/19\\\/aeronaves-oficiales-cumplen-funcion-social-ante-emergencias-en-oaxaca\\\/#breadcrumb\",\"itemListElement\":[{\"@type\":\"ListItem\",\"position\":1,\"name\":\"Inicio\",\"item\":\"https:\\\/\\\/www.bbmnoticias.com\\\/labravaradiofm\\\/\"},{\"@type\":\"ListItem\",\"position\":2,\"name\":\"Aeronaves oficiales cumplen funci\u00f3n social ante emergencias en Oaxaca\"}]},{\"@type\":\"WebSite\",\"@id\":\"https:\\\/\\\/www.bbmnoticias.com\\\/labravaradiofm\\\/#website\",\"url\":\"https:\\\/\\\/www.bbmnoticias.com\\\/labravaradiofm\\\/\",\"name\":\"LA BRAVA RADIO\",\"description\":\"Empresa productora de medios, Radiodifusi\u00f3n, Noticias, tendencias y todo lo que necesitas saber de la pol\u00edtica mexicana e internacional; entretenimiento, espect\u00e1culos, salud y mucho m\u00e1s.\",\"potentialAction\":[{\"@type\":\"SearchAction\",\"target\":{\"@type\":\"EntryPoint\",\"urlTemplate\":\"https:\\\/\\\/www.bbmnoticias.com\\\/labravaradiofm\\\/?s={search_term_string}\"},\"query-input\":{\"@type\":\"PropertyValueSpecification\",\"valueRequired\":true,\"valueName\":\"search_term_string\"}}],\"inLanguage\":\"es\"},{\"@type\":\"Person\",\"@id\":\"https:\\\/\\\/www.bbmnoticias.com\\\/labravaradiofm\\\/#\\\/schema\\\/person\\\/34b139c617a70ea5bef5678bffe4dd7b\",\"name\":\"Staff\",\"image\":{\"@type\":\"ImageObject\",\"inLanguage\":\"es\",\"@id\":\"https:\\\/\\\/secure.gravatar.com\\\/avatar\\\/fdd21ad66fd8b98c407f9dee5b5e588cfe7f0d8579ec20fa6527cd59bab7f0f0?s=96&d=mm&r=g\",\"url\":\"https:\\\/\\\/secure.gravatar.com\\\/avatar\\\/fdd21ad66fd8b98c407f9dee5b5e588cfe7f0d8579ec20fa6527cd59bab7f0f0?s=96&d=mm&r=g\",\"contentUrl\":\"https:\\\/\\\/secure.gravatar.com\\\/avatar\\\/fdd21ad66fd8b98c407f9dee5b5e588cfe7f0d8579ec20fa6527cd59bab7f0f0?s=96&d=mm&r=g\",\"caption\":\"Staff\"},\"url\":\"https:\\\/\\\/www.bbmnoticias.com\\\/labravaradiofm\\\/author\\\/redaccion\\\/\"}]}<\/script>\n<!-- \/ Yoast SEO plugin. -->","yoast_head_json":{"title":"Aeronaves oficiales cumplen funci\u00f3n social ante emergencias en Oaxaca - LA BRAVA RADIO","robots":{"index":"index","follow":"follow","max-snippet":"max-snippet:-1","max-image-preview":"max-image-preview:large","max-video-preview":"max-video-preview:-1"},"canonical":"https:\/\/www.bbmnoticias.com\/labravaradiofm\/2023\/05\/19\/aeronaves-oficiales-cumplen-funcion-social-ante-emergencias-en-oaxaca\/","og_locale":"es_MX","og_type":"article","og_title":"Aeronaves oficiales cumplen funci\u00f3n social ante emergencias en Oaxaca - LA BRAVA RADIO","og_description":"Santa Cruz Xoxocotl\u00e1n, Oax. 19 de mayo del 2023.- La Direcci\u00f3n General del Hangar Oficial del Gobierno del Estado informa que del 12 al 19 de mayo ha realizado cinco traslados interhospitalarios y un vuelo de reconocimiento, en beneficio de la ciudadan\u00eda oaxaque\u00f1a, ello en coordinaci\u00f3n con los Servicios de Salud de Oaxaca (SSO) y [&hellip;]","og_url":"https:\/\/www.bbmnoticias.com\/labravaradiofm\/2023\/05\/19\/aeronaves-oficiales-cumplen-funcion-social-ante-emergencias-en-oaxaca\/","og_site_name":"LA BRAVA RADIO","article_published_time":"2023-05-20T00:09:59+00:00","article_modified_time":"2023-05-20T00:10:00+00:00","og_image":[{"width":1024,"height":683,"url":"https:\/\/www.bbmnoticias.com\/labravaradiofm\/wp-content\/uploads\/sites\/5\/2023\/05\/aeronaves_oficiales.jpg","type":"image\/jpeg"}],"author":"Staff","twitter_card":"summary_large_image","twitter_misc":{"Escrito por":"Staff","Tiempo de lectura":"2 minutos"},"schema":{"@context":"https:\/\/schema.org","@graph":[{"@type":"Article","@id":"https:\/\/www.bbmnoticias.com\/labravaradiofm\/2023\/05\/19\/aeronaves-oficiales-cumplen-funcion-social-ante-emergencias-en-oaxaca\/#article","isPartOf":{"@id":"https:\/\/www.bbmnoticias.com\/labravaradiofm\/2023\/05\/19\/aeronaves-oficiales-cumplen-funcion-social-ante-emergencias-en-oaxaca\/"},"author":{"name":"Staff","@id":"https:\/\/www.bbmnoticias.com\/labravaradiofm\/#\/schema\/person\/34b139c617a70ea5bef5678bffe4dd7b"},"headline":"Aeronaves oficiales cumplen funci\u00f3n social ante emergencias en Oaxaca","datePublished":"2023-05-20T00:09:59+00:00","dateModified":"2023-05-20T00:10:00+00:00","mainEntityOfPage":{"@id":"https:\/\/www.bbmnoticias.com\/labravaradiofm\/2023\/05\/19\/aeronaves-oficiales-cumplen-funcion-social-ante-emergencias-en-oaxaca\/"},"wordCount":436,"image":{"@id":"https:\/\/www.bbmnoticias.com\/labravaradiofm\/2023\/05\/19\/aeronaves-oficiales-cumplen-funcion-social-ante-emergencias-en-oaxaca\/#primaryimage"},"thumbnailUrl":"https:\/\/www.bbmnoticias.com\/labravaradiofm\/wp-content\/uploads\/sites\/5\/2023\/05\/aeronaves_oficiales.jpg","articleSection":["LOCAL"],"inLanguage":"es"},{"@type":"WebPage","@id":"https:\/\/www.bbmnoticias.com\/labravaradiofm\/2023\/05\/19\/aeronaves-oficiales-cumplen-funcion-social-ante-emergencias-en-oaxaca\/","url":"https:\/\/www.bbmnoticias.com\/labravaradiofm\/2023\/05\/19\/aeronaves-oficiales-cumplen-funcion-social-ante-emergencias-en-oaxaca\/","name":"Aeronaves oficiales cumplen funci\u00f3n social ante emergencias en Oaxaca - LA BRAVA RADIO","isPartOf":{"@id":"https:\/\/www.bbmnoticias.com\/labravaradiofm\/#website"},"primaryImageOfPage":{"@id":"https:\/\/www.bbmnoticias.com\/labravaradiofm\/2023\/05\/19\/aeronaves-oficiales-cumplen-funcion-social-ante-emergencias-en-oaxaca\/#primaryimage"},"image":{"@id":"https:\/\/www.bbmnoticias.com\/labravaradiofm\/2023\/05\/19\/aeronaves-oficiales-cumplen-funcion-social-ante-emergencias-en-oaxaca\/#primaryimage"},"thumbnailUrl":"https:\/\/www.bbmnoticias.com\/labravaradiofm\/wp-content\/uploads\/sites\/5\/2023\/05\/aeronaves_oficiales.jpg","datePublished":"2023-05-20T00:09:59+00:00","dateModified":"2023-05-20T00:10:00+00:00","author":{"@id":"https:\/\/www.bbmnoticias.com\/labravaradiofm\/#\/schema\/person\/34b139c617a70ea5bef5678bffe4dd7b"},"breadcrumb":{"@id":"https:\/\/www.bbmnoticias.com\/labravaradiofm\/2023\/05\/19\/aeronaves-oficiales-cumplen-funcion-social-ante-emergencias-en-oaxaca\/#breadcrumb"},"inLanguage":"es","potentialAction":[{"@type":"ReadAction","target":["https:\/\/www.bbmnoticias.com\/labravaradiofm\/2023\/05\/19\/aeronaves-oficiales-cumplen-funcion-social-ante-emergencias-en-oaxaca\/"]}]},{"@type":"ImageObject","inLanguage":"es","@id":"https:\/\/www.bbmnoticias.com\/labravaradiofm\/2023\/05\/19\/aeronaves-oficiales-cumplen-funcion-social-ante-emergencias-en-oaxaca\/#primaryimage","url":"https:\/\/www.bbmnoticias.com\/labravaradiofm\/wp-content\/uploads\/sites\/5\/2023\/05\/aeronaves_oficiales.jpg","contentUrl":"https:\/\/www.bbmnoticias.com\/labravaradiofm\/wp-content\/uploads\/sites\/5\/2023\/05\/aeronaves_oficiales.jpg","width":1024,"height":683},{"@type":"BreadcrumbList","@id":"https:\/\/www.bbmnoticias.com\/labravaradiofm\/2023\/05\/19\/aeronaves-oficiales-cumplen-funcion-social-ante-emergencias-en-oaxaca\/#breadcrumb","itemListElement":[{"@type":"ListItem","position":1,"name":"Inicio","item":"https:\/\/www.bbmnoticias.com\/labravaradiofm\/"},{"@type":"ListItem","position":2,"name":"Aeronaves oficiales cumplen funci\u00f3n social ante emergencias en Oaxaca"}]},{"@type":"WebSite","@id":"https:\/\/www.bbmnoticias.com\/labravaradiofm\/#website","url":"https:\/\/www.bbmnoticias.com\/labravaradiofm\/","name":"LA BRAVA RADIO","description":"Empresa productora de medios, Radiodifusi\u00f3n, Noticias, tendencias y todo lo que necesitas saber de la pol\u00edtica mexicana e internacional; entretenimiento, espect\u00e1culos, salud y mucho m\u00e1s.","potentialAction":[{"@type":"SearchAction","target":{"@type":"EntryPoint","urlTemplate":"https:\/\/www.bbmnoticias.com\/labravaradiofm\/?s={search_term_string}"},"query-input":{"@type":"PropertyValueSpecification","valueRequired":true,"valueName":"search_term_string"}}],"inLanguage":"es"},{"@type":"Person","@id":"https:\/\/www.bbmnoticias.com\/labravaradiofm\/#\/schema\/person\/34b139c617a70ea5bef5678bffe4dd7b","name":"Staff","image":{"@type":"ImageObject","inLanguage":"es","@id":"https:\/\/secure.gravatar.com\/avatar\/fdd21ad66fd8b98c407f9dee5b5e588cfe7f0d8579ec20fa6527cd59bab7f0f0?s=96&d=mm&r=g","url":"https:\/\/secure.gravatar.com\/avatar\/fdd21ad66fd8b98c407f9dee5b5e588cfe7f0d8579ec20fa6527cd59bab7f0f0?s=96&d=mm&r=g","contentUrl":"https:\/\/secure.gravatar.com\/avatar\/fdd21ad66fd8b98c407f9dee5b5e588cfe7f0d8579ec20fa6527cd59bab7f0f0?s=96&d=mm&r=g","caption":"Staff"},"url":"https:\/\/www.bbmnoticias.com\/labravaradiofm\/author\/redaccion\/"}]}},"_links":{"self":[{"href":"https:\/\/www.bbmnoticias.com\/labravaradiofm\/wp-json\/wp\/v2\/posts\/27554","targetHints":{"allow":["GET"]}}],"collection":[{"href":"https:\/\/www.bbmnoticias.com\/labravaradiofm\/wp-json\/wp\/v2\/posts"}],"about":[{"href":"https:\/\/www.bbmnoticias.com\/labravaradiofm\/wp-json\/wp\/v2\/types\/post"}],"author":[{"embeddable":true,"href":"https:\/\/www.bbmnoticias.com\/labravaradiofm\/wp-json\/wp\/v2\/users\/2"}],"replies":[{"embeddable":true,"href":"https:\/\/www.bbmnoticias.com\/labravaradiofm\/wp-json\/wp\/v2\/comments?post=27554"}],"version-history":[{"count":0,"href":"https:\/\/www.bbmnoticias.com\/labravaradiofm\/wp-json\/wp\/v2\/posts\/27554\/revisions"}],"wp:featuredmedia":[{"embeddable":true,"href":"https:\/\/www.bbmnoticias.com\/labravaradiofm\/wp-json\/wp\/v2\/media\/27555"}],"wp:attachment":[{"href":"https:\/\/www.bbmnoticias.com\/labravaradiofm\/wp-json\/wp\/v2\/media?parent=27554"}],"wp:term":[{"taxonomy":"category","embeddable":true,"href":"https:\/\/www.bbmnoticias.com\/labravaradiofm\/wp-json\/wp\/v2\/categories?post=27554"},{"taxonomy":"post_tag","embeddable":true,"href":"https:\/\/www.bbmnoticias.com\/labravaradiofm\/wp-json\/wp\/v2\/tags?post=27554"}],"curies":[{"name":"wp","href":"https:\/\/api.w.org\/{rel}","templated":true}]}}