{"id":26599,"date":"2023-04-24T12:34:37","date_gmt":"2023-04-24T18:34:37","guid":{"rendered":"https:\/\/www.bbmnoticias.com\/labravaradiofm\/?p=26599"},"modified":"2023-04-24T12:34:38","modified_gmt":"2023-04-24T18:34:38","slug":"se-cierra-el-basurero-clandestino-de-la-capital-confirma-el-gobernador-jara","status":"publish","type":"post","link":"https:\/\/www.bbmnoticias.com\/labravaradiofm\/2023\/04\/24\/se-cierra-el-basurero-clandestino-de-la-capital-confirma-el-gobernador-jara\/","title":{"rendered":"Se cierra el basurero clandestino de la capital, confirma el gobernador Jara"},"content":{"rendered":"<div style=\"margin-top: 0px; margin-bottom: 0px;\" class=\"sharethis-inline-share-buttons\" ><\/div>\n<p><strong>Oaxaca, Oax.- <\/strong>Ya se encuentra cerrado el basurero clandestino de Riberas del R\u00edo Atoyac, asegur\u00f3 el gobernador Salomon Jara Cruz.<\/p>\n\n\n\n<p>En conferencia de prensa, el mandatario estatal inform\u00f3 que ya fue cerrado dicho espacio, y que el siguiente paso es realizar la limpieza en ese punto de la capital oaxaque\u00f1a.<\/p>\n\n\n\n<p>Detall\u00f3 que luego de las lluvias de hace algunos d\u00edas, el r\u00edo se llev\u00f3 parte de la basura, lo que permiti\u00f3 un poco de limpieza en la zona, por lo que ahora corresponde al personal correspondiente retirar la basura sobrante.<\/p>\n\n\n\n<p>Sin embargo, dijo que en estos momentos ya no se est\u00e1 permitiendo que se siga tirando m\u00e1s basura.<\/p>\n\n\n\n<p>Reconoci\u00f3 que en estos momentos hay mucha resistencia del sindicato que tiraba la basura en ese punto, quienes estaban haciendo negocios, lo cual ya no van a permitir.<\/p>\n\n\n\n<p>En ese sentido, espera que en pr\u00f3ximas semanas se realice la limpieza de este punto y de inicien los trabajos de desasolve del R\u00edo Atoyac.<\/p>\n\n\n\n<p>Con respecto al Centro de Residuos, inform\u00f3 que se va avanzando y que aunque han encontrado resistencia, se va a piner en marcha.<\/p>\n\n\n\n<p>Reiter\u00f3 que ha sido el edil de Mitla, Luis Alberto Olivera, quien se ha encargado de generar desestabilidad, pese a que no hay afectaciones al municipio, finaliz\u00f3.<\/p>\n","protected":false},"excerpt":{"rendered":"<p>Oaxaca, Oax.- Ya se encuentra cerrado el basurero clandestino de Riberas del R\u00edo Atoyac, asegur\u00f3 el gobernador Salomon Jara Cruz. En conferencia de prensa, el mandatario estatal inform\u00f3 que ya fue cerrado dicho espacio, y que el siguiente paso es realizar la limpieza en ese punto de la capital oaxaque\u00f1a. Detall\u00f3 que luego de las [&hellip;]<\/p>\n","protected":false},"author":7,"featured_media":26600,"comment_status":"closed","ping_status":"closed","sticky":false,"template":"","format":"standard","meta":{"footnotes":""},"categories":[2],"tags":[],"class_list":{"0":"post-26599","1":"post","2":"type-post","3":"status-publish","4":"format-standard","5":"has-post-thumbnail","7":"category-oaxaca"},"yoast_head":"<!-- This site is optimized with the Yoast SEO plugin v27.4 - https:\/\/yoast.com\/product\/yoast-seo-wordpress\/ -->\n<title>Se cierra el basurero clandestino de la capital, confirma el gobernador Jara - LA BRAVA RADIO<\/title>\n<meta name=\"robots\" content=\"index, follow, max-snippet:-1, max-image-preview:large, max-video-preview:-1\" \/>\n<link rel=\"canonical\" href=\"https:\/\/www.bbmnoticias.com\/labravaradiofm\/2023\/04\/24\/se-cierra-el-basurero-clandestino-de-la-capital-confirma-el-gobernador-jara\/\" \/>\n<meta property=\"og:locale\" content=\"es_MX\" \/>\n<meta property=\"og:type\" content=\"article\" \/>\n<meta property=\"og:title\" content=\"Se cierra el basurero clandestino de la capital, confirma el gobernador Jara - LA BRAVA RADIO\" \/>\n<meta property=\"og:description\" content=\"Oaxaca, Oax.- Ya se encuentra cerrado el basurero clandestino de Riberas del R\u00edo Atoyac, asegur\u00f3 el gobernador Salomon Jara Cruz. En conferencia de prensa, el mandatario estatal inform\u00f3 que ya fue cerrado dicho espacio, y que el siguiente paso es realizar la limpieza en ese punto de la capital oaxaque\u00f1a. Detall\u00f3 que luego de las [&hellip;]\" \/>\n<meta property=\"og:url\" content=\"https:\/\/www.bbmnoticias.com\/labravaradiofm\/2023\/04\/24\/se-cierra-el-basurero-clandestino-de-la-capital-confirma-el-gobernador-jara\/\" \/>\n<meta property=\"og:site_name\" content=\"LA BRAVA RADIO\" \/>\n<meta property=\"article:published_time\" content=\"2023-04-24T18:34:37+00:00\" \/>\n<meta property=\"article:modified_time\" content=\"2023-04-24T18:34:38+00:00\" \/>\n<meta property=\"og:image\" content=\"https:\/\/www.bbmnoticias.com\/labravaradiofm\/wp-content\/uploads\/sites\/5\/2023\/04\/sjc-basurero.jpg\" \/>\n\t<meta property=\"og:image:width\" content=\"954\" \/>\n\t<meta property=\"og:image:height\" content=\"532\" \/>\n\t<meta property=\"og:image:type\" content=\"image\/jpeg\" \/>\n<meta name=\"author\" content=\"Cuarta Plana\" \/>\n<meta name=\"twitter:card\" content=\"summary_large_image\" \/>\n<meta name=\"twitter:label1\" content=\"Escrito por\" \/>\n\t<meta name=\"twitter:data1\" content=\"Cuarta Plana\" \/>\n\t<meta name=\"twitter:label2\" content=\"Tiempo de lectura\" \/>\n\t<meta name=\"twitter:data2\" content=\"1 minuto\" \/>\n<script type=\"application\/ld+json\" class=\"yoast-schema-graph\">{\"@context\":\"https:\\\/\\\/schema.org\",\"@graph\":[{\"@type\":\"Article\",\"@id\":\"https:\\\/\\\/www.bbmnoticias.com\\\/labravaradiofm\\\/2023\\\/04\\\/24\\\/se-cierra-el-basurero-clandestino-de-la-capital-confirma-el-gobernador-jara\\\/#article\",\"isPartOf\":{\"@id\":\"https:\\\/\\\/www.bbmnoticias.com\\\/labravaradiofm\\\/2023\\\/04\\\/24\\\/se-cierra-el-basurero-clandestino-de-la-capital-confirma-el-gobernador-jara\\\/\"},\"author\":{\"name\":\"Cuarta Plana\",\"@id\":\"https:\\\/\\\/www.bbmnoticias.com\\\/labravaradiofm\\\/#\\\/schema\\\/person\\\/06701593a16bd7e2ef8a61c905892f7b\"},\"headline\":\"Se cierra el basurero clandestino de la capital, confirma el gobernador Jara\",\"datePublished\":\"2023-04-24T18:34:37+00:00\",\"dateModified\":\"2023-04-24T18:34:38+00:00\",\"mainEntityOfPage\":{\"@id\":\"https:\\\/\\\/www.bbmnoticias.com\\\/labravaradiofm\\\/2023\\\/04\\\/24\\\/se-cierra-el-basurero-clandestino-de-la-capital-confirma-el-gobernador-jara\\\/\"},\"wordCount\":231,\"image\":{\"@id\":\"https:\\\/\\\/www.bbmnoticias.com\\\/labravaradiofm\\\/2023\\\/04\\\/24\\\/se-cierra-el-basurero-clandestino-de-la-capital-confirma-el-gobernador-jara\\\/#primaryimage\"},\"thumbnailUrl\":\"https:\\\/\\\/www.bbmnoticias.com\\\/labravaradiofm\\\/wp-content\\\/uploads\\\/sites\\\/5\\\/2023\\\/04\\\/sjc-basurero.jpg\",\"articleSection\":[\"LOCAL\"],\"inLanguage\":\"es\"},{\"@type\":\"WebPage\",\"@id\":\"https:\\\/\\\/www.bbmnoticias.com\\\/labravaradiofm\\\/2023\\\/04\\\/24\\\/se-cierra-el-basurero-clandestino-de-la-capital-confirma-el-gobernador-jara\\\/\",\"url\":\"https:\\\/\\\/www.bbmnoticias.com\\\/labravaradiofm\\\/2023\\\/04\\\/24\\\/se-cierra-el-basurero-clandestino-de-la-capital-confirma-el-gobernador-jara\\\/\",\"name\":\"Se cierra el basurero clandestino de la capital, confirma el gobernador Jara - LA BRAVA RADIO\",\"isPartOf\":{\"@id\":\"https:\\\/\\\/www.bbmnoticias.com\\\/labravaradiofm\\\/#website\"},\"primaryImageOfPage\":{\"@id\":\"https:\\\/\\\/www.bbmnoticias.com\\\/labravaradiofm\\\/2023\\\/04\\\/24\\\/se-cierra-el-basurero-clandestino-de-la-capital-confirma-el-gobernador-jara\\\/#primaryimage\"},\"image\":{\"@id\":\"https:\\\/\\\/www.bbmnoticias.com\\\/labravaradiofm\\\/2023\\\/04\\\/24\\\/se-cierra-el-basurero-clandestino-de-la-capital-confirma-el-gobernador-jara\\\/#primaryimage\"},\"thumbnailUrl\":\"https:\\\/\\\/www.bbmnoticias.com\\\/labravaradiofm\\\/wp-content\\\/uploads\\\/sites\\\/5\\\/2023\\\/04\\\/sjc-basurero.jpg\",\"datePublished\":\"2023-04-24T18:34:37+00:00\",\"dateModified\":\"2023-04-24T18:34:38+00:00\",\"author\":{\"@id\":\"https:\\\/\\\/www.bbmnoticias.com\\\/labravaradiofm\\\/#\\\/schema\\\/person\\\/06701593a16bd7e2ef8a61c905892f7b\"},\"breadcrumb\":{\"@id\":\"https:\\\/\\\/www.bbmnoticias.com\\\/labravaradiofm\\\/2023\\\/04\\\/24\\\/se-cierra-el-basurero-clandestino-de-la-capital-confirma-el-gobernador-jara\\\/#breadcrumb\"},\"inLanguage\":\"es\",\"potentialAction\":[{\"@type\":\"ReadAction\",\"target\":[\"https:\\\/\\\/www.bbmnoticias.com\\\/labravaradiofm\\\/2023\\\/04\\\/24\\\/se-cierra-el-basurero-clandestino-de-la-capital-confirma-el-gobernador-jara\\\/\"]}]},{\"@type\":\"ImageObject\",\"inLanguage\":\"es\",\"@id\":\"https:\\\/\\\/www.bbmnoticias.com\\\/labravaradiofm\\\/2023\\\/04\\\/24\\\/se-cierra-el-basurero-clandestino-de-la-capital-confirma-el-gobernador-jara\\\/#primaryimage\",\"url\":\"https:\\\/\\\/www.bbmnoticias.com\\\/labravaradiofm\\\/wp-content\\\/uploads\\\/sites\\\/5\\\/2023\\\/04\\\/sjc-basurero.jpg\",\"contentUrl\":\"https:\\\/\\\/www.bbmnoticias.com\\\/labravaradiofm\\\/wp-content\\\/uploads\\\/sites\\\/5\\\/2023\\\/04\\\/sjc-basurero.jpg\",\"width\":954,\"height\":532},{\"@type\":\"BreadcrumbList\",\"@id\":\"https:\\\/\\\/www.bbmnoticias.com\\\/labravaradiofm\\\/2023\\\/04\\\/24\\\/se-cierra-el-basurero-clandestino-de-la-capital-confirma-el-gobernador-jara\\\/#breadcrumb\",\"itemListElement\":[{\"@type\":\"ListItem\",\"position\":1,\"name\":\"Inicio\",\"item\":\"https:\\\/\\\/www.bbmnoticias.com\\\/labravaradiofm\\\/\"},{\"@type\":\"ListItem\",\"position\":2,\"name\":\"Se cierra el basurero clandestino de la capital, confirma el gobernador Jara\"}]},{\"@type\":\"WebSite\",\"@id\":\"https:\\\/\\\/www.bbmnoticias.com\\\/labravaradiofm\\\/#website\",\"url\":\"https:\\\/\\\/www.bbmnoticias.com\\\/labravaradiofm\\\/\",\"name\":\"LA BRAVA RADIO\",\"description\":\"Empresa productora de medios, Radiodifusi\u00f3n, Noticias, tendencias y todo lo que necesitas saber de la pol\u00edtica mexicana e internacional; entretenimiento, espect\u00e1culos, salud y mucho m\u00e1s.\",\"potentialAction\":[{\"@type\":\"SearchAction\",\"target\":{\"@type\":\"EntryPoint\",\"urlTemplate\":\"https:\\\/\\\/www.bbmnoticias.com\\\/labravaradiofm\\\/?s={search_term_string}\"},\"query-input\":{\"@type\":\"PropertyValueSpecification\",\"valueRequired\":true,\"valueName\":\"search_term_string\"}}],\"inLanguage\":\"es\"},{\"@type\":\"Person\",\"@id\":\"https:\\\/\\\/www.bbmnoticias.com\\\/labravaradiofm\\\/#\\\/schema\\\/person\\\/06701593a16bd7e2ef8a61c905892f7b\",\"name\":\"Cuarta Plana\",\"image\":{\"@type\":\"ImageObject\",\"inLanguage\":\"es\",\"@id\":\"https:\\\/\\\/secure.gravatar.com\\\/avatar\\\/569aeac3582b4864a79ffcd8468ada657f9c0cbf68c06542116f60dfa8c3c2d7?s=96&d=mm&r=g\",\"url\":\"https:\\\/\\\/secure.gravatar.com\\\/avatar\\\/569aeac3582b4864a79ffcd8468ada657f9c0cbf68c06542116f60dfa8c3c2d7?s=96&d=mm&r=g\",\"contentUrl\":\"https:\\\/\\\/secure.gravatar.com\\\/avatar\\\/569aeac3582b4864a79ffcd8468ada657f9c0cbf68c06542116f60dfa8c3c2d7?s=96&d=mm&r=g\",\"caption\":\"Cuarta Plana\"},\"url\":\"https:\\\/\\\/www.bbmnoticias.com\\\/labravaradiofm\\\/author\\\/cuartaplana\\\/\"}]}<\/script>\n<!-- \/ Yoast SEO plugin. -->","yoast_head_json":{"title":"Se cierra el basurero clandestino de la capital, confirma el gobernador Jara - LA BRAVA RADIO","robots":{"index":"index","follow":"follow","max-snippet":"max-snippet:-1","max-image-preview":"max-image-preview:large","max-video-preview":"max-video-preview:-1"},"canonical":"https:\/\/www.bbmnoticias.com\/labravaradiofm\/2023\/04\/24\/se-cierra-el-basurero-clandestino-de-la-capital-confirma-el-gobernador-jara\/","og_locale":"es_MX","og_type":"article","og_title":"Se cierra el basurero clandestino de la capital, confirma el gobernador Jara - LA BRAVA RADIO","og_description":"Oaxaca, Oax.- Ya se encuentra cerrado el basurero clandestino de Riberas del R\u00edo Atoyac, asegur\u00f3 el gobernador Salomon Jara Cruz. En conferencia de prensa, el mandatario estatal inform\u00f3 que ya fue cerrado dicho espacio, y que el siguiente paso es realizar la limpieza en ese punto de la capital oaxaque\u00f1a. Detall\u00f3 que luego de las [&hellip;]","og_url":"https:\/\/www.bbmnoticias.com\/labravaradiofm\/2023\/04\/24\/se-cierra-el-basurero-clandestino-de-la-capital-confirma-el-gobernador-jara\/","og_site_name":"LA BRAVA RADIO","article_published_time":"2023-04-24T18:34:37+00:00","article_modified_time":"2023-04-24T18:34:38+00:00","og_image":[{"width":954,"height":532,"url":"https:\/\/www.bbmnoticias.com\/labravaradiofm\/wp-content\/uploads\/sites\/5\/2023\/04\/sjc-basurero.jpg","type":"image\/jpeg"}],"author":"Cuarta Plana","twitter_card":"summary_large_image","twitter_misc":{"Escrito por":"Cuarta Plana","Tiempo de lectura":"1 minuto"},"schema":{"@context":"https:\/\/schema.org","@graph":[{"@type":"Article","@id":"https:\/\/www.bbmnoticias.com\/labravaradiofm\/2023\/04\/24\/se-cierra-el-basurero-clandestino-de-la-capital-confirma-el-gobernador-jara\/#article","isPartOf":{"@id":"https:\/\/www.bbmnoticias.com\/labravaradiofm\/2023\/04\/24\/se-cierra-el-basurero-clandestino-de-la-capital-confirma-el-gobernador-jara\/"},"author":{"name":"Cuarta Plana","@id":"https:\/\/www.bbmnoticias.com\/labravaradiofm\/#\/schema\/person\/06701593a16bd7e2ef8a61c905892f7b"},"headline":"Se cierra el basurero clandestino de la capital, confirma el gobernador Jara","datePublished":"2023-04-24T18:34:37+00:00","dateModified":"2023-04-24T18:34:38+00:00","mainEntityOfPage":{"@id":"https:\/\/www.bbmnoticias.com\/labravaradiofm\/2023\/04\/24\/se-cierra-el-basurero-clandestino-de-la-capital-confirma-el-gobernador-jara\/"},"wordCount":231,"image":{"@id":"https:\/\/www.bbmnoticias.com\/labravaradiofm\/2023\/04\/24\/se-cierra-el-basurero-clandestino-de-la-capital-confirma-el-gobernador-jara\/#primaryimage"},"thumbnailUrl":"https:\/\/www.bbmnoticias.com\/labravaradiofm\/wp-content\/uploads\/sites\/5\/2023\/04\/sjc-basurero.jpg","articleSection":["LOCAL"],"inLanguage":"es"},{"@type":"WebPage","@id":"https:\/\/www.bbmnoticias.com\/labravaradiofm\/2023\/04\/24\/se-cierra-el-basurero-clandestino-de-la-capital-confirma-el-gobernador-jara\/","url":"https:\/\/www.bbmnoticias.com\/labravaradiofm\/2023\/04\/24\/se-cierra-el-basurero-clandestino-de-la-capital-confirma-el-gobernador-jara\/","name":"Se cierra el basurero clandestino de la capital, confirma el gobernador Jara - LA BRAVA RADIO","isPartOf":{"@id":"https:\/\/www.bbmnoticias.com\/labravaradiofm\/#website"},"primaryImageOfPage":{"@id":"https:\/\/www.bbmnoticias.com\/labravaradiofm\/2023\/04\/24\/se-cierra-el-basurero-clandestino-de-la-capital-confirma-el-gobernador-jara\/#primaryimage"},"image":{"@id":"https:\/\/www.bbmnoticias.com\/labravaradiofm\/2023\/04\/24\/se-cierra-el-basurero-clandestino-de-la-capital-confirma-el-gobernador-jara\/#primaryimage"},"thumbnailUrl":"https:\/\/www.bbmnoticias.com\/labravaradiofm\/wp-content\/uploads\/sites\/5\/2023\/04\/sjc-basurero.jpg","datePublished":"2023-04-24T18:34:37+00:00","dateModified":"2023-04-24T18:34:38+00:00","author":{"@id":"https:\/\/www.bbmnoticias.com\/labravaradiofm\/#\/schema\/person\/06701593a16bd7e2ef8a61c905892f7b"},"breadcrumb":{"@id":"https:\/\/www.bbmnoticias.com\/labravaradiofm\/2023\/04\/24\/se-cierra-el-basurero-clandestino-de-la-capital-confirma-el-gobernador-jara\/#breadcrumb"},"inLanguage":"es","potentialAction":[{"@type":"ReadAction","target":["https:\/\/www.bbmnoticias.com\/labravaradiofm\/2023\/04\/24\/se-cierra-el-basurero-clandestino-de-la-capital-confirma-el-gobernador-jara\/"]}]},{"@type":"ImageObject","inLanguage":"es","@id":"https:\/\/www.bbmnoticias.com\/labravaradiofm\/2023\/04\/24\/se-cierra-el-basurero-clandestino-de-la-capital-confirma-el-gobernador-jara\/#primaryimage","url":"https:\/\/www.bbmnoticias.com\/labravaradiofm\/wp-content\/uploads\/sites\/5\/2023\/04\/sjc-basurero.jpg","contentUrl":"https:\/\/www.bbmnoticias.com\/labravaradiofm\/wp-content\/uploads\/sites\/5\/2023\/04\/sjc-basurero.jpg","width":954,"height":532},{"@type":"BreadcrumbList","@id":"https:\/\/www.bbmnoticias.com\/labravaradiofm\/2023\/04\/24\/se-cierra-el-basurero-clandestino-de-la-capital-confirma-el-gobernador-jara\/#breadcrumb","itemListElement":[{"@type":"ListItem","position":1,"name":"Inicio","item":"https:\/\/www.bbmnoticias.com\/labravaradiofm\/"},{"@type":"ListItem","position":2,"name":"Se cierra el basurero clandestino de la capital, confirma el gobernador Jara"}]},{"@type":"WebSite","@id":"https:\/\/www.bbmnoticias.com\/labravaradiofm\/#website","url":"https:\/\/www.bbmnoticias.com\/labravaradiofm\/","name":"LA BRAVA RADIO","description":"Empresa productora de medios, Radiodifusi\u00f3n, Noticias, tendencias y todo lo que necesitas saber de la pol\u00edtica mexicana e internacional; entretenimiento, espect\u00e1culos, salud y mucho m\u00e1s.","potentialAction":[{"@type":"SearchAction","target":{"@type":"EntryPoint","urlTemplate":"https:\/\/www.bbmnoticias.com\/labravaradiofm\/?s={search_term_string}"},"query-input":{"@type":"PropertyValueSpecification","valueRequired":true,"valueName":"search_term_string"}}],"inLanguage":"es"},{"@type":"Person","@id":"https:\/\/www.bbmnoticias.com\/labravaradiofm\/#\/schema\/person\/06701593a16bd7e2ef8a61c905892f7b","name":"Cuarta Plana","image":{"@type":"ImageObject","inLanguage":"es","@id":"https:\/\/secure.gravatar.com\/avatar\/569aeac3582b4864a79ffcd8468ada657f9c0cbf68c06542116f60dfa8c3c2d7?s=96&d=mm&r=g","url":"https:\/\/secure.gravatar.com\/avatar\/569aeac3582b4864a79ffcd8468ada657f9c0cbf68c06542116f60dfa8c3c2d7?s=96&d=mm&r=g","contentUrl":"https:\/\/secure.gravatar.com\/avatar\/569aeac3582b4864a79ffcd8468ada657f9c0cbf68c06542116f60dfa8c3c2d7?s=96&d=mm&r=g","caption":"Cuarta Plana"},"url":"https:\/\/www.bbmnoticias.com\/labravaradiofm\/author\/cuartaplana\/"}]}},"_links":{"self":[{"href":"https:\/\/www.bbmnoticias.com\/labravaradiofm\/wp-json\/wp\/v2\/posts\/26599","targetHints":{"allow":["GET"]}}],"collection":[{"href":"https:\/\/www.bbmnoticias.com\/labravaradiofm\/wp-json\/wp\/v2\/posts"}],"about":[{"href":"https:\/\/www.bbmnoticias.com\/labravaradiofm\/wp-json\/wp\/v2\/types\/post"}],"author":[{"embeddable":true,"href":"https:\/\/www.bbmnoticias.com\/labravaradiofm\/wp-json\/wp\/v2\/users\/7"}],"replies":[{"embeddable":true,"href":"https:\/\/www.bbmnoticias.com\/labravaradiofm\/wp-json\/wp\/v2\/comments?post=26599"}],"version-history":[{"count":0,"href":"https:\/\/www.bbmnoticias.com\/labravaradiofm\/wp-json\/wp\/v2\/posts\/26599\/revisions"}],"wp:featuredmedia":[{"embeddable":true,"href":"https:\/\/www.bbmnoticias.com\/labravaradiofm\/wp-json\/wp\/v2\/media\/26600"}],"wp:attachment":[{"href":"https:\/\/www.bbmnoticias.com\/labravaradiofm\/wp-json\/wp\/v2\/media?parent=26599"}],"wp:term":[{"taxonomy":"category","embeddable":true,"href":"https:\/\/www.bbmnoticias.com\/labravaradiofm\/wp-json\/wp\/v2\/categories?post=26599"},{"taxonomy":"post_tag","embeddable":true,"href":"https:\/\/www.bbmnoticias.com\/labravaradiofm\/wp-json\/wp\/v2\/tags?post=26599"}],"curies":[{"name":"wp","href":"https:\/\/api.w.org\/{rel}","templated":true}]}}